{"id":24799,"date":"2022-12-15T13:05:02","date_gmt":"2022-12-15T13:05:02","guid":{"rendered":"https:\/\/7culture.ci\/?p=24799"},"modified":"2022-12-30T12:17:59","modified_gmt":"2022-12-30T12:17:59","slug":"deuil-mc-claver-lun-des-pionniers-du-rap-ivoirien-est-decede","status":"publish","type":"post","link":"https:\/\/7culture.ci\/index.php\/2022\/12\/15\/deuil-mc-claver-lun-des-pionniers-du-rap-ivoirien-est-decede\/","title":{"rendered":"Deuil\u00a0: MC Claver, l\u2019un des pionniers du rap ivoirien, est d\u00e9c\u00e9d\u00e9"},"content":{"rendered":"\n<p>Encore une page noire dans le milieu du show-biz, notamment dans le rap et la radio&nbsp;! MC Claver est d\u00e9c\u00e9d\u00e9 au petit matin de ce jeudi 15 d\u00e9cembre 2022 \u00e0 Ouagadougou au Burkina Faso \u00e0 62 ans. Apr\u00e8s s\u2019\u00eatre remis d\u2019une prostate qui le rongeait, MC Claver est \u00e0 nouveau, tomb\u00e9 malade. Et c\u2019est \u00e0 la suite de cette maladie qui a train\u00e9 qu\u2019il a rendu les armes. Il fait partie des pionniers du mouvement rap en C\u00f4te d\u2019Ivoire.<\/p>\n\n\n\n<p>Homme de radio, MC Claver \u00e9tait \u00e9galement rappeur et l\u2019un des fils conducteurs de ce mouvement au d\u00e9but des ann\u00e9es 1990. Il animait \u2018\u2019Zone Rap\u2019\u2019 sur la radio Fr\u00e9quence 2 au milieu des ann\u00e9es 1990 et conduisait \u00e9galement une \u00e9mission sur le mouvement \u00e0 RTI2. Il avait m\u00eame produit une capsule t\u00e9l\u00e9 sur le rap pour la RTB.<\/p>\n\n\n\n<p>Dans le mouvement rap, les compagnons de lutte de MC Claver \u00e9taient le groupe RAS avec Turbo (aujourd\u2019hui Bishop Guy Vincent Kodja), Power (en France) et Scorpio (d\u00e9c\u00e9d\u00e9), Tony Adams de Boss Playa qui produisait le groupe M.A.M, Jean-Marc Guirandou (d\u00e9c\u00e9d\u00e9), Ikxx Fontaine, Marc Lenoir&#8230;<\/p>\n\n\n\n<figure class=\"wp-block-gallery has-nested-images columns-default is-cropped wp-block-gallery-1 is-layout-flex wp-block-gallery-is-layout-flex\">\n<figure class=\"wp-block-image size-large\"><img loading=\"lazy\" decoding=\"async\" width=\"683\" height=\"1024\" data-id=\"24804\" src=\"https:\/\/7culture.ci\/wp-content\/uploads\/2022\/12\/WhatsApp-Image-2022-12-15-at-11.49.09-683x1024.jpeg\" alt=\"\" class=\"wp-image-24804\" srcset=\"https:\/\/7culture.ci\/wp-content\/uploads\/2022\/12\/WhatsApp-Image-2022-12-15-at-11.49.09-683x1024.jpeg 683w, https:\/\/7culture.ci\/wp-content\/uploads\/2022\/12\/WhatsApp-Image-2022-12-15-at-11.49.09-200x300.jpeg 200w, https:\/\/7culture.ci\/wp-content\/uploads\/2022\/12\/WhatsApp-Image-2022-12-15-at-11.49.09-768x1152.jpeg 768w, https:\/\/7culture.ci\/wp-content\/uploads\/2022\/12\/WhatsApp-Image-2022-12-15-at-11.49.09-1024x1536.jpeg 1024w, https:\/\/7culture.ci\/wp-content\/uploads\/2022\/12\/WhatsApp-Image-2022-12-15-at-11.49.09.jpeg 1080w\" sizes=\"(max-width: 683px) 100vw, 683px\" \/><\/figure>\n\n\n\n<figure class=\"wp-block-image size-large\"><img loading=\"lazy\" decoding=\"async\" width=\"683\" height=\"1024\" data-id=\"24803\" src=\"https:\/\/7culture.ci\/wp-content\/uploads\/2022\/12\/WhatsApp-Image-2022-12-15-at-11.49.11-683x1024.jpeg\" alt=\"\" class=\"wp-image-24803\" srcset=\"https:\/\/7culture.ci\/wp-content\/uploads\/2022\/12\/WhatsApp-Image-2022-12-15-at-11.49.11-683x1024.jpeg 683w, https:\/\/7culture.ci\/wp-content\/uploads\/2022\/12\/WhatsApp-Image-2022-12-15-at-11.49.11-200x300.jpeg 200w, https:\/\/7culture.ci\/wp-content\/uploads\/2022\/12\/WhatsApp-Image-2022-12-15-at-11.49.11-768x1152.jpeg 768w, https:\/\/7culture.ci\/wp-content\/uploads\/2022\/12\/WhatsApp-Image-2022-12-15-at-11.49.11-1024x1536.jpeg 1024w, https:\/\/7culture.ci\/wp-content\/uploads\/2022\/12\/WhatsApp-Image-2022-12-15-at-11.49.11.jpeg 1080w\" sizes=\"(max-width: 683px) 100vw, 683px\" \/><\/figure>\n\n\n\n<figure class=\"wp-block-image size-large\"><img loading=\"lazy\" decoding=\"async\" width=\"1024\" height=\"683\" data-id=\"24802\" src=\"https:\/\/7culture.ci\/wp-content\/uploads\/2022\/12\/WhatsApp-Image-2022-12-15-at-11.49.12-1024x683.jpeg\" alt=\"\" class=\"wp-image-24802\" srcset=\"https:\/\/7culture.ci\/wp-content\/uploads\/2022\/12\/WhatsApp-Image-2022-12-15-at-11.49.12-1024x683.jpeg 1024w, https:\/\/7culture.ci\/wp-content\/uploads\/2022\/12\/WhatsApp-Image-2022-12-15-at-11.49.12-300x200.jpeg 300w, https:\/\/7culture.ci\/wp-content\/uploads\/2022\/12\/WhatsApp-Image-2022-12-15-at-11.49.12-768x512.jpeg 768w, https:\/\/7culture.ci\/wp-content\/uploads\/2022\/12\/WhatsApp-Image-2022-12-15-at-11.49.12.jpeg 1080w\" sizes=\"(max-width: 1024px) 100vw, 1024px\" \/><\/figure>\n<\/figure>\n\n\n\n<p>Fils de Maurice Yam\u00e9ogo, premier pr\u00e9sident du Burkina Faso, Claver Yam\u00e9ogo a v\u00e9cu son enfance et sa jeunesse \u00e0 Abidjan o\u00f9 son papa r\u00e9sidait apr\u00e8s avoir quitt\u00e9 le pouvoir en 1966. Apr\u00e8s la promotion du rap dont il avait fait son cheval de bataille, MC Claver \u00e9tait devenu chr\u00e9tien \u00e9vang\u00e9lique. Il a collabor\u00e9 avec le Bishop Guy Vincent Kodjo quand ce dernier d\u00e9marrait son minist\u00e8re. Au d\u00e9but des ann\u00e9es 2010, MC Claver est retourn\u00e9 s\u2019installer \u00e0 Ouagadougou au Burkina Faso. Devenu Bishop Claver Yam\u00e9ogo, il a fond\u00e9 le Minist\u00e8re \u00e9vang\u00e9lique de puissance (MEP\/MCC). Apr\u00e8s la chute de Blaise Compaor\u00e9 en 2014, MC Claver a commenc\u00e9 \u00e0 s\u2019int\u00e9resser \u00e0 la politique au moment de la transition et surtout pendant l\u2019\u00e9v\u00e8nement du pr\u00e9sident Roch Marc Christian Kabor\u00e9. Claver Yam\u00e9ogo \u00e9tait le pr\u00e9sident du parti Mouvement pour le Rassemblement Patriotique (MRP).<\/p>\n\n\n\n<figure class=\"wp-block-image size-large is-resized\"><img loading=\"lazy\" decoding=\"async\" src=\"http:\/\/7culture.ci\/wp-content\/uploads\/2022\/12\/WhatsApp-Image-2022-12-15-at-11.49.13-1024x768.jpeg\" alt=\"\" class=\"wp-image-24806\" width=\"451\" height=\"338\" srcset=\"https:\/\/7culture.ci\/wp-content\/uploads\/2022\/12\/WhatsApp-Image-2022-12-15-at-11.49.13-1024x768.jpeg 1024w, https:\/\/7culture.ci\/wp-content\/uploads\/2022\/12\/WhatsApp-Image-2022-12-15-at-11.49.13-300x225.jpeg 300w, https:\/\/7culture.ci\/wp-content\/uploads\/2022\/12\/WhatsApp-Image-2022-12-15-at-11.49.13-768x576.jpeg 768w, https:\/\/7culture.ci\/wp-content\/uploads\/2022\/12\/WhatsApp-Image-2022-12-15-at-11.49.13.jpeg 1080w\" sizes=\"(max-width: 451px) 100vw, 451px\" \/><\/figure>\n\n\n\n<p>Avec son d\u00e9c\u00e8s, c\u2019est tout une page du rap africain qui se tourne&nbsp;! Adieu MC Claver&nbsp;!<\/p>\n\n\n\n<p>Par Omar AK<\/p>\n","protected":false},"excerpt":{"rendered":"<p>Encore une page noire dans le milieu du show-biz, notamment dans le rap et la radio&nbsp;! MC Claver est d\u00e9c\u00e9d\u00e9 au petit matin de ce jeudi 15 d\u00e9cembre 2022 \u00e0 Ouagadougou au Burkina Faso \u00e0 62 ans. Apr\u00e8s s\u2019\u00eatre remis d\u2019une prostate qui le rongeait, MC Claver est \u00e0 nouveau, tomb\u00e9 malade. Et c\u2019est \u00e0 &hellip;<\/p>\n<p class=\"read-more\"> <a class=\"\" href=\"https:\/\/7culture.ci\/index.php\/2022\/12\/15\/deuil-mc-claver-lun-des-pionniers-du-rap-ivoirien-est-decede\/\"> <span class=\"screen-reader-text\">Deuil\u00a0: MC Claver, l\u2019un des pionniers du rap ivoirien, est d\u00e9c\u00e9d\u00e9<\/span> Lire la suite\u00a0\u00bb<\/a><\/p>\n","protected":false},"author":1,"featured_media":24801,"comment_status":"open","ping_status":"open","sticky":false,"template":"","format":"standard","meta":{"_mi_skip_tracking":false,"_monsterinsights_sitenote_active":false,"_monsterinsights_sitenote_note":"","_monsterinsights_sitenote_category":0,"site-sidebar-layout":"default","site-content-layout":"default","ast-global-header-display":"","ast-main-header-display":"","ast-hfb-above-header-display":"","ast-hfb-below-header-display":"","ast-hfb-mobile-header-display":"","site-post-title":"","ast-breadcrumbs-content":"","ast-featured-img":"","footer-sml-layout":"","theme-transparent-header-meta":"","adv-header-id-meta":"","stick-header-meta":"","header-above-stick-meta":"","header-main-stick-meta":"","header-below-stick-meta":"","footnotes":"","jetpack_publicize_message":"","jetpack_is_tweetstorm":false,"jetpack_publicize_feature_enabled":true},"categories":[22],"tags":[],"jetpack_publicize_connections":[],"acf":[],"aioseo_notices":[],"yoast_head":"<!-- This site is optimized with the Yoast SEO plugin v19.6.1 - https:\/\/yoast.com\/wordpress\/plugins\/seo\/ -->\n<title>Deuil\u00a0: MC Claver, l\u2019un des pionniers du rap ivoirien, est d\u00e9c\u00e9d\u00e9 -<\/title>\n<meta name=\"robots\" content=\"index, follow, max-snippet:-1, max-image-preview:large, max-video-preview:-1\" \/>\n<link rel=\"canonical\" href=\"https:\/\/7culture.ci\/index.php\/2022\/12\/15\/deuil-mc-claver-lun-des-pionniers-du-rap-ivoirien-est-decede\/\" \/>\n<meta property=\"og:locale\" content=\"fr_FR\" \/>\n<meta property=\"og:type\" content=\"article\" \/>\n<meta property=\"og:title\" content=\"Deuil\u00a0: MC Claver, l\u2019un des pionniers du rap ivoirien, est d\u00e9c\u00e9d\u00e9 -\" \/>\n<meta property=\"og:description\" content=\"Encore une page noire dans le milieu du show-biz, notamment dans le rap et la radio&nbsp;! MC Claver est d\u00e9c\u00e9d\u00e9 au petit matin de ce jeudi 15 d\u00e9cembre 2022 \u00e0 Ouagadougou au Burkina Faso \u00e0 62 ans. Apr\u00e8s s\u2019\u00eatre remis d\u2019une prostate qui le rongeait, MC Claver est \u00e0 nouveau, tomb\u00e9 malade. Et c\u2019est \u00e0 &hellip; Deuil\u00a0: MC Claver, l\u2019un des pionniers du rap ivoirien, est d\u00e9c\u00e9d\u00e9 Lire la suite\u00a0\u00bb\" \/>\n<meta property=\"og:url\" content=\"https:\/\/7culture.ci\/index.php\/2022\/12\/15\/deuil-mc-claver-lun-des-pionniers-du-rap-ivoirien-est-decede\/\" \/>\n<meta property=\"og:site_name\" content=\"7culture\" \/>\n<meta property=\"article:publisher\" content=\"https:\/\/www.facebook.com\/redchefclaude\" \/>\n<meta property=\"article:published_time\" content=\"2022-12-15T13:05:02+00:00\" \/>\n<meta property=\"article:modified_time\" content=\"2022-12-30T12:17:59+00:00\" \/>\n<meta property=\"og:image\" content=\"http:\/\/7culture.ci\/wp-content\/uploads\/2022\/12\/WhatsApp-Image-2022-12-15-at-11.49.10.jpeg\" \/>\n\t<meta property=\"og:image:width\" content=\"1080\" \/>\n\t<meta property=\"og:image:height\" content=\"720\" \/>\n\t<meta property=\"og:image:type\" content=\"image\/jpeg\" \/>\n<meta name=\"author\" content=\"7culture2020\" \/>\n<meta name=\"twitter:card\" content=\"summary_large_image\" \/>\n<meta name=\"twitter:creator\" content=\"@7culturec\" \/>\n<meta name=\"twitter:site\" content=\"@7culturec\" \/>\n<meta name=\"twitter:label1\" content=\"\u00c9crit par\" \/>\n\t<meta name=\"twitter:data1\" content=\"7culture2020\" \/>\n\t<meta name=\"twitter:label2\" content=\"Dur\u00e9e de lecture estim\u00e9e\" \/>\n\t<meta name=\"twitter:data2\" content=\"2 minutes\" \/>\n<script type=\"application\/ld+json\" class=\"yoast-schema-graph\">{\"@context\":\"https:\/\/schema.org\",\"@graph\":[{\"@type\":\"Article\",\"@id\":\"https:\/\/7culture.ci\/index.php\/2022\/12\/15\/deuil-mc-claver-lun-des-pionniers-du-rap-ivoirien-est-decede\/#article\",\"isPartOf\":{\"@id\":\"https:\/\/7culture.ci\/index.php\/2022\/12\/15\/deuil-mc-claver-lun-des-pionniers-du-rap-ivoirien-est-decede\/\"},\"author\":{\"name\":\"7culture2020\",\"@id\":\"https:\/\/7culture.ci\/#\/schema\/person\/16150d28d7ef66ba788c1f87f28c4426\"},\"headline\":\"Deuil\u00a0: MC Claver, l\u2019un des pionniers du rap ivoirien, est d\u00e9c\u00e9d\u00e9\",\"datePublished\":\"2022-12-15T13:05:02+00:00\",\"dateModified\":\"2022-12-30T12:17:59+00:00\",\"mainEntityOfPage\":{\"@id\":\"https:\/\/7culture.ci\/index.php\/2022\/12\/15\/deuil-mc-claver-lun-des-pionniers-du-rap-ivoirien-est-decede\/\"},\"wordCount\":391,\"commentCount\":0,\"publisher\":{\"@id\":\"https:\/\/7culture.ci\/#organization\"},\"articleSection\":[\"Actualit\u00e9\"],\"inLanguage\":\"fr-FR\",\"potentialAction\":[{\"@type\":\"CommentAction\",\"name\":\"Comment\",\"target\":[\"https:\/\/7culture.ci\/index.php\/2022\/12\/15\/deuil-mc-claver-lun-des-pionniers-du-rap-ivoirien-est-decede\/#respond\"]}]},{\"@type\":\"WebPage\",\"@id\":\"https:\/\/7culture.ci\/index.php\/2022\/12\/15\/deuil-mc-claver-lun-des-pionniers-du-rap-ivoirien-est-decede\/\",\"url\":\"https:\/\/7culture.ci\/index.php\/2022\/12\/15\/deuil-mc-claver-lun-des-pionniers-du-rap-ivoirien-est-decede\/\",\"name\":\"Deuil\u00a0: MC Claver, l\u2019un des pionniers du rap ivoirien, est d\u00e9c\u00e9d\u00e9 -\",\"isPartOf\":{\"@id\":\"https:\/\/7culture.ci\/#website\"},\"datePublished\":\"2022-12-15T13:05:02+00:00\",\"dateModified\":\"2022-12-30T12:17:59+00:00\",\"breadcrumb\":{\"@id\":\"https:\/\/7culture.ci\/index.php\/2022\/12\/15\/deuil-mc-claver-lun-des-pionniers-du-rap-ivoirien-est-decede\/#breadcrumb\"},\"inLanguage\":\"fr-FR\",\"potentialAction\":[{\"@type\":\"ReadAction\",\"target\":[\"https:\/\/7culture.ci\/index.php\/2022\/12\/15\/deuil-mc-claver-lun-des-pionniers-du-rap-ivoirien-est-decede\/\"]}]},{\"@type\":\"BreadcrumbList\",\"@id\":\"https:\/\/7culture.ci\/index.php\/2022\/12\/15\/deuil-mc-claver-lun-des-pionniers-du-rap-ivoirien-est-decede\/#breadcrumb\",\"itemListElement\":[{\"@type\":\"ListItem\",\"position\":1,\"name\":\"Accueil\",\"item\":\"https:\/\/7culture.ci\/\"},{\"@type\":\"ListItem\",\"position\":2,\"name\":\"Deuil\u00a0: MC Claver, l\u2019un des pionniers du rap ivoirien, est d\u00e9c\u00e9d\u00e9\"}]},{\"@type\":\"WebSite\",\"@id\":\"https:\/\/7culture.ci\/#website\",\"url\":\"https:\/\/7culture.ci\/\",\"name\":\"7culture\",\"description\":\"Tout sur l&#039;actualit\u00e9\",\"publisher\":{\"@id\":\"https:\/\/7culture.ci\/#organization\"},\"potentialAction\":[{\"@type\":\"SearchAction\",\"target\":{\"@type\":\"EntryPoint\",\"urlTemplate\":\"https:\/\/7culture.ci\/?s={search_term_string}\"},\"query-input\":\"required name=search_term_string\"}],\"inLanguage\":\"fr-FR\"},{\"@type\":\"Organization\",\"@id\":\"https:\/\/7culture.ci\/#organization\",\"name\":\"7culture\",\"url\":\"https:\/\/7culture.ci\/\",\"sameAs\":[\"https:\/\/www.facebook.com\/redchefclaude\",\"https:\/\/twitter.com\/7culturec\"],\"logo\":{\"@type\":\"ImageObject\",\"inLanguage\":\"fr-FR\",\"@id\":\"https:\/\/7culture.ci\/#\/schema\/logo\/image\/\",\"url\":\"https:\/\/7culture.ci\/wp-content\/uploads\/2021\/12\/S1a-1.png\",\"contentUrl\":\"https:\/\/7culture.ci\/wp-content\/uploads\/2021\/12\/S1a-1.png\",\"width\":588,\"height\":192,\"caption\":\"7culture\"},\"image\":{\"@id\":\"https:\/\/7culture.ci\/#\/schema\/logo\/image\/\"}},{\"@type\":\"Person\",\"@id\":\"https:\/\/7culture.ci\/#\/schema\/person\/16150d28d7ef66ba788c1f87f28c4426\",\"name\":\"7culture2020\",\"image\":{\"@type\":\"ImageObject\",\"inLanguage\":\"fr-FR\",\"@id\":\"https:\/\/7culture.ci\/#\/schema\/person\/image\/\",\"url\":\"https:\/\/secure.gravatar.com\/avatar\/9a0784f951306c37bcd065f52844ef95?s=96&d=mm&r=g\",\"contentUrl\":\"https:\/\/secure.gravatar.com\/avatar\/9a0784f951306c37bcd065f52844ef95?s=96&d=mm&r=g\",\"caption\":\"7culture2020\"},\"sameAs\":[\"http:\/\/7culture.ci\",\"Claude.kipre\"],\"url\":\"https:\/\/7culture.ci\/index.php\/author\/7culture2020\/\"}]}<\/script>\n<!-- \/ Yoast SEO plugin. -->","yoast_head_json":{"title":"Deuil\u00a0: MC Claver, l\u2019un des pionniers du rap ivoirien, est d\u00e9c\u00e9d\u00e9 -","robots":{"index":"index","follow":"follow","max-snippet":"max-snippet:-1","max-image-preview":"max-image-preview:large","max-video-preview":"max-video-preview:-1"},"canonical":"https:\/\/7culture.ci\/index.php\/2022\/12\/15\/deuil-mc-claver-lun-des-pionniers-du-rap-ivoirien-est-decede\/","og_locale":"fr_FR","og_type":"article","og_title":"Deuil\u00a0: MC Claver, l\u2019un des pionniers du rap ivoirien, est d\u00e9c\u00e9d\u00e9 -","og_description":"Encore une page noire dans le milieu du show-biz, notamment dans le rap et la radio&nbsp;! MC Claver est d\u00e9c\u00e9d\u00e9 au petit matin de ce jeudi 15 d\u00e9cembre 2022 \u00e0 Ouagadougou au Burkina Faso \u00e0 62 ans. Apr\u00e8s s\u2019\u00eatre remis d\u2019une prostate qui le rongeait, MC Claver est \u00e0 nouveau, tomb\u00e9 malade. Et c\u2019est \u00e0 &hellip; Deuil\u00a0: MC Claver, l\u2019un des pionniers du rap ivoirien, est d\u00e9c\u00e9d\u00e9 Lire la suite\u00a0\u00bb","og_url":"https:\/\/7culture.ci\/index.php\/2022\/12\/15\/deuil-mc-claver-lun-des-pionniers-du-rap-ivoirien-est-decede\/","og_site_name":"7culture","article_publisher":"https:\/\/www.facebook.com\/redchefclaude","article_published_time":"2022-12-15T13:05:02+00:00","article_modified_time":"2022-12-30T12:17:59+00:00","og_image":[{"width":1080,"height":720,"url":"http:\/\/7culture.ci\/wp-content\/uploads\/2022\/12\/WhatsApp-Image-2022-12-15-at-11.49.10.jpeg","type":"image\/jpeg"}],"author":"7culture2020","twitter_card":"summary_large_image","twitter_creator":"@7culturec","twitter_site":"@7culturec","twitter_misc":{"\u00c9crit par":"7culture2020","Dur\u00e9e de lecture estim\u00e9e":"2 minutes"},"schema":{"@context":"https:\/\/schema.org","@graph":[{"@type":"Article","@id":"https:\/\/7culture.ci\/index.php\/2022\/12\/15\/deuil-mc-claver-lun-des-pionniers-du-rap-ivoirien-est-decede\/#article","isPartOf":{"@id":"https:\/\/7culture.ci\/index.php\/2022\/12\/15\/deuil-mc-claver-lun-des-pionniers-du-rap-ivoirien-est-decede\/"},"author":{"name":"7culture2020","@id":"https:\/\/7culture.ci\/#\/schema\/person\/16150d28d7ef66ba788c1f87f28c4426"},"headline":"Deuil\u00a0: MC Claver, l\u2019un des pionniers du rap ivoirien, est d\u00e9c\u00e9d\u00e9","datePublished":"2022-12-15T13:05:02+00:00","dateModified":"2022-12-30T12:17:59+00:00","mainEntityOfPage":{"@id":"https:\/\/7culture.ci\/index.php\/2022\/12\/15\/deuil-mc-claver-lun-des-pionniers-du-rap-ivoirien-est-decede\/"},"wordCount":391,"commentCount":0,"publisher":{"@id":"https:\/\/7culture.ci\/#organization"},"articleSection":["Actualit\u00e9"],"inLanguage":"fr-FR","potentialAction":[{"@type":"CommentAction","name":"Comment","target":["https:\/\/7culture.ci\/index.php\/2022\/12\/15\/deuil-mc-claver-lun-des-pionniers-du-rap-ivoirien-est-decede\/#respond"]}]},{"@type":"WebPage","@id":"https:\/\/7culture.ci\/index.php\/2022\/12\/15\/deuil-mc-claver-lun-des-pionniers-du-rap-ivoirien-est-decede\/","url":"https:\/\/7culture.ci\/index.php\/2022\/12\/15\/deuil-mc-claver-lun-des-pionniers-du-rap-ivoirien-est-decede\/","name":"Deuil\u00a0: MC Claver, l\u2019un des pionniers du rap ivoirien, est d\u00e9c\u00e9d\u00e9 -","isPartOf":{"@id":"https:\/\/7culture.ci\/#website"},"datePublished":"2022-12-15T13:05:02+00:00","dateModified":"2022-12-30T12:17:59+00:00","breadcrumb":{"@id":"https:\/\/7culture.ci\/index.php\/2022\/12\/15\/deuil-mc-claver-lun-des-pionniers-du-rap-ivoirien-est-decede\/#breadcrumb"},"inLanguage":"fr-FR","potentialAction":[{"@type":"ReadAction","target":["https:\/\/7culture.ci\/index.php\/2022\/12\/15\/deuil-mc-claver-lun-des-pionniers-du-rap-ivoirien-est-decede\/"]}]},{"@type":"BreadcrumbList","@id":"https:\/\/7culture.ci\/index.php\/2022\/12\/15\/deuil-mc-claver-lun-des-pionniers-du-rap-ivoirien-est-decede\/#breadcrumb","itemListElement":[{"@type":"ListItem","position":1,"name":"Accueil","item":"https:\/\/7culture.ci\/"},{"@type":"ListItem","position":2,"name":"Deuil\u00a0: MC Claver, l\u2019un des pionniers du rap ivoirien, est d\u00e9c\u00e9d\u00e9"}]},{"@type":"WebSite","@id":"https:\/\/7culture.ci\/#website","url":"https:\/\/7culture.ci\/","name":"7culture","description":"Tout sur l&#039;actualit\u00e9","publisher":{"@id":"https:\/\/7culture.ci\/#organization"},"potentialAction":[{"@type":"SearchAction","target":{"@type":"EntryPoint","urlTemplate":"https:\/\/7culture.ci\/?s={search_term_string}"},"query-input":"required name=search_term_string"}],"inLanguage":"fr-FR"},{"@type":"Organization","@id":"https:\/\/7culture.ci\/#organization","name":"7culture","url":"https:\/\/7culture.ci\/","sameAs":["https:\/\/www.facebook.com\/redchefclaude","https:\/\/twitter.com\/7culturec"],"logo":{"@type":"ImageObject","inLanguage":"fr-FR","@id":"https:\/\/7culture.ci\/#\/schema\/logo\/image\/","url":"https:\/\/7culture.ci\/wp-content\/uploads\/2021\/12\/S1a-1.png","contentUrl":"https:\/\/7culture.ci\/wp-content\/uploads\/2021\/12\/S1a-1.png","width":588,"height":192,"caption":"7culture"},"image":{"@id":"https:\/\/7culture.ci\/#\/schema\/logo\/image\/"}},{"@type":"Person","@id":"https:\/\/7culture.ci\/#\/schema\/person\/16150d28d7ef66ba788c1f87f28c4426","name":"7culture2020","image":{"@type":"ImageObject","inLanguage":"fr-FR","@id":"https:\/\/7culture.ci\/#\/schema\/person\/image\/","url":"https:\/\/secure.gravatar.com\/avatar\/9a0784f951306c37bcd065f52844ef95?s=96&d=mm&r=g","contentUrl":"https:\/\/secure.gravatar.com\/avatar\/9a0784f951306c37bcd065f52844ef95?s=96&d=mm&r=g","caption":"7culture2020"},"sameAs":["http:\/\/7culture.ci","Claude.kipre"],"url":"https:\/\/7culture.ci\/index.php\/author\/7culture2020\/"}]}},"jetpack_featured_media_url":"https:\/\/7culture.ci\/wp-content\/uploads\/2022\/12\/WhatsApp-Image-2022-12-15-at-11.49.10.jpeg","jetpack_likes_enabled":true,"jetpack_sharing_enabled":true,"_links":{"self":[{"href":"https:\/\/7culture.ci\/index.php\/wp-json\/wp\/v2\/posts\/24799"}],"collection":[{"href":"https:\/\/7culture.ci\/index.php\/wp-json\/wp\/v2\/posts"}],"about":[{"href":"https:\/\/7culture.ci\/index.php\/wp-json\/wp\/v2\/types\/post"}],"author":[{"embeddable":true,"href":"https:\/\/7culture.ci\/index.php\/wp-json\/wp\/v2\/users\/1"}],"replies":[{"embeddable":true,"href":"https:\/\/7culture.ci\/index.php\/wp-json\/wp\/v2\/comments?post=24799"}],"version-history":[{"count":0,"href":"https:\/\/7culture.ci\/index.php\/wp-json\/wp\/v2\/posts\/24799\/revisions"}],"wp:featuredmedia":[{"embeddable":true,"href":"https:\/\/7culture.ci\/index.php\/wp-json\/wp\/v2\/media\/24801"}],"wp:attachment":[{"href":"https:\/\/7culture.ci\/index.php\/wp-json\/wp\/v2\/media?parent=24799"}],"wp:term":[{"taxonomy":"category","embeddable":true,"href":"https:\/\/7culture.ci\/index.php\/wp-json\/wp\/v2\/categories?post=24799"},{"taxonomy":"post_tag","embeddable":true,"href":"https:\/\/7culture.ci\/index.php\/wp-json\/wp\/v2\/tags?post=24799"}],"curies":[{"name":"wp","href":"https:\/\/api.w.org\/{rel}","templated":true}]}}