{"id":24745,"date":"2022-12-09T10:30:31","date_gmt":"2022-12-09T10:30:31","guid":{"rendered":"https:\/\/7culture.ci\/?p=24745"},"modified":"2022-12-09T19:58:15","modified_gmt":"2022-12-09T19:58:15","slug":"promotion-des-arts-et-la-culture-lujocci-et-le-burida-veulent-unir-leurs-forces","status":"publish","type":"post","link":"https:\/\/7culture.ci\/index.php\/2022\/12\/09\/promotion-des-arts-et-la-culture-lujocci-et-le-burida-veulent-unir-leurs-forces\/","title":{"rendered":"Promotion des Arts et la Culture\u00a0: l\u2019UJOCCI et le BURIDA veulent unir leurs forces"},"content":{"rendered":"\n<p><strong><em>Philip Kla, Le pr\u00e9sident de l\u2019Union des journalistes culturels de C\u00f4te d\u2019Ivoire (UJOCCI), a \u00e9t\u00e9 re\u00e7u en audience par le directeur g\u00e9n\u00e9ral du Bureau ivoirien du droit d\u2019auteur (BURIDA), Ouattara Karim, le mardi 29 novembre 2022 \u00e0 Cocody 7<sup>\u00e8me<\/sup> Tranche dans les locaux de la Brigade de lutte contre la piraterie. Au menu des \u00e9changes, la signature d\u2019une convention de partenariat entre les deux structures.<\/em><\/strong><\/p>\n\n\n\n<p>Une d\u00e9l\u00e9gation de l\u2019Union des journalistes culturels de C\u00f4te d\u2019Ivoire (UJOCCI) compos\u00e9e de son pr\u00e9sident, Philip Kla, et d\u2019un membre de son bureau, Rodrigue Konan, a \u00e9t\u00e9 re\u00e7ue en audience par le directeur g\u00e9n\u00e9ral du Bureau ivoirien du droit d\u2019auteur (BURIDA). Sollicit\u00e9e par la faiti\u00e8re des journalistes culturels, cette audience visait \u00e0 rapprocher les deux institutions sur leurs missions de promotion et de valorisation de la culture ivoirienne \u00e0 travers un cadre formel de collaboration.<\/p>\n\n\n\n<p>D\u2019entr\u00e9e, le pr\u00e9sident de l\u2019UJOCCI a salu\u00e9 la nouvelle dynamique de restructuration et de professionnalisation du BURIDA amorc\u00e9e par son directeur g\u00e9n\u00e9ral depuis sa nomination. \u00ab&nbsp;<strong><em>Nous tenons \u00e0 remercier M. Karim Ouattara <\/em><\/strong><strong><em>pour sa sollicitude et son soutien aux initiatives de l\u2019UJOCCI. Nous voudrions lui signifier que les journalistes culturels suivent de tr\u00e8s pr\u00e8s tous les grands chantiers qu\u2019il a amorc\u00e9s depuis sa nomination pour le bien-\u00eatre des artistes de C\u00f4te d\u2019Ivoire<\/em><\/strong>&nbsp;\u00bb, a t\u00e9moign\u00e9 le pr\u00e9sident de l\u2019UJOCCI au DG du BURIDA. Philip a aussi d\u00e9voil\u00e9 son intention d\u2019inscrire leurs diff\u00e9rentes actions dans un cadre formel de collaboration \u00e0 travers une signature de partenariat. La d\u00e9l\u00e9gation des journalistes culturels a \u00e9galement plaid\u00e9 aupr\u00e8s de son interlocuteur pour la formation d\u2019un pool de ses membres sur les questions de droit d\u2019auteur et de r\u00e9mun\u00e9ration pour copie priv\u00e9e, l\u2019allocation d\u2019une subvention \u00e0 l\u2019UJOCCI pour l\u2019encourager dans sa mission de promotion et de valorisation de la culture ivoirienne. Enfin, le pr\u00e9sident Philip Kla a sollicit\u00e9 le soutien technique et financier du BURIDA pour l\u2019organisation des premiers Awards de la culture ivoirienne d\u00e9nomm\u00e9s \u2018\u2019N\u2019Zrama d\u2019Ivoire\u2019\u2019, lesquels Awards vont r\u00e9compenser le Meilleur journaliste culturel (N\u2019Zrama d\u2019or), le Meilleur acteur culturel (N\u2019Zrama d\u2019argent) et la Meilleure structure sous tutelle du Minist\u00e8re de la Culture et de la Francophonie (N\u2019ZRAMA de Bronze).&nbsp;<\/p>\n\n\n\n<figure class=\"wp-block-image aligncenter size-full is-resized\"><img loading=\"lazy\" decoding=\"async\" src=\"http:\/\/7culture.ci\/wp-content\/uploads\/2022\/12\/Burida-ujocci-1.jpg\" alt=\"\" class=\"wp-image-24747\" width=\"625\" height=\"469\" srcset=\"https:\/\/7culture.ci\/wp-content\/uploads\/2022\/12\/Burida-ujocci-1.jpg 1024w, https:\/\/7culture.ci\/wp-content\/uploads\/2022\/12\/Burida-ujocci-1-300x225.jpg 300w, https:\/\/7culture.ci\/wp-content\/uploads\/2022\/12\/Burida-ujocci-1-768x576.jpg 768w\" sizes=\"(max-width: 625px) 100vw, 625px\" \/><\/figure>\n\n\n\n<p>En retour, Karim Ouattara a salu\u00e9 la d\u00e9marche du bureau ex\u00e9cutif de l\u2019UJOCCI et s\u2019est dispos\u00e9 \u00e0 l\u2019accompagner dans sa mission de promotion et de valorisation de la culture ivoirienne. \u00ab&nbsp;<strong><em>Les journalistes culturels sont les premiers partenaires du BURIDA. Tout ce que nous menons comme activit\u00e9, c\u2019est vous en tant que premiers partenaires, qui les mettez \u00e0 la lumi\u00e8re. Il n\u2019y a donc pas de raison que nous n\u2019ayons pas un \u0153il et une oreille attentifs \u00e0 vos pr\u00e9occupations<\/em><\/strong>&nbsp;\u00bb, a-t-il traduit avant de saluer les initiatives de l\u2019UJOCCI dont le socle repose sur la visibilit\u00e9 et la promotion de la culture ivoirienne. Aussi, a-t-il indiqu\u00e9 que l\u2019institution qu\u2019il dirige a amorc\u00e9 une nouvelle dynamique qui vise \u00e0 am\u00e9liorer qualitativement les conditions de vie des artistes ivoiriens. \u00ab&nbsp;<strong><em>Aujourd\u2019hui, c\u2019est le BURIDA avec une nouvelle mentalit\u00e9, de nouveaux locaux, de nouveaux comportements et tout cela ne peut avoir \u00e9cho si l\u2019UJOCCI n\u2019est pas \u00e0 notre c\u00f4t\u00e9. Ce, pour nous aider \u00e0 am\u00e9liorer qualitativement \u00e0 atteindre toute notre projection, notre philosophie de d\u00e9veloppement<\/em><\/strong>&nbsp;\u00bb, a-t-il signifi\u00e9.<\/p>\n\n\n\n<p>Nomm\u00e9 par d\u00e9cret le 15 janvier 2020 \u00e0 la t\u00eate du BURIDA, Ouattara Karim a amorc\u00e9 plusieurs chantiers de restructuration qui ont permis \u00e0 l\u2019institution de gestion collective d\u2019accroitre consid\u00e9rablement son assiette de perception, de signer plusieurs conventions de partenariats avec des villes et communes, de r\u00e9habiliter le si\u00e8ge du BURIDA. L\u2019objectif de l\u2019administrateur des services financiers \u00e9tant de cr\u00e9er de meilleures conditions de vie aux soci\u00e9taires du BURIDA. <\/p>\n\n\n\n<p><strong>Par O.A.K avec Sercom UJOCCI<\/strong><\/p>\n","protected":false},"excerpt":{"rendered":"<p>Philip Kla, Le pr\u00e9sident de l\u2019Union des journalistes culturels de C\u00f4te d\u2019Ivoire (UJOCCI), a \u00e9t\u00e9 re\u00e7u en audience par le directeur g\u00e9n\u00e9ral du Bureau ivoirien du droit d\u2019auteur (BURIDA), Ouattara Karim, le mardi 29 novembre 2022 \u00e0 Cocody 7\u00e8me Tranche dans les locaux de la Brigade de lutte contre la piraterie. Au menu des \u00e9changes, &hellip;<\/p>\n<p class=\"read-more\"> <a class=\"\" href=\"https:\/\/7culture.ci\/index.php\/2022\/12\/09\/promotion-des-arts-et-la-culture-lujocci-et-le-burida-veulent-unir-leurs-forces\/\"> <span class=\"screen-reader-text\">Promotion des Arts et la Culture\u00a0: l\u2019UJOCCI et le BURIDA veulent unir leurs forces<\/span> Lire la suite\u00a0\u00bb<\/a><\/p>\n","protected":false},"author":1,"featured_media":24748,"comment_status":"open","ping_status":"open","sticky":false,"template":"","format":"standard","meta":{"_mi_skip_tracking":false,"_monsterinsights_sitenote_active":false,"_monsterinsights_sitenote_note":"","_monsterinsights_sitenote_category":0,"site-sidebar-layout":"default","site-content-layout":"default","ast-global-header-display":"","ast-main-header-display":"","ast-hfb-above-header-display":"","ast-hfb-below-header-display":"","ast-hfb-mobile-header-display":"","site-post-title":"","ast-breadcrumbs-content":"","ast-featured-img":"","footer-sml-layout":"","theme-transparent-header-meta":"","adv-header-id-meta":"","stick-header-meta":"","header-above-stick-meta":"","header-main-stick-meta":"","header-below-stick-meta":"","footnotes":"","jetpack_publicize_message":"","jetpack_is_tweetstorm":false,"jetpack_publicize_feature_enabled":true},"categories":[22],"tags":[],"jetpack_publicize_connections":[],"acf":[],"aioseo_notices":[],"yoast_head":"<!-- This site is optimized with the Yoast SEO plugin v19.6.1 - https:\/\/yoast.com\/wordpress\/plugins\/seo\/ -->\n<title>Promotion des Arts et la Culture\u00a0: l\u2019UJOCCI et le BURIDA veulent unir leurs forces - 7culture<\/title>\n<meta name=\"robots\" content=\"index, follow, max-snippet:-1, max-image-preview:large, max-video-preview:-1\" \/>\n<link rel=\"canonical\" href=\"https:\/\/7culture.ci\/index.php\/2022\/12\/09\/promotion-des-arts-et-la-culture-lujocci-et-le-burida-veulent-unir-leurs-forces\/\" \/>\n<meta property=\"og:locale\" content=\"fr_FR\" \/>\n<meta property=\"og:type\" content=\"article\" \/>\n<meta property=\"og:title\" content=\"Promotion des Arts et la Culture\u00a0: l\u2019UJOCCI et le BURIDA veulent unir leurs forces - 7culture\" \/>\n<meta property=\"og:description\" content=\"Philip Kla, Le pr\u00e9sident de l\u2019Union des journalistes culturels de C\u00f4te d\u2019Ivoire (UJOCCI), a \u00e9t\u00e9 re\u00e7u en audience par le directeur g\u00e9n\u00e9ral du Bureau ivoirien du droit d\u2019auteur (BURIDA), Ouattara Karim, le mardi 29 novembre 2022 \u00e0 Cocody 7\u00e8me Tranche dans les locaux de la Brigade de lutte contre la piraterie. Au menu des \u00e9changes, &hellip; Promotion des Arts et la Culture\u00a0: l\u2019UJOCCI et le BURIDA veulent unir leurs forces Lire la suite\u00a0\u00bb\" \/>\n<meta property=\"og:url\" content=\"https:\/\/7culture.ci\/index.php\/2022\/12\/09\/promotion-des-arts-et-la-culture-lujocci-et-le-burida-veulent-unir-leurs-forces\/\" \/>\n<meta property=\"og:site_name\" content=\"7culture\" \/>\n<meta property=\"article:publisher\" content=\"https:\/\/www.facebook.com\/redchefclaude\" \/>\n<meta property=\"article:published_time\" content=\"2022-12-09T10:30:31+00:00\" \/>\n<meta property=\"article:modified_time\" content=\"2022-12-09T19:58:15+00:00\" \/>\n<meta property=\"og:image\" content=\"http:\/\/7culture.ci\/wp-content\/uploads\/2022\/12\/Burida-ujocci.jpg\" \/>\n\t<meta property=\"og:image:width\" content=\"1024\" \/>\n\t<meta property=\"og:image:height\" content=\"768\" \/>\n\t<meta property=\"og:image:type\" content=\"image\/jpeg\" \/>\n<meta name=\"author\" content=\"7culture2020\" \/>\n<meta name=\"twitter:card\" content=\"summary_large_image\" \/>\n<meta name=\"twitter:creator\" content=\"@7culturec\" \/>\n<meta name=\"twitter:site\" content=\"@7culturec\" \/>\n<meta name=\"twitter:label1\" content=\"\u00c9crit par\" \/>\n\t<meta name=\"twitter:data1\" content=\"7culture2020\" \/>\n\t<meta name=\"twitter:label2\" content=\"Dur\u00e9e de lecture estim\u00e9e\" \/>\n\t<meta name=\"twitter:data2\" content=\"3 minutes\" \/>\n<script type=\"application\/ld+json\" class=\"yoast-schema-graph\">{\"@context\":\"https:\/\/schema.org\",\"@graph\":[{\"@type\":\"Article\",\"@id\":\"https:\/\/7culture.ci\/index.php\/2022\/12\/09\/promotion-des-arts-et-la-culture-lujocci-et-le-burida-veulent-unir-leurs-forces\/#article\",\"isPartOf\":{\"@id\":\"https:\/\/7culture.ci\/index.php\/2022\/12\/09\/promotion-des-arts-et-la-culture-lujocci-et-le-burida-veulent-unir-leurs-forces\/\"},\"author\":{\"name\":\"7culture2020\",\"@id\":\"https:\/\/7culture.ci\/#\/schema\/person\/16150d28d7ef66ba788c1f87f28c4426\"},\"headline\":\"Promotion des Arts et la Culture\u00a0: l\u2019UJOCCI et le BURIDA veulent unir leurs forces\",\"datePublished\":\"2022-12-09T10:30:31+00:00\",\"dateModified\":\"2022-12-09T19:58:15+00:00\",\"mainEntityOfPage\":{\"@id\":\"https:\/\/7culture.ci\/index.php\/2022\/12\/09\/promotion-des-arts-et-la-culture-lujocci-et-le-burida-veulent-unir-leurs-forces\/\"},\"wordCount\":707,\"commentCount\":0,\"publisher\":{\"@id\":\"https:\/\/7culture.ci\/#organization\"},\"articleSection\":[\"Actualit\u00e9\"],\"inLanguage\":\"fr-FR\",\"potentialAction\":[{\"@type\":\"CommentAction\",\"name\":\"Comment\",\"target\":[\"https:\/\/7culture.ci\/index.php\/2022\/12\/09\/promotion-des-arts-et-la-culture-lujocci-et-le-burida-veulent-unir-leurs-forces\/#respond\"]}]},{\"@type\":\"WebPage\",\"@id\":\"https:\/\/7culture.ci\/index.php\/2022\/12\/09\/promotion-des-arts-et-la-culture-lujocci-et-le-burida-veulent-unir-leurs-forces\/\",\"url\":\"https:\/\/7culture.ci\/index.php\/2022\/12\/09\/promotion-des-arts-et-la-culture-lujocci-et-le-burida-veulent-unir-leurs-forces\/\",\"name\":\"Promotion des Arts et la Culture\u00a0: l\u2019UJOCCI et le BURIDA veulent unir leurs forces - 7culture\",\"isPartOf\":{\"@id\":\"https:\/\/7culture.ci\/#website\"},\"datePublished\":\"2022-12-09T10:30:31+00:00\",\"dateModified\":\"2022-12-09T19:58:15+00:00\",\"breadcrumb\":{\"@id\":\"https:\/\/7culture.ci\/index.php\/2022\/12\/09\/promotion-des-arts-et-la-culture-lujocci-et-le-burida-veulent-unir-leurs-forces\/#breadcrumb\"},\"inLanguage\":\"fr-FR\",\"potentialAction\":[{\"@type\":\"ReadAction\",\"target\":[\"https:\/\/7culture.ci\/index.php\/2022\/12\/09\/promotion-des-arts-et-la-culture-lujocci-et-le-burida-veulent-unir-leurs-forces\/\"]}]},{\"@type\":\"BreadcrumbList\",\"@id\":\"https:\/\/7culture.ci\/index.php\/2022\/12\/09\/promotion-des-arts-et-la-culture-lujocci-et-le-burida-veulent-unir-leurs-forces\/#breadcrumb\",\"itemListElement\":[{\"@type\":\"ListItem\",\"position\":1,\"name\":\"Accueil\",\"item\":\"https:\/\/7culture.ci\/\"},{\"@type\":\"ListItem\",\"position\":2,\"name\":\"Promotion des Arts et la Culture\u00a0: l\u2019UJOCCI et le BURIDA veulent unir leurs forces\"}]},{\"@type\":\"WebSite\",\"@id\":\"https:\/\/7culture.ci\/#website\",\"url\":\"https:\/\/7culture.ci\/\",\"name\":\"7culture\",\"description\":\"Tout sur l&#039;actualit\u00e9\",\"publisher\":{\"@id\":\"https:\/\/7culture.ci\/#organization\"},\"potentialAction\":[{\"@type\":\"SearchAction\",\"target\":{\"@type\":\"EntryPoint\",\"urlTemplate\":\"https:\/\/7culture.ci\/?s={search_term_string}\"},\"query-input\":\"required name=search_term_string\"}],\"inLanguage\":\"fr-FR\"},{\"@type\":\"Organization\",\"@id\":\"https:\/\/7culture.ci\/#organization\",\"name\":\"7culture\",\"url\":\"https:\/\/7culture.ci\/\",\"sameAs\":[\"https:\/\/www.facebook.com\/redchefclaude\",\"https:\/\/twitter.com\/7culturec\"],\"logo\":{\"@type\":\"ImageObject\",\"inLanguage\":\"fr-FR\",\"@id\":\"https:\/\/7culture.ci\/#\/schema\/logo\/image\/\",\"url\":\"https:\/\/7culture.ci\/wp-content\/uploads\/2021\/12\/S1a-1.png\",\"contentUrl\":\"https:\/\/7culture.ci\/wp-content\/uploads\/2021\/12\/S1a-1.png\",\"width\":588,\"height\":192,\"caption\":\"7culture\"},\"image\":{\"@id\":\"https:\/\/7culture.ci\/#\/schema\/logo\/image\/\"}},{\"@type\":\"Person\",\"@id\":\"https:\/\/7culture.ci\/#\/schema\/person\/16150d28d7ef66ba788c1f87f28c4426\",\"name\":\"7culture2020\",\"image\":{\"@type\":\"ImageObject\",\"inLanguage\":\"fr-FR\",\"@id\":\"https:\/\/7culture.ci\/#\/schema\/person\/image\/\",\"url\":\"https:\/\/secure.gravatar.com\/avatar\/9a0784f951306c37bcd065f52844ef95?s=96&d=mm&r=g\",\"contentUrl\":\"https:\/\/secure.gravatar.com\/avatar\/9a0784f951306c37bcd065f52844ef95?s=96&d=mm&r=g\",\"caption\":\"7culture2020\"},\"sameAs\":[\"http:\/\/7culture.ci\",\"Claude.kipre\"],\"url\":\"https:\/\/7culture.ci\/index.php\/author\/7culture2020\/\"}]}<\/script>\n<!-- \/ Yoast SEO plugin. -->","yoast_head_json":{"title":"Promotion des Arts et la Culture\u00a0: l\u2019UJOCCI et le BURIDA veulent unir leurs forces - 7culture","robots":{"index":"index","follow":"follow","max-snippet":"max-snippet:-1","max-image-preview":"max-image-preview:large","max-video-preview":"max-video-preview:-1"},"canonical":"https:\/\/7culture.ci\/index.php\/2022\/12\/09\/promotion-des-arts-et-la-culture-lujocci-et-le-burida-veulent-unir-leurs-forces\/","og_locale":"fr_FR","og_type":"article","og_title":"Promotion des Arts et la Culture\u00a0: l\u2019UJOCCI et le BURIDA veulent unir leurs forces - 7culture","og_description":"Philip Kla, Le pr\u00e9sident de l\u2019Union des journalistes culturels de C\u00f4te d\u2019Ivoire (UJOCCI), a \u00e9t\u00e9 re\u00e7u en audience par le directeur g\u00e9n\u00e9ral du Bureau ivoirien du droit d\u2019auteur (BURIDA), Ouattara Karim, le mardi 29 novembre 2022 \u00e0 Cocody 7\u00e8me Tranche dans les locaux de la Brigade de lutte contre la piraterie. Au menu des \u00e9changes, &hellip; Promotion des Arts et la Culture\u00a0: l\u2019UJOCCI et le BURIDA veulent unir leurs forces Lire la suite\u00a0\u00bb","og_url":"https:\/\/7culture.ci\/index.php\/2022\/12\/09\/promotion-des-arts-et-la-culture-lujocci-et-le-burida-veulent-unir-leurs-forces\/","og_site_name":"7culture","article_publisher":"https:\/\/www.facebook.com\/redchefclaude","article_published_time":"2022-12-09T10:30:31+00:00","article_modified_time":"2022-12-09T19:58:15+00:00","og_image":[{"width":1024,"height":768,"url":"http:\/\/7culture.ci\/wp-content\/uploads\/2022\/12\/Burida-ujocci.jpg","type":"image\/jpeg"}],"author":"7culture2020","twitter_card":"summary_large_image","twitter_creator":"@7culturec","twitter_site":"@7culturec","twitter_misc":{"\u00c9crit par":"7culture2020","Dur\u00e9e de lecture estim\u00e9e":"3 minutes"},"schema":{"@context":"https:\/\/schema.org","@graph":[{"@type":"Article","@id":"https:\/\/7culture.ci\/index.php\/2022\/12\/09\/promotion-des-arts-et-la-culture-lujocci-et-le-burida-veulent-unir-leurs-forces\/#article","isPartOf":{"@id":"https:\/\/7culture.ci\/index.php\/2022\/12\/09\/promotion-des-arts-et-la-culture-lujocci-et-le-burida-veulent-unir-leurs-forces\/"},"author":{"name":"7culture2020","@id":"https:\/\/7culture.ci\/#\/schema\/person\/16150d28d7ef66ba788c1f87f28c4426"},"headline":"Promotion des Arts et la Culture\u00a0: l\u2019UJOCCI et le BURIDA veulent unir leurs forces","datePublished":"2022-12-09T10:30:31+00:00","dateModified":"2022-12-09T19:58:15+00:00","mainEntityOfPage":{"@id":"https:\/\/7culture.ci\/index.php\/2022\/12\/09\/promotion-des-arts-et-la-culture-lujocci-et-le-burida-veulent-unir-leurs-forces\/"},"wordCount":707,"commentCount":0,"publisher":{"@id":"https:\/\/7culture.ci\/#organization"},"articleSection":["Actualit\u00e9"],"inLanguage":"fr-FR","potentialAction":[{"@type":"CommentAction","name":"Comment","target":["https:\/\/7culture.ci\/index.php\/2022\/12\/09\/promotion-des-arts-et-la-culture-lujocci-et-le-burida-veulent-unir-leurs-forces\/#respond"]}]},{"@type":"WebPage","@id":"https:\/\/7culture.ci\/index.php\/2022\/12\/09\/promotion-des-arts-et-la-culture-lujocci-et-le-burida-veulent-unir-leurs-forces\/","url":"https:\/\/7culture.ci\/index.php\/2022\/12\/09\/promotion-des-arts-et-la-culture-lujocci-et-le-burida-veulent-unir-leurs-forces\/","name":"Promotion des Arts et la Culture\u00a0: l\u2019UJOCCI et le BURIDA veulent unir leurs forces - 7culture","isPartOf":{"@id":"https:\/\/7culture.ci\/#website"},"datePublished":"2022-12-09T10:30:31+00:00","dateModified":"2022-12-09T19:58:15+00:00","breadcrumb":{"@id":"https:\/\/7culture.ci\/index.php\/2022\/12\/09\/promotion-des-arts-et-la-culture-lujocci-et-le-burida-veulent-unir-leurs-forces\/#breadcrumb"},"inLanguage":"fr-FR","potentialAction":[{"@type":"ReadAction","target":["https:\/\/7culture.ci\/index.php\/2022\/12\/09\/promotion-des-arts-et-la-culture-lujocci-et-le-burida-veulent-unir-leurs-forces\/"]}]},{"@type":"BreadcrumbList","@id":"https:\/\/7culture.ci\/index.php\/2022\/12\/09\/promotion-des-arts-et-la-culture-lujocci-et-le-burida-veulent-unir-leurs-forces\/#breadcrumb","itemListElement":[{"@type":"ListItem","position":1,"name":"Accueil","item":"https:\/\/7culture.ci\/"},{"@type":"ListItem","position":2,"name":"Promotion des Arts et la Culture\u00a0: l\u2019UJOCCI et le BURIDA veulent unir leurs forces"}]},{"@type":"WebSite","@id":"https:\/\/7culture.ci\/#website","url":"https:\/\/7culture.ci\/","name":"7culture","description":"Tout sur l&#039;actualit\u00e9","publisher":{"@id":"https:\/\/7culture.ci\/#organization"},"potentialAction":[{"@type":"SearchAction","target":{"@type":"EntryPoint","urlTemplate":"https:\/\/7culture.ci\/?s={search_term_string}"},"query-input":"required name=search_term_string"}],"inLanguage":"fr-FR"},{"@type":"Organization","@id":"https:\/\/7culture.ci\/#organization","name":"7culture","url":"https:\/\/7culture.ci\/","sameAs":["https:\/\/www.facebook.com\/redchefclaude","https:\/\/twitter.com\/7culturec"],"logo":{"@type":"ImageObject","inLanguage":"fr-FR","@id":"https:\/\/7culture.ci\/#\/schema\/logo\/image\/","url":"https:\/\/7culture.ci\/wp-content\/uploads\/2021\/12\/S1a-1.png","contentUrl":"https:\/\/7culture.ci\/wp-content\/uploads\/2021\/12\/S1a-1.png","width":588,"height":192,"caption":"7culture"},"image":{"@id":"https:\/\/7culture.ci\/#\/schema\/logo\/image\/"}},{"@type":"Person","@id":"https:\/\/7culture.ci\/#\/schema\/person\/16150d28d7ef66ba788c1f87f28c4426","name":"7culture2020","image":{"@type":"ImageObject","inLanguage":"fr-FR","@id":"https:\/\/7culture.ci\/#\/schema\/person\/image\/","url":"https:\/\/secure.gravatar.com\/avatar\/9a0784f951306c37bcd065f52844ef95?s=96&d=mm&r=g","contentUrl":"https:\/\/secure.gravatar.com\/avatar\/9a0784f951306c37bcd065f52844ef95?s=96&d=mm&r=g","caption":"7culture2020"},"sameAs":["http:\/\/7culture.ci","Claude.kipre"],"url":"https:\/\/7culture.ci\/index.php\/author\/7culture2020\/"}]}},"jetpack_featured_media_url":"https:\/\/7culture.ci\/wp-content\/uploads\/2022\/12\/Burida-ujocci.jpg","jetpack_likes_enabled":true,"jetpack_sharing_enabled":true,"_links":{"self":[{"href":"https:\/\/7culture.ci\/index.php\/wp-json\/wp\/v2\/posts\/24745"}],"collection":[{"href":"https:\/\/7culture.ci\/index.php\/wp-json\/wp\/v2\/posts"}],"about":[{"href":"https:\/\/7culture.ci\/index.php\/wp-json\/wp\/v2\/types\/post"}],"author":[{"embeddable":true,"href":"https:\/\/7culture.ci\/index.php\/wp-json\/wp\/v2\/users\/1"}],"replies":[{"embeddable":true,"href":"https:\/\/7culture.ci\/index.php\/wp-json\/wp\/v2\/comments?post=24745"}],"version-history":[{"count":0,"href":"https:\/\/7culture.ci\/index.php\/wp-json\/wp\/v2\/posts\/24745\/revisions"}],"wp:featuredmedia":[{"embeddable":true,"href":"https:\/\/7culture.ci\/index.php\/wp-json\/wp\/v2\/media\/24748"}],"wp:attachment":[{"href":"https:\/\/7culture.ci\/index.php\/wp-json\/wp\/v2\/media?parent=24745"}],"wp:term":[{"taxonomy":"category","embeddable":true,"href":"https:\/\/7culture.ci\/index.php\/wp-json\/wp\/v2\/categories?post=24745"},{"taxonomy":"post_tag","embeddable":true,"href":"https:\/\/7culture.ci\/index.php\/wp-json\/wp\/v2\/tags?post=24745"}],"curies":[{"name":"wp","href":"https:\/\/api.w.org\/{rel}","templated":true}]}}