{"id":24703,"date":"2022-12-07T14:37:15","date_gmt":"2022-12-07T14:37:15","guid":{"rendered":"https:\/\/7culture.ci\/?p=24703"},"modified":"2022-12-07T16:35:24","modified_gmt":"2022-12-07T16:35:24","slug":"marie-louise-asseu-six-ans-quelle-a-quitte-la-scene","status":"publish","type":"post","link":"https:\/\/7culture.ci\/index.php\/2022\/12\/07\/marie-louise-asseu-six-ans-quelle-a-quitte-la-scene\/","title":{"rendered":"Marie-Louise Asseu\u00a0: six ans qu\u2019elle a quitt\u00e9 la sc\u00e8ne\u00a0!"},"content":{"rendered":"\n<p>7 d\u00e9cembre 2016 \u2013 7 d\u00e9cembre 2022&nbsp;! Voil\u00e0 six bonnes ann\u00e9es que le grand sourire de Marie-Louise Asseu n\u2019illumine plus nos petits grands \u00e9crans&nbsp;! L\u2019actrice com\u00e9dienne a, en effet, quitt\u00e9 le monde des vivants \u00e0 50 ans. Elle a laiss\u00e9 derri\u00e8re elle de nombreux projets dans le domaine du cin\u00e9ma o\u00f9 elle a \u00e9volu\u00e9 plus de 30 ans. De la troupe Soleil de Cocody \u00e0 la s\u00e9rie \u2018\u2019Ma Famille\u2019\u2019, en passant par \u2018\u2019Faut Pas F\u00e2cher\u2019\u2019, \u2018\u2019Sida dans la cit\u00e9\u2019\u2019, \u2018\u2019Un homme pour deux s\u0153urs\u2019\u2019 ou Ymal\u00e9 Festival, Malou aura tout essay\u00e9 dans le th\u00e9\u00e2tre et le 7<sup>e<\/sup> art. Marie-Louise Asseu a \u00e9t\u00e9 tour \u00e0 tour com\u00e9dienne, actrice, directrice de festival, productrice et r\u00e9alisatrice. Elle a m\u00eame \u00e9t\u00e9 consultante audiovisuelle.<\/p>\n\n\n\n<figure class=\"wp-block-gallery has-nested-images columns-default is-cropped wp-block-gallery-1 is-layout-flex wp-block-gallery-is-layout-flex\">\n<figure class=\"wp-block-image size-large\"><img loading=\"lazy\" decoding=\"async\" width=\"552\" height=\"808\" data-id=\"24705\" src=\"https:\/\/7culture.ci\/wp-content\/uploads\/2022\/12\/WhatsApp-Image-2022-12-07-at-13.50.32-2-1.jpeg\" alt=\"\" class=\"wp-image-24705\" srcset=\"https:\/\/7culture.ci\/wp-content\/uploads\/2022\/12\/WhatsApp-Image-2022-12-07-at-13.50.32-2-1.jpeg 552w, https:\/\/7culture.ci\/wp-content\/uploads\/2022\/12\/WhatsApp-Image-2022-12-07-at-13.50.32-2-1-205x300.jpeg 205w\" sizes=\"(max-width: 552px) 100vw, 552px\" \/><\/figure>\n\n\n\n<figure class=\"wp-block-image size-large\"><img loading=\"lazy\" decoding=\"async\" width=\"552\" height=\"840\" data-id=\"24707\" src=\"https:\/\/7culture.ci\/wp-content\/uploads\/2022\/12\/WhatsApp-Image-2022-12-07-at-13.50.32-3.jpeg\" alt=\"\" class=\"wp-image-24707\" srcset=\"https:\/\/7culture.ci\/wp-content\/uploads\/2022\/12\/WhatsApp-Image-2022-12-07-at-13.50.32-3.jpeg 552w, https:\/\/7culture.ci\/wp-content\/uploads\/2022\/12\/WhatsApp-Image-2022-12-07-at-13.50.32-3-197x300.jpeg 197w\" sizes=\"(max-width: 552px) 100vw, 552px\" \/><\/figure>\n\n\n\n<figure class=\"wp-block-image size-large\"><img loading=\"lazy\" decoding=\"async\" width=\"552\" height=\"791\" data-id=\"24706\" src=\"https:\/\/7culture.ci\/wp-content\/uploads\/2022\/12\/WhatsApp-Image-2022-12-07-at-13.50.33-1-1.jpeg\" alt=\"\" class=\"wp-image-24706\" srcset=\"https:\/\/7culture.ci\/wp-content\/uploads\/2022\/12\/WhatsApp-Image-2022-12-07-at-13.50.33-1-1.jpeg 552w, https:\/\/7culture.ci\/wp-content\/uploads\/2022\/12\/WhatsApp-Image-2022-12-07-at-13.50.33-1-1-209x300.jpeg 209w\" sizes=\"(max-width: 552px) 100vw, 552px\" \/><\/figure>\n<\/figure>\n\n\n\n<p>Professionnelle consciencieuse et travailleuse infatigable, Malou \u00e9tait aussi une femme aimable, sociable et humaniste. Hors des planches et des projecteurs, l\u2019actrice-com\u00e9dienne \u00e9tait m\u00e8re d\u2019un unique gar\u00e7on. Malheureusement, ce dernier baptis\u00e9 Hermann Doudou, a \u00e9t\u00e9 retrouv\u00e9 mort \u00e0 Kiev dans la capitale ukrainienne en mars 2020. Il \u00e9tait \u00e9tudiant.<\/p>\n\n\n\n<figure class=\"wp-block-image aligncenter size-full is-resized\"><img loading=\"lazy\" decoding=\"async\" src=\"https:\/\/7culture.ci\/wp-content\/uploads\/2022\/12\/WhatsApp-Image-2022-12-07-at-13.50.32-1-1.jpeg\" alt=\"\" class=\"wp-image-24708\" width=\"495\" height=\"701\" srcset=\"https:\/\/7culture.ci\/wp-content\/uploads\/2022\/12\/WhatsApp-Image-2022-12-07-at-13.50.32-1-1.jpeg 552w, https:\/\/7culture.ci\/wp-content\/uploads\/2022\/12\/WhatsApp-Image-2022-12-07-at-13.50.32-1-1-212x300.jpeg 212w\" sizes=\"(max-width: 495px) 100vw, 495px\" \/><figcaption>Marie-Louise Asseu et son unique fils Hermann Doudou<\/figcaption><\/figure>\n\n\n\n<p>En ce jour comm\u00e9morant le triste anniversaire de la disparition de Marie-Louise Asseu, ayons une pens\u00e9e pieuse pour elle, sa famille et ses amis de l\u2019art&nbsp;! Repose en paix Malou&nbsp;!<\/p>\n\n\n\n<p>Par O.A.K<\/p>\n","protected":false},"excerpt":{"rendered":"<p>7 d\u00e9cembre 2016 \u2013 7 d\u00e9cembre 2022&nbsp;! Voil\u00e0 six bonnes ann\u00e9es que le grand sourire de Marie-Louise Asseu n\u2019illumine plus nos petits grands \u00e9crans&nbsp;! L\u2019actrice com\u00e9dienne a, en effet, quitt\u00e9 le monde des vivants \u00e0 50 ans. Elle a laiss\u00e9 derri\u00e8re elle de nombreux projets dans le domaine du cin\u00e9ma o\u00f9 elle a \u00e9volu\u00e9 plus &hellip;<\/p>\n<p class=\"read-more\"> <a class=\"\" href=\"https:\/\/7culture.ci\/index.php\/2022\/12\/07\/marie-louise-asseu-six-ans-quelle-a-quitte-la-scene\/\"> <span class=\"screen-reader-text\">Marie-Louise Asseu\u00a0: six ans qu\u2019elle a quitt\u00e9 la sc\u00e8ne\u00a0!<\/span> Lire la suite\u00a0\u00bb<\/a><\/p>\n","protected":false},"author":1,"featured_media":24698,"comment_status":"open","ping_status":"open","sticky":false,"template":"","format":"standard","meta":{"_mi_skip_tracking":false,"_monsterinsights_sitenote_active":false,"_monsterinsights_sitenote_note":"","_monsterinsights_sitenote_category":0,"site-sidebar-layout":"default","site-content-layout":"default","ast-global-header-display":"","ast-main-header-display":"","ast-hfb-above-header-display":"","ast-hfb-below-header-display":"","ast-hfb-mobile-header-display":"","site-post-title":"","ast-breadcrumbs-content":"","ast-featured-img":"","footer-sml-layout":"","theme-transparent-header-meta":"","adv-header-id-meta":"","stick-header-meta":"","header-above-stick-meta":"","header-main-stick-meta":"","header-below-stick-meta":"","footnotes":"","jetpack_publicize_message":"","jetpack_is_tweetstorm":false,"jetpack_publicize_feature_enabled":true},"categories":[22],"tags":[],"jetpack_publicize_connections":[],"acf":[],"aioseo_notices":[],"yoast_head":"<!-- This site is optimized with the Yoast SEO plugin v19.6.1 - https:\/\/yoast.com\/wordpress\/plugins\/seo\/ -->\n<title>Marie-Louise Asseu\u00a0: six ans qu\u2019elle a quitt\u00e9 la sc\u00e8ne\u00a0! -<\/title>\n<meta name=\"robots\" content=\"index, follow, max-snippet:-1, max-image-preview:large, max-video-preview:-1\" \/>\n<link rel=\"canonical\" href=\"https:\/\/7culture.ci\/index.php\/2022\/12\/07\/marie-louise-asseu-six-ans-quelle-a-quitte-la-scene\/\" \/>\n<meta property=\"og:locale\" content=\"fr_FR\" \/>\n<meta property=\"og:type\" content=\"article\" \/>\n<meta property=\"og:title\" content=\"Marie-Louise Asseu\u00a0: six ans qu\u2019elle a quitt\u00e9 la sc\u00e8ne\u00a0! -\" \/>\n<meta property=\"og:description\" content=\"7 d\u00e9cembre 2016 \u2013 7 d\u00e9cembre 2022&nbsp;! Voil\u00e0 six bonnes ann\u00e9es que le grand sourire de Marie-Louise Asseu n\u2019illumine plus nos petits grands \u00e9crans&nbsp;! L\u2019actrice com\u00e9dienne a, en effet, quitt\u00e9 le monde des vivants \u00e0 50 ans. Elle a laiss\u00e9 derri\u00e8re elle de nombreux projets dans le domaine du cin\u00e9ma o\u00f9 elle a \u00e9volu\u00e9 plus &hellip; Marie-Louise Asseu\u00a0: six ans qu\u2019elle a quitt\u00e9 la sc\u00e8ne\u00a0! Lire la suite\u00a0\u00bb\" \/>\n<meta property=\"og:url\" content=\"https:\/\/7culture.ci\/index.php\/2022\/12\/07\/marie-louise-asseu-six-ans-quelle-a-quitte-la-scene\/\" \/>\n<meta property=\"og:site_name\" content=\"7culture\" \/>\n<meta property=\"article:publisher\" content=\"https:\/\/www.facebook.com\/redchefclaude\" \/>\n<meta property=\"article:published_time\" content=\"2022-12-07T14:37:15+00:00\" \/>\n<meta property=\"article:modified_time\" content=\"2022-12-07T16:35:24+00:00\" \/>\n<meta property=\"og:image\" content=\"http:\/\/7culture.ci\/wp-content\/uploads\/2022\/12\/WhatsApp-Image-2022-12-07-at-13.50.33.jpeg\" \/>\n\t<meta property=\"og:image:width\" content=\"546\" \/>\n\t<meta property=\"og:image:height\" content=\"395\" \/>\n\t<meta property=\"og:image:type\" content=\"image\/jpeg\" \/>\n<meta name=\"author\" content=\"7culture2020\" \/>\n<meta name=\"twitter:card\" content=\"summary_large_image\" \/>\n<meta name=\"twitter:creator\" content=\"@7culturec\" \/>\n<meta name=\"twitter:site\" content=\"@7culturec\" \/>\n<meta name=\"twitter:label1\" content=\"\u00c9crit par\" \/>\n\t<meta name=\"twitter:data1\" content=\"7culture2020\" \/>\n\t<meta name=\"twitter:label2\" content=\"Dur\u00e9e de lecture estim\u00e9e\" \/>\n\t<meta name=\"twitter:data2\" content=\"1 minute\" \/>\n<script type=\"application\/ld+json\" class=\"yoast-schema-graph\">{\"@context\":\"https:\/\/schema.org\",\"@graph\":[{\"@type\":\"Article\",\"@id\":\"https:\/\/7culture.ci\/index.php\/2022\/12\/07\/marie-louise-asseu-six-ans-quelle-a-quitte-la-scene\/#article\",\"isPartOf\":{\"@id\":\"https:\/\/7culture.ci\/index.php\/2022\/12\/07\/marie-louise-asseu-six-ans-quelle-a-quitte-la-scene\/\"},\"author\":{\"name\":\"7culture2020\",\"@id\":\"https:\/\/7culture.ci\/#\/schema\/person\/16150d28d7ef66ba788c1f87f28c4426\"},\"headline\":\"Marie-Louise Asseu\u00a0: six ans qu\u2019elle a quitt\u00e9 la sc\u00e8ne\u00a0!\",\"datePublished\":\"2022-12-07T14:37:15+00:00\",\"dateModified\":\"2022-12-07T16:35:24+00:00\",\"mainEntityOfPage\":{\"@id\":\"https:\/\/7culture.ci\/index.php\/2022\/12\/07\/marie-louise-asseu-six-ans-quelle-a-quitte-la-scene\/\"},\"wordCount\":235,\"commentCount\":0,\"publisher\":{\"@id\":\"https:\/\/7culture.ci\/#organization\"},\"articleSection\":[\"Actualit\u00e9\"],\"inLanguage\":\"fr-FR\",\"potentialAction\":[{\"@type\":\"CommentAction\",\"name\":\"Comment\",\"target\":[\"https:\/\/7culture.ci\/index.php\/2022\/12\/07\/marie-louise-asseu-six-ans-quelle-a-quitte-la-scene\/#respond\"]}]},{\"@type\":\"WebPage\",\"@id\":\"https:\/\/7culture.ci\/index.php\/2022\/12\/07\/marie-louise-asseu-six-ans-quelle-a-quitte-la-scene\/\",\"url\":\"https:\/\/7culture.ci\/index.php\/2022\/12\/07\/marie-louise-asseu-six-ans-quelle-a-quitte-la-scene\/\",\"name\":\"Marie-Louise Asseu\u00a0: six ans qu\u2019elle a quitt\u00e9 la sc\u00e8ne\u00a0! -\",\"isPartOf\":{\"@id\":\"https:\/\/7culture.ci\/#website\"},\"datePublished\":\"2022-12-07T14:37:15+00:00\",\"dateModified\":\"2022-12-07T16:35:24+00:00\",\"breadcrumb\":{\"@id\":\"https:\/\/7culture.ci\/index.php\/2022\/12\/07\/marie-louise-asseu-six-ans-quelle-a-quitte-la-scene\/#breadcrumb\"},\"inLanguage\":\"fr-FR\",\"potentialAction\":[{\"@type\":\"ReadAction\",\"target\":[\"https:\/\/7culture.ci\/index.php\/2022\/12\/07\/marie-louise-asseu-six-ans-quelle-a-quitte-la-scene\/\"]}]},{\"@type\":\"BreadcrumbList\",\"@id\":\"https:\/\/7culture.ci\/index.php\/2022\/12\/07\/marie-louise-asseu-six-ans-quelle-a-quitte-la-scene\/#breadcrumb\",\"itemListElement\":[{\"@type\":\"ListItem\",\"position\":1,\"name\":\"Accueil\",\"item\":\"https:\/\/7culture.ci\/\"},{\"@type\":\"ListItem\",\"position\":2,\"name\":\"Marie-Louise Asseu\u00a0: six ans qu\u2019elle a quitt\u00e9 la sc\u00e8ne\u00a0!\"}]},{\"@type\":\"WebSite\",\"@id\":\"https:\/\/7culture.ci\/#website\",\"url\":\"https:\/\/7culture.ci\/\",\"name\":\"7culture\",\"description\":\"Tout sur l&#039;actualit\u00e9\",\"publisher\":{\"@id\":\"https:\/\/7culture.ci\/#organization\"},\"potentialAction\":[{\"@type\":\"SearchAction\",\"target\":{\"@type\":\"EntryPoint\",\"urlTemplate\":\"https:\/\/7culture.ci\/?s={search_term_string}\"},\"query-input\":\"required name=search_term_string\"}],\"inLanguage\":\"fr-FR\"},{\"@type\":\"Organization\",\"@id\":\"https:\/\/7culture.ci\/#organization\",\"name\":\"7culture\",\"url\":\"https:\/\/7culture.ci\/\",\"sameAs\":[\"https:\/\/www.facebook.com\/redchefclaude\",\"https:\/\/twitter.com\/7culturec\"],\"logo\":{\"@type\":\"ImageObject\",\"inLanguage\":\"fr-FR\",\"@id\":\"https:\/\/7culture.ci\/#\/schema\/logo\/image\/\",\"url\":\"https:\/\/7culture.ci\/wp-content\/uploads\/2021\/12\/S1a-1.png\",\"contentUrl\":\"https:\/\/7culture.ci\/wp-content\/uploads\/2021\/12\/S1a-1.png\",\"width\":588,\"height\":192,\"caption\":\"7culture\"},\"image\":{\"@id\":\"https:\/\/7culture.ci\/#\/schema\/logo\/image\/\"}},{\"@type\":\"Person\",\"@id\":\"https:\/\/7culture.ci\/#\/schema\/person\/16150d28d7ef66ba788c1f87f28c4426\",\"name\":\"7culture2020\",\"image\":{\"@type\":\"ImageObject\",\"inLanguage\":\"fr-FR\",\"@id\":\"https:\/\/7culture.ci\/#\/schema\/person\/image\/\",\"url\":\"https:\/\/secure.gravatar.com\/avatar\/9a0784f951306c37bcd065f52844ef95?s=96&d=mm&r=g\",\"contentUrl\":\"https:\/\/secure.gravatar.com\/avatar\/9a0784f951306c37bcd065f52844ef95?s=96&d=mm&r=g\",\"caption\":\"7culture2020\"},\"sameAs\":[\"http:\/\/7culture.ci\",\"Claude.kipre\"],\"url\":\"https:\/\/7culture.ci\/index.php\/author\/7culture2020\/\"}]}<\/script>\n<!-- \/ Yoast SEO plugin. -->","yoast_head_json":{"title":"Marie-Louise Asseu\u00a0: six ans qu\u2019elle a quitt\u00e9 la sc\u00e8ne\u00a0! -","robots":{"index":"index","follow":"follow","max-snippet":"max-snippet:-1","max-image-preview":"max-image-preview:large","max-video-preview":"max-video-preview:-1"},"canonical":"https:\/\/7culture.ci\/index.php\/2022\/12\/07\/marie-louise-asseu-six-ans-quelle-a-quitte-la-scene\/","og_locale":"fr_FR","og_type":"article","og_title":"Marie-Louise Asseu\u00a0: six ans qu\u2019elle a quitt\u00e9 la sc\u00e8ne\u00a0! -","og_description":"7 d\u00e9cembre 2016 \u2013 7 d\u00e9cembre 2022&nbsp;! Voil\u00e0 six bonnes ann\u00e9es que le grand sourire de Marie-Louise Asseu n\u2019illumine plus nos petits grands \u00e9crans&nbsp;! L\u2019actrice com\u00e9dienne a, en effet, quitt\u00e9 le monde des vivants \u00e0 50 ans. Elle a laiss\u00e9 derri\u00e8re elle de nombreux projets dans le domaine du cin\u00e9ma o\u00f9 elle a \u00e9volu\u00e9 plus &hellip; Marie-Louise Asseu\u00a0: six ans qu\u2019elle a quitt\u00e9 la sc\u00e8ne\u00a0! Lire la suite\u00a0\u00bb","og_url":"https:\/\/7culture.ci\/index.php\/2022\/12\/07\/marie-louise-asseu-six-ans-quelle-a-quitte-la-scene\/","og_site_name":"7culture","article_publisher":"https:\/\/www.facebook.com\/redchefclaude","article_published_time":"2022-12-07T14:37:15+00:00","article_modified_time":"2022-12-07T16:35:24+00:00","og_image":[{"width":546,"height":395,"url":"http:\/\/7culture.ci\/wp-content\/uploads\/2022\/12\/WhatsApp-Image-2022-12-07-at-13.50.33.jpeg","type":"image\/jpeg"}],"author":"7culture2020","twitter_card":"summary_large_image","twitter_creator":"@7culturec","twitter_site":"@7culturec","twitter_misc":{"\u00c9crit par":"7culture2020","Dur\u00e9e de lecture estim\u00e9e":"1 minute"},"schema":{"@context":"https:\/\/schema.org","@graph":[{"@type":"Article","@id":"https:\/\/7culture.ci\/index.php\/2022\/12\/07\/marie-louise-asseu-six-ans-quelle-a-quitte-la-scene\/#article","isPartOf":{"@id":"https:\/\/7culture.ci\/index.php\/2022\/12\/07\/marie-louise-asseu-six-ans-quelle-a-quitte-la-scene\/"},"author":{"name":"7culture2020","@id":"https:\/\/7culture.ci\/#\/schema\/person\/16150d28d7ef66ba788c1f87f28c4426"},"headline":"Marie-Louise Asseu\u00a0: six ans qu\u2019elle a quitt\u00e9 la sc\u00e8ne\u00a0!","datePublished":"2022-12-07T14:37:15+00:00","dateModified":"2022-12-07T16:35:24+00:00","mainEntityOfPage":{"@id":"https:\/\/7culture.ci\/index.php\/2022\/12\/07\/marie-louise-asseu-six-ans-quelle-a-quitte-la-scene\/"},"wordCount":235,"commentCount":0,"publisher":{"@id":"https:\/\/7culture.ci\/#organization"},"articleSection":["Actualit\u00e9"],"inLanguage":"fr-FR","potentialAction":[{"@type":"CommentAction","name":"Comment","target":["https:\/\/7culture.ci\/index.php\/2022\/12\/07\/marie-louise-asseu-six-ans-quelle-a-quitte-la-scene\/#respond"]}]},{"@type":"WebPage","@id":"https:\/\/7culture.ci\/index.php\/2022\/12\/07\/marie-louise-asseu-six-ans-quelle-a-quitte-la-scene\/","url":"https:\/\/7culture.ci\/index.php\/2022\/12\/07\/marie-louise-asseu-six-ans-quelle-a-quitte-la-scene\/","name":"Marie-Louise Asseu\u00a0: six ans qu\u2019elle a quitt\u00e9 la sc\u00e8ne\u00a0! -","isPartOf":{"@id":"https:\/\/7culture.ci\/#website"},"datePublished":"2022-12-07T14:37:15+00:00","dateModified":"2022-12-07T16:35:24+00:00","breadcrumb":{"@id":"https:\/\/7culture.ci\/index.php\/2022\/12\/07\/marie-louise-asseu-six-ans-quelle-a-quitte-la-scene\/#breadcrumb"},"inLanguage":"fr-FR","potentialAction":[{"@type":"ReadAction","target":["https:\/\/7culture.ci\/index.php\/2022\/12\/07\/marie-louise-asseu-six-ans-quelle-a-quitte-la-scene\/"]}]},{"@type":"BreadcrumbList","@id":"https:\/\/7culture.ci\/index.php\/2022\/12\/07\/marie-louise-asseu-six-ans-quelle-a-quitte-la-scene\/#breadcrumb","itemListElement":[{"@type":"ListItem","position":1,"name":"Accueil","item":"https:\/\/7culture.ci\/"},{"@type":"ListItem","position":2,"name":"Marie-Louise Asseu\u00a0: six ans qu\u2019elle a quitt\u00e9 la sc\u00e8ne\u00a0!"}]},{"@type":"WebSite","@id":"https:\/\/7culture.ci\/#website","url":"https:\/\/7culture.ci\/","name":"7culture","description":"Tout sur l&#039;actualit\u00e9","publisher":{"@id":"https:\/\/7culture.ci\/#organization"},"potentialAction":[{"@type":"SearchAction","target":{"@type":"EntryPoint","urlTemplate":"https:\/\/7culture.ci\/?s={search_term_string}"},"query-input":"required name=search_term_string"}],"inLanguage":"fr-FR"},{"@type":"Organization","@id":"https:\/\/7culture.ci\/#organization","name":"7culture","url":"https:\/\/7culture.ci\/","sameAs":["https:\/\/www.facebook.com\/redchefclaude","https:\/\/twitter.com\/7culturec"],"logo":{"@type":"ImageObject","inLanguage":"fr-FR","@id":"https:\/\/7culture.ci\/#\/schema\/logo\/image\/","url":"https:\/\/7culture.ci\/wp-content\/uploads\/2021\/12\/S1a-1.png","contentUrl":"https:\/\/7culture.ci\/wp-content\/uploads\/2021\/12\/S1a-1.png","width":588,"height":192,"caption":"7culture"},"image":{"@id":"https:\/\/7culture.ci\/#\/schema\/logo\/image\/"}},{"@type":"Person","@id":"https:\/\/7culture.ci\/#\/schema\/person\/16150d28d7ef66ba788c1f87f28c4426","name":"7culture2020","image":{"@type":"ImageObject","inLanguage":"fr-FR","@id":"https:\/\/7culture.ci\/#\/schema\/person\/image\/","url":"https:\/\/secure.gravatar.com\/avatar\/9a0784f951306c37bcd065f52844ef95?s=96&d=mm&r=g","contentUrl":"https:\/\/secure.gravatar.com\/avatar\/9a0784f951306c37bcd065f52844ef95?s=96&d=mm&r=g","caption":"7culture2020"},"sameAs":["http:\/\/7culture.ci","Claude.kipre"],"url":"https:\/\/7culture.ci\/index.php\/author\/7culture2020\/"}]}},"jetpack_featured_media_url":"https:\/\/7culture.ci\/wp-content\/uploads\/2022\/12\/WhatsApp-Image-2022-12-07-at-13.50.33.jpeg","jetpack_likes_enabled":true,"jetpack_sharing_enabled":true,"_links":{"self":[{"href":"https:\/\/7culture.ci\/index.php\/wp-json\/wp\/v2\/posts\/24703"}],"collection":[{"href":"https:\/\/7culture.ci\/index.php\/wp-json\/wp\/v2\/posts"}],"about":[{"href":"https:\/\/7culture.ci\/index.php\/wp-json\/wp\/v2\/types\/post"}],"author":[{"embeddable":true,"href":"https:\/\/7culture.ci\/index.php\/wp-json\/wp\/v2\/users\/1"}],"replies":[{"embeddable":true,"href":"https:\/\/7culture.ci\/index.php\/wp-json\/wp\/v2\/comments?post=24703"}],"version-history":[{"count":0,"href":"https:\/\/7culture.ci\/index.php\/wp-json\/wp\/v2\/posts\/24703\/revisions"}],"wp:featuredmedia":[{"embeddable":true,"href":"https:\/\/7culture.ci\/index.php\/wp-json\/wp\/v2\/media\/24698"}],"wp:attachment":[{"href":"https:\/\/7culture.ci\/index.php\/wp-json\/wp\/v2\/media?parent=24703"}],"wp:term":[{"taxonomy":"category","embeddable":true,"href":"https:\/\/7culture.ci\/index.php\/wp-json\/wp\/v2\/categories?post=24703"},{"taxonomy":"post_tag","embeddable":true,"href":"https:\/\/7culture.ci\/index.php\/wp-json\/wp\/v2\/tags?post=24703"}],"curies":[{"name":"wp","href":"https:\/\/api.w.org\/{rel}","templated":true}]}}