{"id":24686,"date":"2022-12-07T13:08:46","date_gmt":"2022-12-07T13:08:46","guid":{"rendered":"https:\/\/7culture.ci\/?p=24686"},"modified":"2022-12-07T14:41:05","modified_gmt":"2022-12-07T14:41:05","slug":"show-biz-sur-la-copie-privee-une-federation-dartiste-promet-200-000-fcfa-a-chaque-createur-ivoirien","status":"publish","type":"post","link":"https:\/\/7culture.ci\/index.php\/2022\/12\/07\/show-biz-sur-la-copie-privee-une-federation-dartiste-promet-200-000-fcfa-a-chaque-createur-ivoirien\/","title":{"rendered":"Show-biz\u00a0: Sur la copie priv\u00e9e, une f\u00e9d\u00e9ration d\u2019artiste promet 200.000 FCFA \u00e0 chaque cr\u00e9ateur ivoirien"},"content":{"rendered":"\n<p>Pour lutter contre la pr\u00e9carit\u00e9 dont ils sont l\u2019objet, un regroupement d\u2019artistes vient de voir le jour. Il s\u2019agit de la F\u00e9d\u00e9ration pour la D\u00e9fense des arts et Culture (F\u00e9daci). Elle a \u00e9t\u00e9 port\u00e9e sur les fonts baptismaux au cours d\u2019une assembl\u00e9e g\u00e9n\u00e9rale le 29 novembre dernier \u00e0 la salle des f\u00eates de l\u2019H\u00f4tel communal de Cocody \u00e0 Abidjan. Comme son nom l\u2019indique, c\u2019est une sorte de centrale syndicale qui va d\u00e9fendre les int\u00e9r\u00eats et les droits des artistes de C\u00f4te d\u2019Ivoire, toute tendance confondue.<\/p>\n\n\n\n<p>En attendant d\u2019avoir un bureau complet, la Fedaci est dirig\u00e9e par l\u2019artiste couper-d\u00e9caler Christy\u2019B. En pr\u00e9sentant son projet \u00e0 ses coll\u00e8gues et \u00e0 la presse, il a relev\u00e9 quelques manquements quant \u00e0 la gestion des droits d\u2019auteurs des artistes. Les cons\u00e9quences sont que ces derniers vivent dans une pr\u00e9carit\u00e9 continuelle. \u00ab&nbsp;<strong><em>La Fedaci s\u2019inscrit dans un contexte marqu\u00e9 par de nombreuses crises. Elle se concentre sur toutes les probl\u00e9matiques autour des axes de travail et de r\u00e9flexion suivants&nbsp;: les politiques de soutien \u00e0 la cr\u00e9ation, &nbsp;les moyens de la poursuite de la structuration du secteur des arts et de la culture, la responsabilit\u00e9 soci\u00e9tale des professionnelle et l\u2019inscription de leur activit\u00e9 dans un contexte nationale et international<\/em><\/strong>&nbsp;\u00bb, a-t-il expliqu\u00e9.<\/p>\n\n\n\n<figure class=\"wp-block-gallery has-nested-images columns-default is-cropped wp-block-gallery-1 is-layout-flex wp-block-gallery-is-layout-flex\">\n<figure class=\"wp-block-image size-large\"><img loading=\"lazy\" decoding=\"async\" width=\"1080\" height=\"665\" data-id=\"24689\" src=\"https:\/\/7culture.ci\/wp-content\/uploads\/2022\/12\/1-1024x631.jpg\" alt=\"\" class=\"wp-image-24689\" srcset=\"https:\/\/7culture.ci\/wp-content\/uploads\/2022\/12\/1-1024x631.jpg 1024w, https:\/\/7culture.ci\/wp-content\/uploads\/2022\/12\/1-300x185.jpg 300w, https:\/\/7culture.ci\/wp-content\/uploads\/2022\/12\/1-768x473.jpg 768w, https:\/\/7culture.ci\/wp-content\/uploads\/2022\/12\/1.jpg 1080w\" sizes=\"(max-width: 1080px) 100vw, 1080px\" \/><\/figure>\n\n\n\n<figure class=\"wp-block-image size-large\"><img loading=\"lazy\" decoding=\"async\" width=\"1024\" height=\"631\" data-id=\"24691\" src=\"https:\/\/7culture.ci\/wp-content\/uploads\/2022\/12\/3-1024x631.jpg\" alt=\"\" class=\"wp-image-24691\" srcset=\"https:\/\/7culture.ci\/wp-content\/uploads\/2022\/12\/3-1024x631.jpg 1024w, https:\/\/7culture.ci\/wp-content\/uploads\/2022\/12\/3-300x185.jpg 300w, https:\/\/7culture.ci\/wp-content\/uploads\/2022\/12\/3-768x473.jpg 768w, https:\/\/7culture.ci\/wp-content\/uploads\/2022\/12\/3.jpg 1080w\" sizes=\"(max-width: 1024px) 100vw, 1024px\" \/><\/figure>\n\n\n\n<figure class=\"wp-block-image size-large\"><img loading=\"lazy\" decoding=\"async\" width=\"1024\" height=\"631\" data-id=\"24690\" src=\"https:\/\/7culture.ci\/wp-content\/uploads\/2022\/12\/4-1024x631.jpg\" alt=\"\" class=\"wp-image-24690\" srcset=\"https:\/\/7culture.ci\/wp-content\/uploads\/2022\/12\/4-1024x631.jpg 1024w, https:\/\/7culture.ci\/wp-content\/uploads\/2022\/12\/4-300x185.jpg 300w, https:\/\/7culture.ci\/wp-content\/uploads\/2022\/12\/4-768x473.jpg 768w, https:\/\/7culture.ci\/wp-content\/uploads\/2022\/12\/4.jpg 1080w\" sizes=\"(max-width: 1024px) 100vw, 1024px\" \/><\/figure>\n<\/figure>\n\n\n\n<p>Avant de mener des actions d\u2019envergure pour l\u2019am\u00e9lioration des conditions de vie des hommes des arts, la Fedaci s\u2019engage \u00e0 former ses membres. M\u00eame si elle entend discuter avec les autorit\u00e9s, elle veut que \u00ab&nbsp;<strong><em>d\u00e9sormais les choses changent pour le bonheur des artistes&nbsp;<\/em><\/strong>\u00bb, a not\u00e9 le producteur Fadiga de Milano. \u00ab&nbsp;<strong><em>Il est d\u00e9sormais indispensable d\u2019aller plus loin, de garantir la formation et la r\u00e9mun\u00e9ration des artistes et de toutes les corporations selon des cadres qui doivent \u00eatre n\u00e9goci\u00e9s avec les institutions et leur repr\u00e9sentant&nbsp;<\/em><\/strong>\u00bb, souligne le texte constitutif de cette f\u00e9d\u00e9ration.<\/p>\n\n\n\n<p>Pour \u00eatre concret et pragmatique, Christy\u2019B a pr\u00e9sent\u00e9 une pl\u00e9thore de solutions qui peuvent an\u00e9antir la souffrance des artistes. Il a demand\u00e9 l\u2019assouplissement des conditions d\u2019adh\u00e9sion au bureau ivoirien du droit d\u2019auteur (Burida) et que le minist\u00e8re de la culture remette les fonds d\u2019aide \u00e0 la cr\u00e9ation au Burida et reverse aux artistes ceux de la Loterie nationale de C\u00f4te d\u2019Ivoire (Lonaci). Sur la copie priv\u00e9e et la diffusion des \u0153uvres \u00e0 la radio et \u00e0 la t\u00e9l\u00e9, Christy\u2019B a \u00e9t\u00e9 intransigeant et exigeant. \u00ab&nbsp;<strong><em>La copie priv\u00e9e doit servir pour la r\u00e9partition \u00e9quitable de base \u00e0 un minimum de 200.000 FCFA par mois \u00e0 chaque artiste sans distinction. Les autorit\u00e9s doivent imposer un quota de diffusion aux t\u00e9l\u00e9s et radios pour les \u0153uvres ivoiriennes<\/em><\/strong>&nbsp;\u00bb, a-t-il \u00e9num\u00e9r\u00e9. Quant au Conseil de Gestion et de Restructuration (Coger) du Bureau ivoirien du droit d\u2019auteur (Burida), la Fedaci exige que son mandat ne soit pas renouvel\u00e9 apr\u00e8s son terme ce 31 d\u00e9cembre 2022. \u00ab&nbsp;<strong><em>Nous demandons la dissolution du Coger et aucun de ses membres ne pourra se repr\u00e9senter pour des \u00e9lections quelconque. On ne peut pas g\u00e9rer une transition et venir gouverner ensuite<\/em><\/strong>&nbsp;\u00bb, a relev\u00e9 Christy\u2019B.<\/p>\n\n\n\n<figure class=\"wp-block-gallery has-nested-images columns-default is-cropped wp-block-gallery-2 is-layout-flex wp-block-gallery-is-layout-flex\">\n<figure class=\"wp-block-image size-large\"><img loading=\"lazy\" decoding=\"async\" width=\"1024\" height=\"631\" data-id=\"24692\" src=\"https:\/\/7culture.ci\/wp-content\/uploads\/2022\/12\/5-1024x631.jpg\" alt=\"\" class=\"wp-image-24692\" srcset=\"https:\/\/7culture.ci\/wp-content\/uploads\/2022\/12\/5-1024x631.jpg 1024w, https:\/\/7culture.ci\/wp-content\/uploads\/2022\/12\/5-300x185.jpg 300w, https:\/\/7culture.ci\/wp-content\/uploads\/2022\/12\/5-768x473.jpg 768w, https:\/\/7culture.ci\/wp-content\/uploads\/2022\/12\/5.jpg 1080w\" sizes=\"(max-width: 1024px) 100vw, 1024px\" \/><\/figure>\n\n\n\n<figure class=\"wp-block-image size-large\"><img loading=\"lazy\" decoding=\"async\" width=\"1024\" height=\"631\" data-id=\"24694\" src=\"https:\/\/7culture.ci\/wp-content\/uploads\/2022\/12\/6-1024x631.jpg\" alt=\"\" class=\"wp-image-24694\" srcset=\"https:\/\/7culture.ci\/wp-content\/uploads\/2022\/12\/6-1024x631.jpg 1024w, https:\/\/7culture.ci\/wp-content\/uploads\/2022\/12\/6-300x185.jpg 300w, https:\/\/7culture.ci\/wp-content\/uploads\/2022\/12\/6-768x473.jpg 768w, https:\/\/7culture.ci\/wp-content\/uploads\/2022\/12\/6.jpg 1080w\" sizes=\"(max-width: 1024px) 100vw, 1024px\" \/><\/figure>\n\n\n\n<figure class=\"wp-block-image size-large\"><img loading=\"lazy\" decoding=\"async\" width=\"1024\" height=\"631\" data-id=\"24693\" src=\"https:\/\/7culture.ci\/wp-content\/uploads\/2022\/12\/8-1024x631.jpg\" alt=\"\" class=\"wp-image-24693\" srcset=\"https:\/\/7culture.ci\/wp-content\/uploads\/2022\/12\/8-1024x631.jpg 1024w, https:\/\/7culture.ci\/wp-content\/uploads\/2022\/12\/8-300x185.jpg 300w, https:\/\/7culture.ci\/wp-content\/uploads\/2022\/12\/8-768x473.jpg 768w, https:\/\/7culture.ci\/wp-content\/uploads\/2022\/12\/8.jpg 1080w\" sizes=\"(max-width: 1024px) 100vw, 1024px\" \/><\/figure>\n<\/figure>\n\n\n\n<p>Au cours de la premi\u00e8re assembl\u00e9e g\u00e9n\u00e9rale de sa f\u00e9d\u00e9ration, Christy\u2019B \u00e9tait entour\u00e9 de l\u2019artiste Seliko, du producteur Fadiga de Milano, du styliste mod\u00e9liste Etienne Marcel et de l\u2019\u00e9crivain Aboa Kouam\u00e9. L\u2019assistance comprenait des noms connus de la sc\u00e8ne ivoirienne comme Stezo, Obin Manf\u00e9\u00ef, Kley Saley, Yod\u00e9 C\u00f4c\u00f4, Maga Dindin, Lato Crespino, le manager Youl Sayal\u2026<\/p>\n\n\n\n<p>Par Omar AK<\/p>\n","protected":false},"excerpt":{"rendered":"<p>Pour lutter contre la pr\u00e9carit\u00e9 dont ils sont l\u2019objet, un regroupement d\u2019artistes vient de voir le jour. Il s\u2019agit de la F\u00e9d\u00e9ration pour la D\u00e9fense des arts et Culture (F\u00e9daci). Elle a \u00e9t\u00e9 port\u00e9e sur les fonts baptismaux au cours d\u2019une assembl\u00e9e g\u00e9n\u00e9rale le 29 novembre dernier \u00e0 la salle des f\u00eates de l\u2019H\u00f4tel communal &hellip;<\/p>\n<p class=\"read-more\"> <a class=\"\" href=\"https:\/\/7culture.ci\/index.php\/2022\/12\/07\/show-biz-sur-la-copie-privee-une-federation-dartiste-promet-200-000-fcfa-a-chaque-createur-ivoirien\/\"> <span class=\"screen-reader-text\">Show-biz\u00a0: Sur la copie priv\u00e9e, une f\u00e9d\u00e9ration d\u2019artiste promet 200.000 FCFA \u00e0 chaque cr\u00e9ateur ivoirien<\/span> Lire la suite\u00a0\u00bb<\/a><\/p>\n","protected":false},"author":1,"featured_media":24688,"comment_status":"open","ping_status":"open","sticky":false,"template":"","format":"standard","meta":{"_mi_skip_tracking":false,"_monsterinsights_sitenote_active":false,"_monsterinsights_sitenote_note":"","_monsterinsights_sitenote_category":0,"site-sidebar-layout":"default","site-content-layout":"default","ast-global-header-display":"","ast-main-header-display":"","ast-hfb-above-header-display":"","ast-hfb-below-header-display":"","ast-hfb-mobile-header-display":"","site-post-title":"","ast-breadcrumbs-content":"","ast-featured-img":"","footer-sml-layout":"","theme-transparent-header-meta":"","adv-header-id-meta":"","stick-header-meta":"","header-above-stick-meta":"","header-main-stick-meta":"","header-below-stick-meta":"","footnotes":"","jetpack_publicize_message":"","jetpack_is_tweetstorm":false,"jetpack_publicize_feature_enabled":true},"categories":[22],"tags":[],"jetpack_publicize_connections":[],"acf":[],"aioseo_notices":[],"yoast_head":"<!-- This site is optimized with the Yoast SEO plugin v19.6.1 - https:\/\/yoast.com\/wordpress\/plugins\/seo\/ -->\n<title>Show-biz\u00a0: Sur la copie priv\u00e9e, une f\u00e9d\u00e9ration d\u2019artiste promet 200.000 FCFA \u00e0 chaque cr\u00e9ateur ivoirien -<\/title>\n<meta name=\"robots\" content=\"index, follow, max-snippet:-1, max-image-preview:large, max-video-preview:-1\" \/>\n<link rel=\"canonical\" href=\"https:\/\/7culture.ci\/index.php\/2022\/12\/07\/show-biz-sur-la-copie-privee-une-federation-dartiste-promet-200-000-fcfa-a-chaque-createur-ivoirien\/\" \/>\n<meta property=\"og:locale\" content=\"fr_FR\" \/>\n<meta property=\"og:type\" content=\"article\" \/>\n<meta property=\"og:title\" content=\"Show-biz\u00a0: Sur la copie priv\u00e9e, une f\u00e9d\u00e9ration d\u2019artiste promet 200.000 FCFA \u00e0 chaque cr\u00e9ateur ivoirien -\" \/>\n<meta property=\"og:description\" content=\"Pour lutter contre la pr\u00e9carit\u00e9 dont ils sont l\u2019objet, un regroupement d\u2019artistes vient de voir le jour. Il s\u2019agit de la F\u00e9d\u00e9ration pour la D\u00e9fense des arts et Culture (F\u00e9daci). Elle a \u00e9t\u00e9 port\u00e9e sur les fonts baptismaux au cours d\u2019une assembl\u00e9e g\u00e9n\u00e9rale le 29 novembre dernier \u00e0 la salle des f\u00eates de l\u2019H\u00f4tel communal &hellip; Show-biz\u00a0: Sur la copie priv\u00e9e, une f\u00e9d\u00e9ration d\u2019artiste promet 200.000 FCFA \u00e0 chaque cr\u00e9ateur ivoirien Lire la suite\u00a0\u00bb\" \/>\n<meta property=\"og:url\" content=\"https:\/\/7culture.ci\/index.php\/2022\/12\/07\/show-biz-sur-la-copie-privee-une-federation-dartiste-promet-200-000-fcfa-a-chaque-createur-ivoirien\/\" \/>\n<meta property=\"og:site_name\" content=\"7culture\" \/>\n<meta property=\"article:publisher\" content=\"https:\/\/www.facebook.com\/redchefclaude\" \/>\n<meta property=\"article:published_time\" content=\"2022-12-07T13:08:46+00:00\" \/>\n<meta property=\"article:modified_time\" content=\"2022-12-07T14:41:05+00:00\" \/>\n<meta property=\"og:image\" content=\"http:\/\/7culture.ci\/wp-content\/uploads\/2022\/12\/2.jpg\" \/>\n\t<meta property=\"og:image:width\" content=\"1080\" \/>\n\t<meta property=\"og:image:height\" content=\"665\" \/>\n\t<meta property=\"og:image:type\" content=\"image\/jpeg\" \/>\n<meta name=\"author\" content=\"7culture2020\" \/>\n<meta name=\"twitter:card\" content=\"summary_large_image\" \/>\n<meta name=\"twitter:creator\" content=\"@7culturec\" \/>\n<meta name=\"twitter:site\" content=\"@7culturec\" \/>\n<meta name=\"twitter:label1\" content=\"\u00c9crit par\" \/>\n\t<meta name=\"twitter:data1\" content=\"7culture2020\" \/>\n\t<meta name=\"twitter:label2\" content=\"Dur\u00e9e de lecture estim\u00e9e\" \/>\n\t<meta name=\"twitter:data2\" content=\"3 minutes\" \/>\n<script type=\"application\/ld+json\" class=\"yoast-schema-graph\">{\"@context\":\"https:\/\/schema.org\",\"@graph\":[{\"@type\":\"Article\",\"@id\":\"https:\/\/7culture.ci\/index.php\/2022\/12\/07\/show-biz-sur-la-copie-privee-une-federation-dartiste-promet-200-000-fcfa-a-chaque-createur-ivoirien\/#article\",\"isPartOf\":{\"@id\":\"https:\/\/7culture.ci\/index.php\/2022\/12\/07\/show-biz-sur-la-copie-privee-une-federation-dartiste-promet-200-000-fcfa-a-chaque-createur-ivoirien\/\"},\"author\":{\"name\":\"7culture2020\",\"@id\":\"https:\/\/7culture.ci\/#\/schema\/person\/16150d28d7ef66ba788c1f87f28c4426\"},\"headline\":\"Show-biz\u00a0: Sur la copie priv\u00e9e, une f\u00e9d\u00e9ration d\u2019artiste promet 200.000 FCFA \u00e0 chaque cr\u00e9ateur ivoirien\",\"datePublished\":\"2022-12-07T13:08:46+00:00\",\"dateModified\":\"2022-12-07T14:41:05+00:00\",\"mainEntityOfPage\":{\"@id\":\"https:\/\/7culture.ci\/index.php\/2022\/12\/07\/show-biz-sur-la-copie-privee-une-federation-dartiste-promet-200-000-fcfa-a-chaque-createur-ivoirien\/\"},\"wordCount\":655,\"commentCount\":0,\"publisher\":{\"@id\":\"https:\/\/7culture.ci\/#organization\"},\"articleSection\":[\"Actualit\u00e9\"],\"inLanguage\":\"fr-FR\",\"potentialAction\":[{\"@type\":\"CommentAction\",\"name\":\"Comment\",\"target\":[\"https:\/\/7culture.ci\/index.php\/2022\/12\/07\/show-biz-sur-la-copie-privee-une-federation-dartiste-promet-200-000-fcfa-a-chaque-createur-ivoirien\/#respond\"]}]},{\"@type\":\"WebPage\",\"@id\":\"https:\/\/7culture.ci\/index.php\/2022\/12\/07\/show-biz-sur-la-copie-privee-une-federation-dartiste-promet-200-000-fcfa-a-chaque-createur-ivoirien\/\",\"url\":\"https:\/\/7culture.ci\/index.php\/2022\/12\/07\/show-biz-sur-la-copie-privee-une-federation-dartiste-promet-200-000-fcfa-a-chaque-createur-ivoirien\/\",\"name\":\"Show-biz\u00a0: Sur la copie priv\u00e9e, une f\u00e9d\u00e9ration d\u2019artiste promet 200.000 FCFA \u00e0 chaque cr\u00e9ateur ivoirien -\",\"isPartOf\":{\"@id\":\"https:\/\/7culture.ci\/#website\"},\"datePublished\":\"2022-12-07T13:08:46+00:00\",\"dateModified\":\"2022-12-07T14:41:05+00:00\",\"breadcrumb\":{\"@id\":\"https:\/\/7culture.ci\/index.php\/2022\/12\/07\/show-biz-sur-la-copie-privee-une-federation-dartiste-promet-200-000-fcfa-a-chaque-createur-ivoirien\/#breadcrumb\"},\"inLanguage\":\"fr-FR\",\"potentialAction\":[{\"@type\":\"ReadAction\",\"target\":[\"https:\/\/7culture.ci\/index.php\/2022\/12\/07\/show-biz-sur-la-copie-privee-une-federation-dartiste-promet-200-000-fcfa-a-chaque-createur-ivoirien\/\"]}]},{\"@type\":\"BreadcrumbList\",\"@id\":\"https:\/\/7culture.ci\/index.php\/2022\/12\/07\/show-biz-sur-la-copie-privee-une-federation-dartiste-promet-200-000-fcfa-a-chaque-createur-ivoirien\/#breadcrumb\",\"itemListElement\":[{\"@type\":\"ListItem\",\"position\":1,\"name\":\"Accueil\",\"item\":\"https:\/\/7culture.ci\/\"},{\"@type\":\"ListItem\",\"position\":2,\"name\":\"Show-biz\u00a0: Sur la copie priv\u00e9e, une f\u00e9d\u00e9ration d\u2019artiste promet 200.000 FCFA \u00e0 chaque cr\u00e9ateur ivoirien\"}]},{\"@type\":\"WebSite\",\"@id\":\"https:\/\/7culture.ci\/#website\",\"url\":\"https:\/\/7culture.ci\/\",\"name\":\"7culture\",\"description\":\"Tout sur l&#039;actualit\u00e9\",\"publisher\":{\"@id\":\"https:\/\/7culture.ci\/#organization\"},\"potentialAction\":[{\"@type\":\"SearchAction\",\"target\":{\"@type\":\"EntryPoint\",\"urlTemplate\":\"https:\/\/7culture.ci\/?s={search_term_string}\"},\"query-input\":\"required name=search_term_string\"}],\"inLanguage\":\"fr-FR\"},{\"@type\":\"Organization\",\"@id\":\"https:\/\/7culture.ci\/#organization\",\"name\":\"7culture\",\"url\":\"https:\/\/7culture.ci\/\",\"sameAs\":[\"https:\/\/www.facebook.com\/redchefclaude\",\"https:\/\/twitter.com\/7culturec\"],\"logo\":{\"@type\":\"ImageObject\",\"inLanguage\":\"fr-FR\",\"@id\":\"https:\/\/7culture.ci\/#\/schema\/logo\/image\/\",\"url\":\"https:\/\/7culture.ci\/wp-content\/uploads\/2021\/12\/S1a-1.png\",\"contentUrl\":\"https:\/\/7culture.ci\/wp-content\/uploads\/2021\/12\/S1a-1.png\",\"width\":588,\"height\":192,\"caption\":\"7culture\"},\"image\":{\"@id\":\"https:\/\/7culture.ci\/#\/schema\/logo\/image\/\"}},{\"@type\":\"Person\",\"@id\":\"https:\/\/7culture.ci\/#\/schema\/person\/16150d28d7ef66ba788c1f87f28c4426\",\"name\":\"7culture2020\",\"image\":{\"@type\":\"ImageObject\",\"inLanguage\":\"fr-FR\",\"@id\":\"https:\/\/7culture.ci\/#\/schema\/person\/image\/\",\"url\":\"https:\/\/secure.gravatar.com\/avatar\/9a0784f951306c37bcd065f52844ef95?s=96&d=mm&r=g\",\"contentUrl\":\"https:\/\/secure.gravatar.com\/avatar\/9a0784f951306c37bcd065f52844ef95?s=96&d=mm&r=g\",\"caption\":\"7culture2020\"},\"sameAs\":[\"http:\/\/7culture.ci\",\"Claude.kipre\"],\"url\":\"https:\/\/7culture.ci\/index.php\/author\/7culture2020\/\"}]}<\/script>\n<!-- \/ Yoast SEO plugin. -->","yoast_head_json":{"title":"Show-biz\u00a0: Sur la copie priv\u00e9e, une f\u00e9d\u00e9ration d\u2019artiste promet 200.000 FCFA \u00e0 chaque cr\u00e9ateur ivoirien -","robots":{"index":"index","follow":"follow","max-snippet":"max-snippet:-1","max-image-preview":"max-image-preview:large","max-video-preview":"max-video-preview:-1"},"canonical":"https:\/\/7culture.ci\/index.php\/2022\/12\/07\/show-biz-sur-la-copie-privee-une-federation-dartiste-promet-200-000-fcfa-a-chaque-createur-ivoirien\/","og_locale":"fr_FR","og_type":"article","og_title":"Show-biz\u00a0: Sur la copie priv\u00e9e, une f\u00e9d\u00e9ration d\u2019artiste promet 200.000 FCFA \u00e0 chaque cr\u00e9ateur ivoirien -","og_description":"Pour lutter contre la pr\u00e9carit\u00e9 dont ils sont l\u2019objet, un regroupement d\u2019artistes vient de voir le jour. Il s\u2019agit de la F\u00e9d\u00e9ration pour la D\u00e9fense des arts et Culture (F\u00e9daci). Elle a \u00e9t\u00e9 port\u00e9e sur les fonts baptismaux au cours d\u2019une assembl\u00e9e g\u00e9n\u00e9rale le 29 novembre dernier \u00e0 la salle des f\u00eates de l\u2019H\u00f4tel communal &hellip; Show-biz\u00a0: Sur la copie priv\u00e9e, une f\u00e9d\u00e9ration d\u2019artiste promet 200.000 FCFA \u00e0 chaque cr\u00e9ateur ivoirien Lire la suite\u00a0\u00bb","og_url":"https:\/\/7culture.ci\/index.php\/2022\/12\/07\/show-biz-sur-la-copie-privee-une-federation-dartiste-promet-200-000-fcfa-a-chaque-createur-ivoirien\/","og_site_name":"7culture","article_publisher":"https:\/\/www.facebook.com\/redchefclaude","article_published_time":"2022-12-07T13:08:46+00:00","article_modified_time":"2022-12-07T14:41:05+00:00","og_image":[{"width":1080,"height":665,"url":"http:\/\/7culture.ci\/wp-content\/uploads\/2022\/12\/2.jpg","type":"image\/jpeg"}],"author":"7culture2020","twitter_card":"summary_large_image","twitter_creator":"@7culturec","twitter_site":"@7culturec","twitter_misc":{"\u00c9crit par":"7culture2020","Dur\u00e9e de lecture estim\u00e9e":"3 minutes"},"schema":{"@context":"https:\/\/schema.org","@graph":[{"@type":"Article","@id":"https:\/\/7culture.ci\/index.php\/2022\/12\/07\/show-biz-sur-la-copie-privee-une-federation-dartiste-promet-200-000-fcfa-a-chaque-createur-ivoirien\/#article","isPartOf":{"@id":"https:\/\/7culture.ci\/index.php\/2022\/12\/07\/show-biz-sur-la-copie-privee-une-federation-dartiste-promet-200-000-fcfa-a-chaque-createur-ivoirien\/"},"author":{"name":"7culture2020","@id":"https:\/\/7culture.ci\/#\/schema\/person\/16150d28d7ef66ba788c1f87f28c4426"},"headline":"Show-biz\u00a0: Sur la copie priv\u00e9e, une f\u00e9d\u00e9ration d\u2019artiste promet 200.000 FCFA \u00e0 chaque cr\u00e9ateur ivoirien","datePublished":"2022-12-07T13:08:46+00:00","dateModified":"2022-12-07T14:41:05+00:00","mainEntityOfPage":{"@id":"https:\/\/7culture.ci\/index.php\/2022\/12\/07\/show-biz-sur-la-copie-privee-une-federation-dartiste-promet-200-000-fcfa-a-chaque-createur-ivoirien\/"},"wordCount":655,"commentCount":0,"publisher":{"@id":"https:\/\/7culture.ci\/#organization"},"articleSection":["Actualit\u00e9"],"inLanguage":"fr-FR","potentialAction":[{"@type":"CommentAction","name":"Comment","target":["https:\/\/7culture.ci\/index.php\/2022\/12\/07\/show-biz-sur-la-copie-privee-une-federation-dartiste-promet-200-000-fcfa-a-chaque-createur-ivoirien\/#respond"]}]},{"@type":"WebPage","@id":"https:\/\/7culture.ci\/index.php\/2022\/12\/07\/show-biz-sur-la-copie-privee-une-federation-dartiste-promet-200-000-fcfa-a-chaque-createur-ivoirien\/","url":"https:\/\/7culture.ci\/index.php\/2022\/12\/07\/show-biz-sur-la-copie-privee-une-federation-dartiste-promet-200-000-fcfa-a-chaque-createur-ivoirien\/","name":"Show-biz\u00a0: Sur la copie priv\u00e9e, une f\u00e9d\u00e9ration d\u2019artiste promet 200.000 FCFA \u00e0 chaque cr\u00e9ateur ivoirien -","isPartOf":{"@id":"https:\/\/7culture.ci\/#website"},"datePublished":"2022-12-07T13:08:46+00:00","dateModified":"2022-12-07T14:41:05+00:00","breadcrumb":{"@id":"https:\/\/7culture.ci\/index.php\/2022\/12\/07\/show-biz-sur-la-copie-privee-une-federation-dartiste-promet-200-000-fcfa-a-chaque-createur-ivoirien\/#breadcrumb"},"inLanguage":"fr-FR","potentialAction":[{"@type":"ReadAction","target":["https:\/\/7culture.ci\/index.php\/2022\/12\/07\/show-biz-sur-la-copie-privee-une-federation-dartiste-promet-200-000-fcfa-a-chaque-createur-ivoirien\/"]}]},{"@type":"BreadcrumbList","@id":"https:\/\/7culture.ci\/index.php\/2022\/12\/07\/show-biz-sur-la-copie-privee-une-federation-dartiste-promet-200-000-fcfa-a-chaque-createur-ivoirien\/#breadcrumb","itemListElement":[{"@type":"ListItem","position":1,"name":"Accueil","item":"https:\/\/7culture.ci\/"},{"@type":"ListItem","position":2,"name":"Show-biz\u00a0: Sur la copie priv\u00e9e, une f\u00e9d\u00e9ration d\u2019artiste promet 200.000 FCFA \u00e0 chaque cr\u00e9ateur ivoirien"}]},{"@type":"WebSite","@id":"https:\/\/7culture.ci\/#website","url":"https:\/\/7culture.ci\/","name":"7culture","description":"Tout sur l&#039;actualit\u00e9","publisher":{"@id":"https:\/\/7culture.ci\/#organization"},"potentialAction":[{"@type":"SearchAction","target":{"@type":"EntryPoint","urlTemplate":"https:\/\/7culture.ci\/?s={search_term_string}"},"query-input":"required name=search_term_string"}],"inLanguage":"fr-FR"},{"@type":"Organization","@id":"https:\/\/7culture.ci\/#organization","name":"7culture","url":"https:\/\/7culture.ci\/","sameAs":["https:\/\/www.facebook.com\/redchefclaude","https:\/\/twitter.com\/7culturec"],"logo":{"@type":"ImageObject","inLanguage":"fr-FR","@id":"https:\/\/7culture.ci\/#\/schema\/logo\/image\/","url":"https:\/\/7culture.ci\/wp-content\/uploads\/2021\/12\/S1a-1.png","contentUrl":"https:\/\/7culture.ci\/wp-content\/uploads\/2021\/12\/S1a-1.png","width":588,"height":192,"caption":"7culture"},"image":{"@id":"https:\/\/7culture.ci\/#\/schema\/logo\/image\/"}},{"@type":"Person","@id":"https:\/\/7culture.ci\/#\/schema\/person\/16150d28d7ef66ba788c1f87f28c4426","name":"7culture2020","image":{"@type":"ImageObject","inLanguage":"fr-FR","@id":"https:\/\/7culture.ci\/#\/schema\/person\/image\/","url":"https:\/\/secure.gravatar.com\/avatar\/9a0784f951306c37bcd065f52844ef95?s=96&d=mm&r=g","contentUrl":"https:\/\/secure.gravatar.com\/avatar\/9a0784f951306c37bcd065f52844ef95?s=96&d=mm&r=g","caption":"7culture2020"},"sameAs":["http:\/\/7culture.ci","Claude.kipre"],"url":"https:\/\/7culture.ci\/index.php\/author\/7culture2020\/"}]}},"jetpack_featured_media_url":"https:\/\/7culture.ci\/wp-content\/uploads\/2022\/12\/2.jpg","jetpack_likes_enabled":true,"jetpack_sharing_enabled":true,"_links":{"self":[{"href":"https:\/\/7culture.ci\/index.php\/wp-json\/wp\/v2\/posts\/24686"}],"collection":[{"href":"https:\/\/7culture.ci\/index.php\/wp-json\/wp\/v2\/posts"}],"about":[{"href":"https:\/\/7culture.ci\/index.php\/wp-json\/wp\/v2\/types\/post"}],"author":[{"embeddable":true,"href":"https:\/\/7culture.ci\/index.php\/wp-json\/wp\/v2\/users\/1"}],"replies":[{"embeddable":true,"href":"https:\/\/7culture.ci\/index.php\/wp-json\/wp\/v2\/comments?post=24686"}],"version-history":[{"count":0,"href":"https:\/\/7culture.ci\/index.php\/wp-json\/wp\/v2\/posts\/24686\/revisions"}],"wp:featuredmedia":[{"embeddable":true,"href":"https:\/\/7culture.ci\/index.php\/wp-json\/wp\/v2\/media\/24688"}],"wp:attachment":[{"href":"https:\/\/7culture.ci\/index.php\/wp-json\/wp\/v2\/media?parent=24686"}],"wp:term":[{"taxonomy":"category","embeddable":true,"href":"https:\/\/7culture.ci\/index.php\/wp-json\/wp\/v2\/categories?post=24686"},{"taxonomy":"post_tag","embeddable":true,"href":"https:\/\/7culture.ci\/index.php\/wp-json\/wp\/v2\/tags?post=24686"}],"curies":[{"name":"wp","href":"https:\/\/api.w.org\/{rel}","templated":true}]}}