{"id":24625,"date":"2022-11-24T12:48:34","date_gmt":"2022-11-24T12:48:34","guid":{"rendered":"https:\/\/7culture.ci\/?p=24625"},"modified":"2022-11-24T15:27:24","modified_gmt":"2022-11-24T15:27:24","slug":"coupe-du-monde-2022-comme-un-symbole-embolo-douche-le-cameroun","status":"publish","type":"post","link":"https:\/\/7culture.ci\/index.php\/2022\/11\/24\/coupe-du-monde-2022-comme-un-symbole-embolo-douche-le-cameroun\/","title":{"rendered":"Coupe du Monde 2022 : Comme un symbole, Embolo douche le Cameroun !"},"content":{"rendered":"\n<p>L\u2019attaquant de Monaco a inscrit le seul but de la rencontre, permettant \u00e0 la Suisse de faire tomber les Lions indomptables, et de prendre la t\u00eate du groupe G.<\/p>\n\n\n\n<p>Le r\u00e9sum\u00e9 de Suisse-Cameroun<\/p>\n\n\n\n<p>Il aura finalement suffi d\u2019un petit but \u00e0 la Suisse pour bien d\u00e9marrer son Mondial.&nbsp;Oppos\u00e9e au Cameroun pour son premier match de la comp\u00e9tition, la Nati s\u2019est impos\u00e9e 1 \u00e0 0 jeudi, gr\u00e2ce \u00e0 un but au retour des vestiaires de Breel Embolo. Une r\u00e9alisation pleine de symbole&nbsp;: l\u2019attaquant \u00e9tant n\u00e9 au Cameroun avant de choisir en&nbsp;2015 de jouer pour la s\u00e9lection suisse. Il n\u2019a d\u2019ailleurs pas c\u00e9l\u00e9br\u00e9 son but.<\/p>\n\n\n\n<figure class=\"wp-block-image size-full is-resized\"><img loading=\"lazy\" decoding=\"async\" src=\"https:\/\/7culture.ci\/wp-content\/uploads\/2022\/11\/embolo2.jpg\" alt=\"\" class=\"wp-image-24628\" width=\"581\" height=\"421\" srcset=\"https:\/\/7culture.ci\/wp-content\/uploads\/2022\/11\/embolo2.jpg 650w, https:\/\/7culture.ci\/wp-content\/uploads\/2022\/11\/embolo2-300x217.jpg 300w\" sizes=\"(max-width: 581px) 100vw, 581px\" \/><\/figure>\n\n\n\n<p>Avant que le joueur de Monaco ne trouve la faille, les deux \u00e9quipes avaient chacune eu leur chance d\u2019ouvrir la marque. Bien en place, la Suisse de Granit Xhaka contr\u00f4lait le ballon, et le milieu d\u2019Arsenal \u00e9tait d\u2019ailleurs l\u2019un des premiers \u00e0 se mettre en \u00e9vidence sur une frappe lointaine (15e). En face, les Lions indomptables jouaient surtout en contre, dans la foul\u00e9e d\u2019un Eric Choupo Moting qui a fait honneur \u00e0 son brassard de capitaine. Dans tous les coups, l\u2019ex attaquant du PSG (aujourd\u2019hui au Bayern Munich) s\u2019est d\u2019abord offert un raid solitaire (14e) avant d\u2019orienter toutes les attaques des siens, sans succ\u00e8s\u2026 La suite <strong><a href=\"https:\/\/www.lemonde.fr\/football\/live\/2022\/11\/24\/suisse-cameroun-en-direct-suivez-le-match-de-la-coupe-du-monde-2022_6151379_1616938.html\">ICI.<\/a><\/strong><\/p>\n\n\n\n<figure class=\"wp-block-image aligncenter size-large is-resized\"><img loading=\"lazy\" decoding=\"async\" src=\"https:\/\/7culture.ci\/wp-content\/uploads\/2022\/11\/embolo3-1024x683.jpg\" alt=\"\" class=\"wp-image-24629\" width=\"730\" height=\"487\" srcset=\"https:\/\/7culture.ci\/wp-content\/uploads\/2022\/11\/embolo3-1024x683.jpg 1024w, https:\/\/7culture.ci\/wp-content\/uploads\/2022\/11\/embolo3-300x200.jpg 300w, https:\/\/7culture.ci\/wp-content\/uploads\/2022\/11\/embolo3-768x512.jpg 768w, https:\/\/7culture.ci\/wp-content\/uploads\/2022\/11\/embolo3-1536x1024.jpg 1536w, https:\/\/7culture.ci\/wp-content\/uploads\/2022\/11\/embolo3-2048x1365.jpg 2048w\" sizes=\"(max-width: 730px) 100vw, 730px\" \/><\/figure>\n","protected":false},"excerpt":{"rendered":"<p>L\u2019attaquant de Monaco a inscrit le seul but de la rencontre, permettant \u00e0 la Suisse de faire tomber les Lions indomptables, et de prendre la t\u00eate du groupe G. Le r\u00e9sum\u00e9 de Suisse-Cameroun Il aura finalement suffi d\u2019un petit but \u00e0 la Suisse pour bien d\u00e9marrer son Mondial.&nbsp;Oppos\u00e9e au Cameroun pour son premier match de &hellip;<\/p>\n<p class=\"read-more\"> <a class=\"\" href=\"https:\/\/7culture.ci\/index.php\/2022\/11\/24\/coupe-du-monde-2022-comme-un-symbole-embolo-douche-le-cameroun\/\"> <span class=\"screen-reader-text\">Coupe du Monde 2022 : Comme un symbole, Embolo douche le Cameroun !<\/span> Lire la suite\u00a0\u00bb<\/a><\/p>\n","protected":false},"author":1,"featured_media":24627,"comment_status":"open","ping_status":"open","sticky":false,"template":"","format":"standard","meta":{"_mi_skip_tracking":false,"_monsterinsights_sitenote_active":false,"_monsterinsights_sitenote_note":"","_monsterinsights_sitenote_category":0,"site-sidebar-layout":"default","site-content-layout":"default","ast-global-header-display":"","ast-main-header-display":"","ast-hfb-above-header-display":"","ast-hfb-below-header-display":"","ast-hfb-mobile-header-display":"","site-post-title":"","ast-breadcrumbs-content":"","ast-featured-img":"","footer-sml-layout":"","theme-transparent-header-meta":"","adv-header-id-meta":"","stick-header-meta":"","header-above-stick-meta":"","header-main-stick-meta":"","header-below-stick-meta":"","footnotes":"","jetpack_publicize_message":"","jetpack_is_tweetstorm":false,"jetpack_publicize_feature_enabled":true},"categories":[22],"tags":[],"jetpack_publicize_connections":[],"acf":[],"aioseo_notices":[],"yoast_head":"<!-- This site is optimized with the Yoast SEO plugin v19.6.1 - https:\/\/yoast.com\/wordpress\/plugins\/seo\/ -->\n<title>Coupe du Monde 2022 : Comme un symbole, Embolo douche le Cameroun ! -<\/title>\n<meta name=\"robots\" content=\"index, follow, max-snippet:-1, max-image-preview:large, max-video-preview:-1\" \/>\n<link rel=\"canonical\" href=\"https:\/\/7culture.ci\/index.php\/2022\/11\/24\/coupe-du-monde-2022-comme-un-symbole-embolo-douche-le-cameroun\/\" \/>\n<meta property=\"og:locale\" content=\"fr_FR\" \/>\n<meta property=\"og:type\" content=\"article\" \/>\n<meta property=\"og:title\" content=\"Coupe du Monde 2022 : Comme un symbole, Embolo douche le Cameroun ! -\" \/>\n<meta property=\"og:description\" content=\"L\u2019attaquant de Monaco a inscrit le seul but de la rencontre, permettant \u00e0 la Suisse de faire tomber les Lions indomptables, et de prendre la t\u00eate du groupe G. Le r\u00e9sum\u00e9 de Suisse-Cameroun Il aura finalement suffi d\u2019un petit but \u00e0 la Suisse pour bien d\u00e9marrer son Mondial.&nbsp;Oppos\u00e9e au Cameroun pour son premier match de &hellip; Coupe du Monde 2022 : Comme un symbole, Embolo douche le Cameroun ! Lire la suite\u00a0\u00bb\" \/>\n<meta property=\"og:url\" content=\"https:\/\/7culture.ci\/index.php\/2022\/11\/24\/coupe-du-monde-2022-comme-un-symbole-embolo-douche-le-cameroun\/\" \/>\n<meta property=\"og:site_name\" content=\"7culture\" \/>\n<meta property=\"article:publisher\" content=\"https:\/\/www.facebook.com\/redchefclaude\" \/>\n<meta property=\"article:published_time\" content=\"2022-11-24T12:48:34+00:00\" \/>\n<meta property=\"article:modified_time\" content=\"2022-11-24T15:27:24+00:00\" \/>\n<meta property=\"og:image\" content=\"http:\/\/7culture.ci\/wp-content\/uploads\/2022\/11\/embolo1.jpg\" \/>\n\t<meta property=\"og:image:width\" content=\"580\" \/>\n\t<meta property=\"og:image:height\" content=\"387\" \/>\n\t<meta property=\"og:image:type\" content=\"image\/jpeg\" \/>\n<meta name=\"author\" content=\"7culture2020\" \/>\n<meta name=\"twitter:card\" content=\"summary_large_image\" \/>\n<meta name=\"twitter:creator\" content=\"@7culturec\" \/>\n<meta name=\"twitter:site\" content=\"@7culturec\" \/>\n<meta name=\"twitter:label1\" content=\"\u00c9crit par\" \/>\n\t<meta name=\"twitter:data1\" content=\"7culture2020\" \/>\n\t<meta name=\"twitter:label2\" content=\"Dur\u00e9e de lecture estim\u00e9e\" \/>\n\t<meta name=\"twitter:data2\" content=\"1 minute\" \/>\n<script type=\"application\/ld+json\" class=\"yoast-schema-graph\">{\"@context\":\"https:\/\/schema.org\",\"@graph\":[{\"@type\":\"Article\",\"@id\":\"https:\/\/7culture.ci\/index.php\/2022\/11\/24\/coupe-du-monde-2022-comme-un-symbole-embolo-douche-le-cameroun\/#article\",\"isPartOf\":{\"@id\":\"https:\/\/7culture.ci\/index.php\/2022\/11\/24\/coupe-du-monde-2022-comme-un-symbole-embolo-douche-le-cameroun\/\"},\"author\":{\"name\":\"7culture2020\",\"@id\":\"https:\/\/7culture.ci\/#\/schema\/person\/16150d28d7ef66ba788c1f87f28c4426\"},\"headline\":\"Coupe du Monde 2022 : Comme un symbole, Embolo douche le Cameroun !\",\"datePublished\":\"2022-11-24T12:48:34+00:00\",\"dateModified\":\"2022-11-24T15:27:24+00:00\",\"mainEntityOfPage\":{\"@id\":\"https:\/\/7culture.ci\/index.php\/2022\/11\/24\/coupe-du-monde-2022-comme-un-symbole-embolo-douche-le-cameroun\/\"},\"wordCount\":246,\"commentCount\":0,\"publisher\":{\"@id\":\"https:\/\/7culture.ci\/#organization\"},\"articleSection\":[\"Actualit\u00e9\"],\"inLanguage\":\"fr-FR\",\"potentialAction\":[{\"@type\":\"CommentAction\",\"name\":\"Comment\",\"target\":[\"https:\/\/7culture.ci\/index.php\/2022\/11\/24\/coupe-du-monde-2022-comme-un-symbole-embolo-douche-le-cameroun\/#respond\"]}]},{\"@type\":\"WebPage\",\"@id\":\"https:\/\/7culture.ci\/index.php\/2022\/11\/24\/coupe-du-monde-2022-comme-un-symbole-embolo-douche-le-cameroun\/\",\"url\":\"https:\/\/7culture.ci\/index.php\/2022\/11\/24\/coupe-du-monde-2022-comme-un-symbole-embolo-douche-le-cameroun\/\",\"name\":\"Coupe du Monde 2022 : Comme un symbole, Embolo douche le Cameroun ! -\",\"isPartOf\":{\"@id\":\"https:\/\/7culture.ci\/#website\"},\"datePublished\":\"2022-11-24T12:48:34+00:00\",\"dateModified\":\"2022-11-24T15:27:24+00:00\",\"breadcrumb\":{\"@id\":\"https:\/\/7culture.ci\/index.php\/2022\/11\/24\/coupe-du-monde-2022-comme-un-symbole-embolo-douche-le-cameroun\/#breadcrumb\"},\"inLanguage\":\"fr-FR\",\"potentialAction\":[{\"@type\":\"ReadAction\",\"target\":[\"https:\/\/7culture.ci\/index.php\/2022\/11\/24\/coupe-du-monde-2022-comme-un-symbole-embolo-douche-le-cameroun\/\"]}]},{\"@type\":\"BreadcrumbList\",\"@id\":\"https:\/\/7culture.ci\/index.php\/2022\/11\/24\/coupe-du-monde-2022-comme-un-symbole-embolo-douche-le-cameroun\/#breadcrumb\",\"itemListElement\":[{\"@type\":\"ListItem\",\"position\":1,\"name\":\"Accueil\",\"item\":\"https:\/\/7culture.ci\/\"},{\"@type\":\"ListItem\",\"position\":2,\"name\":\"Coupe du Monde 2022 : Comme un symbole, Embolo douche le Cameroun !\"}]},{\"@type\":\"WebSite\",\"@id\":\"https:\/\/7culture.ci\/#website\",\"url\":\"https:\/\/7culture.ci\/\",\"name\":\"7culture\",\"description\":\"Tout sur l&#039;actualit\u00e9\",\"publisher\":{\"@id\":\"https:\/\/7culture.ci\/#organization\"},\"potentialAction\":[{\"@type\":\"SearchAction\",\"target\":{\"@type\":\"EntryPoint\",\"urlTemplate\":\"https:\/\/7culture.ci\/?s={search_term_string}\"},\"query-input\":\"required name=search_term_string\"}],\"inLanguage\":\"fr-FR\"},{\"@type\":\"Organization\",\"@id\":\"https:\/\/7culture.ci\/#organization\",\"name\":\"7culture\",\"url\":\"https:\/\/7culture.ci\/\",\"sameAs\":[\"https:\/\/www.facebook.com\/redchefclaude\",\"https:\/\/twitter.com\/7culturec\"],\"logo\":{\"@type\":\"ImageObject\",\"inLanguage\":\"fr-FR\",\"@id\":\"https:\/\/7culture.ci\/#\/schema\/logo\/image\/\",\"url\":\"https:\/\/7culture.ci\/wp-content\/uploads\/2021\/12\/S1a-1.png\",\"contentUrl\":\"https:\/\/7culture.ci\/wp-content\/uploads\/2021\/12\/S1a-1.png\",\"width\":588,\"height\":192,\"caption\":\"7culture\"},\"image\":{\"@id\":\"https:\/\/7culture.ci\/#\/schema\/logo\/image\/\"}},{\"@type\":\"Person\",\"@id\":\"https:\/\/7culture.ci\/#\/schema\/person\/16150d28d7ef66ba788c1f87f28c4426\",\"name\":\"7culture2020\",\"image\":{\"@type\":\"ImageObject\",\"inLanguage\":\"fr-FR\",\"@id\":\"https:\/\/7culture.ci\/#\/schema\/person\/image\/\",\"url\":\"https:\/\/secure.gravatar.com\/avatar\/9a0784f951306c37bcd065f52844ef95?s=96&d=mm&r=g\",\"contentUrl\":\"https:\/\/secure.gravatar.com\/avatar\/9a0784f951306c37bcd065f52844ef95?s=96&d=mm&r=g\",\"caption\":\"7culture2020\"},\"sameAs\":[\"http:\/\/7culture.ci\",\"Claude.kipre\"],\"url\":\"https:\/\/7culture.ci\/index.php\/author\/7culture2020\/\"}]}<\/script>\n<!-- \/ Yoast SEO plugin. -->","yoast_head_json":{"title":"Coupe du Monde 2022 : Comme un symbole, Embolo douche le Cameroun ! -","robots":{"index":"index","follow":"follow","max-snippet":"max-snippet:-1","max-image-preview":"max-image-preview:large","max-video-preview":"max-video-preview:-1"},"canonical":"https:\/\/7culture.ci\/index.php\/2022\/11\/24\/coupe-du-monde-2022-comme-un-symbole-embolo-douche-le-cameroun\/","og_locale":"fr_FR","og_type":"article","og_title":"Coupe du Monde 2022 : Comme un symbole, Embolo douche le Cameroun ! -","og_description":"L\u2019attaquant de Monaco a inscrit le seul but de la rencontre, permettant \u00e0 la Suisse de faire tomber les Lions indomptables, et de prendre la t\u00eate du groupe G. Le r\u00e9sum\u00e9 de Suisse-Cameroun Il aura finalement suffi d\u2019un petit but \u00e0 la Suisse pour bien d\u00e9marrer son Mondial.&nbsp;Oppos\u00e9e au Cameroun pour son premier match de &hellip; Coupe du Monde 2022 : Comme un symbole, Embolo douche le Cameroun ! Lire la suite\u00a0\u00bb","og_url":"https:\/\/7culture.ci\/index.php\/2022\/11\/24\/coupe-du-monde-2022-comme-un-symbole-embolo-douche-le-cameroun\/","og_site_name":"7culture","article_publisher":"https:\/\/www.facebook.com\/redchefclaude","article_published_time":"2022-11-24T12:48:34+00:00","article_modified_time":"2022-11-24T15:27:24+00:00","og_image":[{"width":580,"height":387,"url":"http:\/\/7culture.ci\/wp-content\/uploads\/2022\/11\/embolo1.jpg","type":"image\/jpeg"}],"author":"7culture2020","twitter_card":"summary_large_image","twitter_creator":"@7culturec","twitter_site":"@7culturec","twitter_misc":{"\u00c9crit par":"7culture2020","Dur\u00e9e de lecture estim\u00e9e":"1 minute"},"schema":{"@context":"https:\/\/schema.org","@graph":[{"@type":"Article","@id":"https:\/\/7culture.ci\/index.php\/2022\/11\/24\/coupe-du-monde-2022-comme-un-symbole-embolo-douche-le-cameroun\/#article","isPartOf":{"@id":"https:\/\/7culture.ci\/index.php\/2022\/11\/24\/coupe-du-monde-2022-comme-un-symbole-embolo-douche-le-cameroun\/"},"author":{"name":"7culture2020","@id":"https:\/\/7culture.ci\/#\/schema\/person\/16150d28d7ef66ba788c1f87f28c4426"},"headline":"Coupe du Monde 2022 : Comme un symbole, Embolo douche le Cameroun !","datePublished":"2022-11-24T12:48:34+00:00","dateModified":"2022-11-24T15:27:24+00:00","mainEntityOfPage":{"@id":"https:\/\/7culture.ci\/index.php\/2022\/11\/24\/coupe-du-monde-2022-comme-un-symbole-embolo-douche-le-cameroun\/"},"wordCount":246,"commentCount":0,"publisher":{"@id":"https:\/\/7culture.ci\/#organization"},"articleSection":["Actualit\u00e9"],"inLanguage":"fr-FR","potentialAction":[{"@type":"CommentAction","name":"Comment","target":["https:\/\/7culture.ci\/index.php\/2022\/11\/24\/coupe-du-monde-2022-comme-un-symbole-embolo-douche-le-cameroun\/#respond"]}]},{"@type":"WebPage","@id":"https:\/\/7culture.ci\/index.php\/2022\/11\/24\/coupe-du-monde-2022-comme-un-symbole-embolo-douche-le-cameroun\/","url":"https:\/\/7culture.ci\/index.php\/2022\/11\/24\/coupe-du-monde-2022-comme-un-symbole-embolo-douche-le-cameroun\/","name":"Coupe du Monde 2022 : Comme un symbole, Embolo douche le Cameroun ! -","isPartOf":{"@id":"https:\/\/7culture.ci\/#website"},"datePublished":"2022-11-24T12:48:34+00:00","dateModified":"2022-11-24T15:27:24+00:00","breadcrumb":{"@id":"https:\/\/7culture.ci\/index.php\/2022\/11\/24\/coupe-du-monde-2022-comme-un-symbole-embolo-douche-le-cameroun\/#breadcrumb"},"inLanguage":"fr-FR","potentialAction":[{"@type":"ReadAction","target":["https:\/\/7culture.ci\/index.php\/2022\/11\/24\/coupe-du-monde-2022-comme-un-symbole-embolo-douche-le-cameroun\/"]}]},{"@type":"BreadcrumbList","@id":"https:\/\/7culture.ci\/index.php\/2022\/11\/24\/coupe-du-monde-2022-comme-un-symbole-embolo-douche-le-cameroun\/#breadcrumb","itemListElement":[{"@type":"ListItem","position":1,"name":"Accueil","item":"https:\/\/7culture.ci\/"},{"@type":"ListItem","position":2,"name":"Coupe du Monde 2022 : Comme un symbole, Embolo douche le Cameroun !"}]},{"@type":"WebSite","@id":"https:\/\/7culture.ci\/#website","url":"https:\/\/7culture.ci\/","name":"7culture","description":"Tout sur l&#039;actualit\u00e9","publisher":{"@id":"https:\/\/7culture.ci\/#organization"},"potentialAction":[{"@type":"SearchAction","target":{"@type":"EntryPoint","urlTemplate":"https:\/\/7culture.ci\/?s={search_term_string}"},"query-input":"required name=search_term_string"}],"inLanguage":"fr-FR"},{"@type":"Organization","@id":"https:\/\/7culture.ci\/#organization","name":"7culture","url":"https:\/\/7culture.ci\/","sameAs":["https:\/\/www.facebook.com\/redchefclaude","https:\/\/twitter.com\/7culturec"],"logo":{"@type":"ImageObject","inLanguage":"fr-FR","@id":"https:\/\/7culture.ci\/#\/schema\/logo\/image\/","url":"https:\/\/7culture.ci\/wp-content\/uploads\/2021\/12\/S1a-1.png","contentUrl":"https:\/\/7culture.ci\/wp-content\/uploads\/2021\/12\/S1a-1.png","width":588,"height":192,"caption":"7culture"},"image":{"@id":"https:\/\/7culture.ci\/#\/schema\/logo\/image\/"}},{"@type":"Person","@id":"https:\/\/7culture.ci\/#\/schema\/person\/16150d28d7ef66ba788c1f87f28c4426","name":"7culture2020","image":{"@type":"ImageObject","inLanguage":"fr-FR","@id":"https:\/\/7culture.ci\/#\/schema\/person\/image\/","url":"https:\/\/secure.gravatar.com\/avatar\/9a0784f951306c37bcd065f52844ef95?s=96&d=mm&r=g","contentUrl":"https:\/\/secure.gravatar.com\/avatar\/9a0784f951306c37bcd065f52844ef95?s=96&d=mm&r=g","caption":"7culture2020"},"sameAs":["http:\/\/7culture.ci","Claude.kipre"],"url":"https:\/\/7culture.ci\/index.php\/author\/7culture2020\/"}]}},"jetpack_featured_media_url":"https:\/\/7culture.ci\/wp-content\/uploads\/2022\/11\/embolo1.jpg","jetpack_likes_enabled":true,"jetpack_sharing_enabled":true,"_links":{"self":[{"href":"https:\/\/7culture.ci\/index.php\/wp-json\/wp\/v2\/posts\/24625"}],"collection":[{"href":"https:\/\/7culture.ci\/index.php\/wp-json\/wp\/v2\/posts"}],"about":[{"href":"https:\/\/7culture.ci\/index.php\/wp-json\/wp\/v2\/types\/post"}],"author":[{"embeddable":true,"href":"https:\/\/7culture.ci\/index.php\/wp-json\/wp\/v2\/users\/1"}],"replies":[{"embeddable":true,"href":"https:\/\/7culture.ci\/index.php\/wp-json\/wp\/v2\/comments?post=24625"}],"version-history":[{"count":0,"href":"https:\/\/7culture.ci\/index.php\/wp-json\/wp\/v2\/posts\/24625\/revisions"}],"wp:featuredmedia":[{"embeddable":true,"href":"https:\/\/7culture.ci\/index.php\/wp-json\/wp\/v2\/media\/24627"}],"wp:attachment":[{"href":"https:\/\/7culture.ci\/index.php\/wp-json\/wp\/v2\/media?parent=24625"}],"wp:term":[{"taxonomy":"category","embeddable":true,"href":"https:\/\/7culture.ci\/index.php\/wp-json\/wp\/v2\/categories?post=24625"},{"taxonomy":"post_tag","embeddable":true,"href":"https:\/\/7culture.ci\/index.php\/wp-json\/wp\/v2\/tags?post=24625"}],"curies":[{"name":"wp","href":"https:\/\/api.w.org\/{rel}","templated":true}]}}