{"id":24607,"date":"2022-11-21T15:54:07","date_gmt":"2022-11-21T15:54:07","guid":{"rendered":"https:\/\/7culture.ci\/?p=24607"},"modified":"2022-11-23T15:26:15","modified_gmt":"2022-11-23T15:26:15","slug":"concert-josey-promet-du-baleze-17-decembre-prochain","status":"publish","type":"post","link":"https:\/\/7culture.ci\/index.php\/2022\/11\/21\/concert-josey-promet-du-baleze-17-decembre-prochain\/","title":{"rendered":"Concert\u00a0: Josey promet du bal\u00e8ze le 17 d\u00e9cembre\u00a0prochain"},"content":{"rendered":"\n<p>La chanteuse ivoirienne Josey (Jos\u00e9e Priscille Gnakrou de son vrai nom), sera en concert le samedi 17 d\u00e9cembre 2022 au Sofitel Abidjan H\u00f4tel Ivoire. Avant cette date, l\u2019artiste a rencontr\u00e9 la presse le vendredi 18 novembre au Palm Club H\u00f4tel \u00e0 Cocody. Occasion pour son \u00e9quipe et elle, d\u2019apporter plus d\u2019\u00e9clairages aux m\u00e9dias sur le spectacle baptis\u00e9 \u2018\u2019Ph\u0153nix\u2019\u2019 qu\u2019elles annoncent f\u00e9\u00e9rique et pleine de surprises.<\/p>\n\n\n\n<p>Avec ce show, Josey souligne vouloir partager une nouvelle exp\u00e9rience avec le public. Elle a indiqu\u00e9 que ce spectacle sera extraordinaire. \u00ab&nbsp;<strong><em>Je promets d\u2019offrir au public un spectacle de qualit\u00e9, avec de grosses surprises tout autour. Au-del\u00e0 des chansons, il y aura autre chose. Ce concert sera extraordinaire que le premier qui s\u2019est tenu le 26 juin 2021 \u00e0 la salle Anoumabo du Palais de la Culture de Treichville<\/em><\/strong>&nbsp;\u00bb, pr\u00e9vient-elle.&nbsp;\u00ab&nbsp;<strong><em>J\u2019ai baptis\u00e9 ce concert ph\u0153nix, car je m\u2019identifie \u00e0 ce bel oiseau qui renait toujours de ses cendres. Il se caract\u00e9rise par sa capacit\u00e9 \u00e0 se relever des \u00e9preuves. Je veux aussi que ma musique perdure dans le temps<\/em><\/strong>&nbsp;\u00bb, a-t-elle expliqu\u00e9. Ce, avant de relever que le concert du 17 d\u00e9cembre 2022 sera un voyage musical dans toutes les cultures ivoiriennes, avec une dose de modernit\u00e9, comme elle sait le faire.<\/p>\n\n\n\n<figure class=\"wp-block-gallery has-nested-images columns-default is-cropped wp-block-gallery-1 is-layout-flex wp-block-gallery-is-layout-flex\">\n<figure class=\"wp-block-image size-large\"><img loading=\"lazy\" decoding=\"async\" width=\"1024\" height=\"768\" data-id=\"24610\" src=\"https:\/\/7culture.ci\/wp-content\/uploads\/2022\/11\/WhatsApp-Image-2022-11-21-at-13.22.37-1024x768.jpeg\" alt=\"\" class=\"wp-image-24610\" srcset=\"https:\/\/7culture.ci\/wp-content\/uploads\/2022\/11\/WhatsApp-Image-2022-11-21-at-13.22.37-1024x768.jpeg 1024w, https:\/\/7culture.ci\/wp-content\/uploads\/2022\/11\/WhatsApp-Image-2022-11-21-at-13.22.37-300x225.jpeg 300w, https:\/\/7culture.ci\/wp-content\/uploads\/2022\/11\/WhatsApp-Image-2022-11-21-at-13.22.37-768x576.jpeg 768w, https:\/\/7culture.ci\/wp-content\/uploads\/2022\/11\/WhatsApp-Image-2022-11-21-at-13.22.37.jpeg 1080w\" sizes=\"(max-width: 1024px) 100vw, 1024px\" \/><\/figure>\n\n\n\n<figure class=\"wp-block-image size-large\"><img loading=\"lazy\" decoding=\"async\" width=\"1024\" height=\"768\" data-id=\"24611\" src=\"https:\/\/7culture.ci\/wp-content\/uploads\/2022\/11\/WhatsApp-Image-2022-11-21-at-13.23.44-1024x768.jpeg\" alt=\"\" class=\"wp-image-24611\" srcset=\"https:\/\/7culture.ci\/wp-content\/uploads\/2022\/11\/WhatsApp-Image-2022-11-21-at-13.23.44-1024x768.jpeg 1024w, https:\/\/7culture.ci\/wp-content\/uploads\/2022\/11\/WhatsApp-Image-2022-11-21-at-13.23.44-300x225.jpeg 300w, https:\/\/7culture.ci\/wp-content\/uploads\/2022\/11\/WhatsApp-Image-2022-11-21-at-13.23.44-768x576.jpeg 768w, https:\/\/7culture.ci\/wp-content\/uploads\/2022\/11\/WhatsApp-Image-2022-11-21-at-13.23.44.jpeg 1080w\" sizes=\"(max-width: 1024px) 100vw, 1024px\" \/><\/figure>\n\n\n\n<figure class=\"wp-block-image size-large\"><img loading=\"lazy\" decoding=\"async\" width=\"1024\" height=\"768\" data-id=\"24612\" src=\"https:\/\/7culture.ci\/wp-content\/uploads\/2022\/11\/WhatsApp-Image-2022-11-21-at-13.25.51-1024x768.jpeg\" alt=\"\" class=\"wp-image-24612\" srcset=\"https:\/\/7culture.ci\/wp-content\/uploads\/2022\/11\/WhatsApp-Image-2022-11-21-at-13.25.51-1024x768.jpeg 1024w, https:\/\/7culture.ci\/wp-content\/uploads\/2022\/11\/WhatsApp-Image-2022-11-21-at-13.25.51-300x225.jpeg 300w, https:\/\/7culture.ci\/wp-content\/uploads\/2022\/11\/WhatsApp-Image-2022-11-21-at-13.25.51-768x576.jpeg 768w, https:\/\/7culture.ci\/wp-content\/uploads\/2022\/11\/WhatsApp-Image-2022-11-21-at-13.25.51.jpeg 1080w\" sizes=\"(max-width: 1024px) 100vw, 1024px\" \/><\/figure>\n<\/figure>\n\n\n\n<p>Le concert Ph\u0153nix est pr\u00e9vu \u00e0 19h. Il verra \u00e9grener, durant plus d\u2019une heure, les meilleures chansons de l\u2019artiste, ainsi que des in\u00e9dits. A en croire son coordinateur g\u00e9n\u00e9ral, Delors Inabo, ce sera un spectacle cossu avec du folklore et du roots ivoiriens. Justifiant le choix de la salle du palais des congr\u00e8s du Sofitel Abidjan H\u00f4tel Ivoire, Delors Inabo a expliqu\u00e9 que Josey est la rel\u00e8ve assur\u00e9e des grandes chanteuses ivoiriennes comme Aicha Kon\u00e9, Monique Seka, Antoinette Konan\u2026 et qu\u2019elle a une voix qui s\u2019impose en C\u00f4te d\u2019Ivoire et \u00e0 travers l\u2019Afrique. \u00ab <strong><em>A ce titre, elle m\u00e9rite la plus belle salle de spectacle de C\u00f4te d\u2019Ivoire<\/em><\/strong>&nbsp;\u00bb, a-t-il d\u00e9duit.<\/p>\n\n\n\n<figure class=\"wp-block-gallery has-nested-images columns-default is-cropped wp-block-gallery-2 is-layout-flex wp-block-gallery-is-layout-flex\">\n<figure class=\"wp-block-image size-large\"><img loading=\"lazy\" decoding=\"async\" width=\"768\" height=\"1024\" data-id=\"24613\" src=\"https:\/\/7culture.ci\/wp-content\/uploads\/2022\/11\/WhatsApp-Image-2022-11-21-at-13.24.07-768x1024.jpeg\" alt=\"\" class=\"wp-image-24613\" srcset=\"https:\/\/7culture.ci\/wp-content\/uploads\/2022\/11\/WhatsApp-Image-2022-11-21-at-13.24.07-768x1024.jpeg 768w, https:\/\/7culture.ci\/wp-content\/uploads\/2022\/11\/WhatsApp-Image-2022-11-21-at-13.24.07-225x300.jpeg 225w, https:\/\/7culture.ci\/wp-content\/uploads\/2022\/11\/WhatsApp-Image-2022-11-21-at-13.24.07-rotated.jpeg 810w\" sizes=\"(max-width: 768px) 100vw, 768px\" \/><\/figure>\n\n\n\n<figure class=\"wp-block-image size-large\"><img loading=\"lazy\" decoding=\"async\" width=\"768\" height=\"1024\" data-id=\"24615\" src=\"https:\/\/7culture.ci\/wp-content\/uploads\/2022\/11\/WhatsApp-Image-2022-11-21-at-13.24.58-768x1024.jpeg\" alt=\"\" class=\"wp-image-24615\" srcset=\"https:\/\/7culture.ci\/wp-content\/uploads\/2022\/11\/WhatsApp-Image-2022-11-21-at-13.24.58-768x1024.jpeg 768w, https:\/\/7culture.ci\/wp-content\/uploads\/2022\/11\/WhatsApp-Image-2022-11-21-at-13.24.58-225x300.jpeg 225w, https:\/\/7culture.ci\/wp-content\/uploads\/2022\/11\/WhatsApp-Image-2022-11-21-at-13.24.58-rotated.jpeg 810w\" sizes=\"(max-width: 768px) 100vw, 768px\" \/><\/figure>\n\n\n\n<figure class=\"wp-block-image size-large\"><img loading=\"lazy\" decoding=\"async\" width=\"1024\" height=\"768\" data-id=\"24614\" src=\"https:\/\/7culture.ci\/wp-content\/uploads\/2022\/11\/WhatsApp-Image-2022-11-21-at-13.25.09-1024x768.jpeg\" alt=\"\" class=\"wp-image-24614\" srcset=\"https:\/\/7culture.ci\/wp-content\/uploads\/2022\/11\/WhatsApp-Image-2022-11-21-at-13.25.09-1024x768.jpeg 1024w, https:\/\/7culture.ci\/wp-content\/uploads\/2022\/11\/WhatsApp-Image-2022-11-21-at-13.25.09-300x225.jpeg 300w, https:\/\/7culture.ci\/wp-content\/uploads\/2022\/11\/WhatsApp-Image-2022-11-21-at-13.25.09-768x576.jpeg 768w, https:\/\/7culture.ci\/wp-content\/uploads\/2022\/11\/WhatsApp-Image-2022-11-21-at-13.25.09.jpeg 1080w\" sizes=\"(max-width: 1024px) 100vw, 1024px\" \/><\/figure>\n<\/figure>\n\n\n\n<p>Au niveau de l\u2019organisation, M. Inabo a soulign\u00e9 que l\u2019\u00e9quipe a appris des failles du concert de l\u2019ann\u00e9e derni\u00e8re, et que cette fois, ce sera un spectacle tr\u00e8s professionnel, avec une s\u00e9curit\u00e9 garantie et renforc\u00e9e. <strong><em>\u00ab&nbsp;Les tickets sont disponibles dans le r\u00e9seau Librairies de France et sur les plateformes digitales d\u00e9di\u00e9esaux prix de 50.000CFA grand public, 100.0000 FCFA VIP et 150&nbsp;000 FCFA VVIP&nbsp;<\/em><\/strong>\u00bb, indiquent les organisateurs du concert \u2018\u2019Ph\u0153nix\u2019\u2019 du 17 d\u00e9cembre 2022.<\/p>\n\n\n\n<p>Par Adams T.<\/p>\n","protected":false},"excerpt":{"rendered":"<p>La chanteuse ivoirienne Josey (Jos\u00e9e Priscille Gnakrou de son vrai nom), sera en concert le samedi 17 d\u00e9cembre 2022 au Sofitel Abidjan H\u00f4tel Ivoire. Avant cette date, l\u2019artiste a rencontr\u00e9 la presse le vendredi 18 novembre au Palm Club H\u00f4tel \u00e0 Cocody. Occasion pour son \u00e9quipe et elle, d\u2019apporter plus d\u2019\u00e9clairages aux m\u00e9dias sur le &hellip;<\/p>\n<p class=\"read-more\"> <a class=\"\" href=\"https:\/\/7culture.ci\/index.php\/2022\/11\/21\/concert-josey-promet-du-baleze-17-decembre-prochain\/\"> <span class=\"screen-reader-text\">Concert\u00a0: Josey promet du bal\u00e8ze le 17 d\u00e9cembre\u00a0prochain<\/span> Lire la suite\u00a0\u00bb<\/a><\/p>\n","protected":false},"author":1,"featured_media":24609,"comment_status":"open","ping_status":"open","sticky":false,"template":"","format":"standard","meta":{"_mi_skip_tracking":false,"_monsterinsights_sitenote_active":false,"_monsterinsights_sitenote_note":"","_monsterinsights_sitenote_category":0,"site-sidebar-layout":"default","site-content-layout":"default","ast-global-header-display":"","ast-main-header-display":"","ast-hfb-above-header-display":"","ast-hfb-below-header-display":"","ast-hfb-mobile-header-display":"","site-post-title":"","ast-breadcrumbs-content":"","ast-featured-img":"","footer-sml-layout":"","theme-transparent-header-meta":"","adv-header-id-meta":"","stick-header-meta":"","header-above-stick-meta":"","header-main-stick-meta":"","header-below-stick-meta":"","footnotes":"","jetpack_publicize_message":"","jetpack_is_tweetstorm":false,"jetpack_publicize_feature_enabled":true},"categories":[16],"tags":[],"jetpack_publicize_connections":[],"acf":[],"aioseo_notices":[],"yoast_head":"<!-- This site is optimized with the Yoast SEO plugin v19.6.1 - https:\/\/yoast.com\/wordpress\/plugins\/seo\/ -->\n<title>Concert\u00a0: Josey promet du bal\u00e8ze le 17 d\u00e9cembre\u00a0prochain -<\/title>\n<meta name=\"robots\" content=\"index, follow, max-snippet:-1, max-image-preview:large, max-video-preview:-1\" \/>\n<link rel=\"canonical\" href=\"https:\/\/7culture.ci\/index.php\/2022\/11\/21\/concert-josey-promet-du-baleze-17-decembre-prochain\/\" \/>\n<meta property=\"og:locale\" content=\"fr_FR\" \/>\n<meta property=\"og:type\" content=\"article\" \/>\n<meta property=\"og:title\" content=\"Concert\u00a0: Josey promet du bal\u00e8ze le 17 d\u00e9cembre\u00a0prochain -\" \/>\n<meta property=\"og:description\" content=\"La chanteuse ivoirienne Josey (Jos\u00e9e Priscille Gnakrou de son vrai nom), sera en concert le samedi 17 d\u00e9cembre 2022 au Sofitel Abidjan H\u00f4tel Ivoire. Avant cette date, l\u2019artiste a rencontr\u00e9 la presse le vendredi 18 novembre au Palm Club H\u00f4tel \u00e0 Cocody. Occasion pour son \u00e9quipe et elle, d\u2019apporter plus d\u2019\u00e9clairages aux m\u00e9dias sur le &hellip; Concert\u00a0: Josey promet du bal\u00e8ze le 17 d\u00e9cembre\u00a0prochain Lire la suite\u00a0\u00bb\" \/>\n<meta property=\"og:url\" content=\"https:\/\/7culture.ci\/index.php\/2022\/11\/21\/concert-josey-promet-du-baleze-17-decembre-prochain\/\" \/>\n<meta property=\"og:site_name\" content=\"7culture\" \/>\n<meta property=\"article:publisher\" content=\"https:\/\/www.facebook.com\/redchefclaude\" \/>\n<meta property=\"article:published_time\" content=\"2022-11-21T15:54:07+00:00\" \/>\n<meta property=\"article:modified_time\" content=\"2022-11-23T15:26:15+00:00\" \/>\n<meta property=\"og:image\" content=\"http:\/\/7culture.ci\/wp-content\/uploads\/2022\/11\/jo1.jpeg\" \/>\n\t<meta property=\"og:image:width\" content=\"805\" \/>\n\t<meta property=\"og:image:height\" content=\"603\" \/>\n\t<meta property=\"og:image:type\" content=\"image\/jpeg\" \/>\n<meta name=\"author\" content=\"7culture2020\" \/>\n<meta name=\"twitter:card\" content=\"summary_large_image\" \/>\n<meta name=\"twitter:creator\" content=\"@7culturec\" \/>\n<meta name=\"twitter:site\" content=\"@7culturec\" \/>\n<meta name=\"twitter:label1\" content=\"\u00c9crit par\" \/>\n\t<meta name=\"twitter:data1\" content=\"7culture2020\" \/>\n\t<meta name=\"twitter:label2\" content=\"Dur\u00e9e de lecture estim\u00e9e\" \/>\n\t<meta name=\"twitter:data2\" content=\"2 minutes\" \/>\n<script type=\"application\/ld+json\" class=\"yoast-schema-graph\">{\"@context\":\"https:\/\/schema.org\",\"@graph\":[{\"@type\":\"Article\",\"@id\":\"https:\/\/7culture.ci\/index.php\/2022\/11\/21\/concert-josey-promet-du-baleze-17-decembre-prochain\/#article\",\"isPartOf\":{\"@id\":\"https:\/\/7culture.ci\/index.php\/2022\/11\/21\/concert-josey-promet-du-baleze-17-decembre-prochain\/\"},\"author\":{\"name\":\"7culture2020\",\"@id\":\"https:\/\/7culture.ci\/#\/schema\/person\/16150d28d7ef66ba788c1f87f28c4426\"},\"headline\":\"Concert\u00a0: Josey promet du bal\u00e8ze le 17 d\u00e9cembre\u00a0prochain\",\"datePublished\":\"2022-11-21T15:54:07+00:00\",\"dateModified\":\"2022-11-23T15:26:15+00:00\",\"mainEntityOfPage\":{\"@id\":\"https:\/\/7culture.ci\/index.php\/2022\/11\/21\/concert-josey-promet-du-baleze-17-decembre-prochain\/\"},\"wordCount\":446,\"commentCount\":0,\"publisher\":{\"@id\":\"https:\/\/7culture.ci\/#organization\"},\"articleSection\":[\"Musique\"],\"inLanguage\":\"fr-FR\",\"potentialAction\":[{\"@type\":\"CommentAction\",\"name\":\"Comment\",\"target\":[\"https:\/\/7culture.ci\/index.php\/2022\/11\/21\/concert-josey-promet-du-baleze-17-decembre-prochain\/#respond\"]}]},{\"@type\":\"WebPage\",\"@id\":\"https:\/\/7culture.ci\/index.php\/2022\/11\/21\/concert-josey-promet-du-baleze-17-decembre-prochain\/\",\"url\":\"https:\/\/7culture.ci\/index.php\/2022\/11\/21\/concert-josey-promet-du-baleze-17-decembre-prochain\/\",\"name\":\"Concert\u00a0: Josey promet du bal\u00e8ze le 17 d\u00e9cembre\u00a0prochain -\",\"isPartOf\":{\"@id\":\"https:\/\/7culture.ci\/#website\"},\"datePublished\":\"2022-11-21T15:54:07+00:00\",\"dateModified\":\"2022-11-23T15:26:15+00:00\",\"breadcrumb\":{\"@id\":\"https:\/\/7culture.ci\/index.php\/2022\/11\/21\/concert-josey-promet-du-baleze-17-decembre-prochain\/#breadcrumb\"},\"inLanguage\":\"fr-FR\",\"potentialAction\":[{\"@type\":\"ReadAction\",\"target\":[\"https:\/\/7culture.ci\/index.php\/2022\/11\/21\/concert-josey-promet-du-baleze-17-decembre-prochain\/\"]}]},{\"@type\":\"BreadcrumbList\",\"@id\":\"https:\/\/7culture.ci\/index.php\/2022\/11\/21\/concert-josey-promet-du-baleze-17-decembre-prochain\/#breadcrumb\",\"itemListElement\":[{\"@type\":\"ListItem\",\"position\":1,\"name\":\"Accueil\",\"item\":\"https:\/\/7culture.ci\/\"},{\"@type\":\"ListItem\",\"position\":2,\"name\":\"Concert\u00a0: Josey promet du bal\u00e8ze le 17 d\u00e9cembre\u00a0prochain\"}]},{\"@type\":\"WebSite\",\"@id\":\"https:\/\/7culture.ci\/#website\",\"url\":\"https:\/\/7culture.ci\/\",\"name\":\"7culture\",\"description\":\"Tout sur l&#039;actualit\u00e9\",\"publisher\":{\"@id\":\"https:\/\/7culture.ci\/#organization\"},\"potentialAction\":[{\"@type\":\"SearchAction\",\"target\":{\"@type\":\"EntryPoint\",\"urlTemplate\":\"https:\/\/7culture.ci\/?s={search_term_string}\"},\"query-input\":\"required name=search_term_string\"}],\"inLanguage\":\"fr-FR\"},{\"@type\":\"Organization\",\"@id\":\"https:\/\/7culture.ci\/#organization\",\"name\":\"7culture\",\"url\":\"https:\/\/7culture.ci\/\",\"sameAs\":[\"https:\/\/www.facebook.com\/redchefclaude\",\"https:\/\/twitter.com\/7culturec\"],\"logo\":{\"@type\":\"ImageObject\",\"inLanguage\":\"fr-FR\",\"@id\":\"https:\/\/7culture.ci\/#\/schema\/logo\/image\/\",\"url\":\"https:\/\/7culture.ci\/wp-content\/uploads\/2021\/12\/S1a-1.png\",\"contentUrl\":\"https:\/\/7culture.ci\/wp-content\/uploads\/2021\/12\/S1a-1.png\",\"width\":588,\"height\":192,\"caption\":\"7culture\"},\"image\":{\"@id\":\"https:\/\/7culture.ci\/#\/schema\/logo\/image\/\"}},{\"@type\":\"Person\",\"@id\":\"https:\/\/7culture.ci\/#\/schema\/person\/16150d28d7ef66ba788c1f87f28c4426\",\"name\":\"7culture2020\",\"image\":{\"@type\":\"ImageObject\",\"inLanguage\":\"fr-FR\",\"@id\":\"https:\/\/7culture.ci\/#\/schema\/person\/image\/\",\"url\":\"https:\/\/secure.gravatar.com\/avatar\/9a0784f951306c37bcd065f52844ef95?s=96&d=mm&r=g\",\"contentUrl\":\"https:\/\/secure.gravatar.com\/avatar\/9a0784f951306c37bcd065f52844ef95?s=96&d=mm&r=g\",\"caption\":\"7culture2020\"},\"sameAs\":[\"http:\/\/7culture.ci\",\"Claude.kipre\"],\"url\":\"https:\/\/7culture.ci\/index.php\/author\/7culture2020\/\"}]}<\/script>\n<!-- \/ Yoast SEO plugin. -->","yoast_head_json":{"title":"Concert\u00a0: Josey promet du bal\u00e8ze le 17 d\u00e9cembre\u00a0prochain -","robots":{"index":"index","follow":"follow","max-snippet":"max-snippet:-1","max-image-preview":"max-image-preview:large","max-video-preview":"max-video-preview:-1"},"canonical":"https:\/\/7culture.ci\/index.php\/2022\/11\/21\/concert-josey-promet-du-baleze-17-decembre-prochain\/","og_locale":"fr_FR","og_type":"article","og_title":"Concert\u00a0: Josey promet du bal\u00e8ze le 17 d\u00e9cembre\u00a0prochain -","og_description":"La chanteuse ivoirienne Josey (Jos\u00e9e Priscille Gnakrou de son vrai nom), sera en concert le samedi 17 d\u00e9cembre 2022 au Sofitel Abidjan H\u00f4tel Ivoire. Avant cette date, l\u2019artiste a rencontr\u00e9 la presse le vendredi 18 novembre au Palm Club H\u00f4tel \u00e0 Cocody. Occasion pour son \u00e9quipe et elle, d\u2019apporter plus d\u2019\u00e9clairages aux m\u00e9dias sur le &hellip; Concert\u00a0: Josey promet du bal\u00e8ze le 17 d\u00e9cembre\u00a0prochain Lire la suite\u00a0\u00bb","og_url":"https:\/\/7culture.ci\/index.php\/2022\/11\/21\/concert-josey-promet-du-baleze-17-decembre-prochain\/","og_site_name":"7culture","article_publisher":"https:\/\/www.facebook.com\/redchefclaude","article_published_time":"2022-11-21T15:54:07+00:00","article_modified_time":"2022-11-23T15:26:15+00:00","og_image":[{"width":805,"height":603,"url":"http:\/\/7culture.ci\/wp-content\/uploads\/2022\/11\/jo1.jpeg","type":"image\/jpeg"}],"author":"7culture2020","twitter_card":"summary_large_image","twitter_creator":"@7culturec","twitter_site":"@7culturec","twitter_misc":{"\u00c9crit par":"7culture2020","Dur\u00e9e de lecture estim\u00e9e":"2 minutes"},"schema":{"@context":"https:\/\/schema.org","@graph":[{"@type":"Article","@id":"https:\/\/7culture.ci\/index.php\/2022\/11\/21\/concert-josey-promet-du-baleze-17-decembre-prochain\/#article","isPartOf":{"@id":"https:\/\/7culture.ci\/index.php\/2022\/11\/21\/concert-josey-promet-du-baleze-17-decembre-prochain\/"},"author":{"name":"7culture2020","@id":"https:\/\/7culture.ci\/#\/schema\/person\/16150d28d7ef66ba788c1f87f28c4426"},"headline":"Concert\u00a0: Josey promet du bal\u00e8ze le 17 d\u00e9cembre\u00a0prochain","datePublished":"2022-11-21T15:54:07+00:00","dateModified":"2022-11-23T15:26:15+00:00","mainEntityOfPage":{"@id":"https:\/\/7culture.ci\/index.php\/2022\/11\/21\/concert-josey-promet-du-baleze-17-decembre-prochain\/"},"wordCount":446,"commentCount":0,"publisher":{"@id":"https:\/\/7culture.ci\/#organization"},"articleSection":["Musique"],"inLanguage":"fr-FR","potentialAction":[{"@type":"CommentAction","name":"Comment","target":["https:\/\/7culture.ci\/index.php\/2022\/11\/21\/concert-josey-promet-du-baleze-17-decembre-prochain\/#respond"]}]},{"@type":"WebPage","@id":"https:\/\/7culture.ci\/index.php\/2022\/11\/21\/concert-josey-promet-du-baleze-17-decembre-prochain\/","url":"https:\/\/7culture.ci\/index.php\/2022\/11\/21\/concert-josey-promet-du-baleze-17-decembre-prochain\/","name":"Concert\u00a0: Josey promet du bal\u00e8ze le 17 d\u00e9cembre\u00a0prochain -","isPartOf":{"@id":"https:\/\/7culture.ci\/#website"},"datePublished":"2022-11-21T15:54:07+00:00","dateModified":"2022-11-23T15:26:15+00:00","breadcrumb":{"@id":"https:\/\/7culture.ci\/index.php\/2022\/11\/21\/concert-josey-promet-du-baleze-17-decembre-prochain\/#breadcrumb"},"inLanguage":"fr-FR","potentialAction":[{"@type":"ReadAction","target":["https:\/\/7culture.ci\/index.php\/2022\/11\/21\/concert-josey-promet-du-baleze-17-decembre-prochain\/"]}]},{"@type":"BreadcrumbList","@id":"https:\/\/7culture.ci\/index.php\/2022\/11\/21\/concert-josey-promet-du-baleze-17-decembre-prochain\/#breadcrumb","itemListElement":[{"@type":"ListItem","position":1,"name":"Accueil","item":"https:\/\/7culture.ci\/"},{"@type":"ListItem","position":2,"name":"Concert\u00a0: Josey promet du bal\u00e8ze le 17 d\u00e9cembre\u00a0prochain"}]},{"@type":"WebSite","@id":"https:\/\/7culture.ci\/#website","url":"https:\/\/7culture.ci\/","name":"7culture","description":"Tout sur l&#039;actualit\u00e9","publisher":{"@id":"https:\/\/7culture.ci\/#organization"},"potentialAction":[{"@type":"SearchAction","target":{"@type":"EntryPoint","urlTemplate":"https:\/\/7culture.ci\/?s={search_term_string}"},"query-input":"required name=search_term_string"}],"inLanguage":"fr-FR"},{"@type":"Organization","@id":"https:\/\/7culture.ci\/#organization","name":"7culture","url":"https:\/\/7culture.ci\/","sameAs":["https:\/\/www.facebook.com\/redchefclaude","https:\/\/twitter.com\/7culturec"],"logo":{"@type":"ImageObject","inLanguage":"fr-FR","@id":"https:\/\/7culture.ci\/#\/schema\/logo\/image\/","url":"https:\/\/7culture.ci\/wp-content\/uploads\/2021\/12\/S1a-1.png","contentUrl":"https:\/\/7culture.ci\/wp-content\/uploads\/2021\/12\/S1a-1.png","width":588,"height":192,"caption":"7culture"},"image":{"@id":"https:\/\/7culture.ci\/#\/schema\/logo\/image\/"}},{"@type":"Person","@id":"https:\/\/7culture.ci\/#\/schema\/person\/16150d28d7ef66ba788c1f87f28c4426","name":"7culture2020","image":{"@type":"ImageObject","inLanguage":"fr-FR","@id":"https:\/\/7culture.ci\/#\/schema\/person\/image\/","url":"https:\/\/secure.gravatar.com\/avatar\/9a0784f951306c37bcd065f52844ef95?s=96&d=mm&r=g","contentUrl":"https:\/\/secure.gravatar.com\/avatar\/9a0784f951306c37bcd065f52844ef95?s=96&d=mm&r=g","caption":"7culture2020"},"sameAs":["http:\/\/7culture.ci","Claude.kipre"],"url":"https:\/\/7culture.ci\/index.php\/author\/7culture2020\/"}]}},"jetpack_featured_media_url":"https:\/\/7culture.ci\/wp-content\/uploads\/2022\/11\/jo1.jpeg","jetpack_likes_enabled":true,"jetpack_sharing_enabled":true,"_links":{"self":[{"href":"https:\/\/7culture.ci\/index.php\/wp-json\/wp\/v2\/posts\/24607"}],"collection":[{"href":"https:\/\/7culture.ci\/index.php\/wp-json\/wp\/v2\/posts"}],"about":[{"href":"https:\/\/7culture.ci\/index.php\/wp-json\/wp\/v2\/types\/post"}],"author":[{"embeddable":true,"href":"https:\/\/7culture.ci\/index.php\/wp-json\/wp\/v2\/users\/1"}],"replies":[{"embeddable":true,"href":"https:\/\/7culture.ci\/index.php\/wp-json\/wp\/v2\/comments?post=24607"}],"version-history":[{"count":0,"href":"https:\/\/7culture.ci\/index.php\/wp-json\/wp\/v2\/posts\/24607\/revisions"}],"wp:featuredmedia":[{"embeddable":true,"href":"https:\/\/7culture.ci\/index.php\/wp-json\/wp\/v2\/media\/24609"}],"wp:attachment":[{"href":"https:\/\/7culture.ci\/index.php\/wp-json\/wp\/v2\/media?parent=24607"}],"wp:term":[{"taxonomy":"category","embeddable":true,"href":"https:\/\/7culture.ci\/index.php\/wp-json\/wp\/v2\/categories?post=24607"},{"taxonomy":"post_tag","embeddable":true,"href":"https:\/\/7culture.ci\/index.php\/wp-json\/wp\/v2\/tags?post=24607"}],"curies":[{"name":"wp","href":"https:\/\/api.w.org\/{rel}","templated":true}]}}