{"id":24564,"date":"2022-11-14T12:06:35","date_gmt":"2022-11-14T12:06:35","guid":{"rendered":"https:\/\/7culture.ci\/?p=24564"},"modified":"2022-11-14T15:08:06","modified_gmt":"2022-11-14T15:08:06","slug":"formation-les-artistes-simpregnent-des-relations-presse","status":"publish","type":"post","link":"https:\/\/7culture.ci\/index.php\/2022\/11\/14\/formation-les-artistes-simpregnent-des-relations-presse\/","title":{"rendered":"Formation\u00a0: les artistes s\u2019impr\u00e8gnent des relations presse"},"content":{"rendered":"\n<p><strong><em>Les artistes ne sont plus marrons. Ils sont d\u00e9sormais outill\u00e9s pour entretenir de meilleures relations avec la presse. C&#8217;est l&#8217;objectif de la formation qu&#8217;ils ont re\u00e7ue ce mardi 8 novembre 2022, \u00e0 la Maison de la Presse d&#8217;Abidjan-Plateau.<\/em><\/strong><\/p>\n\n\n\n<p>&#8220;<em>Comment r\u00e9ussir votre relation presse<\/em>&#8220;. Tel est le th\u00e8me de la formation re\u00e7ue par les artistes des diff\u00e9rents domaines culturels, ce mardi 8 novembre 2022 \u00e0 la Maison de la Presse d&#8217;Abidjan-Plateau (MPA). L&#8217;objectif est de permettre aux artistes de conna\u00eetre les supports de communication presse et savoir les utiliser dans le cadre de leur relation avec la presse. Mais aussi s&#8217;en servir pour certains comme documents justificatifs ou de r\u00e9f\u00e9rence.<\/p>\n\n\n\n<p>Ces supports, v\u00e9ritables outils de communication sont entre autres : le communiqu\u00e9 de presse, est une information non comment\u00e9e. Il est r\u00e9dig\u00e9 en quelques lignes, est li\u00e9 \u00e0 l&#8217;actualit\u00e9 et est sign\u00e9 par sa source de provenance. Il est port\u00e9 \u00e0 la connaissance des journalistes qui peuvent l&#8217;exploiter \u00e0 bon escient pour leur organe et le public.&nbsp; L\u2019invitation de presse o\u00f9 couverture presse (m\u00e9diatique), est, au contraire du communiqu\u00e9 de presse, une sollicitation du journaliste \u00e0 se d\u00e9placer pour assurer la couverture m\u00e9diatique de l&#8217;activit\u00e9 pour laquelle son organe est contact\u00e9. Le dossier de presse, lui, pr\u00e9sente l&#8217;activit\u00e9 \u00e0 venir. Il renseigne le journaliste sur l&#8217;essentiel de l&#8217;information relative \u00e0 ladite activit\u00e9. Il est pr\u00e9sent\u00e9 soit sous forme de reliure, soit dans une chemise cartonn\u00e9e, soit sous la forme d&#8217;un petit livre. Le Book \u00e9galement, fait partie des outils de communication. C&#8217;est une sorte de r\u00e9sum\u00e9 qui pr\u00e9sente en images et textes, la vie et le travail d&#8217;un artiste ou d&#8217;un groupe d&#8217;artistes.<\/p>\n\n\n\n<figure class=\"wp-block-gallery has-nested-images columns-default is-cropped wp-block-gallery-1 is-layout-flex wp-block-gallery-is-layout-flex\">\n<figure class=\"wp-block-image size-large\"><img loading=\"lazy\" decoding=\"async\" width=\"768\" height=\"1024\" data-id=\"24567\" src=\"https:\/\/7culture.ci\/wp-content\/uploads\/2022\/11\/WhatsApp-Image-2022-11-09-at-14.54.48-1-768x1024.jpeg\" alt=\"\" class=\"wp-image-24567\" srcset=\"https:\/\/7culture.ci\/wp-content\/uploads\/2022\/11\/WhatsApp-Image-2022-11-09-at-14.54.48-1-768x1024.jpeg 768w, https:\/\/7culture.ci\/wp-content\/uploads\/2022\/11\/WhatsApp-Image-2022-11-09-at-14.54.48-1-225x300.jpeg 225w, https:\/\/7culture.ci\/wp-content\/uploads\/2022\/11\/WhatsApp-Image-2022-11-09-at-14.54.48-1.jpeg 780w\" sizes=\"(max-width: 768px) 100vw, 768px\" \/><\/figure>\n\n\n\n<figure class=\"wp-block-image size-large\"><img loading=\"lazy\" decoding=\"async\" width=\"1024\" height=\"768\" data-id=\"24568\" src=\"https:\/\/7culture.ci\/wp-content\/uploads\/2022\/11\/WhatsApp-Image-2022-11-09-at-14.54.48-2-1024x768.jpeg\" alt=\"\" class=\"wp-image-24568\" srcset=\"https:\/\/7culture.ci\/wp-content\/uploads\/2022\/11\/WhatsApp-Image-2022-11-09-at-14.54.48-2-1024x768.jpeg 1024w, https:\/\/7culture.ci\/wp-content\/uploads\/2022\/11\/WhatsApp-Image-2022-11-09-at-14.54.48-2-300x225.jpeg 300w, https:\/\/7culture.ci\/wp-content\/uploads\/2022\/11\/WhatsApp-Image-2022-11-09-at-14.54.48-2-768x576.jpeg 768w, https:\/\/7culture.ci\/wp-content\/uploads\/2022\/11\/WhatsApp-Image-2022-11-09-at-14.54.48-2.jpeg 1040w\" sizes=\"(max-width: 1024px) 100vw, 1024px\" \/><\/figure>\n\n\n\n<figure class=\"wp-block-image size-large\"><img loading=\"lazy\" decoding=\"async\" width=\"768\" height=\"1024\" data-id=\"24569\" src=\"https:\/\/7culture.ci\/wp-content\/uploads\/2022\/11\/WhatsApp-Image-2022-11-09-at-14.54.48-768x1024.jpeg\" alt=\"\" class=\"wp-image-24569\" srcset=\"https:\/\/7culture.ci\/wp-content\/uploads\/2022\/11\/WhatsApp-Image-2022-11-09-at-14.54.48-768x1024.jpeg 768w, https:\/\/7culture.ci\/wp-content\/uploads\/2022\/11\/WhatsApp-Image-2022-11-09-at-14.54.48-225x300.jpeg 225w, https:\/\/7culture.ci\/wp-content\/uploads\/2022\/11\/WhatsApp-Image-2022-11-09-at-14.54.48.jpeg 780w\" sizes=\"(max-width: 768px) 100vw, 768px\" \/><\/figure>\n<\/figure>\n\n\n\n<p>Selon le journaliste formateur \u00c9ric Cossa, tous ces outils, les artistes doivent savoir leur r\u00f4le respectif et quand est-ce qu&#8217;ils peuvent s&#8217;en servir. Car dans les relations qu&#8217;ils ont avec la presse, la majorit\u00e9 des artistes ignore ces supports. S&#8217;ils le savent, certains se sentent oblig\u00e9s de recourir \u00e0 un journaliste proche pour la r\u00e9daction de leur(s) supports presse. Pour \u00e9viter cela, la formation-ci a donc permis aux artistes de pouvoir \u00e9crire&nbsp; d\u00e9sormais par eux-m\u00eames, par leur propre soin, les diff\u00e9rents supports de communication presse relatifs \u00e0 leur (s) activit\u00e9 (s).<\/p>\n\n\n\n<p>Pour l&#8217;ensemble des artistes pr\u00e9sents, ce fut une tr\u00e8s bonne initiative qu&#8217;ils d\u00e9sirent perp\u00e9tuer. En r\u00e9ponse, les organisateurs ont promis d&#8217;organiser plusieurs s\u00e9minaires de formation chaque ann\u00e9e.<\/p>\n\n\n\n<figure class=\"wp-block-gallery has-nested-images columns-default is-cropped wp-block-gallery-2 is-layout-flex wp-block-gallery-is-layout-flex\">\n<figure class=\"wp-block-image size-large\"><img loading=\"lazy\" decoding=\"async\" width=\"1024\" height=\"768\" data-id=\"24570\" src=\"https:\/\/7culture.ci\/wp-content\/uploads\/2022\/11\/WhatsApp-Image-2022-11-09-at-14.55.12-2.jpeg\" alt=\"\" class=\"wp-image-24570\" srcset=\"https:\/\/7culture.ci\/wp-content\/uploads\/2022\/11\/WhatsApp-Image-2022-11-09-at-14.55.12-2.jpeg 1024w, https:\/\/7culture.ci\/wp-content\/uploads\/2022\/11\/WhatsApp-Image-2022-11-09-at-14.55.12-2-300x225.jpeg 300w, https:\/\/7culture.ci\/wp-content\/uploads\/2022\/11\/WhatsApp-Image-2022-11-09-at-14.55.12-2-768x576.jpeg 768w\" sizes=\"(max-width: 1024px) 100vw, 1024px\" \/><\/figure>\n\n\n\n<figure class=\"wp-block-image size-large\"><img loading=\"lazy\" decoding=\"async\" width=\"1024\" height=\"768\" data-id=\"24571\" src=\"https:\/\/7culture.ci\/wp-content\/uploads\/2022\/11\/WhatsApp-Image-2022-11-09-at-14.55.12-1024x768.jpeg\" alt=\"\" class=\"wp-image-24571\" srcset=\"https:\/\/7culture.ci\/wp-content\/uploads\/2022\/11\/WhatsApp-Image-2022-11-09-at-14.55.12-1024x768.jpeg 1024w, https:\/\/7culture.ci\/wp-content\/uploads\/2022\/11\/WhatsApp-Image-2022-11-09-at-14.55.12-300x225.jpeg 300w, https:\/\/7culture.ci\/wp-content\/uploads\/2022\/11\/WhatsApp-Image-2022-11-09-at-14.55.12-768x576.jpeg 768w, https:\/\/7culture.ci\/wp-content\/uploads\/2022\/11\/WhatsApp-Image-2022-11-09-at-14.55.12-1536x1152.jpeg 1536w, https:\/\/7culture.ci\/wp-content\/uploads\/2022\/11\/WhatsApp-Image-2022-11-09-at-14.55.12.jpeg 2048w\" sizes=\"(max-width: 1024px) 100vw, 1024px\" \/><\/figure>\n\n\n\n<figure class=\"wp-block-image size-large\"><img loading=\"lazy\" decoding=\"async\" width=\"1024\" height=\"768\" data-id=\"24572\" src=\"https:\/\/7culture.ci\/wp-content\/uploads\/2022\/11\/WhatsApp-Image-2022-11-09-at-14.55.13-1.jpeg\" alt=\"\" class=\"wp-image-24572\" srcset=\"https:\/\/7culture.ci\/wp-content\/uploads\/2022\/11\/WhatsApp-Image-2022-11-09-at-14.55.13-1.jpeg 1024w, https:\/\/7culture.ci\/wp-content\/uploads\/2022\/11\/WhatsApp-Image-2022-11-09-at-14.55.13-1-300x225.jpeg 300w, https:\/\/7culture.ci\/wp-content\/uploads\/2022\/11\/WhatsApp-Image-2022-11-09-at-14.55.13-1-768x576.jpeg 768w\" sizes=\"(max-width: 1024px) 100vw, 1024px\" \/><\/figure>\n<\/figure>\n\n\n\n<p>Celui de ce mardi 8 novembre 2022, le deuxi\u00e8me du genre organis\u00e9 par l\u2019ONG Ovation du journaliste Claude Kipr\u00e9, a b\u00e9n\u00e9fici\u00e9 du parrainage de M. Karim Camara alias le Parrain. Emp\u00each\u00e9 par d&#8217;autres t\u00e2ches, son repr\u00e9sentant a, en son nom, port\u00e9 le message d&#8217;encouragement et de f\u00e9licitation. Avant de remettre le certificat de participation \u00e0 chaque artiste, mais aussi aux journalistes qui ont bien voulu en \u00eatre t\u00e9moins.<\/p>\n\n\n\n<p>Val\u00e9ry Kelly<\/p>\n","protected":false},"excerpt":{"rendered":"<p>Les artistes ne sont plus marrons. Ils sont d\u00e9sormais outill\u00e9s pour entretenir de meilleures relations avec la presse. C&#8217;est l&#8217;objectif de la formation qu&#8217;ils ont re\u00e7ue ce mardi 8 novembre 2022, \u00e0 la Maison de la Presse d&#8217;Abidjan-Plateau. &#8220;Comment r\u00e9ussir votre relation presse&#8220;. Tel est le th\u00e8me de la formation re\u00e7ue par les artistes des &hellip;<\/p>\n<p class=\"read-more\"> <a class=\"\" href=\"https:\/\/7culture.ci\/index.php\/2022\/11\/14\/formation-les-artistes-simpregnent-des-relations-presse\/\"> <span class=\"screen-reader-text\">Formation\u00a0: les artistes s\u2019impr\u00e8gnent des relations presse<\/span> Lire la suite\u00a0\u00bb<\/a><\/p>\n","protected":false},"author":1,"featured_media":24566,"comment_status":"open","ping_status":"open","sticky":false,"template":"","format":"standard","meta":{"_mi_skip_tracking":false,"_monsterinsights_sitenote_active":false,"_monsterinsights_sitenote_note":"","_monsterinsights_sitenote_category":0,"site-sidebar-layout":"default","site-content-layout":"default","ast-global-header-display":"","ast-main-header-display":"","ast-hfb-above-header-display":"","ast-hfb-below-header-display":"","ast-hfb-mobile-header-display":"","site-post-title":"","ast-breadcrumbs-content":"","ast-featured-img":"","footer-sml-layout":"","theme-transparent-header-meta":"","adv-header-id-meta":"","stick-header-meta":"","header-above-stick-meta":"","header-main-stick-meta":"","header-below-stick-meta":"","footnotes":"","jetpack_publicize_message":"","jetpack_is_tweetstorm":false,"jetpack_publicize_feature_enabled":true},"categories":[22],"tags":[],"jetpack_publicize_connections":[],"acf":[],"aioseo_notices":[],"yoast_head":"<!-- This site is optimized with the Yoast SEO plugin v19.6.1 - https:\/\/yoast.com\/wordpress\/plugins\/seo\/ -->\n<title>Formation\u00a0: les artistes s\u2019impr\u00e8gnent des relations presse -<\/title>\n<meta name=\"robots\" content=\"index, follow, max-snippet:-1, max-image-preview:large, max-video-preview:-1\" \/>\n<link rel=\"canonical\" href=\"https:\/\/7culture.ci\/index.php\/2022\/11\/14\/formation-les-artistes-simpregnent-des-relations-presse\/\" \/>\n<meta property=\"og:locale\" content=\"fr_FR\" \/>\n<meta property=\"og:type\" content=\"article\" \/>\n<meta property=\"og:title\" content=\"Formation\u00a0: les artistes s\u2019impr\u00e8gnent des relations presse -\" \/>\n<meta property=\"og:description\" content=\"Les artistes ne sont plus marrons. Ils sont d\u00e9sormais outill\u00e9s pour entretenir de meilleures relations avec la presse. C&#8217;est l&#8217;objectif de la formation qu&#8217;ils ont re\u00e7ue ce mardi 8 novembre 2022, \u00e0 la Maison de la Presse d&#8217;Abidjan-Plateau. &#8220;Comment r\u00e9ussir votre relation presse&#8220;. Tel est le th\u00e8me de la formation re\u00e7ue par les artistes des &hellip; Formation\u00a0: les artistes s\u2019impr\u00e8gnent des relations presse Lire la suite\u00a0\u00bb\" \/>\n<meta property=\"og:url\" content=\"https:\/\/7culture.ci\/index.php\/2022\/11\/14\/formation-les-artistes-simpregnent-des-relations-presse\/\" \/>\n<meta property=\"og:site_name\" content=\"7culture\" \/>\n<meta property=\"article:publisher\" content=\"https:\/\/www.facebook.com\/redchefclaude\" \/>\n<meta property=\"article:published_time\" content=\"2022-11-14T12:06:35+00:00\" \/>\n<meta property=\"article:modified_time\" content=\"2022-11-14T15:08:06+00:00\" \/>\n<meta property=\"og:image\" content=\"http:\/\/7culture.ci\/wp-content\/uploads\/2022\/11\/for2.jpeg\" \/>\n\t<meta property=\"og:image:width\" content=\"1909\" \/>\n\t<meta property=\"og:image:height\" content=\"1200\" \/>\n\t<meta property=\"og:image:type\" content=\"image\/jpeg\" \/>\n<meta name=\"author\" content=\"7culture2020\" \/>\n<meta name=\"twitter:card\" content=\"summary_large_image\" \/>\n<meta name=\"twitter:creator\" content=\"@7culturec\" \/>\n<meta name=\"twitter:site\" content=\"@7culturec\" \/>\n<meta name=\"twitter:label1\" content=\"\u00c9crit par\" \/>\n\t<meta name=\"twitter:data1\" content=\"7culture2020\" \/>\n\t<meta name=\"twitter:label2\" content=\"Dur\u00e9e de lecture estim\u00e9e\" \/>\n\t<meta name=\"twitter:data2\" content=\"2 minutes\" \/>\n<script type=\"application\/ld+json\" class=\"yoast-schema-graph\">{\"@context\":\"https:\/\/schema.org\",\"@graph\":[{\"@type\":\"Article\",\"@id\":\"https:\/\/7culture.ci\/index.php\/2022\/11\/14\/formation-les-artistes-simpregnent-des-relations-presse\/#article\",\"isPartOf\":{\"@id\":\"https:\/\/7culture.ci\/index.php\/2022\/11\/14\/formation-les-artistes-simpregnent-des-relations-presse\/\"},\"author\":{\"name\":\"7culture2020\",\"@id\":\"https:\/\/7culture.ci\/#\/schema\/person\/16150d28d7ef66ba788c1f87f28c4426\"},\"headline\":\"Formation\u00a0: les artistes s\u2019impr\u00e8gnent des relations presse\",\"datePublished\":\"2022-11-14T12:06:35+00:00\",\"dateModified\":\"2022-11-14T15:08:06+00:00\",\"mainEntityOfPage\":{\"@id\":\"https:\/\/7culture.ci\/index.php\/2022\/11\/14\/formation-les-artistes-simpregnent-des-relations-presse\/\"},\"wordCount\":499,\"commentCount\":0,\"publisher\":{\"@id\":\"https:\/\/7culture.ci\/#organization\"},\"articleSection\":[\"Actualit\u00e9\"],\"inLanguage\":\"fr-FR\",\"potentialAction\":[{\"@type\":\"CommentAction\",\"name\":\"Comment\",\"target\":[\"https:\/\/7culture.ci\/index.php\/2022\/11\/14\/formation-les-artistes-simpregnent-des-relations-presse\/#respond\"]}]},{\"@type\":\"WebPage\",\"@id\":\"https:\/\/7culture.ci\/index.php\/2022\/11\/14\/formation-les-artistes-simpregnent-des-relations-presse\/\",\"url\":\"https:\/\/7culture.ci\/index.php\/2022\/11\/14\/formation-les-artistes-simpregnent-des-relations-presse\/\",\"name\":\"Formation\u00a0: les artistes s\u2019impr\u00e8gnent des relations presse -\",\"isPartOf\":{\"@id\":\"https:\/\/7culture.ci\/#website\"},\"datePublished\":\"2022-11-14T12:06:35+00:00\",\"dateModified\":\"2022-11-14T15:08:06+00:00\",\"breadcrumb\":{\"@id\":\"https:\/\/7culture.ci\/index.php\/2022\/11\/14\/formation-les-artistes-simpregnent-des-relations-presse\/#breadcrumb\"},\"inLanguage\":\"fr-FR\",\"potentialAction\":[{\"@type\":\"ReadAction\",\"target\":[\"https:\/\/7culture.ci\/index.php\/2022\/11\/14\/formation-les-artistes-simpregnent-des-relations-presse\/\"]}]},{\"@type\":\"BreadcrumbList\",\"@id\":\"https:\/\/7culture.ci\/index.php\/2022\/11\/14\/formation-les-artistes-simpregnent-des-relations-presse\/#breadcrumb\",\"itemListElement\":[{\"@type\":\"ListItem\",\"position\":1,\"name\":\"Accueil\",\"item\":\"https:\/\/7culture.ci\/\"},{\"@type\":\"ListItem\",\"position\":2,\"name\":\"Formation\u00a0: les artistes s\u2019impr\u00e8gnent des relations presse\"}]},{\"@type\":\"WebSite\",\"@id\":\"https:\/\/7culture.ci\/#website\",\"url\":\"https:\/\/7culture.ci\/\",\"name\":\"7culture\",\"description\":\"Tout sur l&#039;actualit\u00e9\",\"publisher\":{\"@id\":\"https:\/\/7culture.ci\/#organization\"},\"potentialAction\":[{\"@type\":\"SearchAction\",\"target\":{\"@type\":\"EntryPoint\",\"urlTemplate\":\"https:\/\/7culture.ci\/?s={search_term_string}\"},\"query-input\":\"required name=search_term_string\"}],\"inLanguage\":\"fr-FR\"},{\"@type\":\"Organization\",\"@id\":\"https:\/\/7culture.ci\/#organization\",\"name\":\"7culture\",\"url\":\"https:\/\/7culture.ci\/\",\"sameAs\":[\"https:\/\/www.facebook.com\/redchefclaude\",\"https:\/\/twitter.com\/7culturec\"],\"logo\":{\"@type\":\"ImageObject\",\"inLanguage\":\"fr-FR\",\"@id\":\"https:\/\/7culture.ci\/#\/schema\/logo\/image\/\",\"url\":\"https:\/\/7culture.ci\/wp-content\/uploads\/2021\/12\/S1a-1.png\",\"contentUrl\":\"https:\/\/7culture.ci\/wp-content\/uploads\/2021\/12\/S1a-1.png\",\"width\":588,\"height\":192,\"caption\":\"7culture\"},\"image\":{\"@id\":\"https:\/\/7culture.ci\/#\/schema\/logo\/image\/\"}},{\"@type\":\"Person\",\"@id\":\"https:\/\/7culture.ci\/#\/schema\/person\/16150d28d7ef66ba788c1f87f28c4426\",\"name\":\"7culture2020\",\"image\":{\"@type\":\"ImageObject\",\"inLanguage\":\"fr-FR\",\"@id\":\"https:\/\/7culture.ci\/#\/schema\/person\/image\/\",\"url\":\"https:\/\/secure.gravatar.com\/avatar\/9a0784f951306c37bcd065f52844ef95?s=96&d=mm&r=g\",\"contentUrl\":\"https:\/\/secure.gravatar.com\/avatar\/9a0784f951306c37bcd065f52844ef95?s=96&d=mm&r=g\",\"caption\":\"7culture2020\"},\"sameAs\":[\"http:\/\/7culture.ci\",\"Claude.kipre\"],\"url\":\"https:\/\/7culture.ci\/index.php\/author\/7culture2020\/\"}]}<\/script>\n<!-- \/ Yoast SEO plugin. -->","yoast_head_json":{"title":"Formation\u00a0: les artistes s\u2019impr\u00e8gnent des relations presse -","robots":{"index":"index","follow":"follow","max-snippet":"max-snippet:-1","max-image-preview":"max-image-preview:large","max-video-preview":"max-video-preview:-1"},"canonical":"https:\/\/7culture.ci\/index.php\/2022\/11\/14\/formation-les-artistes-simpregnent-des-relations-presse\/","og_locale":"fr_FR","og_type":"article","og_title":"Formation\u00a0: les artistes s\u2019impr\u00e8gnent des relations presse -","og_description":"Les artistes ne sont plus marrons. Ils sont d\u00e9sormais outill\u00e9s pour entretenir de meilleures relations avec la presse. C&#8217;est l&#8217;objectif de la formation qu&#8217;ils ont re\u00e7ue ce mardi 8 novembre 2022, \u00e0 la Maison de la Presse d&#8217;Abidjan-Plateau. &#8220;Comment r\u00e9ussir votre relation presse&#8220;. Tel est le th\u00e8me de la formation re\u00e7ue par les artistes des &hellip; Formation\u00a0: les artistes s\u2019impr\u00e8gnent des relations presse Lire la suite\u00a0\u00bb","og_url":"https:\/\/7culture.ci\/index.php\/2022\/11\/14\/formation-les-artistes-simpregnent-des-relations-presse\/","og_site_name":"7culture","article_publisher":"https:\/\/www.facebook.com\/redchefclaude","article_published_time":"2022-11-14T12:06:35+00:00","article_modified_time":"2022-11-14T15:08:06+00:00","og_image":[{"width":1909,"height":1200,"url":"http:\/\/7culture.ci\/wp-content\/uploads\/2022\/11\/for2.jpeg","type":"image\/jpeg"}],"author":"7culture2020","twitter_card":"summary_large_image","twitter_creator":"@7culturec","twitter_site":"@7culturec","twitter_misc":{"\u00c9crit par":"7culture2020","Dur\u00e9e de lecture estim\u00e9e":"2 minutes"},"schema":{"@context":"https:\/\/schema.org","@graph":[{"@type":"Article","@id":"https:\/\/7culture.ci\/index.php\/2022\/11\/14\/formation-les-artistes-simpregnent-des-relations-presse\/#article","isPartOf":{"@id":"https:\/\/7culture.ci\/index.php\/2022\/11\/14\/formation-les-artistes-simpregnent-des-relations-presse\/"},"author":{"name":"7culture2020","@id":"https:\/\/7culture.ci\/#\/schema\/person\/16150d28d7ef66ba788c1f87f28c4426"},"headline":"Formation\u00a0: les artistes s\u2019impr\u00e8gnent des relations presse","datePublished":"2022-11-14T12:06:35+00:00","dateModified":"2022-11-14T15:08:06+00:00","mainEntityOfPage":{"@id":"https:\/\/7culture.ci\/index.php\/2022\/11\/14\/formation-les-artistes-simpregnent-des-relations-presse\/"},"wordCount":499,"commentCount":0,"publisher":{"@id":"https:\/\/7culture.ci\/#organization"},"articleSection":["Actualit\u00e9"],"inLanguage":"fr-FR","potentialAction":[{"@type":"CommentAction","name":"Comment","target":["https:\/\/7culture.ci\/index.php\/2022\/11\/14\/formation-les-artistes-simpregnent-des-relations-presse\/#respond"]}]},{"@type":"WebPage","@id":"https:\/\/7culture.ci\/index.php\/2022\/11\/14\/formation-les-artistes-simpregnent-des-relations-presse\/","url":"https:\/\/7culture.ci\/index.php\/2022\/11\/14\/formation-les-artistes-simpregnent-des-relations-presse\/","name":"Formation\u00a0: les artistes s\u2019impr\u00e8gnent des relations presse -","isPartOf":{"@id":"https:\/\/7culture.ci\/#website"},"datePublished":"2022-11-14T12:06:35+00:00","dateModified":"2022-11-14T15:08:06+00:00","breadcrumb":{"@id":"https:\/\/7culture.ci\/index.php\/2022\/11\/14\/formation-les-artistes-simpregnent-des-relations-presse\/#breadcrumb"},"inLanguage":"fr-FR","potentialAction":[{"@type":"ReadAction","target":["https:\/\/7culture.ci\/index.php\/2022\/11\/14\/formation-les-artistes-simpregnent-des-relations-presse\/"]}]},{"@type":"BreadcrumbList","@id":"https:\/\/7culture.ci\/index.php\/2022\/11\/14\/formation-les-artistes-simpregnent-des-relations-presse\/#breadcrumb","itemListElement":[{"@type":"ListItem","position":1,"name":"Accueil","item":"https:\/\/7culture.ci\/"},{"@type":"ListItem","position":2,"name":"Formation\u00a0: les artistes s\u2019impr\u00e8gnent des relations presse"}]},{"@type":"WebSite","@id":"https:\/\/7culture.ci\/#website","url":"https:\/\/7culture.ci\/","name":"7culture","description":"Tout sur l&#039;actualit\u00e9","publisher":{"@id":"https:\/\/7culture.ci\/#organization"},"potentialAction":[{"@type":"SearchAction","target":{"@type":"EntryPoint","urlTemplate":"https:\/\/7culture.ci\/?s={search_term_string}"},"query-input":"required name=search_term_string"}],"inLanguage":"fr-FR"},{"@type":"Organization","@id":"https:\/\/7culture.ci\/#organization","name":"7culture","url":"https:\/\/7culture.ci\/","sameAs":["https:\/\/www.facebook.com\/redchefclaude","https:\/\/twitter.com\/7culturec"],"logo":{"@type":"ImageObject","inLanguage":"fr-FR","@id":"https:\/\/7culture.ci\/#\/schema\/logo\/image\/","url":"https:\/\/7culture.ci\/wp-content\/uploads\/2021\/12\/S1a-1.png","contentUrl":"https:\/\/7culture.ci\/wp-content\/uploads\/2021\/12\/S1a-1.png","width":588,"height":192,"caption":"7culture"},"image":{"@id":"https:\/\/7culture.ci\/#\/schema\/logo\/image\/"}},{"@type":"Person","@id":"https:\/\/7culture.ci\/#\/schema\/person\/16150d28d7ef66ba788c1f87f28c4426","name":"7culture2020","image":{"@type":"ImageObject","inLanguage":"fr-FR","@id":"https:\/\/7culture.ci\/#\/schema\/person\/image\/","url":"https:\/\/secure.gravatar.com\/avatar\/9a0784f951306c37bcd065f52844ef95?s=96&d=mm&r=g","contentUrl":"https:\/\/secure.gravatar.com\/avatar\/9a0784f951306c37bcd065f52844ef95?s=96&d=mm&r=g","caption":"7culture2020"},"sameAs":["http:\/\/7culture.ci","Claude.kipre"],"url":"https:\/\/7culture.ci\/index.php\/author\/7culture2020\/"}]}},"jetpack_featured_media_url":"https:\/\/7culture.ci\/wp-content\/uploads\/2022\/11\/for2.jpeg","jetpack_likes_enabled":true,"jetpack_sharing_enabled":true,"_links":{"self":[{"href":"https:\/\/7culture.ci\/index.php\/wp-json\/wp\/v2\/posts\/24564"}],"collection":[{"href":"https:\/\/7culture.ci\/index.php\/wp-json\/wp\/v2\/posts"}],"about":[{"href":"https:\/\/7culture.ci\/index.php\/wp-json\/wp\/v2\/types\/post"}],"author":[{"embeddable":true,"href":"https:\/\/7culture.ci\/index.php\/wp-json\/wp\/v2\/users\/1"}],"replies":[{"embeddable":true,"href":"https:\/\/7culture.ci\/index.php\/wp-json\/wp\/v2\/comments?post=24564"}],"version-history":[{"count":0,"href":"https:\/\/7culture.ci\/index.php\/wp-json\/wp\/v2\/posts\/24564\/revisions"}],"wp:featuredmedia":[{"embeddable":true,"href":"https:\/\/7culture.ci\/index.php\/wp-json\/wp\/v2\/media\/24566"}],"wp:attachment":[{"href":"https:\/\/7culture.ci\/index.php\/wp-json\/wp\/v2\/media?parent=24564"}],"wp:term":[{"taxonomy":"category","embeddable":true,"href":"https:\/\/7culture.ci\/index.php\/wp-json\/wp\/v2\/categories?post=24564"},{"taxonomy":"post_tag","embeddable":true,"href":"https:\/\/7culture.ci\/index.php\/wp-json\/wp\/v2\/tags?post=24564"}],"curies":[{"name":"wp","href":"https:\/\/api.w.org\/{rel}","templated":true}]}}