{"id":24553,"date":"2022-11-14T11:03:42","date_gmt":"2022-11-14T11:03:42","guid":{"rendered":"https:\/\/7culture.ci\/?p=24553"},"modified":"2022-11-14T12:08:35","modified_gmt":"2022-11-14T12:08:35","slug":"mode-revoila-abrass-fashion-show","status":"publish","type":"post","link":"https:\/\/7culture.ci\/index.php\/2022\/11\/14\/mode-revoila-abrass-fashion-show\/","title":{"rendered":"Mode\u00a0: Revoil\u00e0 Abrass Fashion Show\u00a0!"},"content":{"rendered":"\n<p>C\u2019est d\u00e9sormais une certitude. La 6<sup>e<\/sup> \u00e9dition du d\u00e9fil\u00e9 Abrass Fashion Show se d\u00e9roulera le 26 novembre prochain \u00e0 la place AIDL d\u2019Adjam\u00e9. Toutes les grandes lignes de l\u2019\u00e9v\u00e8nement ont \u00e9t\u00e9 donn\u00e9es par la promotrice Asta Gandour le mardi 8 novembre dernier \u00e0 la salle de mariage de la mairie d\u2019Adjam\u00e9 au cours d\u2019une conf\u00e9rence de presse.<\/p>\n\n\n\n<p>Pour ce num\u00e9ro de ce rendez-vous qui fait la jonction entre jeunes cr\u00e9ateurs et talents confirm\u00e9s, un podium moderne sera install\u00e9 en plein air \u00e0 l\u2019embl\u00e9matique place du vieux quartier d\u2019Abidjan. 30 mannequins vanteront les cr\u00e9ations de 15 stylistes. En plus d\u2019Adjam\u00e9, la commune h\u00f4te, les cr\u00e9ateurs invit\u00e9s viendront des autres communes d\u2019Abidjan et des grandes villes de C\u00f4te d\u2019Ivoire. \u00ab&nbsp;<strong><em>Nous nous battons pour sortir les stylistes de l\u2019ombre pour se faire confiance. A travers Abrass Fashion Show, ils pr\u00e9sentent et vendent leurs marques&nbsp;<\/em><\/strong>\u00bb, explique Asta Gandour, la commissaire g\u00e9n\u00e9rale de l\u2019activit\u00e9. Abrass Fashion Show 6 a pour th\u00e8me central: \u00ab <em>L\u2019Importance de l\u2019Artisanat dans le D\u00e9veloppement de la C\u00f4te d\u2019Ivoire par la mode<\/em> \u00bb.<\/p>\n\n\n\n<figure class=\"wp-block-gallery has-nested-images columns-default is-cropped wp-block-gallery-1 is-layout-flex wp-block-gallery-is-layout-flex\">\n<figure class=\"wp-block-image size-large\"><img loading=\"lazy\" decoding=\"async\" width=\"1024\" height=\"670\" data-id=\"24556\" src=\"https:\/\/7culture.ci\/wp-content\/uploads\/2022\/11\/IMG-20221114-WA0017.jpg\" alt=\"\" class=\"wp-image-24556\" srcset=\"https:\/\/7culture.ci\/wp-content\/uploads\/2022\/11\/IMG-20221114-WA0017.jpg 1024w, https:\/\/7culture.ci\/wp-content\/uploads\/2022\/11\/IMG-20221114-WA0017-300x196.jpg 300w, https:\/\/7culture.ci\/wp-content\/uploads\/2022\/11\/IMG-20221114-WA0017-768x503.jpg 768w\" sizes=\"(max-width: 1024px) 100vw, 1024px\" \/><\/figure>\n\n\n\n<figure class=\"wp-block-image size-large\"><img loading=\"lazy\" decoding=\"async\" width=\"1024\" height=\"447\" data-id=\"24557\" src=\"https:\/\/7culture.ci\/wp-content\/uploads\/2022\/11\/IMG-20221114-WA0019.jpg\" alt=\"\" class=\"wp-image-24557\" srcset=\"https:\/\/7culture.ci\/wp-content\/uploads\/2022\/11\/IMG-20221114-WA0019.jpg 1024w, https:\/\/7culture.ci\/wp-content\/uploads\/2022\/11\/IMG-20221114-WA0019-300x131.jpg 300w, https:\/\/7culture.ci\/wp-content\/uploads\/2022\/11\/IMG-20221114-WA0019-768x335.jpg 768w\" sizes=\"(max-width: 1024px) 100vw, 1024px\" \/><\/figure>\n\n\n\n<figure class=\"wp-block-image size-large\"><img loading=\"lazy\" decoding=\"async\" width=\"1024\" height=\"683\" data-id=\"24558\" src=\"https:\/\/7culture.ci\/wp-content\/uploads\/2022\/11\/IMG-20221114-WA0027.jpg\" alt=\"\" class=\"wp-image-24558\" srcset=\"https:\/\/7culture.ci\/wp-content\/uploads\/2022\/11\/IMG-20221114-WA0027.jpg 1024w, https:\/\/7culture.ci\/wp-content\/uploads\/2022\/11\/IMG-20221114-WA0027-300x200.jpg 300w, https:\/\/7culture.ci\/wp-content\/uploads\/2022\/11\/IMG-20221114-WA0027-768x512.jpg 768w\" sizes=\"(max-width: 1024px) 100vw, 1024px\" \/><\/figure>\n<\/figure>\n\n\n\n<p>Avant le grand d\u00e9fil\u00e9 du 26 novembre, ce th\u00e8me a \u00e9t\u00e9 l\u2019objet d\u2019un Master-Class anim\u00e9 par Roger Bango et Patrick Nganga de l\u2019Acad\u00e9mie des maitres le mardi 8 novembre \u00e0 la salle des mariages de la mairie d\u2019Adjam\u00e9. \u00ab&nbsp;<strong><em>Parlant de l&#8217;artisanat qui compte \u00e9norm\u00e9ment dans notre soci\u00e9t\u00e9, celui-ci regroupe en son sein plusieurs corps de m\u00e9tiers. Ses multiples compartiments enregistrent des milliers de jeunes talentueux et ambitieux qui ont besoin d&#8217;un encadrement pouvant leur permettre de s&#8217;\u00e9panouir et de mieux vivre de leurs arts<\/em><\/strong>&nbsp;\u00bb, a pr\u00e9cis\u00e9 la promotrice principale. Elle a \u00e9tay\u00e9 ses propos en ajoutant que \u2018<strong><em>\u2019l&#8217;artisanat s&#8217;ouvre aux jeunes et aussi \u00e0 toute personne en qu\u00eate de reconversion professionnelle. Il forme, recrute, favorise la croissance et renforce la coh\u00e9sion sociale<\/em><\/strong>\u2019\u2019. Asta Gandour a conclu son speech en ces termes : \u00ab&nbsp;<strong><em>L&#8217;artisanat concerne les grandes agglom\u00e9rations tout comme les villages et hameaux favorisant la r\u00e9partition de l&#8217;\u00e9conomie sur toute l&#8217;\u00e9tendue du territoire national, jugulant ainsi l&#8217;exode rural<\/em><\/strong>&nbsp;\u00bb.<\/p>\n\n\n\n<p>Apr\u00e8s le th\u00e8me principal d\u2019Abrass Fashion Show 6, les formateurs ont aussi expos\u00e9 sur une autre th\u00e9matique: \u00ab<em>La mode, cr\u00e9atrice de richesse<\/em>\u00bb. Le master class a enregistr\u00e9 de nombreux participants. Il constitue l\u2019innovation majeure de la 6<sup>e<\/sup> \u00e9dition Abrass Fashion Show.<\/p>\n\n\n\n<figure class=\"wp-block-gallery has-nested-images columns-default is-cropped wp-block-gallery-2 is-layout-flex wp-block-gallery-is-layout-flex\">\n<figure class=\"wp-block-image size-large\"><img loading=\"lazy\" decoding=\"async\" width=\"1024\" height=\"618\" data-id=\"24559\" src=\"https:\/\/7culture.ci\/wp-content\/uploads\/2022\/11\/IMG-20221114-WA0021.jpg\" alt=\"\" class=\"wp-image-24559\" srcset=\"https:\/\/7culture.ci\/wp-content\/uploads\/2022\/11\/IMG-20221114-WA0021.jpg 1024w, https:\/\/7culture.ci\/wp-content\/uploads\/2022\/11\/IMG-20221114-WA0021-300x181.jpg 300w, https:\/\/7culture.ci\/wp-content\/uploads\/2022\/11\/IMG-20221114-WA0021-768x464.jpg 768w\" sizes=\"(max-width: 1024px) 100vw, 1024px\" \/><\/figure>\n\n\n\n<figure class=\"wp-block-image size-large\"><img loading=\"lazy\" decoding=\"async\" width=\"968\" height=\"633\" data-id=\"24560\" src=\"https:\/\/7culture.ci\/wp-content\/uploads\/2022\/11\/IMG-20221114-WA0024.jpg\" alt=\"\" class=\"wp-image-24560\" srcset=\"https:\/\/7culture.ci\/wp-content\/uploads\/2022\/11\/IMG-20221114-WA0024.jpg 968w, https:\/\/7culture.ci\/wp-content\/uploads\/2022\/11\/IMG-20221114-WA0024-300x196.jpg 300w, https:\/\/7culture.ci\/wp-content\/uploads\/2022\/11\/IMG-20221114-WA0024-768x502.jpg 768w\" sizes=\"(max-width: 968px) 100vw, 968px\" \/><\/figure>\n\n\n\n<figure class=\"wp-block-image size-large\"><img loading=\"lazy\" decoding=\"async\" width=\"996\" height=\"654\" data-id=\"24561\" src=\"https:\/\/7culture.ci\/wp-content\/uploads\/2022\/11\/IMG-20221114-WA0025.jpg\" alt=\"\" class=\"wp-image-24561\" srcset=\"https:\/\/7culture.ci\/wp-content\/uploads\/2022\/11\/IMG-20221114-WA0025.jpg 996w, https:\/\/7culture.ci\/wp-content\/uploads\/2022\/11\/IMG-20221114-WA0025-300x197.jpg 300w, https:\/\/7culture.ci\/wp-content\/uploads\/2022\/11\/IMG-20221114-WA0025-768x504.jpg 768w\" sizes=\"(max-width: 996px) 100vw, 996px\" \/><\/figure>\n<\/figure>\n\n\n\n<p>Selon l\u2019organisation, une partie des b\u00e9n\u00e9fices r\u00e9colt\u00e9s apr\u00e8s le d\u00e9fil\u00e9 du 26 novembre, servira \u00e0 acheter des vivres et non-vivres pour en faire don \u00e0 la pouponni\u00e8re Marie-Th\u00e9r\u00e8se Houphou\u00ebt-Boigny. Des dipl\u00f4mes de participation seront aussi remis aux stylistes invit\u00e9s et aux partenaires de l\u2019\u00e9v\u00e8nement.<\/p>\n\n\n\n<p>Abrass Fashion Show 6 est parrain\u00e9 par le maire d\u2019Adjam\u00e9, Farikou Soumahoro. Abrass est la contraction ou l\u2019appellation fashion du vieux quartier Bromakot\u00e9. Il est situ\u00e9 juste derri\u00e8re la grande mosqu\u00e9e d\u2019Adjam\u00e9 sur le boulevard Nangui Abrogoua.<\/p>\n\n\n\n<p>Par Omar AK<\/p>\n","protected":false},"excerpt":{"rendered":"<p>C\u2019est d\u00e9sormais une certitude. La 6e \u00e9dition du d\u00e9fil\u00e9 Abrass Fashion Show se d\u00e9roulera le 26 novembre prochain \u00e0 la place AIDL d\u2019Adjam\u00e9. Toutes les grandes lignes de l\u2019\u00e9v\u00e8nement ont \u00e9t\u00e9 donn\u00e9es par la promotrice Asta Gandour le mardi 8 novembre dernier \u00e0 la salle de mariage de la mairie d\u2019Adjam\u00e9 au cours d\u2019une conf\u00e9rence &hellip;<\/p>\n<p class=\"read-more\"> <a class=\"\" href=\"https:\/\/7culture.ci\/index.php\/2022\/11\/14\/mode-revoila-abrass-fashion-show\/\"> <span class=\"screen-reader-text\">Mode\u00a0: Revoil\u00e0 Abrass Fashion Show\u00a0!<\/span> Lire la suite\u00a0\u00bb<\/a><\/p>\n","protected":false},"author":1,"featured_media":24555,"comment_status":"open","ping_status":"open","sticky":false,"template":"","format":"standard","meta":{"_mi_skip_tracking":false,"_monsterinsights_sitenote_active":false,"_monsterinsights_sitenote_note":"","_monsterinsights_sitenote_category":0,"site-sidebar-layout":"default","site-content-layout":"default","ast-global-header-display":"","ast-main-header-display":"","ast-hfb-above-header-display":"","ast-hfb-below-header-display":"","ast-hfb-mobile-header-display":"","site-post-title":"","ast-breadcrumbs-content":"","ast-featured-img":"","footer-sml-layout":"","theme-transparent-header-meta":"","adv-header-id-meta":"","stick-header-meta":"","header-above-stick-meta":"","header-main-stick-meta":"","header-below-stick-meta":"","footnotes":"","jetpack_publicize_message":"","jetpack_is_tweetstorm":false,"jetpack_publicize_feature_enabled":true},"categories":[39],"tags":[],"jetpack_publicize_connections":[],"acf":[],"aioseo_notices":[],"yoast_head":"<!-- This site is optimized with the Yoast SEO plugin v19.6.1 - https:\/\/yoast.com\/wordpress\/plugins\/seo\/ -->\n<title>Mode\u00a0: Revoil\u00e0 Abrass Fashion Show\u00a0! -<\/title>\n<meta name=\"robots\" content=\"index, follow, max-snippet:-1, max-image-preview:large, max-video-preview:-1\" \/>\n<link rel=\"canonical\" href=\"https:\/\/7culture.ci\/index.php\/2022\/11\/14\/mode-revoila-abrass-fashion-show\/\" \/>\n<meta property=\"og:locale\" content=\"fr_FR\" \/>\n<meta property=\"og:type\" content=\"article\" \/>\n<meta property=\"og:title\" content=\"Mode\u00a0: Revoil\u00e0 Abrass Fashion Show\u00a0! -\" \/>\n<meta property=\"og:description\" content=\"C\u2019est d\u00e9sormais une certitude. La 6e \u00e9dition du d\u00e9fil\u00e9 Abrass Fashion Show se d\u00e9roulera le 26 novembre prochain \u00e0 la place AIDL d\u2019Adjam\u00e9. Toutes les grandes lignes de l\u2019\u00e9v\u00e8nement ont \u00e9t\u00e9 donn\u00e9es par la promotrice Asta Gandour le mardi 8 novembre dernier \u00e0 la salle de mariage de la mairie d\u2019Adjam\u00e9 au cours d\u2019une conf\u00e9rence &hellip; Mode\u00a0: Revoil\u00e0 Abrass Fashion Show\u00a0! Lire la suite\u00a0\u00bb\" \/>\n<meta property=\"og:url\" content=\"https:\/\/7culture.ci\/index.php\/2022\/11\/14\/mode-revoila-abrass-fashion-show\/\" \/>\n<meta property=\"og:site_name\" content=\"7culture\" \/>\n<meta property=\"article:publisher\" content=\"https:\/\/www.facebook.com\/redchefclaude\" \/>\n<meta property=\"article:published_time\" content=\"2022-11-14T11:03:42+00:00\" \/>\n<meta property=\"article:modified_time\" content=\"2022-11-14T12:08:35+00:00\" \/>\n<meta property=\"og:image\" content=\"http:\/\/7culture.ci\/wp-content\/uploads\/2022\/11\/IMG-20221114-WA0020.jpg\" \/>\n\t<meta property=\"og:image:width\" content=\"1017\" \/>\n\t<meta property=\"og:image:height\" content=\"672\" \/>\n\t<meta property=\"og:image:type\" content=\"image\/jpeg\" \/>\n<meta name=\"author\" content=\"7culture2020\" \/>\n<meta name=\"twitter:card\" content=\"summary_large_image\" \/>\n<meta name=\"twitter:creator\" content=\"@7culturec\" \/>\n<meta name=\"twitter:site\" content=\"@7culturec\" \/>\n<meta name=\"twitter:label1\" content=\"\u00c9crit par\" \/>\n\t<meta name=\"twitter:data1\" content=\"7culture2020\" \/>\n\t<meta name=\"twitter:label2\" content=\"Dur\u00e9e de lecture estim\u00e9e\" \/>\n\t<meta name=\"twitter:data2\" content=\"3 minutes\" \/>\n<script type=\"application\/ld+json\" class=\"yoast-schema-graph\">{\"@context\":\"https:\/\/schema.org\",\"@graph\":[{\"@type\":\"Article\",\"@id\":\"https:\/\/7culture.ci\/index.php\/2022\/11\/14\/mode-revoila-abrass-fashion-show\/#article\",\"isPartOf\":{\"@id\":\"https:\/\/7culture.ci\/index.php\/2022\/11\/14\/mode-revoila-abrass-fashion-show\/\"},\"author\":{\"name\":\"7culture2020\",\"@id\":\"https:\/\/7culture.ci\/#\/schema\/person\/16150d28d7ef66ba788c1f87f28c4426\"},\"headline\":\"Mode\u00a0: Revoil\u00e0 Abrass Fashion Show\u00a0!\",\"datePublished\":\"2022-11-14T11:03:42+00:00\",\"dateModified\":\"2022-11-14T12:08:35+00:00\",\"mainEntityOfPage\":{\"@id\":\"https:\/\/7culture.ci\/index.php\/2022\/11\/14\/mode-revoila-abrass-fashion-show\/\"},\"wordCount\":526,\"commentCount\":0,\"publisher\":{\"@id\":\"https:\/\/7culture.ci\/#organization\"},\"articleSection\":[\"Mode\"],\"inLanguage\":\"fr-FR\",\"potentialAction\":[{\"@type\":\"CommentAction\",\"name\":\"Comment\",\"target\":[\"https:\/\/7culture.ci\/index.php\/2022\/11\/14\/mode-revoila-abrass-fashion-show\/#respond\"]}]},{\"@type\":\"WebPage\",\"@id\":\"https:\/\/7culture.ci\/index.php\/2022\/11\/14\/mode-revoila-abrass-fashion-show\/\",\"url\":\"https:\/\/7culture.ci\/index.php\/2022\/11\/14\/mode-revoila-abrass-fashion-show\/\",\"name\":\"Mode\u00a0: Revoil\u00e0 Abrass Fashion Show\u00a0! -\",\"isPartOf\":{\"@id\":\"https:\/\/7culture.ci\/#website\"},\"datePublished\":\"2022-11-14T11:03:42+00:00\",\"dateModified\":\"2022-11-14T12:08:35+00:00\",\"breadcrumb\":{\"@id\":\"https:\/\/7culture.ci\/index.php\/2022\/11\/14\/mode-revoila-abrass-fashion-show\/#breadcrumb\"},\"inLanguage\":\"fr-FR\",\"potentialAction\":[{\"@type\":\"ReadAction\",\"target\":[\"https:\/\/7culture.ci\/index.php\/2022\/11\/14\/mode-revoila-abrass-fashion-show\/\"]}]},{\"@type\":\"BreadcrumbList\",\"@id\":\"https:\/\/7culture.ci\/index.php\/2022\/11\/14\/mode-revoila-abrass-fashion-show\/#breadcrumb\",\"itemListElement\":[{\"@type\":\"ListItem\",\"position\":1,\"name\":\"Accueil\",\"item\":\"https:\/\/7culture.ci\/\"},{\"@type\":\"ListItem\",\"position\":2,\"name\":\"Mode\u00a0: Revoil\u00e0 Abrass Fashion Show\u00a0!\"}]},{\"@type\":\"WebSite\",\"@id\":\"https:\/\/7culture.ci\/#website\",\"url\":\"https:\/\/7culture.ci\/\",\"name\":\"7culture\",\"description\":\"Tout sur l&#039;actualit\u00e9\",\"publisher\":{\"@id\":\"https:\/\/7culture.ci\/#organization\"},\"potentialAction\":[{\"@type\":\"SearchAction\",\"target\":{\"@type\":\"EntryPoint\",\"urlTemplate\":\"https:\/\/7culture.ci\/?s={search_term_string}\"},\"query-input\":\"required name=search_term_string\"}],\"inLanguage\":\"fr-FR\"},{\"@type\":\"Organization\",\"@id\":\"https:\/\/7culture.ci\/#organization\",\"name\":\"7culture\",\"url\":\"https:\/\/7culture.ci\/\",\"sameAs\":[\"https:\/\/www.facebook.com\/redchefclaude\",\"https:\/\/twitter.com\/7culturec\"],\"logo\":{\"@type\":\"ImageObject\",\"inLanguage\":\"fr-FR\",\"@id\":\"https:\/\/7culture.ci\/#\/schema\/logo\/image\/\",\"url\":\"https:\/\/7culture.ci\/wp-content\/uploads\/2021\/12\/S1a-1.png\",\"contentUrl\":\"https:\/\/7culture.ci\/wp-content\/uploads\/2021\/12\/S1a-1.png\",\"width\":588,\"height\":192,\"caption\":\"7culture\"},\"image\":{\"@id\":\"https:\/\/7culture.ci\/#\/schema\/logo\/image\/\"}},{\"@type\":\"Person\",\"@id\":\"https:\/\/7culture.ci\/#\/schema\/person\/16150d28d7ef66ba788c1f87f28c4426\",\"name\":\"7culture2020\",\"image\":{\"@type\":\"ImageObject\",\"inLanguage\":\"fr-FR\",\"@id\":\"https:\/\/7culture.ci\/#\/schema\/person\/image\/\",\"url\":\"https:\/\/secure.gravatar.com\/avatar\/9a0784f951306c37bcd065f52844ef95?s=96&d=mm&r=g\",\"contentUrl\":\"https:\/\/secure.gravatar.com\/avatar\/9a0784f951306c37bcd065f52844ef95?s=96&d=mm&r=g\",\"caption\":\"7culture2020\"},\"sameAs\":[\"http:\/\/7culture.ci\",\"Claude.kipre\"],\"url\":\"https:\/\/7culture.ci\/index.php\/author\/7culture2020\/\"}]}<\/script>\n<!-- \/ Yoast SEO plugin. -->","yoast_head_json":{"title":"Mode\u00a0: Revoil\u00e0 Abrass Fashion Show\u00a0! -","robots":{"index":"index","follow":"follow","max-snippet":"max-snippet:-1","max-image-preview":"max-image-preview:large","max-video-preview":"max-video-preview:-1"},"canonical":"https:\/\/7culture.ci\/index.php\/2022\/11\/14\/mode-revoila-abrass-fashion-show\/","og_locale":"fr_FR","og_type":"article","og_title":"Mode\u00a0: Revoil\u00e0 Abrass Fashion Show\u00a0! -","og_description":"C\u2019est d\u00e9sormais une certitude. La 6e \u00e9dition du d\u00e9fil\u00e9 Abrass Fashion Show se d\u00e9roulera le 26 novembre prochain \u00e0 la place AIDL d\u2019Adjam\u00e9. Toutes les grandes lignes de l\u2019\u00e9v\u00e8nement ont \u00e9t\u00e9 donn\u00e9es par la promotrice Asta Gandour le mardi 8 novembre dernier \u00e0 la salle de mariage de la mairie d\u2019Adjam\u00e9 au cours d\u2019une conf\u00e9rence &hellip; Mode\u00a0: Revoil\u00e0 Abrass Fashion Show\u00a0! Lire la suite\u00a0\u00bb","og_url":"https:\/\/7culture.ci\/index.php\/2022\/11\/14\/mode-revoila-abrass-fashion-show\/","og_site_name":"7culture","article_publisher":"https:\/\/www.facebook.com\/redchefclaude","article_published_time":"2022-11-14T11:03:42+00:00","article_modified_time":"2022-11-14T12:08:35+00:00","og_image":[{"width":1017,"height":672,"url":"http:\/\/7culture.ci\/wp-content\/uploads\/2022\/11\/IMG-20221114-WA0020.jpg","type":"image\/jpeg"}],"author":"7culture2020","twitter_card":"summary_large_image","twitter_creator":"@7culturec","twitter_site":"@7culturec","twitter_misc":{"\u00c9crit par":"7culture2020","Dur\u00e9e de lecture estim\u00e9e":"3 minutes"},"schema":{"@context":"https:\/\/schema.org","@graph":[{"@type":"Article","@id":"https:\/\/7culture.ci\/index.php\/2022\/11\/14\/mode-revoila-abrass-fashion-show\/#article","isPartOf":{"@id":"https:\/\/7culture.ci\/index.php\/2022\/11\/14\/mode-revoila-abrass-fashion-show\/"},"author":{"name":"7culture2020","@id":"https:\/\/7culture.ci\/#\/schema\/person\/16150d28d7ef66ba788c1f87f28c4426"},"headline":"Mode\u00a0: Revoil\u00e0 Abrass Fashion Show\u00a0!","datePublished":"2022-11-14T11:03:42+00:00","dateModified":"2022-11-14T12:08:35+00:00","mainEntityOfPage":{"@id":"https:\/\/7culture.ci\/index.php\/2022\/11\/14\/mode-revoila-abrass-fashion-show\/"},"wordCount":526,"commentCount":0,"publisher":{"@id":"https:\/\/7culture.ci\/#organization"},"articleSection":["Mode"],"inLanguage":"fr-FR","potentialAction":[{"@type":"CommentAction","name":"Comment","target":["https:\/\/7culture.ci\/index.php\/2022\/11\/14\/mode-revoila-abrass-fashion-show\/#respond"]}]},{"@type":"WebPage","@id":"https:\/\/7culture.ci\/index.php\/2022\/11\/14\/mode-revoila-abrass-fashion-show\/","url":"https:\/\/7culture.ci\/index.php\/2022\/11\/14\/mode-revoila-abrass-fashion-show\/","name":"Mode\u00a0: Revoil\u00e0 Abrass Fashion Show\u00a0! -","isPartOf":{"@id":"https:\/\/7culture.ci\/#website"},"datePublished":"2022-11-14T11:03:42+00:00","dateModified":"2022-11-14T12:08:35+00:00","breadcrumb":{"@id":"https:\/\/7culture.ci\/index.php\/2022\/11\/14\/mode-revoila-abrass-fashion-show\/#breadcrumb"},"inLanguage":"fr-FR","potentialAction":[{"@type":"ReadAction","target":["https:\/\/7culture.ci\/index.php\/2022\/11\/14\/mode-revoila-abrass-fashion-show\/"]}]},{"@type":"BreadcrumbList","@id":"https:\/\/7culture.ci\/index.php\/2022\/11\/14\/mode-revoila-abrass-fashion-show\/#breadcrumb","itemListElement":[{"@type":"ListItem","position":1,"name":"Accueil","item":"https:\/\/7culture.ci\/"},{"@type":"ListItem","position":2,"name":"Mode\u00a0: Revoil\u00e0 Abrass Fashion Show\u00a0!"}]},{"@type":"WebSite","@id":"https:\/\/7culture.ci\/#website","url":"https:\/\/7culture.ci\/","name":"7culture","description":"Tout sur l&#039;actualit\u00e9","publisher":{"@id":"https:\/\/7culture.ci\/#organization"},"potentialAction":[{"@type":"SearchAction","target":{"@type":"EntryPoint","urlTemplate":"https:\/\/7culture.ci\/?s={search_term_string}"},"query-input":"required name=search_term_string"}],"inLanguage":"fr-FR"},{"@type":"Organization","@id":"https:\/\/7culture.ci\/#organization","name":"7culture","url":"https:\/\/7culture.ci\/","sameAs":["https:\/\/www.facebook.com\/redchefclaude","https:\/\/twitter.com\/7culturec"],"logo":{"@type":"ImageObject","inLanguage":"fr-FR","@id":"https:\/\/7culture.ci\/#\/schema\/logo\/image\/","url":"https:\/\/7culture.ci\/wp-content\/uploads\/2021\/12\/S1a-1.png","contentUrl":"https:\/\/7culture.ci\/wp-content\/uploads\/2021\/12\/S1a-1.png","width":588,"height":192,"caption":"7culture"},"image":{"@id":"https:\/\/7culture.ci\/#\/schema\/logo\/image\/"}},{"@type":"Person","@id":"https:\/\/7culture.ci\/#\/schema\/person\/16150d28d7ef66ba788c1f87f28c4426","name":"7culture2020","image":{"@type":"ImageObject","inLanguage":"fr-FR","@id":"https:\/\/7culture.ci\/#\/schema\/person\/image\/","url":"https:\/\/secure.gravatar.com\/avatar\/9a0784f951306c37bcd065f52844ef95?s=96&d=mm&r=g","contentUrl":"https:\/\/secure.gravatar.com\/avatar\/9a0784f951306c37bcd065f52844ef95?s=96&d=mm&r=g","caption":"7culture2020"},"sameAs":["http:\/\/7culture.ci","Claude.kipre"],"url":"https:\/\/7culture.ci\/index.php\/author\/7culture2020\/"}]}},"jetpack_featured_media_url":"https:\/\/7culture.ci\/wp-content\/uploads\/2022\/11\/IMG-20221114-WA0020.jpg","jetpack_likes_enabled":true,"jetpack_sharing_enabled":true,"_links":{"self":[{"href":"https:\/\/7culture.ci\/index.php\/wp-json\/wp\/v2\/posts\/24553"}],"collection":[{"href":"https:\/\/7culture.ci\/index.php\/wp-json\/wp\/v2\/posts"}],"about":[{"href":"https:\/\/7culture.ci\/index.php\/wp-json\/wp\/v2\/types\/post"}],"author":[{"embeddable":true,"href":"https:\/\/7culture.ci\/index.php\/wp-json\/wp\/v2\/users\/1"}],"replies":[{"embeddable":true,"href":"https:\/\/7culture.ci\/index.php\/wp-json\/wp\/v2\/comments?post=24553"}],"version-history":[{"count":0,"href":"https:\/\/7culture.ci\/index.php\/wp-json\/wp\/v2\/posts\/24553\/revisions"}],"wp:featuredmedia":[{"embeddable":true,"href":"https:\/\/7culture.ci\/index.php\/wp-json\/wp\/v2\/media\/24555"}],"wp:attachment":[{"href":"https:\/\/7culture.ci\/index.php\/wp-json\/wp\/v2\/media?parent=24553"}],"wp:term":[{"taxonomy":"category","embeddable":true,"href":"https:\/\/7culture.ci\/index.php\/wp-json\/wp\/v2\/categories?post=24553"},{"taxonomy":"post_tag","embeddable":true,"href":"https:\/\/7culture.ci\/index.php\/wp-json\/wp\/v2\/tags?post=24553"}],"curies":[{"name":"wp","href":"https:\/\/api.w.org\/{rel}","templated":true}]}}