{"id":24537,"date":"2022-11-11T17:34:10","date_gmt":"2022-11-11T17:34:10","guid":{"rendered":"https:\/\/7culture.ci\/?p=24537"},"modified":"2022-11-11T17:34:13","modified_gmt":"2022-11-11T17:34:13","slug":"salon-de-la-musique-dabidjan-sama-2022-satisfecit-total","status":"publish","type":"post","link":"https:\/\/7culture.ci\/index.php\/2022\/11\/11\/salon-de-la-musique-dabidjan-sama-2022-satisfecit-total\/","title":{"rendered":"Salon de la musique d\u2019Abidjan (SAMA) 2022: Satisfecit total"},"content":{"rendered":"\n<p>\u00ab <strong><em>Cette ann\u00e9e, nous avons eu un plus grand nombre de pan\u00e9listes de qualit\u00e9, comme ceux de l\u2019ann\u00e9e derni\u00e8re. Mais en plus, le public a r\u00e9pondu pr\u00e9sent. Les&nbsp; discussions et les \u00e9changes \u00e9taient houleux au cours des diff\u00e9rents panels. Nous sommes enti\u00e8rement satisfaits de cette \u00e9dition<\/em><\/strong> \u00bb. C\u2019est la conclusion de St\u00e9phanie Coulibaly, coordonnatrice du Salon de la musique d\u2019Abidjan (SAMA) au cours d\u2019une rencontre avec la presse.<\/p>\n\n\n\n<p>La 2<sup>e<\/sup> \u00e9dition du SAMA s\u2019est d\u00e9roul\u00e9e du 2 au 4 novembre 2022 \u00e0 l\u2019Institut fran\u00e7ais d\u2019Abidjan-Plateau. Initi\u00e9 par la structure \u2018\u2019Kultur Faman\u2019\u2019, l(\u00e9v\u00e8nement a pour objectif, selon le commissaire g\u00e9n\u00e9ral Guy-Pac\u00f4me Somian, d\u2019offrir un espace de rencontres et d\u2019\u00e9changes aux acteurs professionnels du secteur musical africain. Ainsi, pendant trois jours, plusieurs panels ont-ils \u00e9t\u00e9 organis\u00e9s sous le th\u00e8me g\u00e9n\u00e9ral \u2018<em>\u2019La musique facteur d\u2019inclusion \u00e9conomique et sociale<\/em>\u2019\u2019. La th\u00e9matique centrale a \u00e9t\u00e9 soutenue par des sous-th\u00e8mes comme \u2018<em>\u2019Le r\u00f4le des institutions dans l\u2019organisation et le d\u00e9veloppement de l\u2019artiste<\/em>\u2019\u2019, \u2018<em>\u2019La r\u00e9mun\u00e9ration pour copie priv\u00e9e-r\u00e9mun\u00e9ration pour reprographie<\/em>\u2019\u2019,&nbsp; \u2018<em>\u2019Vendre sa musique sur le digital<\/em>\u2019\u2019, \u2018<em>\u2019La promotion des \u0153uvres musicales sur les m\u00e9dias traditionnels et les r\u00e9seaux sociaux<\/em>\u2019\u2019 et \u2018<em>\u2019Le rap en c\u00f4te d\u2019Ivoire, mutations et perspectives<\/em>\u2019\u2019. Les d\u00e9bats ont \u00e9t\u00e9 d\u00e9velopp\u00e9s par des&nbsp; experts qui ont partag\u00e9 leurs exp\u00e9riences avec un public de qualit\u00e9.<\/p>\n\n\n\n<p>L\u2019autre moment important du SAMA 2, c\u2019est la formation. Pour ce faire, des masterclass ont \u00e9clair\u00e9 les invit\u00e9s sur les \u00ab contrats de musique \u00bb et \u00ab comment percer le march\u00e9 local africain \u00bb.<\/p>\n\n\n\n<p>Pour de nombreux participants et le grand public, le Salon de la musique d\u2019Abidjan 2022 a constitu\u00e9 une belle plateforme de d\u00e9couverte de talents musicaux naissants et en d\u00e9veloppement qui se sont produits dans l\u2019espace \u00ab performance talents \u00bb, au th\u00e9\u00e2tre de la verdure. On a ainsi pu appr\u00e9cier les performances artistiques de J\u00e9r\u00e9my Kipr\u00e9, Bebel\u2026. Sur la sc\u00e8ne qu\u2019on pouvait qualifier d\u2019IN, des artistes de renom comme le groupe zouglou R\u00e9volution, le groupe musical Yakomin, Mary Jo, Ans-T Crazy ou Malick Lion ont su entretenir le public avec de belles notes.<\/p>\n\n\n\n<p>Par Omar AK<\/p>\n","protected":false},"excerpt":{"rendered":"<p>\u00ab Cette ann\u00e9e, nous avons eu un plus grand nombre de pan\u00e9listes de qualit\u00e9, comme ceux de l\u2019ann\u00e9e derni\u00e8re. Mais en plus, le public a r\u00e9pondu pr\u00e9sent. Les&nbsp; discussions et les \u00e9changes \u00e9taient houleux au cours des diff\u00e9rents panels. Nous sommes enti\u00e8rement satisfaits de cette \u00e9dition \u00bb. C\u2019est la conclusion de St\u00e9phanie Coulibaly, coordonnatrice du &hellip;<\/p>\n<p class=\"read-more\"> <a class=\"\" href=\"https:\/\/7culture.ci\/index.php\/2022\/11\/11\/salon-de-la-musique-dabidjan-sama-2022-satisfecit-total\/\"> <span class=\"screen-reader-text\">Salon de la musique d\u2019Abidjan (SAMA) 2022: Satisfecit total<\/span> Lire la suite\u00a0\u00bb<\/a><\/p>\n","protected":false},"author":1,"featured_media":24539,"comment_status":"open","ping_status":"open","sticky":false,"template":"","format":"standard","meta":{"_mi_skip_tracking":false,"_monsterinsights_sitenote_active":false,"_monsterinsights_sitenote_note":"","_monsterinsights_sitenote_category":0,"site-sidebar-layout":"default","site-content-layout":"default","ast-global-header-display":"","ast-main-header-display":"","ast-hfb-above-header-display":"","ast-hfb-below-header-display":"","ast-hfb-mobile-header-display":"","site-post-title":"","ast-breadcrumbs-content":"","ast-featured-img":"","footer-sml-layout":"","theme-transparent-header-meta":"","adv-header-id-meta":"","stick-header-meta":"","header-above-stick-meta":"","header-main-stick-meta":"","header-below-stick-meta":"","footnotes":"","jetpack_publicize_message":"","jetpack_is_tweetstorm":false,"jetpack_publicize_feature_enabled":true},"categories":[22],"tags":[],"jetpack_publicize_connections":[],"acf":[],"aioseo_notices":[],"yoast_head":"<!-- This site is optimized with the Yoast SEO plugin v19.6.1 - https:\/\/yoast.com\/wordpress\/plugins\/seo\/ -->\n<title>Salon de la musique d\u2019Abidjan (SAMA) 2022: Satisfecit total -<\/title>\n<meta name=\"robots\" content=\"index, follow, max-snippet:-1, max-image-preview:large, max-video-preview:-1\" \/>\n<link rel=\"canonical\" href=\"https:\/\/7culture.ci\/index.php\/2022\/11\/11\/salon-de-la-musique-dabidjan-sama-2022-satisfecit-total\/\" \/>\n<meta property=\"og:locale\" content=\"fr_FR\" \/>\n<meta property=\"og:type\" content=\"article\" \/>\n<meta property=\"og:title\" content=\"Salon de la musique d\u2019Abidjan (SAMA) 2022: Satisfecit total -\" \/>\n<meta property=\"og:description\" content=\"\u00ab Cette ann\u00e9e, nous avons eu un plus grand nombre de pan\u00e9listes de qualit\u00e9, comme ceux de l\u2019ann\u00e9e derni\u00e8re. Mais en plus, le public a r\u00e9pondu pr\u00e9sent. Les&nbsp; discussions et les \u00e9changes \u00e9taient houleux au cours des diff\u00e9rents panels. Nous sommes enti\u00e8rement satisfaits de cette \u00e9dition \u00bb. C\u2019est la conclusion de St\u00e9phanie Coulibaly, coordonnatrice du &hellip; Salon de la musique d\u2019Abidjan (SAMA) 2022: Satisfecit total Lire la suite\u00a0\u00bb\" \/>\n<meta property=\"og:url\" content=\"https:\/\/7culture.ci\/index.php\/2022\/11\/11\/salon-de-la-musique-dabidjan-sama-2022-satisfecit-total\/\" \/>\n<meta property=\"og:site_name\" content=\"7culture\" \/>\n<meta property=\"article:publisher\" content=\"https:\/\/www.facebook.com\/redchefclaude\" \/>\n<meta property=\"article:published_time\" content=\"2022-11-11T17:34:10+00:00\" \/>\n<meta property=\"article:modified_time\" content=\"2022-11-11T17:34:13+00:00\" \/>\n<meta property=\"og:image\" content=\"http:\/\/7culture.ci\/wp-content\/uploads\/2022\/11\/Guy-Pacome-Somian.jpeg\" \/>\n\t<meta property=\"og:image:width\" content=\"919\" \/>\n\t<meta property=\"og:image:height\" content=\"635\" \/>\n\t<meta property=\"og:image:type\" content=\"image\/jpeg\" \/>\n<meta name=\"author\" content=\"7culture2020\" \/>\n<meta name=\"twitter:card\" content=\"summary_large_image\" \/>\n<meta name=\"twitter:creator\" content=\"@7culturec\" \/>\n<meta name=\"twitter:site\" content=\"@7culturec\" \/>\n<meta name=\"twitter:label1\" content=\"\u00c9crit par\" \/>\n\t<meta name=\"twitter:data1\" content=\"7culture2020\" \/>\n\t<meta name=\"twitter:label2\" content=\"Dur\u00e9e de lecture estim\u00e9e\" \/>\n\t<meta name=\"twitter:data2\" content=\"2 minutes\" \/>\n<script type=\"application\/ld+json\" class=\"yoast-schema-graph\">{\"@context\":\"https:\/\/schema.org\",\"@graph\":[{\"@type\":\"Article\",\"@id\":\"https:\/\/7culture.ci\/index.php\/2022\/11\/11\/salon-de-la-musique-dabidjan-sama-2022-satisfecit-total\/#article\",\"isPartOf\":{\"@id\":\"https:\/\/7culture.ci\/index.php\/2022\/11\/11\/salon-de-la-musique-dabidjan-sama-2022-satisfecit-total\/\"},\"author\":{\"name\":\"7culture2020\",\"@id\":\"https:\/\/7culture.ci\/#\/schema\/person\/16150d28d7ef66ba788c1f87f28c4426\"},\"headline\":\"Salon de la musique d\u2019Abidjan (SAMA) 2022: Satisfecit total\",\"datePublished\":\"2022-11-11T17:34:10+00:00\",\"dateModified\":\"2022-11-11T17:34:13+00:00\",\"mainEntityOfPage\":{\"@id\":\"https:\/\/7culture.ci\/index.php\/2022\/11\/11\/salon-de-la-musique-dabidjan-sama-2022-satisfecit-total\/\"},\"wordCount\":401,\"commentCount\":0,\"publisher\":{\"@id\":\"https:\/\/7culture.ci\/#organization\"},\"articleSection\":[\"Actualit\u00e9\"],\"inLanguage\":\"fr-FR\",\"potentialAction\":[{\"@type\":\"CommentAction\",\"name\":\"Comment\",\"target\":[\"https:\/\/7culture.ci\/index.php\/2022\/11\/11\/salon-de-la-musique-dabidjan-sama-2022-satisfecit-total\/#respond\"]}]},{\"@type\":\"WebPage\",\"@id\":\"https:\/\/7culture.ci\/index.php\/2022\/11\/11\/salon-de-la-musique-dabidjan-sama-2022-satisfecit-total\/\",\"url\":\"https:\/\/7culture.ci\/index.php\/2022\/11\/11\/salon-de-la-musique-dabidjan-sama-2022-satisfecit-total\/\",\"name\":\"Salon de la musique d\u2019Abidjan (SAMA) 2022: Satisfecit total -\",\"isPartOf\":{\"@id\":\"https:\/\/7culture.ci\/#website\"},\"datePublished\":\"2022-11-11T17:34:10+00:00\",\"dateModified\":\"2022-11-11T17:34:13+00:00\",\"breadcrumb\":{\"@id\":\"https:\/\/7culture.ci\/index.php\/2022\/11\/11\/salon-de-la-musique-dabidjan-sama-2022-satisfecit-total\/#breadcrumb\"},\"inLanguage\":\"fr-FR\",\"potentialAction\":[{\"@type\":\"ReadAction\",\"target\":[\"https:\/\/7culture.ci\/index.php\/2022\/11\/11\/salon-de-la-musique-dabidjan-sama-2022-satisfecit-total\/\"]}]},{\"@type\":\"BreadcrumbList\",\"@id\":\"https:\/\/7culture.ci\/index.php\/2022\/11\/11\/salon-de-la-musique-dabidjan-sama-2022-satisfecit-total\/#breadcrumb\",\"itemListElement\":[{\"@type\":\"ListItem\",\"position\":1,\"name\":\"Accueil\",\"item\":\"https:\/\/7culture.ci\/\"},{\"@type\":\"ListItem\",\"position\":2,\"name\":\"Salon de la musique d\u2019Abidjan (SAMA) 2022: Satisfecit total\"}]},{\"@type\":\"WebSite\",\"@id\":\"https:\/\/7culture.ci\/#website\",\"url\":\"https:\/\/7culture.ci\/\",\"name\":\"7culture\",\"description\":\"Tout sur l&#039;actualit\u00e9\",\"publisher\":{\"@id\":\"https:\/\/7culture.ci\/#organization\"},\"potentialAction\":[{\"@type\":\"SearchAction\",\"target\":{\"@type\":\"EntryPoint\",\"urlTemplate\":\"https:\/\/7culture.ci\/?s={search_term_string}\"},\"query-input\":\"required name=search_term_string\"}],\"inLanguage\":\"fr-FR\"},{\"@type\":\"Organization\",\"@id\":\"https:\/\/7culture.ci\/#organization\",\"name\":\"7culture\",\"url\":\"https:\/\/7culture.ci\/\",\"sameAs\":[\"https:\/\/www.facebook.com\/redchefclaude\",\"https:\/\/twitter.com\/7culturec\"],\"logo\":{\"@type\":\"ImageObject\",\"inLanguage\":\"fr-FR\",\"@id\":\"https:\/\/7culture.ci\/#\/schema\/logo\/image\/\",\"url\":\"https:\/\/7culture.ci\/wp-content\/uploads\/2021\/12\/S1a-1.png\",\"contentUrl\":\"https:\/\/7culture.ci\/wp-content\/uploads\/2021\/12\/S1a-1.png\",\"width\":588,\"height\":192,\"caption\":\"7culture\"},\"image\":{\"@id\":\"https:\/\/7culture.ci\/#\/schema\/logo\/image\/\"}},{\"@type\":\"Person\",\"@id\":\"https:\/\/7culture.ci\/#\/schema\/person\/16150d28d7ef66ba788c1f87f28c4426\",\"name\":\"7culture2020\",\"image\":{\"@type\":\"ImageObject\",\"inLanguage\":\"fr-FR\",\"@id\":\"https:\/\/7culture.ci\/#\/schema\/person\/image\/\",\"url\":\"https:\/\/secure.gravatar.com\/avatar\/9a0784f951306c37bcd065f52844ef95?s=96&d=mm&r=g\",\"contentUrl\":\"https:\/\/secure.gravatar.com\/avatar\/9a0784f951306c37bcd065f52844ef95?s=96&d=mm&r=g\",\"caption\":\"7culture2020\"},\"sameAs\":[\"http:\/\/7culture.ci\",\"Claude.kipre\"],\"url\":\"https:\/\/7culture.ci\/index.php\/author\/7culture2020\/\"}]}<\/script>\n<!-- \/ Yoast SEO plugin. -->","yoast_head_json":{"title":"Salon de la musique d\u2019Abidjan (SAMA) 2022: Satisfecit total -","robots":{"index":"index","follow":"follow","max-snippet":"max-snippet:-1","max-image-preview":"max-image-preview:large","max-video-preview":"max-video-preview:-1"},"canonical":"https:\/\/7culture.ci\/index.php\/2022\/11\/11\/salon-de-la-musique-dabidjan-sama-2022-satisfecit-total\/","og_locale":"fr_FR","og_type":"article","og_title":"Salon de la musique d\u2019Abidjan (SAMA) 2022: Satisfecit total -","og_description":"\u00ab Cette ann\u00e9e, nous avons eu un plus grand nombre de pan\u00e9listes de qualit\u00e9, comme ceux de l\u2019ann\u00e9e derni\u00e8re. Mais en plus, le public a r\u00e9pondu pr\u00e9sent. Les&nbsp; discussions et les \u00e9changes \u00e9taient houleux au cours des diff\u00e9rents panels. Nous sommes enti\u00e8rement satisfaits de cette \u00e9dition \u00bb. C\u2019est la conclusion de St\u00e9phanie Coulibaly, coordonnatrice du &hellip; Salon de la musique d\u2019Abidjan (SAMA) 2022: Satisfecit total Lire la suite\u00a0\u00bb","og_url":"https:\/\/7culture.ci\/index.php\/2022\/11\/11\/salon-de-la-musique-dabidjan-sama-2022-satisfecit-total\/","og_site_name":"7culture","article_publisher":"https:\/\/www.facebook.com\/redchefclaude","article_published_time":"2022-11-11T17:34:10+00:00","article_modified_time":"2022-11-11T17:34:13+00:00","og_image":[{"width":919,"height":635,"url":"http:\/\/7culture.ci\/wp-content\/uploads\/2022\/11\/Guy-Pacome-Somian.jpeg","type":"image\/jpeg"}],"author":"7culture2020","twitter_card":"summary_large_image","twitter_creator":"@7culturec","twitter_site":"@7culturec","twitter_misc":{"\u00c9crit par":"7culture2020","Dur\u00e9e de lecture estim\u00e9e":"2 minutes"},"schema":{"@context":"https:\/\/schema.org","@graph":[{"@type":"Article","@id":"https:\/\/7culture.ci\/index.php\/2022\/11\/11\/salon-de-la-musique-dabidjan-sama-2022-satisfecit-total\/#article","isPartOf":{"@id":"https:\/\/7culture.ci\/index.php\/2022\/11\/11\/salon-de-la-musique-dabidjan-sama-2022-satisfecit-total\/"},"author":{"name":"7culture2020","@id":"https:\/\/7culture.ci\/#\/schema\/person\/16150d28d7ef66ba788c1f87f28c4426"},"headline":"Salon de la musique d\u2019Abidjan (SAMA) 2022: Satisfecit total","datePublished":"2022-11-11T17:34:10+00:00","dateModified":"2022-11-11T17:34:13+00:00","mainEntityOfPage":{"@id":"https:\/\/7culture.ci\/index.php\/2022\/11\/11\/salon-de-la-musique-dabidjan-sama-2022-satisfecit-total\/"},"wordCount":401,"commentCount":0,"publisher":{"@id":"https:\/\/7culture.ci\/#organization"},"articleSection":["Actualit\u00e9"],"inLanguage":"fr-FR","potentialAction":[{"@type":"CommentAction","name":"Comment","target":["https:\/\/7culture.ci\/index.php\/2022\/11\/11\/salon-de-la-musique-dabidjan-sama-2022-satisfecit-total\/#respond"]}]},{"@type":"WebPage","@id":"https:\/\/7culture.ci\/index.php\/2022\/11\/11\/salon-de-la-musique-dabidjan-sama-2022-satisfecit-total\/","url":"https:\/\/7culture.ci\/index.php\/2022\/11\/11\/salon-de-la-musique-dabidjan-sama-2022-satisfecit-total\/","name":"Salon de la musique d\u2019Abidjan (SAMA) 2022: Satisfecit total -","isPartOf":{"@id":"https:\/\/7culture.ci\/#website"},"datePublished":"2022-11-11T17:34:10+00:00","dateModified":"2022-11-11T17:34:13+00:00","breadcrumb":{"@id":"https:\/\/7culture.ci\/index.php\/2022\/11\/11\/salon-de-la-musique-dabidjan-sama-2022-satisfecit-total\/#breadcrumb"},"inLanguage":"fr-FR","potentialAction":[{"@type":"ReadAction","target":["https:\/\/7culture.ci\/index.php\/2022\/11\/11\/salon-de-la-musique-dabidjan-sama-2022-satisfecit-total\/"]}]},{"@type":"BreadcrumbList","@id":"https:\/\/7culture.ci\/index.php\/2022\/11\/11\/salon-de-la-musique-dabidjan-sama-2022-satisfecit-total\/#breadcrumb","itemListElement":[{"@type":"ListItem","position":1,"name":"Accueil","item":"https:\/\/7culture.ci\/"},{"@type":"ListItem","position":2,"name":"Salon de la musique d\u2019Abidjan (SAMA) 2022: Satisfecit total"}]},{"@type":"WebSite","@id":"https:\/\/7culture.ci\/#website","url":"https:\/\/7culture.ci\/","name":"7culture","description":"Tout sur l&#039;actualit\u00e9","publisher":{"@id":"https:\/\/7culture.ci\/#organization"},"potentialAction":[{"@type":"SearchAction","target":{"@type":"EntryPoint","urlTemplate":"https:\/\/7culture.ci\/?s={search_term_string}"},"query-input":"required name=search_term_string"}],"inLanguage":"fr-FR"},{"@type":"Organization","@id":"https:\/\/7culture.ci\/#organization","name":"7culture","url":"https:\/\/7culture.ci\/","sameAs":["https:\/\/www.facebook.com\/redchefclaude","https:\/\/twitter.com\/7culturec"],"logo":{"@type":"ImageObject","inLanguage":"fr-FR","@id":"https:\/\/7culture.ci\/#\/schema\/logo\/image\/","url":"https:\/\/7culture.ci\/wp-content\/uploads\/2021\/12\/S1a-1.png","contentUrl":"https:\/\/7culture.ci\/wp-content\/uploads\/2021\/12\/S1a-1.png","width":588,"height":192,"caption":"7culture"},"image":{"@id":"https:\/\/7culture.ci\/#\/schema\/logo\/image\/"}},{"@type":"Person","@id":"https:\/\/7culture.ci\/#\/schema\/person\/16150d28d7ef66ba788c1f87f28c4426","name":"7culture2020","image":{"@type":"ImageObject","inLanguage":"fr-FR","@id":"https:\/\/7culture.ci\/#\/schema\/person\/image\/","url":"https:\/\/secure.gravatar.com\/avatar\/9a0784f951306c37bcd065f52844ef95?s=96&d=mm&r=g","contentUrl":"https:\/\/secure.gravatar.com\/avatar\/9a0784f951306c37bcd065f52844ef95?s=96&d=mm&r=g","caption":"7culture2020"},"sameAs":["http:\/\/7culture.ci","Claude.kipre"],"url":"https:\/\/7culture.ci\/index.php\/author\/7culture2020\/"}]}},"jetpack_featured_media_url":"https:\/\/7culture.ci\/wp-content\/uploads\/2022\/11\/Guy-Pacome-Somian.jpeg","jetpack_likes_enabled":true,"jetpack_sharing_enabled":true,"_links":{"self":[{"href":"https:\/\/7culture.ci\/index.php\/wp-json\/wp\/v2\/posts\/24537"}],"collection":[{"href":"https:\/\/7culture.ci\/index.php\/wp-json\/wp\/v2\/posts"}],"about":[{"href":"https:\/\/7culture.ci\/index.php\/wp-json\/wp\/v2\/types\/post"}],"author":[{"embeddable":true,"href":"https:\/\/7culture.ci\/index.php\/wp-json\/wp\/v2\/users\/1"}],"replies":[{"embeddable":true,"href":"https:\/\/7culture.ci\/index.php\/wp-json\/wp\/v2\/comments?post=24537"}],"version-history":[{"count":0,"href":"https:\/\/7culture.ci\/index.php\/wp-json\/wp\/v2\/posts\/24537\/revisions"}],"wp:featuredmedia":[{"embeddable":true,"href":"https:\/\/7culture.ci\/index.php\/wp-json\/wp\/v2\/media\/24539"}],"wp:attachment":[{"href":"https:\/\/7culture.ci\/index.php\/wp-json\/wp\/v2\/media?parent=24537"}],"wp:term":[{"taxonomy":"category","embeddable":true,"href":"https:\/\/7culture.ci\/index.php\/wp-json\/wp\/v2\/categories?post=24537"},{"taxonomy":"post_tag","embeddable":true,"href":"https:\/\/7culture.ci\/index.php\/wp-json\/wp\/v2\/tags?post=24537"}],"curies":[{"name":"wp","href":"https:\/\/api.w.org\/{rel}","templated":true}]}}