{"id":24524,"date":"2022-11-08T11:34:31","date_gmt":"2022-11-08T11:34:31","guid":{"rendered":"https:\/\/7culture.ci\/?p=24524"},"modified":"2022-11-08T11:34:35","modified_gmt":"2022-11-08T11:34:35","slug":"restitution-des-oeuvres-darts-le-tambour-parleur-en-route-pour-abidjan","status":"publish","type":"post","link":"https:\/\/7culture.ci\/index.php\/2022\/11\/08\/restitution-des-oeuvres-darts-le-tambour-parleur-en-route-pour-abidjan\/","title":{"rendered":"Restitution des \u0153uvres d\u2019arts : Le \u2018\u2019Tambour Parleur\u2019\u2019 en route pour Abidjan !"},"content":{"rendered":"\n<p><strong><em>Le Djidji Ayokwe, le Tambour parleur, va bient\u00f4t retrouver sa terre \u00ab natale \u00bb, la C\u00f4te d\u2019Ivoire. Ce tambour unique de 3,31 m\u00e8tres et de 430 kilos, propri\u00e9t\u00e9 du peuple Tchaman et plus pr\u00e9cis\u00e9ment de la communaut\u00e9 Bidjan (Ebri\u00e9), avait \u00e9t\u00e9 r\u00e9quisitionn\u00e9 par la colonisation fran\u00e7aise en 1916. En France, le compte \u00e0 rebours de la restitution de l\u2019objet d\u2019art a \u00e9t\u00e9 lanc\u00e9 hier lundi 7 novembre 2022 avec la c\u00e9r\u00e9monie de d\u00e9sacralisation qui a eu lieu au mus\u00e9e du Quai-Branly \u00e0 Paris. (Source RFI)<\/em><\/strong><\/p>\n\n\n\n<p>Qualifi\u00e9 de \u00ab parleur \u00bb, ce tambour \u00e9tait plus qu\u2019un instrument de musique, c\u2019\u00e9tait un outil de communication. Il permettait au peuple Tchaman de la r\u00e9gion d\u2019Abidjan de pr\u00e9venir les villages lorsque les colons fran\u00e7ais venaient r\u00e9quisitionner les populations. L\u2019objet a \u00e9t\u00e9 pill\u00e9 par les Fran\u00e7ais, en 1916. Paris s\u2019est engag\u00e9, l\u2019an pass\u00e9, \u00e0 la restituer, mais avant son retour, une restauration est n\u00e9cessaire. Pour permettre la restauration de cet objet sacr\u00e9, une c\u00e9r\u00e9monie rituelle \u00e9tait organis\u00e9e, ce lundi 7 novembre, au Mus\u00e9e du Quai-Branly, en pr\u00e9sence de membres de la communaut\u00e9 Bidjan.<\/p>\n\n\n\n<p>En d\u00e9ambulant vers la mus\u00e9oth\u00e8que o\u00f9 est actuellement expos\u00e9 le tambour, les dix repr\u00e9sentants de la communaut\u00e9 Bidjan &#8211; dont trois chefs de village &#8211; ont d\u2019abord entonn\u00e9, \u00e0 l\u2019aide d\u2019un cor et d\u2019un tambour, des chants de guerre, comme le faisaient leurs anc\u00eatres avant de partir au combat. Une fois arriv\u00e9s dans la salle, la c\u00e9r\u00e9monie rituelle a pu d\u00e9buter.<\/p>\n\n\n\n<figure class=\"wp-block-image aligncenter size-large is-resized\"><img loading=\"lazy\" decoding=\"async\" src=\"https:\/\/7culture.ci\/wp-content\/uploads\/2022\/11\/Tambour2-1024x768.jpg\" alt=\"\" class=\"wp-image-24528\" width=\"640\" height=\"480\" srcset=\"https:\/\/7culture.ci\/wp-content\/uploads\/2022\/11\/Tambour2-1024x768.jpg 1024w, https:\/\/7culture.ci\/wp-content\/uploads\/2022\/11\/Tambour2-300x225.jpg 300w, https:\/\/7culture.ci\/wp-content\/uploads\/2022\/11\/Tambour2-768x576.jpg 768w, https:\/\/7culture.ci\/wp-content\/uploads\/2022\/11\/Tambour2.jpg 1040w\" sizes=\"(max-width: 640px) 100vw, 640px\" \/><\/figure>\n\n\n\n<p>Les membres de la communaut\u00e9 ont entrepris la d\u00e9sacralisation du tambour, en demandant \u00e0 l\u2019esprit qui est \u00e0 l\u2019int\u00e9rieur de se retirer. Ils ont effectu\u00e9 sept fois le tour du Djidji Ayokwe, pour signifier le nombre de villages bidjan. Une libation a \u00e9galement \u00e9t\u00e9 faite par le chef du plus ancien village bidjan, Cocody village.<\/p>\n\n\n\n<p>Cette c\u00e9r\u00e9monie \u00e9tait n\u00e9cessaire pour permettre \u00e0 des mains profanes de restaurer cet objet sacr\u00e9. Sa base est en effet infest\u00e9e par les termites. Et pour cause : le Djidji Ay\u00f4kw\u00e9 est rest\u00e9 dehors, de 1916 \u00e0 1930, pos\u00e9 \u00e0 m\u00eame le sol dans les jardins de la r\u00e9sidence de l\u2019administrateur colonial \u00e0 Bingerville.<\/p>\n\n\n\n<figure class=\"wp-block-image aligncenter size-full is-resized\"><img loading=\"lazy\" decoding=\"async\" src=\"https:\/\/7culture.ci\/wp-content\/uploads\/2022\/11\/Tambour1-1.jpg\" alt=\"\" class=\"wp-image-24529\" width=\"497\" height=\"367\" srcset=\"https:\/\/7culture.ci\/wp-content\/uploads\/2022\/11\/Tambour1-1.jpg 1024w, https:\/\/7culture.ci\/wp-content\/uploads\/2022\/11\/Tambour1-1-300x222.jpg 300w, https:\/\/7culture.ci\/wp-content\/uploads\/2022\/11\/Tambour1-1-768x568.jpg 768w\" sizes=\"(max-width: 497px) 100vw, 497px\" \/><\/figure>\n","protected":false},"excerpt":{"rendered":"<p>Le Djidji Ayokwe, le Tambour parleur, va bient\u00f4t retrouver sa terre \u00ab natale \u00bb, la C\u00f4te d\u2019Ivoire. Ce tambour unique de 3,31 m\u00e8tres et de 430 kilos, propri\u00e9t\u00e9 du peuple Tchaman et plus pr\u00e9cis\u00e9ment de la communaut\u00e9 Bidjan (Ebri\u00e9), avait \u00e9t\u00e9 r\u00e9quisitionn\u00e9 par la colonisation fran\u00e7aise en 1916. En France, le compte \u00e0 rebours de &hellip;<\/p>\n<p class=\"read-more\"> <a class=\"\" href=\"https:\/\/7culture.ci\/index.php\/2022\/11\/08\/restitution-des-oeuvres-darts-le-tambour-parleur-en-route-pour-abidjan\/\"> <span class=\"screen-reader-text\">Restitution des \u0153uvres d\u2019arts : Le \u2018\u2019Tambour Parleur\u2019\u2019 en route pour Abidjan !<\/span> Lire la suite\u00a0\u00bb<\/a><\/p>\n","protected":false},"author":1,"featured_media":24526,"comment_status":"open","ping_status":"open","sticky":false,"template":"","format":"standard","meta":{"_mi_skip_tracking":false,"_monsterinsights_sitenote_active":false,"_monsterinsights_sitenote_note":"","_monsterinsights_sitenote_category":0,"site-sidebar-layout":"default","site-content-layout":"default","ast-global-header-display":"","ast-main-header-display":"","ast-hfb-above-header-display":"","ast-hfb-below-header-display":"","ast-hfb-mobile-header-display":"","site-post-title":"","ast-breadcrumbs-content":"","ast-featured-img":"","footer-sml-layout":"","theme-transparent-header-meta":"","adv-header-id-meta":"","stick-header-meta":"","header-above-stick-meta":"","header-main-stick-meta":"","header-below-stick-meta":"","footnotes":"","jetpack_publicize_message":"","jetpack_is_tweetstorm":false,"jetpack_publicize_feature_enabled":true},"categories":[22],"tags":[],"jetpack_publicize_connections":[],"acf":[],"aioseo_notices":[],"yoast_head":"<!-- This site is optimized with the Yoast SEO plugin v19.6.1 - https:\/\/yoast.com\/wordpress\/plugins\/seo\/ -->\n<title>Restitution des \u0153uvres d\u2019arts : Le \u2018\u2019Tambour Parleur\u2019\u2019 en route pour Abidjan ! -<\/title>\n<meta name=\"robots\" content=\"index, follow, max-snippet:-1, max-image-preview:large, max-video-preview:-1\" \/>\n<link rel=\"canonical\" href=\"https:\/\/7culture.ci\/index.php\/2022\/11\/08\/restitution-des-oeuvres-darts-le-tambour-parleur-en-route-pour-abidjan\/\" \/>\n<meta property=\"og:locale\" content=\"fr_FR\" \/>\n<meta property=\"og:type\" content=\"article\" \/>\n<meta property=\"og:title\" content=\"Restitution des \u0153uvres d\u2019arts : Le \u2018\u2019Tambour Parleur\u2019\u2019 en route pour Abidjan ! -\" \/>\n<meta property=\"og:description\" content=\"Le Djidji Ayokwe, le Tambour parleur, va bient\u00f4t retrouver sa terre \u00ab natale \u00bb, la C\u00f4te d\u2019Ivoire. Ce tambour unique de 3,31 m\u00e8tres et de 430 kilos, propri\u00e9t\u00e9 du peuple Tchaman et plus pr\u00e9cis\u00e9ment de la communaut\u00e9 Bidjan (Ebri\u00e9), avait \u00e9t\u00e9 r\u00e9quisitionn\u00e9 par la colonisation fran\u00e7aise en 1916. En France, le compte \u00e0 rebours de &hellip; Restitution des \u0153uvres d\u2019arts : Le \u2018\u2019Tambour Parleur\u2019\u2019 en route pour Abidjan ! Lire la suite\u00a0\u00bb\" \/>\n<meta property=\"og:url\" content=\"https:\/\/7culture.ci\/index.php\/2022\/11\/08\/restitution-des-oeuvres-darts-le-tambour-parleur-en-route-pour-abidjan\/\" \/>\n<meta property=\"og:site_name\" content=\"7culture\" \/>\n<meta property=\"article:publisher\" content=\"https:\/\/www.facebook.com\/redchefclaude\" \/>\n<meta property=\"article:published_time\" content=\"2022-11-08T11:34:31+00:00\" \/>\n<meta property=\"article:modified_time\" content=\"2022-11-08T11:34:35+00:00\" \/>\n<meta property=\"og:image\" content=\"http:\/\/7culture.ci\/wp-content\/uploads\/2022\/11\/Tambour.jpg\" \/>\n\t<meta property=\"og:image:width\" content=\"1280\" \/>\n\t<meta property=\"og:image:height\" content=\"960\" \/>\n\t<meta property=\"og:image:type\" content=\"image\/jpeg\" \/>\n<meta name=\"author\" content=\"7culture2020\" \/>\n<meta name=\"twitter:card\" content=\"summary_large_image\" \/>\n<meta name=\"twitter:creator\" content=\"@7culturec\" \/>\n<meta name=\"twitter:site\" content=\"@7culturec\" \/>\n<meta name=\"twitter:label1\" content=\"\u00c9crit par\" \/>\n\t<meta name=\"twitter:data1\" content=\"7culture2020\" \/>\n\t<meta name=\"twitter:label2\" content=\"Dur\u00e9e de lecture estim\u00e9e\" \/>\n\t<meta name=\"twitter:data2\" content=\"2 minutes\" \/>\n<script type=\"application\/ld+json\" class=\"yoast-schema-graph\">{\"@context\":\"https:\/\/schema.org\",\"@graph\":[{\"@type\":\"Article\",\"@id\":\"https:\/\/7culture.ci\/index.php\/2022\/11\/08\/restitution-des-oeuvres-darts-le-tambour-parleur-en-route-pour-abidjan\/#article\",\"isPartOf\":{\"@id\":\"https:\/\/7culture.ci\/index.php\/2022\/11\/08\/restitution-des-oeuvres-darts-le-tambour-parleur-en-route-pour-abidjan\/\"},\"author\":{\"name\":\"7culture2020\",\"@id\":\"https:\/\/7culture.ci\/#\/schema\/person\/16150d28d7ef66ba788c1f87f28c4426\"},\"headline\":\"Restitution des \u0153uvres d\u2019arts : Le \u2018\u2019Tambour Parleur\u2019\u2019 en route pour Abidjan !\",\"datePublished\":\"2022-11-08T11:34:31+00:00\",\"dateModified\":\"2022-11-08T11:34:35+00:00\",\"mainEntityOfPage\":{\"@id\":\"https:\/\/7culture.ci\/index.php\/2022\/11\/08\/restitution-des-oeuvres-darts-le-tambour-parleur-en-route-pour-abidjan\/\"},\"wordCount\":393,\"commentCount\":0,\"publisher\":{\"@id\":\"https:\/\/7culture.ci\/#organization\"},\"articleSection\":[\"Actualit\u00e9\"],\"inLanguage\":\"fr-FR\",\"potentialAction\":[{\"@type\":\"CommentAction\",\"name\":\"Comment\",\"target\":[\"https:\/\/7culture.ci\/index.php\/2022\/11\/08\/restitution-des-oeuvres-darts-le-tambour-parleur-en-route-pour-abidjan\/#respond\"]}]},{\"@type\":\"WebPage\",\"@id\":\"https:\/\/7culture.ci\/index.php\/2022\/11\/08\/restitution-des-oeuvres-darts-le-tambour-parleur-en-route-pour-abidjan\/\",\"url\":\"https:\/\/7culture.ci\/index.php\/2022\/11\/08\/restitution-des-oeuvres-darts-le-tambour-parleur-en-route-pour-abidjan\/\",\"name\":\"Restitution des \u0153uvres d\u2019arts : Le \u2018\u2019Tambour Parleur\u2019\u2019 en route pour Abidjan ! -\",\"isPartOf\":{\"@id\":\"https:\/\/7culture.ci\/#website\"},\"datePublished\":\"2022-11-08T11:34:31+00:00\",\"dateModified\":\"2022-11-08T11:34:35+00:00\",\"breadcrumb\":{\"@id\":\"https:\/\/7culture.ci\/index.php\/2022\/11\/08\/restitution-des-oeuvres-darts-le-tambour-parleur-en-route-pour-abidjan\/#breadcrumb\"},\"inLanguage\":\"fr-FR\",\"potentialAction\":[{\"@type\":\"ReadAction\",\"target\":[\"https:\/\/7culture.ci\/index.php\/2022\/11\/08\/restitution-des-oeuvres-darts-le-tambour-parleur-en-route-pour-abidjan\/\"]}]},{\"@type\":\"BreadcrumbList\",\"@id\":\"https:\/\/7culture.ci\/index.php\/2022\/11\/08\/restitution-des-oeuvres-darts-le-tambour-parleur-en-route-pour-abidjan\/#breadcrumb\",\"itemListElement\":[{\"@type\":\"ListItem\",\"position\":1,\"name\":\"Accueil\",\"item\":\"https:\/\/7culture.ci\/\"},{\"@type\":\"ListItem\",\"position\":2,\"name\":\"Restitution des \u0153uvres d\u2019arts : Le \u2018\u2019Tambour Parleur\u2019\u2019 en route pour Abidjan !\"}]},{\"@type\":\"WebSite\",\"@id\":\"https:\/\/7culture.ci\/#website\",\"url\":\"https:\/\/7culture.ci\/\",\"name\":\"7culture\",\"description\":\"Tout sur l&#039;actualit\u00e9\",\"publisher\":{\"@id\":\"https:\/\/7culture.ci\/#organization\"},\"potentialAction\":[{\"@type\":\"SearchAction\",\"target\":{\"@type\":\"EntryPoint\",\"urlTemplate\":\"https:\/\/7culture.ci\/?s={search_term_string}\"},\"query-input\":\"required name=search_term_string\"}],\"inLanguage\":\"fr-FR\"},{\"@type\":\"Organization\",\"@id\":\"https:\/\/7culture.ci\/#organization\",\"name\":\"7culture\",\"url\":\"https:\/\/7culture.ci\/\",\"sameAs\":[\"https:\/\/www.facebook.com\/redchefclaude\",\"https:\/\/twitter.com\/7culturec\"],\"logo\":{\"@type\":\"ImageObject\",\"inLanguage\":\"fr-FR\",\"@id\":\"https:\/\/7culture.ci\/#\/schema\/logo\/image\/\",\"url\":\"https:\/\/7culture.ci\/wp-content\/uploads\/2021\/12\/S1a-1.png\",\"contentUrl\":\"https:\/\/7culture.ci\/wp-content\/uploads\/2021\/12\/S1a-1.png\",\"width\":588,\"height\":192,\"caption\":\"7culture\"},\"image\":{\"@id\":\"https:\/\/7culture.ci\/#\/schema\/logo\/image\/\"}},{\"@type\":\"Person\",\"@id\":\"https:\/\/7culture.ci\/#\/schema\/person\/16150d28d7ef66ba788c1f87f28c4426\",\"name\":\"7culture2020\",\"image\":{\"@type\":\"ImageObject\",\"inLanguage\":\"fr-FR\",\"@id\":\"https:\/\/7culture.ci\/#\/schema\/person\/image\/\",\"url\":\"https:\/\/secure.gravatar.com\/avatar\/9a0784f951306c37bcd065f52844ef95?s=96&d=mm&r=g\",\"contentUrl\":\"https:\/\/secure.gravatar.com\/avatar\/9a0784f951306c37bcd065f52844ef95?s=96&d=mm&r=g\",\"caption\":\"7culture2020\"},\"sameAs\":[\"http:\/\/7culture.ci\",\"Claude.kipre\"],\"url\":\"https:\/\/7culture.ci\/index.php\/author\/7culture2020\/\"}]}<\/script>\n<!-- \/ Yoast SEO plugin. -->","yoast_head_json":{"title":"Restitution des \u0153uvres d\u2019arts : Le \u2018\u2019Tambour Parleur\u2019\u2019 en route pour Abidjan ! -","robots":{"index":"index","follow":"follow","max-snippet":"max-snippet:-1","max-image-preview":"max-image-preview:large","max-video-preview":"max-video-preview:-1"},"canonical":"https:\/\/7culture.ci\/index.php\/2022\/11\/08\/restitution-des-oeuvres-darts-le-tambour-parleur-en-route-pour-abidjan\/","og_locale":"fr_FR","og_type":"article","og_title":"Restitution des \u0153uvres d\u2019arts : Le \u2018\u2019Tambour Parleur\u2019\u2019 en route pour Abidjan ! -","og_description":"Le Djidji Ayokwe, le Tambour parleur, va bient\u00f4t retrouver sa terre \u00ab natale \u00bb, la C\u00f4te d\u2019Ivoire. Ce tambour unique de 3,31 m\u00e8tres et de 430 kilos, propri\u00e9t\u00e9 du peuple Tchaman et plus pr\u00e9cis\u00e9ment de la communaut\u00e9 Bidjan (Ebri\u00e9), avait \u00e9t\u00e9 r\u00e9quisitionn\u00e9 par la colonisation fran\u00e7aise en 1916. En France, le compte \u00e0 rebours de &hellip; Restitution des \u0153uvres d\u2019arts : Le \u2018\u2019Tambour Parleur\u2019\u2019 en route pour Abidjan ! Lire la suite\u00a0\u00bb","og_url":"https:\/\/7culture.ci\/index.php\/2022\/11\/08\/restitution-des-oeuvres-darts-le-tambour-parleur-en-route-pour-abidjan\/","og_site_name":"7culture","article_publisher":"https:\/\/www.facebook.com\/redchefclaude","article_published_time":"2022-11-08T11:34:31+00:00","article_modified_time":"2022-11-08T11:34:35+00:00","og_image":[{"width":1280,"height":960,"url":"http:\/\/7culture.ci\/wp-content\/uploads\/2022\/11\/Tambour.jpg","type":"image\/jpeg"}],"author":"7culture2020","twitter_card":"summary_large_image","twitter_creator":"@7culturec","twitter_site":"@7culturec","twitter_misc":{"\u00c9crit par":"7culture2020","Dur\u00e9e de lecture estim\u00e9e":"2 minutes"},"schema":{"@context":"https:\/\/schema.org","@graph":[{"@type":"Article","@id":"https:\/\/7culture.ci\/index.php\/2022\/11\/08\/restitution-des-oeuvres-darts-le-tambour-parleur-en-route-pour-abidjan\/#article","isPartOf":{"@id":"https:\/\/7culture.ci\/index.php\/2022\/11\/08\/restitution-des-oeuvres-darts-le-tambour-parleur-en-route-pour-abidjan\/"},"author":{"name":"7culture2020","@id":"https:\/\/7culture.ci\/#\/schema\/person\/16150d28d7ef66ba788c1f87f28c4426"},"headline":"Restitution des \u0153uvres d\u2019arts : Le \u2018\u2019Tambour Parleur\u2019\u2019 en route pour Abidjan !","datePublished":"2022-11-08T11:34:31+00:00","dateModified":"2022-11-08T11:34:35+00:00","mainEntityOfPage":{"@id":"https:\/\/7culture.ci\/index.php\/2022\/11\/08\/restitution-des-oeuvres-darts-le-tambour-parleur-en-route-pour-abidjan\/"},"wordCount":393,"commentCount":0,"publisher":{"@id":"https:\/\/7culture.ci\/#organization"},"articleSection":["Actualit\u00e9"],"inLanguage":"fr-FR","potentialAction":[{"@type":"CommentAction","name":"Comment","target":["https:\/\/7culture.ci\/index.php\/2022\/11\/08\/restitution-des-oeuvres-darts-le-tambour-parleur-en-route-pour-abidjan\/#respond"]}]},{"@type":"WebPage","@id":"https:\/\/7culture.ci\/index.php\/2022\/11\/08\/restitution-des-oeuvres-darts-le-tambour-parleur-en-route-pour-abidjan\/","url":"https:\/\/7culture.ci\/index.php\/2022\/11\/08\/restitution-des-oeuvres-darts-le-tambour-parleur-en-route-pour-abidjan\/","name":"Restitution des \u0153uvres d\u2019arts : Le \u2018\u2019Tambour Parleur\u2019\u2019 en route pour Abidjan ! -","isPartOf":{"@id":"https:\/\/7culture.ci\/#website"},"datePublished":"2022-11-08T11:34:31+00:00","dateModified":"2022-11-08T11:34:35+00:00","breadcrumb":{"@id":"https:\/\/7culture.ci\/index.php\/2022\/11\/08\/restitution-des-oeuvres-darts-le-tambour-parleur-en-route-pour-abidjan\/#breadcrumb"},"inLanguage":"fr-FR","potentialAction":[{"@type":"ReadAction","target":["https:\/\/7culture.ci\/index.php\/2022\/11\/08\/restitution-des-oeuvres-darts-le-tambour-parleur-en-route-pour-abidjan\/"]}]},{"@type":"BreadcrumbList","@id":"https:\/\/7culture.ci\/index.php\/2022\/11\/08\/restitution-des-oeuvres-darts-le-tambour-parleur-en-route-pour-abidjan\/#breadcrumb","itemListElement":[{"@type":"ListItem","position":1,"name":"Accueil","item":"https:\/\/7culture.ci\/"},{"@type":"ListItem","position":2,"name":"Restitution des \u0153uvres d\u2019arts : Le \u2018\u2019Tambour Parleur\u2019\u2019 en route pour Abidjan !"}]},{"@type":"WebSite","@id":"https:\/\/7culture.ci\/#website","url":"https:\/\/7culture.ci\/","name":"7culture","description":"Tout sur l&#039;actualit\u00e9","publisher":{"@id":"https:\/\/7culture.ci\/#organization"},"potentialAction":[{"@type":"SearchAction","target":{"@type":"EntryPoint","urlTemplate":"https:\/\/7culture.ci\/?s={search_term_string}"},"query-input":"required name=search_term_string"}],"inLanguage":"fr-FR"},{"@type":"Organization","@id":"https:\/\/7culture.ci\/#organization","name":"7culture","url":"https:\/\/7culture.ci\/","sameAs":["https:\/\/www.facebook.com\/redchefclaude","https:\/\/twitter.com\/7culturec"],"logo":{"@type":"ImageObject","inLanguage":"fr-FR","@id":"https:\/\/7culture.ci\/#\/schema\/logo\/image\/","url":"https:\/\/7culture.ci\/wp-content\/uploads\/2021\/12\/S1a-1.png","contentUrl":"https:\/\/7culture.ci\/wp-content\/uploads\/2021\/12\/S1a-1.png","width":588,"height":192,"caption":"7culture"},"image":{"@id":"https:\/\/7culture.ci\/#\/schema\/logo\/image\/"}},{"@type":"Person","@id":"https:\/\/7culture.ci\/#\/schema\/person\/16150d28d7ef66ba788c1f87f28c4426","name":"7culture2020","image":{"@type":"ImageObject","inLanguage":"fr-FR","@id":"https:\/\/7culture.ci\/#\/schema\/person\/image\/","url":"https:\/\/secure.gravatar.com\/avatar\/9a0784f951306c37bcd065f52844ef95?s=96&d=mm&r=g","contentUrl":"https:\/\/secure.gravatar.com\/avatar\/9a0784f951306c37bcd065f52844ef95?s=96&d=mm&r=g","caption":"7culture2020"},"sameAs":["http:\/\/7culture.ci","Claude.kipre"],"url":"https:\/\/7culture.ci\/index.php\/author\/7culture2020\/"}]}},"jetpack_featured_media_url":"https:\/\/7culture.ci\/wp-content\/uploads\/2022\/11\/Tambour.jpg","jetpack_likes_enabled":true,"jetpack_sharing_enabled":true,"_links":{"self":[{"href":"https:\/\/7culture.ci\/index.php\/wp-json\/wp\/v2\/posts\/24524"}],"collection":[{"href":"https:\/\/7culture.ci\/index.php\/wp-json\/wp\/v2\/posts"}],"about":[{"href":"https:\/\/7culture.ci\/index.php\/wp-json\/wp\/v2\/types\/post"}],"author":[{"embeddable":true,"href":"https:\/\/7culture.ci\/index.php\/wp-json\/wp\/v2\/users\/1"}],"replies":[{"embeddable":true,"href":"https:\/\/7culture.ci\/index.php\/wp-json\/wp\/v2\/comments?post=24524"}],"version-history":[{"count":0,"href":"https:\/\/7culture.ci\/index.php\/wp-json\/wp\/v2\/posts\/24524\/revisions"}],"wp:featuredmedia":[{"embeddable":true,"href":"https:\/\/7culture.ci\/index.php\/wp-json\/wp\/v2\/media\/24526"}],"wp:attachment":[{"href":"https:\/\/7culture.ci\/index.php\/wp-json\/wp\/v2\/media?parent=24524"}],"wp:term":[{"taxonomy":"category","embeddable":true,"href":"https:\/\/7culture.ci\/index.php\/wp-json\/wp\/v2\/categories?post=24524"},{"taxonomy":"post_tag","embeddable":true,"href":"https:\/\/7culture.ci\/index.php\/wp-json\/wp\/v2\/tags?post=24524"}],"curies":[{"name":"wp","href":"https:\/\/api.w.org\/{rel}","templated":true}]}}