{"id":24502,"date":"2022-11-07T18:27:02","date_gmt":"2022-11-07T18:27:02","guid":{"rendered":"https:\/\/7culture.ci\/?p=24502"},"modified":"2022-11-14T11:09:29","modified_gmt":"2022-11-14T11:09:29","slug":"promotion-de-la-jeune-femme-lexcellence-feminine-celebree-par-la-fondation-yakin","status":"publish","type":"post","link":"https:\/\/7culture.ci\/index.php\/2022\/11\/07\/promotion-de-la-jeune-femme-lexcellence-feminine-celebree-par-la-fondation-yakin\/","title":{"rendered":"Promotion de la jeune femme\u00a0: L\u2019excellence f\u00e9minine c\u00e9l\u00e9br\u00e9e par la Fondation Yakin"},"content":{"rendered":"\n<p>Changer la mentalit\u00e9 des jeunes filles et les aider \u00e0 se r\u00e9aliser. Voil\u00e0 le sens de la soir\u00e9e de distinction organis\u00e9e par la fondation Yakin le vendredi 4 novembre dernier \u00e0 l\u2019Espace Latrille d\u2019Abidjan-Cocody-II-Plateaux. A cette 2<sup>e<\/sup> \u00e9dition de rendez-vous important pour la promotion de la jeune femme, 12 laur\u00e9ates ont \u00e9t\u00e9 c\u00e9l\u00e9br\u00e9es. Issues de divers milieux socio-professionnels, ces jeunes femmes africaines font partie d\u2019une nouvelle \u00e9lite qui fait bouger les lignes dans leurs secteurs d\u2019activit\u00e9s. Pour qu\u2019elles arrivent \u00e0 ce niveau, cela passe n\u00e9cessairement par la scolarisation, la formation et l\u2019octroi de bourse pour la promotion \u00e0 l\u2019entrepreneuriat. C\u2019est un projet ambitieux qui m\u00e9rite d\u2019\u00eatre soutenu et encourag\u00e9. Et c\u2019est ce que la Fondation Yakin s\u2019\u00e9vertue \u00e0 faire. Elle veut \u00eatre une sorte de levain pour ses femmes qui croient que tout est perdu ou qui n\u2019ont pas encore r\u00e9ussi \u00e0 sortir le potentiel en elles.<\/p>\n\n\n\n<figure class=\"wp-block-gallery has-nested-images columns-default is-cropped wp-block-gallery-1 is-layout-flex wp-block-gallery-is-layout-flex\">\n<figure class=\"wp-block-image size-large\"><img loading=\"lazy\" decoding=\"async\" width=\"1024\" height=\"701\" data-id=\"24505\" src=\"https:\/\/7culture.ci\/wp-content\/uploads\/2022\/11\/WhatsApp-Image-2022-11-07-at-18.15.48-1-1024x701.jpeg\" alt=\"\" class=\"wp-image-24505\" srcset=\"https:\/\/7culture.ci\/wp-content\/uploads\/2022\/11\/WhatsApp-Image-2022-11-07-at-18.15.48-1-1024x701.jpeg 1024w, https:\/\/7culture.ci\/wp-content\/uploads\/2022\/11\/WhatsApp-Image-2022-11-07-at-18.15.48-1-300x205.jpeg 300w, https:\/\/7culture.ci\/wp-content\/uploads\/2022\/11\/WhatsApp-Image-2022-11-07-at-18.15.48-1-768x526.jpeg 768w, https:\/\/7culture.ci\/wp-content\/uploads\/2022\/11\/WhatsApp-Image-2022-11-07-at-18.15.48-1.jpeg 1080w\" sizes=\"(max-width: 1024px) 100vw, 1024px\" \/><\/figure>\n\n\n\n<figure class=\"wp-block-image size-large\"><img loading=\"lazy\" decoding=\"async\" width=\"1024\" height=\"682\" data-id=\"24506\" src=\"https:\/\/7culture.ci\/wp-content\/uploads\/2022\/11\/WhatsApp-Image-2022-11-07-at-18.15.48-1024x682.jpeg\" alt=\"\" class=\"wp-image-24506\" srcset=\"https:\/\/7culture.ci\/wp-content\/uploads\/2022\/11\/WhatsApp-Image-2022-11-07-at-18.15.48-1024x682.jpeg 1024w, https:\/\/7culture.ci\/wp-content\/uploads\/2022\/11\/WhatsApp-Image-2022-11-07-at-18.15.48-300x200.jpeg 300w, https:\/\/7culture.ci\/wp-content\/uploads\/2022\/11\/WhatsApp-Image-2022-11-07-at-18.15.48-768x511.jpeg 768w, https:\/\/7culture.ci\/wp-content\/uploads\/2022\/11\/WhatsApp-Image-2022-11-07-at-18.15.48.jpeg 1080w\" sizes=\"(max-width: 1024px) 100vw, 1024px\" \/><\/figure>\n<\/figure>\n\n\n\n<p>La soir\u00e9e de distinction vise la promotion de l&#8217;excellence&nbsp; f\u00e9minine. Elle c\u00e9l\u00e8bre, honorer et encourager les jeunes femmes, cr\u00e9atrices de richesse et d&#8217;emplois dans diff\u00e9rents secteurs d&#8217;activit\u00e9s. Ce sont des entrepreneuses s\u00e9lectionn\u00e9es selon le m\u00e9rite, l&#8217;inspiration qu&#8217;elles suscitent, le mod\u00e8le qu&#8217;elles repr\u00e9sentent pour la jeunesse africaine. \u00ab&nbsp;<strong><em>La Fondation Yakin d\u00e9cide d\u2019apporter sa modeste contribution pour le repositionnement des femmes et particuli\u00e8rement de la jeunesse f\u00e9minine. Nous voulons b\u00e2tir des femmes sages car dans le livre des Proverbes, il est \u00e9crit : \u2018\u2019la femme sage b\u00e2tit sa maison mais l\u2019insens\u00e9e la renverse\u2019\u2019. Notre vision est de changer la mentalit\u00e9 de la jeune fille et l\u2019aider \u00e0 se r\u00e9aliser<\/em><\/strong>&nbsp;\u00bb, indique Mme Eva Koffi, pr\u00e9sidente de la Fondation Yakin. Pour la CEO de Yakin Communication et Yakin Food, \u00ab&nbsp;<strong><em>Le changement de mentalit\u00e9 se fait \u00e0 travers des s\u00e9minaires, des ateliers, des partages d\u2019exp\u00e9riences avec des th\u00e8mes en rapport avec la jeunesse f\u00e9minine. L\u2019aide \u00e0 la r\u00e9alisation se fait \u00e0 travers la scolarisation, les formations et les insertions professionnelles<\/em><\/strong>&nbsp;\u00bb.<\/p>\n\n\n\n<figure class=\"wp-block-gallery has-nested-images columns-default is-cropped wp-block-gallery-2 is-layout-flex wp-block-gallery-is-layout-flex\">\n<figure class=\"wp-block-image size-large\"><img loading=\"lazy\" decoding=\"async\" width=\"1024\" height=\"682\" data-id=\"24507\" src=\"https:\/\/7culture.ci\/wp-content\/uploads\/2022\/11\/WhatsApp-Image-2022-11-07-at-18.15.49-2-1024x682.jpeg\" alt=\"\" class=\"wp-image-24507\" srcset=\"https:\/\/7culture.ci\/wp-content\/uploads\/2022\/11\/WhatsApp-Image-2022-11-07-at-18.15.49-2-1024x682.jpeg 1024w, https:\/\/7culture.ci\/wp-content\/uploads\/2022\/11\/WhatsApp-Image-2022-11-07-at-18.15.49-2-300x200.jpeg 300w, https:\/\/7culture.ci\/wp-content\/uploads\/2022\/11\/WhatsApp-Image-2022-11-07-at-18.15.49-2-768x511.jpeg 768w, https:\/\/7culture.ci\/wp-content\/uploads\/2022\/11\/WhatsApp-Image-2022-11-07-at-18.15.49-2.jpeg 1080w\" sizes=\"(max-width: 1024px) 100vw, 1024px\" \/><\/figure>\n\n\n\n<figure class=\"wp-block-image size-large\"><img loading=\"lazy\" decoding=\"async\" width=\"1024\" height=\"682\" data-id=\"24508\" src=\"https:\/\/7culture.ci\/wp-content\/uploads\/2022\/11\/WhatsApp-Image-2022-11-07-at-18.15.49-3-1024x682.jpeg\" alt=\"\" class=\"wp-image-24508\" srcset=\"https:\/\/7culture.ci\/wp-content\/uploads\/2022\/11\/WhatsApp-Image-2022-11-07-at-18.15.49-3-1024x682.jpeg 1024w, https:\/\/7culture.ci\/wp-content\/uploads\/2022\/11\/WhatsApp-Image-2022-11-07-at-18.15.49-3-300x200.jpeg 300w, https:\/\/7culture.ci\/wp-content\/uploads\/2022\/11\/WhatsApp-Image-2022-11-07-at-18.15.49-3-768x511.jpeg 768w, https:\/\/7culture.ci\/wp-content\/uploads\/2022\/11\/WhatsApp-Image-2022-11-07-at-18.15.49-3.jpeg 1080w\" sizes=\"(max-width: 1024px) 100vw, 1024px\" \/><\/figure>\n\n\n\n<figure class=\"wp-block-image size-large\"><img loading=\"lazy\" decoding=\"async\" width=\"1024\" height=\"682\" data-id=\"24509\" src=\"https:\/\/7culture.ci\/wp-content\/uploads\/2022\/11\/WhatsApp-Image-2022-11-07-at-18.15.49-4-1024x682.jpeg\" alt=\"\" class=\"wp-image-24509\" srcset=\"https:\/\/7culture.ci\/wp-content\/uploads\/2022\/11\/WhatsApp-Image-2022-11-07-at-18.15.49-4-1024x682.jpeg 1024w, https:\/\/7culture.ci\/wp-content\/uploads\/2022\/11\/WhatsApp-Image-2022-11-07-at-18.15.49-4-300x200.jpeg 300w, https:\/\/7culture.ci\/wp-content\/uploads\/2022\/11\/WhatsApp-Image-2022-11-07-at-18.15.49-4-768x511.jpeg 768w, https:\/\/7culture.ci\/wp-content\/uploads\/2022\/11\/WhatsApp-Image-2022-11-07-at-18.15.49-4.jpeg 1080w\" sizes=\"(max-width: 1024px) 100vw, 1024px\" \/><\/figure>\n<\/figure>\n\n\n\n<p>Une bonne raison pour l\u2019instauration de cette soir\u00e9e de c\u00e9l\u00e9bration des talents f\u00e9minins, est la recherche de rep\u00e8re, de mod\u00e8le et de source d\u2019inspiration pour les jeunes femmes. L\u2019\u00e9v\u00e8nement a donc inclus un panel int\u00e9ressant dont le th\u00e8me est: \u2018<em>\u2019R\u00e9veille l\u2019h\u00e9ro\u00efne qui sommeille en toi<\/em>\u2019\u2019. Le sujet \u00e9vocateur a \u00e9t\u00e9 d\u00e9battu par des femmes chevronn\u00e9es dont l\u2019exp\u00e9rience dans la vie active, fait \u00e9cole. Il s\u2019agit de mesdames Eva Koffi, pr\u00e9sidente de la Fondation Yakin et initiatrice de la soir\u00e9e, Caroline Dasylva, pr\u00e9sentatrice t\u00e9l\u00e9 et Olivia Akouba Angola, DG de Dabali Xpress. L\u2019image pr\u00e9sent\u00e9e de la femme pr\u00e9sent\u00e9e par les pan\u00e9listes a rencontr\u00e9 l\u2019assentiment des 12 r\u00e9cipiendaires de cette soir\u00e9e et de toute la gent f\u00e9minine pr\u00e9sente dans la salle.<\/p>\n\n\n\n<figure class=\"wp-block-gallery has-nested-images columns-default is-cropped wp-block-gallery-3 is-layout-flex wp-block-gallery-is-layout-flex\">\n<figure class=\"wp-block-image size-large\"><img loading=\"lazy\" decoding=\"async\" width=\"1024\" height=\"682\" data-id=\"24510\" src=\"https:\/\/7culture.ci\/wp-content\/uploads\/2022\/11\/WhatsApp-Image-2022-11-07-at-18.15.49-1-1024x682.jpeg\" alt=\"\" class=\"wp-image-24510\" srcset=\"https:\/\/7culture.ci\/wp-content\/uploads\/2022\/11\/WhatsApp-Image-2022-11-07-at-18.15.49-1-1024x682.jpeg 1024w, https:\/\/7culture.ci\/wp-content\/uploads\/2022\/11\/WhatsApp-Image-2022-11-07-at-18.15.49-1-300x200.jpeg 300w, https:\/\/7culture.ci\/wp-content\/uploads\/2022\/11\/WhatsApp-Image-2022-11-07-at-18.15.49-1-768x511.jpeg 768w, https:\/\/7culture.ci\/wp-content\/uploads\/2022\/11\/WhatsApp-Image-2022-11-07-at-18.15.49-1.jpeg 1080w\" sizes=\"(max-width: 1024px) 100vw, 1024px\" \/><\/figure>\n\n\n\n<figure class=\"wp-block-image size-large\"><img loading=\"lazy\" decoding=\"async\" width=\"1024\" height=\"682\" data-id=\"24511\" src=\"https:\/\/7culture.ci\/wp-content\/uploads\/2022\/11\/WhatsApp-Image-2022-11-07-at-18.15.49-1024x682.jpeg\" alt=\"\" class=\"wp-image-24511\" srcset=\"https:\/\/7culture.ci\/wp-content\/uploads\/2022\/11\/WhatsApp-Image-2022-11-07-at-18.15.49-1024x682.jpeg 1024w, https:\/\/7culture.ci\/wp-content\/uploads\/2022\/11\/WhatsApp-Image-2022-11-07-at-18.15.49-300x200.jpeg 300w, https:\/\/7culture.ci\/wp-content\/uploads\/2022\/11\/WhatsApp-Image-2022-11-07-at-18.15.49-768x511.jpeg 768w, https:\/\/7culture.ci\/wp-content\/uploads\/2022\/11\/WhatsApp-Image-2022-11-07-at-18.15.49.jpeg 1080w\" sizes=\"(max-width: 1024px) 100vw, 1024px\" \/><\/figure>\n\n\n\n<figure class=\"wp-block-image size-large\"><img loading=\"lazy\" decoding=\"async\" width=\"1024\" height=\"682\" data-id=\"24512\" src=\"https:\/\/7culture.ci\/wp-content\/uploads\/2022\/11\/WhatsApp-Image-2022-11-07-at-18.15.50-1024x682.jpeg\" alt=\"\" class=\"wp-image-24512\" srcset=\"https:\/\/7culture.ci\/wp-content\/uploads\/2022\/11\/WhatsApp-Image-2022-11-07-at-18.15.50-1024x682.jpeg 1024w, https:\/\/7culture.ci\/wp-content\/uploads\/2022\/11\/WhatsApp-Image-2022-11-07-at-18.15.50-300x200.jpeg 300w, https:\/\/7culture.ci\/wp-content\/uploads\/2022\/11\/WhatsApp-Image-2022-11-07-at-18.15.50-768x511.jpeg 768w, https:\/\/7culture.ci\/wp-content\/uploads\/2022\/11\/WhatsApp-Image-2022-11-07-at-18.15.50.jpeg 1080w\" sizes=\"(max-width: 1024px) 100vw, 1024px\" \/><\/figure>\n<\/figure>\n\n\n\n<p>&nbsp;L\u2019excellente soir\u00e9e est \u00e0 peine termin\u00e9e que la responsable se projette d\u00e9j\u00e0 dans le futur. \u00ab&nbsp;<strong><em>Notre objectif pour les ann\u00e9es proches est de construire des \u00e9coles, des centres d\u2019encadrement afin de pr\u00e9parer des femmes sages. A travers cette soir\u00e9e de distinction, nous voulons non seulement mettre \u00e0 la lumi\u00e8re et c\u00e9l\u00e9brer les talents f\u00e9minins de divers secteurs d\u2019activit\u00e9s mais encore inciter la jeunesse f\u00e9minine au travail. Les ann\u00e9es \u00e0 venir, nous assisteront \u00e0 une mont\u00e9e fulgurante des jeunes femmes engag\u00e9es avec des valeurs, d\u00e9vou\u00e9es et d\u00e9terminer \u00e0 vouloir le changement. Oui, le changement, c\u2019est possible, nous pouvons encore relever la pente<\/em><\/strong>&nbsp;\u00bb.<\/p>\n\n\n\n<p>Par Omar AK<\/p>\n","protected":false},"excerpt":{"rendered":"<p>Changer la mentalit\u00e9 des jeunes filles et les aider \u00e0 se r\u00e9aliser. Voil\u00e0 le sens de la soir\u00e9e de distinction organis\u00e9e par la fondation Yakin le vendredi 4 novembre dernier \u00e0 l\u2019Espace Latrille d\u2019Abidjan-Cocody-II-Plateaux. A cette 2e \u00e9dition de rendez-vous important pour la promotion de la jeune femme, 12 laur\u00e9ates ont \u00e9t\u00e9 c\u00e9l\u00e9br\u00e9es. Issues de &hellip;<\/p>\n<p class=\"read-more\"> <a class=\"\" href=\"https:\/\/7culture.ci\/index.php\/2022\/11\/07\/promotion-de-la-jeune-femme-lexcellence-feminine-celebree-par-la-fondation-yakin\/\"> <span class=\"screen-reader-text\">Promotion de la jeune femme\u00a0: L\u2019excellence f\u00e9minine c\u00e9l\u00e9br\u00e9e par la Fondation Yakin<\/span> Lire la suite\u00a0\u00bb<\/a><\/p>\n","protected":false},"author":1,"featured_media":24504,"comment_status":"open","ping_status":"open","sticky":false,"template":"","format":"standard","meta":{"_mi_skip_tracking":false,"_monsterinsights_sitenote_active":false,"_monsterinsights_sitenote_note":"","_monsterinsights_sitenote_category":0,"site-sidebar-layout":"default","site-content-layout":"default","ast-global-header-display":"","ast-main-header-display":"","ast-hfb-above-header-display":"","ast-hfb-below-header-display":"","ast-hfb-mobile-header-display":"","site-post-title":"","ast-breadcrumbs-content":"","ast-featured-img":"","footer-sml-layout":"","theme-transparent-header-meta":"","adv-header-id-meta":"","stick-header-meta":"","header-above-stick-meta":"","header-main-stick-meta":"","header-below-stick-meta":"","footnotes":"","jetpack_publicize_message":"","jetpack_is_tweetstorm":false,"jetpack_publicize_feature_enabled":true},"categories":[22],"tags":[],"jetpack_publicize_connections":[],"acf":[],"aioseo_notices":[],"yoast_head":"<!-- This site is optimized with the Yoast SEO plugin v19.6.1 - https:\/\/yoast.com\/wordpress\/plugins\/seo\/ -->\n<title>Promotion de la jeune femme\u00a0: L\u2019excellence f\u00e9minine c\u00e9l\u00e9br\u00e9e par la Fondation Yakin - 7culture<\/title>\n<meta name=\"robots\" content=\"index, follow, max-snippet:-1, max-image-preview:large, max-video-preview:-1\" \/>\n<link rel=\"canonical\" href=\"https:\/\/7culture.ci\/index.php\/2022\/11\/07\/promotion-de-la-jeune-femme-lexcellence-feminine-celebree-par-la-fondation-yakin\/\" \/>\n<meta property=\"og:locale\" content=\"fr_FR\" \/>\n<meta property=\"og:type\" content=\"article\" \/>\n<meta property=\"og:title\" content=\"Promotion de la jeune femme\u00a0: L\u2019excellence f\u00e9minine c\u00e9l\u00e9br\u00e9e par la Fondation Yakin - 7culture\" \/>\n<meta property=\"og:description\" content=\"Changer la mentalit\u00e9 des jeunes filles et les aider \u00e0 se r\u00e9aliser. Voil\u00e0 le sens de la soir\u00e9e de distinction organis\u00e9e par la fondation Yakin le vendredi 4 novembre dernier \u00e0 l\u2019Espace Latrille d\u2019Abidjan-Cocody-II-Plateaux. A cette 2e \u00e9dition de rendez-vous important pour la promotion de la jeune femme, 12 laur\u00e9ates ont \u00e9t\u00e9 c\u00e9l\u00e9br\u00e9es. Issues de &hellip; Promotion de la jeune femme\u00a0: L\u2019excellence f\u00e9minine c\u00e9l\u00e9br\u00e9e par la Fondation Yakin Lire la suite\u00a0\u00bb\" \/>\n<meta property=\"og:url\" content=\"https:\/\/7culture.ci\/index.php\/2022\/11\/07\/promotion-de-la-jeune-femme-lexcellence-feminine-celebree-par-la-fondation-yakin\/\" \/>\n<meta property=\"og:site_name\" content=\"7culture\" \/>\n<meta property=\"article:publisher\" content=\"https:\/\/www.facebook.com\/redchefclaude\" \/>\n<meta property=\"article:published_time\" content=\"2022-11-07T18:27:02+00:00\" \/>\n<meta property=\"article:modified_time\" content=\"2022-11-14T11:09:29+00:00\" \/>\n<meta property=\"og:image\" content=\"http:\/\/7culture.ci\/wp-content\/uploads\/2022\/11\/yak-fond.jpeg\" \/>\n\t<meta property=\"og:image:width\" content=\"899\" \/>\n\t<meta property=\"og:image:height\" content=\"561\" \/>\n\t<meta property=\"og:image:type\" content=\"image\/jpeg\" \/>\n<meta name=\"author\" content=\"7culture2020\" \/>\n<meta name=\"twitter:card\" content=\"summary_large_image\" \/>\n<meta name=\"twitter:creator\" content=\"@7culturec\" \/>\n<meta name=\"twitter:site\" content=\"@7culturec\" \/>\n<meta name=\"twitter:label1\" content=\"\u00c9crit par\" \/>\n\t<meta name=\"twitter:data1\" content=\"7culture2020\" \/>\n\t<meta name=\"twitter:label2\" content=\"Dur\u00e9e de lecture estim\u00e9e\" \/>\n\t<meta name=\"twitter:data2\" content=\"3 minutes\" \/>\n<script type=\"application\/ld+json\" class=\"yoast-schema-graph\">{\"@context\":\"https:\/\/schema.org\",\"@graph\":[{\"@type\":\"Article\",\"@id\":\"https:\/\/7culture.ci\/index.php\/2022\/11\/07\/promotion-de-la-jeune-femme-lexcellence-feminine-celebree-par-la-fondation-yakin\/#article\",\"isPartOf\":{\"@id\":\"https:\/\/7culture.ci\/index.php\/2022\/11\/07\/promotion-de-la-jeune-femme-lexcellence-feminine-celebree-par-la-fondation-yakin\/\"},\"author\":{\"name\":\"7culture2020\",\"@id\":\"https:\/\/7culture.ci\/#\/schema\/person\/16150d28d7ef66ba788c1f87f28c4426\"},\"headline\":\"Promotion de la jeune femme\u00a0: L\u2019excellence f\u00e9minine c\u00e9l\u00e9br\u00e9e par la Fondation Yakin\",\"datePublished\":\"2022-11-07T18:27:02+00:00\",\"dateModified\":\"2022-11-14T11:09:29+00:00\",\"mainEntityOfPage\":{\"@id\":\"https:\/\/7culture.ci\/index.php\/2022\/11\/07\/promotion-de-la-jeune-femme-lexcellence-feminine-celebree-par-la-fondation-yakin\/\"},\"wordCount\":652,\"commentCount\":0,\"publisher\":{\"@id\":\"https:\/\/7culture.ci\/#organization\"},\"articleSection\":[\"Actualit\u00e9\"],\"inLanguage\":\"fr-FR\",\"potentialAction\":[{\"@type\":\"CommentAction\",\"name\":\"Comment\",\"target\":[\"https:\/\/7culture.ci\/index.php\/2022\/11\/07\/promotion-de-la-jeune-femme-lexcellence-feminine-celebree-par-la-fondation-yakin\/#respond\"]}]},{\"@type\":\"WebPage\",\"@id\":\"https:\/\/7culture.ci\/index.php\/2022\/11\/07\/promotion-de-la-jeune-femme-lexcellence-feminine-celebree-par-la-fondation-yakin\/\",\"url\":\"https:\/\/7culture.ci\/index.php\/2022\/11\/07\/promotion-de-la-jeune-femme-lexcellence-feminine-celebree-par-la-fondation-yakin\/\",\"name\":\"Promotion de la jeune femme\u00a0: L\u2019excellence f\u00e9minine c\u00e9l\u00e9br\u00e9e par la Fondation Yakin - 7culture\",\"isPartOf\":{\"@id\":\"https:\/\/7culture.ci\/#website\"},\"datePublished\":\"2022-11-07T18:27:02+00:00\",\"dateModified\":\"2022-11-14T11:09:29+00:00\",\"breadcrumb\":{\"@id\":\"https:\/\/7culture.ci\/index.php\/2022\/11\/07\/promotion-de-la-jeune-femme-lexcellence-feminine-celebree-par-la-fondation-yakin\/#breadcrumb\"},\"inLanguage\":\"fr-FR\",\"potentialAction\":[{\"@type\":\"ReadAction\",\"target\":[\"https:\/\/7culture.ci\/index.php\/2022\/11\/07\/promotion-de-la-jeune-femme-lexcellence-feminine-celebree-par-la-fondation-yakin\/\"]}]},{\"@type\":\"BreadcrumbList\",\"@id\":\"https:\/\/7culture.ci\/index.php\/2022\/11\/07\/promotion-de-la-jeune-femme-lexcellence-feminine-celebree-par-la-fondation-yakin\/#breadcrumb\",\"itemListElement\":[{\"@type\":\"ListItem\",\"position\":1,\"name\":\"Accueil\",\"item\":\"https:\/\/7culture.ci\/\"},{\"@type\":\"ListItem\",\"position\":2,\"name\":\"Promotion de la jeune femme\u00a0: L\u2019excellence f\u00e9minine c\u00e9l\u00e9br\u00e9e par la Fondation Yakin\"}]},{\"@type\":\"WebSite\",\"@id\":\"https:\/\/7culture.ci\/#website\",\"url\":\"https:\/\/7culture.ci\/\",\"name\":\"7culture\",\"description\":\"Tout sur l&#039;actualit\u00e9\",\"publisher\":{\"@id\":\"https:\/\/7culture.ci\/#organization\"},\"potentialAction\":[{\"@type\":\"SearchAction\",\"target\":{\"@type\":\"EntryPoint\",\"urlTemplate\":\"https:\/\/7culture.ci\/?s={search_term_string}\"},\"query-input\":\"required name=search_term_string\"}],\"inLanguage\":\"fr-FR\"},{\"@type\":\"Organization\",\"@id\":\"https:\/\/7culture.ci\/#organization\",\"name\":\"7culture\",\"url\":\"https:\/\/7culture.ci\/\",\"sameAs\":[\"https:\/\/www.facebook.com\/redchefclaude\",\"https:\/\/twitter.com\/7culturec\"],\"logo\":{\"@type\":\"ImageObject\",\"inLanguage\":\"fr-FR\",\"@id\":\"https:\/\/7culture.ci\/#\/schema\/logo\/image\/\",\"url\":\"https:\/\/7culture.ci\/wp-content\/uploads\/2021\/12\/S1a-1.png\",\"contentUrl\":\"https:\/\/7culture.ci\/wp-content\/uploads\/2021\/12\/S1a-1.png\",\"width\":588,\"height\":192,\"caption\":\"7culture\"},\"image\":{\"@id\":\"https:\/\/7culture.ci\/#\/schema\/logo\/image\/\"}},{\"@type\":\"Person\",\"@id\":\"https:\/\/7culture.ci\/#\/schema\/person\/16150d28d7ef66ba788c1f87f28c4426\",\"name\":\"7culture2020\",\"image\":{\"@type\":\"ImageObject\",\"inLanguage\":\"fr-FR\",\"@id\":\"https:\/\/7culture.ci\/#\/schema\/person\/image\/\",\"url\":\"https:\/\/secure.gravatar.com\/avatar\/9a0784f951306c37bcd065f52844ef95?s=96&d=mm&r=g\",\"contentUrl\":\"https:\/\/secure.gravatar.com\/avatar\/9a0784f951306c37bcd065f52844ef95?s=96&d=mm&r=g\",\"caption\":\"7culture2020\"},\"sameAs\":[\"http:\/\/7culture.ci\",\"Claude.kipre\"],\"url\":\"https:\/\/7culture.ci\/index.php\/author\/7culture2020\/\"}]}<\/script>\n<!-- \/ Yoast SEO plugin. -->","yoast_head_json":{"title":"Promotion de la jeune femme\u00a0: L\u2019excellence f\u00e9minine c\u00e9l\u00e9br\u00e9e par la Fondation Yakin - 7culture","robots":{"index":"index","follow":"follow","max-snippet":"max-snippet:-1","max-image-preview":"max-image-preview:large","max-video-preview":"max-video-preview:-1"},"canonical":"https:\/\/7culture.ci\/index.php\/2022\/11\/07\/promotion-de-la-jeune-femme-lexcellence-feminine-celebree-par-la-fondation-yakin\/","og_locale":"fr_FR","og_type":"article","og_title":"Promotion de la jeune femme\u00a0: L\u2019excellence f\u00e9minine c\u00e9l\u00e9br\u00e9e par la Fondation Yakin - 7culture","og_description":"Changer la mentalit\u00e9 des jeunes filles et les aider \u00e0 se r\u00e9aliser. Voil\u00e0 le sens de la soir\u00e9e de distinction organis\u00e9e par la fondation Yakin le vendredi 4 novembre dernier \u00e0 l\u2019Espace Latrille d\u2019Abidjan-Cocody-II-Plateaux. A cette 2e \u00e9dition de rendez-vous important pour la promotion de la jeune femme, 12 laur\u00e9ates ont \u00e9t\u00e9 c\u00e9l\u00e9br\u00e9es. Issues de &hellip; Promotion de la jeune femme\u00a0: L\u2019excellence f\u00e9minine c\u00e9l\u00e9br\u00e9e par la Fondation Yakin Lire la suite\u00a0\u00bb","og_url":"https:\/\/7culture.ci\/index.php\/2022\/11\/07\/promotion-de-la-jeune-femme-lexcellence-feminine-celebree-par-la-fondation-yakin\/","og_site_name":"7culture","article_publisher":"https:\/\/www.facebook.com\/redchefclaude","article_published_time":"2022-11-07T18:27:02+00:00","article_modified_time":"2022-11-14T11:09:29+00:00","og_image":[{"width":899,"height":561,"url":"http:\/\/7culture.ci\/wp-content\/uploads\/2022\/11\/yak-fond.jpeg","type":"image\/jpeg"}],"author":"7culture2020","twitter_card":"summary_large_image","twitter_creator":"@7culturec","twitter_site":"@7culturec","twitter_misc":{"\u00c9crit par":"7culture2020","Dur\u00e9e de lecture estim\u00e9e":"3 minutes"},"schema":{"@context":"https:\/\/schema.org","@graph":[{"@type":"Article","@id":"https:\/\/7culture.ci\/index.php\/2022\/11\/07\/promotion-de-la-jeune-femme-lexcellence-feminine-celebree-par-la-fondation-yakin\/#article","isPartOf":{"@id":"https:\/\/7culture.ci\/index.php\/2022\/11\/07\/promotion-de-la-jeune-femme-lexcellence-feminine-celebree-par-la-fondation-yakin\/"},"author":{"name":"7culture2020","@id":"https:\/\/7culture.ci\/#\/schema\/person\/16150d28d7ef66ba788c1f87f28c4426"},"headline":"Promotion de la jeune femme\u00a0: L\u2019excellence f\u00e9minine c\u00e9l\u00e9br\u00e9e par la Fondation Yakin","datePublished":"2022-11-07T18:27:02+00:00","dateModified":"2022-11-14T11:09:29+00:00","mainEntityOfPage":{"@id":"https:\/\/7culture.ci\/index.php\/2022\/11\/07\/promotion-de-la-jeune-femme-lexcellence-feminine-celebree-par-la-fondation-yakin\/"},"wordCount":652,"commentCount":0,"publisher":{"@id":"https:\/\/7culture.ci\/#organization"},"articleSection":["Actualit\u00e9"],"inLanguage":"fr-FR","potentialAction":[{"@type":"CommentAction","name":"Comment","target":["https:\/\/7culture.ci\/index.php\/2022\/11\/07\/promotion-de-la-jeune-femme-lexcellence-feminine-celebree-par-la-fondation-yakin\/#respond"]}]},{"@type":"WebPage","@id":"https:\/\/7culture.ci\/index.php\/2022\/11\/07\/promotion-de-la-jeune-femme-lexcellence-feminine-celebree-par-la-fondation-yakin\/","url":"https:\/\/7culture.ci\/index.php\/2022\/11\/07\/promotion-de-la-jeune-femme-lexcellence-feminine-celebree-par-la-fondation-yakin\/","name":"Promotion de la jeune femme\u00a0: L\u2019excellence f\u00e9minine c\u00e9l\u00e9br\u00e9e par la Fondation Yakin - 7culture","isPartOf":{"@id":"https:\/\/7culture.ci\/#website"},"datePublished":"2022-11-07T18:27:02+00:00","dateModified":"2022-11-14T11:09:29+00:00","breadcrumb":{"@id":"https:\/\/7culture.ci\/index.php\/2022\/11\/07\/promotion-de-la-jeune-femme-lexcellence-feminine-celebree-par-la-fondation-yakin\/#breadcrumb"},"inLanguage":"fr-FR","potentialAction":[{"@type":"ReadAction","target":["https:\/\/7culture.ci\/index.php\/2022\/11\/07\/promotion-de-la-jeune-femme-lexcellence-feminine-celebree-par-la-fondation-yakin\/"]}]},{"@type":"BreadcrumbList","@id":"https:\/\/7culture.ci\/index.php\/2022\/11\/07\/promotion-de-la-jeune-femme-lexcellence-feminine-celebree-par-la-fondation-yakin\/#breadcrumb","itemListElement":[{"@type":"ListItem","position":1,"name":"Accueil","item":"https:\/\/7culture.ci\/"},{"@type":"ListItem","position":2,"name":"Promotion de la jeune femme\u00a0: L\u2019excellence f\u00e9minine c\u00e9l\u00e9br\u00e9e par la Fondation Yakin"}]},{"@type":"WebSite","@id":"https:\/\/7culture.ci\/#website","url":"https:\/\/7culture.ci\/","name":"7culture","description":"Tout sur l&#039;actualit\u00e9","publisher":{"@id":"https:\/\/7culture.ci\/#organization"},"potentialAction":[{"@type":"SearchAction","target":{"@type":"EntryPoint","urlTemplate":"https:\/\/7culture.ci\/?s={search_term_string}"},"query-input":"required name=search_term_string"}],"inLanguage":"fr-FR"},{"@type":"Organization","@id":"https:\/\/7culture.ci\/#organization","name":"7culture","url":"https:\/\/7culture.ci\/","sameAs":["https:\/\/www.facebook.com\/redchefclaude","https:\/\/twitter.com\/7culturec"],"logo":{"@type":"ImageObject","inLanguage":"fr-FR","@id":"https:\/\/7culture.ci\/#\/schema\/logo\/image\/","url":"https:\/\/7culture.ci\/wp-content\/uploads\/2021\/12\/S1a-1.png","contentUrl":"https:\/\/7culture.ci\/wp-content\/uploads\/2021\/12\/S1a-1.png","width":588,"height":192,"caption":"7culture"},"image":{"@id":"https:\/\/7culture.ci\/#\/schema\/logo\/image\/"}},{"@type":"Person","@id":"https:\/\/7culture.ci\/#\/schema\/person\/16150d28d7ef66ba788c1f87f28c4426","name":"7culture2020","image":{"@type":"ImageObject","inLanguage":"fr-FR","@id":"https:\/\/7culture.ci\/#\/schema\/person\/image\/","url":"https:\/\/secure.gravatar.com\/avatar\/9a0784f951306c37bcd065f52844ef95?s=96&d=mm&r=g","contentUrl":"https:\/\/secure.gravatar.com\/avatar\/9a0784f951306c37bcd065f52844ef95?s=96&d=mm&r=g","caption":"7culture2020"},"sameAs":["http:\/\/7culture.ci","Claude.kipre"],"url":"https:\/\/7culture.ci\/index.php\/author\/7culture2020\/"}]}},"jetpack_featured_media_url":"https:\/\/7culture.ci\/wp-content\/uploads\/2022\/11\/yak-fond.jpeg","jetpack_likes_enabled":true,"jetpack_sharing_enabled":true,"_links":{"self":[{"href":"https:\/\/7culture.ci\/index.php\/wp-json\/wp\/v2\/posts\/24502"}],"collection":[{"href":"https:\/\/7culture.ci\/index.php\/wp-json\/wp\/v2\/posts"}],"about":[{"href":"https:\/\/7culture.ci\/index.php\/wp-json\/wp\/v2\/types\/post"}],"author":[{"embeddable":true,"href":"https:\/\/7culture.ci\/index.php\/wp-json\/wp\/v2\/users\/1"}],"replies":[{"embeddable":true,"href":"https:\/\/7culture.ci\/index.php\/wp-json\/wp\/v2\/comments?post=24502"}],"version-history":[{"count":0,"href":"https:\/\/7culture.ci\/index.php\/wp-json\/wp\/v2\/posts\/24502\/revisions"}],"wp:featuredmedia":[{"embeddable":true,"href":"https:\/\/7culture.ci\/index.php\/wp-json\/wp\/v2\/media\/24504"}],"wp:attachment":[{"href":"https:\/\/7culture.ci\/index.php\/wp-json\/wp\/v2\/media?parent=24502"}],"wp:term":[{"taxonomy":"category","embeddable":true,"href":"https:\/\/7culture.ci\/index.php\/wp-json\/wp\/v2\/categories?post=24502"},{"taxonomy":"post_tag","embeddable":true,"href":"https:\/\/7culture.ci\/index.php\/wp-json\/wp\/v2\/tags?post=24502"}],"curies":[{"name":"wp","href":"https:\/\/api.w.org\/{rel}","templated":true}]}}