{"id":24417,"date":"2022-10-31T11:28:15","date_gmt":"2022-10-31T11:28:15","guid":{"rendered":"https:\/\/7culture.ci\/?p=24417"},"modified":"2022-11-02T16:32:10","modified_gmt":"2022-11-02T16:32:10","slug":"kinshasa-le-concert-de-fally-ipupa-fait-11-morts","status":"publish","type":"post","link":"https:\/\/7culture.ci\/index.php\/2022\/10\/31\/kinshasa-le-concert-de-fally-ipupa-fait-11-morts\/","title":{"rendered":"Kinshasa: le concert de Fally Ipupa fait 11 morts"},"content":{"rendered":"\n<p>Onze personnes &#8211; neuf spectateurs et deux policiers &#8211; sont mortes samedi soir dans une bousculade lors d&#8217;un concert du musicien congolais Fally Ipupa dans le plus grand stade de Kinshasa, a indiqu\u00e9 dimanche le ministre de l&#8217;Int\u00e9rieur, Daniel Aselo Okito, en mettant en cause les organisateurs.<\/p>\n\n\n\n<p>L&#8217;Agence congolaise de presse (ACP, officielle), citant le g\u00e9n\u00e9ral Sylvano Kasongo, chef de la police de Kinshasa, avait auparavant fait \u00e9tat de huit morts, dont un policier.<\/p>\n\n\n\n<p>\u00ab&nbsp;<strong><em>Les d\u00e9g\u00e2ts humains s&#8217;\u00e9valuent \u00e0 11 personnes d\u00e9c\u00e9d\u00e9es (&#8230;) y compris deux policiers<\/em><\/strong>&nbsp;\u00bb, a ensuite d\u00e9clar\u00e9 \u00e0 des journalistes Daniel Aselo, qui s&#8217;est rendu sur place.<\/p>\n\n\n\n<p>Le ministre de l&#8217;Int\u00e9rieur a pr\u00e9sent\u00e9 ses condol\u00e9ances aux familles endeuill\u00e9es, mais aussi d\u00e9plor\u00e9 que des &#8220;<strong><em>d\u00e9g\u00e2ts humains et mat\u00e9riels<\/em><\/strong>&#8221; soient fr\u00e9quemment enregistr\u00e9s lors de manifestations dans ce stade de 80.000 places.<\/p>\n\n\n\n<p>Selon ses propos, diffus\u00e9s par le site d&#8217;information Actualit\u00e9.cd, il y avait trop de monde dans l&#8217;enceinte du stade. L&#8217;organisateur &#8220;<strong><em>est all\u00e9 au-del\u00e0 de 100%<\/em><\/strong>&#8221; de sa capacit\u00e9, \u00ab&nbsp;<strong><em>il doit \u00eatre puni<\/em><\/strong>&nbsp;\u00bb, a-t-il estim\u00e9. La suite <strong><a href=\"https:\/\/information.tv5monde.com\/info\/rdc-11-morts-lors-d-un-concert-de-fally-ipupa-kinshasa-476720\">ICI.<\/a><\/strong><\/p>\n","protected":false},"excerpt":{"rendered":"<p>Onze personnes &#8211; neuf spectateurs et deux policiers &#8211; sont mortes samedi soir dans une bousculade lors d&#8217;un concert du musicien congolais Fally Ipupa dans le plus grand stade de Kinshasa, a indiqu\u00e9 dimanche le ministre de l&#8217;Int\u00e9rieur, Daniel Aselo Okito, en mettant en cause les organisateurs. L&#8217;Agence congolaise de presse (ACP, officielle), citant le &hellip;<\/p>\n<p class=\"read-more\"> <a class=\"\" href=\"https:\/\/7culture.ci\/index.php\/2022\/10\/31\/kinshasa-le-concert-de-fally-ipupa-fait-11-morts\/\"> <span class=\"screen-reader-text\">Kinshasa: le concert de Fally Ipupa fait 11 morts<\/span> Lire la suite\u00a0\u00bb<\/a><\/p>\n","protected":false},"author":1,"featured_media":24419,"comment_status":"open","ping_status":"open","sticky":false,"template":"","format":"standard","meta":{"_mi_skip_tracking":false,"_monsterinsights_sitenote_active":false,"_monsterinsights_sitenote_note":"","_monsterinsights_sitenote_category":0,"site-sidebar-layout":"default","site-content-layout":"default","ast-global-header-display":"","ast-main-header-display":"","ast-hfb-above-header-display":"","ast-hfb-below-header-display":"","ast-hfb-mobile-header-display":"","site-post-title":"","ast-breadcrumbs-content":"","ast-featured-img":"","footer-sml-layout":"","theme-transparent-header-meta":"","adv-header-id-meta":"","stick-header-meta":"","header-above-stick-meta":"","header-main-stick-meta":"","header-below-stick-meta":"","footnotes":"","jetpack_publicize_message":"","jetpack_is_tweetstorm":false,"jetpack_publicize_feature_enabled":true},"categories":[22],"tags":[],"jetpack_publicize_connections":[],"acf":[],"aioseo_notices":[],"yoast_head":"<!-- This site is optimized with the Yoast SEO plugin v19.6.1 - https:\/\/yoast.com\/wordpress\/plugins\/seo\/ -->\n<title>Kinshasa: le concert de Fally Ipupa fait 11 morts -<\/title>\n<meta name=\"robots\" content=\"index, follow, max-snippet:-1, max-image-preview:large, max-video-preview:-1\" \/>\n<link rel=\"canonical\" href=\"https:\/\/7culture.ci\/index.php\/2022\/10\/31\/kinshasa-le-concert-de-fally-ipupa-fait-11-morts\/\" \/>\n<meta property=\"og:locale\" content=\"fr_FR\" \/>\n<meta property=\"og:type\" content=\"article\" \/>\n<meta property=\"og:title\" content=\"Kinshasa: le concert de Fally Ipupa fait 11 morts -\" \/>\n<meta property=\"og:description\" content=\"Onze personnes &#8211; neuf spectateurs et deux policiers &#8211; sont mortes samedi soir dans une bousculade lors d&#8217;un concert du musicien congolais Fally Ipupa dans le plus grand stade de Kinshasa, a indiqu\u00e9 dimanche le ministre de l&#8217;Int\u00e9rieur, Daniel Aselo Okito, en mettant en cause les organisateurs. L&#8217;Agence congolaise de presse (ACP, officielle), citant le &hellip; Kinshasa: le concert de Fally Ipupa fait 11 morts Lire la suite\u00a0\u00bb\" \/>\n<meta property=\"og:url\" content=\"https:\/\/7culture.ci\/index.php\/2022\/10\/31\/kinshasa-le-concert-de-fally-ipupa-fait-11-morts\/\" \/>\n<meta property=\"og:site_name\" content=\"7culture\" \/>\n<meta property=\"article:publisher\" content=\"https:\/\/www.facebook.com\/redchefclaude\" \/>\n<meta property=\"article:published_time\" content=\"2022-10-31T11:28:15+00:00\" \/>\n<meta property=\"article:modified_time\" content=\"2022-11-02T16:32:10+00:00\" \/>\n<meta property=\"og:image\" content=\"http:\/\/7culture.ci\/wp-content\/uploads\/2022\/10\/ipupa1.jpg\" \/>\n\t<meta property=\"og:image:width\" content=\"640\" \/>\n\t<meta property=\"og:image:height\" content=\"480\" \/>\n\t<meta property=\"og:image:type\" content=\"image\/jpeg\" \/>\n<meta name=\"author\" content=\"7culture2020\" \/>\n<meta name=\"twitter:card\" content=\"summary_large_image\" \/>\n<meta name=\"twitter:creator\" content=\"@7culturec\" \/>\n<meta name=\"twitter:site\" content=\"@7culturec\" \/>\n<meta name=\"twitter:label1\" content=\"\u00c9crit par\" \/>\n\t<meta name=\"twitter:data1\" content=\"7culture2020\" \/>\n\t<meta name=\"twitter:label2\" content=\"Dur\u00e9e de lecture estim\u00e9e\" \/>\n\t<meta name=\"twitter:data2\" content=\"1 minute\" \/>\n<script type=\"application\/ld+json\" class=\"yoast-schema-graph\">{\"@context\":\"https:\/\/schema.org\",\"@graph\":[{\"@type\":\"Article\",\"@id\":\"https:\/\/7culture.ci\/index.php\/2022\/10\/31\/kinshasa-le-concert-de-fally-ipupa-fait-11-morts\/#article\",\"isPartOf\":{\"@id\":\"https:\/\/7culture.ci\/index.php\/2022\/10\/31\/kinshasa-le-concert-de-fally-ipupa-fait-11-morts\/\"},\"author\":{\"name\":\"7culture2020\",\"@id\":\"https:\/\/7culture.ci\/#\/schema\/person\/16150d28d7ef66ba788c1f87f28c4426\"},\"headline\":\"Kinshasa: le concert de Fally Ipupa fait 11 morts\",\"datePublished\":\"2022-10-31T11:28:15+00:00\",\"dateModified\":\"2022-11-02T16:32:10+00:00\",\"mainEntityOfPage\":{\"@id\":\"https:\/\/7culture.ci\/index.php\/2022\/10\/31\/kinshasa-le-concert-de-fally-ipupa-fait-11-morts\/\"},\"wordCount\":197,\"commentCount\":0,\"publisher\":{\"@id\":\"https:\/\/7culture.ci\/#organization\"},\"articleSection\":[\"Actualit\u00e9\"],\"inLanguage\":\"fr-FR\",\"potentialAction\":[{\"@type\":\"CommentAction\",\"name\":\"Comment\",\"target\":[\"https:\/\/7culture.ci\/index.php\/2022\/10\/31\/kinshasa-le-concert-de-fally-ipupa-fait-11-morts\/#respond\"]}]},{\"@type\":\"WebPage\",\"@id\":\"https:\/\/7culture.ci\/index.php\/2022\/10\/31\/kinshasa-le-concert-de-fally-ipupa-fait-11-morts\/\",\"url\":\"https:\/\/7culture.ci\/index.php\/2022\/10\/31\/kinshasa-le-concert-de-fally-ipupa-fait-11-morts\/\",\"name\":\"Kinshasa: le concert de Fally Ipupa fait 11 morts -\",\"isPartOf\":{\"@id\":\"https:\/\/7culture.ci\/#website\"},\"datePublished\":\"2022-10-31T11:28:15+00:00\",\"dateModified\":\"2022-11-02T16:32:10+00:00\",\"breadcrumb\":{\"@id\":\"https:\/\/7culture.ci\/index.php\/2022\/10\/31\/kinshasa-le-concert-de-fally-ipupa-fait-11-morts\/#breadcrumb\"},\"inLanguage\":\"fr-FR\",\"potentialAction\":[{\"@type\":\"ReadAction\",\"target\":[\"https:\/\/7culture.ci\/index.php\/2022\/10\/31\/kinshasa-le-concert-de-fally-ipupa-fait-11-morts\/\"]}]},{\"@type\":\"BreadcrumbList\",\"@id\":\"https:\/\/7culture.ci\/index.php\/2022\/10\/31\/kinshasa-le-concert-de-fally-ipupa-fait-11-morts\/#breadcrumb\",\"itemListElement\":[{\"@type\":\"ListItem\",\"position\":1,\"name\":\"Accueil\",\"item\":\"https:\/\/7culture.ci\/\"},{\"@type\":\"ListItem\",\"position\":2,\"name\":\"Kinshasa: le concert de Fally Ipupa fait 11 morts\"}]},{\"@type\":\"WebSite\",\"@id\":\"https:\/\/7culture.ci\/#website\",\"url\":\"https:\/\/7culture.ci\/\",\"name\":\"7culture\",\"description\":\"Tout sur l&#039;actualit\u00e9\",\"publisher\":{\"@id\":\"https:\/\/7culture.ci\/#organization\"},\"potentialAction\":[{\"@type\":\"SearchAction\",\"target\":{\"@type\":\"EntryPoint\",\"urlTemplate\":\"https:\/\/7culture.ci\/?s={search_term_string}\"},\"query-input\":\"required name=search_term_string\"}],\"inLanguage\":\"fr-FR\"},{\"@type\":\"Organization\",\"@id\":\"https:\/\/7culture.ci\/#organization\",\"name\":\"7culture\",\"url\":\"https:\/\/7culture.ci\/\",\"sameAs\":[\"https:\/\/www.facebook.com\/redchefclaude\",\"https:\/\/twitter.com\/7culturec\"],\"logo\":{\"@type\":\"ImageObject\",\"inLanguage\":\"fr-FR\",\"@id\":\"https:\/\/7culture.ci\/#\/schema\/logo\/image\/\",\"url\":\"https:\/\/7culture.ci\/wp-content\/uploads\/2021\/12\/S1a-1.png\",\"contentUrl\":\"https:\/\/7culture.ci\/wp-content\/uploads\/2021\/12\/S1a-1.png\",\"width\":588,\"height\":192,\"caption\":\"7culture\"},\"image\":{\"@id\":\"https:\/\/7culture.ci\/#\/schema\/logo\/image\/\"}},{\"@type\":\"Person\",\"@id\":\"https:\/\/7culture.ci\/#\/schema\/person\/16150d28d7ef66ba788c1f87f28c4426\",\"name\":\"7culture2020\",\"image\":{\"@type\":\"ImageObject\",\"inLanguage\":\"fr-FR\",\"@id\":\"https:\/\/7culture.ci\/#\/schema\/person\/image\/\",\"url\":\"https:\/\/secure.gravatar.com\/avatar\/9a0784f951306c37bcd065f52844ef95?s=96&d=mm&r=g\",\"contentUrl\":\"https:\/\/secure.gravatar.com\/avatar\/9a0784f951306c37bcd065f52844ef95?s=96&d=mm&r=g\",\"caption\":\"7culture2020\"},\"sameAs\":[\"http:\/\/7culture.ci\",\"Claude.kipre\"],\"url\":\"https:\/\/7culture.ci\/index.php\/author\/7culture2020\/\"}]}<\/script>\n<!-- \/ Yoast SEO plugin. -->","yoast_head_json":{"title":"Kinshasa: le concert de Fally Ipupa fait 11 morts -","robots":{"index":"index","follow":"follow","max-snippet":"max-snippet:-1","max-image-preview":"max-image-preview:large","max-video-preview":"max-video-preview:-1"},"canonical":"https:\/\/7culture.ci\/index.php\/2022\/10\/31\/kinshasa-le-concert-de-fally-ipupa-fait-11-morts\/","og_locale":"fr_FR","og_type":"article","og_title":"Kinshasa: le concert de Fally Ipupa fait 11 morts -","og_description":"Onze personnes &#8211; neuf spectateurs et deux policiers &#8211; sont mortes samedi soir dans une bousculade lors d&#8217;un concert du musicien congolais Fally Ipupa dans le plus grand stade de Kinshasa, a indiqu\u00e9 dimanche le ministre de l&#8217;Int\u00e9rieur, Daniel Aselo Okito, en mettant en cause les organisateurs. L&#8217;Agence congolaise de presse (ACP, officielle), citant le &hellip; Kinshasa: le concert de Fally Ipupa fait 11 morts Lire la suite\u00a0\u00bb","og_url":"https:\/\/7culture.ci\/index.php\/2022\/10\/31\/kinshasa-le-concert-de-fally-ipupa-fait-11-morts\/","og_site_name":"7culture","article_publisher":"https:\/\/www.facebook.com\/redchefclaude","article_published_time":"2022-10-31T11:28:15+00:00","article_modified_time":"2022-11-02T16:32:10+00:00","og_image":[{"width":640,"height":480,"url":"http:\/\/7culture.ci\/wp-content\/uploads\/2022\/10\/ipupa1.jpg","type":"image\/jpeg"}],"author":"7culture2020","twitter_card":"summary_large_image","twitter_creator":"@7culturec","twitter_site":"@7culturec","twitter_misc":{"\u00c9crit par":"7culture2020","Dur\u00e9e de lecture estim\u00e9e":"1 minute"},"schema":{"@context":"https:\/\/schema.org","@graph":[{"@type":"Article","@id":"https:\/\/7culture.ci\/index.php\/2022\/10\/31\/kinshasa-le-concert-de-fally-ipupa-fait-11-morts\/#article","isPartOf":{"@id":"https:\/\/7culture.ci\/index.php\/2022\/10\/31\/kinshasa-le-concert-de-fally-ipupa-fait-11-morts\/"},"author":{"name":"7culture2020","@id":"https:\/\/7culture.ci\/#\/schema\/person\/16150d28d7ef66ba788c1f87f28c4426"},"headline":"Kinshasa: le concert de Fally Ipupa fait 11 morts","datePublished":"2022-10-31T11:28:15+00:00","dateModified":"2022-11-02T16:32:10+00:00","mainEntityOfPage":{"@id":"https:\/\/7culture.ci\/index.php\/2022\/10\/31\/kinshasa-le-concert-de-fally-ipupa-fait-11-morts\/"},"wordCount":197,"commentCount":0,"publisher":{"@id":"https:\/\/7culture.ci\/#organization"},"articleSection":["Actualit\u00e9"],"inLanguage":"fr-FR","potentialAction":[{"@type":"CommentAction","name":"Comment","target":["https:\/\/7culture.ci\/index.php\/2022\/10\/31\/kinshasa-le-concert-de-fally-ipupa-fait-11-morts\/#respond"]}]},{"@type":"WebPage","@id":"https:\/\/7culture.ci\/index.php\/2022\/10\/31\/kinshasa-le-concert-de-fally-ipupa-fait-11-morts\/","url":"https:\/\/7culture.ci\/index.php\/2022\/10\/31\/kinshasa-le-concert-de-fally-ipupa-fait-11-morts\/","name":"Kinshasa: le concert de Fally Ipupa fait 11 morts -","isPartOf":{"@id":"https:\/\/7culture.ci\/#website"},"datePublished":"2022-10-31T11:28:15+00:00","dateModified":"2022-11-02T16:32:10+00:00","breadcrumb":{"@id":"https:\/\/7culture.ci\/index.php\/2022\/10\/31\/kinshasa-le-concert-de-fally-ipupa-fait-11-morts\/#breadcrumb"},"inLanguage":"fr-FR","potentialAction":[{"@type":"ReadAction","target":["https:\/\/7culture.ci\/index.php\/2022\/10\/31\/kinshasa-le-concert-de-fally-ipupa-fait-11-morts\/"]}]},{"@type":"BreadcrumbList","@id":"https:\/\/7culture.ci\/index.php\/2022\/10\/31\/kinshasa-le-concert-de-fally-ipupa-fait-11-morts\/#breadcrumb","itemListElement":[{"@type":"ListItem","position":1,"name":"Accueil","item":"https:\/\/7culture.ci\/"},{"@type":"ListItem","position":2,"name":"Kinshasa: le concert de Fally Ipupa fait 11 morts"}]},{"@type":"WebSite","@id":"https:\/\/7culture.ci\/#website","url":"https:\/\/7culture.ci\/","name":"7culture","description":"Tout sur l&#039;actualit\u00e9","publisher":{"@id":"https:\/\/7culture.ci\/#organization"},"potentialAction":[{"@type":"SearchAction","target":{"@type":"EntryPoint","urlTemplate":"https:\/\/7culture.ci\/?s={search_term_string}"},"query-input":"required name=search_term_string"}],"inLanguage":"fr-FR"},{"@type":"Organization","@id":"https:\/\/7culture.ci\/#organization","name":"7culture","url":"https:\/\/7culture.ci\/","sameAs":["https:\/\/www.facebook.com\/redchefclaude","https:\/\/twitter.com\/7culturec"],"logo":{"@type":"ImageObject","inLanguage":"fr-FR","@id":"https:\/\/7culture.ci\/#\/schema\/logo\/image\/","url":"https:\/\/7culture.ci\/wp-content\/uploads\/2021\/12\/S1a-1.png","contentUrl":"https:\/\/7culture.ci\/wp-content\/uploads\/2021\/12\/S1a-1.png","width":588,"height":192,"caption":"7culture"},"image":{"@id":"https:\/\/7culture.ci\/#\/schema\/logo\/image\/"}},{"@type":"Person","@id":"https:\/\/7culture.ci\/#\/schema\/person\/16150d28d7ef66ba788c1f87f28c4426","name":"7culture2020","image":{"@type":"ImageObject","inLanguage":"fr-FR","@id":"https:\/\/7culture.ci\/#\/schema\/person\/image\/","url":"https:\/\/secure.gravatar.com\/avatar\/9a0784f951306c37bcd065f52844ef95?s=96&d=mm&r=g","contentUrl":"https:\/\/secure.gravatar.com\/avatar\/9a0784f951306c37bcd065f52844ef95?s=96&d=mm&r=g","caption":"7culture2020"},"sameAs":["http:\/\/7culture.ci","Claude.kipre"],"url":"https:\/\/7culture.ci\/index.php\/author\/7culture2020\/"}]}},"jetpack_featured_media_url":"https:\/\/7culture.ci\/wp-content\/uploads\/2022\/10\/ipupa1.jpg","jetpack_likes_enabled":true,"jetpack_sharing_enabled":true,"_links":{"self":[{"href":"https:\/\/7culture.ci\/index.php\/wp-json\/wp\/v2\/posts\/24417"}],"collection":[{"href":"https:\/\/7culture.ci\/index.php\/wp-json\/wp\/v2\/posts"}],"about":[{"href":"https:\/\/7culture.ci\/index.php\/wp-json\/wp\/v2\/types\/post"}],"author":[{"embeddable":true,"href":"https:\/\/7culture.ci\/index.php\/wp-json\/wp\/v2\/users\/1"}],"replies":[{"embeddable":true,"href":"https:\/\/7culture.ci\/index.php\/wp-json\/wp\/v2\/comments?post=24417"}],"version-history":[{"count":0,"href":"https:\/\/7culture.ci\/index.php\/wp-json\/wp\/v2\/posts\/24417\/revisions"}],"wp:featuredmedia":[{"embeddable":true,"href":"https:\/\/7culture.ci\/index.php\/wp-json\/wp\/v2\/media\/24419"}],"wp:attachment":[{"href":"https:\/\/7culture.ci\/index.php\/wp-json\/wp\/v2\/media?parent=24417"}],"wp:term":[{"taxonomy":"category","embeddable":true,"href":"https:\/\/7culture.ci\/index.php\/wp-json\/wp\/v2\/categories?post=24417"},{"taxonomy":"post_tag","embeddable":true,"href":"https:\/\/7culture.ci\/index.php\/wp-json\/wp\/v2\/tags?post=24417"}],"curies":[{"name":"wp","href":"https:\/\/api.w.org\/{rel}","templated":true}]}}