{"id":24381,"date":"2022-10-26T15:22:27","date_gmt":"2022-10-26T15:22:27","guid":{"rendered":"https:\/\/7culture.ci\/?p=24381"},"modified":"2022-10-27T18:09:45","modified_gmt":"2022-10-27T18:09:45","slug":"parrainage-yes-sollicite-la-premiere-dame","status":"publish","type":"post","link":"https:\/\/7culture.ci\/index.php\/2022\/10\/26\/parrainage-yes-sollicite-la-premiere-dame\/","title":{"rendered":"Parrainage\u00a0: YeS Sollicite la Premi\u00e8re dame"},"content":{"rendered":"\n<p>La Premi\u00e8re Dame Dominique Ouattara a re\u00e7u en audience les c\u00e9l\u00e8bres artistes chanteurs Yod\u00e9 et Siro, le mardi 25 octobre 2022, \u00e0 son cabinet de Cocody.<\/p>\n\n\n\n<p>De leurs vrais noms Gervais Dali Dj\u00e9dj\u00e9 dit Yod\u00e9 et Sylvain Decavailles Aba dit Siro ont tenu \u00e0 venir solliciter l\u2019appui de la Premi\u00e8re Dame dans l\u2019organisation de la deuxi\u00e8me caravane de reboisement initi\u00e9e dans le cadre de leur organisation d\u00e9nomm\u00e9e \u2018\u2019YeS Fondation\u2019\u2019.<\/p>\n\n\n\n<p>En retour, la Premi\u00e8re Dame les a f\u00e9licit\u00e9s pour cette initiative qu\u2019elle trouve noble. L\u2019\u00e9pouse du Chef de l\u2019Etat a d\u00e9cid\u00e9 d\u2019accompagner les artistes dans cette initiative verte en acceptant d\u2019en \u00eatre la marraine.&nbsp;<\/p>\n\n\n\n<p>\u00ab <strong><em>Aujourd\u2019hui, vous savez que la C\u00f4te d\u2019Ivoire a perdu pr\u00e8s de 90 % de sa for\u00eat. Et nous savons que c\u2019est une situation qui pr\u00e9occupe la Premi\u00e8re Dame. Comme notre Fondation est engag\u00e9e dans la lutte contre cette question, nous sommes venus la voir pour lui t\u00e9moigner notre soutien et solliciter le sien afin que nous puissions bien mener notre deuxi\u00e8me caravane nationale de reboisement populaire 2023<\/em><\/strong> \u00bb, a expliqu\u00e9 Monsieur Sylvain Decavailles Aba dit Siro.<\/p>\n\n\n\n<p>Notons que l\u2019ann\u00e9e derni\u00e8re, ce sont 182 hectares de for\u00eats qui ont \u00e9t\u00e9 rebois\u00e9s dans 10 villes de la C\u00f4te d\u2019Ivoire par la Fondation YeS de Yod\u00e9 et Siro.<\/p>\n\n\n\n<p>Par Sercom<\/p>\n","protected":false},"excerpt":{"rendered":"<p>La Premi\u00e8re Dame Dominique Ouattara a re\u00e7u en audience les c\u00e9l\u00e8bres artistes chanteurs Yod\u00e9 et Siro, le mardi 25 octobre 2022, \u00e0 son cabinet de Cocody. De leurs vrais noms Gervais Dali Dj\u00e9dj\u00e9 dit Yod\u00e9 et Sylvain Decavailles Aba dit Siro ont tenu \u00e0 venir solliciter l\u2019appui de la Premi\u00e8re Dame dans l\u2019organisation de la &hellip;<\/p>\n<p class=\"read-more\"> <a class=\"\" href=\"https:\/\/7culture.ci\/index.php\/2022\/10\/26\/parrainage-yes-sollicite-la-premiere-dame\/\"> <span class=\"screen-reader-text\">Parrainage\u00a0: YeS Sollicite la Premi\u00e8re dame<\/span> Lire la suite\u00a0\u00bb<\/a><\/p>\n","protected":false},"author":1,"featured_media":24383,"comment_status":"open","ping_status":"open","sticky":false,"template":"","format":"standard","meta":{"_mi_skip_tracking":false,"_monsterinsights_sitenote_active":false,"_monsterinsights_sitenote_note":"","_monsterinsights_sitenote_category":0,"site-sidebar-layout":"default","site-content-layout":"default","ast-global-header-display":"","ast-main-header-display":"","ast-hfb-above-header-display":"","ast-hfb-below-header-display":"","ast-hfb-mobile-header-display":"","site-post-title":"","ast-breadcrumbs-content":"","ast-featured-img":"","footer-sml-layout":"","theme-transparent-header-meta":"","adv-header-id-meta":"","stick-header-meta":"","header-above-stick-meta":"","header-main-stick-meta":"","header-below-stick-meta":"","footnotes":"","jetpack_publicize_message":"","jetpack_is_tweetstorm":false,"jetpack_publicize_feature_enabled":true},"categories":[22],"tags":[],"jetpack_publicize_connections":[],"acf":[],"aioseo_notices":[],"yoast_head":"<!-- This site is optimized with the Yoast SEO plugin v19.6.1 - https:\/\/yoast.com\/wordpress\/plugins\/seo\/ -->\n<title>Parrainage\u00a0: YeS Sollicite la Premi\u00e8re dame -<\/title>\n<meta name=\"robots\" content=\"index, follow, max-snippet:-1, max-image-preview:large, max-video-preview:-1\" \/>\n<link rel=\"canonical\" href=\"https:\/\/7culture.ci\/index.php\/2022\/10\/26\/parrainage-yes-sollicite-la-premiere-dame\/\" \/>\n<meta property=\"og:locale\" content=\"fr_FR\" \/>\n<meta property=\"og:type\" content=\"article\" \/>\n<meta property=\"og:title\" content=\"Parrainage\u00a0: YeS Sollicite la Premi\u00e8re dame -\" \/>\n<meta property=\"og:description\" content=\"La Premi\u00e8re Dame Dominique Ouattara a re\u00e7u en audience les c\u00e9l\u00e8bres artistes chanteurs Yod\u00e9 et Siro, le mardi 25 octobre 2022, \u00e0 son cabinet de Cocody. De leurs vrais noms Gervais Dali Dj\u00e9dj\u00e9 dit Yod\u00e9 et Sylvain Decavailles Aba dit Siro ont tenu \u00e0 venir solliciter l\u2019appui de la Premi\u00e8re Dame dans l\u2019organisation de la &hellip; Parrainage\u00a0: YeS Sollicite la Premi\u00e8re dame Lire la suite\u00a0\u00bb\" \/>\n<meta property=\"og:url\" content=\"https:\/\/7culture.ci\/index.php\/2022\/10\/26\/parrainage-yes-sollicite-la-premiere-dame\/\" \/>\n<meta property=\"og:site_name\" content=\"7culture\" \/>\n<meta property=\"article:publisher\" content=\"https:\/\/www.facebook.com\/redchefclaude\" \/>\n<meta property=\"article:published_time\" content=\"2022-10-26T15:22:27+00:00\" \/>\n<meta property=\"article:modified_time\" content=\"2022-10-27T18:09:45+00:00\" \/>\n<meta property=\"og:image\" content=\"http:\/\/7culture.ci\/wp-content\/uploads\/2022\/10\/YeS-chez-D.O-251022.jpeg\" \/>\n\t<meta property=\"og:image:width\" content=\"960\" \/>\n\t<meta property=\"og:image:height\" content=\"640\" \/>\n\t<meta property=\"og:image:type\" content=\"image\/jpeg\" \/>\n<meta name=\"author\" content=\"7culture2020\" \/>\n<meta name=\"twitter:card\" content=\"summary_large_image\" \/>\n<meta name=\"twitter:creator\" content=\"@7culturec\" \/>\n<meta name=\"twitter:site\" content=\"@7culturec\" \/>\n<meta name=\"twitter:label1\" content=\"\u00c9crit par\" \/>\n\t<meta name=\"twitter:data1\" content=\"7culture2020\" \/>\n\t<meta name=\"twitter:label2\" content=\"Dur\u00e9e de lecture estim\u00e9e\" \/>\n\t<meta name=\"twitter:data2\" content=\"1 minute\" \/>\n<script type=\"application\/ld+json\" class=\"yoast-schema-graph\">{\"@context\":\"https:\/\/schema.org\",\"@graph\":[{\"@type\":\"Article\",\"@id\":\"https:\/\/7culture.ci\/index.php\/2022\/10\/26\/parrainage-yes-sollicite-la-premiere-dame\/#article\",\"isPartOf\":{\"@id\":\"https:\/\/7culture.ci\/index.php\/2022\/10\/26\/parrainage-yes-sollicite-la-premiere-dame\/\"},\"author\":{\"name\":\"7culture2020\",\"@id\":\"https:\/\/7culture.ci\/#\/schema\/person\/16150d28d7ef66ba788c1f87f28c4426\"},\"headline\":\"Parrainage\u00a0: YeS Sollicite la Premi\u00e8re dame\",\"datePublished\":\"2022-10-26T15:22:27+00:00\",\"dateModified\":\"2022-10-27T18:09:45+00:00\",\"mainEntityOfPage\":{\"@id\":\"https:\/\/7culture.ci\/index.php\/2022\/10\/26\/parrainage-yes-sollicite-la-premiere-dame\/\"},\"wordCount\":247,\"commentCount\":0,\"publisher\":{\"@id\":\"https:\/\/7culture.ci\/#organization\"},\"articleSection\":[\"Actualit\u00e9\"],\"inLanguage\":\"fr-FR\",\"potentialAction\":[{\"@type\":\"CommentAction\",\"name\":\"Comment\",\"target\":[\"https:\/\/7culture.ci\/index.php\/2022\/10\/26\/parrainage-yes-sollicite-la-premiere-dame\/#respond\"]}]},{\"@type\":\"WebPage\",\"@id\":\"https:\/\/7culture.ci\/index.php\/2022\/10\/26\/parrainage-yes-sollicite-la-premiere-dame\/\",\"url\":\"https:\/\/7culture.ci\/index.php\/2022\/10\/26\/parrainage-yes-sollicite-la-premiere-dame\/\",\"name\":\"Parrainage\u00a0: YeS Sollicite la Premi\u00e8re dame -\",\"isPartOf\":{\"@id\":\"https:\/\/7culture.ci\/#website\"},\"datePublished\":\"2022-10-26T15:22:27+00:00\",\"dateModified\":\"2022-10-27T18:09:45+00:00\",\"breadcrumb\":{\"@id\":\"https:\/\/7culture.ci\/index.php\/2022\/10\/26\/parrainage-yes-sollicite-la-premiere-dame\/#breadcrumb\"},\"inLanguage\":\"fr-FR\",\"potentialAction\":[{\"@type\":\"ReadAction\",\"target\":[\"https:\/\/7culture.ci\/index.php\/2022\/10\/26\/parrainage-yes-sollicite-la-premiere-dame\/\"]}]},{\"@type\":\"BreadcrumbList\",\"@id\":\"https:\/\/7culture.ci\/index.php\/2022\/10\/26\/parrainage-yes-sollicite-la-premiere-dame\/#breadcrumb\",\"itemListElement\":[{\"@type\":\"ListItem\",\"position\":1,\"name\":\"Accueil\",\"item\":\"https:\/\/7culture.ci\/\"},{\"@type\":\"ListItem\",\"position\":2,\"name\":\"Parrainage\u00a0: YeS Sollicite la Premi\u00e8re dame\"}]},{\"@type\":\"WebSite\",\"@id\":\"https:\/\/7culture.ci\/#website\",\"url\":\"https:\/\/7culture.ci\/\",\"name\":\"7culture\",\"description\":\"Tout sur l&#039;actualit\u00e9\",\"publisher\":{\"@id\":\"https:\/\/7culture.ci\/#organization\"},\"potentialAction\":[{\"@type\":\"SearchAction\",\"target\":{\"@type\":\"EntryPoint\",\"urlTemplate\":\"https:\/\/7culture.ci\/?s={search_term_string}\"},\"query-input\":\"required name=search_term_string\"}],\"inLanguage\":\"fr-FR\"},{\"@type\":\"Organization\",\"@id\":\"https:\/\/7culture.ci\/#organization\",\"name\":\"7culture\",\"url\":\"https:\/\/7culture.ci\/\",\"sameAs\":[\"https:\/\/www.facebook.com\/redchefclaude\",\"https:\/\/twitter.com\/7culturec\"],\"logo\":{\"@type\":\"ImageObject\",\"inLanguage\":\"fr-FR\",\"@id\":\"https:\/\/7culture.ci\/#\/schema\/logo\/image\/\",\"url\":\"https:\/\/7culture.ci\/wp-content\/uploads\/2021\/12\/S1a-1.png\",\"contentUrl\":\"https:\/\/7culture.ci\/wp-content\/uploads\/2021\/12\/S1a-1.png\",\"width\":588,\"height\":192,\"caption\":\"7culture\"},\"image\":{\"@id\":\"https:\/\/7culture.ci\/#\/schema\/logo\/image\/\"}},{\"@type\":\"Person\",\"@id\":\"https:\/\/7culture.ci\/#\/schema\/person\/16150d28d7ef66ba788c1f87f28c4426\",\"name\":\"7culture2020\",\"image\":{\"@type\":\"ImageObject\",\"inLanguage\":\"fr-FR\",\"@id\":\"https:\/\/7culture.ci\/#\/schema\/person\/image\/\",\"url\":\"https:\/\/secure.gravatar.com\/avatar\/9a0784f951306c37bcd065f52844ef95?s=96&d=mm&r=g\",\"contentUrl\":\"https:\/\/secure.gravatar.com\/avatar\/9a0784f951306c37bcd065f52844ef95?s=96&d=mm&r=g\",\"caption\":\"7culture2020\"},\"sameAs\":[\"http:\/\/7culture.ci\",\"Claude.kipre\"],\"url\":\"https:\/\/7culture.ci\/index.php\/author\/7culture2020\/\"}]}<\/script>\n<!-- \/ Yoast SEO plugin. -->","yoast_head_json":{"title":"Parrainage\u00a0: YeS Sollicite la Premi\u00e8re dame -","robots":{"index":"index","follow":"follow","max-snippet":"max-snippet:-1","max-image-preview":"max-image-preview:large","max-video-preview":"max-video-preview:-1"},"canonical":"https:\/\/7culture.ci\/index.php\/2022\/10\/26\/parrainage-yes-sollicite-la-premiere-dame\/","og_locale":"fr_FR","og_type":"article","og_title":"Parrainage\u00a0: YeS Sollicite la Premi\u00e8re dame -","og_description":"La Premi\u00e8re Dame Dominique Ouattara a re\u00e7u en audience les c\u00e9l\u00e8bres artistes chanteurs Yod\u00e9 et Siro, le mardi 25 octobre 2022, \u00e0 son cabinet de Cocody. De leurs vrais noms Gervais Dali Dj\u00e9dj\u00e9 dit Yod\u00e9 et Sylvain Decavailles Aba dit Siro ont tenu \u00e0 venir solliciter l\u2019appui de la Premi\u00e8re Dame dans l\u2019organisation de la &hellip; Parrainage\u00a0: YeS Sollicite la Premi\u00e8re dame Lire la suite\u00a0\u00bb","og_url":"https:\/\/7culture.ci\/index.php\/2022\/10\/26\/parrainage-yes-sollicite-la-premiere-dame\/","og_site_name":"7culture","article_publisher":"https:\/\/www.facebook.com\/redchefclaude","article_published_time":"2022-10-26T15:22:27+00:00","article_modified_time":"2022-10-27T18:09:45+00:00","og_image":[{"width":960,"height":640,"url":"http:\/\/7culture.ci\/wp-content\/uploads\/2022\/10\/YeS-chez-D.O-251022.jpeg","type":"image\/jpeg"}],"author":"7culture2020","twitter_card":"summary_large_image","twitter_creator":"@7culturec","twitter_site":"@7culturec","twitter_misc":{"\u00c9crit par":"7culture2020","Dur\u00e9e de lecture estim\u00e9e":"1 minute"},"schema":{"@context":"https:\/\/schema.org","@graph":[{"@type":"Article","@id":"https:\/\/7culture.ci\/index.php\/2022\/10\/26\/parrainage-yes-sollicite-la-premiere-dame\/#article","isPartOf":{"@id":"https:\/\/7culture.ci\/index.php\/2022\/10\/26\/parrainage-yes-sollicite-la-premiere-dame\/"},"author":{"name":"7culture2020","@id":"https:\/\/7culture.ci\/#\/schema\/person\/16150d28d7ef66ba788c1f87f28c4426"},"headline":"Parrainage\u00a0: YeS Sollicite la Premi\u00e8re dame","datePublished":"2022-10-26T15:22:27+00:00","dateModified":"2022-10-27T18:09:45+00:00","mainEntityOfPage":{"@id":"https:\/\/7culture.ci\/index.php\/2022\/10\/26\/parrainage-yes-sollicite-la-premiere-dame\/"},"wordCount":247,"commentCount":0,"publisher":{"@id":"https:\/\/7culture.ci\/#organization"},"articleSection":["Actualit\u00e9"],"inLanguage":"fr-FR","potentialAction":[{"@type":"CommentAction","name":"Comment","target":["https:\/\/7culture.ci\/index.php\/2022\/10\/26\/parrainage-yes-sollicite-la-premiere-dame\/#respond"]}]},{"@type":"WebPage","@id":"https:\/\/7culture.ci\/index.php\/2022\/10\/26\/parrainage-yes-sollicite-la-premiere-dame\/","url":"https:\/\/7culture.ci\/index.php\/2022\/10\/26\/parrainage-yes-sollicite-la-premiere-dame\/","name":"Parrainage\u00a0: YeS Sollicite la Premi\u00e8re dame -","isPartOf":{"@id":"https:\/\/7culture.ci\/#website"},"datePublished":"2022-10-26T15:22:27+00:00","dateModified":"2022-10-27T18:09:45+00:00","breadcrumb":{"@id":"https:\/\/7culture.ci\/index.php\/2022\/10\/26\/parrainage-yes-sollicite-la-premiere-dame\/#breadcrumb"},"inLanguage":"fr-FR","potentialAction":[{"@type":"ReadAction","target":["https:\/\/7culture.ci\/index.php\/2022\/10\/26\/parrainage-yes-sollicite-la-premiere-dame\/"]}]},{"@type":"BreadcrumbList","@id":"https:\/\/7culture.ci\/index.php\/2022\/10\/26\/parrainage-yes-sollicite-la-premiere-dame\/#breadcrumb","itemListElement":[{"@type":"ListItem","position":1,"name":"Accueil","item":"https:\/\/7culture.ci\/"},{"@type":"ListItem","position":2,"name":"Parrainage\u00a0: YeS Sollicite la Premi\u00e8re dame"}]},{"@type":"WebSite","@id":"https:\/\/7culture.ci\/#website","url":"https:\/\/7culture.ci\/","name":"7culture","description":"Tout sur l&#039;actualit\u00e9","publisher":{"@id":"https:\/\/7culture.ci\/#organization"},"potentialAction":[{"@type":"SearchAction","target":{"@type":"EntryPoint","urlTemplate":"https:\/\/7culture.ci\/?s={search_term_string}"},"query-input":"required name=search_term_string"}],"inLanguage":"fr-FR"},{"@type":"Organization","@id":"https:\/\/7culture.ci\/#organization","name":"7culture","url":"https:\/\/7culture.ci\/","sameAs":["https:\/\/www.facebook.com\/redchefclaude","https:\/\/twitter.com\/7culturec"],"logo":{"@type":"ImageObject","inLanguage":"fr-FR","@id":"https:\/\/7culture.ci\/#\/schema\/logo\/image\/","url":"https:\/\/7culture.ci\/wp-content\/uploads\/2021\/12\/S1a-1.png","contentUrl":"https:\/\/7culture.ci\/wp-content\/uploads\/2021\/12\/S1a-1.png","width":588,"height":192,"caption":"7culture"},"image":{"@id":"https:\/\/7culture.ci\/#\/schema\/logo\/image\/"}},{"@type":"Person","@id":"https:\/\/7culture.ci\/#\/schema\/person\/16150d28d7ef66ba788c1f87f28c4426","name":"7culture2020","image":{"@type":"ImageObject","inLanguage":"fr-FR","@id":"https:\/\/7culture.ci\/#\/schema\/person\/image\/","url":"https:\/\/secure.gravatar.com\/avatar\/9a0784f951306c37bcd065f52844ef95?s=96&d=mm&r=g","contentUrl":"https:\/\/secure.gravatar.com\/avatar\/9a0784f951306c37bcd065f52844ef95?s=96&d=mm&r=g","caption":"7culture2020"},"sameAs":["http:\/\/7culture.ci","Claude.kipre"],"url":"https:\/\/7culture.ci\/index.php\/author\/7culture2020\/"}]}},"jetpack_featured_media_url":"https:\/\/7culture.ci\/wp-content\/uploads\/2022\/10\/YeS-chez-D.O-251022.jpeg","jetpack_likes_enabled":true,"jetpack_sharing_enabled":true,"_links":{"self":[{"href":"https:\/\/7culture.ci\/index.php\/wp-json\/wp\/v2\/posts\/24381"}],"collection":[{"href":"https:\/\/7culture.ci\/index.php\/wp-json\/wp\/v2\/posts"}],"about":[{"href":"https:\/\/7culture.ci\/index.php\/wp-json\/wp\/v2\/types\/post"}],"author":[{"embeddable":true,"href":"https:\/\/7culture.ci\/index.php\/wp-json\/wp\/v2\/users\/1"}],"replies":[{"embeddable":true,"href":"https:\/\/7culture.ci\/index.php\/wp-json\/wp\/v2\/comments?post=24381"}],"version-history":[{"count":0,"href":"https:\/\/7culture.ci\/index.php\/wp-json\/wp\/v2\/posts\/24381\/revisions"}],"wp:featuredmedia":[{"embeddable":true,"href":"https:\/\/7culture.ci\/index.php\/wp-json\/wp\/v2\/media\/24383"}],"wp:attachment":[{"href":"https:\/\/7culture.ci\/index.php\/wp-json\/wp\/v2\/media?parent=24381"}],"wp:term":[{"taxonomy":"category","embeddable":true,"href":"https:\/\/7culture.ci\/index.php\/wp-json\/wp\/v2\/categories?post=24381"},{"taxonomy":"post_tag","embeddable":true,"href":"https:\/\/7culture.ci\/index.php\/wp-json\/wp\/v2\/tags?post=24381"}],"curies":[{"name":"wp","href":"https:\/\/api.w.org\/{rel}","templated":true}]}}