{"id":24341,"date":"2022-10-21T15:17:17","date_gmt":"2022-10-21T15:17:17","guid":{"rendered":"https:\/\/7culture.ci\/?p=24341"},"modified":"2022-10-21T17:24:52","modified_gmt":"2022-10-21T17:24:52","slug":"foot-lafed-organise-un-tournoi-de-maracana-pour-la-bonne-cause","status":"publish","type":"post","link":"https:\/\/7culture.ci\/index.php\/2022\/10\/21\/foot-lafed-organise-un-tournoi-de-maracana-pour-la-bonne-cause\/","title":{"rendered":"Foot\u00a0: l\u2019AFED organise un tournoi de Maracana pour la bonne cause"},"content":{"rendered":"\n<p>D\u00e9nomm\u00e9e Tournoi Maracana-AFED, cette comp\u00e9tition sportive de football petits poteaux se d\u00e9roulera du 23 octobre au 27 novembre 2022 au complexe Agora de Koumassi \u00e0 Abidjan. Le programme complet de l\u2019\u00e9v\u00e8nement et les raisons de sa cr\u00e9ation, ont \u00e9t\u00e9 donn\u00e9s au cours d\u2019une conf\u00e9rence de presse tenue le mercredi 19 octobre \u00e0 Cocody II Plateaux Cit\u00e9 Versan. Le tournoi comprend 16 \u00e9quipes r\u00e9parties en quatre poules qui vont disputer la super coupe d\u2019une valeur de cinq millions (5.000.000) de FCFA pour le vainqueur. Le finaliste malheureux repartira avec la somme de deux millions de CFA. Et l\u2019\u00e9quipe class\u00e9e 3e, &nbsp;empochera un million de FCFA.<\/p>\n\n\n\n<p>En plus du football, le menu de la c\u00e9r\u00e9monie est enrichi par des performances artistiques. L\u2019organisation a institu\u00e9 des concours de prestations sc\u00e9niques pour d\u00e9tecter de jeunes talents. Les diff\u00e9rents vainqueurs dans les cat\u00e9gories zouglou, rap et couper-d\u00e9caler recevront chacun 100 mille FCFA et la r\u00e9alisation d\u2019une vid\u00e9o de la chanson victorieuse. La performance du meilleur jeune humoriste est salu\u00e9e par 150 mille FCFA.<\/p>\n\n\n\n<figure class=\"wp-block-image size-large is-resized\"><img loading=\"lazy\" decoding=\"async\" src=\"https:\/\/7culture.ci\/wp-content\/uploads\/2022\/10\/WhatsApp-Image-2022-10-19-at-16.43.13-1024x728.jpeg\" alt=\"\" class=\"wp-image-24344\" width=\"646\" height=\"460\" srcset=\"https:\/\/7culture.ci\/wp-content\/uploads\/2022\/10\/WhatsApp-Image-2022-10-19-at-16.43.13-1024x728.jpeg 1024w, https:\/\/7culture.ci\/wp-content\/uploads\/2022\/10\/WhatsApp-Image-2022-10-19-at-16.43.13-300x213.jpeg 300w, https:\/\/7culture.ci\/wp-content\/uploads\/2022\/10\/WhatsApp-Image-2022-10-19-at-16.43.13-768x546.jpeg 768w, https:\/\/7culture.ci\/wp-content\/uploads\/2022\/10\/WhatsApp-Image-2022-10-19-at-16.43.13.jpeg 1080w\" sizes=\"(max-width: 646px) 100vw, 646px\" \/><\/figure>\n\n\n\n<p>Le super Tournoi Maracana-AFED est organis\u00e9 dans le cadre du lancement officiel des activit\u00e9s de l\u2019ONG Aide aux Familles et Enfants D\u00e9munis (AFED). Cette association \u00e0 but non lucrative est n\u00e9e en 2021 par la volont\u00e9 des jeunes de Koumassi pour soutenir les couches sociales d\u00e9favoris\u00e9es de leur commune. \u00ab&nbsp;<strong><em>Notre but est de venir en aide aux familles et enfants d\u00e9munis afin de diminuer le taux de pauvret\u00e9 dans notre pays. Nous offrons des biens et services tels que des denr\u00e9es alimentaires, des prises en charge m\u00e9dicale et scolaire<\/em><\/strong>&nbsp;\u00bb, a expliqu\u00e9 Moussa Kon\u00e9, le pr\u00e9sident de l\u2019ONG AFED.<\/p>\n\n\n\n<figure class=\"wp-block-image aligncenter size-large is-resized\"><img loading=\"lazy\" decoding=\"async\" src=\"https:\/\/7culture.ci\/wp-content\/uploads\/2022\/10\/WhatsApp-Image-2022-10-19-at-16.43.13-1-1024x605.jpeg\" alt=\"\" class=\"wp-image-24345\" width=\"684\" height=\"404\" srcset=\"https:\/\/7culture.ci\/wp-content\/uploads\/2022\/10\/WhatsApp-Image-2022-10-19-at-16.43.13-1-1024x605.jpeg 1024w, https:\/\/7culture.ci\/wp-content\/uploads\/2022\/10\/WhatsApp-Image-2022-10-19-at-16.43.13-1-300x177.jpeg 300w, https:\/\/7culture.ci\/wp-content\/uploads\/2022\/10\/WhatsApp-Image-2022-10-19-at-16.43.13-1-768x454.jpeg 768w, https:\/\/7culture.ci\/wp-content\/uploads\/2022\/10\/WhatsApp-Image-2022-10-19-at-16.43.13-1.jpeg 1080w\" sizes=\"(max-width: 684px) 100vw, 684px\" \/><\/figure>\n\n\n\n<p>Bien avant l\u2019officialisation de ses activit\u00e9s ce dimanche 23 octobre au complexe l\u2019Agora, l\u2019AFED a d\u00e9j\u00e0 apport\u00e9 son soutien \u00e0 de nombreuses familles de la commune de Koumassi. Elle compte \u00e9tendre son assistance dans toute la C\u00f4te d\u2019Ivoire. Son tournoi de &nbsp;Maracana est donc le pr\u00e9texte tout trouv\u00e9 pour montrer la pertinence de son projet de secourisme aux populations en \u00e9tat de pr\u00e9carit\u00e9. L\u2019entr\u00e9e \u00e0 l\u2019\u00e9v\u00e8nement est payante et les b\u00e9n\u00e9fices r\u00e9alis\u00e9s serviront \u00e0 accroitre le nombre de familles \u00e0 assister.<\/p>\n\n\n\n<p>Par Omar AK<\/p>\n","protected":false},"excerpt":{"rendered":"<p>D\u00e9nomm\u00e9e Tournoi Maracana-AFED, cette comp\u00e9tition sportive de football petits poteaux se d\u00e9roulera du 23 octobre au 27 novembre 2022 au complexe Agora de Koumassi \u00e0 Abidjan. Le programme complet de l\u2019\u00e9v\u00e8nement et les raisons de sa cr\u00e9ation, ont \u00e9t\u00e9 donn\u00e9s au cours d\u2019une conf\u00e9rence de presse tenue le mercredi 19 octobre \u00e0 Cocody II Plateaux &hellip;<\/p>\n<p class=\"read-more\"> <a class=\"\" href=\"https:\/\/7culture.ci\/index.php\/2022\/10\/21\/foot-lafed-organise-un-tournoi-de-maracana-pour-la-bonne-cause\/\"> <span class=\"screen-reader-text\">Foot\u00a0: l\u2019AFED organise un tournoi de Maracana pour la bonne cause<\/span> Lire la suite\u00a0\u00bb<\/a><\/p>\n","protected":false},"author":1,"featured_media":24347,"comment_status":"open","ping_status":"open","sticky":false,"template":"","format":"standard","meta":{"_mi_skip_tracking":false,"_monsterinsights_sitenote_active":false,"_monsterinsights_sitenote_note":"","_monsterinsights_sitenote_category":0,"site-sidebar-layout":"default","site-content-layout":"default","ast-global-header-display":"","ast-main-header-display":"","ast-hfb-above-header-display":"","ast-hfb-below-header-display":"","ast-hfb-mobile-header-display":"","site-post-title":"","ast-breadcrumbs-content":"","ast-featured-img":"","footer-sml-layout":"","theme-transparent-header-meta":"","adv-header-id-meta":"","stick-header-meta":"","header-above-stick-meta":"","header-main-stick-meta":"","header-below-stick-meta":"","footnotes":"","jetpack_publicize_message":"","jetpack_is_tweetstorm":false,"jetpack_publicize_feature_enabled":true},"categories":[90],"tags":[],"jetpack_publicize_connections":[],"acf":[],"aioseo_notices":[],"yoast_head":"<!-- This site is optimized with the Yoast SEO plugin v19.6.1 - https:\/\/yoast.com\/wordpress\/plugins\/seo\/ -->\n<title>Foot\u00a0: l\u2019AFED organise un tournoi de Maracana pour la bonne cause -<\/title>\n<meta name=\"robots\" content=\"index, follow, max-snippet:-1, max-image-preview:large, max-video-preview:-1\" \/>\n<link rel=\"canonical\" href=\"https:\/\/7culture.ci\/index.php\/2022\/10\/21\/foot-lafed-organise-un-tournoi-de-maracana-pour-la-bonne-cause\/\" \/>\n<meta property=\"og:locale\" content=\"fr_FR\" \/>\n<meta property=\"og:type\" content=\"article\" \/>\n<meta property=\"og:title\" content=\"Foot\u00a0: l\u2019AFED organise un tournoi de Maracana pour la bonne cause -\" \/>\n<meta property=\"og:description\" content=\"D\u00e9nomm\u00e9e Tournoi Maracana-AFED, cette comp\u00e9tition sportive de football petits poteaux se d\u00e9roulera du 23 octobre au 27 novembre 2022 au complexe Agora de Koumassi \u00e0 Abidjan. Le programme complet de l\u2019\u00e9v\u00e8nement et les raisons de sa cr\u00e9ation, ont \u00e9t\u00e9 donn\u00e9s au cours d\u2019une conf\u00e9rence de presse tenue le mercredi 19 octobre \u00e0 Cocody II Plateaux &hellip; Foot\u00a0: l\u2019AFED organise un tournoi de Maracana pour la bonne cause Lire la suite\u00a0\u00bb\" \/>\n<meta property=\"og:url\" content=\"https:\/\/7culture.ci\/index.php\/2022\/10\/21\/foot-lafed-organise-un-tournoi-de-maracana-pour-la-bonne-cause\/\" \/>\n<meta property=\"og:site_name\" content=\"7culture\" \/>\n<meta property=\"article:publisher\" content=\"https:\/\/www.facebook.com\/redchefclaude\" \/>\n<meta property=\"article:published_time\" content=\"2022-10-21T15:17:17+00:00\" \/>\n<meta property=\"article:modified_time\" content=\"2022-10-21T17:24:52+00:00\" \/>\n<meta property=\"og:image\" content=\"http:\/\/7culture.ci\/wp-content\/uploads\/2022\/10\/WhatsApp-Image-2022-10-19-at-16.43.14-1.jpeg\" \/>\n\t<meta property=\"og:image:width\" content=\"782\" \/>\n\t<meta property=\"og:image:height\" content=\"484\" \/>\n\t<meta property=\"og:image:type\" content=\"image\/jpeg\" \/>\n<meta name=\"author\" content=\"7culture2020\" \/>\n<meta name=\"twitter:card\" content=\"summary_large_image\" \/>\n<meta name=\"twitter:creator\" content=\"@7culturec\" \/>\n<meta name=\"twitter:site\" content=\"@7culturec\" \/>\n<meta name=\"twitter:label1\" content=\"\u00c9crit par\" \/>\n\t<meta name=\"twitter:data1\" content=\"7culture2020\" \/>\n\t<meta name=\"twitter:label2\" content=\"Dur\u00e9e de lecture estim\u00e9e\" \/>\n\t<meta name=\"twitter:data2\" content=\"2 minutes\" \/>\n<script type=\"application\/ld+json\" class=\"yoast-schema-graph\">{\"@context\":\"https:\/\/schema.org\",\"@graph\":[{\"@type\":\"Article\",\"@id\":\"https:\/\/7culture.ci\/index.php\/2022\/10\/21\/foot-lafed-organise-un-tournoi-de-maracana-pour-la-bonne-cause\/#article\",\"isPartOf\":{\"@id\":\"https:\/\/7culture.ci\/index.php\/2022\/10\/21\/foot-lafed-organise-un-tournoi-de-maracana-pour-la-bonne-cause\/\"},\"author\":{\"name\":\"7culture2020\",\"@id\":\"https:\/\/7culture.ci\/#\/schema\/person\/16150d28d7ef66ba788c1f87f28c4426\"},\"headline\":\"Foot\u00a0: l\u2019AFED organise un tournoi de Maracana pour la bonne cause\",\"datePublished\":\"2022-10-21T15:17:17+00:00\",\"dateModified\":\"2022-10-21T17:24:52+00:00\",\"mainEntityOfPage\":{\"@id\":\"https:\/\/7culture.ci\/index.php\/2022\/10\/21\/foot-lafed-organise-un-tournoi-de-maracana-pour-la-bonne-cause\/\"},\"wordCount\":403,\"commentCount\":0,\"publisher\":{\"@id\":\"https:\/\/7culture.ci\/#organization\"},\"articleSection\":[\"Advice\"],\"inLanguage\":\"fr-FR\",\"potentialAction\":[{\"@type\":\"CommentAction\",\"name\":\"Comment\",\"target\":[\"https:\/\/7culture.ci\/index.php\/2022\/10\/21\/foot-lafed-organise-un-tournoi-de-maracana-pour-la-bonne-cause\/#respond\"]}]},{\"@type\":\"WebPage\",\"@id\":\"https:\/\/7culture.ci\/index.php\/2022\/10\/21\/foot-lafed-organise-un-tournoi-de-maracana-pour-la-bonne-cause\/\",\"url\":\"https:\/\/7culture.ci\/index.php\/2022\/10\/21\/foot-lafed-organise-un-tournoi-de-maracana-pour-la-bonne-cause\/\",\"name\":\"Foot\u00a0: l\u2019AFED organise un tournoi de Maracana pour la bonne cause -\",\"isPartOf\":{\"@id\":\"https:\/\/7culture.ci\/#website\"},\"datePublished\":\"2022-10-21T15:17:17+00:00\",\"dateModified\":\"2022-10-21T17:24:52+00:00\",\"breadcrumb\":{\"@id\":\"https:\/\/7culture.ci\/index.php\/2022\/10\/21\/foot-lafed-organise-un-tournoi-de-maracana-pour-la-bonne-cause\/#breadcrumb\"},\"inLanguage\":\"fr-FR\",\"potentialAction\":[{\"@type\":\"ReadAction\",\"target\":[\"https:\/\/7culture.ci\/index.php\/2022\/10\/21\/foot-lafed-organise-un-tournoi-de-maracana-pour-la-bonne-cause\/\"]}]},{\"@type\":\"BreadcrumbList\",\"@id\":\"https:\/\/7culture.ci\/index.php\/2022\/10\/21\/foot-lafed-organise-un-tournoi-de-maracana-pour-la-bonne-cause\/#breadcrumb\",\"itemListElement\":[{\"@type\":\"ListItem\",\"position\":1,\"name\":\"Accueil\",\"item\":\"https:\/\/7culture.ci\/\"},{\"@type\":\"ListItem\",\"position\":2,\"name\":\"Foot\u00a0: l\u2019AFED organise un tournoi de Maracana pour la bonne cause\"}]},{\"@type\":\"WebSite\",\"@id\":\"https:\/\/7culture.ci\/#website\",\"url\":\"https:\/\/7culture.ci\/\",\"name\":\"7culture\",\"description\":\"Tout sur l&#039;actualit\u00e9\",\"publisher\":{\"@id\":\"https:\/\/7culture.ci\/#organization\"},\"potentialAction\":[{\"@type\":\"SearchAction\",\"target\":{\"@type\":\"EntryPoint\",\"urlTemplate\":\"https:\/\/7culture.ci\/?s={search_term_string}\"},\"query-input\":\"required name=search_term_string\"}],\"inLanguage\":\"fr-FR\"},{\"@type\":\"Organization\",\"@id\":\"https:\/\/7culture.ci\/#organization\",\"name\":\"7culture\",\"url\":\"https:\/\/7culture.ci\/\",\"sameAs\":[\"https:\/\/www.facebook.com\/redchefclaude\",\"https:\/\/twitter.com\/7culturec\"],\"logo\":{\"@type\":\"ImageObject\",\"inLanguage\":\"fr-FR\",\"@id\":\"https:\/\/7culture.ci\/#\/schema\/logo\/image\/\",\"url\":\"https:\/\/7culture.ci\/wp-content\/uploads\/2021\/12\/S1a-1.png\",\"contentUrl\":\"https:\/\/7culture.ci\/wp-content\/uploads\/2021\/12\/S1a-1.png\",\"width\":588,\"height\":192,\"caption\":\"7culture\"},\"image\":{\"@id\":\"https:\/\/7culture.ci\/#\/schema\/logo\/image\/\"}},{\"@type\":\"Person\",\"@id\":\"https:\/\/7culture.ci\/#\/schema\/person\/16150d28d7ef66ba788c1f87f28c4426\",\"name\":\"7culture2020\",\"image\":{\"@type\":\"ImageObject\",\"inLanguage\":\"fr-FR\",\"@id\":\"https:\/\/7culture.ci\/#\/schema\/person\/image\/\",\"url\":\"https:\/\/secure.gravatar.com\/avatar\/9a0784f951306c37bcd065f52844ef95?s=96&d=mm&r=g\",\"contentUrl\":\"https:\/\/secure.gravatar.com\/avatar\/9a0784f951306c37bcd065f52844ef95?s=96&d=mm&r=g\",\"caption\":\"7culture2020\"},\"sameAs\":[\"http:\/\/7culture.ci\",\"Claude.kipre\"],\"url\":\"https:\/\/7culture.ci\/index.php\/author\/7culture2020\/\"}]}<\/script>\n<!-- \/ Yoast SEO plugin. -->","yoast_head_json":{"title":"Foot\u00a0: l\u2019AFED organise un tournoi de Maracana pour la bonne cause -","robots":{"index":"index","follow":"follow","max-snippet":"max-snippet:-1","max-image-preview":"max-image-preview:large","max-video-preview":"max-video-preview:-1"},"canonical":"https:\/\/7culture.ci\/index.php\/2022\/10\/21\/foot-lafed-organise-un-tournoi-de-maracana-pour-la-bonne-cause\/","og_locale":"fr_FR","og_type":"article","og_title":"Foot\u00a0: l\u2019AFED organise un tournoi de Maracana pour la bonne cause -","og_description":"D\u00e9nomm\u00e9e Tournoi Maracana-AFED, cette comp\u00e9tition sportive de football petits poteaux se d\u00e9roulera du 23 octobre au 27 novembre 2022 au complexe Agora de Koumassi \u00e0 Abidjan. Le programme complet de l\u2019\u00e9v\u00e8nement et les raisons de sa cr\u00e9ation, ont \u00e9t\u00e9 donn\u00e9s au cours d\u2019une conf\u00e9rence de presse tenue le mercredi 19 octobre \u00e0 Cocody II Plateaux &hellip; Foot\u00a0: l\u2019AFED organise un tournoi de Maracana pour la bonne cause Lire la suite\u00a0\u00bb","og_url":"https:\/\/7culture.ci\/index.php\/2022\/10\/21\/foot-lafed-organise-un-tournoi-de-maracana-pour-la-bonne-cause\/","og_site_name":"7culture","article_publisher":"https:\/\/www.facebook.com\/redchefclaude","article_published_time":"2022-10-21T15:17:17+00:00","article_modified_time":"2022-10-21T17:24:52+00:00","og_image":[{"width":782,"height":484,"url":"http:\/\/7culture.ci\/wp-content\/uploads\/2022\/10\/WhatsApp-Image-2022-10-19-at-16.43.14-1.jpeg","type":"image\/jpeg"}],"author":"7culture2020","twitter_card":"summary_large_image","twitter_creator":"@7culturec","twitter_site":"@7culturec","twitter_misc":{"\u00c9crit par":"7culture2020","Dur\u00e9e de lecture estim\u00e9e":"2 minutes"},"schema":{"@context":"https:\/\/schema.org","@graph":[{"@type":"Article","@id":"https:\/\/7culture.ci\/index.php\/2022\/10\/21\/foot-lafed-organise-un-tournoi-de-maracana-pour-la-bonne-cause\/#article","isPartOf":{"@id":"https:\/\/7culture.ci\/index.php\/2022\/10\/21\/foot-lafed-organise-un-tournoi-de-maracana-pour-la-bonne-cause\/"},"author":{"name":"7culture2020","@id":"https:\/\/7culture.ci\/#\/schema\/person\/16150d28d7ef66ba788c1f87f28c4426"},"headline":"Foot\u00a0: l\u2019AFED organise un tournoi de Maracana pour la bonne cause","datePublished":"2022-10-21T15:17:17+00:00","dateModified":"2022-10-21T17:24:52+00:00","mainEntityOfPage":{"@id":"https:\/\/7culture.ci\/index.php\/2022\/10\/21\/foot-lafed-organise-un-tournoi-de-maracana-pour-la-bonne-cause\/"},"wordCount":403,"commentCount":0,"publisher":{"@id":"https:\/\/7culture.ci\/#organization"},"articleSection":["Advice"],"inLanguage":"fr-FR","potentialAction":[{"@type":"CommentAction","name":"Comment","target":["https:\/\/7culture.ci\/index.php\/2022\/10\/21\/foot-lafed-organise-un-tournoi-de-maracana-pour-la-bonne-cause\/#respond"]}]},{"@type":"WebPage","@id":"https:\/\/7culture.ci\/index.php\/2022\/10\/21\/foot-lafed-organise-un-tournoi-de-maracana-pour-la-bonne-cause\/","url":"https:\/\/7culture.ci\/index.php\/2022\/10\/21\/foot-lafed-organise-un-tournoi-de-maracana-pour-la-bonne-cause\/","name":"Foot\u00a0: l\u2019AFED organise un tournoi de Maracana pour la bonne cause -","isPartOf":{"@id":"https:\/\/7culture.ci\/#website"},"datePublished":"2022-10-21T15:17:17+00:00","dateModified":"2022-10-21T17:24:52+00:00","breadcrumb":{"@id":"https:\/\/7culture.ci\/index.php\/2022\/10\/21\/foot-lafed-organise-un-tournoi-de-maracana-pour-la-bonne-cause\/#breadcrumb"},"inLanguage":"fr-FR","potentialAction":[{"@type":"ReadAction","target":["https:\/\/7culture.ci\/index.php\/2022\/10\/21\/foot-lafed-organise-un-tournoi-de-maracana-pour-la-bonne-cause\/"]}]},{"@type":"BreadcrumbList","@id":"https:\/\/7culture.ci\/index.php\/2022\/10\/21\/foot-lafed-organise-un-tournoi-de-maracana-pour-la-bonne-cause\/#breadcrumb","itemListElement":[{"@type":"ListItem","position":1,"name":"Accueil","item":"https:\/\/7culture.ci\/"},{"@type":"ListItem","position":2,"name":"Foot\u00a0: l\u2019AFED organise un tournoi de Maracana pour la bonne cause"}]},{"@type":"WebSite","@id":"https:\/\/7culture.ci\/#website","url":"https:\/\/7culture.ci\/","name":"7culture","description":"Tout sur l&#039;actualit\u00e9","publisher":{"@id":"https:\/\/7culture.ci\/#organization"},"potentialAction":[{"@type":"SearchAction","target":{"@type":"EntryPoint","urlTemplate":"https:\/\/7culture.ci\/?s={search_term_string}"},"query-input":"required name=search_term_string"}],"inLanguage":"fr-FR"},{"@type":"Organization","@id":"https:\/\/7culture.ci\/#organization","name":"7culture","url":"https:\/\/7culture.ci\/","sameAs":["https:\/\/www.facebook.com\/redchefclaude","https:\/\/twitter.com\/7culturec"],"logo":{"@type":"ImageObject","inLanguage":"fr-FR","@id":"https:\/\/7culture.ci\/#\/schema\/logo\/image\/","url":"https:\/\/7culture.ci\/wp-content\/uploads\/2021\/12\/S1a-1.png","contentUrl":"https:\/\/7culture.ci\/wp-content\/uploads\/2021\/12\/S1a-1.png","width":588,"height":192,"caption":"7culture"},"image":{"@id":"https:\/\/7culture.ci\/#\/schema\/logo\/image\/"}},{"@type":"Person","@id":"https:\/\/7culture.ci\/#\/schema\/person\/16150d28d7ef66ba788c1f87f28c4426","name":"7culture2020","image":{"@type":"ImageObject","inLanguage":"fr-FR","@id":"https:\/\/7culture.ci\/#\/schema\/person\/image\/","url":"https:\/\/secure.gravatar.com\/avatar\/9a0784f951306c37bcd065f52844ef95?s=96&d=mm&r=g","contentUrl":"https:\/\/secure.gravatar.com\/avatar\/9a0784f951306c37bcd065f52844ef95?s=96&d=mm&r=g","caption":"7culture2020"},"sameAs":["http:\/\/7culture.ci","Claude.kipre"],"url":"https:\/\/7culture.ci\/index.php\/author\/7culture2020\/"}]}},"jetpack_featured_media_url":"https:\/\/7culture.ci\/wp-content\/uploads\/2022\/10\/WhatsApp-Image-2022-10-19-at-16.43.14-1.jpeg","jetpack_likes_enabled":true,"jetpack_sharing_enabled":true,"_links":{"self":[{"href":"https:\/\/7culture.ci\/index.php\/wp-json\/wp\/v2\/posts\/24341"}],"collection":[{"href":"https:\/\/7culture.ci\/index.php\/wp-json\/wp\/v2\/posts"}],"about":[{"href":"https:\/\/7culture.ci\/index.php\/wp-json\/wp\/v2\/types\/post"}],"author":[{"embeddable":true,"href":"https:\/\/7culture.ci\/index.php\/wp-json\/wp\/v2\/users\/1"}],"replies":[{"embeddable":true,"href":"https:\/\/7culture.ci\/index.php\/wp-json\/wp\/v2\/comments?post=24341"}],"version-history":[{"count":0,"href":"https:\/\/7culture.ci\/index.php\/wp-json\/wp\/v2\/posts\/24341\/revisions"}],"wp:featuredmedia":[{"embeddable":true,"href":"https:\/\/7culture.ci\/index.php\/wp-json\/wp\/v2\/media\/24347"}],"wp:attachment":[{"href":"https:\/\/7culture.ci\/index.php\/wp-json\/wp\/v2\/media?parent=24341"}],"wp:term":[{"taxonomy":"category","embeddable":true,"href":"https:\/\/7culture.ci\/index.php\/wp-json\/wp\/v2\/categories?post=24341"},{"taxonomy":"post_tag","embeddable":true,"href":"https:\/\/7culture.ci\/index.php\/wp-json\/wp\/v2\/tags?post=24341"}],"curies":[{"name":"wp","href":"https:\/\/api.w.org\/{rel}","templated":true}]}}