{"id":24313,"date":"2022-10-17T15:12:35","date_gmt":"2022-10-17T15:12:35","guid":{"rendered":"https:\/\/7culture.ci\/?p=24313"},"modified":"2022-10-17T15:12:38","modified_gmt":"2022-10-17T15:12:38","slug":"show-biz-des-acteurs-culturels-ivoiriens-distingues","status":"publish","type":"post","link":"https:\/\/7culture.ci\/index.php\/2022\/10\/17\/show-biz-des-acteurs-culturels-ivoiriens-distingues\/","title":{"rendered":"Show-biz : des acteurs culturels ivoiriens distingu\u00e9s"},"content":{"rendered":"\n<p>Organis\u00e9e par Kouriol Yao, PDG de KYZ Production et Yakou de Bingerville, PDG de Y2B PROD, la c\u00e9r\u00e9monie de remise de distinction des acteurs culturels ivoiriens s\u2019est tenue le vendredi 14 octobre dernier \u00e0 la Biblioth\u00e8que nationale du Plateau \u00e0 Abidjan. Au cours cette c\u00e9r\u00e9monie, &nbsp;de nombreuses personnalit\u00e9s &nbsp;du monde de la culture tels que des arrangeurs, des producteurs, des promoteurs de spectacle, des journalistes culturels et bien d\u2019autres entit\u00e9s ont \u00e9t\u00e9 distingu\u00e9s gr\u00e2ce \u00e0 leur soutien sans rel\u00e2che, leur implication et leurs efforts inlassables \u00e0 promouvoir la culture en g\u00e9n\u00e9ral et en particulier pour la musique ivoirienne.<\/p>\n\n\n\n<figure class=\"wp-block-gallery has-nested-images columns-default is-cropped wp-block-gallery-1 is-layout-flex wp-block-gallery-is-layout-flex\">\n<figure class=\"wp-block-image size-large\"><img loading=\"lazy\" decoding=\"async\" width=\"720\" height=\"480\" data-id=\"24316\" src=\"https:\/\/7culture.ci\/wp-content\/uploads\/2022\/10\/WhatsApp-Image-2022-10-17-at-12.48.55-1.jpeg\" alt=\"\" class=\"wp-image-24316\" srcset=\"https:\/\/7culture.ci\/wp-content\/uploads\/2022\/10\/WhatsApp-Image-2022-10-17-at-12.48.55-1.jpeg 720w, https:\/\/7culture.ci\/wp-content\/uploads\/2022\/10\/WhatsApp-Image-2022-10-17-at-12.48.55-1-300x200.jpeg 300w\" sizes=\"(max-width: 720px) 100vw, 720px\" \/><\/figure>\n\n\n\n<figure class=\"wp-block-image size-large\"><img loading=\"lazy\" decoding=\"async\" width=\"530\" height=\"480\" data-id=\"24317\" src=\"https:\/\/7culture.ci\/wp-content\/uploads\/2022\/10\/WhatsApp-Image-2022-10-17-at-12.48.55-2.jpeg\" alt=\"\" class=\"wp-image-24317\" srcset=\"https:\/\/7culture.ci\/wp-content\/uploads\/2022\/10\/WhatsApp-Image-2022-10-17-at-12.48.55-2.jpeg 530w, https:\/\/7culture.ci\/wp-content\/uploads\/2022\/10\/WhatsApp-Image-2022-10-17-at-12.48.55-2-300x272.jpeg 300w\" sizes=\"(max-width: 530px) 100vw, 530px\" \/><\/figure>\n\n\n\n<figure class=\"wp-block-image size-large\"><img loading=\"lazy\" decoding=\"async\" width=\"720\" height=\"480\" data-id=\"24318\" src=\"https:\/\/7culture.ci\/wp-content\/uploads\/2022\/10\/WhatsApp-Image-2022-10-17-at-12.48.57-2.jpeg\" alt=\"\" class=\"wp-image-24318\" srcset=\"https:\/\/7culture.ci\/wp-content\/uploads\/2022\/10\/WhatsApp-Image-2022-10-17-at-12.48.57-2.jpeg 720w, https:\/\/7culture.ci\/wp-content\/uploads\/2022\/10\/WhatsApp-Image-2022-10-17-at-12.48.57-2-300x200.jpeg 300w\" sizes=\"(max-width: 720px) 100vw, 720px\" \/><\/figure>\n<\/figure>\n\n\n\n<p>C\u00f4t\u00e9 m\u00e9dias, les heureux laur\u00e9ats sont Yves Zogbo Junior, Barth\u00e9lemy Inabo Zouzoua, \u00c9ric Cossa, Georges Abok\u00e9, Claude Tamo, Claude Dass\u00e9, Moses Djinko, John Jay, Tonton Bouba\u2026 Dans la cat\u00e9gorie des promoteurs-producteurs, on retrouve Claude Bassol\u00e9, Constant Anagonou, Angelo Kabila et Aim\u00e9 z\u00e9bi\u00e9. Les musicien-arrangeurs comme David Tayorault, Athanase Koudou, Olivier Bl\u00e9 et Honor\u00e9 Kakou ont aussi re\u00e7u des troph\u00e9es pour leur contribution \u00e0 l\u2019\u00e9closion du zouglou. Les groupes Magic System et Les Patrons, et le manager d\u2019artistes Yannick Rossi faisaient \u00e9galement partie des personnalit\u00e9s prim\u00e9es. Il en a \u00e9t\u00e9 de m\u00eame de certaines institutions comme le minist\u00e8re de la culture et la francophonie, le minist\u00e8re de la jeunesse, l\u2019ambassade et le Consulat de France en C\u00f4te d\u2019Ivoire, le Burida&#8230;<\/p>\n\n\n\n<figure class=\"wp-block-gallery has-nested-images columns-default is-cropped wp-block-gallery-2 is-layout-flex wp-block-gallery-is-layout-flex\">\n<figure class=\"wp-block-image size-large\"><img loading=\"lazy\" decoding=\"async\" width=\"530\" height=\"480\" data-id=\"24321\" src=\"https:\/\/7culture.ci\/wp-content\/uploads\/2022\/10\/WhatsApp-Image-2022-10-17-at-12.48.55-2-1.jpeg\" alt=\"\" class=\"wp-image-24321\" srcset=\"https:\/\/7culture.ci\/wp-content\/uploads\/2022\/10\/WhatsApp-Image-2022-10-17-at-12.48.55-2-1.jpeg 530w, https:\/\/7culture.ci\/wp-content\/uploads\/2022\/10\/WhatsApp-Image-2022-10-17-at-12.48.55-2-1-300x272.jpeg 300w\" sizes=\"(max-width: 530px) 100vw, 530px\" \/><\/figure>\n\n\n\n<figure class=\"wp-block-image size-large\"><img loading=\"lazy\" decoding=\"async\" width=\"720\" height=\"480\" data-id=\"24319\" src=\"https:\/\/7culture.ci\/wp-content\/uploads\/2022\/10\/WhatsApp-Image-2022-10-17-at-12.48.56-2.jpeg\" alt=\"\" class=\"wp-image-24319\" srcset=\"https:\/\/7culture.ci\/wp-content\/uploads\/2022\/10\/WhatsApp-Image-2022-10-17-at-12.48.56-2.jpeg 720w, https:\/\/7culture.ci\/wp-content\/uploads\/2022\/10\/WhatsApp-Image-2022-10-17-at-12.48.56-2-300x200.jpeg 300w\" sizes=\"(max-width: 720px) 100vw, 720px\" \/><\/figure>\n\n\n\n<figure class=\"wp-block-image size-large\"><img loading=\"lazy\" decoding=\"async\" width=\"720\" height=\"480\" data-id=\"24320\" src=\"https:\/\/7culture.ci\/wp-content\/uploads\/2022\/10\/WhatsApp-Image-2022-10-17-at-12.48.56.jpeg\" alt=\"\" class=\"wp-image-24320\" srcset=\"https:\/\/7culture.ci\/wp-content\/uploads\/2022\/10\/WhatsApp-Image-2022-10-17-at-12.48.56.jpeg 720w, https:\/\/7culture.ci\/wp-content\/uploads\/2022\/10\/WhatsApp-Image-2022-10-17-at-12.48.56-300x200.jpeg 300w\" sizes=\"(max-width: 720px) 100vw, 720px\" \/><\/figure>\n<\/figure>\n\n\n\n<p>Les initiateurs de cette c\u00e9r\u00e9monie de remise de distinction sont les deux jeunes Ivoiriens qui avaient pilot\u00e9 le \u2018\u2019Z\u00e9nith de la C\u00f4te d\u2019Ivoire\u2019\u2019 \u00e0 Paris le 10 septembre dernier avec le groupe zouglou Les Patrons comme t\u00eate d\u2019affiche.<\/p>\n\n\n\n<figure class=\"wp-block-gallery has-nested-images columns-default is-cropped wp-block-gallery-3 is-layout-flex wp-block-gallery-is-layout-flex\">\n<figure class=\"wp-block-image size-large\"><img loading=\"lazy\" decoding=\"async\" width=\"720\" height=\"480\" data-id=\"24322\" src=\"https:\/\/7culture.ci\/wp-content\/uploads\/2022\/10\/WhatsApp-Image-2022-10-17-at-12.48.57-1.jpeg\" alt=\"\" class=\"wp-image-24322\" srcset=\"https:\/\/7culture.ci\/wp-content\/uploads\/2022\/10\/WhatsApp-Image-2022-10-17-at-12.48.57-1.jpeg 720w, https:\/\/7culture.ci\/wp-content\/uploads\/2022\/10\/WhatsApp-Image-2022-10-17-at-12.48.57-1-300x200.jpeg 300w\" sizes=\"(max-width: 720px) 100vw, 720px\" \/><\/figure>\n\n\n\n<figure class=\"wp-block-image size-large\"><img loading=\"lazy\" decoding=\"async\" width=\"720\" height=\"480\" data-id=\"24324\" src=\"https:\/\/7culture.ci\/wp-content\/uploads\/2022\/10\/WhatsApp-Image-2022-10-17-at-12.48.57.jpeg\" alt=\"\" class=\"wp-image-24324\" srcset=\"https:\/\/7culture.ci\/wp-content\/uploads\/2022\/10\/WhatsApp-Image-2022-10-17-at-12.48.57.jpeg 720w, https:\/\/7culture.ci\/wp-content\/uploads\/2022\/10\/WhatsApp-Image-2022-10-17-at-12.48.57-300x200.jpeg 300w\" sizes=\"(max-width: 720px) 100vw, 720px\" \/><\/figure>\n\n\n\n<figure class=\"wp-block-image size-large\"><img loading=\"lazy\" decoding=\"async\" width=\"720\" height=\"480\" data-id=\"24323\" src=\"https:\/\/7culture.ci\/wp-content\/uploads\/2022\/10\/WhatsApp-Image-2022-10-17-at-12.48.58.jpeg\" alt=\"\" class=\"wp-image-24323\" srcset=\"https:\/\/7culture.ci\/wp-content\/uploads\/2022\/10\/WhatsApp-Image-2022-10-17-at-12.48.58.jpeg 720w, https:\/\/7culture.ci\/wp-content\/uploads\/2022\/10\/WhatsApp-Image-2022-10-17-at-12.48.58-300x200.jpeg 300w\" sizes=\"(max-width: 720px) 100vw, 720px\" \/><\/figure>\n<\/figure>\n\n\n\n<p>Par Gilles Bellem Koabga (stagiaire)<\/p>\n","protected":false},"excerpt":{"rendered":"<p>Organis\u00e9e par Kouriol Yao, PDG de KYZ Production et Yakou de Bingerville, PDG de Y2B PROD, la c\u00e9r\u00e9monie de remise de distinction des acteurs culturels ivoiriens s\u2019est tenue le vendredi 14 octobre dernier \u00e0 la Biblioth\u00e8que nationale du Plateau \u00e0 Abidjan. Au cours cette c\u00e9r\u00e9monie, &nbsp;de nombreuses personnalit\u00e9s &nbsp;du monde de la culture tels que &hellip;<\/p>\n<p class=\"read-more\"> <a class=\"\" href=\"https:\/\/7culture.ci\/index.php\/2022\/10\/17\/show-biz-des-acteurs-culturels-ivoiriens-distingues\/\"> <span class=\"screen-reader-text\">Show-biz : des acteurs culturels ivoiriens distingu\u00e9s<\/span> Lire la suite\u00a0\u00bb<\/a><\/p>\n","protected":false},"author":1,"featured_media":24315,"comment_status":"open","ping_status":"open","sticky":false,"template":"","format":"standard","meta":{"_mi_skip_tracking":false,"_monsterinsights_sitenote_active":false,"_monsterinsights_sitenote_note":"","_monsterinsights_sitenote_category":0,"site-sidebar-layout":"default","site-content-layout":"default","ast-global-header-display":"","ast-main-header-display":"","ast-hfb-above-header-display":"","ast-hfb-below-header-display":"","ast-hfb-mobile-header-display":"","site-post-title":"","ast-breadcrumbs-content":"","ast-featured-img":"","footer-sml-layout":"","theme-transparent-header-meta":"","adv-header-id-meta":"","stick-header-meta":"","header-above-stick-meta":"","header-main-stick-meta":"","header-below-stick-meta":"","footnotes":"","jetpack_publicize_message":"","jetpack_is_tweetstorm":false,"jetpack_publicize_feature_enabled":true},"categories":[22],"tags":[],"jetpack_publicize_connections":[],"acf":[],"aioseo_notices":[],"yoast_head":"<!-- This site is optimized with the Yoast SEO plugin v19.6.1 - https:\/\/yoast.com\/wordpress\/plugins\/seo\/ -->\n<title>Show-biz : des acteurs culturels ivoiriens distingu\u00e9s -<\/title>\n<meta name=\"robots\" content=\"index, follow, max-snippet:-1, max-image-preview:large, max-video-preview:-1\" \/>\n<link rel=\"canonical\" href=\"https:\/\/7culture.ci\/index.php\/2022\/10\/17\/show-biz-des-acteurs-culturels-ivoiriens-distingues\/\" \/>\n<meta property=\"og:locale\" content=\"fr_FR\" \/>\n<meta property=\"og:type\" content=\"article\" \/>\n<meta property=\"og:title\" content=\"Show-biz : des acteurs culturels ivoiriens distingu\u00e9s -\" \/>\n<meta property=\"og:description\" content=\"Organis\u00e9e par Kouriol Yao, PDG de KYZ Production et Yakou de Bingerville, PDG de Y2B PROD, la c\u00e9r\u00e9monie de remise de distinction des acteurs culturels ivoiriens s\u2019est tenue le vendredi 14 octobre dernier \u00e0 la Biblioth\u00e8que nationale du Plateau \u00e0 Abidjan. Au cours cette c\u00e9r\u00e9monie, &nbsp;de nombreuses personnalit\u00e9s &nbsp;du monde de la culture tels que &hellip; Show-biz : des acteurs culturels ivoiriens distingu\u00e9s Lire la suite\u00a0\u00bb\" \/>\n<meta property=\"og:url\" content=\"https:\/\/7culture.ci\/index.php\/2022\/10\/17\/show-biz-des-acteurs-culturels-ivoiriens-distingues\/\" \/>\n<meta property=\"og:site_name\" content=\"7culture\" \/>\n<meta property=\"article:publisher\" content=\"https:\/\/www.facebook.com\/redchefclaude\" \/>\n<meta property=\"article:published_time\" content=\"2022-10-17T15:12:35+00:00\" \/>\n<meta property=\"article:modified_time\" content=\"2022-10-17T15:12:38+00:00\" \/>\n<meta property=\"og:image\" content=\"http:\/\/7culture.ci\/wp-content\/uploads\/2022\/10\/WhatsApp-Image-2022-10-17-at-12.48.56-1.jpeg\" \/>\n\t<meta property=\"og:image:width\" content=\"720\" \/>\n\t<meta property=\"og:image:height\" content=\"480\" \/>\n\t<meta property=\"og:image:type\" content=\"image\/jpeg\" \/>\n<meta name=\"author\" content=\"7culture2020\" \/>\n<meta name=\"twitter:card\" content=\"summary_large_image\" \/>\n<meta name=\"twitter:creator\" content=\"@7culturec\" \/>\n<meta name=\"twitter:site\" content=\"@7culturec\" \/>\n<meta name=\"twitter:label1\" content=\"\u00c9crit par\" \/>\n\t<meta name=\"twitter:data1\" content=\"7culture2020\" \/>\n\t<meta name=\"twitter:label2\" content=\"Dur\u00e9e de lecture estim\u00e9e\" \/>\n\t<meta name=\"twitter:data2\" content=\"1 minute\" \/>\n<script type=\"application\/ld+json\" class=\"yoast-schema-graph\">{\"@context\":\"https:\/\/schema.org\",\"@graph\":[{\"@type\":\"Article\",\"@id\":\"https:\/\/7culture.ci\/index.php\/2022\/10\/17\/show-biz-des-acteurs-culturels-ivoiriens-distingues\/#article\",\"isPartOf\":{\"@id\":\"https:\/\/7culture.ci\/index.php\/2022\/10\/17\/show-biz-des-acteurs-culturels-ivoiriens-distingues\/\"},\"author\":{\"name\":\"7culture2020\",\"@id\":\"https:\/\/7culture.ci\/#\/schema\/person\/16150d28d7ef66ba788c1f87f28c4426\"},\"headline\":\"Show-biz : des acteurs culturels ivoiriens distingu\u00e9s\",\"datePublished\":\"2022-10-17T15:12:35+00:00\",\"dateModified\":\"2022-10-17T15:12:38+00:00\",\"mainEntityOfPage\":{\"@id\":\"https:\/\/7culture.ci\/index.php\/2022\/10\/17\/show-biz-des-acteurs-culturels-ivoiriens-distingues\/\"},\"wordCount\":302,\"commentCount\":0,\"publisher\":{\"@id\":\"https:\/\/7culture.ci\/#organization\"},\"articleSection\":[\"Actualit\u00e9\"],\"inLanguage\":\"fr-FR\",\"potentialAction\":[{\"@type\":\"CommentAction\",\"name\":\"Comment\",\"target\":[\"https:\/\/7culture.ci\/index.php\/2022\/10\/17\/show-biz-des-acteurs-culturels-ivoiriens-distingues\/#respond\"]}]},{\"@type\":\"WebPage\",\"@id\":\"https:\/\/7culture.ci\/index.php\/2022\/10\/17\/show-biz-des-acteurs-culturels-ivoiriens-distingues\/\",\"url\":\"https:\/\/7culture.ci\/index.php\/2022\/10\/17\/show-biz-des-acteurs-culturels-ivoiriens-distingues\/\",\"name\":\"Show-biz : des acteurs culturels ivoiriens distingu\u00e9s -\",\"isPartOf\":{\"@id\":\"https:\/\/7culture.ci\/#website\"},\"datePublished\":\"2022-10-17T15:12:35+00:00\",\"dateModified\":\"2022-10-17T15:12:38+00:00\",\"breadcrumb\":{\"@id\":\"https:\/\/7culture.ci\/index.php\/2022\/10\/17\/show-biz-des-acteurs-culturels-ivoiriens-distingues\/#breadcrumb\"},\"inLanguage\":\"fr-FR\",\"potentialAction\":[{\"@type\":\"ReadAction\",\"target\":[\"https:\/\/7culture.ci\/index.php\/2022\/10\/17\/show-biz-des-acteurs-culturels-ivoiriens-distingues\/\"]}]},{\"@type\":\"BreadcrumbList\",\"@id\":\"https:\/\/7culture.ci\/index.php\/2022\/10\/17\/show-biz-des-acteurs-culturels-ivoiriens-distingues\/#breadcrumb\",\"itemListElement\":[{\"@type\":\"ListItem\",\"position\":1,\"name\":\"Accueil\",\"item\":\"https:\/\/7culture.ci\/\"},{\"@type\":\"ListItem\",\"position\":2,\"name\":\"Show-biz : des acteurs culturels ivoiriens distingu\u00e9s\"}]},{\"@type\":\"WebSite\",\"@id\":\"https:\/\/7culture.ci\/#website\",\"url\":\"https:\/\/7culture.ci\/\",\"name\":\"7culture\",\"description\":\"Tout sur l&#039;actualit\u00e9\",\"publisher\":{\"@id\":\"https:\/\/7culture.ci\/#organization\"},\"potentialAction\":[{\"@type\":\"SearchAction\",\"target\":{\"@type\":\"EntryPoint\",\"urlTemplate\":\"https:\/\/7culture.ci\/?s={search_term_string}\"},\"query-input\":\"required name=search_term_string\"}],\"inLanguage\":\"fr-FR\"},{\"@type\":\"Organization\",\"@id\":\"https:\/\/7culture.ci\/#organization\",\"name\":\"7culture\",\"url\":\"https:\/\/7culture.ci\/\",\"sameAs\":[\"https:\/\/www.facebook.com\/redchefclaude\",\"https:\/\/twitter.com\/7culturec\"],\"logo\":{\"@type\":\"ImageObject\",\"inLanguage\":\"fr-FR\",\"@id\":\"https:\/\/7culture.ci\/#\/schema\/logo\/image\/\",\"url\":\"https:\/\/7culture.ci\/wp-content\/uploads\/2021\/12\/S1a-1.png\",\"contentUrl\":\"https:\/\/7culture.ci\/wp-content\/uploads\/2021\/12\/S1a-1.png\",\"width\":588,\"height\":192,\"caption\":\"7culture\"},\"image\":{\"@id\":\"https:\/\/7culture.ci\/#\/schema\/logo\/image\/\"}},{\"@type\":\"Person\",\"@id\":\"https:\/\/7culture.ci\/#\/schema\/person\/16150d28d7ef66ba788c1f87f28c4426\",\"name\":\"7culture2020\",\"image\":{\"@type\":\"ImageObject\",\"inLanguage\":\"fr-FR\",\"@id\":\"https:\/\/7culture.ci\/#\/schema\/person\/image\/\",\"url\":\"https:\/\/secure.gravatar.com\/avatar\/9a0784f951306c37bcd065f52844ef95?s=96&d=mm&r=g\",\"contentUrl\":\"https:\/\/secure.gravatar.com\/avatar\/9a0784f951306c37bcd065f52844ef95?s=96&d=mm&r=g\",\"caption\":\"7culture2020\"},\"sameAs\":[\"http:\/\/7culture.ci\",\"Claude.kipre\"],\"url\":\"https:\/\/7culture.ci\/index.php\/author\/7culture2020\/\"}]}<\/script>\n<!-- \/ Yoast SEO plugin. -->","yoast_head_json":{"title":"Show-biz : des acteurs culturels ivoiriens distingu\u00e9s -","robots":{"index":"index","follow":"follow","max-snippet":"max-snippet:-1","max-image-preview":"max-image-preview:large","max-video-preview":"max-video-preview:-1"},"canonical":"https:\/\/7culture.ci\/index.php\/2022\/10\/17\/show-biz-des-acteurs-culturels-ivoiriens-distingues\/","og_locale":"fr_FR","og_type":"article","og_title":"Show-biz : des acteurs culturels ivoiriens distingu\u00e9s -","og_description":"Organis\u00e9e par Kouriol Yao, PDG de KYZ Production et Yakou de Bingerville, PDG de Y2B PROD, la c\u00e9r\u00e9monie de remise de distinction des acteurs culturels ivoiriens s\u2019est tenue le vendredi 14 octobre dernier \u00e0 la Biblioth\u00e8que nationale du Plateau \u00e0 Abidjan. Au cours cette c\u00e9r\u00e9monie, &nbsp;de nombreuses personnalit\u00e9s &nbsp;du monde de la culture tels que &hellip; Show-biz : des acteurs culturels ivoiriens distingu\u00e9s Lire la suite\u00a0\u00bb","og_url":"https:\/\/7culture.ci\/index.php\/2022\/10\/17\/show-biz-des-acteurs-culturels-ivoiriens-distingues\/","og_site_name":"7culture","article_publisher":"https:\/\/www.facebook.com\/redchefclaude","article_published_time":"2022-10-17T15:12:35+00:00","article_modified_time":"2022-10-17T15:12:38+00:00","og_image":[{"width":720,"height":480,"url":"http:\/\/7culture.ci\/wp-content\/uploads\/2022\/10\/WhatsApp-Image-2022-10-17-at-12.48.56-1.jpeg","type":"image\/jpeg"}],"author":"7culture2020","twitter_card":"summary_large_image","twitter_creator":"@7culturec","twitter_site":"@7culturec","twitter_misc":{"\u00c9crit par":"7culture2020","Dur\u00e9e de lecture estim\u00e9e":"1 minute"},"schema":{"@context":"https:\/\/schema.org","@graph":[{"@type":"Article","@id":"https:\/\/7culture.ci\/index.php\/2022\/10\/17\/show-biz-des-acteurs-culturels-ivoiriens-distingues\/#article","isPartOf":{"@id":"https:\/\/7culture.ci\/index.php\/2022\/10\/17\/show-biz-des-acteurs-culturels-ivoiriens-distingues\/"},"author":{"name":"7culture2020","@id":"https:\/\/7culture.ci\/#\/schema\/person\/16150d28d7ef66ba788c1f87f28c4426"},"headline":"Show-biz : des acteurs culturels ivoiriens distingu\u00e9s","datePublished":"2022-10-17T15:12:35+00:00","dateModified":"2022-10-17T15:12:38+00:00","mainEntityOfPage":{"@id":"https:\/\/7culture.ci\/index.php\/2022\/10\/17\/show-biz-des-acteurs-culturels-ivoiriens-distingues\/"},"wordCount":302,"commentCount":0,"publisher":{"@id":"https:\/\/7culture.ci\/#organization"},"articleSection":["Actualit\u00e9"],"inLanguage":"fr-FR","potentialAction":[{"@type":"CommentAction","name":"Comment","target":["https:\/\/7culture.ci\/index.php\/2022\/10\/17\/show-biz-des-acteurs-culturels-ivoiriens-distingues\/#respond"]}]},{"@type":"WebPage","@id":"https:\/\/7culture.ci\/index.php\/2022\/10\/17\/show-biz-des-acteurs-culturels-ivoiriens-distingues\/","url":"https:\/\/7culture.ci\/index.php\/2022\/10\/17\/show-biz-des-acteurs-culturels-ivoiriens-distingues\/","name":"Show-biz : des acteurs culturels ivoiriens distingu\u00e9s -","isPartOf":{"@id":"https:\/\/7culture.ci\/#website"},"datePublished":"2022-10-17T15:12:35+00:00","dateModified":"2022-10-17T15:12:38+00:00","breadcrumb":{"@id":"https:\/\/7culture.ci\/index.php\/2022\/10\/17\/show-biz-des-acteurs-culturels-ivoiriens-distingues\/#breadcrumb"},"inLanguage":"fr-FR","potentialAction":[{"@type":"ReadAction","target":["https:\/\/7culture.ci\/index.php\/2022\/10\/17\/show-biz-des-acteurs-culturels-ivoiriens-distingues\/"]}]},{"@type":"BreadcrumbList","@id":"https:\/\/7culture.ci\/index.php\/2022\/10\/17\/show-biz-des-acteurs-culturels-ivoiriens-distingues\/#breadcrumb","itemListElement":[{"@type":"ListItem","position":1,"name":"Accueil","item":"https:\/\/7culture.ci\/"},{"@type":"ListItem","position":2,"name":"Show-biz : des acteurs culturels ivoiriens distingu\u00e9s"}]},{"@type":"WebSite","@id":"https:\/\/7culture.ci\/#website","url":"https:\/\/7culture.ci\/","name":"7culture","description":"Tout sur l&#039;actualit\u00e9","publisher":{"@id":"https:\/\/7culture.ci\/#organization"},"potentialAction":[{"@type":"SearchAction","target":{"@type":"EntryPoint","urlTemplate":"https:\/\/7culture.ci\/?s={search_term_string}"},"query-input":"required name=search_term_string"}],"inLanguage":"fr-FR"},{"@type":"Organization","@id":"https:\/\/7culture.ci\/#organization","name":"7culture","url":"https:\/\/7culture.ci\/","sameAs":["https:\/\/www.facebook.com\/redchefclaude","https:\/\/twitter.com\/7culturec"],"logo":{"@type":"ImageObject","inLanguage":"fr-FR","@id":"https:\/\/7culture.ci\/#\/schema\/logo\/image\/","url":"https:\/\/7culture.ci\/wp-content\/uploads\/2021\/12\/S1a-1.png","contentUrl":"https:\/\/7culture.ci\/wp-content\/uploads\/2021\/12\/S1a-1.png","width":588,"height":192,"caption":"7culture"},"image":{"@id":"https:\/\/7culture.ci\/#\/schema\/logo\/image\/"}},{"@type":"Person","@id":"https:\/\/7culture.ci\/#\/schema\/person\/16150d28d7ef66ba788c1f87f28c4426","name":"7culture2020","image":{"@type":"ImageObject","inLanguage":"fr-FR","@id":"https:\/\/7culture.ci\/#\/schema\/person\/image\/","url":"https:\/\/secure.gravatar.com\/avatar\/9a0784f951306c37bcd065f52844ef95?s=96&d=mm&r=g","contentUrl":"https:\/\/secure.gravatar.com\/avatar\/9a0784f951306c37bcd065f52844ef95?s=96&d=mm&r=g","caption":"7culture2020"},"sameAs":["http:\/\/7culture.ci","Claude.kipre"],"url":"https:\/\/7culture.ci\/index.php\/author\/7culture2020\/"}]}},"jetpack_featured_media_url":"https:\/\/7culture.ci\/wp-content\/uploads\/2022\/10\/WhatsApp-Image-2022-10-17-at-12.48.56-1.jpeg","jetpack_likes_enabled":true,"jetpack_sharing_enabled":true,"_links":{"self":[{"href":"https:\/\/7culture.ci\/index.php\/wp-json\/wp\/v2\/posts\/24313"}],"collection":[{"href":"https:\/\/7culture.ci\/index.php\/wp-json\/wp\/v2\/posts"}],"about":[{"href":"https:\/\/7culture.ci\/index.php\/wp-json\/wp\/v2\/types\/post"}],"author":[{"embeddable":true,"href":"https:\/\/7culture.ci\/index.php\/wp-json\/wp\/v2\/users\/1"}],"replies":[{"embeddable":true,"href":"https:\/\/7culture.ci\/index.php\/wp-json\/wp\/v2\/comments?post=24313"}],"version-history":[{"count":0,"href":"https:\/\/7culture.ci\/index.php\/wp-json\/wp\/v2\/posts\/24313\/revisions"}],"wp:featuredmedia":[{"embeddable":true,"href":"https:\/\/7culture.ci\/index.php\/wp-json\/wp\/v2\/media\/24315"}],"wp:attachment":[{"href":"https:\/\/7culture.ci\/index.php\/wp-json\/wp\/v2\/media?parent=24313"}],"wp:term":[{"taxonomy":"category","embeddable":true,"href":"https:\/\/7culture.ci\/index.php\/wp-json\/wp\/v2\/categories?post=24313"},{"taxonomy":"post_tag","embeddable":true,"href":"https:\/\/7culture.ci\/index.php\/wp-json\/wp\/v2\/tags?post=24313"}],"curies":[{"name":"wp","href":"https:\/\/api.w.org\/{rel}","templated":true}]}}