{"id":24259,"date":"2022-10-12T17:27:46","date_gmt":"2022-10-12T17:27:46","guid":{"rendered":"https:\/\/7culture.ci\/?p=24259"},"modified":"2022-10-13T11:27:45","modified_gmt":"2022-10-13T11:27:45","slug":"evenement-bientot-le-gban-oussothan-festival","status":"publish","type":"post","link":"https:\/\/7culture.ci\/index.php\/2022\/10\/12\/evenement-bientot-le-gban-oussothan-festival\/","title":{"rendered":"Ev\u00e8nement\u00a0: bient\u00f4t le \u2018\u2019Gban Oussothan Festival\u2019\u2019"},"content":{"rendered":"\n<p>Dans le calendrier des \u00e9v\u00e8nements culturels en C\u00f4te \u2018Ivoire, il faut d\u00e9sormais composer avec \u2018\u2019Gban Oussothan Festival\u2019\u2019 (GOF) qui se tiendra le 12 novembre prochain \u00e0 l\u2019espace Anoumabo du palais de la culture d\u2019Abidjan-Treichville. Avant cette date, les initiateurs du nouveau festival ont donn\u00e9 ses grandes articulations ce mercredi 12 octobre \u00e0 la Maison de la Presse d\u2019Abidjan-Plateau \u00ab&nbsp;<strong><em>Le festival des arts et de la culture a \u00e9t\u00e9 initi\u00e9 dans un souci d\u2019ouverture, d\u2019\u00e9changes et de partage qui sont le gage de la sauvegarde du peuple Gban, le premier peuple de la C\u00f4te d\u2019Ivoire<\/em><\/strong>&nbsp;\u00bb, a expliqu\u00e9 la commissaire g\u00e9n\u00e9rale, Nad\u00e8ge Gboyo.<\/p>\n\n\n\n<figure class=\"wp-block-image aligncenter size-full is-resized\"><img loading=\"lazy\" decoding=\"async\" src=\"https:\/\/7culture.ci\/wp-content\/uploads\/2022\/10\/WhatsApp-Image-2022-10-12-at-14.49.04.jpeg\" alt=\"\" class=\"wp-image-24262\" width=\"696\" height=\"392\" srcset=\"https:\/\/7culture.ci\/wp-content\/uploads\/2022\/10\/WhatsApp-Image-2022-10-12-at-14.49.04.jpeg 1000w, https:\/\/7culture.ci\/wp-content\/uploads\/2022\/10\/WhatsApp-Image-2022-10-12-at-14.49.04-300x169.jpeg 300w, https:\/\/7culture.ci\/wp-content\/uploads\/2022\/10\/WhatsApp-Image-2022-10-12-at-14.49.04-768x432.jpeg 768w\" sizes=\"(max-width: 696px) 100vw, 696px\" \/><\/figure>\n\n\n\n<p>Bien que reconnus comme premier peuple de C\u00f4te d\u2019Ivoire, les Gban constituent une minorit\u00e9. Ils sont d\u2019ailleurs commun\u00e9ment appel\u00e9s Gagou. Le nom Gagou d\u00e9rive de \u2018\u2019ka-g\u00f4\u2019\u2019 ou \u2018\u2019kagou\u2019\u2019 qui veut dire \u2018\u2019Allez-vous en\u2019\u2019. Ils habitent le d\u00e9partement d&#8217;Oum\u00e9 qui regroupe les sous-pr\u00e9fectures de de Di\u00e9gon\u00e9fla, de Tonla et Gu\u00e9pahouo. \u00ab&nbsp;<strong><em>Le Gban Oussothan Festival (GOF) est le bienvenu car il fallait une sorte de r\u00e9organisation et r\u00e9appropriation de l\u2019identit\u00e9 Gban<\/em><\/strong>&nbsp;\u00bb, a soulign\u00e9 la Commissaire g\u00e9n\u00e9rale. Les Gban viennent de 32 villages et ont pour voisins les B\u00e9t\u00e9, les Dida, les Gouro et les Baoul\u00e9 dont ils utilisent beaucoup les noms.<\/p>\n\n\n\n<p>Le top d\u00e9part du \u2018\u2019Gban Oussothan Festival\u2019\u2019 (GOF) se d\u00e9roulera le 12 novembre prochain au palais de la culture pendant 24 heures. Le menu de cette \u00e9dition de lancement comprend des ateliers, une exposition, un espace gastronomique et un grand concert avec les artistes traditionnels et modernes Gban et de leurs alli\u00e9s.<\/p>\n\n\n\n<figure class=\"wp-block-image aligncenter size-full is-resized\"><img loading=\"lazy\" decoding=\"async\" src=\"https:\/\/7culture.ci\/wp-content\/uploads\/2022\/10\/WhatsApp-Image-2022-10-12-at-14.48.31.jpeg\" alt=\"\" class=\"wp-image-24263\" width=\"632\" height=\"324\" srcset=\"https:\/\/7culture.ci\/wp-content\/uploads\/2022\/10\/WhatsApp-Image-2022-10-12-at-14.48.31.jpeg 895w, https:\/\/7culture.ci\/wp-content\/uploads\/2022\/10\/WhatsApp-Image-2022-10-12-at-14.48.31-300x154.jpeg 300w, https:\/\/7culture.ci\/wp-content\/uploads\/2022\/10\/WhatsApp-Image-2022-10-12-at-14.48.31-768x394.jpeg 768w\" sizes=\"(max-width: 632px) 100vw, 632px\" \/><\/figure>\n\n\n\n<p>Apr\u00e8s l\u2019\u00e9dition initiale du 12 novembre 2022 \u00e0 Abidjan, le \u2018\u2019Gban Oussothan Festival\u2019\u2019 (GOF) sera annuel et sillonnera les diff\u00e9rentes localit\u00e9s Gban. On y organisera des universit\u00e9s d\u2019\u00e9t\u00e9 et des colloques scientifiques sur le peuple Gban.<\/p>\n\n\n\n<p>La conf\u00e9rence de lancement s\u2019est tenue devant de nombreux chefs centraux Gban. \u00ab&nbsp;<strong><em>Nous lan\u00e7ons un appel \u00e0 tous les Gban de s\u2019approprier cet \u00e9v\u00e8nement qui permettra de nous faire connaitre davantage<\/em><\/strong>&nbsp;\u00bb, a souhait\u00e9 Bruno Yobo, porte-parole des chefs.<\/p>\n\n\n\n<p>Par Omar AK<\/p>\n","protected":false},"excerpt":{"rendered":"<p>Dans le calendrier des \u00e9v\u00e8nements culturels en C\u00f4te \u2018Ivoire, il faut d\u00e9sormais composer avec \u2018\u2019Gban Oussothan Festival\u2019\u2019 (GOF) qui se tiendra le 12 novembre prochain \u00e0 l\u2019espace Anoumabo du palais de la culture d\u2019Abidjan-Treichville. Avant cette date, les initiateurs du nouveau festival ont donn\u00e9 ses grandes articulations ce mercredi 12 octobre \u00e0 la Maison de &hellip;<\/p>\n<p class=\"read-more\"> <a class=\"\" href=\"https:\/\/7culture.ci\/index.php\/2022\/10\/12\/evenement-bientot-le-gban-oussothan-festival\/\"> <span class=\"screen-reader-text\">Ev\u00e8nement\u00a0: bient\u00f4t le \u2018\u2019Gban Oussothan Festival\u2019\u2019<\/span> Lire la suite\u00a0\u00bb<\/a><\/p>\n","protected":false},"author":1,"featured_media":24261,"comment_status":"open","ping_status":"open","sticky":false,"template":"","format":"standard","meta":{"_mi_skip_tracking":false,"_monsterinsights_sitenote_active":false,"_monsterinsights_sitenote_note":"","_monsterinsights_sitenote_category":0,"site-sidebar-layout":"default","site-content-layout":"default","ast-global-header-display":"","ast-main-header-display":"","ast-hfb-above-header-display":"","ast-hfb-below-header-display":"","ast-hfb-mobile-header-display":"","site-post-title":"","ast-breadcrumbs-content":"","ast-featured-img":"","footer-sml-layout":"","theme-transparent-header-meta":"","adv-header-id-meta":"","stick-header-meta":"","header-above-stick-meta":"","header-main-stick-meta":"","header-below-stick-meta":"","footnotes":"","jetpack_publicize_message":"","jetpack_is_tweetstorm":false,"jetpack_publicize_feature_enabled":true},"categories":[22],"tags":[],"jetpack_publicize_connections":[],"acf":[],"aioseo_notices":[],"yoast_head":"<!-- This site is optimized with the Yoast SEO plugin v19.6.1 - https:\/\/yoast.com\/wordpress\/plugins\/seo\/ -->\n<title>Ev\u00e8nement\u00a0: bient\u00f4t le \u2018\u2019Gban Oussothan Festival\u2019\u2019 -<\/title>\n<meta name=\"robots\" content=\"index, follow, max-snippet:-1, max-image-preview:large, max-video-preview:-1\" \/>\n<link rel=\"canonical\" href=\"https:\/\/7culture.ci\/index.php\/2022\/10\/12\/evenement-bientot-le-gban-oussothan-festival\/\" \/>\n<meta property=\"og:locale\" content=\"fr_FR\" \/>\n<meta property=\"og:type\" content=\"article\" \/>\n<meta property=\"og:title\" content=\"Ev\u00e8nement\u00a0: bient\u00f4t le \u2018\u2019Gban Oussothan Festival\u2019\u2019 -\" \/>\n<meta property=\"og:description\" content=\"Dans le calendrier des \u00e9v\u00e8nements culturels en C\u00f4te \u2018Ivoire, il faut d\u00e9sormais composer avec \u2018\u2019Gban Oussothan Festival\u2019\u2019 (GOF) qui se tiendra le 12 novembre prochain \u00e0 l\u2019espace Anoumabo du palais de la culture d\u2019Abidjan-Treichville. Avant cette date, les initiateurs du nouveau festival ont donn\u00e9 ses grandes articulations ce mercredi 12 octobre \u00e0 la Maison de &hellip; Ev\u00e8nement\u00a0: bient\u00f4t le \u2018\u2019Gban Oussothan Festival\u2019\u2019 Lire la suite\u00a0\u00bb\" \/>\n<meta property=\"og:url\" content=\"https:\/\/7culture.ci\/index.php\/2022\/10\/12\/evenement-bientot-le-gban-oussothan-festival\/\" \/>\n<meta property=\"og:site_name\" content=\"7culture\" \/>\n<meta property=\"article:publisher\" content=\"https:\/\/www.facebook.com\/redchefclaude\" \/>\n<meta property=\"article:published_time\" content=\"2022-10-12T17:27:46+00:00\" \/>\n<meta property=\"article:modified_time\" content=\"2022-10-13T11:27:45+00:00\" \/>\n<meta property=\"og:image\" content=\"http:\/\/7culture.ci\/wp-content\/uploads\/2022\/10\/WhatsApp-Image-2022-10-12-at-14.56.54.jpeg\" \/>\n\t<meta property=\"og:image:width\" content=\"1000\" \/>\n\t<meta property=\"og:image:height\" content=\"563\" \/>\n\t<meta property=\"og:image:type\" content=\"image\/jpeg\" \/>\n<meta name=\"author\" content=\"7culture2020\" \/>\n<meta name=\"twitter:card\" content=\"summary_large_image\" \/>\n<meta name=\"twitter:creator\" content=\"@7culturec\" \/>\n<meta name=\"twitter:site\" content=\"@7culturec\" \/>\n<meta name=\"twitter:label1\" content=\"\u00c9crit par\" \/>\n\t<meta name=\"twitter:data1\" content=\"7culture2020\" \/>\n\t<meta name=\"twitter:label2\" content=\"Dur\u00e9e de lecture estim\u00e9e\" \/>\n\t<meta name=\"twitter:data2\" content=\"2 minutes\" \/>\n<script type=\"application\/ld+json\" class=\"yoast-schema-graph\">{\"@context\":\"https:\/\/schema.org\",\"@graph\":[{\"@type\":\"Article\",\"@id\":\"https:\/\/7culture.ci\/index.php\/2022\/10\/12\/evenement-bientot-le-gban-oussothan-festival\/#article\",\"isPartOf\":{\"@id\":\"https:\/\/7culture.ci\/index.php\/2022\/10\/12\/evenement-bientot-le-gban-oussothan-festival\/\"},\"author\":{\"name\":\"7culture2020\",\"@id\":\"https:\/\/7culture.ci\/#\/schema\/person\/16150d28d7ef66ba788c1f87f28c4426\"},\"headline\":\"Ev\u00e8nement\u00a0: bient\u00f4t le \u2018\u2019Gban Oussothan Festival\u2019\u2019\",\"datePublished\":\"2022-10-12T17:27:46+00:00\",\"dateModified\":\"2022-10-13T11:27:45+00:00\",\"mainEntityOfPage\":{\"@id\":\"https:\/\/7culture.ci\/index.php\/2022\/10\/12\/evenement-bientot-le-gban-oussothan-festival\/\"},\"wordCount\":376,\"commentCount\":0,\"publisher\":{\"@id\":\"https:\/\/7culture.ci\/#organization\"},\"articleSection\":[\"Actualit\u00e9\"],\"inLanguage\":\"fr-FR\",\"potentialAction\":[{\"@type\":\"CommentAction\",\"name\":\"Comment\",\"target\":[\"https:\/\/7culture.ci\/index.php\/2022\/10\/12\/evenement-bientot-le-gban-oussothan-festival\/#respond\"]}]},{\"@type\":\"WebPage\",\"@id\":\"https:\/\/7culture.ci\/index.php\/2022\/10\/12\/evenement-bientot-le-gban-oussothan-festival\/\",\"url\":\"https:\/\/7culture.ci\/index.php\/2022\/10\/12\/evenement-bientot-le-gban-oussothan-festival\/\",\"name\":\"Ev\u00e8nement\u00a0: bient\u00f4t le \u2018\u2019Gban Oussothan Festival\u2019\u2019 -\",\"isPartOf\":{\"@id\":\"https:\/\/7culture.ci\/#website\"},\"datePublished\":\"2022-10-12T17:27:46+00:00\",\"dateModified\":\"2022-10-13T11:27:45+00:00\",\"breadcrumb\":{\"@id\":\"https:\/\/7culture.ci\/index.php\/2022\/10\/12\/evenement-bientot-le-gban-oussothan-festival\/#breadcrumb\"},\"inLanguage\":\"fr-FR\",\"potentialAction\":[{\"@type\":\"ReadAction\",\"target\":[\"https:\/\/7culture.ci\/index.php\/2022\/10\/12\/evenement-bientot-le-gban-oussothan-festival\/\"]}]},{\"@type\":\"BreadcrumbList\",\"@id\":\"https:\/\/7culture.ci\/index.php\/2022\/10\/12\/evenement-bientot-le-gban-oussothan-festival\/#breadcrumb\",\"itemListElement\":[{\"@type\":\"ListItem\",\"position\":1,\"name\":\"Accueil\",\"item\":\"https:\/\/7culture.ci\/\"},{\"@type\":\"ListItem\",\"position\":2,\"name\":\"Ev\u00e8nement\u00a0: bient\u00f4t le \u2018\u2019Gban Oussothan Festival\u2019\u2019\"}]},{\"@type\":\"WebSite\",\"@id\":\"https:\/\/7culture.ci\/#website\",\"url\":\"https:\/\/7culture.ci\/\",\"name\":\"7culture\",\"description\":\"Tout sur l&#039;actualit\u00e9\",\"publisher\":{\"@id\":\"https:\/\/7culture.ci\/#organization\"},\"potentialAction\":[{\"@type\":\"SearchAction\",\"target\":{\"@type\":\"EntryPoint\",\"urlTemplate\":\"https:\/\/7culture.ci\/?s={search_term_string}\"},\"query-input\":\"required name=search_term_string\"}],\"inLanguage\":\"fr-FR\"},{\"@type\":\"Organization\",\"@id\":\"https:\/\/7culture.ci\/#organization\",\"name\":\"7culture\",\"url\":\"https:\/\/7culture.ci\/\",\"sameAs\":[\"https:\/\/www.facebook.com\/redchefclaude\",\"https:\/\/twitter.com\/7culturec\"],\"logo\":{\"@type\":\"ImageObject\",\"inLanguage\":\"fr-FR\",\"@id\":\"https:\/\/7culture.ci\/#\/schema\/logo\/image\/\",\"url\":\"https:\/\/7culture.ci\/wp-content\/uploads\/2021\/12\/S1a-1.png\",\"contentUrl\":\"https:\/\/7culture.ci\/wp-content\/uploads\/2021\/12\/S1a-1.png\",\"width\":588,\"height\":192,\"caption\":\"7culture\"},\"image\":{\"@id\":\"https:\/\/7culture.ci\/#\/schema\/logo\/image\/\"}},{\"@type\":\"Person\",\"@id\":\"https:\/\/7culture.ci\/#\/schema\/person\/16150d28d7ef66ba788c1f87f28c4426\",\"name\":\"7culture2020\",\"image\":{\"@type\":\"ImageObject\",\"inLanguage\":\"fr-FR\",\"@id\":\"https:\/\/7culture.ci\/#\/schema\/person\/image\/\",\"url\":\"https:\/\/secure.gravatar.com\/avatar\/9a0784f951306c37bcd065f52844ef95?s=96&d=mm&r=g\",\"contentUrl\":\"https:\/\/secure.gravatar.com\/avatar\/9a0784f951306c37bcd065f52844ef95?s=96&d=mm&r=g\",\"caption\":\"7culture2020\"},\"sameAs\":[\"http:\/\/7culture.ci\",\"Claude.kipre\"],\"url\":\"https:\/\/7culture.ci\/index.php\/author\/7culture2020\/\"}]}<\/script>\n<!-- \/ Yoast SEO plugin. -->","yoast_head_json":{"title":"Ev\u00e8nement\u00a0: bient\u00f4t le \u2018\u2019Gban Oussothan Festival\u2019\u2019 -","robots":{"index":"index","follow":"follow","max-snippet":"max-snippet:-1","max-image-preview":"max-image-preview:large","max-video-preview":"max-video-preview:-1"},"canonical":"https:\/\/7culture.ci\/index.php\/2022\/10\/12\/evenement-bientot-le-gban-oussothan-festival\/","og_locale":"fr_FR","og_type":"article","og_title":"Ev\u00e8nement\u00a0: bient\u00f4t le \u2018\u2019Gban Oussothan Festival\u2019\u2019 -","og_description":"Dans le calendrier des \u00e9v\u00e8nements culturels en C\u00f4te \u2018Ivoire, il faut d\u00e9sormais composer avec \u2018\u2019Gban Oussothan Festival\u2019\u2019 (GOF) qui se tiendra le 12 novembre prochain \u00e0 l\u2019espace Anoumabo du palais de la culture d\u2019Abidjan-Treichville. Avant cette date, les initiateurs du nouveau festival ont donn\u00e9 ses grandes articulations ce mercredi 12 octobre \u00e0 la Maison de &hellip; Ev\u00e8nement\u00a0: bient\u00f4t le \u2018\u2019Gban Oussothan Festival\u2019\u2019 Lire la suite\u00a0\u00bb","og_url":"https:\/\/7culture.ci\/index.php\/2022\/10\/12\/evenement-bientot-le-gban-oussothan-festival\/","og_site_name":"7culture","article_publisher":"https:\/\/www.facebook.com\/redchefclaude","article_published_time":"2022-10-12T17:27:46+00:00","article_modified_time":"2022-10-13T11:27:45+00:00","og_image":[{"width":1000,"height":563,"url":"http:\/\/7culture.ci\/wp-content\/uploads\/2022\/10\/WhatsApp-Image-2022-10-12-at-14.56.54.jpeg","type":"image\/jpeg"}],"author":"7culture2020","twitter_card":"summary_large_image","twitter_creator":"@7culturec","twitter_site":"@7culturec","twitter_misc":{"\u00c9crit par":"7culture2020","Dur\u00e9e de lecture estim\u00e9e":"2 minutes"},"schema":{"@context":"https:\/\/schema.org","@graph":[{"@type":"Article","@id":"https:\/\/7culture.ci\/index.php\/2022\/10\/12\/evenement-bientot-le-gban-oussothan-festival\/#article","isPartOf":{"@id":"https:\/\/7culture.ci\/index.php\/2022\/10\/12\/evenement-bientot-le-gban-oussothan-festival\/"},"author":{"name":"7culture2020","@id":"https:\/\/7culture.ci\/#\/schema\/person\/16150d28d7ef66ba788c1f87f28c4426"},"headline":"Ev\u00e8nement\u00a0: bient\u00f4t le \u2018\u2019Gban Oussothan Festival\u2019\u2019","datePublished":"2022-10-12T17:27:46+00:00","dateModified":"2022-10-13T11:27:45+00:00","mainEntityOfPage":{"@id":"https:\/\/7culture.ci\/index.php\/2022\/10\/12\/evenement-bientot-le-gban-oussothan-festival\/"},"wordCount":376,"commentCount":0,"publisher":{"@id":"https:\/\/7culture.ci\/#organization"},"articleSection":["Actualit\u00e9"],"inLanguage":"fr-FR","potentialAction":[{"@type":"CommentAction","name":"Comment","target":["https:\/\/7culture.ci\/index.php\/2022\/10\/12\/evenement-bientot-le-gban-oussothan-festival\/#respond"]}]},{"@type":"WebPage","@id":"https:\/\/7culture.ci\/index.php\/2022\/10\/12\/evenement-bientot-le-gban-oussothan-festival\/","url":"https:\/\/7culture.ci\/index.php\/2022\/10\/12\/evenement-bientot-le-gban-oussothan-festival\/","name":"Ev\u00e8nement\u00a0: bient\u00f4t le \u2018\u2019Gban Oussothan Festival\u2019\u2019 -","isPartOf":{"@id":"https:\/\/7culture.ci\/#website"},"datePublished":"2022-10-12T17:27:46+00:00","dateModified":"2022-10-13T11:27:45+00:00","breadcrumb":{"@id":"https:\/\/7culture.ci\/index.php\/2022\/10\/12\/evenement-bientot-le-gban-oussothan-festival\/#breadcrumb"},"inLanguage":"fr-FR","potentialAction":[{"@type":"ReadAction","target":["https:\/\/7culture.ci\/index.php\/2022\/10\/12\/evenement-bientot-le-gban-oussothan-festival\/"]}]},{"@type":"BreadcrumbList","@id":"https:\/\/7culture.ci\/index.php\/2022\/10\/12\/evenement-bientot-le-gban-oussothan-festival\/#breadcrumb","itemListElement":[{"@type":"ListItem","position":1,"name":"Accueil","item":"https:\/\/7culture.ci\/"},{"@type":"ListItem","position":2,"name":"Ev\u00e8nement\u00a0: bient\u00f4t le \u2018\u2019Gban Oussothan Festival\u2019\u2019"}]},{"@type":"WebSite","@id":"https:\/\/7culture.ci\/#website","url":"https:\/\/7culture.ci\/","name":"7culture","description":"Tout sur l&#039;actualit\u00e9","publisher":{"@id":"https:\/\/7culture.ci\/#organization"},"potentialAction":[{"@type":"SearchAction","target":{"@type":"EntryPoint","urlTemplate":"https:\/\/7culture.ci\/?s={search_term_string}"},"query-input":"required name=search_term_string"}],"inLanguage":"fr-FR"},{"@type":"Organization","@id":"https:\/\/7culture.ci\/#organization","name":"7culture","url":"https:\/\/7culture.ci\/","sameAs":["https:\/\/www.facebook.com\/redchefclaude","https:\/\/twitter.com\/7culturec"],"logo":{"@type":"ImageObject","inLanguage":"fr-FR","@id":"https:\/\/7culture.ci\/#\/schema\/logo\/image\/","url":"https:\/\/7culture.ci\/wp-content\/uploads\/2021\/12\/S1a-1.png","contentUrl":"https:\/\/7culture.ci\/wp-content\/uploads\/2021\/12\/S1a-1.png","width":588,"height":192,"caption":"7culture"},"image":{"@id":"https:\/\/7culture.ci\/#\/schema\/logo\/image\/"}},{"@type":"Person","@id":"https:\/\/7culture.ci\/#\/schema\/person\/16150d28d7ef66ba788c1f87f28c4426","name":"7culture2020","image":{"@type":"ImageObject","inLanguage":"fr-FR","@id":"https:\/\/7culture.ci\/#\/schema\/person\/image\/","url":"https:\/\/secure.gravatar.com\/avatar\/9a0784f951306c37bcd065f52844ef95?s=96&d=mm&r=g","contentUrl":"https:\/\/secure.gravatar.com\/avatar\/9a0784f951306c37bcd065f52844ef95?s=96&d=mm&r=g","caption":"7culture2020"},"sameAs":["http:\/\/7culture.ci","Claude.kipre"],"url":"https:\/\/7culture.ci\/index.php\/author\/7culture2020\/"}]}},"jetpack_featured_media_url":"https:\/\/7culture.ci\/wp-content\/uploads\/2022\/10\/WhatsApp-Image-2022-10-12-at-14.56.54.jpeg","jetpack_likes_enabled":true,"jetpack_sharing_enabled":true,"_links":{"self":[{"href":"https:\/\/7culture.ci\/index.php\/wp-json\/wp\/v2\/posts\/24259"}],"collection":[{"href":"https:\/\/7culture.ci\/index.php\/wp-json\/wp\/v2\/posts"}],"about":[{"href":"https:\/\/7culture.ci\/index.php\/wp-json\/wp\/v2\/types\/post"}],"author":[{"embeddable":true,"href":"https:\/\/7culture.ci\/index.php\/wp-json\/wp\/v2\/users\/1"}],"replies":[{"embeddable":true,"href":"https:\/\/7culture.ci\/index.php\/wp-json\/wp\/v2\/comments?post=24259"}],"version-history":[{"count":0,"href":"https:\/\/7culture.ci\/index.php\/wp-json\/wp\/v2\/posts\/24259\/revisions"}],"wp:featuredmedia":[{"embeddable":true,"href":"https:\/\/7culture.ci\/index.php\/wp-json\/wp\/v2\/media\/24261"}],"wp:attachment":[{"href":"https:\/\/7culture.ci\/index.php\/wp-json\/wp\/v2\/media?parent=24259"}],"wp:term":[{"taxonomy":"category","embeddable":true,"href":"https:\/\/7culture.ci\/index.php\/wp-json\/wp\/v2\/categories?post=24259"},{"taxonomy":"post_tag","embeddable":true,"href":"https:\/\/7culture.ci\/index.php\/wp-json\/wp\/v2\/tags?post=24259"}],"curies":[{"name":"wp","href":"https:\/\/api.w.org\/{rel}","templated":true}]}}