{"id":24242,"date":"2022-10-11T19:08:45","date_gmt":"2022-10-11T19:08:45","guid":{"rendered":"https:\/\/7culture.ci\/?p=24242"},"modified":"2022-10-18T16:38:32","modified_gmt":"2022-10-18T16:38:32","slug":"le-vieux-menekre-est-decede-a-116-ans","status":"publish","type":"post","link":"https:\/\/7culture.ci\/index.php\/2022\/10\/11\/le-vieux-menekre-est-decede-a-116-ans\/","title":{"rendered":"Le Vieux M\u00e9n\u00e9kr\u00e9 est tr\u00e8s malade mais il n&#8217;est pas mort!"},"content":{"rendered":"\n<p>Une folle rumeur a mis fin aux jours de Vieux M\u00e9n\u00e9kr\u00e9 ou encore Dr Vis-\u00e0-vis &nbsp;hier mardi 11 octobre au CHU de Treichville o\u00f9 il a \u00e9t\u00e9 transf\u00e9r\u00e9 quelques jours plus t\u00f4t pour des complications cardiaques \u00e0 l\u2019Institut de cardiologie d\u2019Abidjan. La fausse information a \u00e9t\u00e9 d\u00e9mentie. Le plus que centenaire est certes dans un \u00e9tat critique mais il est encore vivant. Il porte difficilement ses 116 ans mais les m\u00e9decins sont \u00e0 son chevet pour des soins appropri\u00e9s!<\/p>\n\n\n\n<p>Selon certaines sources, le vieux C\u00e9lestin Kady \u00e0 l\u2019Etat-Civil souffrait depuis longtemps d\u2019un mal pernicieux qui le rongeait. Son \u00e9tat de sant\u00e9 s\u2019\u00e9tait soudainement d\u00e9grad\u00e9 ses derniers temps et il a transf\u00e9r\u00e9 de son village natal \u00e0 l\u2019h\u00f4pital de Gagnoa. Malgr\u00e9 l\u2019assistance permanente du service m\u00e9dical, son \u00e9tat ne s\u2019am\u00e9liorait pas. Le vieux a donc \u00e9t\u00e9 conduit dans un \u00e9tat pr\u00e9occupant le 5 octobre dernier \u00e0 l\u2019Institut de cardiologie d\u2019Abidjan du CHU de Treichville.<\/p>\n\n\n\n<figure class=\"wp-block-gallery has-nested-images columns-default is-cropped wp-block-gallery-1 is-layout-flex wp-block-gallery-is-layout-flex\">\n<figure class=\"wp-block-image size-large\"><img loading=\"lazy\" decoding=\"async\" width=\"700\" height=\"503\" data-id=\"24254\" src=\"https:\/\/7culture.ci\/wp-content\/uploads\/2022\/10\/vieux-menekre3-1.jpg\" alt=\"\" class=\"wp-image-24254\" srcset=\"https:\/\/7culture.ci\/wp-content\/uploads\/2022\/10\/vieux-menekre3-1.jpg 700w, https:\/\/7culture.ci\/wp-content\/uploads\/2022\/10\/vieux-menekre3-1-300x216.jpg 300w\" sizes=\"(max-width: 700px) 100vw, 700px\" \/><\/figure>\n\n\n\n<figure class=\"wp-block-image size-large\"><img loading=\"lazy\" decoding=\"async\" width=\"279\" height=\"180\" data-id=\"24252\" src=\"https:\/\/7culture.ci\/wp-content\/uploads\/2022\/10\/vieux-menekre4-1.jpg\" alt=\"\" class=\"wp-image-24252\"\/><\/figure>\n\n\n\n<figure class=\"wp-block-image size-large\"><img loading=\"lazy\" decoding=\"async\" width=\"192\" height=\"189\" data-id=\"24253\" src=\"https:\/\/7culture.ci\/wp-content\/uploads\/2022\/10\/vieux-menekre22-1.jpg\" alt=\"\" class=\"wp-image-24253\" srcset=\"https:\/\/7culture.ci\/wp-content\/uploads\/2022\/10\/vieux-menekre22-1.jpg 192w, https:\/\/7culture.ci\/wp-content\/uploads\/2022\/10\/vieux-menekre22-1-65x65.jpg 65w\" sizes=\"(max-width: 192px) 100vw, 192px\" \/><\/figure>\n<\/figure>\n\n\n\n<p>Les Ivoiriens et particuli\u00e8rement les t\u00e9l\u00e9spectateurs d\u00e9couvrent C\u00e9lestin Kady en 2004 dans l\u2019\u00e9mission satirique \u2018\u2019Du coq \u00e0 l\u2019\u00e2ne\u2019\u2019 de l\u2019animateur, pr\u00e9sentateur et humoriste John Jay. Il est l\u2019une des vedettes de la capsule satirique de trois minutes.<\/p>\n\n\n\n<p>Businessman av\u00e9r\u00e9, John Jay dit General Dealer fait entrer le doyen en studio et transforme ses d\u00e9clarations faites dans un fran\u00e7ais approximatif, en chansons. Le succ\u00e8s est imm\u00e9diat. Vieux M\u00e9n\u00e9kr\u00e9 ou Dr Vis-\u00e0-vis devient c\u00e9l\u00e8bre. Il participe \u00e0 de nombreux spectacles en C\u00f4te d\u2019Ivoire. Ses tenues de sc\u00e8nes et ses costumes sont sign\u00e9s du couturier saint-Joe. Il est aussi all\u00e9 en France en tant que star pour une \u00e9mission t\u00e9l\u00e9.<\/p>\n\n\n\n<p>Par la suite, la collaboration entre l\u2019animateur-producteur et son poulain s\u2019est s\u00e9rieusement d\u00e9grad\u00e9e. Le doyen reprochait \u00e0 John Jay de lui avoir vol\u00e9. Pour lui, Brother Jay n\u2019a pas tenu ses promesses. Selon M. Kady, Jean Zahibo n\u2019a pas respect\u00e9 les termes du contrat les liant. Il lui en  veut toujours et n&#8217;est pas pr\u00eat \u00e0 pardonner \u00e0 son &#8221;fils&#8221;.<\/p>\n\n\n\n<figure class=\"wp-block-image aligncenter size-large is-resized\"><img loading=\"lazy\" decoding=\"async\" src=\"https:\/\/7culture.ci\/wp-content\/uploads\/2022\/10\/18-2-717x1024.jpg\" alt=\"\" class=\"wp-image-24247\" width=\"461\" height=\"658\" srcset=\"https:\/\/7culture.ci\/wp-content\/uploads\/2022\/10\/18-2-717x1024.jpg 717w, https:\/\/7culture.ci\/wp-content\/uploads\/2022\/10\/18-2-210x300.jpg 210w, https:\/\/7culture.ci\/wp-content\/uploads\/2022\/10\/18-2-768x1097.jpg 768w, https:\/\/7culture.ci\/wp-content\/uploads\/2022\/10\/18-2.jpg 962w\" sizes=\"(max-width: 461px) 100vw, 461px\" \/><\/figure>\n\n\n\n<p>C\u00e9lestin Kady est tradi-praticien dans son village dans la r\u00e9gion de Gagnoa. Il affirme soigner beaucoup de maladies.<\/p>\n\n\n\n<p>Par Omar AK<\/p>\n","protected":false},"excerpt":{"rendered":"<p>Une folle rumeur a mis fin aux jours de Vieux M\u00e9n\u00e9kr\u00e9 ou encore Dr Vis-\u00e0-vis &nbsp;hier mardi 11 octobre au CHU de Treichville o\u00f9 il a \u00e9t\u00e9 transf\u00e9r\u00e9 quelques jours plus t\u00f4t pour des complications cardiaques \u00e0 l\u2019Institut de cardiologie d\u2019Abidjan. La fausse information a \u00e9t\u00e9 d\u00e9mentie. Le plus que centenaire est certes dans un &hellip;<\/p>\n<p class=\"read-more\"> <a class=\"\" href=\"https:\/\/7culture.ci\/index.php\/2022\/10\/11\/le-vieux-menekre-est-decede-a-116-ans\/\"> <span class=\"screen-reader-text\">Le Vieux M\u00e9n\u00e9kr\u00e9 est tr\u00e8s malade mais il n&#8217;est pas mort!<\/span> Lire la suite\u00a0\u00bb<\/a><\/p>\n","protected":false},"author":1,"featured_media":24245,"comment_status":"open","ping_status":"open","sticky":false,"template":"","format":"standard","meta":{"_mi_skip_tracking":false,"_monsterinsights_sitenote_active":false,"_monsterinsights_sitenote_note":"","_monsterinsights_sitenote_category":0,"site-sidebar-layout":"default","site-content-layout":"default","ast-global-header-display":"","ast-main-header-display":"","ast-hfb-above-header-display":"","ast-hfb-below-header-display":"","ast-hfb-mobile-header-display":"","site-post-title":"","ast-breadcrumbs-content":"","ast-featured-img":"","footer-sml-layout":"","theme-transparent-header-meta":"","adv-header-id-meta":"","stick-header-meta":"","header-above-stick-meta":"","header-main-stick-meta":"","header-below-stick-meta":"","footnotes":"","jetpack_publicize_message":"","jetpack_is_tweetstorm":false,"jetpack_publicize_feature_enabled":true},"categories":[22],"tags":[],"jetpack_publicize_connections":[],"acf":[],"aioseo_notices":[],"yoast_head":"<!-- This site is optimized with the Yoast SEO plugin v19.6.1 - https:\/\/yoast.com\/wordpress\/plugins\/seo\/ -->\n<title>Le Vieux M\u00e9n\u00e9kr\u00e9 est tr\u00e8s malade mais il n&#039;est pas mort! -<\/title>\n<meta name=\"robots\" content=\"index, follow, max-snippet:-1, max-image-preview:large, max-video-preview:-1\" \/>\n<link rel=\"canonical\" href=\"https:\/\/7culture.ci\/index.php\/2022\/10\/11\/le-vieux-menekre-est-decede-a-116-ans\/\" \/>\n<meta property=\"og:locale\" content=\"fr_FR\" \/>\n<meta property=\"og:type\" content=\"article\" \/>\n<meta property=\"og:title\" content=\"Le Vieux M\u00e9n\u00e9kr\u00e9 est tr\u00e8s malade mais il n&#039;est pas mort! -\" \/>\n<meta property=\"og:description\" content=\"Une folle rumeur a mis fin aux jours de Vieux M\u00e9n\u00e9kr\u00e9 ou encore Dr Vis-\u00e0-vis &nbsp;hier mardi 11 octobre au CHU de Treichville o\u00f9 il a \u00e9t\u00e9 transf\u00e9r\u00e9 quelques jours plus t\u00f4t pour des complications cardiaques \u00e0 l\u2019Institut de cardiologie d\u2019Abidjan. La fausse information a \u00e9t\u00e9 d\u00e9mentie. Le plus que centenaire est certes dans un &hellip; Le Vieux M\u00e9n\u00e9kr\u00e9 est tr\u00e8s malade mais il n&#8217;est pas mort! Lire la suite\u00a0\u00bb\" \/>\n<meta property=\"og:url\" content=\"https:\/\/7culture.ci\/index.php\/2022\/10\/11\/le-vieux-menekre-est-decede-a-116-ans\/\" \/>\n<meta property=\"og:site_name\" content=\"7culture\" \/>\n<meta property=\"article:publisher\" content=\"https:\/\/www.facebook.com\/redchefclaude\" \/>\n<meta property=\"article:published_time\" content=\"2022-10-11T19:08:45+00:00\" \/>\n<meta property=\"article:modified_time\" content=\"2022-10-18T16:38:32+00:00\" \/>\n<meta property=\"og:image\" content=\"http:\/\/7culture.ci\/wp-content\/uploads\/2022\/10\/vieux-menekre1.jpg\" \/>\n\t<meta property=\"og:image:width\" content=\"1200\" \/>\n\t<meta property=\"og:image:height\" content=\"630\" \/>\n\t<meta property=\"og:image:type\" content=\"image\/jpeg\" \/>\n<meta name=\"author\" content=\"7culture2020\" \/>\n<meta name=\"twitter:card\" content=\"summary_large_image\" \/>\n<meta name=\"twitter:creator\" content=\"@7culturec\" \/>\n<meta name=\"twitter:site\" content=\"@7culturec\" \/>\n<meta name=\"twitter:label1\" content=\"\u00c9crit par\" \/>\n\t<meta name=\"twitter:data1\" content=\"7culture2020\" \/>\n\t<meta name=\"twitter:label2\" content=\"Dur\u00e9e de lecture estim\u00e9e\" \/>\n\t<meta name=\"twitter:data2\" content=\"2 minutes\" \/>\n<script type=\"application\/ld+json\" class=\"yoast-schema-graph\">{\"@context\":\"https:\/\/schema.org\",\"@graph\":[{\"@type\":\"Article\",\"@id\":\"https:\/\/7culture.ci\/index.php\/2022\/10\/11\/le-vieux-menekre-est-decede-a-116-ans\/#article\",\"isPartOf\":{\"@id\":\"https:\/\/7culture.ci\/index.php\/2022\/10\/11\/le-vieux-menekre-est-decede-a-116-ans\/\"},\"author\":{\"name\":\"7culture2020\",\"@id\":\"https:\/\/7culture.ci\/#\/schema\/person\/16150d28d7ef66ba788c1f87f28c4426\"},\"headline\":\"Le Vieux M\u00e9n\u00e9kr\u00e9 est tr\u00e8s malade mais il n&#8217;est pas mort!\",\"datePublished\":\"2022-10-11T19:08:45+00:00\",\"dateModified\":\"2022-10-18T16:38:32+00:00\",\"mainEntityOfPage\":{\"@id\":\"https:\/\/7culture.ci\/index.php\/2022\/10\/11\/le-vieux-menekre-est-decede-a-116-ans\/\"},\"wordCount\":402,\"commentCount\":0,\"publisher\":{\"@id\":\"https:\/\/7culture.ci\/#organization\"},\"articleSection\":[\"Actualit\u00e9\"],\"inLanguage\":\"fr-FR\",\"potentialAction\":[{\"@type\":\"CommentAction\",\"name\":\"Comment\",\"target\":[\"https:\/\/7culture.ci\/index.php\/2022\/10\/11\/le-vieux-menekre-est-decede-a-116-ans\/#respond\"]}]},{\"@type\":\"WebPage\",\"@id\":\"https:\/\/7culture.ci\/index.php\/2022\/10\/11\/le-vieux-menekre-est-decede-a-116-ans\/\",\"url\":\"https:\/\/7culture.ci\/index.php\/2022\/10\/11\/le-vieux-menekre-est-decede-a-116-ans\/\",\"name\":\"Le Vieux M\u00e9n\u00e9kr\u00e9 est tr\u00e8s malade mais il n'est pas mort! -\",\"isPartOf\":{\"@id\":\"https:\/\/7culture.ci\/#website\"},\"datePublished\":\"2022-10-11T19:08:45+00:00\",\"dateModified\":\"2022-10-18T16:38:32+00:00\",\"breadcrumb\":{\"@id\":\"https:\/\/7culture.ci\/index.php\/2022\/10\/11\/le-vieux-menekre-est-decede-a-116-ans\/#breadcrumb\"},\"inLanguage\":\"fr-FR\",\"potentialAction\":[{\"@type\":\"ReadAction\",\"target\":[\"https:\/\/7culture.ci\/index.php\/2022\/10\/11\/le-vieux-menekre-est-decede-a-116-ans\/\"]}]},{\"@type\":\"BreadcrumbList\",\"@id\":\"https:\/\/7culture.ci\/index.php\/2022\/10\/11\/le-vieux-menekre-est-decede-a-116-ans\/#breadcrumb\",\"itemListElement\":[{\"@type\":\"ListItem\",\"position\":1,\"name\":\"Accueil\",\"item\":\"https:\/\/7culture.ci\/\"},{\"@type\":\"ListItem\",\"position\":2,\"name\":\"Le Vieux M\u00e9n\u00e9kr\u00e9 est tr\u00e8s malade mais il n&#8217;est pas mort!\"}]},{\"@type\":\"WebSite\",\"@id\":\"https:\/\/7culture.ci\/#website\",\"url\":\"https:\/\/7culture.ci\/\",\"name\":\"7culture\",\"description\":\"Tout sur l&#039;actualit\u00e9\",\"publisher\":{\"@id\":\"https:\/\/7culture.ci\/#organization\"},\"potentialAction\":[{\"@type\":\"SearchAction\",\"target\":{\"@type\":\"EntryPoint\",\"urlTemplate\":\"https:\/\/7culture.ci\/?s={search_term_string}\"},\"query-input\":\"required name=search_term_string\"}],\"inLanguage\":\"fr-FR\"},{\"@type\":\"Organization\",\"@id\":\"https:\/\/7culture.ci\/#organization\",\"name\":\"7culture\",\"url\":\"https:\/\/7culture.ci\/\",\"sameAs\":[\"https:\/\/www.facebook.com\/redchefclaude\",\"https:\/\/twitter.com\/7culturec\"],\"logo\":{\"@type\":\"ImageObject\",\"inLanguage\":\"fr-FR\",\"@id\":\"https:\/\/7culture.ci\/#\/schema\/logo\/image\/\",\"url\":\"https:\/\/7culture.ci\/wp-content\/uploads\/2021\/12\/S1a-1.png\",\"contentUrl\":\"https:\/\/7culture.ci\/wp-content\/uploads\/2021\/12\/S1a-1.png\",\"width\":588,\"height\":192,\"caption\":\"7culture\"},\"image\":{\"@id\":\"https:\/\/7culture.ci\/#\/schema\/logo\/image\/\"}},{\"@type\":\"Person\",\"@id\":\"https:\/\/7culture.ci\/#\/schema\/person\/16150d28d7ef66ba788c1f87f28c4426\",\"name\":\"7culture2020\",\"image\":{\"@type\":\"ImageObject\",\"inLanguage\":\"fr-FR\",\"@id\":\"https:\/\/7culture.ci\/#\/schema\/person\/image\/\",\"url\":\"https:\/\/secure.gravatar.com\/avatar\/9a0784f951306c37bcd065f52844ef95?s=96&d=mm&r=g\",\"contentUrl\":\"https:\/\/secure.gravatar.com\/avatar\/9a0784f951306c37bcd065f52844ef95?s=96&d=mm&r=g\",\"caption\":\"7culture2020\"},\"sameAs\":[\"http:\/\/7culture.ci\",\"Claude.kipre\"],\"url\":\"https:\/\/7culture.ci\/index.php\/author\/7culture2020\/\"}]}<\/script>\n<!-- \/ Yoast SEO plugin. -->","yoast_head_json":{"title":"Le Vieux M\u00e9n\u00e9kr\u00e9 est tr\u00e8s malade mais il n'est pas mort! -","robots":{"index":"index","follow":"follow","max-snippet":"max-snippet:-1","max-image-preview":"max-image-preview:large","max-video-preview":"max-video-preview:-1"},"canonical":"https:\/\/7culture.ci\/index.php\/2022\/10\/11\/le-vieux-menekre-est-decede-a-116-ans\/","og_locale":"fr_FR","og_type":"article","og_title":"Le Vieux M\u00e9n\u00e9kr\u00e9 est tr\u00e8s malade mais il n'est pas mort! -","og_description":"Une folle rumeur a mis fin aux jours de Vieux M\u00e9n\u00e9kr\u00e9 ou encore Dr Vis-\u00e0-vis &nbsp;hier mardi 11 octobre au CHU de Treichville o\u00f9 il a \u00e9t\u00e9 transf\u00e9r\u00e9 quelques jours plus t\u00f4t pour des complications cardiaques \u00e0 l\u2019Institut de cardiologie d\u2019Abidjan. La fausse information a \u00e9t\u00e9 d\u00e9mentie. Le plus que centenaire est certes dans un &hellip; Le Vieux M\u00e9n\u00e9kr\u00e9 est tr\u00e8s malade mais il n&#8217;est pas mort! Lire la suite\u00a0\u00bb","og_url":"https:\/\/7culture.ci\/index.php\/2022\/10\/11\/le-vieux-menekre-est-decede-a-116-ans\/","og_site_name":"7culture","article_publisher":"https:\/\/www.facebook.com\/redchefclaude","article_published_time":"2022-10-11T19:08:45+00:00","article_modified_time":"2022-10-18T16:38:32+00:00","og_image":[{"width":1200,"height":630,"url":"http:\/\/7culture.ci\/wp-content\/uploads\/2022\/10\/vieux-menekre1.jpg","type":"image\/jpeg"}],"author":"7culture2020","twitter_card":"summary_large_image","twitter_creator":"@7culturec","twitter_site":"@7culturec","twitter_misc":{"\u00c9crit par":"7culture2020","Dur\u00e9e de lecture estim\u00e9e":"2 minutes"},"schema":{"@context":"https:\/\/schema.org","@graph":[{"@type":"Article","@id":"https:\/\/7culture.ci\/index.php\/2022\/10\/11\/le-vieux-menekre-est-decede-a-116-ans\/#article","isPartOf":{"@id":"https:\/\/7culture.ci\/index.php\/2022\/10\/11\/le-vieux-menekre-est-decede-a-116-ans\/"},"author":{"name":"7culture2020","@id":"https:\/\/7culture.ci\/#\/schema\/person\/16150d28d7ef66ba788c1f87f28c4426"},"headline":"Le Vieux M\u00e9n\u00e9kr\u00e9 est tr\u00e8s malade mais il n&#8217;est pas mort!","datePublished":"2022-10-11T19:08:45+00:00","dateModified":"2022-10-18T16:38:32+00:00","mainEntityOfPage":{"@id":"https:\/\/7culture.ci\/index.php\/2022\/10\/11\/le-vieux-menekre-est-decede-a-116-ans\/"},"wordCount":402,"commentCount":0,"publisher":{"@id":"https:\/\/7culture.ci\/#organization"},"articleSection":["Actualit\u00e9"],"inLanguage":"fr-FR","potentialAction":[{"@type":"CommentAction","name":"Comment","target":["https:\/\/7culture.ci\/index.php\/2022\/10\/11\/le-vieux-menekre-est-decede-a-116-ans\/#respond"]}]},{"@type":"WebPage","@id":"https:\/\/7culture.ci\/index.php\/2022\/10\/11\/le-vieux-menekre-est-decede-a-116-ans\/","url":"https:\/\/7culture.ci\/index.php\/2022\/10\/11\/le-vieux-menekre-est-decede-a-116-ans\/","name":"Le Vieux M\u00e9n\u00e9kr\u00e9 est tr\u00e8s malade mais il n'est pas mort! -","isPartOf":{"@id":"https:\/\/7culture.ci\/#website"},"datePublished":"2022-10-11T19:08:45+00:00","dateModified":"2022-10-18T16:38:32+00:00","breadcrumb":{"@id":"https:\/\/7culture.ci\/index.php\/2022\/10\/11\/le-vieux-menekre-est-decede-a-116-ans\/#breadcrumb"},"inLanguage":"fr-FR","potentialAction":[{"@type":"ReadAction","target":["https:\/\/7culture.ci\/index.php\/2022\/10\/11\/le-vieux-menekre-est-decede-a-116-ans\/"]}]},{"@type":"BreadcrumbList","@id":"https:\/\/7culture.ci\/index.php\/2022\/10\/11\/le-vieux-menekre-est-decede-a-116-ans\/#breadcrumb","itemListElement":[{"@type":"ListItem","position":1,"name":"Accueil","item":"https:\/\/7culture.ci\/"},{"@type":"ListItem","position":2,"name":"Le Vieux M\u00e9n\u00e9kr\u00e9 est tr\u00e8s malade mais il n&#8217;est pas mort!"}]},{"@type":"WebSite","@id":"https:\/\/7culture.ci\/#website","url":"https:\/\/7culture.ci\/","name":"7culture","description":"Tout sur l&#039;actualit\u00e9","publisher":{"@id":"https:\/\/7culture.ci\/#organization"},"potentialAction":[{"@type":"SearchAction","target":{"@type":"EntryPoint","urlTemplate":"https:\/\/7culture.ci\/?s={search_term_string}"},"query-input":"required name=search_term_string"}],"inLanguage":"fr-FR"},{"@type":"Organization","@id":"https:\/\/7culture.ci\/#organization","name":"7culture","url":"https:\/\/7culture.ci\/","sameAs":["https:\/\/www.facebook.com\/redchefclaude","https:\/\/twitter.com\/7culturec"],"logo":{"@type":"ImageObject","inLanguage":"fr-FR","@id":"https:\/\/7culture.ci\/#\/schema\/logo\/image\/","url":"https:\/\/7culture.ci\/wp-content\/uploads\/2021\/12\/S1a-1.png","contentUrl":"https:\/\/7culture.ci\/wp-content\/uploads\/2021\/12\/S1a-1.png","width":588,"height":192,"caption":"7culture"},"image":{"@id":"https:\/\/7culture.ci\/#\/schema\/logo\/image\/"}},{"@type":"Person","@id":"https:\/\/7culture.ci\/#\/schema\/person\/16150d28d7ef66ba788c1f87f28c4426","name":"7culture2020","image":{"@type":"ImageObject","inLanguage":"fr-FR","@id":"https:\/\/7culture.ci\/#\/schema\/person\/image\/","url":"https:\/\/secure.gravatar.com\/avatar\/9a0784f951306c37bcd065f52844ef95?s=96&d=mm&r=g","contentUrl":"https:\/\/secure.gravatar.com\/avatar\/9a0784f951306c37bcd065f52844ef95?s=96&d=mm&r=g","caption":"7culture2020"},"sameAs":["http:\/\/7culture.ci","Claude.kipre"],"url":"https:\/\/7culture.ci\/index.php\/author\/7culture2020\/"}]}},"jetpack_featured_media_url":"https:\/\/7culture.ci\/wp-content\/uploads\/2022\/10\/vieux-menekre1.jpg","jetpack_likes_enabled":true,"jetpack_sharing_enabled":true,"_links":{"self":[{"href":"https:\/\/7culture.ci\/index.php\/wp-json\/wp\/v2\/posts\/24242"}],"collection":[{"href":"https:\/\/7culture.ci\/index.php\/wp-json\/wp\/v2\/posts"}],"about":[{"href":"https:\/\/7culture.ci\/index.php\/wp-json\/wp\/v2\/types\/post"}],"author":[{"embeddable":true,"href":"https:\/\/7culture.ci\/index.php\/wp-json\/wp\/v2\/users\/1"}],"replies":[{"embeddable":true,"href":"https:\/\/7culture.ci\/index.php\/wp-json\/wp\/v2\/comments?post=24242"}],"version-history":[{"count":0,"href":"https:\/\/7culture.ci\/index.php\/wp-json\/wp\/v2\/posts\/24242\/revisions"}],"wp:featuredmedia":[{"embeddable":true,"href":"https:\/\/7culture.ci\/index.php\/wp-json\/wp\/v2\/media\/24245"}],"wp:attachment":[{"href":"https:\/\/7culture.ci\/index.php\/wp-json\/wp\/v2\/media?parent=24242"}],"wp:term":[{"taxonomy":"category","embeddable":true,"href":"https:\/\/7culture.ci\/index.php\/wp-json\/wp\/v2\/categories?post=24242"},{"taxonomy":"post_tag","embeddable":true,"href":"https:\/\/7culture.ci\/index.php\/wp-json\/wp\/v2\/tags?post=24242"}],"curies":[{"name":"wp","href":"https:\/\/api.w.org\/{rel}","templated":true}]}}