{"id":24180,"date":"2022-10-10T12:02:15","date_gmt":"2022-10-10T12:02:15","guid":{"rendered":"https:\/\/7culture.ci\/?p=24180"},"modified":"2022-10-10T13:38:28","modified_gmt":"2022-10-10T13:38:28","slug":"miss2-0-cest-reparti","status":"publish","type":"post","link":"https:\/\/7culture.ci\/index.php\/2022\/10\/10\/miss2-0-cest-reparti\/","title":{"rendered":"Miss2.0, c\u2019est reparti\u00a0!"},"content":{"rendered":"\n<p>C\u2019est le mercredi 5 octobre dernier \u00e0 l\u2019immeuble Ivoire Trade Center \u00e0 Cocody que la 3<sup>e<\/sup> \u00e9dition du concours Miss2.0 a \u00e9t\u00e9 lanc\u00e9e. Concours de beaut\u00e9, certes, mais Miss2.0 fait fi du physique. Elle est ax\u00e9e sur la promotion des valeurs comme la diversit\u00e9, la culture, l\u2019engagement social, l\u2019alphab\u00e9tisation num\u00e9rique et le leadership f\u00e9minin. C\u2019est une comp\u00e9tition novatrice 100% digitale. Elle se positionne \u00e0 l&#8217;oppos\u00e9 des standards des concours de beaut\u00e9 bas\u00e9s sur l&#8217;apparence physique.<\/p>\n\n\n\n<p>Pour sa 3<sup>e<\/sup> \u00e9dition, les inscriptions se d\u00e9rouleront du 6 au 26 octobre 2022 via la plateforme Orange et le site du concours&nbsp; <a href=\"http:\/\/www.Miss2.0\">www.Miss2.0<\/a>. \u00ab&nbsp;<strong><em>Cette ann\u00e9e, le concours revient avec une troisi\u00e8me \u00e9dition pleine de surprise<\/em><\/strong>s&nbsp;\u00bb, rassure une note du comit\u00e9 d\u2019organisation. Pour y participer, il faut \u00eatre une femme ivoirienne \u00e2g\u00e9e entre 20 et 30 ans, r\u00e9sidente en C\u00f4te d\u2019Ivoire, d\u2019un niveau scolaire \u00e9quivalant au baccalaur\u00e9at, porteuse d\u2019un projet social impactant et active sur les r\u00e9seaux sociaux. La grande finale du Miss2.0 se tiendra le 23 d\u00e9cembre 2023 devant un jury physique o\u00f9 10 finalistes d\u00e9fendront chacune son projet social.<\/p>\n\n\n\n<figure class=\"wp-block-gallery has-nested-images columns-default is-cropped wp-block-gallery-1 is-layout-flex wp-block-gallery-is-layout-flex\">\n<figure class=\"wp-block-image size-large\"><img loading=\"lazy\" decoding=\"async\" width=\"1024\" height=\"683\" data-id=\"24183\" src=\"https:\/\/7culture.ci\/wp-content\/uploads\/2022\/10\/WhatsApp-Image-2022-10-10-at-11.57.03-1024x683.jpeg\" alt=\"\" class=\"wp-image-24183\" srcset=\"https:\/\/7culture.ci\/wp-content\/uploads\/2022\/10\/WhatsApp-Image-2022-10-10-at-11.57.03-1024x683.jpeg 1024w, https:\/\/7culture.ci\/wp-content\/uploads\/2022\/10\/WhatsApp-Image-2022-10-10-at-11.57.03-300x200.jpeg 300w, https:\/\/7culture.ci\/wp-content\/uploads\/2022\/10\/WhatsApp-Image-2022-10-10-at-11.57.03-768x512.jpeg 768w, https:\/\/7culture.ci\/wp-content\/uploads\/2022\/10\/WhatsApp-Image-2022-10-10-at-11.57.03.jpeg 1080w\" sizes=\"(max-width: 1024px) 100vw, 1024px\" \/><\/figure>\n\n\n\n<figure class=\"wp-block-image size-large\"><img loading=\"lazy\" decoding=\"async\" width=\"1024\" height=\"683\" data-id=\"24184\" src=\"https:\/\/7culture.ci\/wp-content\/uploads\/2022\/10\/WhatsApp-Image-2022-10-10-at-11.57.04-1-1024x683.jpeg\" alt=\"\" class=\"wp-image-24184\" srcset=\"https:\/\/7culture.ci\/wp-content\/uploads\/2022\/10\/WhatsApp-Image-2022-10-10-at-11.57.04-1-1024x683.jpeg 1024w, https:\/\/7culture.ci\/wp-content\/uploads\/2022\/10\/WhatsApp-Image-2022-10-10-at-11.57.04-1-300x200.jpeg 300w, https:\/\/7culture.ci\/wp-content\/uploads\/2022\/10\/WhatsApp-Image-2022-10-10-at-11.57.04-1-768x512.jpeg 768w, https:\/\/7culture.ci\/wp-content\/uploads\/2022\/10\/WhatsApp-Image-2022-10-10-at-11.57.04-1.jpeg 1080w\" sizes=\"(max-width: 1024px) 100vw, 1024px\" \/><\/figure>\n\n\n\n<figure class=\"wp-block-image size-large\"><img loading=\"lazy\" decoding=\"async\" width=\"1024\" height=\"683\" data-id=\"24185\" src=\"https:\/\/7culture.ci\/wp-content\/uploads\/2022\/10\/WhatsApp-Image-2022-10-10-at-11.57.04-2-1024x683.jpeg\" alt=\"\" class=\"wp-image-24185\" srcset=\"https:\/\/7culture.ci\/wp-content\/uploads\/2022\/10\/WhatsApp-Image-2022-10-10-at-11.57.04-2-1024x683.jpeg 1024w, https:\/\/7culture.ci\/wp-content\/uploads\/2022\/10\/WhatsApp-Image-2022-10-10-at-11.57.04-2-300x200.jpeg 300w, https:\/\/7culture.ci\/wp-content\/uploads\/2022\/10\/WhatsApp-Image-2022-10-10-at-11.57.04-2-768x512.jpeg 768w, https:\/\/7culture.ci\/wp-content\/uploads\/2022\/10\/WhatsApp-Image-2022-10-10-at-11.57.04-2.jpeg 1080w\" sizes=\"(max-width: 1024px) 100vw, 1024px\" \/><\/figure>\n<\/figure>\n\n\n\n<p>Avant d\u2019arriver \u00e0 cette ultime \u00e9tape du concours, les participantes s\u2019affronteront au cours des challenges soumis au vote du public, gr\u00e2ce \u00e0 un syst\u00e8me de voting, en ligne et par sms, s\u00e9curis\u00e9 et transparent. C\u2019est une sorte de phases \u00e9liminatoires dont l\u2019issue d\u00e9voilera 10 finalistes. Ces derni\u00e8res int\u00e8greront un training camp dans une villa, o\u00f9 elles seront coach\u00e9es pendant 2 semaines. La pr\u00e9sidente du jury de Miss2.0 2022 est Mme Lydie Omanga, Vice-Pr\u00e9sidente de l&#8217;Autorit\u00e9 de r\u00e9gulation de la poste et des t\u00e9l\u00e9communications (ARPTC) de la R\u00e9publique D\u00e9mocratique Congo (RDC). Elle aura pour accesseurs retrouve l\u2019actrice-mannequin Isabelle B\u00e9k\u00e9, Muriel Ciss\u00e9, directrice de la communication et de la marque d\u2019Orange C\u00f4te d\u2019Ivoire, Nadeige Tubiana, directrice r\u00e9gionale Afrique francophone de Trace, Laure Baflan-Donwahi, maire de Mayo, Stanislas Z\u00e9z\u00e9 (Pdg de Bloomfield Investment Corporation), l\u2019artiste K.S. Bloom et l\u2019\u00e9crivaine Anzata Ouattara. Cette 3<sup>e<\/sup> \u00e9dition est parrain\u00e9e par Mme Hafou Tour\u00e9 Samb, fondatrice de HTS Partners.<\/p>\n\n\n\n<p>Au terme de la finale de Miss2.0 du 23 d\u00e9cembre prochain, la nouvelle ambassadrice du leadership f\u00e9minin aupr\u00e8s de la jeunesse b\u00e9n\u00e9ficiera d\u2019une bourse d\u2019\u00e9tude, d\u2019une voiture et d\u2019un ch\u00e8que d\u2019une valeur de 15 millions de FCFA. Ses 1<sup>e<\/sup> et 2<sup>e<\/sup> Dauphines auront respectivement cinq et 3 millions de FCFA et beaucoup de lots interm\u00e9diaires des partenaires du concours.<\/p>\n\n\n\n<p>L\u2019\u00e9lue 2022 remplacera au palmar\u00e8s, Patricia Marie-Emmanuelle Victoire Yoman, Miss2.0 2021. Au lancement de la 3<sup>e<\/sup> \u00e9dition le 5 octobre dernier, elle s\u2019est dite heureuse d\u2019avoir particip\u00e9 \u00e0 cette comp\u00e9tition.<\/p>\n\n\n\n<figure class=\"wp-block-gallery has-nested-images columns-default is-cropped wp-block-gallery-2 is-layout-flex wp-block-gallery-is-layout-flex\">\n<figure class=\"wp-block-image size-large\"><img loading=\"lazy\" decoding=\"async\" width=\"1024\" height=\"683\" data-id=\"24186\" src=\"https:\/\/7culture.ci\/wp-content\/uploads\/2022\/10\/WhatsApp-Image-2022-10-10-at-11.57.04-3-1024x683.jpeg\" alt=\"\" class=\"wp-image-24186\" srcset=\"https:\/\/7culture.ci\/wp-content\/uploads\/2022\/10\/WhatsApp-Image-2022-10-10-at-11.57.04-3-1024x683.jpeg 1024w, https:\/\/7culture.ci\/wp-content\/uploads\/2022\/10\/WhatsApp-Image-2022-10-10-at-11.57.04-3-300x200.jpeg 300w, https:\/\/7culture.ci\/wp-content\/uploads\/2022\/10\/WhatsApp-Image-2022-10-10-at-11.57.04-3-768x512.jpeg 768w, https:\/\/7culture.ci\/wp-content\/uploads\/2022\/10\/WhatsApp-Image-2022-10-10-at-11.57.04-3.jpeg 1080w\" sizes=\"(max-width: 1024px) 100vw, 1024px\" \/><\/figure>\n\n\n\n<figure class=\"wp-block-image size-large\"><img loading=\"lazy\" decoding=\"async\" width=\"1024\" height=\"683\" data-id=\"24187\" src=\"https:\/\/7culture.ci\/wp-content\/uploads\/2022\/10\/WhatsApp-Image-2022-10-10-at-11.57.04-1024x683.jpeg\" alt=\"\" class=\"wp-image-24187\" srcset=\"https:\/\/7culture.ci\/wp-content\/uploads\/2022\/10\/WhatsApp-Image-2022-10-10-at-11.57.04-1024x683.jpeg 1024w, https:\/\/7culture.ci\/wp-content\/uploads\/2022\/10\/WhatsApp-Image-2022-10-10-at-11.57.04-300x200.jpeg 300w, https:\/\/7culture.ci\/wp-content\/uploads\/2022\/10\/WhatsApp-Image-2022-10-10-at-11.57.04-768x512.jpeg 768w, https:\/\/7culture.ci\/wp-content\/uploads\/2022\/10\/WhatsApp-Image-2022-10-10-at-11.57.04.jpeg 1080w\" sizes=\"(max-width: 1024px) 100vw, 1024px\" \/><\/figure>\n\n\n\n<figure class=\"wp-block-image size-large\"><img loading=\"lazy\" decoding=\"async\" width=\"1024\" height=\"683\" data-id=\"24188\" src=\"https:\/\/7culture.ci\/wp-content\/uploads\/2022\/10\/WhatsApp-Image-2022-10-10-at-11.57.05-1024x683.jpeg\" alt=\"\" class=\"wp-image-24188\" srcset=\"https:\/\/7culture.ci\/wp-content\/uploads\/2022\/10\/WhatsApp-Image-2022-10-10-at-11.57.05-1024x683.jpeg 1024w, https:\/\/7culture.ci\/wp-content\/uploads\/2022\/10\/WhatsApp-Image-2022-10-10-at-11.57.05-300x200.jpeg 300w, https:\/\/7culture.ci\/wp-content\/uploads\/2022\/10\/WhatsApp-Image-2022-10-10-at-11.57.05-768x512.jpeg 768w, https:\/\/7culture.ci\/wp-content\/uploads\/2022\/10\/WhatsApp-Image-2022-10-10-at-11.57.05.jpeg 1080w\" sizes=\"(max-width: 1024px) 100vw, 1024px\" \/><\/figure>\n<\/figure>\n\n\n\n<p>Le concours Miss2.0 est l\u2019initiative de la soci\u00e9t\u00e9 Communication Digitale et M\u00e9dias en ligne (CDML), en partenariat avec Orange C\u00f4te d\u2019Ivoire, Trace, Huawei, le Minist\u00e8re de la Communication, et le Minist\u00e8re de la Femme, de la Famille et de l\u2019Enfant, le concours Miss 2.0 fait la promotion du leadership f\u00e9minin et de l\u2019entreprenariat social aupr\u00e8s des jeunes. Ev\u00e8nement totalement novateur, tant dans son concept que dans son d\u00e9roul\u00e9, depuis deux ans, le concours a su se d\u00e9marquer en valorisant l\u2019intellect, les comp\u00e9tences et la cr\u00e9ativit\u00e9, et en se positionnant comme une tribune pour les jeunes ivoiriennes.<\/p>\n\n\n\n<p>Par Omar AK<\/p>\n","protected":false},"excerpt":{"rendered":"<p>C\u2019est le mercredi 5 octobre dernier \u00e0 l\u2019immeuble Ivoire Trade Center \u00e0 Cocody que la 3e \u00e9dition du concours Miss2.0 a \u00e9t\u00e9 lanc\u00e9e. Concours de beaut\u00e9, certes, mais Miss2.0 fait fi du physique. Elle est ax\u00e9e sur la promotion des valeurs comme la diversit\u00e9, la culture, l\u2019engagement social, l\u2019alphab\u00e9tisation num\u00e9rique et le leadership f\u00e9minin. C\u2019est &hellip;<\/p>\n<p class=\"read-more\"> <a class=\"\" href=\"https:\/\/7culture.ci\/index.php\/2022\/10\/10\/miss2-0-cest-reparti\/\"> <span class=\"screen-reader-text\">Miss2.0, c\u2019est reparti\u00a0!<\/span> Lire la suite\u00a0\u00bb<\/a><\/p>\n","protected":false},"author":1,"featured_media":24182,"comment_status":"open","ping_status":"open","sticky":false,"template":"","format":"standard","meta":{"_mi_skip_tracking":false,"_monsterinsights_sitenote_active":false,"_monsterinsights_sitenote_note":"","_monsterinsights_sitenote_category":0,"site-sidebar-layout":"default","site-content-layout":"default","ast-global-header-display":"","ast-main-header-display":"","ast-hfb-above-header-display":"","ast-hfb-below-header-display":"","ast-hfb-mobile-header-display":"","site-post-title":"","ast-breadcrumbs-content":"","ast-featured-img":"","footer-sml-layout":"","theme-transparent-header-meta":"","adv-header-id-meta":"","stick-header-meta":"","header-above-stick-meta":"","header-main-stick-meta":"","header-below-stick-meta":"","footnotes":"","jetpack_publicize_message":"","jetpack_is_tweetstorm":false,"jetpack_publicize_feature_enabled":true},"categories":[19],"tags":[],"jetpack_publicize_connections":[],"acf":[],"aioseo_notices":[],"yoast_head":"<!-- This site is optimized with the Yoast SEO plugin v19.6.1 - https:\/\/yoast.com\/wordpress\/plugins\/seo\/ -->\n<title>Miss2.0, c\u2019est reparti\u00a0! -<\/title>\n<meta name=\"robots\" content=\"index, follow, max-snippet:-1, max-image-preview:large, max-video-preview:-1\" \/>\n<link rel=\"canonical\" href=\"https:\/\/7culture.ci\/index.php\/2022\/10\/10\/miss2-0-cest-reparti\/\" \/>\n<meta property=\"og:locale\" content=\"fr_FR\" \/>\n<meta property=\"og:type\" content=\"article\" \/>\n<meta property=\"og:title\" content=\"Miss2.0, c\u2019est reparti\u00a0! -\" \/>\n<meta property=\"og:description\" content=\"C\u2019est le mercredi 5 octobre dernier \u00e0 l\u2019immeuble Ivoire Trade Center \u00e0 Cocody que la 3e \u00e9dition du concours Miss2.0 a \u00e9t\u00e9 lanc\u00e9e. Concours de beaut\u00e9, certes, mais Miss2.0 fait fi du physique. Elle est ax\u00e9e sur la promotion des valeurs comme la diversit\u00e9, la culture, l\u2019engagement social, l\u2019alphab\u00e9tisation num\u00e9rique et le leadership f\u00e9minin. C\u2019est &hellip; Miss2.0, c\u2019est reparti\u00a0! Lire la suite\u00a0\u00bb\" \/>\n<meta property=\"og:url\" content=\"https:\/\/7culture.ci\/index.php\/2022\/10\/10\/miss2-0-cest-reparti\/\" \/>\n<meta property=\"og:site_name\" content=\"7culture\" \/>\n<meta property=\"article:publisher\" content=\"https:\/\/www.facebook.com\/redchefclaude\" \/>\n<meta property=\"article:published_time\" content=\"2022-10-10T12:02:15+00:00\" \/>\n<meta property=\"article:modified_time\" content=\"2022-10-10T13:38:28+00:00\" \/>\n<meta property=\"og:image\" content=\"http:\/\/7culture.ci\/wp-content\/uploads\/2022\/10\/Miss2.0-Bon.jpg\" \/>\n\t<meta property=\"og:image:width\" content=\"750\" \/>\n\t<meta property=\"og:image:height\" content=\"450\" \/>\n\t<meta property=\"og:image:type\" content=\"image\/jpeg\" \/>\n<meta name=\"author\" content=\"7culture2020\" \/>\n<meta name=\"twitter:card\" content=\"summary_large_image\" \/>\n<meta name=\"twitter:creator\" content=\"@7culturec\" \/>\n<meta name=\"twitter:site\" content=\"@7culturec\" \/>\n<meta name=\"twitter:label1\" content=\"\u00c9crit par\" \/>\n\t<meta name=\"twitter:data1\" content=\"7culture2020\" \/>\n\t<meta name=\"twitter:label2\" content=\"Dur\u00e9e de lecture estim\u00e9e\" \/>\n\t<meta name=\"twitter:data2\" content=\"3 minutes\" \/>\n<script type=\"application\/ld+json\" class=\"yoast-schema-graph\">{\"@context\":\"https:\/\/schema.org\",\"@graph\":[{\"@type\":\"Article\",\"@id\":\"https:\/\/7culture.ci\/index.php\/2022\/10\/10\/miss2-0-cest-reparti\/#article\",\"isPartOf\":{\"@id\":\"https:\/\/7culture.ci\/index.php\/2022\/10\/10\/miss2-0-cest-reparti\/\"},\"author\":{\"name\":\"7culture2020\",\"@id\":\"https:\/\/7culture.ci\/#\/schema\/person\/16150d28d7ef66ba788c1f87f28c4426\"},\"headline\":\"Miss2.0, c\u2019est reparti\u00a0!\",\"datePublished\":\"2022-10-10T12:02:15+00:00\",\"dateModified\":\"2022-10-10T13:38:28+00:00\",\"mainEntityOfPage\":{\"@id\":\"https:\/\/7culture.ci\/index.php\/2022\/10\/10\/miss2-0-cest-reparti\/\"},\"wordCount\":587,\"commentCount\":0,\"publisher\":{\"@id\":\"https:\/\/7culture.ci\/#organization\"},\"articleSection\":[\"Beaut\u00e9\"],\"inLanguage\":\"fr-FR\",\"potentialAction\":[{\"@type\":\"CommentAction\",\"name\":\"Comment\",\"target\":[\"https:\/\/7culture.ci\/index.php\/2022\/10\/10\/miss2-0-cest-reparti\/#respond\"]}]},{\"@type\":\"WebPage\",\"@id\":\"https:\/\/7culture.ci\/index.php\/2022\/10\/10\/miss2-0-cest-reparti\/\",\"url\":\"https:\/\/7culture.ci\/index.php\/2022\/10\/10\/miss2-0-cest-reparti\/\",\"name\":\"Miss2.0, c\u2019est reparti\u00a0! -\",\"isPartOf\":{\"@id\":\"https:\/\/7culture.ci\/#website\"},\"datePublished\":\"2022-10-10T12:02:15+00:00\",\"dateModified\":\"2022-10-10T13:38:28+00:00\",\"breadcrumb\":{\"@id\":\"https:\/\/7culture.ci\/index.php\/2022\/10\/10\/miss2-0-cest-reparti\/#breadcrumb\"},\"inLanguage\":\"fr-FR\",\"potentialAction\":[{\"@type\":\"ReadAction\",\"target\":[\"https:\/\/7culture.ci\/index.php\/2022\/10\/10\/miss2-0-cest-reparti\/\"]}]},{\"@type\":\"BreadcrumbList\",\"@id\":\"https:\/\/7culture.ci\/index.php\/2022\/10\/10\/miss2-0-cest-reparti\/#breadcrumb\",\"itemListElement\":[{\"@type\":\"ListItem\",\"position\":1,\"name\":\"Accueil\",\"item\":\"https:\/\/7culture.ci\/\"},{\"@type\":\"ListItem\",\"position\":2,\"name\":\"Miss2.0, c\u2019est reparti\u00a0!\"}]},{\"@type\":\"WebSite\",\"@id\":\"https:\/\/7culture.ci\/#website\",\"url\":\"https:\/\/7culture.ci\/\",\"name\":\"7culture\",\"description\":\"Tout sur l&#039;actualit\u00e9\",\"publisher\":{\"@id\":\"https:\/\/7culture.ci\/#organization\"},\"potentialAction\":[{\"@type\":\"SearchAction\",\"target\":{\"@type\":\"EntryPoint\",\"urlTemplate\":\"https:\/\/7culture.ci\/?s={search_term_string}\"},\"query-input\":\"required name=search_term_string\"}],\"inLanguage\":\"fr-FR\"},{\"@type\":\"Organization\",\"@id\":\"https:\/\/7culture.ci\/#organization\",\"name\":\"7culture\",\"url\":\"https:\/\/7culture.ci\/\",\"sameAs\":[\"https:\/\/www.facebook.com\/redchefclaude\",\"https:\/\/twitter.com\/7culturec\"],\"logo\":{\"@type\":\"ImageObject\",\"inLanguage\":\"fr-FR\",\"@id\":\"https:\/\/7culture.ci\/#\/schema\/logo\/image\/\",\"url\":\"https:\/\/7culture.ci\/wp-content\/uploads\/2021\/12\/S1a-1.png\",\"contentUrl\":\"https:\/\/7culture.ci\/wp-content\/uploads\/2021\/12\/S1a-1.png\",\"width\":588,\"height\":192,\"caption\":\"7culture\"},\"image\":{\"@id\":\"https:\/\/7culture.ci\/#\/schema\/logo\/image\/\"}},{\"@type\":\"Person\",\"@id\":\"https:\/\/7culture.ci\/#\/schema\/person\/16150d28d7ef66ba788c1f87f28c4426\",\"name\":\"7culture2020\",\"image\":{\"@type\":\"ImageObject\",\"inLanguage\":\"fr-FR\",\"@id\":\"https:\/\/7culture.ci\/#\/schema\/person\/image\/\",\"url\":\"https:\/\/secure.gravatar.com\/avatar\/9a0784f951306c37bcd065f52844ef95?s=96&d=mm&r=g\",\"contentUrl\":\"https:\/\/secure.gravatar.com\/avatar\/9a0784f951306c37bcd065f52844ef95?s=96&d=mm&r=g\",\"caption\":\"7culture2020\"},\"sameAs\":[\"http:\/\/7culture.ci\",\"Claude.kipre\"],\"url\":\"https:\/\/7culture.ci\/index.php\/author\/7culture2020\/\"}]}<\/script>\n<!-- \/ Yoast SEO plugin. -->","yoast_head_json":{"title":"Miss2.0, c\u2019est reparti\u00a0! -","robots":{"index":"index","follow":"follow","max-snippet":"max-snippet:-1","max-image-preview":"max-image-preview:large","max-video-preview":"max-video-preview:-1"},"canonical":"https:\/\/7culture.ci\/index.php\/2022\/10\/10\/miss2-0-cest-reparti\/","og_locale":"fr_FR","og_type":"article","og_title":"Miss2.0, c\u2019est reparti\u00a0! -","og_description":"C\u2019est le mercredi 5 octobre dernier \u00e0 l\u2019immeuble Ivoire Trade Center \u00e0 Cocody que la 3e \u00e9dition du concours Miss2.0 a \u00e9t\u00e9 lanc\u00e9e. Concours de beaut\u00e9, certes, mais Miss2.0 fait fi du physique. Elle est ax\u00e9e sur la promotion des valeurs comme la diversit\u00e9, la culture, l\u2019engagement social, l\u2019alphab\u00e9tisation num\u00e9rique et le leadership f\u00e9minin. C\u2019est &hellip; Miss2.0, c\u2019est reparti\u00a0! Lire la suite\u00a0\u00bb","og_url":"https:\/\/7culture.ci\/index.php\/2022\/10\/10\/miss2-0-cest-reparti\/","og_site_name":"7culture","article_publisher":"https:\/\/www.facebook.com\/redchefclaude","article_published_time":"2022-10-10T12:02:15+00:00","article_modified_time":"2022-10-10T13:38:28+00:00","og_image":[{"width":750,"height":450,"url":"http:\/\/7culture.ci\/wp-content\/uploads\/2022\/10\/Miss2.0-Bon.jpg","type":"image\/jpeg"}],"author":"7culture2020","twitter_card":"summary_large_image","twitter_creator":"@7culturec","twitter_site":"@7culturec","twitter_misc":{"\u00c9crit par":"7culture2020","Dur\u00e9e de lecture estim\u00e9e":"3 minutes"},"schema":{"@context":"https:\/\/schema.org","@graph":[{"@type":"Article","@id":"https:\/\/7culture.ci\/index.php\/2022\/10\/10\/miss2-0-cest-reparti\/#article","isPartOf":{"@id":"https:\/\/7culture.ci\/index.php\/2022\/10\/10\/miss2-0-cest-reparti\/"},"author":{"name":"7culture2020","@id":"https:\/\/7culture.ci\/#\/schema\/person\/16150d28d7ef66ba788c1f87f28c4426"},"headline":"Miss2.0, c\u2019est reparti\u00a0!","datePublished":"2022-10-10T12:02:15+00:00","dateModified":"2022-10-10T13:38:28+00:00","mainEntityOfPage":{"@id":"https:\/\/7culture.ci\/index.php\/2022\/10\/10\/miss2-0-cest-reparti\/"},"wordCount":587,"commentCount":0,"publisher":{"@id":"https:\/\/7culture.ci\/#organization"},"articleSection":["Beaut\u00e9"],"inLanguage":"fr-FR","potentialAction":[{"@type":"CommentAction","name":"Comment","target":["https:\/\/7culture.ci\/index.php\/2022\/10\/10\/miss2-0-cest-reparti\/#respond"]}]},{"@type":"WebPage","@id":"https:\/\/7culture.ci\/index.php\/2022\/10\/10\/miss2-0-cest-reparti\/","url":"https:\/\/7culture.ci\/index.php\/2022\/10\/10\/miss2-0-cest-reparti\/","name":"Miss2.0, c\u2019est reparti\u00a0! -","isPartOf":{"@id":"https:\/\/7culture.ci\/#website"},"datePublished":"2022-10-10T12:02:15+00:00","dateModified":"2022-10-10T13:38:28+00:00","breadcrumb":{"@id":"https:\/\/7culture.ci\/index.php\/2022\/10\/10\/miss2-0-cest-reparti\/#breadcrumb"},"inLanguage":"fr-FR","potentialAction":[{"@type":"ReadAction","target":["https:\/\/7culture.ci\/index.php\/2022\/10\/10\/miss2-0-cest-reparti\/"]}]},{"@type":"BreadcrumbList","@id":"https:\/\/7culture.ci\/index.php\/2022\/10\/10\/miss2-0-cest-reparti\/#breadcrumb","itemListElement":[{"@type":"ListItem","position":1,"name":"Accueil","item":"https:\/\/7culture.ci\/"},{"@type":"ListItem","position":2,"name":"Miss2.0, c\u2019est reparti\u00a0!"}]},{"@type":"WebSite","@id":"https:\/\/7culture.ci\/#website","url":"https:\/\/7culture.ci\/","name":"7culture","description":"Tout sur l&#039;actualit\u00e9","publisher":{"@id":"https:\/\/7culture.ci\/#organization"},"potentialAction":[{"@type":"SearchAction","target":{"@type":"EntryPoint","urlTemplate":"https:\/\/7culture.ci\/?s={search_term_string}"},"query-input":"required name=search_term_string"}],"inLanguage":"fr-FR"},{"@type":"Organization","@id":"https:\/\/7culture.ci\/#organization","name":"7culture","url":"https:\/\/7culture.ci\/","sameAs":["https:\/\/www.facebook.com\/redchefclaude","https:\/\/twitter.com\/7culturec"],"logo":{"@type":"ImageObject","inLanguage":"fr-FR","@id":"https:\/\/7culture.ci\/#\/schema\/logo\/image\/","url":"https:\/\/7culture.ci\/wp-content\/uploads\/2021\/12\/S1a-1.png","contentUrl":"https:\/\/7culture.ci\/wp-content\/uploads\/2021\/12\/S1a-1.png","width":588,"height":192,"caption":"7culture"},"image":{"@id":"https:\/\/7culture.ci\/#\/schema\/logo\/image\/"}},{"@type":"Person","@id":"https:\/\/7culture.ci\/#\/schema\/person\/16150d28d7ef66ba788c1f87f28c4426","name":"7culture2020","image":{"@type":"ImageObject","inLanguage":"fr-FR","@id":"https:\/\/7culture.ci\/#\/schema\/person\/image\/","url":"https:\/\/secure.gravatar.com\/avatar\/9a0784f951306c37bcd065f52844ef95?s=96&d=mm&r=g","contentUrl":"https:\/\/secure.gravatar.com\/avatar\/9a0784f951306c37bcd065f52844ef95?s=96&d=mm&r=g","caption":"7culture2020"},"sameAs":["http:\/\/7culture.ci","Claude.kipre"],"url":"https:\/\/7culture.ci\/index.php\/author\/7culture2020\/"}]}},"jetpack_featured_media_url":"https:\/\/7culture.ci\/wp-content\/uploads\/2022\/10\/Miss2.0-Bon.jpg","jetpack_likes_enabled":true,"jetpack_sharing_enabled":true,"_links":{"self":[{"href":"https:\/\/7culture.ci\/index.php\/wp-json\/wp\/v2\/posts\/24180"}],"collection":[{"href":"https:\/\/7culture.ci\/index.php\/wp-json\/wp\/v2\/posts"}],"about":[{"href":"https:\/\/7culture.ci\/index.php\/wp-json\/wp\/v2\/types\/post"}],"author":[{"embeddable":true,"href":"https:\/\/7culture.ci\/index.php\/wp-json\/wp\/v2\/users\/1"}],"replies":[{"embeddable":true,"href":"https:\/\/7culture.ci\/index.php\/wp-json\/wp\/v2\/comments?post=24180"}],"version-history":[{"count":0,"href":"https:\/\/7culture.ci\/index.php\/wp-json\/wp\/v2\/posts\/24180\/revisions"}],"wp:featuredmedia":[{"embeddable":true,"href":"https:\/\/7culture.ci\/index.php\/wp-json\/wp\/v2\/media\/24182"}],"wp:attachment":[{"href":"https:\/\/7culture.ci\/index.php\/wp-json\/wp\/v2\/media?parent=24180"}],"wp:term":[{"taxonomy":"category","embeddable":true,"href":"https:\/\/7culture.ci\/index.php\/wp-json\/wp\/v2\/categories?post=24180"},{"taxonomy":"post_tag","embeddable":true,"href":"https:\/\/7culture.ci\/index.php\/wp-json\/wp\/v2\/tags?post=24180"}],"curies":[{"name":"wp","href":"https:\/\/api.w.org\/{rel}","templated":true}]}}