{"id":24171,"date":"2022-10-06T16:55:02","date_gmt":"2022-10-06T16:55:02","guid":{"rendered":"https:\/\/7culture.ci\/?p=24171"},"modified":"2022-10-10T12:04:09","modified_gmt":"2022-10-10T12:04:09","slug":"prix-nobel-litterature-2022-la-francaise-annie-ernaux-recompensee","status":"publish","type":"post","link":"https:\/\/7culture.ci\/index.php\/2022\/10\/06\/prix-nobel-litterature-2022-la-francaise-annie-ernaux-recompensee\/","title":{"rendered":"Prix Nobel litt\u00e9rature 2022\u00a0: La Fran\u00e7aise Annie Ernaux r\u00e9compens\u00e9e"},"content":{"rendered":"\n<p><strong><em>Son nom \u00e9tait sur toutes les l\u00e8vres. Annie Ernaux, 82 ans, \u00e9crivaine fran\u00e7aise, se voit d\u00e9cerner le prix Nobel de litt\u00e9rature 2022. Elle est la premi\u00e8re Fran\u00e7aise \u00e0 recevoir le prix litt\u00e9raire le plus prestigieux au monde.<\/em><\/strong><\/p>\n\n\n\n<p>L\u2019Acad\u00e9mie su\u00e9doise a, encore une fois, d\u00e9jou\u00e9 les pronostics en attribuant le prix Nobel de litt\u00e9rature, jeudi 6 octobre, \u00e0 une \u00e9crivaine fran\u00e7aise tr\u00e8s attendue. Annie Ernaux est la dix-septi\u00e8me femme dans l\u2019histoire du prix Nobel de litt\u00e9rature et succ\u00e8de au romancier tanzanien Abdulrazak Gurnah qui a \u00e9t\u00e9, en 2021, le cinqui\u00e8me Africain distingu\u00e9 par le prix.<\/p>\n\n\n\n<p>\u00c0 l\u2019\u00e9poque des r\u00e9seaux sociaux et de la pression de l\u2019imm\u00e9diatet\u00e9 sur nos vies, le premier geste fort de la laur\u00e9ate \u00e9tait de ne pas \u00eatre joignable. En effet, le comit\u00e9 du prix Nobel a bien annonc\u00e9 le nom d\u2019Annie Ernaux, mais en m\u00eame temps, il a d\u00fb admettre ne pas avoir r\u00e9ussi \u00e0 joindre la laur\u00e9ate par t\u00e9l\u00e9phone.<\/p>\n\n\n\n<p>\u00ab <strong>La force lib\u00e9ratrice de l\u2019\u00e9criture <\/strong>\u00bb<\/p>\n\n\n\n<p>\u00ab <strong><em>Annie Ernaux croit manifestement \u00e0 la force lib\u00e9ratrice de l&#8217;\u00e9criture. Son \u0153uvre est sans concession et \u00e9crite dans un langage simple, gratt\u00e9. Et lorsqu&#8217;elle r\u00e9v\u00e8le avec beaucoup de courage et d&#8217;acuit\u00e9 clinique l&#8217;agonie de l&#8217;exp\u00e9rience de la classe, d\u00e9crivant la honte, l&#8217;humiliation, la jalousie ou l&#8217;incapacit\u00e9 \u00e0 voir qui l&#8217;on est, elle a accompli quelque chose d&#8217;admirable et de durable<\/em><\/strong> \u00bb, a \u00e9crit Anders Olsson, le pr\u00e9sident du comit\u00e9 Nobel dans son \u00e9loge.&nbsp;<\/p>\n\n\n\n<figure class=\"wp-block-image size-full\"><img loading=\"lazy\" decoding=\"async\" width=\"520\" height=\"312\" src=\"https:\/\/7culture.ci\/wp-content\/uploads\/2022\/10\/AAnnie-Ernaux1.jpg\" alt=\"\" class=\"wp-image-24174\" srcset=\"https:\/\/7culture.ci\/wp-content\/uploads\/2022\/10\/AAnnie-Ernaux1.jpg 520w, https:\/\/7culture.ci\/wp-content\/uploads\/2022\/10\/AAnnie-Ernaux1-300x180.jpg 300w\" sizes=\"(max-width: 520px) 100vw, 520px\" \/><\/figure>\n\n\n\n<p>C\u2019est finalement la t\u00e9l\u00e9vision su\u00e9doise SVT qui a r\u00e9ussi \u00e0 entrer en contact avec la laur\u00e9ate. Ainsi, Annie Ernaux a parl\u00e9 d\u2019un \u00ab <strong><em>tr\u00e8s grand honneur<\/em><\/strong> \u00bb et d\u2019une \u00ab <strong><em>responsabilit\u00e9<\/em><\/strong> \u00bb. \u00ab <strong><em>C&#8217;est-\u00e0-dire de t\u00e9moigner [&#8230;] d&#8217;une forme de justesse, de justice, par rapport au monde <\/em><\/strong>\u00bb. Annie Ernaux, avec qui la France compte aujourd\u2019hui seize laur\u00e9ats fran\u00e7ais, est n\u00e9e en 1940 \u00e0 Lillebonne et a grandi quelques kilom\u00e8tres plus loin, \u00e0 Yvetot, dans un environnement plut\u00f4t modeste dont elle t\u00e9moigne dans son premier livre, \u2018<em>\u2019Les armoires vides\u2019\u2019<\/em>, une enqu\u00eate sur ses racines normandes, publi\u00e9 en 1974. Elle eut longtemps honte de ses parents qui tenaient, dans cette petite commune pr\u00e8s de la c\u00f4te normande, une \u00e9picerie et un caf\u00e9. Pour arriver \u00e0 l\u2019\u00e9criture, Ernaux a d\u00fb parcourir un chemin long et ardu. Dans ses romans, l\u2019\u00e9crivaine \u00e9voque r\u00e9guli\u00e8rement cette vie en milieu rural marqu\u00e9e par le genre, la langue et les classes sociales. Pour elle, son \u00e9criture, dot\u00e9e d\u2019un style \u00e0 la fois classique et intuitif, dur et transparent, vise \u00e0 \u00e9largir les fronti\u00e8res de la litt\u00e9rature bien au-del\u00e0 de la fiction et du r\u00e9cit romanesque. Elle-m\u00eame s\u2019est d\u00e9crite comme une \u00ab <strong><em>ethnologue<\/em><\/strong> \u00bb faisant volontairement allusion aux travaux tr\u00e8s critiques du sociologue Pierre Bourdieu, mais aussi au chef-d\u2019\u0153uvre de Marcel Proust, \u2018<em>\u2019\u00c0 la recherche du temps perdu<\/em>\u2019\u2019\u2026 La suite <strong><a href=\"https:\/\/www.rfi.fr\/fr\/culture\/20221006-la-fran%C3%A7aise-annie-ernaux-r%C3%A9compens%C3%A9e-du-prix-nobel-de-litt%C3%A9rature-2022\">ICI.<\/a><\/strong><\/p>\n","protected":false},"excerpt":{"rendered":"<p>Son nom \u00e9tait sur toutes les l\u00e8vres. Annie Ernaux, 82 ans, \u00e9crivaine fran\u00e7aise, se voit d\u00e9cerner le prix Nobel de litt\u00e9rature 2022. Elle est la premi\u00e8re Fran\u00e7aise \u00e0 recevoir le prix litt\u00e9raire le plus prestigieux au monde. L\u2019Acad\u00e9mie su\u00e9doise a, encore une fois, d\u00e9jou\u00e9 les pronostics en attribuant le prix Nobel de litt\u00e9rature, jeudi 6 &hellip;<\/p>\n<p class=\"read-more\"> <a class=\"\" href=\"https:\/\/7culture.ci\/index.php\/2022\/10\/06\/prix-nobel-litterature-2022-la-francaise-annie-ernaux-recompensee\/\"> <span class=\"screen-reader-text\">Prix Nobel litt\u00e9rature 2022\u00a0: La Fran\u00e7aise Annie Ernaux r\u00e9compens\u00e9e<\/span> Lire la suite\u00a0\u00bb<\/a><\/p>\n","protected":false},"author":1,"featured_media":24173,"comment_status":"open","ping_status":"open","sticky":false,"template":"","format":"standard","meta":{"_mi_skip_tracking":false,"_monsterinsights_sitenote_active":false,"_monsterinsights_sitenote_note":"","_monsterinsights_sitenote_category":0,"site-sidebar-layout":"default","site-content-layout":"default","ast-global-header-display":"","ast-main-header-display":"","ast-hfb-above-header-display":"","ast-hfb-below-header-display":"","ast-hfb-mobile-header-display":"","site-post-title":"","ast-breadcrumbs-content":"","ast-featured-img":"","footer-sml-layout":"","theme-transparent-header-meta":"","adv-header-id-meta":"","stick-header-meta":"","header-above-stick-meta":"","header-main-stick-meta":"","header-below-stick-meta":"","footnotes":"","jetpack_publicize_message":"","jetpack_is_tweetstorm":false,"jetpack_publicize_feature_enabled":true},"categories":[22],"tags":[],"jetpack_publicize_connections":[],"acf":[],"aioseo_notices":[],"yoast_head":"<!-- This site is optimized with the Yoast SEO plugin v19.6.1 - https:\/\/yoast.com\/wordpress\/plugins\/seo\/ -->\n<title>Prix Nobel litt\u00e9rature 2022\u00a0: La Fran\u00e7aise Annie Ernaux r\u00e9compens\u00e9e - 7culture<\/title>\n<meta name=\"robots\" content=\"index, follow, max-snippet:-1, max-image-preview:large, max-video-preview:-1\" \/>\n<link rel=\"canonical\" href=\"https:\/\/7culture.ci\/index.php\/2022\/10\/06\/prix-nobel-litterature-2022-la-francaise-annie-ernaux-recompensee\/\" \/>\n<meta property=\"og:locale\" content=\"fr_FR\" \/>\n<meta property=\"og:type\" content=\"article\" \/>\n<meta property=\"og:title\" content=\"Prix Nobel litt\u00e9rature 2022\u00a0: La Fran\u00e7aise Annie Ernaux r\u00e9compens\u00e9e - 7culture\" \/>\n<meta property=\"og:description\" content=\"Son nom \u00e9tait sur toutes les l\u00e8vres. Annie Ernaux, 82 ans, \u00e9crivaine fran\u00e7aise, se voit d\u00e9cerner le prix Nobel de litt\u00e9rature 2022. Elle est la premi\u00e8re Fran\u00e7aise \u00e0 recevoir le prix litt\u00e9raire le plus prestigieux au monde. L\u2019Acad\u00e9mie su\u00e9doise a, encore une fois, d\u00e9jou\u00e9 les pronostics en attribuant le prix Nobel de litt\u00e9rature, jeudi 6 &hellip; Prix Nobel litt\u00e9rature 2022\u00a0: La Fran\u00e7aise Annie Ernaux r\u00e9compens\u00e9e Lire la suite\u00a0\u00bb\" \/>\n<meta property=\"og:url\" content=\"https:\/\/7culture.ci\/index.php\/2022\/10\/06\/prix-nobel-litterature-2022-la-francaise-annie-ernaux-recompensee\/\" \/>\n<meta property=\"og:site_name\" content=\"7culture\" \/>\n<meta property=\"article:publisher\" content=\"https:\/\/www.facebook.com\/redchefclaude\" \/>\n<meta property=\"article:published_time\" content=\"2022-10-06T16:55:02+00:00\" \/>\n<meta property=\"article:modified_time\" content=\"2022-10-10T12:04:09+00:00\" \/>\n<meta property=\"og:image\" content=\"http:\/\/7culture.ci\/wp-content\/uploads\/2022\/10\/AAnnie-Ernaux2.jpg\" \/>\n\t<meta property=\"og:image:width\" content=\"932\" \/>\n\t<meta property=\"og:image:height\" content=\"582\" \/>\n\t<meta property=\"og:image:type\" content=\"image\/jpeg\" \/>\n<meta name=\"author\" content=\"7culture2020\" \/>\n<meta name=\"twitter:card\" content=\"summary_large_image\" \/>\n<meta name=\"twitter:creator\" content=\"@7culturec\" \/>\n<meta name=\"twitter:site\" content=\"@7culturec\" \/>\n<meta name=\"twitter:label1\" content=\"\u00c9crit par\" \/>\n\t<meta name=\"twitter:data1\" content=\"7culture2020\" \/>\n\t<meta name=\"twitter:label2\" content=\"Dur\u00e9e de lecture estim\u00e9e\" \/>\n\t<meta name=\"twitter:data2\" content=\"3 minutes\" \/>\n<script type=\"application\/ld+json\" class=\"yoast-schema-graph\">{\"@context\":\"https:\/\/schema.org\",\"@graph\":[{\"@type\":\"Article\",\"@id\":\"https:\/\/7culture.ci\/index.php\/2022\/10\/06\/prix-nobel-litterature-2022-la-francaise-annie-ernaux-recompensee\/#article\",\"isPartOf\":{\"@id\":\"https:\/\/7culture.ci\/index.php\/2022\/10\/06\/prix-nobel-litterature-2022-la-francaise-annie-ernaux-recompensee\/\"},\"author\":{\"name\":\"7culture2020\",\"@id\":\"https:\/\/7culture.ci\/#\/schema\/person\/16150d28d7ef66ba788c1f87f28c4426\"},\"headline\":\"Prix Nobel litt\u00e9rature 2022\u00a0: La Fran\u00e7aise Annie Ernaux r\u00e9compens\u00e9e\",\"datePublished\":\"2022-10-06T16:55:02+00:00\",\"dateModified\":\"2022-10-10T12:04:09+00:00\",\"mainEntityOfPage\":{\"@id\":\"https:\/\/7culture.ci\/index.php\/2022\/10\/06\/prix-nobel-litterature-2022-la-francaise-annie-ernaux-recompensee\/\"},\"wordCount\":513,\"commentCount\":0,\"publisher\":{\"@id\":\"https:\/\/7culture.ci\/#organization\"},\"articleSection\":[\"Actualit\u00e9\"],\"inLanguage\":\"fr-FR\",\"potentialAction\":[{\"@type\":\"CommentAction\",\"name\":\"Comment\",\"target\":[\"https:\/\/7culture.ci\/index.php\/2022\/10\/06\/prix-nobel-litterature-2022-la-francaise-annie-ernaux-recompensee\/#respond\"]}]},{\"@type\":\"WebPage\",\"@id\":\"https:\/\/7culture.ci\/index.php\/2022\/10\/06\/prix-nobel-litterature-2022-la-francaise-annie-ernaux-recompensee\/\",\"url\":\"https:\/\/7culture.ci\/index.php\/2022\/10\/06\/prix-nobel-litterature-2022-la-francaise-annie-ernaux-recompensee\/\",\"name\":\"Prix Nobel litt\u00e9rature 2022\u00a0: La Fran\u00e7aise Annie Ernaux r\u00e9compens\u00e9e - 7culture\",\"isPartOf\":{\"@id\":\"https:\/\/7culture.ci\/#website\"},\"datePublished\":\"2022-10-06T16:55:02+00:00\",\"dateModified\":\"2022-10-10T12:04:09+00:00\",\"breadcrumb\":{\"@id\":\"https:\/\/7culture.ci\/index.php\/2022\/10\/06\/prix-nobel-litterature-2022-la-francaise-annie-ernaux-recompensee\/#breadcrumb\"},\"inLanguage\":\"fr-FR\",\"potentialAction\":[{\"@type\":\"ReadAction\",\"target\":[\"https:\/\/7culture.ci\/index.php\/2022\/10\/06\/prix-nobel-litterature-2022-la-francaise-annie-ernaux-recompensee\/\"]}]},{\"@type\":\"BreadcrumbList\",\"@id\":\"https:\/\/7culture.ci\/index.php\/2022\/10\/06\/prix-nobel-litterature-2022-la-francaise-annie-ernaux-recompensee\/#breadcrumb\",\"itemListElement\":[{\"@type\":\"ListItem\",\"position\":1,\"name\":\"Accueil\",\"item\":\"https:\/\/7culture.ci\/\"},{\"@type\":\"ListItem\",\"position\":2,\"name\":\"Prix Nobel litt\u00e9rature 2022\u00a0: La Fran\u00e7aise Annie Ernaux r\u00e9compens\u00e9e\"}]},{\"@type\":\"WebSite\",\"@id\":\"https:\/\/7culture.ci\/#website\",\"url\":\"https:\/\/7culture.ci\/\",\"name\":\"7culture\",\"description\":\"Tout sur l&#039;actualit\u00e9\",\"publisher\":{\"@id\":\"https:\/\/7culture.ci\/#organization\"},\"potentialAction\":[{\"@type\":\"SearchAction\",\"target\":{\"@type\":\"EntryPoint\",\"urlTemplate\":\"https:\/\/7culture.ci\/?s={search_term_string}\"},\"query-input\":\"required name=search_term_string\"}],\"inLanguage\":\"fr-FR\"},{\"@type\":\"Organization\",\"@id\":\"https:\/\/7culture.ci\/#organization\",\"name\":\"7culture\",\"url\":\"https:\/\/7culture.ci\/\",\"sameAs\":[\"https:\/\/www.facebook.com\/redchefclaude\",\"https:\/\/twitter.com\/7culturec\"],\"logo\":{\"@type\":\"ImageObject\",\"inLanguage\":\"fr-FR\",\"@id\":\"https:\/\/7culture.ci\/#\/schema\/logo\/image\/\",\"url\":\"https:\/\/7culture.ci\/wp-content\/uploads\/2021\/12\/S1a-1.png\",\"contentUrl\":\"https:\/\/7culture.ci\/wp-content\/uploads\/2021\/12\/S1a-1.png\",\"width\":588,\"height\":192,\"caption\":\"7culture\"},\"image\":{\"@id\":\"https:\/\/7culture.ci\/#\/schema\/logo\/image\/\"}},{\"@type\":\"Person\",\"@id\":\"https:\/\/7culture.ci\/#\/schema\/person\/16150d28d7ef66ba788c1f87f28c4426\",\"name\":\"7culture2020\",\"image\":{\"@type\":\"ImageObject\",\"inLanguage\":\"fr-FR\",\"@id\":\"https:\/\/7culture.ci\/#\/schema\/person\/image\/\",\"url\":\"https:\/\/secure.gravatar.com\/avatar\/9a0784f951306c37bcd065f52844ef95?s=96&d=mm&r=g\",\"contentUrl\":\"https:\/\/secure.gravatar.com\/avatar\/9a0784f951306c37bcd065f52844ef95?s=96&d=mm&r=g\",\"caption\":\"7culture2020\"},\"sameAs\":[\"http:\/\/7culture.ci\",\"Claude.kipre\"],\"url\":\"https:\/\/7culture.ci\/index.php\/author\/7culture2020\/\"}]}<\/script>\n<!-- \/ Yoast SEO plugin. -->","yoast_head_json":{"title":"Prix Nobel litt\u00e9rature 2022\u00a0: La Fran\u00e7aise Annie Ernaux r\u00e9compens\u00e9e - 7culture","robots":{"index":"index","follow":"follow","max-snippet":"max-snippet:-1","max-image-preview":"max-image-preview:large","max-video-preview":"max-video-preview:-1"},"canonical":"https:\/\/7culture.ci\/index.php\/2022\/10\/06\/prix-nobel-litterature-2022-la-francaise-annie-ernaux-recompensee\/","og_locale":"fr_FR","og_type":"article","og_title":"Prix Nobel litt\u00e9rature 2022\u00a0: La Fran\u00e7aise Annie Ernaux r\u00e9compens\u00e9e - 7culture","og_description":"Son nom \u00e9tait sur toutes les l\u00e8vres. Annie Ernaux, 82 ans, \u00e9crivaine fran\u00e7aise, se voit d\u00e9cerner le prix Nobel de litt\u00e9rature 2022. Elle est la premi\u00e8re Fran\u00e7aise \u00e0 recevoir le prix litt\u00e9raire le plus prestigieux au monde. L\u2019Acad\u00e9mie su\u00e9doise a, encore une fois, d\u00e9jou\u00e9 les pronostics en attribuant le prix Nobel de litt\u00e9rature, jeudi 6 &hellip; Prix Nobel litt\u00e9rature 2022\u00a0: La Fran\u00e7aise Annie Ernaux r\u00e9compens\u00e9e Lire la suite\u00a0\u00bb","og_url":"https:\/\/7culture.ci\/index.php\/2022\/10\/06\/prix-nobel-litterature-2022-la-francaise-annie-ernaux-recompensee\/","og_site_name":"7culture","article_publisher":"https:\/\/www.facebook.com\/redchefclaude","article_published_time":"2022-10-06T16:55:02+00:00","article_modified_time":"2022-10-10T12:04:09+00:00","og_image":[{"width":932,"height":582,"url":"http:\/\/7culture.ci\/wp-content\/uploads\/2022\/10\/AAnnie-Ernaux2.jpg","type":"image\/jpeg"}],"author":"7culture2020","twitter_card":"summary_large_image","twitter_creator":"@7culturec","twitter_site":"@7culturec","twitter_misc":{"\u00c9crit par":"7culture2020","Dur\u00e9e de lecture estim\u00e9e":"3 minutes"},"schema":{"@context":"https:\/\/schema.org","@graph":[{"@type":"Article","@id":"https:\/\/7culture.ci\/index.php\/2022\/10\/06\/prix-nobel-litterature-2022-la-francaise-annie-ernaux-recompensee\/#article","isPartOf":{"@id":"https:\/\/7culture.ci\/index.php\/2022\/10\/06\/prix-nobel-litterature-2022-la-francaise-annie-ernaux-recompensee\/"},"author":{"name":"7culture2020","@id":"https:\/\/7culture.ci\/#\/schema\/person\/16150d28d7ef66ba788c1f87f28c4426"},"headline":"Prix Nobel litt\u00e9rature 2022\u00a0: La Fran\u00e7aise Annie Ernaux r\u00e9compens\u00e9e","datePublished":"2022-10-06T16:55:02+00:00","dateModified":"2022-10-10T12:04:09+00:00","mainEntityOfPage":{"@id":"https:\/\/7culture.ci\/index.php\/2022\/10\/06\/prix-nobel-litterature-2022-la-francaise-annie-ernaux-recompensee\/"},"wordCount":513,"commentCount":0,"publisher":{"@id":"https:\/\/7culture.ci\/#organization"},"articleSection":["Actualit\u00e9"],"inLanguage":"fr-FR","potentialAction":[{"@type":"CommentAction","name":"Comment","target":["https:\/\/7culture.ci\/index.php\/2022\/10\/06\/prix-nobel-litterature-2022-la-francaise-annie-ernaux-recompensee\/#respond"]}]},{"@type":"WebPage","@id":"https:\/\/7culture.ci\/index.php\/2022\/10\/06\/prix-nobel-litterature-2022-la-francaise-annie-ernaux-recompensee\/","url":"https:\/\/7culture.ci\/index.php\/2022\/10\/06\/prix-nobel-litterature-2022-la-francaise-annie-ernaux-recompensee\/","name":"Prix Nobel litt\u00e9rature 2022\u00a0: La Fran\u00e7aise Annie Ernaux r\u00e9compens\u00e9e - 7culture","isPartOf":{"@id":"https:\/\/7culture.ci\/#website"},"datePublished":"2022-10-06T16:55:02+00:00","dateModified":"2022-10-10T12:04:09+00:00","breadcrumb":{"@id":"https:\/\/7culture.ci\/index.php\/2022\/10\/06\/prix-nobel-litterature-2022-la-francaise-annie-ernaux-recompensee\/#breadcrumb"},"inLanguage":"fr-FR","potentialAction":[{"@type":"ReadAction","target":["https:\/\/7culture.ci\/index.php\/2022\/10\/06\/prix-nobel-litterature-2022-la-francaise-annie-ernaux-recompensee\/"]}]},{"@type":"BreadcrumbList","@id":"https:\/\/7culture.ci\/index.php\/2022\/10\/06\/prix-nobel-litterature-2022-la-francaise-annie-ernaux-recompensee\/#breadcrumb","itemListElement":[{"@type":"ListItem","position":1,"name":"Accueil","item":"https:\/\/7culture.ci\/"},{"@type":"ListItem","position":2,"name":"Prix Nobel litt\u00e9rature 2022\u00a0: La Fran\u00e7aise Annie Ernaux r\u00e9compens\u00e9e"}]},{"@type":"WebSite","@id":"https:\/\/7culture.ci\/#website","url":"https:\/\/7culture.ci\/","name":"7culture","description":"Tout sur l&#039;actualit\u00e9","publisher":{"@id":"https:\/\/7culture.ci\/#organization"},"potentialAction":[{"@type":"SearchAction","target":{"@type":"EntryPoint","urlTemplate":"https:\/\/7culture.ci\/?s={search_term_string}"},"query-input":"required name=search_term_string"}],"inLanguage":"fr-FR"},{"@type":"Organization","@id":"https:\/\/7culture.ci\/#organization","name":"7culture","url":"https:\/\/7culture.ci\/","sameAs":["https:\/\/www.facebook.com\/redchefclaude","https:\/\/twitter.com\/7culturec"],"logo":{"@type":"ImageObject","inLanguage":"fr-FR","@id":"https:\/\/7culture.ci\/#\/schema\/logo\/image\/","url":"https:\/\/7culture.ci\/wp-content\/uploads\/2021\/12\/S1a-1.png","contentUrl":"https:\/\/7culture.ci\/wp-content\/uploads\/2021\/12\/S1a-1.png","width":588,"height":192,"caption":"7culture"},"image":{"@id":"https:\/\/7culture.ci\/#\/schema\/logo\/image\/"}},{"@type":"Person","@id":"https:\/\/7culture.ci\/#\/schema\/person\/16150d28d7ef66ba788c1f87f28c4426","name":"7culture2020","image":{"@type":"ImageObject","inLanguage":"fr-FR","@id":"https:\/\/7culture.ci\/#\/schema\/person\/image\/","url":"https:\/\/secure.gravatar.com\/avatar\/9a0784f951306c37bcd065f52844ef95?s=96&d=mm&r=g","contentUrl":"https:\/\/secure.gravatar.com\/avatar\/9a0784f951306c37bcd065f52844ef95?s=96&d=mm&r=g","caption":"7culture2020"},"sameAs":["http:\/\/7culture.ci","Claude.kipre"],"url":"https:\/\/7culture.ci\/index.php\/author\/7culture2020\/"}]}},"jetpack_featured_media_url":"https:\/\/7culture.ci\/wp-content\/uploads\/2022\/10\/AAnnie-Ernaux2.jpg","jetpack_likes_enabled":true,"jetpack_sharing_enabled":true,"_links":{"self":[{"href":"https:\/\/7culture.ci\/index.php\/wp-json\/wp\/v2\/posts\/24171"}],"collection":[{"href":"https:\/\/7culture.ci\/index.php\/wp-json\/wp\/v2\/posts"}],"about":[{"href":"https:\/\/7culture.ci\/index.php\/wp-json\/wp\/v2\/types\/post"}],"author":[{"embeddable":true,"href":"https:\/\/7culture.ci\/index.php\/wp-json\/wp\/v2\/users\/1"}],"replies":[{"embeddable":true,"href":"https:\/\/7culture.ci\/index.php\/wp-json\/wp\/v2\/comments?post=24171"}],"version-history":[{"count":0,"href":"https:\/\/7culture.ci\/index.php\/wp-json\/wp\/v2\/posts\/24171\/revisions"}],"wp:featuredmedia":[{"embeddable":true,"href":"https:\/\/7culture.ci\/index.php\/wp-json\/wp\/v2\/media\/24173"}],"wp:attachment":[{"href":"https:\/\/7culture.ci\/index.php\/wp-json\/wp\/v2\/media?parent=24171"}],"wp:term":[{"taxonomy":"category","embeddable":true,"href":"https:\/\/7culture.ci\/index.php\/wp-json\/wp\/v2\/categories?post=24171"},{"taxonomy":"post_tag","embeddable":true,"href":"https:\/\/7culture.ci\/index.php\/wp-json\/wp\/v2\/tags?post=24171"}],"curies":[{"name":"wp","href":"https:\/\/api.w.org\/{rel}","templated":true}]}}