{"id":24161,"date":"2022-10-04T16:51:53","date_gmt":"2022-10-04T16:51:53","guid":{"rendered":"https:\/\/7culture.ci\/?p=24161"},"modified":"2022-10-06T16:56:46","modified_gmt":"2022-10-06T16:56:46","slug":"long-larnp-sengage-a-lutter-contre-linsalubrite-et-lincivisme","status":"publish","type":"post","link":"https:\/\/7culture.ci\/index.php\/2022\/10\/04\/long-larnp-sengage-a-lutter-contre-linsalubrite-et-lincivisme\/","title":{"rendered":"L\u2019ONG LARNP s\u2019engage \u00e0 lutter contre l\u2019insalubrit\u00e9 et l\u2019incivisme"},"content":{"rendered":"\n<p>Dans le cadre de l\u2019am\u00e9lioration du cadre de vie des Ivoiriens, une nouvelle ONG vient de voir le jour. Elle s\u2019appelle &#8220;La Rue N\u2019est pas une Poubelle&#8221; (LARNP). Elle a \u00e9t\u00e9 officiellement pr\u00e9sent\u00e9e \u00e0 la presse et au grand public le vendredi 30 septembre \u00e0 l\u2019h\u00f4tel communal de Port-Bou\u00ebt \u00e0 Abidjan. \u00ab&nbsp;<strong><em>L&#8217;un des faits sociaux les plus r\u00e9currents de notre civilisation contemporaine, dans la dynamique urbaine, est le probl\u00e8me de la sauvegarde de l&#8217;environnement, lequel est menac\u00e9 par la quantit\u00e9 de pollution dont les d\u00e9chets solides urbains. En C\u00f4te d\u2019Ivoire, particuli\u00e8rement \u00e0 Abidjan, la gestion des d\u00e9chets solides urbains constitue un important probl\u00e8me, en d\u00e9pit des nombreuses initiatives d&#8217;assainissement constat\u00e9es de la part de diff\u00e9rents acteurs<\/em><\/strong>&nbsp;\u00bb, a estim\u00e9 un document de l\u2019ONG LARNP.<\/p>\n\n\n\n<p>Au lancement de cette ONG pr\u00e9sid\u00e9e par J\u00e9r\u00f4me Bitti, &nbsp;de nombreuses personnalit\u00e9s publiques comme l\u2019ambassadeur Mohamed Salam\u00e9 et l\u2019archev\u00eaque Guy Vincent Kodja ont rehauss\u00e9 de leur pr\u00e9sence l\u2019\u00e9v\u00e8nement. \u00ab&nbsp;<strong><em>Je demande aux Ivoiriens de changer d\u2019attitude et reflexe. Notre ONG a \u00e9t\u00e9 mise en place pour parler aux citoyens. Changeons de comportement<\/em><\/strong>&nbsp;\u00bb, a suppli\u00e9 M. Bitti. Il a par ailleurs ajout\u00e9 que l\u2019action conjugu\u00e9e de chacun permettra d\u2019avoir une ville propre. Le message du pr\u00e9sident Bitti a \u00e9t\u00e9 soutenu par le Chairman Mohamed Salam\u00e9. \u00ab&nbsp;<strong><em>On est propre quand notre environnement est propre. La salubrit\u00e9 est une question de survie, de sant\u00e9. Ce que l\u2019ONG \u2018\u2019La rue n\u2019est pas une poubelle\u2019\u2019 est en train de faire est \u00e9norme<\/em><\/strong>&nbsp;\u00bb, a d\u00e9clar\u00e9 M. Salam\u00e9.<\/p>\n\n\n\n<figure class=\"wp-block-gallery has-nested-images columns-default is-cropped wp-block-gallery-1 is-layout-flex wp-block-gallery-is-layout-flex\">\n<figure class=\"wp-block-image size-large\"><img loading=\"lazy\" decoding=\"async\" width=\"1024\" height=\"683\" data-id=\"24164\" src=\"https:\/\/7culture.ci\/wp-content\/uploads\/2022\/10\/IMG-20221004-WA0008.jpg\" alt=\"\" class=\"wp-image-24164\" srcset=\"https:\/\/7culture.ci\/wp-content\/uploads\/2022\/10\/IMG-20221004-WA0008.jpg 1024w, https:\/\/7culture.ci\/wp-content\/uploads\/2022\/10\/IMG-20221004-WA0008-300x200.jpg 300w, https:\/\/7culture.ci\/wp-content\/uploads\/2022\/10\/IMG-20221004-WA0008-768x512.jpg 768w\" sizes=\"(max-width: 1024px) 100vw, 1024px\" \/><\/figure>\n\n\n\n<figure class=\"wp-block-image size-large\"><img loading=\"lazy\" decoding=\"async\" width=\"1024\" height=\"683\" data-id=\"24165\" src=\"https:\/\/7culture.ci\/wp-content\/uploads\/2022\/10\/IMG-20221004-WA0009.jpg\" alt=\"\" class=\"wp-image-24165\" srcset=\"https:\/\/7culture.ci\/wp-content\/uploads\/2022\/10\/IMG-20221004-WA0009.jpg 1024w, https:\/\/7culture.ci\/wp-content\/uploads\/2022\/10\/IMG-20221004-WA0009-300x200.jpg 300w, https:\/\/7culture.ci\/wp-content\/uploads\/2022\/10\/IMG-20221004-WA0009-768x512.jpg 768w\" sizes=\"(max-width: 1024px) 100vw, 1024px\" \/><\/figure>\n\n\n\n<figure class=\"wp-block-image size-large\"><img loading=\"lazy\" decoding=\"async\" width=\"1024\" height=\"683\" data-id=\"24166\" src=\"https:\/\/7culture.ci\/wp-content\/uploads\/2022\/10\/IMG-20221004-WA0010.jpg\" alt=\"\" class=\"wp-image-24166\" srcset=\"https:\/\/7culture.ci\/wp-content\/uploads\/2022\/10\/IMG-20221004-WA0010.jpg 1024w, https:\/\/7culture.ci\/wp-content\/uploads\/2022\/10\/IMG-20221004-WA0010-300x200.jpg 300w, https:\/\/7culture.ci\/wp-content\/uploads\/2022\/10\/IMG-20221004-WA0010-768x512.jpg 768w\" sizes=\"(max-width: 1024px) 100vw, 1024px\" \/><\/figure>\n<\/figure>\n\n\n\n<p>On comprend bien qu\u2019il y a de bonnes raisons qui ont pouss\u00e9 J\u00e9r\u00f4me Bitti et son groupe \u00e0 mettre en place cette ONG de lutte contre l\u2019insalubrit\u00e9. Et comme l\u2019a indiqu\u00e9 le chairman Mohamed Salam\u00e9, la salubrit\u00e9 est n\u00e9cessaire pour une bonne sant\u00e9. \u00ab&nbsp;<strong><em>La sant\u00e9 est l\u2019une des conditions n\u00e9cessaires au d\u00e9veloppement socio-\u00e9conomique durable d\u2019un pays. La C\u00f4te d\u2019Ivoire connait beaucoup de probl\u00e8mes de sant\u00e9 li\u00e9s aux facteurs environnementaux, au manque d\u2019hygi\u00e8ne et \u00e0 l\u2019insalubrit\u00e9<\/em><\/strong>&nbsp;\u00bb, a \u00e9num\u00e9r\u00e9 une note de l\u2019ONG LARNP. C\u2019est pour freiner le fl\u00e9au de l\u2019insalubrit\u00e9 croissante que J\u00e9r\u00f4me Bitti a mis en place l\u2019ONG \u2018\u2019La rue n\u2019est pas une poubelle\u2019\u2019 &nbsp;qui se veut \u2018<strong><em>\u2019Ambassadrice d\u2019un environnement sain<\/em><\/strong>\u2019\u2019. \u00ab <strong><em>La propret\u00e9 n\u2019est pas que l\u2019affaire des personnes charg\u00e9es de ramasser ou de nettoyer, elle engage au quotidien la responsabilit\u00e9 de chacun <\/em><\/strong>\u00bb, a soulign\u00e9 J\u00e9r\u00f4me Bitti. L\u2019objectif principal de son ONG est de revaloriser l\u2019image de la C\u00f4te d\u2019Ivoire en termes de propret\u00e9 en sensibilisant les citoyens \u00e0 changer de comportement.<\/p>\n\n\n\n<p>Pour ce faire, de grosses affiches seront placard\u00e9es dans les carrefours des villes de la C\u00f4te d\u2019Ivoire avec la mention \u2018\u2019LA rue n\u2019est pas une poubelle\u2019\u2019. Des corbeilles \u00e0 d\u00e9chets seront \u00e9galement d\u00e9ploy\u00e9es le long des voies publiques. Pour terminer, il y aura des plaquettes propret\u00e9 interdisant tout d\u00e9p\u00f4t, abandon ou d\u00e9versement d\u2019un type de d\u00e9chet sur la voie publique car cela repr\u00e9sente un acte d\u2019incivisme.<\/p>\n\n\n\n<p>La mise en place des actions de l\u2019ONG LARNP se fera par des actions concr\u00e8tes \u2018\u2019coup de balai\u2019\u2019 en ville et dans les villages. Il y a \u00e9galement des conf\u00e9rences sur des th\u00e8mes des s\u00e9ances de sensibilisation des populations qui seront aussi prononc\u00e9es dans tout le pays par des sp\u00e9cialistes du domaine.<\/p>\n\n\n\n<figure class=\"wp-block-gallery has-nested-images columns-default is-cropped wp-block-gallery-2 is-layout-flex wp-block-gallery-is-layout-flex\">\n<figure class=\"wp-block-image size-large\"><img loading=\"lazy\" decoding=\"async\" width=\"1024\" height=\"683\" data-id=\"24169\" src=\"https:\/\/7culture.ci\/wp-content\/uploads\/2022\/10\/IMG-20221003-WA0013.jpg\" alt=\"\" class=\"wp-image-24169\" srcset=\"https:\/\/7culture.ci\/wp-content\/uploads\/2022\/10\/IMG-20221003-WA0013.jpg 1024w, https:\/\/7culture.ci\/wp-content\/uploads\/2022\/10\/IMG-20221003-WA0013-300x200.jpg 300w, https:\/\/7culture.ci\/wp-content\/uploads\/2022\/10\/IMG-20221003-WA0013-768x512.jpg 768w\" sizes=\"(max-width: 1024px) 100vw, 1024px\" \/><\/figure>\n\n\n\n<figure class=\"wp-block-image size-large\"><img loading=\"lazy\" decoding=\"async\" width=\"683\" height=\"1024\" data-id=\"24168\" src=\"https:\/\/7culture.ci\/wp-content\/uploads\/2022\/10\/IMG-20221003-WA0024.jpg\" alt=\"\" class=\"wp-image-24168\" srcset=\"https:\/\/7culture.ci\/wp-content\/uploads\/2022\/10\/IMG-20221003-WA0024.jpg 683w, https:\/\/7culture.ci\/wp-content\/uploads\/2022\/10\/IMG-20221003-WA0024-200x300.jpg 200w\" sizes=\"(max-width: 683px) 100vw, 683px\" \/><\/figure>\n\n\n\n<figure class=\"wp-block-image size-large\"><img loading=\"lazy\" decoding=\"async\" width=\"1024\" height=\"683\" data-id=\"24167\" src=\"https:\/\/7culture.ci\/wp-content\/uploads\/2022\/10\/IMG-20221004-WA0021.jpg\" alt=\"\" class=\"wp-image-24167\" srcset=\"https:\/\/7culture.ci\/wp-content\/uploads\/2022\/10\/IMG-20221004-WA0021.jpg 1024w, https:\/\/7culture.ci\/wp-content\/uploads\/2022\/10\/IMG-20221004-WA0021-300x200.jpg 300w, https:\/\/7culture.ci\/wp-content\/uploads\/2022\/10\/IMG-20221004-WA0021-768x512.jpg 768w\" sizes=\"(max-width: 1024px) 100vw, 1024px\" \/><\/figure>\n<\/figure>\n\n\n\n<p>A la conf\u00e9rence de lancement de l\u2019ONG \u2018\u2019La rue n\u2019est pas une poubelle\u2019\u2019, on notait la pr\u00e9sence des repr\u00e9sentants de la mairie de Port-Bou\u00ebt qui accueillait l\u2019\u00e9v\u00e9nement et de l\u2019Observatoire National de l&#8217;Assainissement et de Gestion Des D\u00e9chets (Onaged). Apr\u00e8s avoir fait l\u2019\u00e9tat de la gestion des d\u00e9chets en C\u00f4te d\u2019Ivoire et particuli\u00e8rement \u00e0 Abidjan, M. Daouda Dosso, sous-directeur de l\u2019ONAGED a indiqu\u00e9 \u2018<strong><em>\u2019qu\u2019il y a un changement dans la gestion des d\u00e9chets en C\u00f4te d\u2019Ivoire<\/em><\/strong>\u2019\u2019 et il a salu\u00e9 l\u2019av\u00e8nement e l\u2019ONG LARNP.<\/p>\n\n\n\n<p>\u00ab&nbsp;<strong><em>L\u2019ONG \u2018\u2019La rue n\u2019est pas une poubelle\u2019\u2019 est une interpellation \u00e0 tous pour la garde de nos rues, nos quartiers, nos villes, nos maisons et notre environnement propres. La population doit faire l\u2019effort de garder son cadre de vie propre&nbsp;<\/em><\/strong>\u00bb, a conclu le pr\u00e9sident J\u00e9r\u00f4me Bitti.<\/p>\n\n\n\n<p>Par Omar AK<\/p>\n","protected":false},"excerpt":{"rendered":"<p>Dans le cadre de l\u2019am\u00e9lioration du cadre de vie des Ivoiriens, une nouvelle ONG vient de voir le jour. Elle s\u2019appelle &#8220;La Rue N\u2019est pas une Poubelle&#8221; (LARNP). Elle a \u00e9t\u00e9 officiellement pr\u00e9sent\u00e9e \u00e0 la presse et au grand public le vendredi 30 septembre \u00e0 l\u2019h\u00f4tel communal de Port-Bou\u00ebt \u00e0 Abidjan. \u00ab&nbsp;L&#8217;un des faits sociaux &hellip;<\/p>\n<p class=\"read-more\"> <a class=\"\" href=\"https:\/\/7culture.ci\/index.php\/2022\/10\/04\/long-larnp-sengage-a-lutter-contre-linsalubrite-et-lincivisme\/\"> <span class=\"screen-reader-text\">L\u2019ONG LARNP s\u2019engage \u00e0 lutter contre l\u2019insalubrit\u00e9 et l\u2019incivisme<\/span> Lire la suite\u00a0\u00bb<\/a><\/p>\n","protected":false},"author":1,"featured_media":24163,"comment_status":"open","ping_status":"open","sticky":false,"template":"","format":"standard","meta":{"_mi_skip_tracking":false,"_monsterinsights_sitenote_active":false,"_monsterinsights_sitenote_note":"","_monsterinsights_sitenote_category":0,"site-sidebar-layout":"default","site-content-layout":"default","ast-global-header-display":"","ast-main-header-display":"","ast-hfb-above-header-display":"","ast-hfb-below-header-display":"","ast-hfb-mobile-header-display":"","site-post-title":"","ast-breadcrumbs-content":"","ast-featured-img":"","footer-sml-layout":"","theme-transparent-header-meta":"","adv-header-id-meta":"","stick-header-meta":"","header-above-stick-meta":"","header-main-stick-meta":"","header-below-stick-meta":"","footnotes":"","jetpack_publicize_message":"","jetpack_is_tweetstorm":false,"jetpack_publicize_feature_enabled":true},"categories":[22],"tags":[],"jetpack_publicize_connections":[],"acf":[],"aioseo_notices":[],"yoast_head":"<!-- This site is optimized with the Yoast SEO plugin v19.6.1 - https:\/\/yoast.com\/wordpress\/plugins\/seo\/ -->\n<title>L\u2019ONG LARNP s\u2019engage \u00e0 lutter contre l\u2019insalubrit\u00e9 et l\u2019incivisme -<\/title>\n<meta name=\"robots\" content=\"index, follow, max-snippet:-1, max-image-preview:large, max-video-preview:-1\" \/>\n<link rel=\"canonical\" href=\"https:\/\/7culture.ci\/index.php\/2022\/10\/04\/long-larnp-sengage-a-lutter-contre-linsalubrite-et-lincivisme\/\" \/>\n<meta property=\"og:locale\" content=\"fr_FR\" \/>\n<meta property=\"og:type\" content=\"article\" \/>\n<meta property=\"og:title\" content=\"L\u2019ONG LARNP s\u2019engage \u00e0 lutter contre l\u2019insalubrit\u00e9 et l\u2019incivisme -\" \/>\n<meta property=\"og:description\" content=\"Dans le cadre de l\u2019am\u00e9lioration du cadre de vie des Ivoiriens, une nouvelle ONG vient de voir le jour. Elle s\u2019appelle &#8220;La Rue N\u2019est pas une Poubelle&#8221; (LARNP). Elle a \u00e9t\u00e9 officiellement pr\u00e9sent\u00e9e \u00e0 la presse et au grand public le vendredi 30 septembre \u00e0 l\u2019h\u00f4tel communal de Port-Bou\u00ebt \u00e0 Abidjan. \u00ab&nbsp;L&#8217;un des faits sociaux &hellip; L\u2019ONG LARNP s\u2019engage \u00e0 lutter contre l\u2019insalubrit\u00e9 et l\u2019incivisme Lire la suite\u00a0\u00bb\" \/>\n<meta property=\"og:url\" content=\"https:\/\/7culture.ci\/index.php\/2022\/10\/04\/long-larnp-sengage-a-lutter-contre-linsalubrite-et-lincivisme\/\" \/>\n<meta property=\"og:site_name\" content=\"7culture\" \/>\n<meta property=\"article:publisher\" content=\"https:\/\/www.facebook.com\/redchefclaude\" \/>\n<meta property=\"article:published_time\" content=\"2022-10-04T16:51:53+00:00\" \/>\n<meta property=\"article:modified_time\" content=\"2022-10-06T16:56:46+00:00\" \/>\n<meta property=\"og:image\" content=\"http:\/\/7culture.ci\/wp-content\/uploads\/2022\/10\/ONG1.jpg\" \/>\n\t<meta property=\"og:image:width\" content=\"750\" \/>\n\t<meta property=\"og:image:height\" content=\"450\" \/>\n\t<meta property=\"og:image:type\" content=\"image\/jpeg\" \/>\n<meta name=\"author\" content=\"7culture2020\" \/>\n<meta name=\"twitter:card\" content=\"summary_large_image\" \/>\n<meta name=\"twitter:creator\" content=\"@7culturec\" \/>\n<meta name=\"twitter:site\" content=\"@7culturec\" \/>\n<meta name=\"twitter:label1\" content=\"\u00c9crit par\" \/>\n\t<meta name=\"twitter:data1\" content=\"7culture2020\" \/>\n\t<meta name=\"twitter:label2\" content=\"Dur\u00e9e de lecture estim\u00e9e\" \/>\n\t<meta name=\"twitter:data2\" content=\"4 minutes\" \/>\n<script type=\"application\/ld+json\" class=\"yoast-schema-graph\">{\"@context\":\"https:\/\/schema.org\",\"@graph\":[{\"@type\":\"Article\",\"@id\":\"https:\/\/7culture.ci\/index.php\/2022\/10\/04\/long-larnp-sengage-a-lutter-contre-linsalubrite-et-lincivisme\/#article\",\"isPartOf\":{\"@id\":\"https:\/\/7culture.ci\/index.php\/2022\/10\/04\/long-larnp-sengage-a-lutter-contre-linsalubrite-et-lincivisme\/\"},\"author\":{\"name\":\"7culture2020\",\"@id\":\"https:\/\/7culture.ci\/#\/schema\/person\/16150d28d7ef66ba788c1f87f28c4426\"},\"headline\":\"L\u2019ONG LARNP s\u2019engage \u00e0 lutter contre l\u2019insalubrit\u00e9 et l\u2019incivisme\",\"datePublished\":\"2022-10-04T16:51:53+00:00\",\"dateModified\":\"2022-10-06T16:56:46+00:00\",\"mainEntityOfPage\":{\"@id\":\"https:\/\/7culture.ci\/index.php\/2022\/10\/04\/long-larnp-sengage-a-lutter-contre-linsalubrite-et-lincivisme\/\"},\"wordCount\":797,\"commentCount\":0,\"publisher\":{\"@id\":\"https:\/\/7culture.ci\/#organization\"},\"articleSection\":[\"Actualit\u00e9\"],\"inLanguage\":\"fr-FR\",\"potentialAction\":[{\"@type\":\"CommentAction\",\"name\":\"Comment\",\"target\":[\"https:\/\/7culture.ci\/index.php\/2022\/10\/04\/long-larnp-sengage-a-lutter-contre-linsalubrite-et-lincivisme\/#respond\"]}]},{\"@type\":\"WebPage\",\"@id\":\"https:\/\/7culture.ci\/index.php\/2022\/10\/04\/long-larnp-sengage-a-lutter-contre-linsalubrite-et-lincivisme\/\",\"url\":\"https:\/\/7culture.ci\/index.php\/2022\/10\/04\/long-larnp-sengage-a-lutter-contre-linsalubrite-et-lincivisme\/\",\"name\":\"L\u2019ONG LARNP s\u2019engage \u00e0 lutter contre l\u2019insalubrit\u00e9 et l\u2019incivisme -\",\"isPartOf\":{\"@id\":\"https:\/\/7culture.ci\/#website\"},\"datePublished\":\"2022-10-04T16:51:53+00:00\",\"dateModified\":\"2022-10-06T16:56:46+00:00\",\"breadcrumb\":{\"@id\":\"https:\/\/7culture.ci\/index.php\/2022\/10\/04\/long-larnp-sengage-a-lutter-contre-linsalubrite-et-lincivisme\/#breadcrumb\"},\"inLanguage\":\"fr-FR\",\"potentialAction\":[{\"@type\":\"ReadAction\",\"target\":[\"https:\/\/7culture.ci\/index.php\/2022\/10\/04\/long-larnp-sengage-a-lutter-contre-linsalubrite-et-lincivisme\/\"]}]},{\"@type\":\"BreadcrumbList\",\"@id\":\"https:\/\/7culture.ci\/index.php\/2022\/10\/04\/long-larnp-sengage-a-lutter-contre-linsalubrite-et-lincivisme\/#breadcrumb\",\"itemListElement\":[{\"@type\":\"ListItem\",\"position\":1,\"name\":\"Accueil\",\"item\":\"https:\/\/7culture.ci\/\"},{\"@type\":\"ListItem\",\"position\":2,\"name\":\"L\u2019ONG LARNP s\u2019engage \u00e0 lutter contre l\u2019insalubrit\u00e9 et l\u2019incivisme\"}]},{\"@type\":\"WebSite\",\"@id\":\"https:\/\/7culture.ci\/#website\",\"url\":\"https:\/\/7culture.ci\/\",\"name\":\"7culture\",\"description\":\"Tout sur l&#039;actualit\u00e9\",\"publisher\":{\"@id\":\"https:\/\/7culture.ci\/#organization\"},\"potentialAction\":[{\"@type\":\"SearchAction\",\"target\":{\"@type\":\"EntryPoint\",\"urlTemplate\":\"https:\/\/7culture.ci\/?s={search_term_string}\"},\"query-input\":\"required name=search_term_string\"}],\"inLanguage\":\"fr-FR\"},{\"@type\":\"Organization\",\"@id\":\"https:\/\/7culture.ci\/#organization\",\"name\":\"7culture\",\"url\":\"https:\/\/7culture.ci\/\",\"sameAs\":[\"https:\/\/www.facebook.com\/redchefclaude\",\"https:\/\/twitter.com\/7culturec\"],\"logo\":{\"@type\":\"ImageObject\",\"inLanguage\":\"fr-FR\",\"@id\":\"https:\/\/7culture.ci\/#\/schema\/logo\/image\/\",\"url\":\"https:\/\/7culture.ci\/wp-content\/uploads\/2021\/12\/S1a-1.png\",\"contentUrl\":\"https:\/\/7culture.ci\/wp-content\/uploads\/2021\/12\/S1a-1.png\",\"width\":588,\"height\":192,\"caption\":\"7culture\"},\"image\":{\"@id\":\"https:\/\/7culture.ci\/#\/schema\/logo\/image\/\"}},{\"@type\":\"Person\",\"@id\":\"https:\/\/7culture.ci\/#\/schema\/person\/16150d28d7ef66ba788c1f87f28c4426\",\"name\":\"7culture2020\",\"image\":{\"@type\":\"ImageObject\",\"inLanguage\":\"fr-FR\",\"@id\":\"https:\/\/7culture.ci\/#\/schema\/person\/image\/\",\"url\":\"https:\/\/secure.gravatar.com\/avatar\/9a0784f951306c37bcd065f52844ef95?s=96&d=mm&r=g\",\"contentUrl\":\"https:\/\/secure.gravatar.com\/avatar\/9a0784f951306c37bcd065f52844ef95?s=96&d=mm&r=g\",\"caption\":\"7culture2020\"},\"sameAs\":[\"http:\/\/7culture.ci\",\"Claude.kipre\"],\"url\":\"https:\/\/7culture.ci\/index.php\/author\/7culture2020\/\"}]}<\/script>\n<!-- \/ Yoast SEO plugin. -->","yoast_head_json":{"title":"L\u2019ONG LARNP s\u2019engage \u00e0 lutter contre l\u2019insalubrit\u00e9 et l\u2019incivisme -","robots":{"index":"index","follow":"follow","max-snippet":"max-snippet:-1","max-image-preview":"max-image-preview:large","max-video-preview":"max-video-preview:-1"},"canonical":"https:\/\/7culture.ci\/index.php\/2022\/10\/04\/long-larnp-sengage-a-lutter-contre-linsalubrite-et-lincivisme\/","og_locale":"fr_FR","og_type":"article","og_title":"L\u2019ONG LARNP s\u2019engage \u00e0 lutter contre l\u2019insalubrit\u00e9 et l\u2019incivisme -","og_description":"Dans le cadre de l\u2019am\u00e9lioration du cadre de vie des Ivoiriens, une nouvelle ONG vient de voir le jour. Elle s\u2019appelle &#8220;La Rue N\u2019est pas une Poubelle&#8221; (LARNP). Elle a \u00e9t\u00e9 officiellement pr\u00e9sent\u00e9e \u00e0 la presse et au grand public le vendredi 30 septembre \u00e0 l\u2019h\u00f4tel communal de Port-Bou\u00ebt \u00e0 Abidjan. \u00ab&nbsp;L&#8217;un des faits sociaux &hellip; L\u2019ONG LARNP s\u2019engage \u00e0 lutter contre l\u2019insalubrit\u00e9 et l\u2019incivisme Lire la suite\u00a0\u00bb","og_url":"https:\/\/7culture.ci\/index.php\/2022\/10\/04\/long-larnp-sengage-a-lutter-contre-linsalubrite-et-lincivisme\/","og_site_name":"7culture","article_publisher":"https:\/\/www.facebook.com\/redchefclaude","article_published_time":"2022-10-04T16:51:53+00:00","article_modified_time":"2022-10-06T16:56:46+00:00","og_image":[{"width":750,"height":450,"url":"http:\/\/7culture.ci\/wp-content\/uploads\/2022\/10\/ONG1.jpg","type":"image\/jpeg"}],"author":"7culture2020","twitter_card":"summary_large_image","twitter_creator":"@7culturec","twitter_site":"@7culturec","twitter_misc":{"\u00c9crit par":"7culture2020","Dur\u00e9e de lecture estim\u00e9e":"4 minutes"},"schema":{"@context":"https:\/\/schema.org","@graph":[{"@type":"Article","@id":"https:\/\/7culture.ci\/index.php\/2022\/10\/04\/long-larnp-sengage-a-lutter-contre-linsalubrite-et-lincivisme\/#article","isPartOf":{"@id":"https:\/\/7culture.ci\/index.php\/2022\/10\/04\/long-larnp-sengage-a-lutter-contre-linsalubrite-et-lincivisme\/"},"author":{"name":"7culture2020","@id":"https:\/\/7culture.ci\/#\/schema\/person\/16150d28d7ef66ba788c1f87f28c4426"},"headline":"L\u2019ONG LARNP s\u2019engage \u00e0 lutter contre l\u2019insalubrit\u00e9 et l\u2019incivisme","datePublished":"2022-10-04T16:51:53+00:00","dateModified":"2022-10-06T16:56:46+00:00","mainEntityOfPage":{"@id":"https:\/\/7culture.ci\/index.php\/2022\/10\/04\/long-larnp-sengage-a-lutter-contre-linsalubrite-et-lincivisme\/"},"wordCount":797,"commentCount":0,"publisher":{"@id":"https:\/\/7culture.ci\/#organization"},"articleSection":["Actualit\u00e9"],"inLanguage":"fr-FR","potentialAction":[{"@type":"CommentAction","name":"Comment","target":["https:\/\/7culture.ci\/index.php\/2022\/10\/04\/long-larnp-sengage-a-lutter-contre-linsalubrite-et-lincivisme\/#respond"]}]},{"@type":"WebPage","@id":"https:\/\/7culture.ci\/index.php\/2022\/10\/04\/long-larnp-sengage-a-lutter-contre-linsalubrite-et-lincivisme\/","url":"https:\/\/7culture.ci\/index.php\/2022\/10\/04\/long-larnp-sengage-a-lutter-contre-linsalubrite-et-lincivisme\/","name":"L\u2019ONG LARNP s\u2019engage \u00e0 lutter contre l\u2019insalubrit\u00e9 et l\u2019incivisme -","isPartOf":{"@id":"https:\/\/7culture.ci\/#website"},"datePublished":"2022-10-04T16:51:53+00:00","dateModified":"2022-10-06T16:56:46+00:00","breadcrumb":{"@id":"https:\/\/7culture.ci\/index.php\/2022\/10\/04\/long-larnp-sengage-a-lutter-contre-linsalubrite-et-lincivisme\/#breadcrumb"},"inLanguage":"fr-FR","potentialAction":[{"@type":"ReadAction","target":["https:\/\/7culture.ci\/index.php\/2022\/10\/04\/long-larnp-sengage-a-lutter-contre-linsalubrite-et-lincivisme\/"]}]},{"@type":"BreadcrumbList","@id":"https:\/\/7culture.ci\/index.php\/2022\/10\/04\/long-larnp-sengage-a-lutter-contre-linsalubrite-et-lincivisme\/#breadcrumb","itemListElement":[{"@type":"ListItem","position":1,"name":"Accueil","item":"https:\/\/7culture.ci\/"},{"@type":"ListItem","position":2,"name":"L\u2019ONG LARNP s\u2019engage \u00e0 lutter contre l\u2019insalubrit\u00e9 et l\u2019incivisme"}]},{"@type":"WebSite","@id":"https:\/\/7culture.ci\/#website","url":"https:\/\/7culture.ci\/","name":"7culture","description":"Tout sur l&#039;actualit\u00e9","publisher":{"@id":"https:\/\/7culture.ci\/#organization"},"potentialAction":[{"@type":"SearchAction","target":{"@type":"EntryPoint","urlTemplate":"https:\/\/7culture.ci\/?s={search_term_string}"},"query-input":"required name=search_term_string"}],"inLanguage":"fr-FR"},{"@type":"Organization","@id":"https:\/\/7culture.ci\/#organization","name":"7culture","url":"https:\/\/7culture.ci\/","sameAs":["https:\/\/www.facebook.com\/redchefclaude","https:\/\/twitter.com\/7culturec"],"logo":{"@type":"ImageObject","inLanguage":"fr-FR","@id":"https:\/\/7culture.ci\/#\/schema\/logo\/image\/","url":"https:\/\/7culture.ci\/wp-content\/uploads\/2021\/12\/S1a-1.png","contentUrl":"https:\/\/7culture.ci\/wp-content\/uploads\/2021\/12\/S1a-1.png","width":588,"height":192,"caption":"7culture"},"image":{"@id":"https:\/\/7culture.ci\/#\/schema\/logo\/image\/"}},{"@type":"Person","@id":"https:\/\/7culture.ci\/#\/schema\/person\/16150d28d7ef66ba788c1f87f28c4426","name":"7culture2020","image":{"@type":"ImageObject","inLanguage":"fr-FR","@id":"https:\/\/7culture.ci\/#\/schema\/person\/image\/","url":"https:\/\/secure.gravatar.com\/avatar\/9a0784f951306c37bcd065f52844ef95?s=96&d=mm&r=g","contentUrl":"https:\/\/secure.gravatar.com\/avatar\/9a0784f951306c37bcd065f52844ef95?s=96&d=mm&r=g","caption":"7culture2020"},"sameAs":["http:\/\/7culture.ci","Claude.kipre"],"url":"https:\/\/7culture.ci\/index.php\/author\/7culture2020\/"}]}},"jetpack_featured_media_url":"https:\/\/7culture.ci\/wp-content\/uploads\/2022\/10\/ONG1.jpg","jetpack_likes_enabled":true,"jetpack_sharing_enabled":true,"_links":{"self":[{"href":"https:\/\/7culture.ci\/index.php\/wp-json\/wp\/v2\/posts\/24161"}],"collection":[{"href":"https:\/\/7culture.ci\/index.php\/wp-json\/wp\/v2\/posts"}],"about":[{"href":"https:\/\/7culture.ci\/index.php\/wp-json\/wp\/v2\/types\/post"}],"author":[{"embeddable":true,"href":"https:\/\/7culture.ci\/index.php\/wp-json\/wp\/v2\/users\/1"}],"replies":[{"embeddable":true,"href":"https:\/\/7culture.ci\/index.php\/wp-json\/wp\/v2\/comments?post=24161"}],"version-history":[{"count":0,"href":"https:\/\/7culture.ci\/index.php\/wp-json\/wp\/v2\/posts\/24161\/revisions"}],"wp:featuredmedia":[{"embeddable":true,"href":"https:\/\/7culture.ci\/index.php\/wp-json\/wp\/v2\/media\/24163"}],"wp:attachment":[{"href":"https:\/\/7culture.ci\/index.php\/wp-json\/wp\/v2\/media?parent=24161"}],"wp:term":[{"taxonomy":"category","embeddable":true,"href":"https:\/\/7culture.ci\/index.php\/wp-json\/wp\/v2\/categories?post=24161"},{"taxonomy":"post_tag","embeddable":true,"href":"https:\/\/7culture.ci\/index.php\/wp-json\/wp\/v2\/tags?post=24161"}],"curies":[{"name":"wp","href":"https:\/\/api.w.org\/{rel}","templated":true}]}}