{"id":24155,"date":"2022-10-04T13:31:44","date_gmt":"2022-10-04T13:31:44","guid":{"rendered":"https:\/\/7culture.ci\/?p=24155"},"modified":"2022-10-04T16:54:12","modified_gmt":"2022-10-04T16:54:12","slug":"la-chanteuse-roseline-layo-et-son-manager-se-sont-dit-oui","status":"publish","type":"post","link":"https:\/\/7culture.ci\/index.php\/2022\/10\/04\/la-chanteuse-roseline-layo-et-son-manager-se-sont-dit-oui\/","title":{"rendered":"La chanteuse Roseline Layo et son manager se sont dit oui"},"content":{"rendered":"\n<p>Roseline Layo est devenue Mme Gnahou. C\u2019est le samedi 1<sup>er<\/sup> octobre dernier que la chanteuse a officialis\u00e9 sa relation avec son manager Ch\u00e9w\u00e9 \u00e0 l\u2019h\u00f4tel communal de Cocody. L\u2019heureux \u00e9poux de l\u2019auteure du tube \u2018\u2019Donnez-nous un eu\u2019\u2019 est n\u00e9 David Gnahou. C\u2019est un homme qui \u00e9volue dans le s\u00e9rail du show-biz il y a longtemps.<\/p>\n\n\n\n<figure class=\"wp-block-image size-full is-resized\"><img loading=\"lazy\" decoding=\"async\" src=\"https:\/\/7culture.ci\/wp-content\/uploads\/2022\/10\/roseline-layo1-1-10-22.jpg\" alt=\"\" class=\"wp-image-24158\" width=\"638\" height=\"425\" srcset=\"https:\/\/7culture.ci\/wp-content\/uploads\/2022\/10\/roseline-layo1-1-10-22.jpg 1000w, https:\/\/7culture.ci\/wp-content\/uploads\/2022\/10\/roseline-layo1-1-10-22-300x200.jpg 300w, https:\/\/7culture.ci\/wp-content\/uploads\/2022\/10\/roseline-layo1-1-10-22-768x511.jpg 768w\" sizes=\"(max-width: 638px) 100vw, 638px\" \/><\/figure>\n\n\n\n<p>Dans une vid\u00e9o publi\u00e9e sur sa page Facebook, la chanteuse explique avoir rencontr\u00e9 son \u00e9poux depuis 2015. Elle \u00e9voluait encore au sein de l\u2019orchestre f\u00e9minin Bella Mondo. Ils sont aujourd\u2019hui parents de deux enfants.<\/p>\n\n\n\n<figure class=\"wp-block-image aligncenter size-full is-resized\"><img loading=\"lazy\" decoding=\"async\" src=\"https:\/\/7culture.ci\/wp-content\/uploads\/2022\/10\/roseline-layo2-1-10-22.webp\" alt=\"\" class=\"wp-image-24159\" width=\"584\" height=\"389\" srcset=\"https:\/\/7culture.ci\/wp-content\/uploads\/2022\/10\/roseline-layo2-1-10-22.webp 1024w, https:\/\/7culture.ci\/wp-content\/uploads\/2022\/10\/roseline-layo2-1-10-22-300x200.webp 300w, https:\/\/7culture.ci\/wp-content\/uploads\/2022\/10\/roseline-layo2-1-10-22-768x512.webp 768w\" sizes=\"(max-width: 584px) 100vw, 584px\" \/><\/figure>\n\n\n\n<p>Par OAK<\/p>\n","protected":false},"excerpt":{"rendered":"<p>Roseline Layo est devenue Mme Gnahou. C\u2019est le samedi 1er octobre dernier que la chanteuse a officialis\u00e9 sa relation avec son manager Ch\u00e9w\u00e9 \u00e0 l\u2019h\u00f4tel communal de Cocody. L\u2019heureux \u00e9poux de l\u2019auteure du tube \u2018\u2019Donnez-nous un eu\u2019\u2019 est n\u00e9 David Gnahou. C\u2019est un homme qui \u00e9volue dans le s\u00e9rail du show-biz il y a longtemps. &hellip;<\/p>\n<p class=\"read-more\"> <a class=\"\" href=\"https:\/\/7culture.ci\/index.php\/2022\/10\/04\/la-chanteuse-roseline-layo-et-son-manager-se-sont-dit-oui\/\"> <span class=\"screen-reader-text\">La chanteuse Roseline Layo et son manager se sont dit oui<\/span> Lire la suite\u00a0\u00bb<\/a><\/p>\n","protected":false},"author":1,"featured_media":24157,"comment_status":"open","ping_status":"open","sticky":false,"template":"","format":"standard","meta":{"_mi_skip_tracking":false,"_monsterinsights_sitenote_active":false,"_monsterinsights_sitenote_note":"","_monsterinsights_sitenote_category":0,"site-sidebar-layout":"default","site-content-layout":"default","ast-global-header-display":"","ast-main-header-display":"","ast-hfb-above-header-display":"","ast-hfb-below-header-display":"","ast-hfb-mobile-header-display":"","site-post-title":"","ast-breadcrumbs-content":"","ast-featured-img":"","footer-sml-layout":"","theme-transparent-header-meta":"","adv-header-id-meta":"","stick-header-meta":"","header-above-stick-meta":"","header-main-stick-meta":"","header-below-stick-meta":"","footnotes":"","jetpack_publicize_message":"","jetpack_is_tweetstorm":false,"jetpack_publicize_feature_enabled":true},"categories":[22],"tags":[],"jetpack_publicize_connections":[],"acf":[],"aioseo_notices":[],"yoast_head":"<!-- This site is optimized with the Yoast SEO plugin v19.6.1 - https:\/\/yoast.com\/wordpress\/plugins\/seo\/ -->\n<title>La chanteuse Roseline Layo et son manager se sont dit oui - 7culture<\/title>\n<meta name=\"robots\" content=\"index, follow, max-snippet:-1, max-image-preview:large, max-video-preview:-1\" \/>\n<link rel=\"canonical\" href=\"https:\/\/7culture.ci\/index.php\/2022\/10\/04\/la-chanteuse-roseline-layo-et-son-manager-se-sont-dit-oui\/\" \/>\n<meta property=\"og:locale\" content=\"fr_FR\" \/>\n<meta property=\"og:type\" content=\"article\" \/>\n<meta property=\"og:title\" content=\"La chanteuse Roseline Layo et son manager se sont dit oui - 7culture\" \/>\n<meta property=\"og:description\" content=\"Roseline Layo est devenue Mme Gnahou. C\u2019est le samedi 1er octobre dernier que la chanteuse a officialis\u00e9 sa relation avec son manager Ch\u00e9w\u00e9 \u00e0 l\u2019h\u00f4tel communal de Cocody. L\u2019heureux \u00e9poux de l\u2019auteure du tube \u2018\u2019Donnez-nous un eu\u2019\u2019 est n\u00e9 David Gnahou. C\u2019est un homme qui \u00e9volue dans le s\u00e9rail du show-biz il y a longtemps. &hellip; La chanteuse Roseline Layo et son manager se sont dit oui Lire la suite\u00a0\u00bb\" \/>\n<meta property=\"og:url\" content=\"https:\/\/7culture.ci\/index.php\/2022\/10\/04\/la-chanteuse-roseline-layo-et-son-manager-se-sont-dit-oui\/\" \/>\n<meta property=\"og:site_name\" content=\"7culture\" \/>\n<meta property=\"article:publisher\" content=\"https:\/\/www.facebook.com\/redchefclaude\" \/>\n<meta property=\"article:published_time\" content=\"2022-10-04T13:31:44+00:00\" \/>\n<meta property=\"article:modified_time\" content=\"2022-10-04T16:54:12+00:00\" \/>\n<meta property=\"og:image\" content=\"http:\/\/7culture.ci\/wp-content\/uploads\/2022\/10\/roseline-layo3-1-10-22.jpg\" \/>\n\t<meta property=\"og:image:width\" content=\"720\" \/>\n\t<meta property=\"og:image:height\" content=\"405\" \/>\n\t<meta property=\"og:image:type\" content=\"image\/jpeg\" \/>\n<meta name=\"author\" content=\"7culture2020\" \/>\n<meta name=\"twitter:card\" content=\"summary_large_image\" \/>\n<meta name=\"twitter:creator\" content=\"@7culturec\" \/>\n<meta name=\"twitter:site\" content=\"@7culturec\" \/>\n<meta name=\"twitter:label1\" content=\"\u00c9crit par\" \/>\n\t<meta name=\"twitter:data1\" content=\"7culture2020\" \/>\n\t<meta name=\"twitter:label2\" content=\"Dur\u00e9e de lecture estim\u00e9e\" \/>\n\t<meta name=\"twitter:data2\" content=\"1 minute\" \/>\n<script type=\"application\/ld+json\" class=\"yoast-schema-graph\">{\"@context\":\"https:\/\/schema.org\",\"@graph\":[{\"@type\":\"Article\",\"@id\":\"https:\/\/7culture.ci\/index.php\/2022\/10\/04\/la-chanteuse-roseline-layo-et-son-manager-se-sont-dit-oui\/#article\",\"isPartOf\":{\"@id\":\"https:\/\/7culture.ci\/index.php\/2022\/10\/04\/la-chanteuse-roseline-layo-et-son-manager-se-sont-dit-oui\/\"},\"author\":{\"name\":\"7culture2020\",\"@id\":\"https:\/\/7culture.ci\/#\/schema\/person\/16150d28d7ef66ba788c1f87f28c4426\"},\"headline\":\"La chanteuse Roseline Layo et son manager se sont dit oui\",\"datePublished\":\"2022-10-04T13:31:44+00:00\",\"dateModified\":\"2022-10-04T16:54:12+00:00\",\"mainEntityOfPage\":{\"@id\":\"https:\/\/7culture.ci\/index.php\/2022\/10\/04\/la-chanteuse-roseline-layo-et-son-manager-se-sont-dit-oui\/\"},\"wordCount\":113,\"commentCount\":0,\"publisher\":{\"@id\":\"https:\/\/7culture.ci\/#organization\"},\"articleSection\":[\"Actualit\u00e9\"],\"inLanguage\":\"fr-FR\",\"potentialAction\":[{\"@type\":\"CommentAction\",\"name\":\"Comment\",\"target\":[\"https:\/\/7culture.ci\/index.php\/2022\/10\/04\/la-chanteuse-roseline-layo-et-son-manager-se-sont-dit-oui\/#respond\"]}]},{\"@type\":\"WebPage\",\"@id\":\"https:\/\/7culture.ci\/index.php\/2022\/10\/04\/la-chanteuse-roseline-layo-et-son-manager-se-sont-dit-oui\/\",\"url\":\"https:\/\/7culture.ci\/index.php\/2022\/10\/04\/la-chanteuse-roseline-layo-et-son-manager-se-sont-dit-oui\/\",\"name\":\"La chanteuse Roseline Layo et son manager se sont dit oui - 7culture\",\"isPartOf\":{\"@id\":\"https:\/\/7culture.ci\/#website\"},\"datePublished\":\"2022-10-04T13:31:44+00:00\",\"dateModified\":\"2022-10-04T16:54:12+00:00\",\"breadcrumb\":{\"@id\":\"https:\/\/7culture.ci\/index.php\/2022\/10\/04\/la-chanteuse-roseline-layo-et-son-manager-se-sont-dit-oui\/#breadcrumb\"},\"inLanguage\":\"fr-FR\",\"potentialAction\":[{\"@type\":\"ReadAction\",\"target\":[\"https:\/\/7culture.ci\/index.php\/2022\/10\/04\/la-chanteuse-roseline-layo-et-son-manager-se-sont-dit-oui\/\"]}]},{\"@type\":\"BreadcrumbList\",\"@id\":\"https:\/\/7culture.ci\/index.php\/2022\/10\/04\/la-chanteuse-roseline-layo-et-son-manager-se-sont-dit-oui\/#breadcrumb\",\"itemListElement\":[{\"@type\":\"ListItem\",\"position\":1,\"name\":\"Accueil\",\"item\":\"https:\/\/7culture.ci\/\"},{\"@type\":\"ListItem\",\"position\":2,\"name\":\"La chanteuse Roseline Layo et son manager se sont dit oui\"}]},{\"@type\":\"WebSite\",\"@id\":\"https:\/\/7culture.ci\/#website\",\"url\":\"https:\/\/7culture.ci\/\",\"name\":\"7culture\",\"description\":\"Tout sur l&#039;actualit\u00e9\",\"publisher\":{\"@id\":\"https:\/\/7culture.ci\/#organization\"},\"potentialAction\":[{\"@type\":\"SearchAction\",\"target\":{\"@type\":\"EntryPoint\",\"urlTemplate\":\"https:\/\/7culture.ci\/?s={search_term_string}\"},\"query-input\":\"required name=search_term_string\"}],\"inLanguage\":\"fr-FR\"},{\"@type\":\"Organization\",\"@id\":\"https:\/\/7culture.ci\/#organization\",\"name\":\"7culture\",\"url\":\"https:\/\/7culture.ci\/\",\"sameAs\":[\"https:\/\/www.facebook.com\/redchefclaude\",\"https:\/\/twitter.com\/7culturec\"],\"logo\":{\"@type\":\"ImageObject\",\"inLanguage\":\"fr-FR\",\"@id\":\"https:\/\/7culture.ci\/#\/schema\/logo\/image\/\",\"url\":\"https:\/\/7culture.ci\/wp-content\/uploads\/2021\/12\/S1a-1.png\",\"contentUrl\":\"https:\/\/7culture.ci\/wp-content\/uploads\/2021\/12\/S1a-1.png\",\"width\":588,\"height\":192,\"caption\":\"7culture\"},\"image\":{\"@id\":\"https:\/\/7culture.ci\/#\/schema\/logo\/image\/\"}},{\"@type\":\"Person\",\"@id\":\"https:\/\/7culture.ci\/#\/schema\/person\/16150d28d7ef66ba788c1f87f28c4426\",\"name\":\"7culture2020\",\"image\":{\"@type\":\"ImageObject\",\"inLanguage\":\"fr-FR\",\"@id\":\"https:\/\/7culture.ci\/#\/schema\/person\/image\/\",\"url\":\"https:\/\/secure.gravatar.com\/avatar\/9a0784f951306c37bcd065f52844ef95?s=96&d=mm&r=g\",\"contentUrl\":\"https:\/\/secure.gravatar.com\/avatar\/9a0784f951306c37bcd065f52844ef95?s=96&d=mm&r=g\",\"caption\":\"7culture2020\"},\"sameAs\":[\"http:\/\/7culture.ci\",\"Claude.kipre\"],\"url\":\"https:\/\/7culture.ci\/index.php\/author\/7culture2020\/\"}]}<\/script>\n<!-- \/ Yoast SEO plugin. -->","yoast_head_json":{"title":"La chanteuse Roseline Layo et son manager se sont dit oui - 7culture","robots":{"index":"index","follow":"follow","max-snippet":"max-snippet:-1","max-image-preview":"max-image-preview:large","max-video-preview":"max-video-preview:-1"},"canonical":"https:\/\/7culture.ci\/index.php\/2022\/10\/04\/la-chanteuse-roseline-layo-et-son-manager-se-sont-dit-oui\/","og_locale":"fr_FR","og_type":"article","og_title":"La chanteuse Roseline Layo et son manager se sont dit oui - 7culture","og_description":"Roseline Layo est devenue Mme Gnahou. C\u2019est le samedi 1er octobre dernier que la chanteuse a officialis\u00e9 sa relation avec son manager Ch\u00e9w\u00e9 \u00e0 l\u2019h\u00f4tel communal de Cocody. L\u2019heureux \u00e9poux de l\u2019auteure du tube \u2018\u2019Donnez-nous un eu\u2019\u2019 est n\u00e9 David Gnahou. C\u2019est un homme qui \u00e9volue dans le s\u00e9rail du show-biz il y a longtemps. &hellip; La chanteuse Roseline Layo et son manager se sont dit oui Lire la suite\u00a0\u00bb","og_url":"https:\/\/7culture.ci\/index.php\/2022\/10\/04\/la-chanteuse-roseline-layo-et-son-manager-se-sont-dit-oui\/","og_site_name":"7culture","article_publisher":"https:\/\/www.facebook.com\/redchefclaude","article_published_time":"2022-10-04T13:31:44+00:00","article_modified_time":"2022-10-04T16:54:12+00:00","og_image":[{"width":720,"height":405,"url":"http:\/\/7culture.ci\/wp-content\/uploads\/2022\/10\/roseline-layo3-1-10-22.jpg","type":"image\/jpeg"}],"author":"7culture2020","twitter_card":"summary_large_image","twitter_creator":"@7culturec","twitter_site":"@7culturec","twitter_misc":{"\u00c9crit par":"7culture2020","Dur\u00e9e de lecture estim\u00e9e":"1 minute"},"schema":{"@context":"https:\/\/schema.org","@graph":[{"@type":"Article","@id":"https:\/\/7culture.ci\/index.php\/2022\/10\/04\/la-chanteuse-roseline-layo-et-son-manager-se-sont-dit-oui\/#article","isPartOf":{"@id":"https:\/\/7culture.ci\/index.php\/2022\/10\/04\/la-chanteuse-roseline-layo-et-son-manager-se-sont-dit-oui\/"},"author":{"name":"7culture2020","@id":"https:\/\/7culture.ci\/#\/schema\/person\/16150d28d7ef66ba788c1f87f28c4426"},"headline":"La chanteuse Roseline Layo et son manager se sont dit oui","datePublished":"2022-10-04T13:31:44+00:00","dateModified":"2022-10-04T16:54:12+00:00","mainEntityOfPage":{"@id":"https:\/\/7culture.ci\/index.php\/2022\/10\/04\/la-chanteuse-roseline-layo-et-son-manager-se-sont-dit-oui\/"},"wordCount":113,"commentCount":0,"publisher":{"@id":"https:\/\/7culture.ci\/#organization"},"articleSection":["Actualit\u00e9"],"inLanguage":"fr-FR","potentialAction":[{"@type":"CommentAction","name":"Comment","target":["https:\/\/7culture.ci\/index.php\/2022\/10\/04\/la-chanteuse-roseline-layo-et-son-manager-se-sont-dit-oui\/#respond"]}]},{"@type":"WebPage","@id":"https:\/\/7culture.ci\/index.php\/2022\/10\/04\/la-chanteuse-roseline-layo-et-son-manager-se-sont-dit-oui\/","url":"https:\/\/7culture.ci\/index.php\/2022\/10\/04\/la-chanteuse-roseline-layo-et-son-manager-se-sont-dit-oui\/","name":"La chanteuse Roseline Layo et son manager se sont dit oui - 7culture","isPartOf":{"@id":"https:\/\/7culture.ci\/#website"},"datePublished":"2022-10-04T13:31:44+00:00","dateModified":"2022-10-04T16:54:12+00:00","breadcrumb":{"@id":"https:\/\/7culture.ci\/index.php\/2022\/10\/04\/la-chanteuse-roseline-layo-et-son-manager-se-sont-dit-oui\/#breadcrumb"},"inLanguage":"fr-FR","potentialAction":[{"@type":"ReadAction","target":["https:\/\/7culture.ci\/index.php\/2022\/10\/04\/la-chanteuse-roseline-layo-et-son-manager-se-sont-dit-oui\/"]}]},{"@type":"BreadcrumbList","@id":"https:\/\/7culture.ci\/index.php\/2022\/10\/04\/la-chanteuse-roseline-layo-et-son-manager-se-sont-dit-oui\/#breadcrumb","itemListElement":[{"@type":"ListItem","position":1,"name":"Accueil","item":"https:\/\/7culture.ci\/"},{"@type":"ListItem","position":2,"name":"La chanteuse Roseline Layo et son manager se sont dit oui"}]},{"@type":"WebSite","@id":"https:\/\/7culture.ci\/#website","url":"https:\/\/7culture.ci\/","name":"7culture","description":"Tout sur l&#039;actualit\u00e9","publisher":{"@id":"https:\/\/7culture.ci\/#organization"},"potentialAction":[{"@type":"SearchAction","target":{"@type":"EntryPoint","urlTemplate":"https:\/\/7culture.ci\/?s={search_term_string}"},"query-input":"required name=search_term_string"}],"inLanguage":"fr-FR"},{"@type":"Organization","@id":"https:\/\/7culture.ci\/#organization","name":"7culture","url":"https:\/\/7culture.ci\/","sameAs":["https:\/\/www.facebook.com\/redchefclaude","https:\/\/twitter.com\/7culturec"],"logo":{"@type":"ImageObject","inLanguage":"fr-FR","@id":"https:\/\/7culture.ci\/#\/schema\/logo\/image\/","url":"https:\/\/7culture.ci\/wp-content\/uploads\/2021\/12\/S1a-1.png","contentUrl":"https:\/\/7culture.ci\/wp-content\/uploads\/2021\/12\/S1a-1.png","width":588,"height":192,"caption":"7culture"},"image":{"@id":"https:\/\/7culture.ci\/#\/schema\/logo\/image\/"}},{"@type":"Person","@id":"https:\/\/7culture.ci\/#\/schema\/person\/16150d28d7ef66ba788c1f87f28c4426","name":"7culture2020","image":{"@type":"ImageObject","inLanguage":"fr-FR","@id":"https:\/\/7culture.ci\/#\/schema\/person\/image\/","url":"https:\/\/secure.gravatar.com\/avatar\/9a0784f951306c37bcd065f52844ef95?s=96&d=mm&r=g","contentUrl":"https:\/\/secure.gravatar.com\/avatar\/9a0784f951306c37bcd065f52844ef95?s=96&d=mm&r=g","caption":"7culture2020"},"sameAs":["http:\/\/7culture.ci","Claude.kipre"],"url":"https:\/\/7culture.ci\/index.php\/author\/7culture2020\/"}]}},"jetpack_featured_media_url":"https:\/\/7culture.ci\/wp-content\/uploads\/2022\/10\/roseline-layo3-1-10-22.jpg","jetpack_likes_enabled":true,"jetpack_sharing_enabled":true,"_links":{"self":[{"href":"https:\/\/7culture.ci\/index.php\/wp-json\/wp\/v2\/posts\/24155"}],"collection":[{"href":"https:\/\/7culture.ci\/index.php\/wp-json\/wp\/v2\/posts"}],"about":[{"href":"https:\/\/7culture.ci\/index.php\/wp-json\/wp\/v2\/types\/post"}],"author":[{"embeddable":true,"href":"https:\/\/7culture.ci\/index.php\/wp-json\/wp\/v2\/users\/1"}],"replies":[{"embeddable":true,"href":"https:\/\/7culture.ci\/index.php\/wp-json\/wp\/v2\/comments?post=24155"}],"version-history":[{"count":0,"href":"https:\/\/7culture.ci\/index.php\/wp-json\/wp\/v2\/posts\/24155\/revisions"}],"wp:featuredmedia":[{"embeddable":true,"href":"https:\/\/7culture.ci\/index.php\/wp-json\/wp\/v2\/media\/24157"}],"wp:attachment":[{"href":"https:\/\/7culture.ci\/index.php\/wp-json\/wp\/v2\/media?parent=24155"}],"wp:term":[{"taxonomy":"category","embeddable":true,"href":"https:\/\/7culture.ci\/index.php\/wp-json\/wp\/v2\/categories?post=24155"},{"taxonomy":"post_tag","embeddable":true,"href":"https:\/\/7culture.ci\/index.php\/wp-json\/wp\/v2\/tags?post=24155"}],"curies":[{"name":"wp","href":"https:\/\/api.w.org\/{rel}","templated":true}]}}