{"id":24140,"date":"2022-09-30T16:35:23","date_gmt":"2022-09-30T16:35:23","guid":{"rendered":"https:\/\/7culture.ci\/?p=24140"},"modified":"2022-09-30T16:35:28","modified_gmt":"2022-09-30T16:35:28","slug":"le-centre-integre-de-bondoukou-fait-peau-neuve","status":"publish","type":"post","link":"https:\/\/7culture.ci\/index.php\/2022\/09\/30\/le-centre-integre-de-bondoukou-fait-peau-neuve\/","title":{"rendered":"Le centre int\u00e9gr\u00e9 de Bondoukou fait peau neuve\u00a0! \u00a0"},"content":{"rendered":"\n<p>Le centre int\u00e9gr\u00e9 de Bondoukou en r\u00e9novation compte \u0153uvrer \u00e0 la valorisation des richesses culturelles du district du Zanzan, \u00e0 travers la mise \u00e0 la disposition, lors de son ouverture officielle prochaine d\u2019une galerie et d\u2019une biblioth\u00e8que des arts et traditions.<\/p>\n\n\n\n<p>Selon l\u2019ancien gestionnaire du mus\u00e9e de Bondoukou, d\u00e9sormais centre int\u00e9gr\u00e9, B\u00e9ma Ouattara, cet \u00e9difice est repr\u00e9sentatif des ambitions du conseil municipal de Bondoukou pour la mise en exergue du patrimoine culturel du Gontougo, qui vise \u00e0 immortaliser les parades, us et coutumes traditionnels. Il va abriter un centre d\u2019\u00e9coute des jeunes, une salle multim\u00e9dia, un restaurant hyper \u00e9quip\u00e9, une caf\u00e9t\u00e9ria, une galerie d\u2019exposition des \u0153uvres d\u2019arts et la plus grande biblioth\u00e8que de la r\u00e9gion, entre autres.<\/p>\n\n\n\n<figure class=\"wp-block-gallery has-nested-images columns-default is-cropped wp-block-gallery-1 is-layout-flex wp-block-gallery-is-layout-flex\">\n<figure class=\"wp-block-image size-large\"><img loading=\"lazy\" decoding=\"async\" width=\"720\" height=\"480\" data-id=\"24143\" src=\"https:\/\/7culture.ci\/wp-content\/uploads\/2022\/09\/WhatsApp-Image-2022-09-30-at-14.49.18.jpeg\" alt=\"\" class=\"wp-image-24143\" srcset=\"https:\/\/7culture.ci\/wp-content\/uploads\/2022\/09\/WhatsApp-Image-2022-09-30-at-14.49.18.jpeg 720w, https:\/\/7culture.ci\/wp-content\/uploads\/2022\/09\/WhatsApp-Image-2022-09-30-at-14.49.18-300x200.jpeg 300w\" sizes=\"(max-width: 720px) 100vw, 720px\" \/><\/figure>\n\n\n\n<figure class=\"wp-block-image size-large\"><img loading=\"lazy\" decoding=\"async\" width=\"720\" height=\"480\" data-id=\"24144\" src=\"https:\/\/7culture.ci\/wp-content\/uploads\/2022\/09\/WhatsApp-Image-2022-09-30-at-14.49.19-1.jpeg\" alt=\"\" class=\"wp-image-24144\" srcset=\"https:\/\/7culture.ci\/wp-content\/uploads\/2022\/09\/WhatsApp-Image-2022-09-30-at-14.49.19-1.jpeg 720w, https:\/\/7culture.ci\/wp-content\/uploads\/2022\/09\/WhatsApp-Image-2022-09-30-at-14.49.19-1-300x200.jpeg 300w\" sizes=\"(max-width: 720px) 100vw, 720px\" \/><\/figure>\n\n\n\n<figure class=\"wp-block-image size-large\"><img loading=\"lazy\" decoding=\"async\" width=\"720\" height=\"360\" data-id=\"24145\" src=\"https:\/\/7culture.ci\/wp-content\/uploads\/2022\/09\/WhatsApp-Image-2022-09-30-at-14.49.19-2.jpeg\" alt=\"\" class=\"wp-image-24145\" srcset=\"https:\/\/7culture.ci\/wp-content\/uploads\/2022\/09\/WhatsApp-Image-2022-09-30-at-14.49.19-2.jpeg 720w, https:\/\/7culture.ci\/wp-content\/uploads\/2022\/09\/WhatsApp-Image-2022-09-30-at-14.49.19-2-300x150.jpeg 300w\" sizes=\"(max-width: 720px) 100vw, 720px\" \/><\/figure>\n<\/figure>\n\n\n\n<p>Cette r\u00e9habilitation concourt \u00e0 la beaut\u00e9 de la ville, \u00e0 la promotion de l\u2019identit\u00e9 culturelle, et \u00e0 la sauvegarde de l\u2019un des attributs de richesse de la r\u00e9gion du Gontougo, par ricochet de la C\u00f4te d\u2019Ivoire. Les travaux ont \u00e9t\u00e9 initi\u00e9s et financ\u00e9s par le maire de Bondoukou. Le chantier de r\u00e9habilitation du centre int\u00e9gr\u00e9 (ex-mus\u00e9e) de Bondoukou est tr\u00e8s avanc\u00e9. Ce b\u00e2timent est vieux de plus de 50 ans.<\/p>\n\n\n\n<p><strong>Thierry Samuel<\/strong><\/p>\n","protected":false},"excerpt":{"rendered":"<p>Le centre int\u00e9gr\u00e9 de Bondoukou en r\u00e9novation compte \u0153uvrer \u00e0 la valorisation des richesses culturelles du district du Zanzan, \u00e0 travers la mise \u00e0 la disposition, lors de son ouverture officielle prochaine d\u2019une galerie et d\u2019une biblioth\u00e8que des arts et traditions. Selon l\u2019ancien gestionnaire du mus\u00e9e de Bondoukou, d\u00e9sormais centre int\u00e9gr\u00e9, B\u00e9ma Ouattara, cet \u00e9difice &hellip;<\/p>\n<p class=\"read-more\"> <a class=\"\" href=\"https:\/\/7culture.ci\/index.php\/2022\/09\/30\/le-centre-integre-de-bondoukou-fait-peau-neuve\/\"> <span class=\"screen-reader-text\">Le centre int\u00e9gr\u00e9 de Bondoukou fait peau neuve\u00a0! \u00a0<\/span> Lire la suite\u00a0\u00bb<\/a><\/p>\n","protected":false},"author":1,"featured_media":24142,"comment_status":"open","ping_status":"open","sticky":false,"template":"","format":"standard","meta":{"_mi_skip_tracking":false,"_monsterinsights_sitenote_active":false,"_monsterinsights_sitenote_note":"","_monsterinsights_sitenote_category":0,"site-sidebar-layout":"default","site-content-layout":"default","ast-global-header-display":"","ast-main-header-display":"","ast-hfb-above-header-display":"","ast-hfb-below-header-display":"","ast-hfb-mobile-header-display":"","site-post-title":"","ast-breadcrumbs-content":"","ast-featured-img":"","footer-sml-layout":"","theme-transparent-header-meta":"","adv-header-id-meta":"","stick-header-meta":"","header-above-stick-meta":"","header-main-stick-meta":"","header-below-stick-meta":"","footnotes":"","jetpack_publicize_message":"","jetpack_is_tweetstorm":false,"jetpack_publicize_feature_enabled":true},"categories":[22],"tags":[],"jetpack_publicize_connections":[],"acf":[],"aioseo_notices":[],"yoast_head":"<!-- This site is optimized with the Yoast SEO plugin v19.6.1 - https:\/\/yoast.com\/wordpress\/plugins\/seo\/ -->\n<title>Le centre int\u00e9gr\u00e9 de Bondoukou fait peau neuve\u00a0! \u00a0 -<\/title>\n<meta name=\"robots\" content=\"index, follow, max-snippet:-1, max-image-preview:large, max-video-preview:-1\" \/>\n<link rel=\"canonical\" href=\"https:\/\/7culture.ci\/index.php\/2022\/09\/30\/le-centre-integre-de-bondoukou-fait-peau-neuve\/\" \/>\n<meta property=\"og:locale\" content=\"fr_FR\" \/>\n<meta property=\"og:type\" content=\"article\" \/>\n<meta property=\"og:title\" content=\"Le centre int\u00e9gr\u00e9 de Bondoukou fait peau neuve\u00a0! \u00a0 -\" \/>\n<meta property=\"og:description\" content=\"Le centre int\u00e9gr\u00e9 de Bondoukou en r\u00e9novation compte \u0153uvrer \u00e0 la valorisation des richesses culturelles du district du Zanzan, \u00e0 travers la mise \u00e0 la disposition, lors de son ouverture officielle prochaine d\u2019une galerie et d\u2019une biblioth\u00e8que des arts et traditions. Selon l\u2019ancien gestionnaire du mus\u00e9e de Bondoukou, d\u00e9sormais centre int\u00e9gr\u00e9, B\u00e9ma Ouattara, cet \u00e9difice &hellip; Le centre int\u00e9gr\u00e9 de Bondoukou fait peau neuve\u00a0! \u00a0 Lire la suite\u00a0\u00bb\" \/>\n<meta property=\"og:url\" content=\"https:\/\/7culture.ci\/index.php\/2022\/09\/30\/le-centre-integre-de-bondoukou-fait-peau-neuve\/\" \/>\n<meta property=\"og:site_name\" content=\"7culture\" \/>\n<meta property=\"article:publisher\" content=\"https:\/\/www.facebook.com\/redchefclaude\" \/>\n<meta property=\"article:published_time\" content=\"2022-09-30T16:35:23+00:00\" \/>\n<meta property=\"article:modified_time\" content=\"2022-09-30T16:35:28+00:00\" \/>\n<meta property=\"og:image\" content=\"http:\/\/7culture.ci\/wp-content\/uploads\/2022\/09\/WhatsApp-Image-2022-09-30-at-14.49.19.jpeg\" \/>\n\t<meta property=\"og:image:width\" content=\"720\" \/>\n\t<meta property=\"og:image:height\" content=\"480\" \/>\n\t<meta property=\"og:image:type\" content=\"image\/jpeg\" \/>\n<meta name=\"author\" content=\"7culture2020\" \/>\n<meta name=\"twitter:card\" content=\"summary_large_image\" \/>\n<meta name=\"twitter:creator\" content=\"@7culturec\" \/>\n<meta name=\"twitter:site\" content=\"@7culturec\" \/>\n<meta name=\"twitter:label1\" content=\"\u00c9crit par\" \/>\n\t<meta name=\"twitter:data1\" content=\"7culture2020\" \/>\n\t<meta name=\"twitter:label2\" content=\"Dur\u00e9e de lecture estim\u00e9e\" \/>\n\t<meta name=\"twitter:data2\" content=\"1 minute\" \/>\n<script type=\"application\/ld+json\" class=\"yoast-schema-graph\">{\"@context\":\"https:\/\/schema.org\",\"@graph\":[{\"@type\":\"Article\",\"@id\":\"https:\/\/7culture.ci\/index.php\/2022\/09\/30\/le-centre-integre-de-bondoukou-fait-peau-neuve\/#article\",\"isPartOf\":{\"@id\":\"https:\/\/7culture.ci\/index.php\/2022\/09\/30\/le-centre-integre-de-bondoukou-fait-peau-neuve\/\"},\"author\":{\"name\":\"7culture2020\",\"@id\":\"https:\/\/7culture.ci\/#\/schema\/person\/16150d28d7ef66ba788c1f87f28c4426\"},\"headline\":\"Le centre int\u00e9gr\u00e9 de Bondoukou fait peau neuve\u00a0! \u00a0\",\"datePublished\":\"2022-09-30T16:35:23+00:00\",\"dateModified\":\"2022-09-30T16:35:28+00:00\",\"mainEntityOfPage\":{\"@id\":\"https:\/\/7culture.ci\/index.php\/2022\/09\/30\/le-centre-integre-de-bondoukou-fait-peau-neuve\/\"},\"wordCount\":222,\"commentCount\":0,\"publisher\":{\"@id\":\"https:\/\/7culture.ci\/#organization\"},\"articleSection\":[\"Actualit\u00e9\"],\"inLanguage\":\"fr-FR\",\"potentialAction\":[{\"@type\":\"CommentAction\",\"name\":\"Comment\",\"target\":[\"https:\/\/7culture.ci\/index.php\/2022\/09\/30\/le-centre-integre-de-bondoukou-fait-peau-neuve\/#respond\"]}]},{\"@type\":\"WebPage\",\"@id\":\"https:\/\/7culture.ci\/index.php\/2022\/09\/30\/le-centre-integre-de-bondoukou-fait-peau-neuve\/\",\"url\":\"https:\/\/7culture.ci\/index.php\/2022\/09\/30\/le-centre-integre-de-bondoukou-fait-peau-neuve\/\",\"name\":\"Le centre int\u00e9gr\u00e9 de Bondoukou fait peau neuve\u00a0! \u00a0 -\",\"isPartOf\":{\"@id\":\"https:\/\/7culture.ci\/#website\"},\"datePublished\":\"2022-09-30T16:35:23+00:00\",\"dateModified\":\"2022-09-30T16:35:28+00:00\",\"breadcrumb\":{\"@id\":\"https:\/\/7culture.ci\/index.php\/2022\/09\/30\/le-centre-integre-de-bondoukou-fait-peau-neuve\/#breadcrumb\"},\"inLanguage\":\"fr-FR\",\"potentialAction\":[{\"@type\":\"ReadAction\",\"target\":[\"https:\/\/7culture.ci\/index.php\/2022\/09\/30\/le-centre-integre-de-bondoukou-fait-peau-neuve\/\"]}]},{\"@type\":\"BreadcrumbList\",\"@id\":\"https:\/\/7culture.ci\/index.php\/2022\/09\/30\/le-centre-integre-de-bondoukou-fait-peau-neuve\/#breadcrumb\",\"itemListElement\":[{\"@type\":\"ListItem\",\"position\":1,\"name\":\"Accueil\",\"item\":\"https:\/\/7culture.ci\/\"},{\"@type\":\"ListItem\",\"position\":2,\"name\":\"Le centre int\u00e9gr\u00e9 de Bondoukou fait peau neuve\u00a0! \u00a0\"}]},{\"@type\":\"WebSite\",\"@id\":\"https:\/\/7culture.ci\/#website\",\"url\":\"https:\/\/7culture.ci\/\",\"name\":\"7culture\",\"description\":\"Tout sur l&#039;actualit\u00e9\",\"publisher\":{\"@id\":\"https:\/\/7culture.ci\/#organization\"},\"potentialAction\":[{\"@type\":\"SearchAction\",\"target\":{\"@type\":\"EntryPoint\",\"urlTemplate\":\"https:\/\/7culture.ci\/?s={search_term_string}\"},\"query-input\":\"required name=search_term_string\"}],\"inLanguage\":\"fr-FR\"},{\"@type\":\"Organization\",\"@id\":\"https:\/\/7culture.ci\/#organization\",\"name\":\"7culture\",\"url\":\"https:\/\/7culture.ci\/\",\"sameAs\":[\"https:\/\/www.facebook.com\/redchefclaude\",\"https:\/\/twitter.com\/7culturec\"],\"logo\":{\"@type\":\"ImageObject\",\"inLanguage\":\"fr-FR\",\"@id\":\"https:\/\/7culture.ci\/#\/schema\/logo\/image\/\",\"url\":\"https:\/\/7culture.ci\/wp-content\/uploads\/2021\/12\/S1a-1.png\",\"contentUrl\":\"https:\/\/7culture.ci\/wp-content\/uploads\/2021\/12\/S1a-1.png\",\"width\":588,\"height\":192,\"caption\":\"7culture\"},\"image\":{\"@id\":\"https:\/\/7culture.ci\/#\/schema\/logo\/image\/\"}},{\"@type\":\"Person\",\"@id\":\"https:\/\/7culture.ci\/#\/schema\/person\/16150d28d7ef66ba788c1f87f28c4426\",\"name\":\"7culture2020\",\"image\":{\"@type\":\"ImageObject\",\"inLanguage\":\"fr-FR\",\"@id\":\"https:\/\/7culture.ci\/#\/schema\/person\/image\/\",\"url\":\"https:\/\/secure.gravatar.com\/avatar\/9a0784f951306c37bcd065f52844ef95?s=96&d=mm&r=g\",\"contentUrl\":\"https:\/\/secure.gravatar.com\/avatar\/9a0784f951306c37bcd065f52844ef95?s=96&d=mm&r=g\",\"caption\":\"7culture2020\"},\"sameAs\":[\"http:\/\/7culture.ci\",\"Claude.kipre\"],\"url\":\"https:\/\/7culture.ci\/index.php\/author\/7culture2020\/\"}]}<\/script>\n<!-- \/ Yoast SEO plugin. -->","yoast_head_json":{"title":"Le centre int\u00e9gr\u00e9 de Bondoukou fait peau neuve\u00a0! \u00a0 -","robots":{"index":"index","follow":"follow","max-snippet":"max-snippet:-1","max-image-preview":"max-image-preview:large","max-video-preview":"max-video-preview:-1"},"canonical":"https:\/\/7culture.ci\/index.php\/2022\/09\/30\/le-centre-integre-de-bondoukou-fait-peau-neuve\/","og_locale":"fr_FR","og_type":"article","og_title":"Le centre int\u00e9gr\u00e9 de Bondoukou fait peau neuve\u00a0! \u00a0 -","og_description":"Le centre int\u00e9gr\u00e9 de Bondoukou en r\u00e9novation compte \u0153uvrer \u00e0 la valorisation des richesses culturelles du district du Zanzan, \u00e0 travers la mise \u00e0 la disposition, lors de son ouverture officielle prochaine d\u2019une galerie et d\u2019une biblioth\u00e8que des arts et traditions. Selon l\u2019ancien gestionnaire du mus\u00e9e de Bondoukou, d\u00e9sormais centre int\u00e9gr\u00e9, B\u00e9ma Ouattara, cet \u00e9difice &hellip; Le centre int\u00e9gr\u00e9 de Bondoukou fait peau neuve\u00a0! \u00a0 Lire la suite\u00a0\u00bb","og_url":"https:\/\/7culture.ci\/index.php\/2022\/09\/30\/le-centre-integre-de-bondoukou-fait-peau-neuve\/","og_site_name":"7culture","article_publisher":"https:\/\/www.facebook.com\/redchefclaude","article_published_time":"2022-09-30T16:35:23+00:00","article_modified_time":"2022-09-30T16:35:28+00:00","og_image":[{"width":720,"height":480,"url":"http:\/\/7culture.ci\/wp-content\/uploads\/2022\/09\/WhatsApp-Image-2022-09-30-at-14.49.19.jpeg","type":"image\/jpeg"}],"author":"7culture2020","twitter_card":"summary_large_image","twitter_creator":"@7culturec","twitter_site":"@7culturec","twitter_misc":{"\u00c9crit par":"7culture2020","Dur\u00e9e de lecture estim\u00e9e":"1 minute"},"schema":{"@context":"https:\/\/schema.org","@graph":[{"@type":"Article","@id":"https:\/\/7culture.ci\/index.php\/2022\/09\/30\/le-centre-integre-de-bondoukou-fait-peau-neuve\/#article","isPartOf":{"@id":"https:\/\/7culture.ci\/index.php\/2022\/09\/30\/le-centre-integre-de-bondoukou-fait-peau-neuve\/"},"author":{"name":"7culture2020","@id":"https:\/\/7culture.ci\/#\/schema\/person\/16150d28d7ef66ba788c1f87f28c4426"},"headline":"Le centre int\u00e9gr\u00e9 de Bondoukou fait peau neuve\u00a0! \u00a0","datePublished":"2022-09-30T16:35:23+00:00","dateModified":"2022-09-30T16:35:28+00:00","mainEntityOfPage":{"@id":"https:\/\/7culture.ci\/index.php\/2022\/09\/30\/le-centre-integre-de-bondoukou-fait-peau-neuve\/"},"wordCount":222,"commentCount":0,"publisher":{"@id":"https:\/\/7culture.ci\/#organization"},"articleSection":["Actualit\u00e9"],"inLanguage":"fr-FR","potentialAction":[{"@type":"CommentAction","name":"Comment","target":["https:\/\/7culture.ci\/index.php\/2022\/09\/30\/le-centre-integre-de-bondoukou-fait-peau-neuve\/#respond"]}]},{"@type":"WebPage","@id":"https:\/\/7culture.ci\/index.php\/2022\/09\/30\/le-centre-integre-de-bondoukou-fait-peau-neuve\/","url":"https:\/\/7culture.ci\/index.php\/2022\/09\/30\/le-centre-integre-de-bondoukou-fait-peau-neuve\/","name":"Le centre int\u00e9gr\u00e9 de Bondoukou fait peau neuve\u00a0! \u00a0 -","isPartOf":{"@id":"https:\/\/7culture.ci\/#website"},"datePublished":"2022-09-30T16:35:23+00:00","dateModified":"2022-09-30T16:35:28+00:00","breadcrumb":{"@id":"https:\/\/7culture.ci\/index.php\/2022\/09\/30\/le-centre-integre-de-bondoukou-fait-peau-neuve\/#breadcrumb"},"inLanguage":"fr-FR","potentialAction":[{"@type":"ReadAction","target":["https:\/\/7culture.ci\/index.php\/2022\/09\/30\/le-centre-integre-de-bondoukou-fait-peau-neuve\/"]}]},{"@type":"BreadcrumbList","@id":"https:\/\/7culture.ci\/index.php\/2022\/09\/30\/le-centre-integre-de-bondoukou-fait-peau-neuve\/#breadcrumb","itemListElement":[{"@type":"ListItem","position":1,"name":"Accueil","item":"https:\/\/7culture.ci\/"},{"@type":"ListItem","position":2,"name":"Le centre int\u00e9gr\u00e9 de Bondoukou fait peau neuve\u00a0! \u00a0"}]},{"@type":"WebSite","@id":"https:\/\/7culture.ci\/#website","url":"https:\/\/7culture.ci\/","name":"7culture","description":"Tout sur l&#039;actualit\u00e9","publisher":{"@id":"https:\/\/7culture.ci\/#organization"},"potentialAction":[{"@type":"SearchAction","target":{"@type":"EntryPoint","urlTemplate":"https:\/\/7culture.ci\/?s={search_term_string}"},"query-input":"required name=search_term_string"}],"inLanguage":"fr-FR"},{"@type":"Organization","@id":"https:\/\/7culture.ci\/#organization","name":"7culture","url":"https:\/\/7culture.ci\/","sameAs":["https:\/\/www.facebook.com\/redchefclaude","https:\/\/twitter.com\/7culturec"],"logo":{"@type":"ImageObject","inLanguage":"fr-FR","@id":"https:\/\/7culture.ci\/#\/schema\/logo\/image\/","url":"https:\/\/7culture.ci\/wp-content\/uploads\/2021\/12\/S1a-1.png","contentUrl":"https:\/\/7culture.ci\/wp-content\/uploads\/2021\/12\/S1a-1.png","width":588,"height":192,"caption":"7culture"},"image":{"@id":"https:\/\/7culture.ci\/#\/schema\/logo\/image\/"}},{"@type":"Person","@id":"https:\/\/7culture.ci\/#\/schema\/person\/16150d28d7ef66ba788c1f87f28c4426","name":"7culture2020","image":{"@type":"ImageObject","inLanguage":"fr-FR","@id":"https:\/\/7culture.ci\/#\/schema\/person\/image\/","url":"https:\/\/secure.gravatar.com\/avatar\/9a0784f951306c37bcd065f52844ef95?s=96&d=mm&r=g","contentUrl":"https:\/\/secure.gravatar.com\/avatar\/9a0784f951306c37bcd065f52844ef95?s=96&d=mm&r=g","caption":"7culture2020"},"sameAs":["http:\/\/7culture.ci","Claude.kipre"],"url":"https:\/\/7culture.ci\/index.php\/author\/7culture2020\/"}]}},"jetpack_featured_media_url":"https:\/\/7culture.ci\/wp-content\/uploads\/2022\/09\/WhatsApp-Image-2022-09-30-at-14.49.19.jpeg","jetpack_likes_enabled":true,"jetpack_sharing_enabled":true,"_links":{"self":[{"href":"https:\/\/7culture.ci\/index.php\/wp-json\/wp\/v2\/posts\/24140"}],"collection":[{"href":"https:\/\/7culture.ci\/index.php\/wp-json\/wp\/v2\/posts"}],"about":[{"href":"https:\/\/7culture.ci\/index.php\/wp-json\/wp\/v2\/types\/post"}],"author":[{"embeddable":true,"href":"https:\/\/7culture.ci\/index.php\/wp-json\/wp\/v2\/users\/1"}],"replies":[{"embeddable":true,"href":"https:\/\/7culture.ci\/index.php\/wp-json\/wp\/v2\/comments?post=24140"}],"version-history":[{"count":0,"href":"https:\/\/7culture.ci\/index.php\/wp-json\/wp\/v2\/posts\/24140\/revisions"}],"wp:featuredmedia":[{"embeddable":true,"href":"https:\/\/7culture.ci\/index.php\/wp-json\/wp\/v2\/media\/24142"}],"wp:attachment":[{"href":"https:\/\/7culture.ci\/index.php\/wp-json\/wp\/v2\/media?parent=24140"}],"wp:term":[{"taxonomy":"category","embeddable":true,"href":"https:\/\/7culture.ci\/index.php\/wp-json\/wp\/v2\/categories?post=24140"},{"taxonomy":"post_tag","embeddable":true,"href":"https:\/\/7culture.ci\/index.php\/wp-json\/wp\/v2\/tags?post=24140"}],"curies":[{"name":"wp","href":"https:\/\/api.w.org\/{rel}","templated":true}]}}