{"id":24130,"date":"2022-09-28T16:30:32","date_gmt":"2022-09-28T16:30:32","guid":{"rendered":"https:\/\/7culture.ci\/?p=24130"},"modified":"2022-09-28T16:30:35","modified_gmt":"2022-09-28T16:30:35","slug":"kanankro-le-festival-international-de-musique-adjale-kpa-est-lance","status":"publish","type":"post","link":"https:\/\/7culture.ci\/index.php\/2022\/09\/28\/kanankro-le-festival-international-de-musique-adjale-kpa-est-lance\/","title":{"rendered":"Kanankro\u00a0: Le festival international de musique \u2018\u2019Adjal\u00e8 Kpa\u2019\u2019 est lanc\u00e9\u00a0!"},"content":{"rendered":"\n<p>Le sous-pr\u00e9fet de Dj\u00e9bonoua, Gr\u00e9goire Assemba Our\u00e9ga, a proc\u00e9d\u00e9 samedi 24 septembre 2022 au lancement officiel de la 1<sup>e<\/sup> \u00e9dition du festival international de musique \u2018\u2019&nbsp;Adjal\u00e8 Kpa\u2019\u2019 de la r\u00e9gion du Gb\u00eak\u00ea dans le village de Kanankro (commune de Bouak\u00e9).<\/p>\n\n\n\n<p>Dans sa prise de parole, le sous-pr\u00e9fet a invit\u00e9 les populations \u00e0 accompagner les organisateurs dans ce projet qui vise \u00e0 faire la promotion de la culture ivoirienne. <strong>\u00ab<em>Je suis tr\u00e8s heureux&nbsp;d\u2019\u00eatre pr\u00e9sent \u00e0 ce festival parce qu\u2019il&nbsp;s\u2019agit de promouvoir la culture ivoirienne. Je f\u00e9licite donc les initiateurs et j\u2019exhorte&nbsp;les&nbsp;populations&nbsp;\u00e0 soutenir ses organisateurs&nbsp;qui font incontestablement \u0153uvre utile<\/em><\/strong>&nbsp;\u00bb, a-t-il confi\u00e9.<\/p>\n\n\n\n<p>Cette c\u00e9r\u00e9monie de lancement s\u2019est poursuivie jusqu\u2019au dimanche 25 septembre par la prestation d\u2019une vingtaine d\u2019artistes. Le festival vise \u00e0 valoriser la musique traditionnelle du terroir baoul\u00e9 \u00e0 travers la d\u00e9tection de nouveaux&nbsp;talents.<\/p>\n\n\n\n<p>En marge&nbsp;de cette activit\u00e9 culturelle, a eu lieu la pose de la premi\u00e8re pierre&nbsp;du centre de sant\u00e9&nbsp;du village de Kanankro par la mutuelle de cette localit\u00e9 dont le pr\u00e9sident, Fabrice Koffi, est \u00e9galement le commissaire g\u00e9n\u00e9ral du festival international \u2018\u2019Adjal\u00e8 Kpa\u2019\u2019. Il s\u2019agit pour ce dernier de concilier culture, sant\u00e9 et d\u00e9veloppement.<\/p>\n\n\n\n<p>Thierry Samuel<\/p>\n","protected":false},"excerpt":{"rendered":"<p>Le sous-pr\u00e9fet de Dj\u00e9bonoua, Gr\u00e9goire Assemba Our\u00e9ga, a proc\u00e9d\u00e9 samedi 24 septembre 2022 au lancement officiel de la 1e \u00e9dition du festival international de musique \u2018\u2019&nbsp;Adjal\u00e8 Kpa\u2019\u2019 de la r\u00e9gion du Gb\u00eak\u00ea dans le village de Kanankro (commune de Bouak\u00e9). Dans sa prise de parole, le sous-pr\u00e9fet a invit\u00e9 les populations \u00e0 accompagner les organisateurs &hellip;<\/p>\n<p class=\"read-more\"> <a class=\"\" href=\"https:\/\/7culture.ci\/index.php\/2022\/09\/28\/kanankro-le-festival-international-de-musique-adjale-kpa-est-lance\/\"> <span class=\"screen-reader-text\">Kanankro\u00a0: Le festival international de musique \u2018\u2019Adjal\u00e8 Kpa\u2019\u2019 est lanc\u00e9\u00a0!<\/span> Lire la suite\u00a0\u00bb<\/a><\/p>\n","protected":false},"author":1,"featured_media":24132,"comment_status":"open","ping_status":"open","sticky":false,"template":"","format":"standard","meta":{"_mi_skip_tracking":false,"_monsterinsights_sitenote_active":false,"_monsterinsights_sitenote_note":"","_monsterinsights_sitenote_category":0,"site-sidebar-layout":"default","site-content-layout":"default","ast-global-header-display":"","ast-main-header-display":"","ast-hfb-above-header-display":"","ast-hfb-below-header-display":"","ast-hfb-mobile-header-display":"","site-post-title":"","ast-breadcrumbs-content":"","ast-featured-img":"","footer-sml-layout":"","theme-transparent-header-meta":"","adv-header-id-meta":"","stick-header-meta":"","header-above-stick-meta":"","header-main-stick-meta":"","header-below-stick-meta":"","footnotes":"","jetpack_publicize_message":"","jetpack_is_tweetstorm":false,"jetpack_publicize_feature_enabled":true},"categories":[22],"tags":[],"jetpack_publicize_connections":[],"acf":[],"aioseo_notices":[],"yoast_head":"<!-- This site is optimized with the Yoast SEO plugin v19.6.1 - https:\/\/yoast.com\/wordpress\/plugins\/seo\/ -->\n<title>Kanankro\u00a0: Le festival international de musique \u2018\u2019Adjal\u00e8 Kpa\u2019\u2019 est lanc\u00e9\u00a0! -<\/title>\n<meta name=\"robots\" content=\"index, follow, max-snippet:-1, max-image-preview:large, max-video-preview:-1\" \/>\n<link rel=\"canonical\" href=\"https:\/\/7culture.ci\/index.php\/2022\/09\/28\/kanankro-le-festival-international-de-musique-adjale-kpa-est-lance\/\" \/>\n<meta property=\"og:locale\" content=\"fr_FR\" \/>\n<meta property=\"og:type\" content=\"article\" \/>\n<meta property=\"og:title\" content=\"Kanankro\u00a0: Le festival international de musique \u2018\u2019Adjal\u00e8 Kpa\u2019\u2019 est lanc\u00e9\u00a0! -\" \/>\n<meta property=\"og:description\" content=\"Le sous-pr\u00e9fet de Dj\u00e9bonoua, Gr\u00e9goire Assemba Our\u00e9ga, a proc\u00e9d\u00e9 samedi 24 septembre 2022 au lancement officiel de la 1e \u00e9dition du festival international de musique \u2018\u2019&nbsp;Adjal\u00e8 Kpa\u2019\u2019 de la r\u00e9gion du Gb\u00eak\u00ea dans le village de Kanankro (commune de Bouak\u00e9). Dans sa prise de parole, le sous-pr\u00e9fet a invit\u00e9 les populations \u00e0 accompagner les organisateurs &hellip; Kanankro\u00a0: Le festival international de musique \u2018\u2019Adjal\u00e8 Kpa\u2019\u2019 est lanc\u00e9\u00a0! Lire la suite\u00a0\u00bb\" \/>\n<meta property=\"og:url\" content=\"https:\/\/7culture.ci\/index.php\/2022\/09\/28\/kanankro-le-festival-international-de-musique-adjale-kpa-est-lance\/\" \/>\n<meta property=\"og:site_name\" content=\"7culture\" \/>\n<meta property=\"article:publisher\" content=\"https:\/\/www.facebook.com\/redchefclaude\" \/>\n<meta property=\"article:published_time\" content=\"2022-09-28T16:30:32+00:00\" \/>\n<meta property=\"article:modified_time\" content=\"2022-09-28T16:30:35+00:00\" \/>\n<meta property=\"og:image\" content=\"http:\/\/7culture.ci\/wp-content\/uploads\/2022\/09\/festival1.jpg\" \/>\n\t<meta property=\"og:image:width\" content=\"780\" \/>\n\t<meta property=\"og:image:height\" content=\"425\" \/>\n\t<meta property=\"og:image:type\" content=\"image\/jpeg\" \/>\n<meta name=\"author\" content=\"7culture2020\" \/>\n<meta name=\"twitter:card\" content=\"summary_large_image\" \/>\n<meta name=\"twitter:creator\" content=\"@7culturec\" \/>\n<meta name=\"twitter:site\" content=\"@7culturec\" \/>\n<meta name=\"twitter:label1\" content=\"\u00c9crit par\" \/>\n\t<meta name=\"twitter:data1\" content=\"7culture2020\" \/>\n\t<meta name=\"twitter:label2\" content=\"Dur\u00e9e de lecture estim\u00e9e\" \/>\n\t<meta name=\"twitter:data2\" content=\"1 minute\" \/>\n<script type=\"application\/ld+json\" class=\"yoast-schema-graph\">{\"@context\":\"https:\/\/schema.org\",\"@graph\":[{\"@type\":\"Article\",\"@id\":\"https:\/\/7culture.ci\/index.php\/2022\/09\/28\/kanankro-le-festival-international-de-musique-adjale-kpa-est-lance\/#article\",\"isPartOf\":{\"@id\":\"https:\/\/7culture.ci\/index.php\/2022\/09\/28\/kanankro-le-festival-international-de-musique-adjale-kpa-est-lance\/\"},\"author\":{\"name\":\"7culture2020\",\"@id\":\"https:\/\/7culture.ci\/#\/schema\/person\/16150d28d7ef66ba788c1f87f28c4426\"},\"headline\":\"Kanankro\u00a0: Le festival international de musique \u2018\u2019Adjal\u00e8 Kpa\u2019\u2019 est lanc\u00e9\u00a0!\",\"datePublished\":\"2022-09-28T16:30:32+00:00\",\"dateModified\":\"2022-09-28T16:30:35+00:00\",\"mainEntityOfPage\":{\"@id\":\"https:\/\/7culture.ci\/index.php\/2022\/09\/28\/kanankro-le-festival-international-de-musique-adjale-kpa-est-lance\/\"},\"wordCount\":237,\"commentCount\":0,\"publisher\":{\"@id\":\"https:\/\/7culture.ci\/#organization\"},\"articleSection\":[\"Actualit\u00e9\"],\"inLanguage\":\"fr-FR\",\"potentialAction\":[{\"@type\":\"CommentAction\",\"name\":\"Comment\",\"target\":[\"https:\/\/7culture.ci\/index.php\/2022\/09\/28\/kanankro-le-festival-international-de-musique-adjale-kpa-est-lance\/#respond\"]}]},{\"@type\":\"WebPage\",\"@id\":\"https:\/\/7culture.ci\/index.php\/2022\/09\/28\/kanankro-le-festival-international-de-musique-adjale-kpa-est-lance\/\",\"url\":\"https:\/\/7culture.ci\/index.php\/2022\/09\/28\/kanankro-le-festival-international-de-musique-adjale-kpa-est-lance\/\",\"name\":\"Kanankro\u00a0: Le festival international de musique \u2018\u2019Adjal\u00e8 Kpa\u2019\u2019 est lanc\u00e9\u00a0! -\",\"isPartOf\":{\"@id\":\"https:\/\/7culture.ci\/#website\"},\"datePublished\":\"2022-09-28T16:30:32+00:00\",\"dateModified\":\"2022-09-28T16:30:35+00:00\",\"breadcrumb\":{\"@id\":\"https:\/\/7culture.ci\/index.php\/2022\/09\/28\/kanankro-le-festival-international-de-musique-adjale-kpa-est-lance\/#breadcrumb\"},\"inLanguage\":\"fr-FR\",\"potentialAction\":[{\"@type\":\"ReadAction\",\"target\":[\"https:\/\/7culture.ci\/index.php\/2022\/09\/28\/kanankro-le-festival-international-de-musique-adjale-kpa-est-lance\/\"]}]},{\"@type\":\"BreadcrumbList\",\"@id\":\"https:\/\/7culture.ci\/index.php\/2022\/09\/28\/kanankro-le-festival-international-de-musique-adjale-kpa-est-lance\/#breadcrumb\",\"itemListElement\":[{\"@type\":\"ListItem\",\"position\":1,\"name\":\"Accueil\",\"item\":\"https:\/\/7culture.ci\/\"},{\"@type\":\"ListItem\",\"position\":2,\"name\":\"Kanankro\u00a0: Le festival international de musique \u2018\u2019Adjal\u00e8 Kpa\u2019\u2019 est lanc\u00e9\u00a0!\"}]},{\"@type\":\"WebSite\",\"@id\":\"https:\/\/7culture.ci\/#website\",\"url\":\"https:\/\/7culture.ci\/\",\"name\":\"7culture\",\"description\":\"Tout sur l&#039;actualit\u00e9\",\"publisher\":{\"@id\":\"https:\/\/7culture.ci\/#organization\"},\"potentialAction\":[{\"@type\":\"SearchAction\",\"target\":{\"@type\":\"EntryPoint\",\"urlTemplate\":\"https:\/\/7culture.ci\/?s={search_term_string}\"},\"query-input\":\"required name=search_term_string\"}],\"inLanguage\":\"fr-FR\"},{\"@type\":\"Organization\",\"@id\":\"https:\/\/7culture.ci\/#organization\",\"name\":\"7culture\",\"url\":\"https:\/\/7culture.ci\/\",\"sameAs\":[\"https:\/\/www.facebook.com\/redchefclaude\",\"https:\/\/twitter.com\/7culturec\"],\"logo\":{\"@type\":\"ImageObject\",\"inLanguage\":\"fr-FR\",\"@id\":\"https:\/\/7culture.ci\/#\/schema\/logo\/image\/\",\"url\":\"https:\/\/7culture.ci\/wp-content\/uploads\/2021\/12\/S1a-1.png\",\"contentUrl\":\"https:\/\/7culture.ci\/wp-content\/uploads\/2021\/12\/S1a-1.png\",\"width\":588,\"height\":192,\"caption\":\"7culture\"},\"image\":{\"@id\":\"https:\/\/7culture.ci\/#\/schema\/logo\/image\/\"}},{\"@type\":\"Person\",\"@id\":\"https:\/\/7culture.ci\/#\/schema\/person\/16150d28d7ef66ba788c1f87f28c4426\",\"name\":\"7culture2020\",\"image\":{\"@type\":\"ImageObject\",\"inLanguage\":\"fr-FR\",\"@id\":\"https:\/\/7culture.ci\/#\/schema\/person\/image\/\",\"url\":\"https:\/\/secure.gravatar.com\/avatar\/9a0784f951306c37bcd065f52844ef95?s=96&d=mm&r=g\",\"contentUrl\":\"https:\/\/secure.gravatar.com\/avatar\/9a0784f951306c37bcd065f52844ef95?s=96&d=mm&r=g\",\"caption\":\"7culture2020\"},\"sameAs\":[\"http:\/\/7culture.ci\",\"Claude.kipre\"],\"url\":\"https:\/\/7culture.ci\/index.php\/author\/7culture2020\/\"}]}<\/script>\n<!-- \/ Yoast SEO plugin. -->","yoast_head_json":{"title":"Kanankro\u00a0: Le festival international de musique \u2018\u2019Adjal\u00e8 Kpa\u2019\u2019 est lanc\u00e9\u00a0! -","robots":{"index":"index","follow":"follow","max-snippet":"max-snippet:-1","max-image-preview":"max-image-preview:large","max-video-preview":"max-video-preview:-1"},"canonical":"https:\/\/7culture.ci\/index.php\/2022\/09\/28\/kanankro-le-festival-international-de-musique-adjale-kpa-est-lance\/","og_locale":"fr_FR","og_type":"article","og_title":"Kanankro\u00a0: Le festival international de musique \u2018\u2019Adjal\u00e8 Kpa\u2019\u2019 est lanc\u00e9\u00a0! -","og_description":"Le sous-pr\u00e9fet de Dj\u00e9bonoua, Gr\u00e9goire Assemba Our\u00e9ga, a proc\u00e9d\u00e9 samedi 24 septembre 2022 au lancement officiel de la 1e \u00e9dition du festival international de musique \u2018\u2019&nbsp;Adjal\u00e8 Kpa\u2019\u2019 de la r\u00e9gion du Gb\u00eak\u00ea dans le village de Kanankro (commune de Bouak\u00e9). Dans sa prise de parole, le sous-pr\u00e9fet a invit\u00e9 les populations \u00e0 accompagner les organisateurs &hellip; Kanankro\u00a0: Le festival international de musique \u2018\u2019Adjal\u00e8 Kpa\u2019\u2019 est lanc\u00e9\u00a0! Lire la suite\u00a0\u00bb","og_url":"https:\/\/7culture.ci\/index.php\/2022\/09\/28\/kanankro-le-festival-international-de-musique-adjale-kpa-est-lance\/","og_site_name":"7culture","article_publisher":"https:\/\/www.facebook.com\/redchefclaude","article_published_time":"2022-09-28T16:30:32+00:00","article_modified_time":"2022-09-28T16:30:35+00:00","og_image":[{"width":780,"height":425,"url":"http:\/\/7culture.ci\/wp-content\/uploads\/2022\/09\/festival1.jpg","type":"image\/jpeg"}],"author":"7culture2020","twitter_card":"summary_large_image","twitter_creator":"@7culturec","twitter_site":"@7culturec","twitter_misc":{"\u00c9crit par":"7culture2020","Dur\u00e9e de lecture estim\u00e9e":"1 minute"},"schema":{"@context":"https:\/\/schema.org","@graph":[{"@type":"Article","@id":"https:\/\/7culture.ci\/index.php\/2022\/09\/28\/kanankro-le-festival-international-de-musique-adjale-kpa-est-lance\/#article","isPartOf":{"@id":"https:\/\/7culture.ci\/index.php\/2022\/09\/28\/kanankro-le-festival-international-de-musique-adjale-kpa-est-lance\/"},"author":{"name":"7culture2020","@id":"https:\/\/7culture.ci\/#\/schema\/person\/16150d28d7ef66ba788c1f87f28c4426"},"headline":"Kanankro\u00a0: Le festival international de musique \u2018\u2019Adjal\u00e8 Kpa\u2019\u2019 est lanc\u00e9\u00a0!","datePublished":"2022-09-28T16:30:32+00:00","dateModified":"2022-09-28T16:30:35+00:00","mainEntityOfPage":{"@id":"https:\/\/7culture.ci\/index.php\/2022\/09\/28\/kanankro-le-festival-international-de-musique-adjale-kpa-est-lance\/"},"wordCount":237,"commentCount":0,"publisher":{"@id":"https:\/\/7culture.ci\/#organization"},"articleSection":["Actualit\u00e9"],"inLanguage":"fr-FR","potentialAction":[{"@type":"CommentAction","name":"Comment","target":["https:\/\/7culture.ci\/index.php\/2022\/09\/28\/kanankro-le-festival-international-de-musique-adjale-kpa-est-lance\/#respond"]}]},{"@type":"WebPage","@id":"https:\/\/7culture.ci\/index.php\/2022\/09\/28\/kanankro-le-festival-international-de-musique-adjale-kpa-est-lance\/","url":"https:\/\/7culture.ci\/index.php\/2022\/09\/28\/kanankro-le-festival-international-de-musique-adjale-kpa-est-lance\/","name":"Kanankro\u00a0: Le festival international de musique \u2018\u2019Adjal\u00e8 Kpa\u2019\u2019 est lanc\u00e9\u00a0! -","isPartOf":{"@id":"https:\/\/7culture.ci\/#website"},"datePublished":"2022-09-28T16:30:32+00:00","dateModified":"2022-09-28T16:30:35+00:00","breadcrumb":{"@id":"https:\/\/7culture.ci\/index.php\/2022\/09\/28\/kanankro-le-festival-international-de-musique-adjale-kpa-est-lance\/#breadcrumb"},"inLanguage":"fr-FR","potentialAction":[{"@type":"ReadAction","target":["https:\/\/7culture.ci\/index.php\/2022\/09\/28\/kanankro-le-festival-international-de-musique-adjale-kpa-est-lance\/"]}]},{"@type":"BreadcrumbList","@id":"https:\/\/7culture.ci\/index.php\/2022\/09\/28\/kanankro-le-festival-international-de-musique-adjale-kpa-est-lance\/#breadcrumb","itemListElement":[{"@type":"ListItem","position":1,"name":"Accueil","item":"https:\/\/7culture.ci\/"},{"@type":"ListItem","position":2,"name":"Kanankro\u00a0: Le festival international de musique \u2018\u2019Adjal\u00e8 Kpa\u2019\u2019 est lanc\u00e9\u00a0!"}]},{"@type":"WebSite","@id":"https:\/\/7culture.ci\/#website","url":"https:\/\/7culture.ci\/","name":"7culture","description":"Tout sur l&#039;actualit\u00e9","publisher":{"@id":"https:\/\/7culture.ci\/#organization"},"potentialAction":[{"@type":"SearchAction","target":{"@type":"EntryPoint","urlTemplate":"https:\/\/7culture.ci\/?s={search_term_string}"},"query-input":"required name=search_term_string"}],"inLanguage":"fr-FR"},{"@type":"Organization","@id":"https:\/\/7culture.ci\/#organization","name":"7culture","url":"https:\/\/7culture.ci\/","sameAs":["https:\/\/www.facebook.com\/redchefclaude","https:\/\/twitter.com\/7culturec"],"logo":{"@type":"ImageObject","inLanguage":"fr-FR","@id":"https:\/\/7culture.ci\/#\/schema\/logo\/image\/","url":"https:\/\/7culture.ci\/wp-content\/uploads\/2021\/12\/S1a-1.png","contentUrl":"https:\/\/7culture.ci\/wp-content\/uploads\/2021\/12\/S1a-1.png","width":588,"height":192,"caption":"7culture"},"image":{"@id":"https:\/\/7culture.ci\/#\/schema\/logo\/image\/"}},{"@type":"Person","@id":"https:\/\/7culture.ci\/#\/schema\/person\/16150d28d7ef66ba788c1f87f28c4426","name":"7culture2020","image":{"@type":"ImageObject","inLanguage":"fr-FR","@id":"https:\/\/7culture.ci\/#\/schema\/person\/image\/","url":"https:\/\/secure.gravatar.com\/avatar\/9a0784f951306c37bcd065f52844ef95?s=96&d=mm&r=g","contentUrl":"https:\/\/secure.gravatar.com\/avatar\/9a0784f951306c37bcd065f52844ef95?s=96&d=mm&r=g","caption":"7culture2020"},"sameAs":["http:\/\/7culture.ci","Claude.kipre"],"url":"https:\/\/7culture.ci\/index.php\/author\/7culture2020\/"}]}},"jetpack_featured_media_url":"https:\/\/7culture.ci\/wp-content\/uploads\/2022\/09\/festival1.jpg","jetpack_likes_enabled":true,"jetpack_sharing_enabled":true,"_links":{"self":[{"href":"https:\/\/7culture.ci\/index.php\/wp-json\/wp\/v2\/posts\/24130"}],"collection":[{"href":"https:\/\/7culture.ci\/index.php\/wp-json\/wp\/v2\/posts"}],"about":[{"href":"https:\/\/7culture.ci\/index.php\/wp-json\/wp\/v2\/types\/post"}],"author":[{"embeddable":true,"href":"https:\/\/7culture.ci\/index.php\/wp-json\/wp\/v2\/users\/1"}],"replies":[{"embeddable":true,"href":"https:\/\/7culture.ci\/index.php\/wp-json\/wp\/v2\/comments?post=24130"}],"version-history":[{"count":0,"href":"https:\/\/7culture.ci\/index.php\/wp-json\/wp\/v2\/posts\/24130\/revisions"}],"wp:featuredmedia":[{"embeddable":true,"href":"https:\/\/7culture.ci\/index.php\/wp-json\/wp\/v2\/media\/24132"}],"wp:attachment":[{"href":"https:\/\/7culture.ci\/index.php\/wp-json\/wp\/v2\/media?parent=24130"}],"wp:term":[{"taxonomy":"category","embeddable":true,"href":"https:\/\/7culture.ci\/index.php\/wp-json\/wp\/v2\/categories?post=24130"},{"taxonomy":"post_tag","embeddable":true,"href":"https:\/\/7culture.ci\/index.php\/wp-json\/wp\/v2\/tags?post=24130"}],"curies":[{"name":"wp","href":"https:\/\/api.w.org\/{rel}","templated":true}]}}