{"id":24119,"date":"2022-09-28T12:23:54","date_gmt":"2022-09-28T12:23:54","guid":{"rendered":"https:\/\/7culture.ci\/?p=24119"},"modified":"2022-09-28T15:37:24","modified_gmt":"2022-09-28T15:37:24","slug":"tourisme-maimouna-coulibaly-milite-pour-la-formation-des-jeunes","status":"publish","type":"post","link":"https:\/\/7culture.ci\/index.php\/2022\/09\/28\/tourisme-maimouna-coulibaly-milite-pour-la-formation-des-jeunes\/","title":{"rendered":"Tourisme\u00a0: Ma\u00efmouna Coulibaly milite pour la formation des jeunes"},"content":{"rendered":"\n<p>La directrice g\u00e9n\u00e9rale de l\u2019agence de voyage Moon Drive, Ma\u00efmouna Coulibaly, envisage cr\u00e9er une structure de formation aux m\u00e9tiers du tourisme d\u00e9nomm\u00e9e \u2018\u2019Moon Academy\u2019\u2019, pour combler le d\u00e9ficit de main d\u2019\u0153uvre qualifi\u00e9e dans ce domaine d\u2019activit\u00e9. &nbsp;Cette information a \u00e9t\u00e9 donn\u00e9e le mardi 27 septembre 2022, \u00e0 l\u2019occasion de la comm\u00e9moration de la journ\u00e9e mondiale du Tourisme, c\u00e9l\u00e9br\u00e9e chaque 27 septembre dans le monde entier.<\/p>\n\n\n\n<p>Le but de ce projet tourne autour de la formation des jeunes Ivoiriens et de les amener \u00e0 s\u2019y int\u00e9resser afin d\u2019accro\u00eetre la productivit\u00e9 du secteur. <strong>\u00ab <em>Ce projet aura pour objectif d\u2019int\u00e9resser et de former davantage les jeunes aux m\u00e9tiers du tourisme afin de pallier l\u2019insuffisance de main d\u2019\u0153uvre dans le secteur. La cr\u00e9ation de ce r\u00e9servoir d\u2019emplois fait partie de la strat\u00e9gie de d\u00e9veloppement du tourisme en C\u00f4te d\u2019Ivoire, pour \u00e9pouser la vision du gouvernement ivoirien<\/em> \u00bb<\/strong>, a d\u00e9clar\u00e9 Ma\u00efmouna Coulibaly.<\/p>\n\n\n\n<figure class=\"wp-block-image aligncenter size-full is-resized\"><img loading=\"lazy\" decoding=\"async\" src=\"https:\/\/7culture.ci\/wp-content\/uploads\/2022\/09\/WhatsApp-Image-2022-09-28-at-11.43.50-1.jpeg\" alt=\"\" class=\"wp-image-24122\" width=\"454\" height=\"619\" srcset=\"https:\/\/7culture.ci\/wp-content\/uploads\/2022\/09\/WhatsApp-Image-2022-09-28-at-11.43.50-1.jpeg 660w, https:\/\/7culture.ci\/wp-content\/uploads\/2022\/09\/WhatsApp-Image-2022-09-28-at-11.43.50-1-220x300.jpeg 220w\" sizes=\"(max-width: 454px) 100vw, 454px\" \/><\/figure>\n\n\n\n<p>Pour Ma\u00efmouna Coulibaly, des cycles de formation s\u00e9rieux et adapt\u00e9s aux besoins du secteur touristique permettront d\u2019accompagner le gouvernement ivoirien dans sa volont\u00e9 d\u2019endiguer le taux de ch\u00f4mage en C\u00f4te d\u2019Ivoire. <strong>\u00ab <em>Le tourisme est donc le nouvel eldorado de l\u2019emploi en C\u00f4te et dans le monde, les jeunes doivent s\u2019y int\u00e9resser<\/em> \u00bb<\/strong>, a-t-elle conclu.<\/p>\n\n\n\n<p>Thierry Samuel<\/p>\n","protected":false},"excerpt":{"rendered":"<p>La directrice g\u00e9n\u00e9rale de l\u2019agence de voyage Moon Drive, Ma\u00efmouna Coulibaly, envisage cr\u00e9er une structure de formation aux m\u00e9tiers du tourisme d\u00e9nomm\u00e9e \u2018\u2019Moon Academy\u2019\u2019, pour combler le d\u00e9ficit de main d\u2019\u0153uvre qualifi\u00e9e dans ce domaine d\u2019activit\u00e9. &nbsp;Cette information a \u00e9t\u00e9 donn\u00e9e le mardi 27 septembre 2022, \u00e0 l\u2019occasion de la comm\u00e9moration de la journ\u00e9e mondiale &hellip;<\/p>\n<p class=\"read-more\"> <a class=\"\" href=\"https:\/\/7culture.ci\/index.php\/2022\/09\/28\/tourisme-maimouna-coulibaly-milite-pour-la-formation-des-jeunes\/\"> <span class=\"screen-reader-text\">Tourisme\u00a0: Ma\u00efmouna Coulibaly milite pour la formation des jeunes<\/span> Lire la suite\u00a0\u00bb<\/a><\/p>\n","protected":false},"author":1,"featured_media":24121,"comment_status":"open","ping_status":"open","sticky":false,"template":"","format":"standard","meta":{"_mi_skip_tracking":false,"_monsterinsights_sitenote_active":false,"_monsterinsights_sitenote_note":"","_monsterinsights_sitenote_category":0,"site-sidebar-layout":"default","site-content-layout":"default","ast-global-header-display":"","ast-main-header-display":"","ast-hfb-above-header-display":"","ast-hfb-below-header-display":"","ast-hfb-mobile-header-display":"","site-post-title":"","ast-breadcrumbs-content":"","ast-featured-img":"","footer-sml-layout":"","theme-transparent-header-meta":"","adv-header-id-meta":"","stick-header-meta":"","header-above-stick-meta":"","header-main-stick-meta":"","header-below-stick-meta":"","footnotes":"","jetpack_publicize_message":"","jetpack_is_tweetstorm":false,"jetpack_publicize_feature_enabled":true},"categories":[22],"tags":[],"jetpack_publicize_connections":[],"acf":[],"aioseo_notices":[],"yoast_head":"<!-- This site is optimized with the Yoast SEO plugin v19.6.1 - https:\/\/yoast.com\/wordpress\/plugins\/seo\/ -->\n<title>Tourisme\u00a0: Ma\u00efmouna Coulibaly milite pour la formation des jeunes -<\/title>\n<meta name=\"robots\" content=\"index, follow, max-snippet:-1, max-image-preview:large, max-video-preview:-1\" \/>\n<link rel=\"canonical\" href=\"https:\/\/7culture.ci\/index.php\/2022\/09\/28\/tourisme-maimouna-coulibaly-milite-pour-la-formation-des-jeunes\/\" \/>\n<meta property=\"og:locale\" content=\"fr_FR\" \/>\n<meta property=\"og:type\" content=\"article\" \/>\n<meta property=\"og:title\" content=\"Tourisme\u00a0: Ma\u00efmouna Coulibaly milite pour la formation des jeunes -\" \/>\n<meta property=\"og:description\" content=\"La directrice g\u00e9n\u00e9rale de l\u2019agence de voyage Moon Drive, Ma\u00efmouna Coulibaly, envisage cr\u00e9er une structure de formation aux m\u00e9tiers du tourisme d\u00e9nomm\u00e9e \u2018\u2019Moon Academy\u2019\u2019, pour combler le d\u00e9ficit de main d\u2019\u0153uvre qualifi\u00e9e dans ce domaine d\u2019activit\u00e9. &nbsp;Cette information a \u00e9t\u00e9 donn\u00e9e le mardi 27 septembre 2022, \u00e0 l\u2019occasion de la comm\u00e9moration de la journ\u00e9e mondiale &hellip; Tourisme\u00a0: Ma\u00efmouna Coulibaly milite pour la formation des jeunes Lire la suite\u00a0\u00bb\" \/>\n<meta property=\"og:url\" content=\"https:\/\/7culture.ci\/index.php\/2022\/09\/28\/tourisme-maimouna-coulibaly-milite-pour-la-formation-des-jeunes\/\" \/>\n<meta property=\"og:site_name\" content=\"7culture\" \/>\n<meta property=\"article:publisher\" content=\"https:\/\/www.facebook.com\/redchefclaude\" \/>\n<meta property=\"article:published_time\" content=\"2022-09-28T12:23:54+00:00\" \/>\n<meta property=\"article:modified_time\" content=\"2022-09-28T15:37:24+00:00\" \/>\n<meta property=\"og:image\" content=\"http:\/\/7culture.ci\/wp-content\/uploads\/2022\/09\/WhatsApp-Image-2022-09-28-at-11.43.50.jpeg\" \/>\n\t<meta property=\"og:image:width\" content=\"715\" \/>\n\t<meta property=\"og:image:height\" content=\"477\" \/>\n\t<meta property=\"og:image:type\" content=\"image\/jpeg\" \/>\n<meta name=\"author\" content=\"7culture2020\" \/>\n<meta name=\"twitter:card\" content=\"summary_large_image\" \/>\n<meta name=\"twitter:creator\" content=\"@7culturec\" \/>\n<meta name=\"twitter:site\" content=\"@7culturec\" \/>\n<meta name=\"twitter:label1\" content=\"\u00c9crit par\" \/>\n\t<meta name=\"twitter:data1\" content=\"7culture2020\" \/>\n\t<meta name=\"twitter:label2\" content=\"Dur\u00e9e de lecture estim\u00e9e\" \/>\n\t<meta name=\"twitter:data2\" content=\"1 minute\" \/>\n<script type=\"application\/ld+json\" class=\"yoast-schema-graph\">{\"@context\":\"https:\/\/schema.org\",\"@graph\":[{\"@type\":\"Article\",\"@id\":\"https:\/\/7culture.ci\/index.php\/2022\/09\/28\/tourisme-maimouna-coulibaly-milite-pour-la-formation-des-jeunes\/#article\",\"isPartOf\":{\"@id\":\"https:\/\/7culture.ci\/index.php\/2022\/09\/28\/tourisme-maimouna-coulibaly-milite-pour-la-formation-des-jeunes\/\"},\"author\":{\"name\":\"7culture2020\",\"@id\":\"https:\/\/7culture.ci\/#\/schema\/person\/16150d28d7ef66ba788c1f87f28c4426\"},\"headline\":\"Tourisme\u00a0: Ma\u00efmouna Coulibaly milite pour la formation des jeunes\",\"datePublished\":\"2022-09-28T12:23:54+00:00\",\"dateModified\":\"2022-09-28T15:37:24+00:00\",\"mainEntityOfPage\":{\"@id\":\"https:\/\/7culture.ci\/index.php\/2022\/09\/28\/tourisme-maimouna-coulibaly-milite-pour-la-formation-des-jeunes\/\"},\"wordCount\":256,\"commentCount\":0,\"publisher\":{\"@id\":\"https:\/\/7culture.ci\/#organization\"},\"articleSection\":[\"Actualit\u00e9\"],\"inLanguage\":\"fr-FR\",\"potentialAction\":[{\"@type\":\"CommentAction\",\"name\":\"Comment\",\"target\":[\"https:\/\/7culture.ci\/index.php\/2022\/09\/28\/tourisme-maimouna-coulibaly-milite-pour-la-formation-des-jeunes\/#respond\"]}]},{\"@type\":\"WebPage\",\"@id\":\"https:\/\/7culture.ci\/index.php\/2022\/09\/28\/tourisme-maimouna-coulibaly-milite-pour-la-formation-des-jeunes\/\",\"url\":\"https:\/\/7culture.ci\/index.php\/2022\/09\/28\/tourisme-maimouna-coulibaly-milite-pour-la-formation-des-jeunes\/\",\"name\":\"Tourisme\u00a0: Ma\u00efmouna Coulibaly milite pour la formation des jeunes -\",\"isPartOf\":{\"@id\":\"https:\/\/7culture.ci\/#website\"},\"datePublished\":\"2022-09-28T12:23:54+00:00\",\"dateModified\":\"2022-09-28T15:37:24+00:00\",\"breadcrumb\":{\"@id\":\"https:\/\/7culture.ci\/index.php\/2022\/09\/28\/tourisme-maimouna-coulibaly-milite-pour-la-formation-des-jeunes\/#breadcrumb\"},\"inLanguage\":\"fr-FR\",\"potentialAction\":[{\"@type\":\"ReadAction\",\"target\":[\"https:\/\/7culture.ci\/index.php\/2022\/09\/28\/tourisme-maimouna-coulibaly-milite-pour-la-formation-des-jeunes\/\"]}]},{\"@type\":\"BreadcrumbList\",\"@id\":\"https:\/\/7culture.ci\/index.php\/2022\/09\/28\/tourisme-maimouna-coulibaly-milite-pour-la-formation-des-jeunes\/#breadcrumb\",\"itemListElement\":[{\"@type\":\"ListItem\",\"position\":1,\"name\":\"Accueil\",\"item\":\"https:\/\/7culture.ci\/\"},{\"@type\":\"ListItem\",\"position\":2,\"name\":\"Tourisme\u00a0: Ma\u00efmouna Coulibaly milite pour la formation des jeunes\"}]},{\"@type\":\"WebSite\",\"@id\":\"https:\/\/7culture.ci\/#website\",\"url\":\"https:\/\/7culture.ci\/\",\"name\":\"7culture\",\"description\":\"Tout sur l&#039;actualit\u00e9\",\"publisher\":{\"@id\":\"https:\/\/7culture.ci\/#organization\"},\"potentialAction\":[{\"@type\":\"SearchAction\",\"target\":{\"@type\":\"EntryPoint\",\"urlTemplate\":\"https:\/\/7culture.ci\/?s={search_term_string}\"},\"query-input\":\"required name=search_term_string\"}],\"inLanguage\":\"fr-FR\"},{\"@type\":\"Organization\",\"@id\":\"https:\/\/7culture.ci\/#organization\",\"name\":\"7culture\",\"url\":\"https:\/\/7culture.ci\/\",\"sameAs\":[\"https:\/\/www.facebook.com\/redchefclaude\",\"https:\/\/twitter.com\/7culturec\"],\"logo\":{\"@type\":\"ImageObject\",\"inLanguage\":\"fr-FR\",\"@id\":\"https:\/\/7culture.ci\/#\/schema\/logo\/image\/\",\"url\":\"https:\/\/7culture.ci\/wp-content\/uploads\/2021\/12\/S1a-1.png\",\"contentUrl\":\"https:\/\/7culture.ci\/wp-content\/uploads\/2021\/12\/S1a-1.png\",\"width\":588,\"height\":192,\"caption\":\"7culture\"},\"image\":{\"@id\":\"https:\/\/7culture.ci\/#\/schema\/logo\/image\/\"}},{\"@type\":\"Person\",\"@id\":\"https:\/\/7culture.ci\/#\/schema\/person\/16150d28d7ef66ba788c1f87f28c4426\",\"name\":\"7culture2020\",\"image\":{\"@type\":\"ImageObject\",\"inLanguage\":\"fr-FR\",\"@id\":\"https:\/\/7culture.ci\/#\/schema\/person\/image\/\",\"url\":\"https:\/\/secure.gravatar.com\/avatar\/9a0784f951306c37bcd065f52844ef95?s=96&d=mm&r=g\",\"contentUrl\":\"https:\/\/secure.gravatar.com\/avatar\/9a0784f951306c37bcd065f52844ef95?s=96&d=mm&r=g\",\"caption\":\"7culture2020\"},\"sameAs\":[\"http:\/\/7culture.ci\",\"Claude.kipre\"],\"url\":\"https:\/\/7culture.ci\/index.php\/author\/7culture2020\/\"}]}<\/script>\n<!-- \/ Yoast SEO plugin. -->","yoast_head_json":{"title":"Tourisme\u00a0: Ma\u00efmouna Coulibaly milite pour la formation des jeunes -","robots":{"index":"index","follow":"follow","max-snippet":"max-snippet:-1","max-image-preview":"max-image-preview:large","max-video-preview":"max-video-preview:-1"},"canonical":"https:\/\/7culture.ci\/index.php\/2022\/09\/28\/tourisme-maimouna-coulibaly-milite-pour-la-formation-des-jeunes\/","og_locale":"fr_FR","og_type":"article","og_title":"Tourisme\u00a0: Ma\u00efmouna Coulibaly milite pour la formation des jeunes -","og_description":"La directrice g\u00e9n\u00e9rale de l\u2019agence de voyage Moon Drive, Ma\u00efmouna Coulibaly, envisage cr\u00e9er une structure de formation aux m\u00e9tiers du tourisme d\u00e9nomm\u00e9e \u2018\u2019Moon Academy\u2019\u2019, pour combler le d\u00e9ficit de main d\u2019\u0153uvre qualifi\u00e9e dans ce domaine d\u2019activit\u00e9. &nbsp;Cette information a \u00e9t\u00e9 donn\u00e9e le mardi 27 septembre 2022, \u00e0 l\u2019occasion de la comm\u00e9moration de la journ\u00e9e mondiale &hellip; Tourisme\u00a0: Ma\u00efmouna Coulibaly milite pour la formation des jeunes Lire la suite\u00a0\u00bb","og_url":"https:\/\/7culture.ci\/index.php\/2022\/09\/28\/tourisme-maimouna-coulibaly-milite-pour-la-formation-des-jeunes\/","og_site_name":"7culture","article_publisher":"https:\/\/www.facebook.com\/redchefclaude","article_published_time":"2022-09-28T12:23:54+00:00","article_modified_time":"2022-09-28T15:37:24+00:00","og_image":[{"width":715,"height":477,"url":"http:\/\/7culture.ci\/wp-content\/uploads\/2022\/09\/WhatsApp-Image-2022-09-28-at-11.43.50.jpeg","type":"image\/jpeg"}],"author":"7culture2020","twitter_card":"summary_large_image","twitter_creator":"@7culturec","twitter_site":"@7culturec","twitter_misc":{"\u00c9crit par":"7culture2020","Dur\u00e9e de lecture estim\u00e9e":"1 minute"},"schema":{"@context":"https:\/\/schema.org","@graph":[{"@type":"Article","@id":"https:\/\/7culture.ci\/index.php\/2022\/09\/28\/tourisme-maimouna-coulibaly-milite-pour-la-formation-des-jeunes\/#article","isPartOf":{"@id":"https:\/\/7culture.ci\/index.php\/2022\/09\/28\/tourisme-maimouna-coulibaly-milite-pour-la-formation-des-jeunes\/"},"author":{"name":"7culture2020","@id":"https:\/\/7culture.ci\/#\/schema\/person\/16150d28d7ef66ba788c1f87f28c4426"},"headline":"Tourisme\u00a0: Ma\u00efmouna Coulibaly milite pour la formation des jeunes","datePublished":"2022-09-28T12:23:54+00:00","dateModified":"2022-09-28T15:37:24+00:00","mainEntityOfPage":{"@id":"https:\/\/7culture.ci\/index.php\/2022\/09\/28\/tourisme-maimouna-coulibaly-milite-pour-la-formation-des-jeunes\/"},"wordCount":256,"commentCount":0,"publisher":{"@id":"https:\/\/7culture.ci\/#organization"},"articleSection":["Actualit\u00e9"],"inLanguage":"fr-FR","potentialAction":[{"@type":"CommentAction","name":"Comment","target":["https:\/\/7culture.ci\/index.php\/2022\/09\/28\/tourisme-maimouna-coulibaly-milite-pour-la-formation-des-jeunes\/#respond"]}]},{"@type":"WebPage","@id":"https:\/\/7culture.ci\/index.php\/2022\/09\/28\/tourisme-maimouna-coulibaly-milite-pour-la-formation-des-jeunes\/","url":"https:\/\/7culture.ci\/index.php\/2022\/09\/28\/tourisme-maimouna-coulibaly-milite-pour-la-formation-des-jeunes\/","name":"Tourisme\u00a0: Ma\u00efmouna Coulibaly milite pour la formation des jeunes -","isPartOf":{"@id":"https:\/\/7culture.ci\/#website"},"datePublished":"2022-09-28T12:23:54+00:00","dateModified":"2022-09-28T15:37:24+00:00","breadcrumb":{"@id":"https:\/\/7culture.ci\/index.php\/2022\/09\/28\/tourisme-maimouna-coulibaly-milite-pour-la-formation-des-jeunes\/#breadcrumb"},"inLanguage":"fr-FR","potentialAction":[{"@type":"ReadAction","target":["https:\/\/7culture.ci\/index.php\/2022\/09\/28\/tourisme-maimouna-coulibaly-milite-pour-la-formation-des-jeunes\/"]}]},{"@type":"BreadcrumbList","@id":"https:\/\/7culture.ci\/index.php\/2022\/09\/28\/tourisme-maimouna-coulibaly-milite-pour-la-formation-des-jeunes\/#breadcrumb","itemListElement":[{"@type":"ListItem","position":1,"name":"Accueil","item":"https:\/\/7culture.ci\/"},{"@type":"ListItem","position":2,"name":"Tourisme\u00a0: Ma\u00efmouna Coulibaly milite pour la formation des jeunes"}]},{"@type":"WebSite","@id":"https:\/\/7culture.ci\/#website","url":"https:\/\/7culture.ci\/","name":"7culture","description":"Tout sur l&#039;actualit\u00e9","publisher":{"@id":"https:\/\/7culture.ci\/#organization"},"potentialAction":[{"@type":"SearchAction","target":{"@type":"EntryPoint","urlTemplate":"https:\/\/7culture.ci\/?s={search_term_string}"},"query-input":"required name=search_term_string"}],"inLanguage":"fr-FR"},{"@type":"Organization","@id":"https:\/\/7culture.ci\/#organization","name":"7culture","url":"https:\/\/7culture.ci\/","sameAs":["https:\/\/www.facebook.com\/redchefclaude","https:\/\/twitter.com\/7culturec"],"logo":{"@type":"ImageObject","inLanguage":"fr-FR","@id":"https:\/\/7culture.ci\/#\/schema\/logo\/image\/","url":"https:\/\/7culture.ci\/wp-content\/uploads\/2021\/12\/S1a-1.png","contentUrl":"https:\/\/7culture.ci\/wp-content\/uploads\/2021\/12\/S1a-1.png","width":588,"height":192,"caption":"7culture"},"image":{"@id":"https:\/\/7culture.ci\/#\/schema\/logo\/image\/"}},{"@type":"Person","@id":"https:\/\/7culture.ci\/#\/schema\/person\/16150d28d7ef66ba788c1f87f28c4426","name":"7culture2020","image":{"@type":"ImageObject","inLanguage":"fr-FR","@id":"https:\/\/7culture.ci\/#\/schema\/person\/image\/","url":"https:\/\/secure.gravatar.com\/avatar\/9a0784f951306c37bcd065f52844ef95?s=96&d=mm&r=g","contentUrl":"https:\/\/secure.gravatar.com\/avatar\/9a0784f951306c37bcd065f52844ef95?s=96&d=mm&r=g","caption":"7culture2020"},"sameAs":["http:\/\/7culture.ci","Claude.kipre"],"url":"https:\/\/7culture.ci\/index.php\/author\/7culture2020\/"}]}},"jetpack_featured_media_url":"https:\/\/7culture.ci\/wp-content\/uploads\/2022\/09\/WhatsApp-Image-2022-09-28-at-11.43.50.jpeg","jetpack_likes_enabled":true,"jetpack_sharing_enabled":true,"_links":{"self":[{"href":"https:\/\/7culture.ci\/index.php\/wp-json\/wp\/v2\/posts\/24119"}],"collection":[{"href":"https:\/\/7culture.ci\/index.php\/wp-json\/wp\/v2\/posts"}],"about":[{"href":"https:\/\/7culture.ci\/index.php\/wp-json\/wp\/v2\/types\/post"}],"author":[{"embeddable":true,"href":"https:\/\/7culture.ci\/index.php\/wp-json\/wp\/v2\/users\/1"}],"replies":[{"embeddable":true,"href":"https:\/\/7culture.ci\/index.php\/wp-json\/wp\/v2\/comments?post=24119"}],"version-history":[{"count":0,"href":"https:\/\/7culture.ci\/index.php\/wp-json\/wp\/v2\/posts\/24119\/revisions"}],"wp:featuredmedia":[{"embeddable":true,"href":"https:\/\/7culture.ci\/index.php\/wp-json\/wp\/v2\/media\/24121"}],"wp:attachment":[{"href":"https:\/\/7culture.ci\/index.php\/wp-json\/wp\/v2\/media?parent=24119"}],"wp:term":[{"taxonomy":"category","embeddable":true,"href":"https:\/\/7culture.ci\/index.php\/wp-json\/wp\/v2\/categories?post=24119"},{"taxonomy":"post_tag","embeddable":true,"href":"https:\/\/7culture.ci\/index.php\/wp-json\/wp\/v2\/tags?post=24119"}],"curies":[{"name":"wp","href":"https:\/\/api.w.org\/{rel}","templated":true}]}}