{"id":24113,"date":"2022-09-28T10:58:38","date_gmt":"2022-09-28T10:58:38","guid":{"rendered":"https:\/\/7culture.ci\/?p=24113"},"modified":"2022-09-28T12:42:12","modified_gmt":"2022-09-28T12:42:12","slug":"show-biz-lenfant-beni-debarque-avec-son-histoire","status":"publish","type":"post","link":"https:\/\/7culture.ci\/index.php\/2022\/09\/28\/show-biz-lenfant-beni-debarque-avec-son-histoire\/","title":{"rendered":"Show-biz\u00a0: L\u2019Enfant B\u00e9ni d\u00e9barque avec \u2018\u2019son histoire\u2019\u2019"},"content":{"rendered":"\n<p><strong><em>Le grand public d\u00e9couvrira, dans les prochains jours, le&nbsp; premier single de William Pr\u00e9gnon dit l&#8217;Enfant B\u00e9ni.<\/em><\/strong><\/p>\n\n\n\n<p>Partager son v\u00e9cu pour exhorter les hommes et les femmes \u00e0 ne pas baisser les bras face \u00e0 l\u2019adversit\u00e9. Telle est la principale motivation de L&#8217;Enfant B\u00e9ni en offrant &#8220;<em>Mon histoire<\/em>&#8221; aux m\u00e9lomanes le 1<sup>er<\/sup> octobre prochain. Cette galette musicale arrang\u00e9e par Patch\u00e9, est un v\u00e9ritable hymne \u00e0 l&#8217;espoir. Une v\u00e9ritable le\u00e7on de vie pour toutes les personnes qui traversent des difficult\u00e9s.<\/p>\n\n\n\n<p>Le moins qu&#8217;on puisse dire, c\u2019est que la vie n&#8217;a pas \u00e9t\u00e9 tendre avec William Pr\u00e9gnon, devenu L\u2019Enfant B\u00e9ni pour les besoins du show-biz. Victime de la crise militaro-politique qui a secou\u00e9 la C\u00f4te d&#8217;Ivoire entre 2010 et 2011, il est devenu handicap\u00e9 et orphelin. Seul et sans soutien, il se retrouve \u00e0 la rue. Cependant, L&#8217;Enfant B\u00e9ni trouve la force et le courage de r\u00e9sister aux vices de ce milieu. \u00ab&nbsp;<strong><em>Pendant la crise \u00e9lectorale de 2011, je vivais dans la commune d&#8217;Abobo. Un obus est tomb\u00e9 dans notre cour. Tuant mon p\u00e8re et ma m\u00e8re. Je suis sorti handicap\u00e9 de cette explosion. Les \u00e9clats d&#8217;obus ont perfor\u00e9 mon ventre et bris\u00e9 ma main droite. Apr\u00e8s les soins \u00e0 l&#8217;h\u00f4pital, je me suis retrouv\u00e9 sans endroit&nbsp; o\u00f9 dormir. Dans la rue, si tu n&#8217;as de boulot \u00e0 faire pour subvenir \u00e0 tes besoins, tu es oblig\u00e9 de voler et d&#8217;agresser les gens. Mais moi, je ne voulais pas faire cela. Bien des fois, des id\u00e9es noires m&#8217;ont travers\u00e9 l&#8217;esprit. Je me mettais sur le pont dans l&#8217;intention de me suicider. Mais, je me reprenais parce que je viens de loin et je sais que la route est encore longue. Je sais que t\u00f4t ou tard, je vais arriver<\/em><\/strong>&nbsp;\u00bb, t\u00e9moigne-t-il.<\/p>\n\n\n\n<figure class=\"wp-block-gallery has-nested-images columns-default is-cropped wp-block-gallery-1 is-layout-flex wp-block-gallery-is-layout-flex\">\n<figure class=\"wp-block-image size-large\"><img loading=\"lazy\" decoding=\"async\" width=\"871\" height=\"596\" data-id=\"24117\" src=\"https:\/\/7culture.ci\/wp-content\/uploads\/2022\/09\/Lenfant-beni2-2.jpg\" alt=\"\" class=\"wp-image-24117\" srcset=\"https:\/\/7culture.ci\/wp-content\/uploads\/2022\/09\/Lenfant-beni2-2.jpg 871w, https:\/\/7culture.ci\/wp-content\/uploads\/2022\/09\/Lenfant-beni2-2-300x205.jpg 300w, https:\/\/7culture.ci\/wp-content\/uploads\/2022\/09\/Lenfant-beni2-2-768x526.jpg 768w\" sizes=\"(max-width: 871px) 100vw, 871px\" \/><\/figure>\n\n\n\n<figure class=\"wp-block-image size-large\"><img loading=\"lazy\" decoding=\"async\" width=\"1024\" height=\"499\" data-id=\"24116\" src=\"https:\/\/7culture.ci\/wp-content\/uploads\/2022\/09\/Lenfant-beni3-3-1024x499.jpg\" alt=\"\" class=\"wp-image-24116\" srcset=\"https:\/\/7culture.ci\/wp-content\/uploads\/2022\/09\/Lenfant-beni3-3-1024x499.jpg 1024w, https:\/\/7culture.ci\/wp-content\/uploads\/2022\/09\/Lenfant-beni3-3-300x146.jpg 300w, https:\/\/7culture.ci\/wp-content\/uploads\/2022\/09\/Lenfant-beni3-3-768x374.jpg 768w, https:\/\/7culture.ci\/wp-content\/uploads\/2022\/09\/Lenfant-beni3-3.jpg 1079w\" sizes=\"(max-width: 1024px) 100vw, 1024px\" \/><\/figure>\n<\/figure>\n\n\n\n<p>En outre, L&#8217;Enfant B\u00e9ni s&#8217;est r\u00e9joui de la dynamique de r\u00e9conciliation nationale et de consolidation du tissu social dans laquelle est engag\u00e9e la C\u00f4te d&#8217;Ivoire. Il a f\u00e9licit\u00e9 le pr\u00e9sident Alassane Ouattara et ses pr\u00e9d\u00e9cesseurs Laurent Gbagbo et Henri Konan B\u00e9di\u00e9 d&#8217;avoir accept\u00e9 de se rencontrer dans l&#8217;int\u00e9r\u00eat de la nation. \u00ab&nbsp;<strong><em>Si nos papas s&#8217;entendent, nous serons heureux. Il y aura moins d&#8217;enfants handicap\u00e9s. La guerre n&#8217;est pas une bonne chose. Je me mets \u00e0 la disposition du ministre de la&nbsp; R\u00e9conciliation et de la Coh\u00e9sion nationale pour sensibiliser tous les Ivoiriens \u00e0 la paix avec &#8221;Mon histoire<\/em><\/strong>\u2019\u2019\u00bb, a-t-il fait savoir.<\/p>\n\n\n\n<p>L&#8217;Enfant&nbsp; B\u00e9ni est entr\u00e9 en studio, gr\u00e2ce \u00e0 la g\u00e9n\u00e9rosit\u00e9 de N&#8217;da Kouam\u00e9 Lemissa. En accompagnant ce jeune en d\u00e9tresse, NKL Compagny affirme son caract\u00e8re d&#8217;entreprise citoyenne et maintient la flamme de l\u2019espoir allum\u00e9e dans le c\u0153ur des jeunes.<\/p>\n\n\n\n<p>Avec SerCom<\/p>\n","protected":false},"excerpt":{"rendered":"<p>Le grand public d\u00e9couvrira, dans les prochains jours, le&nbsp; premier single de William Pr\u00e9gnon dit l&#8217;Enfant B\u00e9ni. Partager son v\u00e9cu pour exhorter les hommes et les femmes \u00e0 ne pas baisser les bras face \u00e0 l\u2019adversit\u00e9. Telle est la principale motivation de L&#8217;Enfant B\u00e9ni en offrant &#8220;Mon histoire&#8221; aux m\u00e9lomanes le 1er octobre prochain. Cette &hellip;<\/p>\n<p class=\"read-more\"> <a class=\"\" href=\"https:\/\/7culture.ci\/index.php\/2022\/09\/28\/show-biz-lenfant-beni-debarque-avec-son-histoire\/\"> <span class=\"screen-reader-text\">Show-biz\u00a0: L\u2019Enfant B\u00e9ni d\u00e9barque avec \u2018\u2019son histoire\u2019\u2019<\/span> Lire la suite\u00a0\u00bb<\/a><\/p>\n","protected":false},"author":1,"featured_media":24115,"comment_status":"open","ping_status":"open","sticky":false,"template":"","format":"standard","meta":{"_mi_skip_tracking":false,"_monsterinsights_sitenote_active":false,"_monsterinsights_sitenote_note":"","_monsterinsights_sitenote_category":0,"site-sidebar-layout":"default","site-content-layout":"default","ast-global-header-display":"","ast-main-header-display":"","ast-hfb-above-header-display":"","ast-hfb-below-header-display":"","ast-hfb-mobile-header-display":"","site-post-title":"","ast-breadcrumbs-content":"","ast-featured-img":"","footer-sml-layout":"","theme-transparent-header-meta":"","adv-header-id-meta":"","stick-header-meta":"","header-above-stick-meta":"","header-main-stick-meta":"","header-below-stick-meta":"","footnotes":"","jetpack_publicize_message":"","jetpack_is_tweetstorm":false,"jetpack_publicize_feature_enabled":true},"categories":[16],"tags":[],"jetpack_publicize_connections":[],"acf":[],"aioseo_notices":[],"yoast_head":"<!-- This site is optimized with the Yoast SEO plugin v19.6.1 - https:\/\/yoast.com\/wordpress\/plugins\/seo\/ -->\n<title>Show-biz\u00a0: L\u2019Enfant B\u00e9ni d\u00e9barque avec \u2018\u2019son histoire\u2019\u2019 -<\/title>\n<meta name=\"robots\" content=\"index, follow, max-snippet:-1, max-image-preview:large, max-video-preview:-1\" \/>\n<link rel=\"canonical\" href=\"https:\/\/7culture.ci\/index.php\/2022\/09\/28\/show-biz-lenfant-beni-debarque-avec-son-histoire\/\" \/>\n<meta property=\"og:locale\" content=\"fr_FR\" \/>\n<meta property=\"og:type\" content=\"article\" \/>\n<meta property=\"og:title\" content=\"Show-biz\u00a0: L\u2019Enfant B\u00e9ni d\u00e9barque avec \u2018\u2019son histoire\u2019\u2019 -\" \/>\n<meta property=\"og:description\" content=\"Le grand public d\u00e9couvrira, dans les prochains jours, le&nbsp; premier single de William Pr\u00e9gnon dit l&#8217;Enfant B\u00e9ni. Partager son v\u00e9cu pour exhorter les hommes et les femmes \u00e0 ne pas baisser les bras face \u00e0 l\u2019adversit\u00e9. Telle est la principale motivation de L&#8217;Enfant B\u00e9ni en offrant &#8220;Mon histoire&#8221; aux m\u00e9lomanes le 1er octobre prochain. Cette &hellip; Show-biz\u00a0: L\u2019Enfant B\u00e9ni d\u00e9barque avec \u2018\u2019son histoire\u2019\u2019 Lire la suite\u00a0\u00bb\" \/>\n<meta property=\"og:url\" content=\"https:\/\/7culture.ci\/index.php\/2022\/09\/28\/show-biz-lenfant-beni-debarque-avec-son-histoire\/\" \/>\n<meta property=\"og:site_name\" content=\"7culture\" \/>\n<meta property=\"article:publisher\" content=\"https:\/\/www.facebook.com\/redchefclaude\" \/>\n<meta property=\"article:published_time\" content=\"2022-09-28T10:58:38+00:00\" \/>\n<meta property=\"article:modified_time\" content=\"2022-09-28T12:42:12+00:00\" \/>\n<meta property=\"og:image\" content=\"http:\/\/7culture.ci\/wp-content\/uploads\/2022\/09\/Lenfant-beni.jpg\" \/>\n\t<meta property=\"og:image:width\" content=\"1080\" \/>\n\t<meta property=\"og:image:height\" content=\"917\" \/>\n\t<meta property=\"og:image:type\" content=\"image\/jpeg\" \/>\n<meta name=\"author\" content=\"7culture2020\" \/>\n<meta name=\"twitter:card\" content=\"summary_large_image\" \/>\n<meta name=\"twitter:creator\" content=\"@7culturec\" \/>\n<meta name=\"twitter:site\" content=\"@7culturec\" \/>\n<meta name=\"twitter:label1\" content=\"\u00c9crit par\" \/>\n\t<meta name=\"twitter:data1\" content=\"7culture2020\" \/>\n\t<meta name=\"twitter:label2\" content=\"Dur\u00e9e de lecture estim\u00e9e\" \/>\n\t<meta name=\"twitter:data2\" content=\"2 minutes\" \/>\n<script type=\"application\/ld+json\" class=\"yoast-schema-graph\">{\"@context\":\"https:\/\/schema.org\",\"@graph\":[{\"@type\":\"Article\",\"@id\":\"https:\/\/7culture.ci\/index.php\/2022\/09\/28\/show-biz-lenfant-beni-debarque-avec-son-histoire\/#article\",\"isPartOf\":{\"@id\":\"https:\/\/7culture.ci\/index.php\/2022\/09\/28\/show-biz-lenfant-beni-debarque-avec-son-histoire\/\"},\"author\":{\"name\":\"7culture2020\",\"@id\":\"https:\/\/7culture.ci\/#\/schema\/person\/16150d28d7ef66ba788c1f87f28c4426\"},\"headline\":\"Show-biz\u00a0: L\u2019Enfant B\u00e9ni d\u00e9barque avec \u2018\u2019son histoire\u2019\u2019\",\"datePublished\":\"2022-09-28T10:58:38+00:00\",\"dateModified\":\"2022-09-28T12:42:12+00:00\",\"mainEntityOfPage\":{\"@id\":\"https:\/\/7culture.ci\/index.php\/2022\/09\/28\/show-biz-lenfant-beni-debarque-avec-son-histoire\/\"},\"wordCount\":484,\"commentCount\":0,\"publisher\":{\"@id\":\"https:\/\/7culture.ci\/#organization\"},\"articleSection\":[\"Musique\"],\"inLanguage\":\"fr-FR\",\"potentialAction\":[{\"@type\":\"CommentAction\",\"name\":\"Comment\",\"target\":[\"https:\/\/7culture.ci\/index.php\/2022\/09\/28\/show-biz-lenfant-beni-debarque-avec-son-histoire\/#respond\"]}]},{\"@type\":\"WebPage\",\"@id\":\"https:\/\/7culture.ci\/index.php\/2022\/09\/28\/show-biz-lenfant-beni-debarque-avec-son-histoire\/\",\"url\":\"https:\/\/7culture.ci\/index.php\/2022\/09\/28\/show-biz-lenfant-beni-debarque-avec-son-histoire\/\",\"name\":\"Show-biz\u00a0: L\u2019Enfant B\u00e9ni d\u00e9barque avec \u2018\u2019son histoire\u2019\u2019 -\",\"isPartOf\":{\"@id\":\"https:\/\/7culture.ci\/#website\"},\"datePublished\":\"2022-09-28T10:58:38+00:00\",\"dateModified\":\"2022-09-28T12:42:12+00:00\",\"breadcrumb\":{\"@id\":\"https:\/\/7culture.ci\/index.php\/2022\/09\/28\/show-biz-lenfant-beni-debarque-avec-son-histoire\/#breadcrumb\"},\"inLanguage\":\"fr-FR\",\"potentialAction\":[{\"@type\":\"ReadAction\",\"target\":[\"https:\/\/7culture.ci\/index.php\/2022\/09\/28\/show-biz-lenfant-beni-debarque-avec-son-histoire\/\"]}]},{\"@type\":\"BreadcrumbList\",\"@id\":\"https:\/\/7culture.ci\/index.php\/2022\/09\/28\/show-biz-lenfant-beni-debarque-avec-son-histoire\/#breadcrumb\",\"itemListElement\":[{\"@type\":\"ListItem\",\"position\":1,\"name\":\"Accueil\",\"item\":\"https:\/\/7culture.ci\/\"},{\"@type\":\"ListItem\",\"position\":2,\"name\":\"Show-biz\u00a0: L\u2019Enfant B\u00e9ni d\u00e9barque avec \u2018\u2019son histoire\u2019\u2019\"}]},{\"@type\":\"WebSite\",\"@id\":\"https:\/\/7culture.ci\/#website\",\"url\":\"https:\/\/7culture.ci\/\",\"name\":\"7culture\",\"description\":\"Tout sur l&#039;actualit\u00e9\",\"publisher\":{\"@id\":\"https:\/\/7culture.ci\/#organization\"},\"potentialAction\":[{\"@type\":\"SearchAction\",\"target\":{\"@type\":\"EntryPoint\",\"urlTemplate\":\"https:\/\/7culture.ci\/?s={search_term_string}\"},\"query-input\":\"required name=search_term_string\"}],\"inLanguage\":\"fr-FR\"},{\"@type\":\"Organization\",\"@id\":\"https:\/\/7culture.ci\/#organization\",\"name\":\"7culture\",\"url\":\"https:\/\/7culture.ci\/\",\"sameAs\":[\"https:\/\/www.facebook.com\/redchefclaude\",\"https:\/\/twitter.com\/7culturec\"],\"logo\":{\"@type\":\"ImageObject\",\"inLanguage\":\"fr-FR\",\"@id\":\"https:\/\/7culture.ci\/#\/schema\/logo\/image\/\",\"url\":\"https:\/\/7culture.ci\/wp-content\/uploads\/2021\/12\/S1a-1.png\",\"contentUrl\":\"https:\/\/7culture.ci\/wp-content\/uploads\/2021\/12\/S1a-1.png\",\"width\":588,\"height\":192,\"caption\":\"7culture\"},\"image\":{\"@id\":\"https:\/\/7culture.ci\/#\/schema\/logo\/image\/\"}},{\"@type\":\"Person\",\"@id\":\"https:\/\/7culture.ci\/#\/schema\/person\/16150d28d7ef66ba788c1f87f28c4426\",\"name\":\"7culture2020\",\"image\":{\"@type\":\"ImageObject\",\"inLanguage\":\"fr-FR\",\"@id\":\"https:\/\/7culture.ci\/#\/schema\/person\/image\/\",\"url\":\"https:\/\/secure.gravatar.com\/avatar\/9a0784f951306c37bcd065f52844ef95?s=96&d=mm&r=g\",\"contentUrl\":\"https:\/\/secure.gravatar.com\/avatar\/9a0784f951306c37bcd065f52844ef95?s=96&d=mm&r=g\",\"caption\":\"7culture2020\"},\"sameAs\":[\"http:\/\/7culture.ci\",\"Claude.kipre\"],\"url\":\"https:\/\/7culture.ci\/index.php\/author\/7culture2020\/\"}]}<\/script>\n<!-- \/ Yoast SEO plugin. -->","yoast_head_json":{"title":"Show-biz\u00a0: L\u2019Enfant B\u00e9ni d\u00e9barque avec \u2018\u2019son histoire\u2019\u2019 -","robots":{"index":"index","follow":"follow","max-snippet":"max-snippet:-1","max-image-preview":"max-image-preview:large","max-video-preview":"max-video-preview:-1"},"canonical":"https:\/\/7culture.ci\/index.php\/2022\/09\/28\/show-biz-lenfant-beni-debarque-avec-son-histoire\/","og_locale":"fr_FR","og_type":"article","og_title":"Show-biz\u00a0: L\u2019Enfant B\u00e9ni d\u00e9barque avec \u2018\u2019son histoire\u2019\u2019 -","og_description":"Le grand public d\u00e9couvrira, dans les prochains jours, le&nbsp; premier single de William Pr\u00e9gnon dit l&#8217;Enfant B\u00e9ni. Partager son v\u00e9cu pour exhorter les hommes et les femmes \u00e0 ne pas baisser les bras face \u00e0 l\u2019adversit\u00e9. Telle est la principale motivation de L&#8217;Enfant B\u00e9ni en offrant &#8220;Mon histoire&#8221; aux m\u00e9lomanes le 1er octobre prochain. Cette &hellip; Show-biz\u00a0: L\u2019Enfant B\u00e9ni d\u00e9barque avec \u2018\u2019son histoire\u2019\u2019 Lire la suite\u00a0\u00bb","og_url":"https:\/\/7culture.ci\/index.php\/2022\/09\/28\/show-biz-lenfant-beni-debarque-avec-son-histoire\/","og_site_name":"7culture","article_publisher":"https:\/\/www.facebook.com\/redchefclaude","article_published_time":"2022-09-28T10:58:38+00:00","article_modified_time":"2022-09-28T12:42:12+00:00","og_image":[{"width":1080,"height":917,"url":"http:\/\/7culture.ci\/wp-content\/uploads\/2022\/09\/Lenfant-beni.jpg","type":"image\/jpeg"}],"author":"7culture2020","twitter_card":"summary_large_image","twitter_creator":"@7culturec","twitter_site":"@7culturec","twitter_misc":{"\u00c9crit par":"7culture2020","Dur\u00e9e de lecture estim\u00e9e":"2 minutes"},"schema":{"@context":"https:\/\/schema.org","@graph":[{"@type":"Article","@id":"https:\/\/7culture.ci\/index.php\/2022\/09\/28\/show-biz-lenfant-beni-debarque-avec-son-histoire\/#article","isPartOf":{"@id":"https:\/\/7culture.ci\/index.php\/2022\/09\/28\/show-biz-lenfant-beni-debarque-avec-son-histoire\/"},"author":{"name":"7culture2020","@id":"https:\/\/7culture.ci\/#\/schema\/person\/16150d28d7ef66ba788c1f87f28c4426"},"headline":"Show-biz\u00a0: L\u2019Enfant B\u00e9ni d\u00e9barque avec \u2018\u2019son histoire\u2019\u2019","datePublished":"2022-09-28T10:58:38+00:00","dateModified":"2022-09-28T12:42:12+00:00","mainEntityOfPage":{"@id":"https:\/\/7culture.ci\/index.php\/2022\/09\/28\/show-biz-lenfant-beni-debarque-avec-son-histoire\/"},"wordCount":484,"commentCount":0,"publisher":{"@id":"https:\/\/7culture.ci\/#organization"},"articleSection":["Musique"],"inLanguage":"fr-FR","potentialAction":[{"@type":"CommentAction","name":"Comment","target":["https:\/\/7culture.ci\/index.php\/2022\/09\/28\/show-biz-lenfant-beni-debarque-avec-son-histoire\/#respond"]}]},{"@type":"WebPage","@id":"https:\/\/7culture.ci\/index.php\/2022\/09\/28\/show-biz-lenfant-beni-debarque-avec-son-histoire\/","url":"https:\/\/7culture.ci\/index.php\/2022\/09\/28\/show-biz-lenfant-beni-debarque-avec-son-histoire\/","name":"Show-biz\u00a0: L\u2019Enfant B\u00e9ni d\u00e9barque avec \u2018\u2019son histoire\u2019\u2019 -","isPartOf":{"@id":"https:\/\/7culture.ci\/#website"},"datePublished":"2022-09-28T10:58:38+00:00","dateModified":"2022-09-28T12:42:12+00:00","breadcrumb":{"@id":"https:\/\/7culture.ci\/index.php\/2022\/09\/28\/show-biz-lenfant-beni-debarque-avec-son-histoire\/#breadcrumb"},"inLanguage":"fr-FR","potentialAction":[{"@type":"ReadAction","target":["https:\/\/7culture.ci\/index.php\/2022\/09\/28\/show-biz-lenfant-beni-debarque-avec-son-histoire\/"]}]},{"@type":"BreadcrumbList","@id":"https:\/\/7culture.ci\/index.php\/2022\/09\/28\/show-biz-lenfant-beni-debarque-avec-son-histoire\/#breadcrumb","itemListElement":[{"@type":"ListItem","position":1,"name":"Accueil","item":"https:\/\/7culture.ci\/"},{"@type":"ListItem","position":2,"name":"Show-biz\u00a0: L\u2019Enfant B\u00e9ni d\u00e9barque avec \u2018\u2019son histoire\u2019\u2019"}]},{"@type":"WebSite","@id":"https:\/\/7culture.ci\/#website","url":"https:\/\/7culture.ci\/","name":"7culture","description":"Tout sur l&#039;actualit\u00e9","publisher":{"@id":"https:\/\/7culture.ci\/#organization"},"potentialAction":[{"@type":"SearchAction","target":{"@type":"EntryPoint","urlTemplate":"https:\/\/7culture.ci\/?s={search_term_string}"},"query-input":"required name=search_term_string"}],"inLanguage":"fr-FR"},{"@type":"Organization","@id":"https:\/\/7culture.ci\/#organization","name":"7culture","url":"https:\/\/7culture.ci\/","sameAs":["https:\/\/www.facebook.com\/redchefclaude","https:\/\/twitter.com\/7culturec"],"logo":{"@type":"ImageObject","inLanguage":"fr-FR","@id":"https:\/\/7culture.ci\/#\/schema\/logo\/image\/","url":"https:\/\/7culture.ci\/wp-content\/uploads\/2021\/12\/S1a-1.png","contentUrl":"https:\/\/7culture.ci\/wp-content\/uploads\/2021\/12\/S1a-1.png","width":588,"height":192,"caption":"7culture"},"image":{"@id":"https:\/\/7culture.ci\/#\/schema\/logo\/image\/"}},{"@type":"Person","@id":"https:\/\/7culture.ci\/#\/schema\/person\/16150d28d7ef66ba788c1f87f28c4426","name":"7culture2020","image":{"@type":"ImageObject","inLanguage":"fr-FR","@id":"https:\/\/7culture.ci\/#\/schema\/person\/image\/","url":"https:\/\/secure.gravatar.com\/avatar\/9a0784f951306c37bcd065f52844ef95?s=96&d=mm&r=g","contentUrl":"https:\/\/secure.gravatar.com\/avatar\/9a0784f951306c37bcd065f52844ef95?s=96&d=mm&r=g","caption":"7culture2020"},"sameAs":["http:\/\/7culture.ci","Claude.kipre"],"url":"https:\/\/7culture.ci\/index.php\/author\/7culture2020\/"}]}},"jetpack_featured_media_url":"https:\/\/7culture.ci\/wp-content\/uploads\/2022\/09\/Lenfant-beni.jpg","jetpack_likes_enabled":true,"jetpack_sharing_enabled":true,"_links":{"self":[{"href":"https:\/\/7culture.ci\/index.php\/wp-json\/wp\/v2\/posts\/24113"}],"collection":[{"href":"https:\/\/7culture.ci\/index.php\/wp-json\/wp\/v2\/posts"}],"about":[{"href":"https:\/\/7culture.ci\/index.php\/wp-json\/wp\/v2\/types\/post"}],"author":[{"embeddable":true,"href":"https:\/\/7culture.ci\/index.php\/wp-json\/wp\/v2\/users\/1"}],"replies":[{"embeddable":true,"href":"https:\/\/7culture.ci\/index.php\/wp-json\/wp\/v2\/comments?post=24113"}],"version-history":[{"count":0,"href":"https:\/\/7culture.ci\/index.php\/wp-json\/wp\/v2\/posts\/24113\/revisions"}],"wp:featuredmedia":[{"embeddable":true,"href":"https:\/\/7culture.ci\/index.php\/wp-json\/wp\/v2\/media\/24115"}],"wp:attachment":[{"href":"https:\/\/7culture.ci\/index.php\/wp-json\/wp\/v2\/media?parent=24113"}],"wp:term":[{"taxonomy":"category","embeddable":true,"href":"https:\/\/7culture.ci\/index.php\/wp-json\/wp\/v2\/categories?post=24113"},{"taxonomy":"post_tag","embeddable":true,"href":"https:\/\/7culture.ci\/index.php\/wp-json\/wp\/v2\/tags?post=24113"}],"curies":[{"name":"wp","href":"https:\/\/api.w.org\/{rel}","templated":true}]}}