{"id":24067,"date":"2022-09-26T17:35:08","date_gmt":"2022-09-26T17:35:08","guid":{"rendered":"https:\/\/7culture.ci\/?p=24067"},"modified":"2022-09-26T17:35:12","modified_gmt":"2022-09-26T17:35:12","slug":"louis-le-fils-de-nicolas-sarkozy-sest-marie","status":"publish","type":"post","link":"https:\/\/7culture.ci\/index.php\/2022\/09\/26\/louis-le-fils-de-nicolas-sarkozy-sest-marie\/","title":{"rendered":"Louis, le fils de Nicolas Sarkozy s\u2019est mari\u00e9"},"content":{"rendered":"\n<p><strong><em>Pour son mariage c\u00e9l\u00e9br\u00e9 dans le Vaucluse ce week-end, Louis Sarkozy a pu compter sur la pr\u00e9sence de ses deux parents, Nicolas Sarkozy et C\u00e9cilia Attias.<\/em><\/strong><\/p>\n\n\n\n<p>Le clan Sarkozy a profit\u00e9 d&#8217;une joyeuse r\u00e9union de famille samedi 24 septembre, \u00e0 l&#8217;occasion du mariage de Louis Sarkozy et de sa compagne Natali Husic. Les noces se sont tenues dans le village de Gordes, dans le Vaucluse. Les parents du mari\u00e9, Nicolas Sarkozy et C\u00e9cilia Attias \u00e9taient pr\u00e9sents, de m\u00eame que l&#8217;\u00e9pouse de l&#8217;ancien pr\u00e9sident de la R\u00e9publique Carla Bruni.<\/p>\n\n\n\n<p>Plusieurs photos du mariage ont \u00e9t\u00e9 relay\u00e9es sur les r\u00e9seaux sociaux par le maire de Gordes, Richard Kitaeff. \u00ab<strong><em>Mariage de Louis Sarkozy et Natali Husic \u00e0 Gordes. Apr\u00e8s la venue de Mme Pompidou pour inaugurer le mus\u00e9e Vasarely en 1970, et l\u2019acquisition par Fran\u00e7ois Mitterrand d\u2019une propri\u00e9t\u00e9 en 1972, Gordes re\u00e7oit encore un ancien pr\u00e9sident de la R\u00e9publique dans la Salle d\u2019honneur<\/em><\/strong>\u00bb, a-t-il comment\u00e9.<\/p>\n\n\n\n<figure class=\"wp-block-image aligncenter size-large is-resized\"><img loading=\"lazy\" decoding=\"async\" src=\"https:\/\/7culture.ci\/wp-content\/uploads\/2022\/09\/louis2-703x1024.jpg\" alt=\"\" class=\"wp-image-24070\" width=\"478\" height=\"696\" srcset=\"https:\/\/7culture.ci\/wp-content\/uploads\/2022\/09\/louis2-703x1024.jpg 703w, https:\/\/7culture.ci\/wp-content\/uploads\/2022\/09\/louis2-206x300.jpg 206w, https:\/\/7culture.ci\/wp-content\/uploads\/2022\/09\/louis2-768x1118.jpg 768w, https:\/\/7culture.ci\/wp-content\/uploads\/2022\/09\/louis2.jpg 824w\" sizes=\"(max-width: 478px) 100vw, 478px\" \/><\/figure>\n\n\n\n<p>Sur les images, Nicolas Sarkozy et C\u00e9cilia Attias prennent la pose avec les jeunes mari\u00e9s. Tout juste rentr\u00e9e de la Fashion Week de Milan, Carla Bruni appara\u00eet elle aussi sur un clich\u00e9 pris en ext\u00e9rieur. Nos confr\u00e8res de <em>La Provence<\/em> pr\u00e9cisent que la jeune Giulia (10 ans), la fille de l&#8217;interpr\u00e8te et de l&#8217;ancien pr\u00e9sident, \u00e9tait elle aussi de la partie\u2026 La suite <strong><a href=\"https:\/\/www.parismatch.com\/people\/nicolas-sarkozy-au-mariage-de-son-fils-louis-avec-carla-bruni-cecilia-attias-presente-216691\">ICI\u00a0!<\/a><\/strong><\/p>\n","protected":false},"excerpt":{"rendered":"<p>Pour son mariage c\u00e9l\u00e9br\u00e9 dans le Vaucluse ce week-end, Louis Sarkozy a pu compter sur la pr\u00e9sence de ses deux parents, Nicolas Sarkozy et C\u00e9cilia Attias. Le clan Sarkozy a profit\u00e9 d&#8217;une joyeuse r\u00e9union de famille samedi 24 septembre, \u00e0 l&#8217;occasion du mariage de Louis Sarkozy et de sa compagne Natali Husic. Les noces se &hellip;<\/p>\n<p class=\"read-more\"> <a class=\"\" href=\"https:\/\/7culture.ci\/index.php\/2022\/09\/26\/louis-le-fils-de-nicolas-sarkozy-sest-marie\/\"> <span class=\"screen-reader-text\">Louis, le fils de Nicolas Sarkozy s\u2019est mari\u00e9<\/span> Lire la suite\u00a0\u00bb<\/a><\/p>\n","protected":false},"author":1,"featured_media":24069,"comment_status":"open","ping_status":"open","sticky":false,"template":"","format":"standard","meta":{"_mi_skip_tracking":false,"_monsterinsights_sitenote_active":false,"_monsterinsights_sitenote_note":"","_monsterinsights_sitenote_category":0,"site-sidebar-layout":"default","site-content-layout":"default","ast-global-header-display":"","ast-main-header-display":"","ast-hfb-above-header-display":"","ast-hfb-below-header-display":"","ast-hfb-mobile-header-display":"","site-post-title":"","ast-breadcrumbs-content":"","ast-featured-img":"","footer-sml-layout":"","theme-transparent-header-meta":"","adv-header-id-meta":"","stick-header-meta":"","header-above-stick-meta":"","header-main-stick-meta":"","header-below-stick-meta":"","footnotes":"","jetpack_publicize_message":"","jetpack_is_tweetstorm":false,"jetpack_publicize_feature_enabled":true},"categories":[22],"tags":[],"jetpack_publicize_connections":[],"acf":[],"aioseo_notices":[],"yoast_head":"<!-- This site is optimized with the Yoast SEO plugin v19.6.1 - https:\/\/yoast.com\/wordpress\/plugins\/seo\/ -->\n<title>Louis, le fils de Nicolas Sarkozy s\u2019est mari\u00e9 -<\/title>\n<meta name=\"robots\" content=\"index, follow, max-snippet:-1, max-image-preview:large, max-video-preview:-1\" \/>\n<link rel=\"canonical\" href=\"https:\/\/7culture.ci\/index.php\/2022\/09\/26\/louis-le-fils-de-nicolas-sarkozy-sest-marie\/\" \/>\n<meta property=\"og:locale\" content=\"fr_FR\" \/>\n<meta property=\"og:type\" content=\"article\" \/>\n<meta property=\"og:title\" content=\"Louis, le fils de Nicolas Sarkozy s\u2019est mari\u00e9 -\" \/>\n<meta property=\"og:description\" content=\"Pour son mariage c\u00e9l\u00e9br\u00e9 dans le Vaucluse ce week-end, Louis Sarkozy a pu compter sur la pr\u00e9sence de ses deux parents, Nicolas Sarkozy et C\u00e9cilia Attias. Le clan Sarkozy a profit\u00e9 d&#8217;une joyeuse r\u00e9union de famille samedi 24 septembre, \u00e0 l&#8217;occasion du mariage de Louis Sarkozy et de sa compagne Natali Husic. Les noces se &hellip; Louis, le fils de Nicolas Sarkozy s\u2019est mari\u00e9 Lire la suite\u00a0\u00bb\" \/>\n<meta property=\"og:url\" content=\"https:\/\/7culture.ci\/index.php\/2022\/09\/26\/louis-le-fils-de-nicolas-sarkozy-sest-marie\/\" \/>\n<meta property=\"og:site_name\" content=\"7culture\" \/>\n<meta property=\"article:publisher\" content=\"https:\/\/www.facebook.com\/redchefclaude\" \/>\n<meta property=\"article:published_time\" content=\"2022-09-26T17:35:08+00:00\" \/>\n<meta property=\"article:modified_time\" content=\"2022-09-26T17:35:12+00:00\" \/>\n<meta property=\"og:image\" content=\"http:\/\/7culture.ci\/wp-content\/uploads\/2022\/09\/louis3.jpg\" \/>\n\t<meta property=\"og:image:width\" content=\"750\" \/>\n\t<meta property=\"og:image:height\" content=\"450\" \/>\n\t<meta property=\"og:image:type\" content=\"image\/jpeg\" \/>\n<meta name=\"author\" content=\"7culture2020\" \/>\n<meta name=\"twitter:card\" content=\"summary_large_image\" \/>\n<meta name=\"twitter:creator\" content=\"@7culturec\" \/>\n<meta name=\"twitter:site\" content=\"@7culturec\" \/>\n<meta name=\"twitter:label1\" content=\"\u00c9crit par\" \/>\n\t<meta name=\"twitter:data1\" content=\"7culture2020\" \/>\n\t<meta name=\"twitter:label2\" content=\"Dur\u00e9e de lecture estim\u00e9e\" \/>\n\t<meta name=\"twitter:data2\" content=\"1 minute\" \/>\n<script type=\"application\/ld+json\" class=\"yoast-schema-graph\">{\"@context\":\"https:\/\/schema.org\",\"@graph\":[{\"@type\":\"Article\",\"@id\":\"https:\/\/7culture.ci\/index.php\/2022\/09\/26\/louis-le-fils-de-nicolas-sarkozy-sest-marie\/#article\",\"isPartOf\":{\"@id\":\"https:\/\/7culture.ci\/index.php\/2022\/09\/26\/louis-le-fils-de-nicolas-sarkozy-sest-marie\/\"},\"author\":{\"name\":\"7culture2020\",\"@id\":\"https:\/\/7culture.ci\/#\/schema\/person\/16150d28d7ef66ba788c1f87f28c4426\"},\"headline\":\"Louis, le fils de Nicolas Sarkozy s\u2019est mari\u00e9\",\"datePublished\":\"2022-09-26T17:35:08+00:00\",\"dateModified\":\"2022-09-26T17:35:12+00:00\",\"mainEntityOfPage\":{\"@id\":\"https:\/\/7culture.ci\/index.php\/2022\/09\/26\/louis-le-fils-de-nicolas-sarkozy-sest-marie\/\"},\"wordCount\":251,\"commentCount\":0,\"publisher\":{\"@id\":\"https:\/\/7culture.ci\/#organization\"},\"articleSection\":[\"Actualit\u00e9\"],\"inLanguage\":\"fr-FR\",\"potentialAction\":[{\"@type\":\"CommentAction\",\"name\":\"Comment\",\"target\":[\"https:\/\/7culture.ci\/index.php\/2022\/09\/26\/louis-le-fils-de-nicolas-sarkozy-sest-marie\/#respond\"]}]},{\"@type\":\"WebPage\",\"@id\":\"https:\/\/7culture.ci\/index.php\/2022\/09\/26\/louis-le-fils-de-nicolas-sarkozy-sest-marie\/\",\"url\":\"https:\/\/7culture.ci\/index.php\/2022\/09\/26\/louis-le-fils-de-nicolas-sarkozy-sest-marie\/\",\"name\":\"Louis, le fils de Nicolas Sarkozy s\u2019est mari\u00e9 -\",\"isPartOf\":{\"@id\":\"https:\/\/7culture.ci\/#website\"},\"datePublished\":\"2022-09-26T17:35:08+00:00\",\"dateModified\":\"2022-09-26T17:35:12+00:00\",\"breadcrumb\":{\"@id\":\"https:\/\/7culture.ci\/index.php\/2022\/09\/26\/louis-le-fils-de-nicolas-sarkozy-sest-marie\/#breadcrumb\"},\"inLanguage\":\"fr-FR\",\"potentialAction\":[{\"@type\":\"ReadAction\",\"target\":[\"https:\/\/7culture.ci\/index.php\/2022\/09\/26\/louis-le-fils-de-nicolas-sarkozy-sest-marie\/\"]}]},{\"@type\":\"BreadcrumbList\",\"@id\":\"https:\/\/7culture.ci\/index.php\/2022\/09\/26\/louis-le-fils-de-nicolas-sarkozy-sest-marie\/#breadcrumb\",\"itemListElement\":[{\"@type\":\"ListItem\",\"position\":1,\"name\":\"Accueil\",\"item\":\"https:\/\/7culture.ci\/\"},{\"@type\":\"ListItem\",\"position\":2,\"name\":\"Louis, le fils de Nicolas Sarkozy s\u2019est mari\u00e9\"}]},{\"@type\":\"WebSite\",\"@id\":\"https:\/\/7culture.ci\/#website\",\"url\":\"https:\/\/7culture.ci\/\",\"name\":\"7culture\",\"description\":\"Tout sur l&#039;actualit\u00e9\",\"publisher\":{\"@id\":\"https:\/\/7culture.ci\/#organization\"},\"potentialAction\":[{\"@type\":\"SearchAction\",\"target\":{\"@type\":\"EntryPoint\",\"urlTemplate\":\"https:\/\/7culture.ci\/?s={search_term_string}\"},\"query-input\":\"required name=search_term_string\"}],\"inLanguage\":\"fr-FR\"},{\"@type\":\"Organization\",\"@id\":\"https:\/\/7culture.ci\/#organization\",\"name\":\"7culture\",\"url\":\"https:\/\/7culture.ci\/\",\"sameAs\":[\"https:\/\/www.facebook.com\/redchefclaude\",\"https:\/\/twitter.com\/7culturec\"],\"logo\":{\"@type\":\"ImageObject\",\"inLanguage\":\"fr-FR\",\"@id\":\"https:\/\/7culture.ci\/#\/schema\/logo\/image\/\",\"url\":\"https:\/\/7culture.ci\/wp-content\/uploads\/2021\/12\/S1a-1.png\",\"contentUrl\":\"https:\/\/7culture.ci\/wp-content\/uploads\/2021\/12\/S1a-1.png\",\"width\":588,\"height\":192,\"caption\":\"7culture\"},\"image\":{\"@id\":\"https:\/\/7culture.ci\/#\/schema\/logo\/image\/\"}},{\"@type\":\"Person\",\"@id\":\"https:\/\/7culture.ci\/#\/schema\/person\/16150d28d7ef66ba788c1f87f28c4426\",\"name\":\"7culture2020\",\"image\":{\"@type\":\"ImageObject\",\"inLanguage\":\"fr-FR\",\"@id\":\"https:\/\/7culture.ci\/#\/schema\/person\/image\/\",\"url\":\"https:\/\/secure.gravatar.com\/avatar\/9a0784f951306c37bcd065f52844ef95?s=96&d=mm&r=g\",\"contentUrl\":\"https:\/\/secure.gravatar.com\/avatar\/9a0784f951306c37bcd065f52844ef95?s=96&d=mm&r=g\",\"caption\":\"7culture2020\"},\"sameAs\":[\"http:\/\/7culture.ci\",\"Claude.kipre\"],\"url\":\"https:\/\/7culture.ci\/index.php\/author\/7culture2020\/\"}]}<\/script>\n<!-- \/ Yoast SEO plugin. -->","yoast_head_json":{"title":"Louis, le fils de Nicolas Sarkozy s\u2019est mari\u00e9 -","robots":{"index":"index","follow":"follow","max-snippet":"max-snippet:-1","max-image-preview":"max-image-preview:large","max-video-preview":"max-video-preview:-1"},"canonical":"https:\/\/7culture.ci\/index.php\/2022\/09\/26\/louis-le-fils-de-nicolas-sarkozy-sest-marie\/","og_locale":"fr_FR","og_type":"article","og_title":"Louis, le fils de Nicolas Sarkozy s\u2019est mari\u00e9 -","og_description":"Pour son mariage c\u00e9l\u00e9br\u00e9 dans le Vaucluse ce week-end, Louis Sarkozy a pu compter sur la pr\u00e9sence de ses deux parents, Nicolas Sarkozy et C\u00e9cilia Attias. Le clan Sarkozy a profit\u00e9 d&#8217;une joyeuse r\u00e9union de famille samedi 24 septembre, \u00e0 l&#8217;occasion du mariage de Louis Sarkozy et de sa compagne Natali Husic. Les noces se &hellip; Louis, le fils de Nicolas Sarkozy s\u2019est mari\u00e9 Lire la suite\u00a0\u00bb","og_url":"https:\/\/7culture.ci\/index.php\/2022\/09\/26\/louis-le-fils-de-nicolas-sarkozy-sest-marie\/","og_site_name":"7culture","article_publisher":"https:\/\/www.facebook.com\/redchefclaude","article_published_time":"2022-09-26T17:35:08+00:00","article_modified_time":"2022-09-26T17:35:12+00:00","og_image":[{"width":750,"height":450,"url":"http:\/\/7culture.ci\/wp-content\/uploads\/2022\/09\/louis3.jpg","type":"image\/jpeg"}],"author":"7culture2020","twitter_card":"summary_large_image","twitter_creator":"@7culturec","twitter_site":"@7culturec","twitter_misc":{"\u00c9crit par":"7culture2020","Dur\u00e9e de lecture estim\u00e9e":"1 minute"},"schema":{"@context":"https:\/\/schema.org","@graph":[{"@type":"Article","@id":"https:\/\/7culture.ci\/index.php\/2022\/09\/26\/louis-le-fils-de-nicolas-sarkozy-sest-marie\/#article","isPartOf":{"@id":"https:\/\/7culture.ci\/index.php\/2022\/09\/26\/louis-le-fils-de-nicolas-sarkozy-sest-marie\/"},"author":{"name":"7culture2020","@id":"https:\/\/7culture.ci\/#\/schema\/person\/16150d28d7ef66ba788c1f87f28c4426"},"headline":"Louis, le fils de Nicolas Sarkozy s\u2019est mari\u00e9","datePublished":"2022-09-26T17:35:08+00:00","dateModified":"2022-09-26T17:35:12+00:00","mainEntityOfPage":{"@id":"https:\/\/7culture.ci\/index.php\/2022\/09\/26\/louis-le-fils-de-nicolas-sarkozy-sest-marie\/"},"wordCount":251,"commentCount":0,"publisher":{"@id":"https:\/\/7culture.ci\/#organization"},"articleSection":["Actualit\u00e9"],"inLanguage":"fr-FR","potentialAction":[{"@type":"CommentAction","name":"Comment","target":["https:\/\/7culture.ci\/index.php\/2022\/09\/26\/louis-le-fils-de-nicolas-sarkozy-sest-marie\/#respond"]}]},{"@type":"WebPage","@id":"https:\/\/7culture.ci\/index.php\/2022\/09\/26\/louis-le-fils-de-nicolas-sarkozy-sest-marie\/","url":"https:\/\/7culture.ci\/index.php\/2022\/09\/26\/louis-le-fils-de-nicolas-sarkozy-sest-marie\/","name":"Louis, le fils de Nicolas Sarkozy s\u2019est mari\u00e9 -","isPartOf":{"@id":"https:\/\/7culture.ci\/#website"},"datePublished":"2022-09-26T17:35:08+00:00","dateModified":"2022-09-26T17:35:12+00:00","breadcrumb":{"@id":"https:\/\/7culture.ci\/index.php\/2022\/09\/26\/louis-le-fils-de-nicolas-sarkozy-sest-marie\/#breadcrumb"},"inLanguage":"fr-FR","potentialAction":[{"@type":"ReadAction","target":["https:\/\/7culture.ci\/index.php\/2022\/09\/26\/louis-le-fils-de-nicolas-sarkozy-sest-marie\/"]}]},{"@type":"BreadcrumbList","@id":"https:\/\/7culture.ci\/index.php\/2022\/09\/26\/louis-le-fils-de-nicolas-sarkozy-sest-marie\/#breadcrumb","itemListElement":[{"@type":"ListItem","position":1,"name":"Accueil","item":"https:\/\/7culture.ci\/"},{"@type":"ListItem","position":2,"name":"Louis, le fils de Nicolas Sarkozy s\u2019est mari\u00e9"}]},{"@type":"WebSite","@id":"https:\/\/7culture.ci\/#website","url":"https:\/\/7culture.ci\/","name":"7culture","description":"Tout sur l&#039;actualit\u00e9","publisher":{"@id":"https:\/\/7culture.ci\/#organization"},"potentialAction":[{"@type":"SearchAction","target":{"@type":"EntryPoint","urlTemplate":"https:\/\/7culture.ci\/?s={search_term_string}"},"query-input":"required name=search_term_string"}],"inLanguage":"fr-FR"},{"@type":"Organization","@id":"https:\/\/7culture.ci\/#organization","name":"7culture","url":"https:\/\/7culture.ci\/","sameAs":["https:\/\/www.facebook.com\/redchefclaude","https:\/\/twitter.com\/7culturec"],"logo":{"@type":"ImageObject","inLanguage":"fr-FR","@id":"https:\/\/7culture.ci\/#\/schema\/logo\/image\/","url":"https:\/\/7culture.ci\/wp-content\/uploads\/2021\/12\/S1a-1.png","contentUrl":"https:\/\/7culture.ci\/wp-content\/uploads\/2021\/12\/S1a-1.png","width":588,"height":192,"caption":"7culture"},"image":{"@id":"https:\/\/7culture.ci\/#\/schema\/logo\/image\/"}},{"@type":"Person","@id":"https:\/\/7culture.ci\/#\/schema\/person\/16150d28d7ef66ba788c1f87f28c4426","name":"7culture2020","image":{"@type":"ImageObject","inLanguage":"fr-FR","@id":"https:\/\/7culture.ci\/#\/schema\/person\/image\/","url":"https:\/\/secure.gravatar.com\/avatar\/9a0784f951306c37bcd065f52844ef95?s=96&d=mm&r=g","contentUrl":"https:\/\/secure.gravatar.com\/avatar\/9a0784f951306c37bcd065f52844ef95?s=96&d=mm&r=g","caption":"7culture2020"},"sameAs":["http:\/\/7culture.ci","Claude.kipre"],"url":"https:\/\/7culture.ci\/index.php\/author\/7culture2020\/"}]}},"jetpack_featured_media_url":"https:\/\/7culture.ci\/wp-content\/uploads\/2022\/09\/louis3.jpg","jetpack_likes_enabled":true,"jetpack_sharing_enabled":true,"_links":{"self":[{"href":"https:\/\/7culture.ci\/index.php\/wp-json\/wp\/v2\/posts\/24067"}],"collection":[{"href":"https:\/\/7culture.ci\/index.php\/wp-json\/wp\/v2\/posts"}],"about":[{"href":"https:\/\/7culture.ci\/index.php\/wp-json\/wp\/v2\/types\/post"}],"author":[{"embeddable":true,"href":"https:\/\/7culture.ci\/index.php\/wp-json\/wp\/v2\/users\/1"}],"replies":[{"embeddable":true,"href":"https:\/\/7culture.ci\/index.php\/wp-json\/wp\/v2\/comments?post=24067"}],"version-history":[{"count":0,"href":"https:\/\/7culture.ci\/index.php\/wp-json\/wp\/v2\/posts\/24067\/revisions"}],"wp:featuredmedia":[{"embeddable":true,"href":"https:\/\/7culture.ci\/index.php\/wp-json\/wp\/v2\/media\/24069"}],"wp:attachment":[{"href":"https:\/\/7culture.ci\/index.php\/wp-json\/wp\/v2\/media?parent=24067"}],"wp:term":[{"taxonomy":"category","embeddable":true,"href":"https:\/\/7culture.ci\/index.php\/wp-json\/wp\/v2\/categories?post=24067"},{"taxonomy":"post_tag","embeddable":true,"href":"https:\/\/7culture.ci\/index.php\/wp-json\/wp\/v2\/tags?post=24067"}],"curies":[{"name":"wp","href":"https:\/\/api.w.org\/{rel}","templated":true}]}}