{"id":23992,"date":"2022-09-23T15:10:49","date_gmt":"2022-09-23T15:10:49","guid":{"rendered":"https:\/\/7culture.ci\/?p=23992"},"modified":"2022-09-24T11:53:35","modified_gmt":"2022-09-24T11:53:35","slug":"cote-divoire-la-journee-internationale-de-la-traduction-et-de-linterpretation-de-aura-lieu-ce-29-septembre","status":"publish","type":"post","link":"https:\/\/7culture.ci\/index.php\/2022\/09\/23\/cote-divoire-la-journee-internationale-de-la-traduction-et-de-linterpretation-de-aura-lieu-ce-29-septembre\/","title":{"rendered":"C\u00f4te d\u2019Ivoire\u00a0: La Journ\u00e9e Internationale de la Traduction et de l\u2019Interpr\u00e9tation aura lieu ce 29 septembre"},"content":{"rendered":"\n<p>Le directeur de l\u2019entreprise \u201cConf\u00e9rence et Traduction\u201d, S\u00e9bastien Guehi a proc\u00e9d\u00e9, le mardi 20 septembre 2022, \u00e0 Cocody Angr\u00e9, au lancement officiel des festivit\u00e9s de la 7\u00e8 \u00e9dition de la Journ\u00e9e internationale de la traduction et de l\u2019interpr\u00e9tation de C\u00f4te d\u2019Ivoire (JITI-CI). L\u2019\u00e9v\u00e9nement se tiendra le jeudi 29 septembre 2022 dans la capitale \u00e9conomique de la C\u00f4te d\u2019Ivoire et portera sur le th\u00e8me \u2018<strong><em>\u2019Cr\u00e9ation d\u2019un \u00e9cosyst\u00e8me : passage de l\u2019informel \u00e0 la professionnalisation.<\/em><\/strong> \u2018\u2019<\/p>\n\n\n\n<figure class=\"wp-block-image size-large is-resized\"><img loading=\"lazy\" decoding=\"async\" src=\"https:\/\/7culture.ci\/wp-content\/uploads\/2022\/09\/JITI-CI3-1024x683.jpg\" alt=\"\" class=\"wp-image-23996\" width=\"568\" height=\"379\" srcset=\"https:\/\/7culture.ci\/wp-content\/uploads\/2022\/09\/JITI-CI3-1024x683.jpg 1024w, https:\/\/7culture.ci\/wp-content\/uploads\/2022\/09\/JITI-CI3-300x200.jpg 300w, https:\/\/7culture.ci\/wp-content\/uploads\/2022\/09\/JITI-CI3-768x512.jpg 768w, https:\/\/7culture.ci\/wp-content\/uploads\/2022\/09\/JITI-CI3-1536x1025.jpg 1536w, https:\/\/7culture.ci\/wp-content\/uploads\/2022\/09\/JITI-CI3.jpg 2048w\" sizes=\"(max-width: 568px) 100vw, 568px\" \/><\/figure>\n\n\n\n<p>L\u2019\u00e9dition 2022 accueillera pr\u00e8s de 200 invit\u00e9s comprenant des experts en traduction de langue, des hommes de culture, des linguistes, des acteurs de la voix et des acteurs de la modernisation de l\u2019entreprise. Plusieurs th\u00e8mes anim\u00e9s par des panelistes meubleront cette journ\u00e9e, notamment les m\u00e9canismes d\u2019existence des PME, avec la pr\u00e9sidente du Mouvement des Petites et moyennes entreprises (MPME), Patricia Zoundi Yao, les dispositions fiscales et la personnalisation des petites entreprises ainsi que des prix dont celui du commissaire g\u00e9n\u00e9ral de la ponctualit\u00e9.<\/p>\n\n\n\n<figure class=\"wp-block-image alignright size-large is-resized\"><img loading=\"lazy\" decoding=\"async\" src=\"https:\/\/7culture.ci\/wp-content\/uploads\/2022\/09\/JITI-CI4-1024x683.jpg\" alt=\"\" class=\"wp-image-23995\" width=\"590\" height=\"393\" srcset=\"https:\/\/7culture.ci\/wp-content\/uploads\/2022\/09\/JITI-CI4-1024x683.jpg 1024w, https:\/\/7culture.ci\/wp-content\/uploads\/2022\/09\/JITI-CI4-300x200.jpg 300w, https:\/\/7culture.ci\/wp-content\/uploads\/2022\/09\/JITI-CI4-768x512.jpg 768w, https:\/\/7culture.ci\/wp-content\/uploads\/2022\/09\/JITI-CI4.jpg 1080w\" sizes=\"(max-width: 590px) 100vw, 590px\" \/><\/figure>\n\n\n\n<p>Selon M. S\u00e9bastien Guehi, commissaire g\u00e9n\u00e9ral, cette journ\u00e9e vise \u00e0 rassembler tous les interpr\u00e8tes et traducteurs, \u00e0 mettre en lumi\u00e8re cette profession souvent m\u00e9connue du public et lui donner une existence juridique afin de lui permettre de jouer de fa\u00e7on l\u00e9gale son r\u00f4le de d\u00e9veloppement dans la soci\u00e9t\u00e9. Il s\u2019agit pour le directeur de \u201cConf\u00e9rence et Traduction\u201d, promotrice de l\u2019\u00e9v\u00e9nement, de mettre en place un \u00e9cosyst\u00e8me, o\u00f9 l\u2019on vit en prenant en compte les r\u00e9alit\u00e9s \u00e9conomiques des autres. &nbsp;<strong>\u00ab&nbsp;<em>On ne sortira pas de 2022 sans que tout le monde sache ce que co\u00fbte la traduction, ce que nous valons au niveau de la recette fiscale et nous demandons \u00e0 des jeunes de travailler sur des statistiques et des donn\u00e9es pour qu\u2019on sache ce que les traducteurs, interpr\u00e8tes et entreprises apportent au PIB de la C\u00f4te d\u2019Ivoire<\/em>&nbsp;\u00bb<\/strong>, a-t-il d\u00e9clar\u00e9. M. Guehi, sp\u00e9cialiste en interpr\u00e9tation et traduction, a soulign\u00e9 que son entreprise travaille sur la professionnalisation du secteur qui a commenc\u00e9 depuis deux ans avec la mise en place de l\u2019association internationale de la traduction et de l\u2019interpr\u00e9tation de C\u00f4te d\u2019Ivoire.<\/p>\n\n\n\n<figure class=\"wp-block-gallery has-nested-images columns-default is-cropped wp-block-gallery-1 is-layout-flex wp-block-gallery-is-layout-flex\">\n<figure class=\"wp-block-image size-large\"><img loading=\"lazy\" decoding=\"async\" width=\"1024\" height=\"768\" data-id=\"23997\" src=\"https:\/\/7culture.ci\/wp-content\/uploads\/2022\/09\/JITI-CI1-1024x768.jpg\" alt=\"\" class=\"wp-image-23997\" srcset=\"https:\/\/7culture.ci\/wp-content\/uploads\/2022\/09\/JITI-CI1-1024x768.jpg 1024w, https:\/\/7culture.ci\/wp-content\/uploads\/2022\/09\/JITI-CI1-300x225.jpg 300w, https:\/\/7culture.ci\/wp-content\/uploads\/2022\/09\/JITI-CI1-768x576.jpg 768w, https:\/\/7culture.ci\/wp-content\/uploads\/2022\/09\/JITI-CI1.jpg 1040w\" sizes=\"(max-width: 1024px) 100vw, 1024px\" \/><\/figure>\n\n\n\n<figure class=\"wp-block-image size-large\"><img loading=\"lazy\" decoding=\"async\" width=\"1024\" height=\"683\" data-id=\"23998\" src=\"https:\/\/7culture.ci\/wp-content\/uploads\/2022\/09\/JITI-CI2-1024x683.jpg\" alt=\"\" class=\"wp-image-23998\" srcset=\"https:\/\/7culture.ci\/wp-content\/uploads\/2022\/09\/JITI-CI2-1024x683.jpg 1024w, https:\/\/7culture.ci\/wp-content\/uploads\/2022\/09\/JITI-CI2-300x200.jpg 300w, https:\/\/7culture.ci\/wp-content\/uploads\/2022\/09\/JITI-CI2-768x512.jpg 768w, https:\/\/7culture.ci\/wp-content\/uploads\/2022\/09\/JITI-CI2.jpg 1080w\" sizes=\"(max-width: 1024px) 100vw, 1024px\" \/><\/figure>\n<\/figure>\n\n\n\n<p>Thierry Samuel<\/p>\n","protected":false},"excerpt":{"rendered":"<p>Le directeur de l\u2019entreprise \u201cConf\u00e9rence et Traduction\u201d, S\u00e9bastien Guehi a proc\u00e9d\u00e9, le mardi 20 septembre 2022, \u00e0 Cocody Angr\u00e9, au lancement officiel des festivit\u00e9s de la 7\u00e8 \u00e9dition de la Journ\u00e9e internationale de la traduction et de l\u2019interpr\u00e9tation de C\u00f4te d\u2019Ivoire (JITI-CI). L\u2019\u00e9v\u00e9nement se tiendra le jeudi 29 septembre 2022 dans la capitale \u00e9conomique de &hellip;<\/p>\n<p class=\"read-more\"> <a class=\"\" href=\"https:\/\/7culture.ci\/index.php\/2022\/09\/23\/cote-divoire-la-journee-internationale-de-la-traduction-et-de-linterpretation-de-aura-lieu-ce-29-septembre\/\"> <span class=\"screen-reader-text\">C\u00f4te d\u2019Ivoire\u00a0: La Journ\u00e9e Internationale de la Traduction et de l\u2019Interpr\u00e9tation aura lieu ce 29 septembre<\/span> Lire la suite\u00a0\u00bb<\/a><\/p>\n","protected":false},"author":1,"featured_media":23994,"comment_status":"open","ping_status":"open","sticky":false,"template":"","format":"standard","meta":{"_mi_skip_tracking":false,"_monsterinsights_sitenote_active":false,"_monsterinsights_sitenote_note":"","_monsterinsights_sitenote_category":0,"site-sidebar-layout":"default","site-content-layout":"default","ast-global-header-display":"","ast-main-header-display":"","ast-hfb-above-header-display":"","ast-hfb-below-header-display":"","ast-hfb-mobile-header-display":"","site-post-title":"","ast-breadcrumbs-content":"","ast-featured-img":"","footer-sml-layout":"","theme-transparent-header-meta":"","adv-header-id-meta":"","stick-header-meta":"","header-above-stick-meta":"","header-main-stick-meta":"","header-below-stick-meta":"","footnotes":"","jetpack_publicize_message":"","jetpack_is_tweetstorm":false,"jetpack_publicize_feature_enabled":true},"categories":[22],"tags":[],"jetpack_publicize_connections":[],"acf":[],"aioseo_notices":[],"yoast_head":"<!-- This site is optimized with the Yoast SEO plugin v19.6.1 - https:\/\/yoast.com\/wordpress\/plugins\/seo\/ -->\n<title>C\u00f4te d\u2019Ivoire\u00a0: La Journ\u00e9e Internationale de la Traduction et de l\u2019Interpr\u00e9tation aura lieu ce 29 septembre -<\/title>\n<meta name=\"robots\" content=\"index, follow, max-snippet:-1, max-image-preview:large, max-video-preview:-1\" \/>\n<link rel=\"canonical\" href=\"https:\/\/7culture.ci\/index.php\/2022\/09\/23\/cote-divoire-la-journee-internationale-de-la-traduction-et-de-linterpretation-de-aura-lieu-ce-29-septembre\/\" \/>\n<meta property=\"og:locale\" content=\"fr_FR\" \/>\n<meta property=\"og:type\" content=\"article\" \/>\n<meta property=\"og:title\" content=\"C\u00f4te d\u2019Ivoire\u00a0: La Journ\u00e9e Internationale de la Traduction et de l\u2019Interpr\u00e9tation aura lieu ce 29 septembre -\" \/>\n<meta property=\"og:description\" content=\"Le directeur de l\u2019entreprise \u201cConf\u00e9rence et Traduction\u201d, S\u00e9bastien Guehi a proc\u00e9d\u00e9, le mardi 20 septembre 2022, \u00e0 Cocody Angr\u00e9, au lancement officiel des festivit\u00e9s de la 7\u00e8 \u00e9dition de la Journ\u00e9e internationale de la traduction et de l\u2019interpr\u00e9tation de C\u00f4te d\u2019Ivoire (JITI-CI). L\u2019\u00e9v\u00e9nement se tiendra le jeudi 29 septembre 2022 dans la capitale \u00e9conomique de &hellip; C\u00f4te d\u2019Ivoire\u00a0: La Journ\u00e9e Internationale de la Traduction et de l\u2019Interpr\u00e9tation aura lieu ce 29 septembre Lire la suite\u00a0\u00bb\" \/>\n<meta property=\"og:url\" content=\"https:\/\/7culture.ci\/index.php\/2022\/09\/23\/cote-divoire-la-journee-internationale-de-la-traduction-et-de-linterpretation-de-aura-lieu-ce-29-septembre\/\" \/>\n<meta property=\"og:site_name\" content=\"7culture\" \/>\n<meta property=\"article:publisher\" content=\"https:\/\/www.facebook.com\/redchefclaude\" \/>\n<meta property=\"article:published_time\" content=\"2022-09-23T15:10:49+00:00\" \/>\n<meta property=\"article:modified_time\" content=\"2022-09-24T11:53:35+00:00\" \/>\n<meta property=\"og:image\" content=\"http:\/\/7culture.ci\/wp-content\/uploads\/2022\/09\/WhatsApp-Image-2022-09-22-at-15.30.53.jpeg\" \/>\n\t<meta property=\"og:image:width\" content=\"720\" \/>\n\t<meta property=\"og:image:height\" content=\"333\" \/>\n\t<meta property=\"og:image:type\" content=\"image\/jpeg\" \/>\n<meta name=\"author\" content=\"7culture2020\" \/>\n<meta name=\"twitter:card\" content=\"summary_large_image\" \/>\n<meta name=\"twitter:creator\" content=\"@7culturec\" \/>\n<meta name=\"twitter:site\" content=\"@7culturec\" \/>\n<meta name=\"twitter:label1\" content=\"\u00c9crit par\" \/>\n\t<meta name=\"twitter:data1\" content=\"7culture2020\" \/>\n\t<meta name=\"twitter:label2\" content=\"Dur\u00e9e de lecture estim\u00e9e\" \/>\n\t<meta name=\"twitter:data2\" content=\"2 minutes\" \/>\n<script type=\"application\/ld+json\" class=\"yoast-schema-graph\">{\"@context\":\"https:\/\/schema.org\",\"@graph\":[{\"@type\":\"Article\",\"@id\":\"https:\/\/7culture.ci\/index.php\/2022\/09\/23\/cote-divoire-la-journee-internationale-de-la-traduction-et-de-linterpretation-de-aura-lieu-ce-29-septembre\/#article\",\"isPartOf\":{\"@id\":\"https:\/\/7culture.ci\/index.php\/2022\/09\/23\/cote-divoire-la-journee-internationale-de-la-traduction-et-de-linterpretation-de-aura-lieu-ce-29-septembre\/\"},\"author\":{\"name\":\"7culture2020\",\"@id\":\"https:\/\/7culture.ci\/#\/schema\/person\/16150d28d7ef66ba788c1f87f28c4426\"},\"headline\":\"C\u00f4te d\u2019Ivoire\u00a0: La Journ\u00e9e Internationale de la Traduction et de l\u2019Interpr\u00e9tation aura lieu ce 29 septembre\",\"datePublished\":\"2022-09-23T15:10:49+00:00\",\"dateModified\":\"2022-09-24T11:53:35+00:00\",\"mainEntityOfPage\":{\"@id\":\"https:\/\/7culture.ci\/index.php\/2022\/09\/23\/cote-divoire-la-journee-internationale-de-la-traduction-et-de-linterpretation-de-aura-lieu-ce-29-septembre\/\"},\"wordCount\":411,\"commentCount\":0,\"publisher\":{\"@id\":\"https:\/\/7culture.ci\/#organization\"},\"articleSection\":[\"Actualit\u00e9\"],\"inLanguage\":\"fr-FR\",\"potentialAction\":[{\"@type\":\"CommentAction\",\"name\":\"Comment\",\"target\":[\"https:\/\/7culture.ci\/index.php\/2022\/09\/23\/cote-divoire-la-journee-internationale-de-la-traduction-et-de-linterpretation-de-aura-lieu-ce-29-septembre\/#respond\"]}]},{\"@type\":\"WebPage\",\"@id\":\"https:\/\/7culture.ci\/index.php\/2022\/09\/23\/cote-divoire-la-journee-internationale-de-la-traduction-et-de-linterpretation-de-aura-lieu-ce-29-septembre\/\",\"url\":\"https:\/\/7culture.ci\/index.php\/2022\/09\/23\/cote-divoire-la-journee-internationale-de-la-traduction-et-de-linterpretation-de-aura-lieu-ce-29-septembre\/\",\"name\":\"C\u00f4te d\u2019Ivoire\u00a0: La Journ\u00e9e Internationale de la Traduction et de l\u2019Interpr\u00e9tation aura lieu ce 29 septembre -\",\"isPartOf\":{\"@id\":\"https:\/\/7culture.ci\/#website\"},\"datePublished\":\"2022-09-23T15:10:49+00:00\",\"dateModified\":\"2022-09-24T11:53:35+00:00\",\"breadcrumb\":{\"@id\":\"https:\/\/7culture.ci\/index.php\/2022\/09\/23\/cote-divoire-la-journee-internationale-de-la-traduction-et-de-linterpretation-de-aura-lieu-ce-29-septembre\/#breadcrumb\"},\"inLanguage\":\"fr-FR\",\"potentialAction\":[{\"@type\":\"ReadAction\",\"target\":[\"https:\/\/7culture.ci\/index.php\/2022\/09\/23\/cote-divoire-la-journee-internationale-de-la-traduction-et-de-linterpretation-de-aura-lieu-ce-29-septembre\/\"]}]},{\"@type\":\"BreadcrumbList\",\"@id\":\"https:\/\/7culture.ci\/index.php\/2022\/09\/23\/cote-divoire-la-journee-internationale-de-la-traduction-et-de-linterpretation-de-aura-lieu-ce-29-septembre\/#breadcrumb\",\"itemListElement\":[{\"@type\":\"ListItem\",\"position\":1,\"name\":\"Accueil\",\"item\":\"https:\/\/7culture.ci\/\"},{\"@type\":\"ListItem\",\"position\":2,\"name\":\"C\u00f4te d\u2019Ivoire\u00a0: La Journ\u00e9e Internationale de la Traduction et de l\u2019Interpr\u00e9tation aura lieu ce 29 septembre\"}]},{\"@type\":\"WebSite\",\"@id\":\"https:\/\/7culture.ci\/#website\",\"url\":\"https:\/\/7culture.ci\/\",\"name\":\"7culture\",\"description\":\"Tout sur l&#039;actualit\u00e9\",\"publisher\":{\"@id\":\"https:\/\/7culture.ci\/#organization\"},\"potentialAction\":[{\"@type\":\"SearchAction\",\"target\":{\"@type\":\"EntryPoint\",\"urlTemplate\":\"https:\/\/7culture.ci\/?s={search_term_string}\"},\"query-input\":\"required name=search_term_string\"}],\"inLanguage\":\"fr-FR\"},{\"@type\":\"Organization\",\"@id\":\"https:\/\/7culture.ci\/#organization\",\"name\":\"7culture\",\"url\":\"https:\/\/7culture.ci\/\",\"sameAs\":[\"https:\/\/www.facebook.com\/redchefclaude\",\"https:\/\/twitter.com\/7culturec\"],\"logo\":{\"@type\":\"ImageObject\",\"inLanguage\":\"fr-FR\",\"@id\":\"https:\/\/7culture.ci\/#\/schema\/logo\/image\/\",\"url\":\"https:\/\/7culture.ci\/wp-content\/uploads\/2021\/12\/S1a-1.png\",\"contentUrl\":\"https:\/\/7culture.ci\/wp-content\/uploads\/2021\/12\/S1a-1.png\",\"width\":588,\"height\":192,\"caption\":\"7culture\"},\"image\":{\"@id\":\"https:\/\/7culture.ci\/#\/schema\/logo\/image\/\"}},{\"@type\":\"Person\",\"@id\":\"https:\/\/7culture.ci\/#\/schema\/person\/16150d28d7ef66ba788c1f87f28c4426\",\"name\":\"7culture2020\",\"image\":{\"@type\":\"ImageObject\",\"inLanguage\":\"fr-FR\",\"@id\":\"https:\/\/7culture.ci\/#\/schema\/person\/image\/\",\"url\":\"https:\/\/secure.gravatar.com\/avatar\/9a0784f951306c37bcd065f52844ef95?s=96&d=mm&r=g\",\"contentUrl\":\"https:\/\/secure.gravatar.com\/avatar\/9a0784f951306c37bcd065f52844ef95?s=96&d=mm&r=g\",\"caption\":\"7culture2020\"},\"sameAs\":[\"http:\/\/7culture.ci\",\"Claude.kipre\"],\"url\":\"https:\/\/7culture.ci\/index.php\/author\/7culture2020\/\"}]}<\/script>\n<!-- \/ Yoast SEO plugin. -->","yoast_head_json":{"title":"C\u00f4te d\u2019Ivoire\u00a0: La Journ\u00e9e Internationale de la Traduction et de l\u2019Interpr\u00e9tation aura lieu ce 29 septembre -","robots":{"index":"index","follow":"follow","max-snippet":"max-snippet:-1","max-image-preview":"max-image-preview:large","max-video-preview":"max-video-preview:-1"},"canonical":"https:\/\/7culture.ci\/index.php\/2022\/09\/23\/cote-divoire-la-journee-internationale-de-la-traduction-et-de-linterpretation-de-aura-lieu-ce-29-septembre\/","og_locale":"fr_FR","og_type":"article","og_title":"C\u00f4te d\u2019Ivoire\u00a0: La Journ\u00e9e Internationale de la Traduction et de l\u2019Interpr\u00e9tation aura lieu ce 29 septembre -","og_description":"Le directeur de l\u2019entreprise \u201cConf\u00e9rence et Traduction\u201d, S\u00e9bastien Guehi a proc\u00e9d\u00e9, le mardi 20 septembre 2022, \u00e0 Cocody Angr\u00e9, au lancement officiel des festivit\u00e9s de la 7\u00e8 \u00e9dition de la Journ\u00e9e internationale de la traduction et de l\u2019interpr\u00e9tation de C\u00f4te d\u2019Ivoire (JITI-CI). L\u2019\u00e9v\u00e9nement se tiendra le jeudi 29 septembre 2022 dans la capitale \u00e9conomique de &hellip; C\u00f4te d\u2019Ivoire\u00a0: La Journ\u00e9e Internationale de la Traduction et de l\u2019Interpr\u00e9tation aura lieu ce 29 septembre Lire la suite\u00a0\u00bb","og_url":"https:\/\/7culture.ci\/index.php\/2022\/09\/23\/cote-divoire-la-journee-internationale-de-la-traduction-et-de-linterpretation-de-aura-lieu-ce-29-septembre\/","og_site_name":"7culture","article_publisher":"https:\/\/www.facebook.com\/redchefclaude","article_published_time":"2022-09-23T15:10:49+00:00","article_modified_time":"2022-09-24T11:53:35+00:00","og_image":[{"width":720,"height":333,"url":"http:\/\/7culture.ci\/wp-content\/uploads\/2022\/09\/WhatsApp-Image-2022-09-22-at-15.30.53.jpeg","type":"image\/jpeg"}],"author":"7culture2020","twitter_card":"summary_large_image","twitter_creator":"@7culturec","twitter_site":"@7culturec","twitter_misc":{"\u00c9crit par":"7culture2020","Dur\u00e9e de lecture estim\u00e9e":"2 minutes"},"schema":{"@context":"https:\/\/schema.org","@graph":[{"@type":"Article","@id":"https:\/\/7culture.ci\/index.php\/2022\/09\/23\/cote-divoire-la-journee-internationale-de-la-traduction-et-de-linterpretation-de-aura-lieu-ce-29-septembre\/#article","isPartOf":{"@id":"https:\/\/7culture.ci\/index.php\/2022\/09\/23\/cote-divoire-la-journee-internationale-de-la-traduction-et-de-linterpretation-de-aura-lieu-ce-29-septembre\/"},"author":{"name":"7culture2020","@id":"https:\/\/7culture.ci\/#\/schema\/person\/16150d28d7ef66ba788c1f87f28c4426"},"headline":"C\u00f4te d\u2019Ivoire\u00a0: La Journ\u00e9e Internationale de la Traduction et de l\u2019Interpr\u00e9tation aura lieu ce 29 septembre","datePublished":"2022-09-23T15:10:49+00:00","dateModified":"2022-09-24T11:53:35+00:00","mainEntityOfPage":{"@id":"https:\/\/7culture.ci\/index.php\/2022\/09\/23\/cote-divoire-la-journee-internationale-de-la-traduction-et-de-linterpretation-de-aura-lieu-ce-29-septembre\/"},"wordCount":411,"commentCount":0,"publisher":{"@id":"https:\/\/7culture.ci\/#organization"},"articleSection":["Actualit\u00e9"],"inLanguage":"fr-FR","potentialAction":[{"@type":"CommentAction","name":"Comment","target":["https:\/\/7culture.ci\/index.php\/2022\/09\/23\/cote-divoire-la-journee-internationale-de-la-traduction-et-de-linterpretation-de-aura-lieu-ce-29-septembre\/#respond"]}]},{"@type":"WebPage","@id":"https:\/\/7culture.ci\/index.php\/2022\/09\/23\/cote-divoire-la-journee-internationale-de-la-traduction-et-de-linterpretation-de-aura-lieu-ce-29-septembre\/","url":"https:\/\/7culture.ci\/index.php\/2022\/09\/23\/cote-divoire-la-journee-internationale-de-la-traduction-et-de-linterpretation-de-aura-lieu-ce-29-septembre\/","name":"C\u00f4te d\u2019Ivoire\u00a0: La Journ\u00e9e Internationale de la Traduction et de l\u2019Interpr\u00e9tation aura lieu ce 29 septembre -","isPartOf":{"@id":"https:\/\/7culture.ci\/#website"},"datePublished":"2022-09-23T15:10:49+00:00","dateModified":"2022-09-24T11:53:35+00:00","breadcrumb":{"@id":"https:\/\/7culture.ci\/index.php\/2022\/09\/23\/cote-divoire-la-journee-internationale-de-la-traduction-et-de-linterpretation-de-aura-lieu-ce-29-septembre\/#breadcrumb"},"inLanguage":"fr-FR","potentialAction":[{"@type":"ReadAction","target":["https:\/\/7culture.ci\/index.php\/2022\/09\/23\/cote-divoire-la-journee-internationale-de-la-traduction-et-de-linterpretation-de-aura-lieu-ce-29-septembre\/"]}]},{"@type":"BreadcrumbList","@id":"https:\/\/7culture.ci\/index.php\/2022\/09\/23\/cote-divoire-la-journee-internationale-de-la-traduction-et-de-linterpretation-de-aura-lieu-ce-29-septembre\/#breadcrumb","itemListElement":[{"@type":"ListItem","position":1,"name":"Accueil","item":"https:\/\/7culture.ci\/"},{"@type":"ListItem","position":2,"name":"C\u00f4te d\u2019Ivoire\u00a0: La Journ\u00e9e Internationale de la Traduction et de l\u2019Interpr\u00e9tation aura lieu ce 29 septembre"}]},{"@type":"WebSite","@id":"https:\/\/7culture.ci\/#website","url":"https:\/\/7culture.ci\/","name":"7culture","description":"Tout sur l&#039;actualit\u00e9","publisher":{"@id":"https:\/\/7culture.ci\/#organization"},"potentialAction":[{"@type":"SearchAction","target":{"@type":"EntryPoint","urlTemplate":"https:\/\/7culture.ci\/?s={search_term_string}"},"query-input":"required name=search_term_string"}],"inLanguage":"fr-FR"},{"@type":"Organization","@id":"https:\/\/7culture.ci\/#organization","name":"7culture","url":"https:\/\/7culture.ci\/","sameAs":["https:\/\/www.facebook.com\/redchefclaude","https:\/\/twitter.com\/7culturec"],"logo":{"@type":"ImageObject","inLanguage":"fr-FR","@id":"https:\/\/7culture.ci\/#\/schema\/logo\/image\/","url":"https:\/\/7culture.ci\/wp-content\/uploads\/2021\/12\/S1a-1.png","contentUrl":"https:\/\/7culture.ci\/wp-content\/uploads\/2021\/12\/S1a-1.png","width":588,"height":192,"caption":"7culture"},"image":{"@id":"https:\/\/7culture.ci\/#\/schema\/logo\/image\/"}},{"@type":"Person","@id":"https:\/\/7culture.ci\/#\/schema\/person\/16150d28d7ef66ba788c1f87f28c4426","name":"7culture2020","image":{"@type":"ImageObject","inLanguage":"fr-FR","@id":"https:\/\/7culture.ci\/#\/schema\/person\/image\/","url":"https:\/\/secure.gravatar.com\/avatar\/9a0784f951306c37bcd065f52844ef95?s=96&d=mm&r=g","contentUrl":"https:\/\/secure.gravatar.com\/avatar\/9a0784f951306c37bcd065f52844ef95?s=96&d=mm&r=g","caption":"7culture2020"},"sameAs":["http:\/\/7culture.ci","Claude.kipre"],"url":"https:\/\/7culture.ci\/index.php\/author\/7culture2020\/"}]}},"jetpack_featured_media_url":"https:\/\/7culture.ci\/wp-content\/uploads\/2022\/09\/WhatsApp-Image-2022-09-22-at-15.30.53.jpeg","jetpack_likes_enabled":true,"jetpack_sharing_enabled":true,"_links":{"self":[{"href":"https:\/\/7culture.ci\/index.php\/wp-json\/wp\/v2\/posts\/23992"}],"collection":[{"href":"https:\/\/7culture.ci\/index.php\/wp-json\/wp\/v2\/posts"}],"about":[{"href":"https:\/\/7culture.ci\/index.php\/wp-json\/wp\/v2\/types\/post"}],"author":[{"embeddable":true,"href":"https:\/\/7culture.ci\/index.php\/wp-json\/wp\/v2\/users\/1"}],"replies":[{"embeddable":true,"href":"https:\/\/7culture.ci\/index.php\/wp-json\/wp\/v2\/comments?post=23992"}],"version-history":[{"count":0,"href":"https:\/\/7culture.ci\/index.php\/wp-json\/wp\/v2\/posts\/23992\/revisions"}],"wp:featuredmedia":[{"embeddable":true,"href":"https:\/\/7culture.ci\/index.php\/wp-json\/wp\/v2\/media\/23994"}],"wp:attachment":[{"href":"https:\/\/7culture.ci\/index.php\/wp-json\/wp\/v2\/media?parent=23992"}],"wp:term":[{"taxonomy":"category","embeddable":true,"href":"https:\/\/7culture.ci\/index.php\/wp-json\/wp\/v2\/categories?post=23992"},{"taxonomy":"post_tag","embeddable":true,"href":"https:\/\/7culture.ci\/index.php\/wp-json\/wp\/v2\/tags?post=23992"}],"curies":[{"name":"wp","href":"https:\/\/api.w.org\/{rel}","templated":true}]}}