{"id":23982,"date":"2022-09-22T14:54:17","date_gmt":"2022-09-22T14:54:17","guid":{"rendered":"https:\/\/7culture.ci\/?p=23982"},"modified":"2022-09-23T15:13:10","modified_gmt":"2022-09-23T15:13:10","slug":"apres-la-polemique-la-danseuse-de-koffi-olomide-reagit-il-voulait-mencourager","status":"publish","type":"post","link":"https:\/\/7culture.ci\/index.php\/2022\/09\/22\/apres-la-polemique-la-danseuse-de-koffi-olomide-reagit-il-voulait-mencourager\/","title":{"rendered":"Apr\u00e8s la pol\u00e9mique, la danseuse de Koffi Olomid\u00e9 r\u00e9agit\u00a0: \u2018\u2019Il voulait m\u2019encourager\u2019\u2019"},"content":{"rendered":"\n<p>Accus\u00e9e de s\u2019\u00eatre laiss\u00e9e tripoter par son patron sans rien dire, Fatou, la danseuse de l\u2019artiste congolais Koffi Olomid\u00e9, est sortie de sa r\u00e9serve. Dans une vid\u00e9o publi\u00e9e sur le Meta, la jeune femme a justifi\u00e9 l\u2019acte pos\u00e9 par son boss comme \u00e9tant une simple erreur. Selon elle, le chanteur de 66 ans ne voulait aucunement lui manquer du respect \u00e0 travers ce geste, mais plut\u00f4t l\u2019encourager. &nbsp;<strong>\u00ab C\u2019\u00e9tait juste une erreur. Koffi Olomid\u00e9 voulait m\u2019encourager. Ce n\u2019est pas un acte volontaire pour me manquer de respect. Koffi Olomid\u00e9 est quelqu\u2019un que j\u2019admire beaucoup. Il ne peut pas me manquer de respect&nbsp;<\/strong>\u00bb, a-t-elle d\u00e9clar\u00e9 ce mercredi 21 septembre 2022.<\/p>\n\n\n\n<figure class=\"wp-block-gallery has-nested-images columns-default is-cropped wp-block-gallery-1 is-layout-flex wp-block-gallery-is-layout-flex\">\n<figure class=\"wp-block-image size-large\"><img loading=\"lazy\" decoding=\"async\" width=\"715\" height=\"894\" data-id=\"23989\" src=\"https:\/\/7culture.ci\/wp-content\/uploads\/2022\/09\/WhatsApp-Image-2022-09-22-at-11.27.12-1.jpeg\" alt=\"\" class=\"wp-image-23989\" srcset=\"https:\/\/7culture.ci\/wp-content\/uploads\/2022\/09\/WhatsApp-Image-2022-09-22-at-11.27.12-1.jpeg 715w, https:\/\/7culture.ci\/wp-content\/uploads\/2022\/09\/WhatsApp-Image-2022-09-22-at-11.27.12-1-240x300.jpeg 240w\" sizes=\"(max-width: 715px) 100vw, 715px\" \/><\/figure>\n\n\n\n<figure class=\"wp-block-image size-large\"><img loading=\"lazy\" decoding=\"async\" width=\"715\" height=\"715\" data-id=\"23988\" src=\"https:\/\/7culture.ci\/wp-content\/uploads\/2022\/09\/WhatsApp-Image-2022-09-22-at-11.27.13-1.jpeg\" alt=\"\" class=\"wp-image-23988\" srcset=\"https:\/\/7culture.ci\/wp-content\/uploads\/2022\/09\/WhatsApp-Image-2022-09-22-at-11.27.13-1.jpeg 715w, https:\/\/7culture.ci\/wp-content\/uploads\/2022\/09\/WhatsApp-Image-2022-09-22-at-11.27.13-1-300x300.jpeg 300w, https:\/\/7culture.ci\/wp-content\/uploads\/2022\/09\/WhatsApp-Image-2022-09-22-at-11.27.13-1-150x150.jpeg 150w, https:\/\/7culture.ci\/wp-content\/uploads\/2022\/09\/WhatsApp-Image-2022-09-22-at-11.27.13-1-65x65.jpeg 65w\" sizes=\"(max-width: 715px) 100vw, 715px\" \/><\/figure>\n<\/figure>\n\n\n\n<p>Pour rappel, l\u2019image sur laquelle on voit le Grand Mopao en train de toucher les fesses de sa danseuse avait cr\u00e9\u00e9 une grande pol\u00e9mique sur la toile au point de faire r\u00e9agir son ex danseuse Cindy le C\u0153ur. Dans un message post\u00e9, cette derni\u00e8re a demand\u00e9 pardon aux internautes qui ont \u00e9t\u00e9 touch\u00e9s par le comportement de son ancien boss. &nbsp;<strong>\u00ab&nbsp;Je demande pardon \u00e0 toutes les personnes touch\u00e9es par le comportement de Koffi. Ce genre de chose n\u2019arrivera plus jamais. Je vous donne ma parole. N\u2019oubliez pas, le buzz aussi existe&nbsp;! Si vous l\u2019aimez vraiment, vous devriez le soutenir&nbsp;\u00bb,<\/strong> a-t-elle souhait\u00e9. &nbsp;<\/p>\n\n\n\n<figure class=\"wp-block-image aligncenter size-full is-resized\"><img loading=\"lazy\" decoding=\"async\" src=\"http:\/\/7culture.ci\/wp-content\/uploads\/2022\/09\/WhatsApp-Image-2022-09-22-at-11.27.11-1.jpeg\" alt=\"\" class=\"wp-image-23990\" width=\"518\" height=\"555\" srcset=\"https:\/\/7culture.ci\/wp-content\/uploads\/2022\/09\/WhatsApp-Image-2022-09-22-at-11.27.11-1.jpeg 720w, https:\/\/7culture.ci\/wp-content\/uploads\/2022\/09\/WhatsApp-Image-2022-09-22-at-11.27.11-1-281x300.jpeg 281w\" sizes=\"(max-width: 518px) 100vw, 518px\" \/><figcaption>Le grand Mopao et Cindy Le coeur<\/figcaption><\/figure>\n\n\n\n<p>Thierry Samuel<\/p>\n","protected":false},"excerpt":{"rendered":"<p>Accus\u00e9e de s\u2019\u00eatre laiss\u00e9e tripoter par son patron sans rien dire, Fatou, la danseuse de l\u2019artiste congolais Koffi Olomid\u00e9, est sortie de sa r\u00e9serve. Dans une vid\u00e9o publi\u00e9e sur le Meta, la jeune femme a justifi\u00e9 l\u2019acte pos\u00e9 par son boss comme \u00e9tant une simple erreur. Selon elle, le chanteur de 66 ans ne voulait &hellip;<\/p>\n<p class=\"read-more\"> <a class=\"\" href=\"https:\/\/7culture.ci\/index.php\/2022\/09\/22\/apres-la-polemique-la-danseuse-de-koffi-olomide-reagit-il-voulait-mencourager\/\"> <span class=\"screen-reader-text\">Apr\u00e8s la pol\u00e9mique, la danseuse de Koffi Olomid\u00e9 r\u00e9agit\u00a0: \u2018\u2019Il voulait m\u2019encourager\u2019\u2019<\/span> Lire la suite\u00a0\u00bb<\/a><\/p>\n","protected":false},"author":1,"featured_media":23984,"comment_status":"open","ping_status":"open","sticky":false,"template":"","format":"standard","meta":{"_mi_skip_tracking":false,"_monsterinsights_sitenote_active":false,"_monsterinsights_sitenote_note":"","_monsterinsights_sitenote_category":0,"site-sidebar-layout":"default","site-content-layout":"default","ast-global-header-display":"","ast-main-header-display":"","ast-hfb-above-header-display":"","ast-hfb-below-header-display":"","ast-hfb-mobile-header-display":"","site-post-title":"","ast-breadcrumbs-content":"","ast-featured-img":"","footer-sml-layout":"","theme-transparent-header-meta":"","adv-header-id-meta":"","stick-header-meta":"","header-above-stick-meta":"","header-main-stick-meta":"","header-below-stick-meta":"","footnotes":"","jetpack_publicize_message":"","jetpack_is_tweetstorm":false,"jetpack_publicize_feature_enabled":true},"categories":[22],"tags":[],"jetpack_publicize_connections":[],"acf":[],"aioseo_notices":[],"yoast_head":"<!-- This site is optimized with the Yoast SEO plugin v19.6.1 - https:\/\/yoast.com\/wordpress\/plugins\/seo\/ -->\n<title>Apr\u00e8s la pol\u00e9mique, la danseuse de Koffi Olomid\u00e9 r\u00e9agit\u00a0: \u2018\u2019Il voulait m\u2019encourager\u2019\u2019 -<\/title>\n<meta name=\"robots\" content=\"index, follow, max-snippet:-1, max-image-preview:large, max-video-preview:-1\" \/>\n<link rel=\"canonical\" href=\"https:\/\/7culture.ci\/index.php\/2022\/09\/22\/apres-la-polemique-la-danseuse-de-koffi-olomide-reagit-il-voulait-mencourager\/\" \/>\n<meta property=\"og:locale\" content=\"fr_FR\" \/>\n<meta property=\"og:type\" content=\"article\" \/>\n<meta property=\"og:title\" content=\"Apr\u00e8s la pol\u00e9mique, la danseuse de Koffi Olomid\u00e9 r\u00e9agit\u00a0: \u2018\u2019Il voulait m\u2019encourager\u2019\u2019 -\" \/>\n<meta property=\"og:description\" content=\"Accus\u00e9e de s\u2019\u00eatre laiss\u00e9e tripoter par son patron sans rien dire, Fatou, la danseuse de l\u2019artiste congolais Koffi Olomid\u00e9, est sortie de sa r\u00e9serve. Dans une vid\u00e9o publi\u00e9e sur le Meta, la jeune femme a justifi\u00e9 l\u2019acte pos\u00e9 par son boss comme \u00e9tant une simple erreur. Selon elle, le chanteur de 66 ans ne voulait &hellip; Apr\u00e8s la pol\u00e9mique, la danseuse de Koffi Olomid\u00e9 r\u00e9agit\u00a0: \u2018\u2019Il voulait m\u2019encourager\u2019\u2019 Lire la suite\u00a0\u00bb\" \/>\n<meta property=\"og:url\" content=\"https:\/\/7culture.ci\/index.php\/2022\/09\/22\/apres-la-polemique-la-danseuse-de-koffi-olomide-reagit-il-voulait-mencourager\/\" \/>\n<meta property=\"og:site_name\" content=\"7culture\" \/>\n<meta property=\"article:publisher\" content=\"https:\/\/www.facebook.com\/redchefclaude\" \/>\n<meta property=\"article:published_time\" content=\"2022-09-22T14:54:17+00:00\" \/>\n<meta property=\"article:modified_time\" content=\"2022-09-23T15:13:10+00:00\" \/>\n<meta property=\"og:image\" content=\"http:\/\/7culture.ci\/wp-content\/uploads\/2022\/09\/WhatsApp-Image-2022-09-22-at-11.27.12.jpeg\" \/>\n\t<meta property=\"og:image:width\" content=\"543\" \/>\n\t<meta property=\"og:image:height\" content=\"556\" \/>\n\t<meta property=\"og:image:type\" content=\"image\/jpeg\" \/>\n<meta name=\"author\" content=\"7culture2020\" \/>\n<meta name=\"twitter:card\" content=\"summary_large_image\" \/>\n<meta name=\"twitter:creator\" content=\"@7culturec\" \/>\n<meta name=\"twitter:site\" content=\"@7culturec\" \/>\n<meta name=\"twitter:label1\" content=\"\u00c9crit par\" \/>\n\t<meta name=\"twitter:data1\" content=\"7culture2020\" \/>\n\t<meta name=\"twitter:label2\" content=\"Dur\u00e9e de lecture estim\u00e9e\" \/>\n\t<meta name=\"twitter:data2\" content=\"1 minute\" \/>\n<script type=\"application\/ld+json\" class=\"yoast-schema-graph\">{\"@context\":\"https:\/\/schema.org\",\"@graph\":[{\"@type\":\"Article\",\"@id\":\"https:\/\/7culture.ci\/index.php\/2022\/09\/22\/apres-la-polemique-la-danseuse-de-koffi-olomide-reagit-il-voulait-mencourager\/#article\",\"isPartOf\":{\"@id\":\"https:\/\/7culture.ci\/index.php\/2022\/09\/22\/apres-la-polemique-la-danseuse-de-koffi-olomide-reagit-il-voulait-mencourager\/\"},\"author\":{\"name\":\"7culture2020\",\"@id\":\"https:\/\/7culture.ci\/#\/schema\/person\/16150d28d7ef66ba788c1f87f28c4426\"},\"headline\":\"Apr\u00e8s la pol\u00e9mique, la danseuse de Koffi Olomid\u00e9 r\u00e9agit\u00a0: \u2018\u2019Il voulait m\u2019encourager\u2019\u2019\",\"datePublished\":\"2022-09-22T14:54:17+00:00\",\"dateModified\":\"2022-09-23T15:13:10+00:00\",\"mainEntityOfPage\":{\"@id\":\"https:\/\/7culture.ci\/index.php\/2022\/09\/22\/apres-la-polemique-la-danseuse-de-koffi-olomide-reagit-il-voulait-mencourager\/\"},\"wordCount\":262,\"commentCount\":0,\"publisher\":{\"@id\":\"https:\/\/7culture.ci\/#organization\"},\"articleSection\":[\"Actualit\u00e9\"],\"inLanguage\":\"fr-FR\",\"potentialAction\":[{\"@type\":\"CommentAction\",\"name\":\"Comment\",\"target\":[\"https:\/\/7culture.ci\/index.php\/2022\/09\/22\/apres-la-polemique-la-danseuse-de-koffi-olomide-reagit-il-voulait-mencourager\/#respond\"]}]},{\"@type\":\"WebPage\",\"@id\":\"https:\/\/7culture.ci\/index.php\/2022\/09\/22\/apres-la-polemique-la-danseuse-de-koffi-olomide-reagit-il-voulait-mencourager\/\",\"url\":\"https:\/\/7culture.ci\/index.php\/2022\/09\/22\/apres-la-polemique-la-danseuse-de-koffi-olomide-reagit-il-voulait-mencourager\/\",\"name\":\"Apr\u00e8s la pol\u00e9mique, la danseuse de Koffi Olomid\u00e9 r\u00e9agit\u00a0: \u2018\u2019Il voulait m\u2019encourager\u2019\u2019 -\",\"isPartOf\":{\"@id\":\"https:\/\/7culture.ci\/#website\"},\"datePublished\":\"2022-09-22T14:54:17+00:00\",\"dateModified\":\"2022-09-23T15:13:10+00:00\",\"breadcrumb\":{\"@id\":\"https:\/\/7culture.ci\/index.php\/2022\/09\/22\/apres-la-polemique-la-danseuse-de-koffi-olomide-reagit-il-voulait-mencourager\/#breadcrumb\"},\"inLanguage\":\"fr-FR\",\"potentialAction\":[{\"@type\":\"ReadAction\",\"target\":[\"https:\/\/7culture.ci\/index.php\/2022\/09\/22\/apres-la-polemique-la-danseuse-de-koffi-olomide-reagit-il-voulait-mencourager\/\"]}]},{\"@type\":\"BreadcrumbList\",\"@id\":\"https:\/\/7culture.ci\/index.php\/2022\/09\/22\/apres-la-polemique-la-danseuse-de-koffi-olomide-reagit-il-voulait-mencourager\/#breadcrumb\",\"itemListElement\":[{\"@type\":\"ListItem\",\"position\":1,\"name\":\"Accueil\",\"item\":\"https:\/\/7culture.ci\/\"},{\"@type\":\"ListItem\",\"position\":2,\"name\":\"Apr\u00e8s la pol\u00e9mique, la danseuse de Koffi Olomid\u00e9 r\u00e9agit\u00a0: \u2018\u2019Il voulait m\u2019encourager\u2019\u2019\"}]},{\"@type\":\"WebSite\",\"@id\":\"https:\/\/7culture.ci\/#website\",\"url\":\"https:\/\/7culture.ci\/\",\"name\":\"7culture\",\"description\":\"Tout sur l&#039;actualit\u00e9\",\"publisher\":{\"@id\":\"https:\/\/7culture.ci\/#organization\"},\"potentialAction\":[{\"@type\":\"SearchAction\",\"target\":{\"@type\":\"EntryPoint\",\"urlTemplate\":\"https:\/\/7culture.ci\/?s={search_term_string}\"},\"query-input\":\"required name=search_term_string\"}],\"inLanguage\":\"fr-FR\"},{\"@type\":\"Organization\",\"@id\":\"https:\/\/7culture.ci\/#organization\",\"name\":\"7culture\",\"url\":\"https:\/\/7culture.ci\/\",\"sameAs\":[\"https:\/\/www.facebook.com\/redchefclaude\",\"https:\/\/twitter.com\/7culturec\"],\"logo\":{\"@type\":\"ImageObject\",\"inLanguage\":\"fr-FR\",\"@id\":\"https:\/\/7culture.ci\/#\/schema\/logo\/image\/\",\"url\":\"https:\/\/7culture.ci\/wp-content\/uploads\/2021\/12\/S1a-1.png\",\"contentUrl\":\"https:\/\/7culture.ci\/wp-content\/uploads\/2021\/12\/S1a-1.png\",\"width\":588,\"height\":192,\"caption\":\"7culture\"},\"image\":{\"@id\":\"https:\/\/7culture.ci\/#\/schema\/logo\/image\/\"}},{\"@type\":\"Person\",\"@id\":\"https:\/\/7culture.ci\/#\/schema\/person\/16150d28d7ef66ba788c1f87f28c4426\",\"name\":\"7culture2020\",\"image\":{\"@type\":\"ImageObject\",\"inLanguage\":\"fr-FR\",\"@id\":\"https:\/\/7culture.ci\/#\/schema\/person\/image\/\",\"url\":\"https:\/\/secure.gravatar.com\/avatar\/9a0784f951306c37bcd065f52844ef95?s=96&d=mm&r=g\",\"contentUrl\":\"https:\/\/secure.gravatar.com\/avatar\/9a0784f951306c37bcd065f52844ef95?s=96&d=mm&r=g\",\"caption\":\"7culture2020\"},\"sameAs\":[\"http:\/\/7culture.ci\",\"Claude.kipre\"],\"url\":\"https:\/\/7culture.ci\/index.php\/author\/7culture2020\/\"}]}<\/script>\n<!-- \/ Yoast SEO plugin. -->","yoast_head_json":{"title":"Apr\u00e8s la pol\u00e9mique, la danseuse de Koffi Olomid\u00e9 r\u00e9agit\u00a0: \u2018\u2019Il voulait m\u2019encourager\u2019\u2019 -","robots":{"index":"index","follow":"follow","max-snippet":"max-snippet:-1","max-image-preview":"max-image-preview:large","max-video-preview":"max-video-preview:-1"},"canonical":"https:\/\/7culture.ci\/index.php\/2022\/09\/22\/apres-la-polemique-la-danseuse-de-koffi-olomide-reagit-il-voulait-mencourager\/","og_locale":"fr_FR","og_type":"article","og_title":"Apr\u00e8s la pol\u00e9mique, la danseuse de Koffi Olomid\u00e9 r\u00e9agit\u00a0: \u2018\u2019Il voulait m\u2019encourager\u2019\u2019 -","og_description":"Accus\u00e9e de s\u2019\u00eatre laiss\u00e9e tripoter par son patron sans rien dire, Fatou, la danseuse de l\u2019artiste congolais Koffi Olomid\u00e9, est sortie de sa r\u00e9serve. Dans une vid\u00e9o publi\u00e9e sur le Meta, la jeune femme a justifi\u00e9 l\u2019acte pos\u00e9 par son boss comme \u00e9tant une simple erreur. Selon elle, le chanteur de 66 ans ne voulait &hellip; Apr\u00e8s la pol\u00e9mique, la danseuse de Koffi Olomid\u00e9 r\u00e9agit\u00a0: \u2018\u2019Il voulait m\u2019encourager\u2019\u2019 Lire la suite\u00a0\u00bb","og_url":"https:\/\/7culture.ci\/index.php\/2022\/09\/22\/apres-la-polemique-la-danseuse-de-koffi-olomide-reagit-il-voulait-mencourager\/","og_site_name":"7culture","article_publisher":"https:\/\/www.facebook.com\/redchefclaude","article_published_time":"2022-09-22T14:54:17+00:00","article_modified_time":"2022-09-23T15:13:10+00:00","og_image":[{"width":543,"height":556,"url":"http:\/\/7culture.ci\/wp-content\/uploads\/2022\/09\/WhatsApp-Image-2022-09-22-at-11.27.12.jpeg","type":"image\/jpeg"}],"author":"7culture2020","twitter_card":"summary_large_image","twitter_creator":"@7culturec","twitter_site":"@7culturec","twitter_misc":{"\u00c9crit par":"7culture2020","Dur\u00e9e de lecture estim\u00e9e":"1 minute"},"schema":{"@context":"https:\/\/schema.org","@graph":[{"@type":"Article","@id":"https:\/\/7culture.ci\/index.php\/2022\/09\/22\/apres-la-polemique-la-danseuse-de-koffi-olomide-reagit-il-voulait-mencourager\/#article","isPartOf":{"@id":"https:\/\/7culture.ci\/index.php\/2022\/09\/22\/apres-la-polemique-la-danseuse-de-koffi-olomide-reagit-il-voulait-mencourager\/"},"author":{"name":"7culture2020","@id":"https:\/\/7culture.ci\/#\/schema\/person\/16150d28d7ef66ba788c1f87f28c4426"},"headline":"Apr\u00e8s la pol\u00e9mique, la danseuse de Koffi Olomid\u00e9 r\u00e9agit\u00a0: \u2018\u2019Il voulait m\u2019encourager\u2019\u2019","datePublished":"2022-09-22T14:54:17+00:00","dateModified":"2022-09-23T15:13:10+00:00","mainEntityOfPage":{"@id":"https:\/\/7culture.ci\/index.php\/2022\/09\/22\/apres-la-polemique-la-danseuse-de-koffi-olomide-reagit-il-voulait-mencourager\/"},"wordCount":262,"commentCount":0,"publisher":{"@id":"https:\/\/7culture.ci\/#organization"},"articleSection":["Actualit\u00e9"],"inLanguage":"fr-FR","potentialAction":[{"@type":"CommentAction","name":"Comment","target":["https:\/\/7culture.ci\/index.php\/2022\/09\/22\/apres-la-polemique-la-danseuse-de-koffi-olomide-reagit-il-voulait-mencourager\/#respond"]}]},{"@type":"WebPage","@id":"https:\/\/7culture.ci\/index.php\/2022\/09\/22\/apres-la-polemique-la-danseuse-de-koffi-olomide-reagit-il-voulait-mencourager\/","url":"https:\/\/7culture.ci\/index.php\/2022\/09\/22\/apres-la-polemique-la-danseuse-de-koffi-olomide-reagit-il-voulait-mencourager\/","name":"Apr\u00e8s la pol\u00e9mique, la danseuse de Koffi Olomid\u00e9 r\u00e9agit\u00a0: \u2018\u2019Il voulait m\u2019encourager\u2019\u2019 -","isPartOf":{"@id":"https:\/\/7culture.ci\/#website"},"datePublished":"2022-09-22T14:54:17+00:00","dateModified":"2022-09-23T15:13:10+00:00","breadcrumb":{"@id":"https:\/\/7culture.ci\/index.php\/2022\/09\/22\/apres-la-polemique-la-danseuse-de-koffi-olomide-reagit-il-voulait-mencourager\/#breadcrumb"},"inLanguage":"fr-FR","potentialAction":[{"@type":"ReadAction","target":["https:\/\/7culture.ci\/index.php\/2022\/09\/22\/apres-la-polemique-la-danseuse-de-koffi-olomide-reagit-il-voulait-mencourager\/"]}]},{"@type":"BreadcrumbList","@id":"https:\/\/7culture.ci\/index.php\/2022\/09\/22\/apres-la-polemique-la-danseuse-de-koffi-olomide-reagit-il-voulait-mencourager\/#breadcrumb","itemListElement":[{"@type":"ListItem","position":1,"name":"Accueil","item":"https:\/\/7culture.ci\/"},{"@type":"ListItem","position":2,"name":"Apr\u00e8s la pol\u00e9mique, la danseuse de Koffi Olomid\u00e9 r\u00e9agit\u00a0: \u2018\u2019Il voulait m\u2019encourager\u2019\u2019"}]},{"@type":"WebSite","@id":"https:\/\/7culture.ci\/#website","url":"https:\/\/7culture.ci\/","name":"7culture","description":"Tout sur l&#039;actualit\u00e9","publisher":{"@id":"https:\/\/7culture.ci\/#organization"},"potentialAction":[{"@type":"SearchAction","target":{"@type":"EntryPoint","urlTemplate":"https:\/\/7culture.ci\/?s={search_term_string}"},"query-input":"required name=search_term_string"}],"inLanguage":"fr-FR"},{"@type":"Organization","@id":"https:\/\/7culture.ci\/#organization","name":"7culture","url":"https:\/\/7culture.ci\/","sameAs":["https:\/\/www.facebook.com\/redchefclaude","https:\/\/twitter.com\/7culturec"],"logo":{"@type":"ImageObject","inLanguage":"fr-FR","@id":"https:\/\/7culture.ci\/#\/schema\/logo\/image\/","url":"https:\/\/7culture.ci\/wp-content\/uploads\/2021\/12\/S1a-1.png","contentUrl":"https:\/\/7culture.ci\/wp-content\/uploads\/2021\/12\/S1a-1.png","width":588,"height":192,"caption":"7culture"},"image":{"@id":"https:\/\/7culture.ci\/#\/schema\/logo\/image\/"}},{"@type":"Person","@id":"https:\/\/7culture.ci\/#\/schema\/person\/16150d28d7ef66ba788c1f87f28c4426","name":"7culture2020","image":{"@type":"ImageObject","inLanguage":"fr-FR","@id":"https:\/\/7culture.ci\/#\/schema\/person\/image\/","url":"https:\/\/secure.gravatar.com\/avatar\/9a0784f951306c37bcd065f52844ef95?s=96&d=mm&r=g","contentUrl":"https:\/\/secure.gravatar.com\/avatar\/9a0784f951306c37bcd065f52844ef95?s=96&d=mm&r=g","caption":"7culture2020"},"sameAs":["http:\/\/7culture.ci","Claude.kipre"],"url":"https:\/\/7culture.ci\/index.php\/author\/7culture2020\/"}]}},"jetpack_featured_media_url":"https:\/\/7culture.ci\/wp-content\/uploads\/2022\/09\/WhatsApp-Image-2022-09-22-at-11.27.12.jpeg","jetpack_likes_enabled":true,"jetpack_sharing_enabled":true,"_links":{"self":[{"href":"https:\/\/7culture.ci\/index.php\/wp-json\/wp\/v2\/posts\/23982"}],"collection":[{"href":"https:\/\/7culture.ci\/index.php\/wp-json\/wp\/v2\/posts"}],"about":[{"href":"https:\/\/7culture.ci\/index.php\/wp-json\/wp\/v2\/types\/post"}],"author":[{"embeddable":true,"href":"https:\/\/7culture.ci\/index.php\/wp-json\/wp\/v2\/users\/1"}],"replies":[{"embeddable":true,"href":"https:\/\/7culture.ci\/index.php\/wp-json\/wp\/v2\/comments?post=23982"}],"version-history":[{"count":0,"href":"https:\/\/7culture.ci\/index.php\/wp-json\/wp\/v2\/posts\/23982\/revisions"}],"wp:featuredmedia":[{"embeddable":true,"href":"https:\/\/7culture.ci\/index.php\/wp-json\/wp\/v2\/media\/23984"}],"wp:attachment":[{"href":"https:\/\/7culture.ci\/index.php\/wp-json\/wp\/v2\/media?parent=23982"}],"wp:term":[{"taxonomy":"category","embeddable":true,"href":"https:\/\/7culture.ci\/index.php\/wp-json\/wp\/v2\/categories?post=23982"},{"taxonomy":"post_tag","embeddable":true,"href":"https:\/\/7culture.ci\/index.php\/wp-json\/wp\/v2\/tags?post=23982"}],"curies":[{"name":"wp","href":"https:\/\/api.w.org\/{rel}","templated":true}]}}