{"id":23975,"date":"2022-09-21T15:32:27","date_gmt":"2022-09-21T15:32:27","guid":{"rendered":"https:\/\/7culture.ci\/?p=23975"},"modified":"2022-09-22T14:55:58","modified_gmt":"2022-09-22T14:55:58","slug":"arts-plastiques-lartiste-ivoirien-willow-evann-exposera-pour-la-premiere-fois-a-paris","status":"publish","type":"post","link":"https:\/\/7culture.ci\/index.php\/2022\/09\/21\/arts-plastiques-lartiste-ivoirien-willow-evann-exposera-pour-la-premiere-fois-a-paris\/","title":{"rendered":"Arts plastiques\u00a0: L\u2019artiste ivoirien Willow Evann exposera pour la premi\u00e8re fois \u00e0 Paris"},"content":{"rendered":"\n<p>L\u2019artiste plasticien franco-ivoirien, Willow Evann, exposera pour la premi\u00e8re fois ses \u0153uvres d\u2019art africain sous format Non-Fungible Token (NFT), du 21 au 23 octobre 2022, au Carreau du Temple \u00e0 Paris avec le collectif de cr\u00e9ateurs francophones, Neuvi\u00e8me Toit et AKAA (Also Known As Africa, foire d\u2019art contemporain d\u00e9di\u00e9 aux sc\u00e8nes artistiques d\u2019Afrique). Ce projet s\u2019inscrit dans le cadre de la programmation artistique d\u2019AKAA 2022. Il prendra la forme d\u2019une proposition artistique immersive, avec des supports physiques tels que les tablettes en bois, tapis en laine et num\u00e9riques comme le NFT, r\u00e9alit\u00e9 virtuelle (VR) et la r\u00e9alit\u00e9 augment\u00e9e (AR).<\/p>\n\n\n\n<p>Pour cette premi\u00e8re \u00e9dition, Neuvi\u00e8me Toit exposera les \u0153uvres de l\u2019artiste franco-ivoirien Willow Evann, en collaboration avec la galerie 31 Project Paris ainsi que les agences NFT4All et Makom, avec une proposition artistique immersive conjuguant \u00e0 la fois la perception du monde r\u00e9el et son miroir virtuel. Trois \u0153uvres physiques seront propos\u00e9es par Willow Evann \u00e0 savoir \u2018\u2019Google Noir\u2019\u2019, \u2018\u2019Tiraill\u00e9s\u2019\u2019 et \u2018\u2019Zaouli\u2019\u2019 sur un espace qui abritera \u00e9galement leurs d\u00e9clinaisons en r\u00e9alit\u00e9 virtuelle (VR) et augment\u00e9e (AR).<\/p>\n\n\n\n<figure class=\"wp-block-image aligncenter size-large is-resized\"><img loading=\"lazy\" decoding=\"async\" src=\"https:\/\/7culture.ci\/wp-content\/uploads\/2022\/09\/google-noir-1009x1024.png\" alt=\"\" class=\"wp-image-23978\" width=\"543\" height=\"551\" srcset=\"https:\/\/7culture.ci\/wp-content\/uploads\/2022\/09\/google-noir-1009x1024.png 1009w, https:\/\/7culture.ci\/wp-content\/uploads\/2022\/09\/google-noir-296x300.png 296w, https:\/\/7culture.ci\/wp-content\/uploads\/2022\/09\/google-noir-768x779.png 768w, https:\/\/7culture.ci\/wp-content\/uploads\/2022\/09\/google-noir-65x65.png 65w, https:\/\/7culture.ci\/wp-content\/uploads\/2022\/09\/google-noir.png 1024w\" sizes=\"(max-width: 543px) 100vw, 543px\" \/><\/figure>\n\n\n\n<p>Neuvi\u00e8me Toit et AKAA organiseront le 21 octobre prochain, dans le cadre des rencontres AKAA, une table ronde \u00e0 laquelle interviendront l\u2019artiste Willow Evann et Fr\u00e9d\u00e9ric Jonchet, associ\u00e9 fondateur de NFT4ALL et directeur associ\u00e9 de Makom sur le th\u00e8me, <em>\u00ab&nbsp;Entre promesses et r\u00e9alisations concr\u00e8tes : comment l\u2019art africain peut-il capitaliser sur l\u2019innovation des NFT.&nbsp;\u00bb<\/em>Une conf\u00e9rence de presse se tiendra \u00e9galement ce 22 septembre afin de pr\u00e9senter les derni\u00e8res avanc\u00e9es de ce projet in\u00e9dit.<\/p>\n\n\n\n<p>Thierry Samuel<\/p>\n","protected":false},"excerpt":{"rendered":"<p>L\u2019artiste plasticien franco-ivoirien, Willow Evann, exposera pour la premi\u00e8re fois ses \u0153uvres d\u2019art africain sous format Non-Fungible Token (NFT), du 21 au 23 octobre 2022, au Carreau du Temple \u00e0 Paris avec le collectif de cr\u00e9ateurs francophones, Neuvi\u00e8me Toit et AKAA (Also Known As Africa, foire d\u2019art contemporain d\u00e9di\u00e9 aux sc\u00e8nes artistiques d\u2019Afrique). Ce projet &hellip;<\/p>\n<p class=\"read-more\"> <a class=\"\" href=\"https:\/\/7culture.ci\/index.php\/2022\/09\/21\/arts-plastiques-lartiste-ivoirien-willow-evann-exposera-pour-la-premiere-fois-a-paris\/\"> <span class=\"screen-reader-text\">Arts plastiques\u00a0: L\u2019artiste ivoirien Willow Evann exposera pour la premi\u00e8re fois \u00e0 Paris<\/span> Lire la suite\u00a0\u00bb<\/a><\/p>\n","protected":false},"author":1,"featured_media":23977,"comment_status":"open","ping_status":"open","sticky":false,"template":"","format":"standard","meta":{"_mi_skip_tracking":false,"_monsterinsights_sitenote_active":false,"_monsterinsights_sitenote_note":"","_monsterinsights_sitenote_category":0,"site-sidebar-layout":"default","site-content-layout":"default","ast-global-header-display":"","ast-main-header-display":"","ast-hfb-above-header-display":"","ast-hfb-below-header-display":"","ast-hfb-mobile-header-display":"","site-post-title":"","ast-breadcrumbs-content":"","ast-featured-img":"","footer-sml-layout":"","theme-transparent-header-meta":"","adv-header-id-meta":"","stick-header-meta":"","header-above-stick-meta":"","header-main-stick-meta":"","header-below-stick-meta":"","footnotes":"","jetpack_publicize_message":"","jetpack_is_tweetstorm":false,"jetpack_publicize_feature_enabled":true},"categories":[22],"tags":[],"jetpack_publicize_connections":[],"acf":[],"aioseo_notices":[],"yoast_head":"<!-- This site is optimized with the Yoast SEO plugin v19.6.1 - https:\/\/yoast.com\/wordpress\/plugins\/seo\/ -->\n<title>Arts plastiques\u00a0: L\u2019artiste ivoirien Willow Evann exposera pour la premi\u00e8re fois \u00e0 Paris -<\/title>\n<meta name=\"robots\" content=\"index, follow, max-snippet:-1, max-image-preview:large, max-video-preview:-1\" \/>\n<link rel=\"canonical\" href=\"https:\/\/7culture.ci\/index.php\/2022\/09\/21\/arts-plastiques-lartiste-ivoirien-willow-evann-exposera-pour-la-premiere-fois-a-paris\/\" \/>\n<meta property=\"og:locale\" content=\"fr_FR\" \/>\n<meta property=\"og:type\" content=\"article\" \/>\n<meta property=\"og:title\" content=\"Arts plastiques\u00a0: L\u2019artiste ivoirien Willow Evann exposera pour la premi\u00e8re fois \u00e0 Paris -\" \/>\n<meta property=\"og:description\" content=\"L\u2019artiste plasticien franco-ivoirien, Willow Evann, exposera pour la premi\u00e8re fois ses \u0153uvres d\u2019art africain sous format Non-Fungible Token (NFT), du 21 au 23 octobre 2022, au Carreau du Temple \u00e0 Paris avec le collectif de cr\u00e9ateurs francophones, Neuvi\u00e8me Toit et AKAA (Also Known As Africa, foire d\u2019art contemporain d\u00e9di\u00e9 aux sc\u00e8nes artistiques d\u2019Afrique). Ce projet &hellip; Arts plastiques\u00a0: L\u2019artiste ivoirien Willow Evann exposera pour la premi\u00e8re fois \u00e0 Paris Lire la suite\u00a0\u00bb\" \/>\n<meta property=\"og:url\" content=\"https:\/\/7culture.ci\/index.php\/2022\/09\/21\/arts-plastiques-lartiste-ivoirien-willow-evann-exposera-pour-la-premiere-fois-a-paris\/\" \/>\n<meta property=\"og:site_name\" content=\"7culture\" \/>\n<meta property=\"article:publisher\" content=\"https:\/\/www.facebook.com\/redchefclaude\" \/>\n<meta property=\"article:published_time\" content=\"2022-09-21T15:32:27+00:00\" \/>\n<meta property=\"article:modified_time\" content=\"2022-09-22T14:55:58+00:00\" \/>\n<meta property=\"og:image\" content=\"http:\/\/7culture.ci\/wp-content\/uploads\/2022\/09\/WhatsApp-Image-2022-09-21-at-10.52.30.jpeg\" \/>\n\t<meta property=\"og:image:width\" content=\"706\" \/>\n\t<meta property=\"og:image:height\" content=\"534\" \/>\n\t<meta property=\"og:image:type\" content=\"image\/jpeg\" \/>\n<meta name=\"author\" content=\"7culture2020\" \/>\n<meta name=\"twitter:card\" content=\"summary_large_image\" \/>\n<meta name=\"twitter:creator\" content=\"@7culturec\" \/>\n<meta name=\"twitter:site\" content=\"@7culturec\" \/>\n<meta name=\"twitter:label1\" content=\"\u00c9crit par\" \/>\n\t<meta name=\"twitter:data1\" content=\"7culture2020\" \/>\n\t<meta name=\"twitter:label2\" content=\"Dur\u00e9e de lecture estim\u00e9e\" \/>\n\t<meta name=\"twitter:data2\" content=\"1 minute\" \/>\n<script type=\"application\/ld+json\" class=\"yoast-schema-graph\">{\"@context\":\"https:\/\/schema.org\",\"@graph\":[{\"@type\":\"Article\",\"@id\":\"https:\/\/7culture.ci\/index.php\/2022\/09\/21\/arts-plastiques-lartiste-ivoirien-willow-evann-exposera-pour-la-premiere-fois-a-paris\/#article\",\"isPartOf\":{\"@id\":\"https:\/\/7culture.ci\/index.php\/2022\/09\/21\/arts-plastiques-lartiste-ivoirien-willow-evann-exposera-pour-la-premiere-fois-a-paris\/\"},\"author\":{\"name\":\"7culture2020\",\"@id\":\"https:\/\/7culture.ci\/#\/schema\/person\/16150d28d7ef66ba788c1f87f28c4426\"},\"headline\":\"Arts plastiques\u00a0: L\u2019artiste ivoirien Willow Evann exposera pour la premi\u00e8re fois \u00e0 Paris\",\"datePublished\":\"2022-09-21T15:32:27+00:00\",\"dateModified\":\"2022-09-22T14:55:58+00:00\",\"mainEntityOfPage\":{\"@id\":\"https:\/\/7culture.ci\/index.php\/2022\/09\/21\/arts-plastiques-lartiste-ivoirien-willow-evann-exposera-pour-la-premiere-fois-a-paris\/\"},\"wordCount\":297,\"commentCount\":0,\"publisher\":{\"@id\":\"https:\/\/7culture.ci\/#organization\"},\"articleSection\":[\"Actualit\u00e9\"],\"inLanguage\":\"fr-FR\",\"potentialAction\":[{\"@type\":\"CommentAction\",\"name\":\"Comment\",\"target\":[\"https:\/\/7culture.ci\/index.php\/2022\/09\/21\/arts-plastiques-lartiste-ivoirien-willow-evann-exposera-pour-la-premiere-fois-a-paris\/#respond\"]}]},{\"@type\":\"WebPage\",\"@id\":\"https:\/\/7culture.ci\/index.php\/2022\/09\/21\/arts-plastiques-lartiste-ivoirien-willow-evann-exposera-pour-la-premiere-fois-a-paris\/\",\"url\":\"https:\/\/7culture.ci\/index.php\/2022\/09\/21\/arts-plastiques-lartiste-ivoirien-willow-evann-exposera-pour-la-premiere-fois-a-paris\/\",\"name\":\"Arts plastiques\u00a0: L\u2019artiste ivoirien Willow Evann exposera pour la premi\u00e8re fois \u00e0 Paris -\",\"isPartOf\":{\"@id\":\"https:\/\/7culture.ci\/#website\"},\"datePublished\":\"2022-09-21T15:32:27+00:00\",\"dateModified\":\"2022-09-22T14:55:58+00:00\",\"breadcrumb\":{\"@id\":\"https:\/\/7culture.ci\/index.php\/2022\/09\/21\/arts-plastiques-lartiste-ivoirien-willow-evann-exposera-pour-la-premiere-fois-a-paris\/#breadcrumb\"},\"inLanguage\":\"fr-FR\",\"potentialAction\":[{\"@type\":\"ReadAction\",\"target\":[\"https:\/\/7culture.ci\/index.php\/2022\/09\/21\/arts-plastiques-lartiste-ivoirien-willow-evann-exposera-pour-la-premiere-fois-a-paris\/\"]}]},{\"@type\":\"BreadcrumbList\",\"@id\":\"https:\/\/7culture.ci\/index.php\/2022\/09\/21\/arts-plastiques-lartiste-ivoirien-willow-evann-exposera-pour-la-premiere-fois-a-paris\/#breadcrumb\",\"itemListElement\":[{\"@type\":\"ListItem\",\"position\":1,\"name\":\"Accueil\",\"item\":\"https:\/\/7culture.ci\/\"},{\"@type\":\"ListItem\",\"position\":2,\"name\":\"Arts plastiques\u00a0: L\u2019artiste ivoirien Willow Evann exposera pour la premi\u00e8re fois \u00e0 Paris\"}]},{\"@type\":\"WebSite\",\"@id\":\"https:\/\/7culture.ci\/#website\",\"url\":\"https:\/\/7culture.ci\/\",\"name\":\"7culture\",\"description\":\"Tout sur l&#039;actualit\u00e9\",\"publisher\":{\"@id\":\"https:\/\/7culture.ci\/#organization\"},\"potentialAction\":[{\"@type\":\"SearchAction\",\"target\":{\"@type\":\"EntryPoint\",\"urlTemplate\":\"https:\/\/7culture.ci\/?s={search_term_string}\"},\"query-input\":\"required name=search_term_string\"}],\"inLanguage\":\"fr-FR\"},{\"@type\":\"Organization\",\"@id\":\"https:\/\/7culture.ci\/#organization\",\"name\":\"7culture\",\"url\":\"https:\/\/7culture.ci\/\",\"sameAs\":[\"https:\/\/www.facebook.com\/redchefclaude\",\"https:\/\/twitter.com\/7culturec\"],\"logo\":{\"@type\":\"ImageObject\",\"inLanguage\":\"fr-FR\",\"@id\":\"https:\/\/7culture.ci\/#\/schema\/logo\/image\/\",\"url\":\"https:\/\/7culture.ci\/wp-content\/uploads\/2021\/12\/S1a-1.png\",\"contentUrl\":\"https:\/\/7culture.ci\/wp-content\/uploads\/2021\/12\/S1a-1.png\",\"width\":588,\"height\":192,\"caption\":\"7culture\"},\"image\":{\"@id\":\"https:\/\/7culture.ci\/#\/schema\/logo\/image\/\"}},{\"@type\":\"Person\",\"@id\":\"https:\/\/7culture.ci\/#\/schema\/person\/16150d28d7ef66ba788c1f87f28c4426\",\"name\":\"7culture2020\",\"image\":{\"@type\":\"ImageObject\",\"inLanguage\":\"fr-FR\",\"@id\":\"https:\/\/7culture.ci\/#\/schema\/person\/image\/\",\"url\":\"https:\/\/secure.gravatar.com\/avatar\/9a0784f951306c37bcd065f52844ef95?s=96&d=mm&r=g\",\"contentUrl\":\"https:\/\/secure.gravatar.com\/avatar\/9a0784f951306c37bcd065f52844ef95?s=96&d=mm&r=g\",\"caption\":\"7culture2020\"},\"sameAs\":[\"http:\/\/7culture.ci\",\"Claude.kipre\"],\"url\":\"https:\/\/7culture.ci\/index.php\/author\/7culture2020\/\"}]}<\/script>\n<!-- \/ Yoast SEO plugin. -->","yoast_head_json":{"title":"Arts plastiques\u00a0: L\u2019artiste ivoirien Willow Evann exposera pour la premi\u00e8re fois \u00e0 Paris -","robots":{"index":"index","follow":"follow","max-snippet":"max-snippet:-1","max-image-preview":"max-image-preview:large","max-video-preview":"max-video-preview:-1"},"canonical":"https:\/\/7culture.ci\/index.php\/2022\/09\/21\/arts-plastiques-lartiste-ivoirien-willow-evann-exposera-pour-la-premiere-fois-a-paris\/","og_locale":"fr_FR","og_type":"article","og_title":"Arts plastiques\u00a0: L\u2019artiste ivoirien Willow Evann exposera pour la premi\u00e8re fois \u00e0 Paris -","og_description":"L\u2019artiste plasticien franco-ivoirien, Willow Evann, exposera pour la premi\u00e8re fois ses \u0153uvres d\u2019art africain sous format Non-Fungible Token (NFT), du 21 au 23 octobre 2022, au Carreau du Temple \u00e0 Paris avec le collectif de cr\u00e9ateurs francophones, Neuvi\u00e8me Toit et AKAA (Also Known As Africa, foire d\u2019art contemporain d\u00e9di\u00e9 aux sc\u00e8nes artistiques d\u2019Afrique). Ce projet &hellip; Arts plastiques\u00a0: L\u2019artiste ivoirien Willow Evann exposera pour la premi\u00e8re fois \u00e0 Paris Lire la suite\u00a0\u00bb","og_url":"https:\/\/7culture.ci\/index.php\/2022\/09\/21\/arts-plastiques-lartiste-ivoirien-willow-evann-exposera-pour-la-premiere-fois-a-paris\/","og_site_name":"7culture","article_publisher":"https:\/\/www.facebook.com\/redchefclaude","article_published_time":"2022-09-21T15:32:27+00:00","article_modified_time":"2022-09-22T14:55:58+00:00","og_image":[{"width":706,"height":534,"url":"http:\/\/7culture.ci\/wp-content\/uploads\/2022\/09\/WhatsApp-Image-2022-09-21-at-10.52.30.jpeg","type":"image\/jpeg"}],"author":"7culture2020","twitter_card":"summary_large_image","twitter_creator":"@7culturec","twitter_site":"@7culturec","twitter_misc":{"\u00c9crit par":"7culture2020","Dur\u00e9e de lecture estim\u00e9e":"1 minute"},"schema":{"@context":"https:\/\/schema.org","@graph":[{"@type":"Article","@id":"https:\/\/7culture.ci\/index.php\/2022\/09\/21\/arts-plastiques-lartiste-ivoirien-willow-evann-exposera-pour-la-premiere-fois-a-paris\/#article","isPartOf":{"@id":"https:\/\/7culture.ci\/index.php\/2022\/09\/21\/arts-plastiques-lartiste-ivoirien-willow-evann-exposera-pour-la-premiere-fois-a-paris\/"},"author":{"name":"7culture2020","@id":"https:\/\/7culture.ci\/#\/schema\/person\/16150d28d7ef66ba788c1f87f28c4426"},"headline":"Arts plastiques\u00a0: L\u2019artiste ivoirien Willow Evann exposera pour la premi\u00e8re fois \u00e0 Paris","datePublished":"2022-09-21T15:32:27+00:00","dateModified":"2022-09-22T14:55:58+00:00","mainEntityOfPage":{"@id":"https:\/\/7culture.ci\/index.php\/2022\/09\/21\/arts-plastiques-lartiste-ivoirien-willow-evann-exposera-pour-la-premiere-fois-a-paris\/"},"wordCount":297,"commentCount":0,"publisher":{"@id":"https:\/\/7culture.ci\/#organization"},"articleSection":["Actualit\u00e9"],"inLanguage":"fr-FR","potentialAction":[{"@type":"CommentAction","name":"Comment","target":["https:\/\/7culture.ci\/index.php\/2022\/09\/21\/arts-plastiques-lartiste-ivoirien-willow-evann-exposera-pour-la-premiere-fois-a-paris\/#respond"]}]},{"@type":"WebPage","@id":"https:\/\/7culture.ci\/index.php\/2022\/09\/21\/arts-plastiques-lartiste-ivoirien-willow-evann-exposera-pour-la-premiere-fois-a-paris\/","url":"https:\/\/7culture.ci\/index.php\/2022\/09\/21\/arts-plastiques-lartiste-ivoirien-willow-evann-exposera-pour-la-premiere-fois-a-paris\/","name":"Arts plastiques\u00a0: L\u2019artiste ivoirien Willow Evann exposera pour la premi\u00e8re fois \u00e0 Paris -","isPartOf":{"@id":"https:\/\/7culture.ci\/#website"},"datePublished":"2022-09-21T15:32:27+00:00","dateModified":"2022-09-22T14:55:58+00:00","breadcrumb":{"@id":"https:\/\/7culture.ci\/index.php\/2022\/09\/21\/arts-plastiques-lartiste-ivoirien-willow-evann-exposera-pour-la-premiere-fois-a-paris\/#breadcrumb"},"inLanguage":"fr-FR","potentialAction":[{"@type":"ReadAction","target":["https:\/\/7culture.ci\/index.php\/2022\/09\/21\/arts-plastiques-lartiste-ivoirien-willow-evann-exposera-pour-la-premiere-fois-a-paris\/"]}]},{"@type":"BreadcrumbList","@id":"https:\/\/7culture.ci\/index.php\/2022\/09\/21\/arts-plastiques-lartiste-ivoirien-willow-evann-exposera-pour-la-premiere-fois-a-paris\/#breadcrumb","itemListElement":[{"@type":"ListItem","position":1,"name":"Accueil","item":"https:\/\/7culture.ci\/"},{"@type":"ListItem","position":2,"name":"Arts plastiques\u00a0: L\u2019artiste ivoirien Willow Evann exposera pour la premi\u00e8re fois \u00e0 Paris"}]},{"@type":"WebSite","@id":"https:\/\/7culture.ci\/#website","url":"https:\/\/7culture.ci\/","name":"7culture","description":"Tout sur l&#039;actualit\u00e9","publisher":{"@id":"https:\/\/7culture.ci\/#organization"},"potentialAction":[{"@type":"SearchAction","target":{"@type":"EntryPoint","urlTemplate":"https:\/\/7culture.ci\/?s={search_term_string}"},"query-input":"required name=search_term_string"}],"inLanguage":"fr-FR"},{"@type":"Organization","@id":"https:\/\/7culture.ci\/#organization","name":"7culture","url":"https:\/\/7culture.ci\/","sameAs":["https:\/\/www.facebook.com\/redchefclaude","https:\/\/twitter.com\/7culturec"],"logo":{"@type":"ImageObject","inLanguage":"fr-FR","@id":"https:\/\/7culture.ci\/#\/schema\/logo\/image\/","url":"https:\/\/7culture.ci\/wp-content\/uploads\/2021\/12\/S1a-1.png","contentUrl":"https:\/\/7culture.ci\/wp-content\/uploads\/2021\/12\/S1a-1.png","width":588,"height":192,"caption":"7culture"},"image":{"@id":"https:\/\/7culture.ci\/#\/schema\/logo\/image\/"}},{"@type":"Person","@id":"https:\/\/7culture.ci\/#\/schema\/person\/16150d28d7ef66ba788c1f87f28c4426","name":"7culture2020","image":{"@type":"ImageObject","inLanguage":"fr-FR","@id":"https:\/\/7culture.ci\/#\/schema\/person\/image\/","url":"https:\/\/secure.gravatar.com\/avatar\/9a0784f951306c37bcd065f52844ef95?s=96&d=mm&r=g","contentUrl":"https:\/\/secure.gravatar.com\/avatar\/9a0784f951306c37bcd065f52844ef95?s=96&d=mm&r=g","caption":"7culture2020"},"sameAs":["http:\/\/7culture.ci","Claude.kipre"],"url":"https:\/\/7culture.ci\/index.php\/author\/7culture2020\/"}]}},"jetpack_featured_media_url":"https:\/\/7culture.ci\/wp-content\/uploads\/2022\/09\/WhatsApp-Image-2022-09-21-at-10.52.30.jpeg","jetpack_likes_enabled":true,"jetpack_sharing_enabled":true,"_links":{"self":[{"href":"https:\/\/7culture.ci\/index.php\/wp-json\/wp\/v2\/posts\/23975"}],"collection":[{"href":"https:\/\/7culture.ci\/index.php\/wp-json\/wp\/v2\/posts"}],"about":[{"href":"https:\/\/7culture.ci\/index.php\/wp-json\/wp\/v2\/types\/post"}],"author":[{"embeddable":true,"href":"https:\/\/7culture.ci\/index.php\/wp-json\/wp\/v2\/users\/1"}],"replies":[{"embeddable":true,"href":"https:\/\/7culture.ci\/index.php\/wp-json\/wp\/v2\/comments?post=23975"}],"version-history":[{"count":0,"href":"https:\/\/7culture.ci\/index.php\/wp-json\/wp\/v2\/posts\/23975\/revisions"}],"wp:featuredmedia":[{"embeddable":true,"href":"https:\/\/7culture.ci\/index.php\/wp-json\/wp\/v2\/media\/23977"}],"wp:attachment":[{"href":"https:\/\/7culture.ci\/index.php\/wp-json\/wp\/v2\/media?parent=23975"}],"wp:term":[{"taxonomy":"category","embeddable":true,"href":"https:\/\/7culture.ci\/index.php\/wp-json\/wp\/v2\/categories?post=23975"},{"taxonomy":"post_tag","embeddable":true,"href":"https:\/\/7culture.ci\/index.php\/wp-json\/wp\/v2\/tags?post=23975"}],"curies":[{"name":"wp","href":"https:\/\/api.w.org\/{rel}","templated":true}]}}