{"id":23959,"date":"2022-09-20T13:14:18","date_gmt":"2022-09-20T13:14:18","guid":{"rendered":"https:\/\/7culture.ci\/?p=23959"},"modified":"2022-09-20T13:14:22","modified_gmt":"2022-09-20T13:14:22","slug":"lalbum-photo-des-funerailles-de-la-reine-elizabeth-ii","status":"publish","type":"post","link":"https:\/\/7culture.ci\/index.php\/2022\/09\/20\/lalbum-photo-des-funerailles-de-la-reine-elizabeth-ii\/","title":{"rendered":"L&#8217;album-photo des fun\u00e9railles de la reine Elizabeth II"},"content":{"rendered":"\n<p><strong><em>Ce fut un jour triste et historique. Ce lundi 19 septembre se sont d\u00e9roul\u00e9es les fun\u00e9railles de la reine Elizabeth II. Voici le film des \u00e9v\u00e9nements en quarante photos choisies.<\/em><\/strong><\/p>\n\n\n\n<p>Elizabeth II repose dans sa derni\u00e8re demeure, la chapelle Saint-Georges de son ch\u00e2teau de Windsor, apr\u00e8s des adieux en grande pompe et emplis d&#8217;\u00e9motion, saluant lundi la m\u00e9moire d&#8217;une souveraine \u00e0 la popularit\u00e9 plan\u00e9taire et au r\u00e8gne incomparable.<\/p>\n\n\n\n<p>A l&#8217;issue d&#8217;une ultime procession solennelle, au pas \u00e0 travers un domaine de Windsor noir de monde et une c\u00e9r\u00e9monie religieuse devant 800 personnes, le cercueil a \u00e9t\u00e9 lentement descendu dans le caveau royal de la chapelle. La suite <strong><a href=\"https:\/\/www.parismatch.com\/royal-blog\/harry-et-william-luniforme-de-la-discorde-216356\">ICI.<\/a><\/strong><\/p>\n","protected":false},"excerpt":{"rendered":"<p>Ce fut un jour triste et historique. Ce lundi 19 septembre se sont d\u00e9roul\u00e9es les fun\u00e9railles de la reine Elizabeth II. Voici le film des \u00e9v\u00e9nements en quarante photos choisies. Elizabeth II repose dans sa derni\u00e8re demeure, la chapelle Saint-Georges de son ch\u00e2teau de Windsor, apr\u00e8s des adieux en grande pompe et emplis d&#8217;\u00e9motion, saluant &hellip;<\/p>\n<p class=\"read-more\"> <a class=\"\" href=\"https:\/\/7culture.ci\/index.php\/2022\/09\/20\/lalbum-photo-des-funerailles-de-la-reine-elizabeth-ii\/\"> <span class=\"screen-reader-text\">L&#8217;album-photo des fun\u00e9railles de la reine Elizabeth II<\/span> Lire la suite\u00a0\u00bb<\/a><\/p>\n","protected":false},"author":1,"featured_media":23961,"comment_status":"open","ping_status":"open","sticky":false,"template":"","format":"standard","meta":{"_mi_skip_tracking":false,"_monsterinsights_sitenote_active":false,"_monsterinsights_sitenote_note":"","_monsterinsights_sitenote_category":0,"site-sidebar-layout":"default","site-content-layout":"default","ast-global-header-display":"","ast-main-header-display":"","ast-hfb-above-header-display":"","ast-hfb-below-header-display":"","ast-hfb-mobile-header-display":"","site-post-title":"","ast-breadcrumbs-content":"","ast-featured-img":"","footer-sml-layout":"","theme-transparent-header-meta":"","adv-header-id-meta":"","stick-header-meta":"","header-above-stick-meta":"","header-main-stick-meta":"","header-below-stick-meta":"","footnotes":"","jetpack_publicize_message":"","jetpack_is_tweetstorm":false,"jetpack_publicize_feature_enabled":true},"categories":[22],"tags":[],"jetpack_publicize_connections":[],"acf":[],"aioseo_notices":[],"yoast_head":"<!-- This site is optimized with the Yoast SEO plugin v19.6.1 - https:\/\/yoast.com\/wordpress\/plugins\/seo\/ -->\n<title>L&#039;album-photo des fun\u00e9railles de la reine Elizabeth II -<\/title>\n<meta name=\"robots\" content=\"index, follow, max-snippet:-1, max-image-preview:large, max-video-preview:-1\" \/>\n<link rel=\"canonical\" href=\"https:\/\/7culture.ci\/index.php\/2022\/09\/20\/lalbum-photo-des-funerailles-de-la-reine-elizabeth-ii\/\" \/>\n<meta property=\"og:locale\" content=\"fr_FR\" \/>\n<meta property=\"og:type\" content=\"article\" \/>\n<meta property=\"og:title\" content=\"L&#039;album-photo des fun\u00e9railles de la reine Elizabeth II -\" \/>\n<meta property=\"og:description\" content=\"Ce fut un jour triste et historique. Ce lundi 19 septembre se sont d\u00e9roul\u00e9es les fun\u00e9railles de la reine Elizabeth II. Voici le film des \u00e9v\u00e9nements en quarante photos choisies. Elizabeth II repose dans sa derni\u00e8re demeure, la chapelle Saint-Georges de son ch\u00e2teau de Windsor, apr\u00e8s des adieux en grande pompe et emplis d&#8217;\u00e9motion, saluant &hellip; L&#8217;album-photo des fun\u00e9railles de la reine Elizabeth II Lire la suite\u00a0\u00bb\" \/>\n<meta property=\"og:url\" content=\"https:\/\/7culture.ci\/index.php\/2022\/09\/20\/lalbum-photo-des-funerailles-de-la-reine-elizabeth-ii\/\" \/>\n<meta property=\"og:site_name\" content=\"7culture\" \/>\n<meta property=\"article:publisher\" content=\"https:\/\/www.facebook.com\/redchefclaude\" \/>\n<meta property=\"article:published_time\" content=\"2022-09-20T13:14:18+00:00\" \/>\n<meta property=\"article:modified_time\" content=\"2022-09-20T13:14:22+00:00\" \/>\n<meta property=\"og:image\" content=\"http:\/\/7culture.ci\/wp-content\/uploads\/2022\/09\/Elizabeth-II-le-recit-en-images-d-une-journee-historique.jpg\" \/>\n\t<meta property=\"og:image:width\" content=\"2000\" \/>\n\t<meta property=\"og:image:height\" content=\"1000\" \/>\n\t<meta property=\"og:image:type\" content=\"image\/jpeg\" \/>\n<meta name=\"author\" content=\"7culture2020\" \/>\n<meta name=\"twitter:card\" content=\"summary_large_image\" \/>\n<meta name=\"twitter:creator\" content=\"@7culturec\" \/>\n<meta name=\"twitter:site\" content=\"@7culturec\" \/>\n<meta name=\"twitter:label1\" content=\"\u00c9crit par\" \/>\n\t<meta name=\"twitter:data1\" content=\"7culture2020\" \/>\n\t<meta name=\"twitter:label2\" content=\"Dur\u00e9e de lecture estim\u00e9e\" \/>\n\t<meta name=\"twitter:data2\" content=\"1 minute\" \/>\n<script type=\"application\/ld+json\" class=\"yoast-schema-graph\">{\"@context\":\"https:\/\/schema.org\",\"@graph\":[{\"@type\":\"Article\",\"@id\":\"https:\/\/7culture.ci\/index.php\/2022\/09\/20\/lalbum-photo-des-funerailles-de-la-reine-elizabeth-ii\/#article\",\"isPartOf\":{\"@id\":\"https:\/\/7culture.ci\/index.php\/2022\/09\/20\/lalbum-photo-des-funerailles-de-la-reine-elizabeth-ii\/\"},\"author\":{\"name\":\"7culture2020\",\"@id\":\"https:\/\/7culture.ci\/#\/schema\/person\/16150d28d7ef66ba788c1f87f28c4426\"},\"headline\":\"L&#8217;album-photo des fun\u00e9railles de la reine Elizabeth II\",\"datePublished\":\"2022-09-20T13:14:18+00:00\",\"dateModified\":\"2022-09-20T13:14:22+00:00\",\"mainEntityOfPage\":{\"@id\":\"https:\/\/7culture.ci\/index.php\/2022\/09\/20\/lalbum-photo-des-funerailles-de-la-reine-elizabeth-ii\/\"},\"wordCount\":126,\"commentCount\":0,\"publisher\":{\"@id\":\"https:\/\/7culture.ci\/#organization\"},\"articleSection\":[\"Actualit\u00e9\"],\"inLanguage\":\"fr-FR\",\"potentialAction\":[{\"@type\":\"CommentAction\",\"name\":\"Comment\",\"target\":[\"https:\/\/7culture.ci\/index.php\/2022\/09\/20\/lalbum-photo-des-funerailles-de-la-reine-elizabeth-ii\/#respond\"]}]},{\"@type\":\"WebPage\",\"@id\":\"https:\/\/7culture.ci\/index.php\/2022\/09\/20\/lalbum-photo-des-funerailles-de-la-reine-elizabeth-ii\/\",\"url\":\"https:\/\/7culture.ci\/index.php\/2022\/09\/20\/lalbum-photo-des-funerailles-de-la-reine-elizabeth-ii\/\",\"name\":\"L'album-photo des fun\u00e9railles de la reine Elizabeth II -\",\"isPartOf\":{\"@id\":\"https:\/\/7culture.ci\/#website\"},\"datePublished\":\"2022-09-20T13:14:18+00:00\",\"dateModified\":\"2022-09-20T13:14:22+00:00\",\"breadcrumb\":{\"@id\":\"https:\/\/7culture.ci\/index.php\/2022\/09\/20\/lalbum-photo-des-funerailles-de-la-reine-elizabeth-ii\/#breadcrumb\"},\"inLanguage\":\"fr-FR\",\"potentialAction\":[{\"@type\":\"ReadAction\",\"target\":[\"https:\/\/7culture.ci\/index.php\/2022\/09\/20\/lalbum-photo-des-funerailles-de-la-reine-elizabeth-ii\/\"]}]},{\"@type\":\"BreadcrumbList\",\"@id\":\"https:\/\/7culture.ci\/index.php\/2022\/09\/20\/lalbum-photo-des-funerailles-de-la-reine-elizabeth-ii\/#breadcrumb\",\"itemListElement\":[{\"@type\":\"ListItem\",\"position\":1,\"name\":\"Accueil\",\"item\":\"https:\/\/7culture.ci\/\"},{\"@type\":\"ListItem\",\"position\":2,\"name\":\"L&rsquo;album-photo des fun\u00e9railles de la reine Elizabeth II\"}]},{\"@type\":\"WebSite\",\"@id\":\"https:\/\/7culture.ci\/#website\",\"url\":\"https:\/\/7culture.ci\/\",\"name\":\"7culture\",\"description\":\"Tout sur l&#039;actualit\u00e9\",\"publisher\":{\"@id\":\"https:\/\/7culture.ci\/#organization\"},\"potentialAction\":[{\"@type\":\"SearchAction\",\"target\":{\"@type\":\"EntryPoint\",\"urlTemplate\":\"https:\/\/7culture.ci\/?s={search_term_string}\"},\"query-input\":\"required name=search_term_string\"}],\"inLanguage\":\"fr-FR\"},{\"@type\":\"Organization\",\"@id\":\"https:\/\/7culture.ci\/#organization\",\"name\":\"7culture\",\"url\":\"https:\/\/7culture.ci\/\",\"sameAs\":[\"https:\/\/www.facebook.com\/redchefclaude\",\"https:\/\/twitter.com\/7culturec\"],\"logo\":{\"@type\":\"ImageObject\",\"inLanguage\":\"fr-FR\",\"@id\":\"https:\/\/7culture.ci\/#\/schema\/logo\/image\/\",\"url\":\"https:\/\/7culture.ci\/wp-content\/uploads\/2021\/12\/S1a-1.png\",\"contentUrl\":\"https:\/\/7culture.ci\/wp-content\/uploads\/2021\/12\/S1a-1.png\",\"width\":588,\"height\":192,\"caption\":\"7culture\"},\"image\":{\"@id\":\"https:\/\/7culture.ci\/#\/schema\/logo\/image\/\"}},{\"@type\":\"Person\",\"@id\":\"https:\/\/7culture.ci\/#\/schema\/person\/16150d28d7ef66ba788c1f87f28c4426\",\"name\":\"7culture2020\",\"image\":{\"@type\":\"ImageObject\",\"inLanguage\":\"fr-FR\",\"@id\":\"https:\/\/7culture.ci\/#\/schema\/person\/image\/\",\"url\":\"https:\/\/secure.gravatar.com\/avatar\/9a0784f951306c37bcd065f52844ef95?s=96&d=mm&r=g\",\"contentUrl\":\"https:\/\/secure.gravatar.com\/avatar\/9a0784f951306c37bcd065f52844ef95?s=96&d=mm&r=g\",\"caption\":\"7culture2020\"},\"sameAs\":[\"http:\/\/7culture.ci\",\"Claude.kipre\"],\"url\":\"https:\/\/7culture.ci\/index.php\/author\/7culture2020\/\"}]}<\/script>\n<!-- \/ Yoast SEO plugin. -->","yoast_head_json":{"title":"L'album-photo des fun\u00e9railles de la reine Elizabeth II -","robots":{"index":"index","follow":"follow","max-snippet":"max-snippet:-1","max-image-preview":"max-image-preview:large","max-video-preview":"max-video-preview:-1"},"canonical":"https:\/\/7culture.ci\/index.php\/2022\/09\/20\/lalbum-photo-des-funerailles-de-la-reine-elizabeth-ii\/","og_locale":"fr_FR","og_type":"article","og_title":"L'album-photo des fun\u00e9railles de la reine Elizabeth II -","og_description":"Ce fut un jour triste et historique. Ce lundi 19 septembre se sont d\u00e9roul\u00e9es les fun\u00e9railles de la reine Elizabeth II. Voici le film des \u00e9v\u00e9nements en quarante photos choisies. Elizabeth II repose dans sa derni\u00e8re demeure, la chapelle Saint-Georges de son ch\u00e2teau de Windsor, apr\u00e8s des adieux en grande pompe et emplis d&#8217;\u00e9motion, saluant &hellip; L&#8217;album-photo des fun\u00e9railles de la reine Elizabeth II Lire la suite\u00a0\u00bb","og_url":"https:\/\/7culture.ci\/index.php\/2022\/09\/20\/lalbum-photo-des-funerailles-de-la-reine-elizabeth-ii\/","og_site_name":"7culture","article_publisher":"https:\/\/www.facebook.com\/redchefclaude","article_published_time":"2022-09-20T13:14:18+00:00","article_modified_time":"2022-09-20T13:14:22+00:00","og_image":[{"width":2000,"height":1000,"url":"http:\/\/7culture.ci\/wp-content\/uploads\/2022\/09\/Elizabeth-II-le-recit-en-images-d-une-journee-historique.jpg","type":"image\/jpeg"}],"author":"7culture2020","twitter_card":"summary_large_image","twitter_creator":"@7culturec","twitter_site":"@7culturec","twitter_misc":{"\u00c9crit par":"7culture2020","Dur\u00e9e de lecture estim\u00e9e":"1 minute"},"schema":{"@context":"https:\/\/schema.org","@graph":[{"@type":"Article","@id":"https:\/\/7culture.ci\/index.php\/2022\/09\/20\/lalbum-photo-des-funerailles-de-la-reine-elizabeth-ii\/#article","isPartOf":{"@id":"https:\/\/7culture.ci\/index.php\/2022\/09\/20\/lalbum-photo-des-funerailles-de-la-reine-elizabeth-ii\/"},"author":{"name":"7culture2020","@id":"https:\/\/7culture.ci\/#\/schema\/person\/16150d28d7ef66ba788c1f87f28c4426"},"headline":"L&#8217;album-photo des fun\u00e9railles de la reine Elizabeth II","datePublished":"2022-09-20T13:14:18+00:00","dateModified":"2022-09-20T13:14:22+00:00","mainEntityOfPage":{"@id":"https:\/\/7culture.ci\/index.php\/2022\/09\/20\/lalbum-photo-des-funerailles-de-la-reine-elizabeth-ii\/"},"wordCount":126,"commentCount":0,"publisher":{"@id":"https:\/\/7culture.ci\/#organization"},"articleSection":["Actualit\u00e9"],"inLanguage":"fr-FR","potentialAction":[{"@type":"CommentAction","name":"Comment","target":["https:\/\/7culture.ci\/index.php\/2022\/09\/20\/lalbum-photo-des-funerailles-de-la-reine-elizabeth-ii\/#respond"]}]},{"@type":"WebPage","@id":"https:\/\/7culture.ci\/index.php\/2022\/09\/20\/lalbum-photo-des-funerailles-de-la-reine-elizabeth-ii\/","url":"https:\/\/7culture.ci\/index.php\/2022\/09\/20\/lalbum-photo-des-funerailles-de-la-reine-elizabeth-ii\/","name":"L'album-photo des fun\u00e9railles de la reine Elizabeth II -","isPartOf":{"@id":"https:\/\/7culture.ci\/#website"},"datePublished":"2022-09-20T13:14:18+00:00","dateModified":"2022-09-20T13:14:22+00:00","breadcrumb":{"@id":"https:\/\/7culture.ci\/index.php\/2022\/09\/20\/lalbum-photo-des-funerailles-de-la-reine-elizabeth-ii\/#breadcrumb"},"inLanguage":"fr-FR","potentialAction":[{"@type":"ReadAction","target":["https:\/\/7culture.ci\/index.php\/2022\/09\/20\/lalbum-photo-des-funerailles-de-la-reine-elizabeth-ii\/"]}]},{"@type":"BreadcrumbList","@id":"https:\/\/7culture.ci\/index.php\/2022\/09\/20\/lalbum-photo-des-funerailles-de-la-reine-elizabeth-ii\/#breadcrumb","itemListElement":[{"@type":"ListItem","position":1,"name":"Accueil","item":"https:\/\/7culture.ci\/"},{"@type":"ListItem","position":2,"name":"L&rsquo;album-photo des fun\u00e9railles de la reine Elizabeth II"}]},{"@type":"WebSite","@id":"https:\/\/7culture.ci\/#website","url":"https:\/\/7culture.ci\/","name":"7culture","description":"Tout sur l&#039;actualit\u00e9","publisher":{"@id":"https:\/\/7culture.ci\/#organization"},"potentialAction":[{"@type":"SearchAction","target":{"@type":"EntryPoint","urlTemplate":"https:\/\/7culture.ci\/?s={search_term_string}"},"query-input":"required name=search_term_string"}],"inLanguage":"fr-FR"},{"@type":"Organization","@id":"https:\/\/7culture.ci\/#organization","name":"7culture","url":"https:\/\/7culture.ci\/","sameAs":["https:\/\/www.facebook.com\/redchefclaude","https:\/\/twitter.com\/7culturec"],"logo":{"@type":"ImageObject","inLanguage":"fr-FR","@id":"https:\/\/7culture.ci\/#\/schema\/logo\/image\/","url":"https:\/\/7culture.ci\/wp-content\/uploads\/2021\/12\/S1a-1.png","contentUrl":"https:\/\/7culture.ci\/wp-content\/uploads\/2021\/12\/S1a-1.png","width":588,"height":192,"caption":"7culture"},"image":{"@id":"https:\/\/7culture.ci\/#\/schema\/logo\/image\/"}},{"@type":"Person","@id":"https:\/\/7culture.ci\/#\/schema\/person\/16150d28d7ef66ba788c1f87f28c4426","name":"7culture2020","image":{"@type":"ImageObject","inLanguage":"fr-FR","@id":"https:\/\/7culture.ci\/#\/schema\/person\/image\/","url":"https:\/\/secure.gravatar.com\/avatar\/9a0784f951306c37bcd065f52844ef95?s=96&d=mm&r=g","contentUrl":"https:\/\/secure.gravatar.com\/avatar\/9a0784f951306c37bcd065f52844ef95?s=96&d=mm&r=g","caption":"7culture2020"},"sameAs":["http:\/\/7culture.ci","Claude.kipre"],"url":"https:\/\/7culture.ci\/index.php\/author\/7culture2020\/"}]}},"jetpack_featured_media_url":"https:\/\/7culture.ci\/wp-content\/uploads\/2022\/09\/Elizabeth-II-le-recit-en-images-d-une-journee-historique.jpg","jetpack_likes_enabled":true,"jetpack_sharing_enabled":true,"_links":{"self":[{"href":"https:\/\/7culture.ci\/index.php\/wp-json\/wp\/v2\/posts\/23959"}],"collection":[{"href":"https:\/\/7culture.ci\/index.php\/wp-json\/wp\/v2\/posts"}],"about":[{"href":"https:\/\/7culture.ci\/index.php\/wp-json\/wp\/v2\/types\/post"}],"author":[{"embeddable":true,"href":"https:\/\/7culture.ci\/index.php\/wp-json\/wp\/v2\/users\/1"}],"replies":[{"embeddable":true,"href":"https:\/\/7culture.ci\/index.php\/wp-json\/wp\/v2\/comments?post=23959"}],"version-history":[{"count":0,"href":"https:\/\/7culture.ci\/index.php\/wp-json\/wp\/v2\/posts\/23959\/revisions"}],"wp:featuredmedia":[{"embeddable":true,"href":"https:\/\/7culture.ci\/index.php\/wp-json\/wp\/v2\/media\/23961"}],"wp:attachment":[{"href":"https:\/\/7culture.ci\/index.php\/wp-json\/wp\/v2\/media?parent=23959"}],"wp:term":[{"taxonomy":"category","embeddable":true,"href":"https:\/\/7culture.ci\/index.php\/wp-json\/wp\/v2\/categories?post=23959"},{"taxonomy":"post_tag","embeddable":true,"href":"https:\/\/7culture.ci\/index.php\/wp-json\/wp\/v2\/tags?post=23959"}],"curies":[{"name":"wp","href":"https:\/\/api.w.org\/{rel}","templated":true}]}}