{"id":23923,"date":"2022-09-19T14:00:37","date_gmt":"2022-09-19T14:00:37","guid":{"rendered":"https:\/\/7culture.ci\/?p=23923"},"modified":"2022-09-19T15:35:54","modified_gmt":"2022-09-19T15:35:54","slug":"ks-bloom-a-conquis-lathenee-de-la-gombe-de-kinshasa","status":"publish","type":"post","link":"https:\/\/7culture.ci\/index.php\/2022\/09\/19\/ks-bloom-a-conquis-lathenee-de-la-gombe-de-kinshasa\/","title":{"rendered":"Ks Bloom a conquis l\u2019Ath\u00e9n\u00e9e de la Gombe de Kinshasa"},"content":{"rendered":"\n<p><strong><em>Le rappeur ivoirien, Ks Bloom, a \u00e9merveill\u00e9 ses fans de Kinshasa lors de son concert qui s\u2019est tenu le dimanche dernier \u00e0 l\u2019Ath\u00e9n\u00e9e de la Gombe<\/em><\/strong><\/p>\n\n\n\n<p>Devant 10.000 fanatiques congolais, l\u2019artiste faiseur de gospel, s\u2019est produit en live en jouant principalement les morceaux de son album \u2018\u2019Allumez la lumi\u00e8re\u2019\u2019 et quelques singles adul\u00e9s par le public. Il a b\u00e9n\u00e9fici\u00e9 du soutien d\u2019une pl\u00e9thore de chanteurs congolais \u00e9voluant dans le m\u00eame genre musical que lui, c\u2019est-\u00e0-dire le gospel. Ces derniers ont assur\u00e9 la premi\u00e8re partie du spectacle.<\/p>\n\n\n\n<figure class=\"wp-block-image size-full is-resized\"><img loading=\"lazy\" decoding=\"async\" src=\"https:\/\/7culture.ci\/wp-content\/uploads\/2022\/09\/WhatsApp-Image-2022-09-19-at-11.33.38-1.jpeg\" alt=\"\" class=\"wp-image-23926\" width=\"510\" height=\"680\" srcset=\"https:\/\/7culture.ci\/wp-content\/uploads\/2022\/09\/WhatsApp-Image-2022-09-19-at-11.33.38-1.jpeg 675w, https:\/\/7culture.ci\/wp-content\/uploads\/2022\/09\/WhatsApp-Image-2022-09-19-at-11.33.38-1-225x300.jpeg 225w\" sizes=\"(max-width: 510px) 100vw, 510px\" \/><\/figure>\n\n\n\n<p>Souleymane Kon\u00e9, de son vrai nom, a remerci\u00e9 Dieu et toutes les personnes qui ont fait de ce concert au Congo une r\u00e9ussite. Il en a profit\u00e9 pour annoncer sa venue \u00e0 Brazzaville pour un concert qui doit se tenir le 25 septembre prochain. <strong>\u00ab <em>Nzamb\u00e9 apambola Bino. D\u00e9sormais, je peux dire que Mwana mboka. Plus de 10.000 personnes \u00e0 mon concert Matondo minigui Kinshasa. C\u2019est Dieu. Brazzaville, on arrive pour ce dimanche<\/em> <\/strong>\u00bb, a-t-il \u00e9crit ce lundi sur sa pageFacebook.<\/p>\n\n\n\n<p>Thierry Samuel<\/p>\n","protected":false},"excerpt":{"rendered":"<p>Le rappeur ivoirien, Ks Bloom, a \u00e9merveill\u00e9 ses fans de Kinshasa lors de son concert qui s\u2019est tenu le dimanche dernier \u00e0 l\u2019Ath\u00e9n\u00e9e de la Gombe Devant 10.000 fanatiques congolais, l\u2019artiste faiseur de gospel, s\u2019est produit en live en jouant principalement les morceaux de son album \u2018\u2019Allumez la lumi\u00e8re\u2019\u2019 et quelques singles adul\u00e9s par le &hellip;<\/p>\n<p class=\"read-more\"> <a class=\"\" href=\"https:\/\/7culture.ci\/index.php\/2022\/09\/19\/ks-bloom-a-conquis-lathenee-de-la-gombe-de-kinshasa\/\"> <span class=\"screen-reader-text\">Ks Bloom a conquis l\u2019Ath\u00e9n\u00e9e de la Gombe de Kinshasa<\/span> Lire la suite\u00a0\u00bb<\/a><\/p>\n","protected":false},"author":1,"featured_media":23925,"comment_status":"open","ping_status":"open","sticky":false,"template":"","format":"standard","meta":{"_mi_skip_tracking":false,"_monsterinsights_sitenote_active":false,"_monsterinsights_sitenote_note":"","_monsterinsights_sitenote_category":0,"site-sidebar-layout":"default","site-content-layout":"default","ast-global-header-display":"","ast-main-header-display":"","ast-hfb-above-header-display":"","ast-hfb-below-header-display":"","ast-hfb-mobile-header-display":"","site-post-title":"","ast-breadcrumbs-content":"","ast-featured-img":"","footer-sml-layout":"","theme-transparent-header-meta":"","adv-header-id-meta":"","stick-header-meta":"","header-above-stick-meta":"","header-main-stick-meta":"","header-below-stick-meta":"","footnotes":"","jetpack_publicize_message":"","jetpack_is_tweetstorm":false,"jetpack_publicize_feature_enabled":true},"categories":[16],"tags":[],"jetpack_publicize_connections":[],"acf":[],"aioseo_notices":[],"yoast_head":"<!-- This site is optimized with the Yoast SEO plugin v19.6.1 - https:\/\/yoast.com\/wordpress\/plugins\/seo\/ -->\n<title>Ks Bloom a conquis l\u2019Ath\u00e9n\u00e9e de la Gombe de Kinshasa -<\/title>\n<meta name=\"robots\" content=\"index, follow, max-snippet:-1, max-image-preview:large, max-video-preview:-1\" \/>\n<link rel=\"canonical\" href=\"https:\/\/7culture.ci\/index.php\/2022\/09\/19\/ks-bloom-a-conquis-lathenee-de-la-gombe-de-kinshasa\/\" \/>\n<meta property=\"og:locale\" content=\"fr_FR\" \/>\n<meta property=\"og:type\" content=\"article\" \/>\n<meta property=\"og:title\" content=\"Ks Bloom a conquis l\u2019Ath\u00e9n\u00e9e de la Gombe de Kinshasa -\" \/>\n<meta property=\"og:description\" content=\"Le rappeur ivoirien, Ks Bloom, a \u00e9merveill\u00e9 ses fans de Kinshasa lors de son concert qui s\u2019est tenu le dimanche dernier \u00e0 l\u2019Ath\u00e9n\u00e9e de la Gombe Devant 10.000 fanatiques congolais, l\u2019artiste faiseur de gospel, s\u2019est produit en live en jouant principalement les morceaux de son album \u2018\u2019Allumez la lumi\u00e8re\u2019\u2019 et quelques singles adul\u00e9s par le &hellip; Ks Bloom a conquis l\u2019Ath\u00e9n\u00e9e de la Gombe de Kinshasa Lire la suite\u00a0\u00bb\" \/>\n<meta property=\"og:url\" content=\"https:\/\/7culture.ci\/index.php\/2022\/09\/19\/ks-bloom-a-conquis-lathenee-de-la-gombe-de-kinshasa\/\" \/>\n<meta property=\"og:site_name\" content=\"7culture\" \/>\n<meta property=\"article:publisher\" content=\"https:\/\/www.facebook.com\/redchefclaude\" \/>\n<meta property=\"article:published_time\" content=\"2022-09-19T14:00:37+00:00\" \/>\n<meta property=\"article:modified_time\" content=\"2022-09-19T15:35:54+00:00\" \/>\n<meta property=\"og:image\" content=\"http:\/\/7culture.ci\/wp-content\/uploads\/2022\/09\/WhatsApp-Image-2022-09-19-at-11.33.37.jpeg\" \/>\n\t<meta property=\"og:image:width\" content=\"720\" \/>\n\t<meta property=\"og:image:height\" content=\"481\" \/>\n\t<meta property=\"og:image:type\" content=\"image\/jpeg\" \/>\n<meta name=\"author\" content=\"7culture2020\" \/>\n<meta name=\"twitter:card\" content=\"summary_large_image\" \/>\n<meta name=\"twitter:creator\" content=\"@7culturec\" \/>\n<meta name=\"twitter:site\" content=\"@7culturec\" \/>\n<meta name=\"twitter:label1\" content=\"\u00c9crit par\" \/>\n\t<meta name=\"twitter:data1\" content=\"7culture2020\" \/>\n\t<meta name=\"twitter:label2\" content=\"Dur\u00e9e de lecture estim\u00e9e\" \/>\n\t<meta name=\"twitter:data2\" content=\"1 minute\" \/>\n<script type=\"application\/ld+json\" class=\"yoast-schema-graph\">{\"@context\":\"https:\/\/schema.org\",\"@graph\":[{\"@type\":\"Article\",\"@id\":\"https:\/\/7culture.ci\/index.php\/2022\/09\/19\/ks-bloom-a-conquis-lathenee-de-la-gombe-de-kinshasa\/#article\",\"isPartOf\":{\"@id\":\"https:\/\/7culture.ci\/index.php\/2022\/09\/19\/ks-bloom-a-conquis-lathenee-de-la-gombe-de-kinshasa\/\"},\"author\":{\"name\":\"7culture2020\",\"@id\":\"https:\/\/7culture.ci\/#\/schema\/person\/16150d28d7ef66ba788c1f87f28c4426\"},\"headline\":\"Ks Bloom a conquis l\u2019Ath\u00e9n\u00e9e de la Gombe de Kinshasa\",\"datePublished\":\"2022-09-19T14:00:37+00:00\",\"dateModified\":\"2022-09-19T15:35:54+00:00\",\"mainEntityOfPage\":{\"@id\":\"https:\/\/7culture.ci\/index.php\/2022\/09\/19\/ks-bloom-a-conquis-lathenee-de-la-gombe-de-kinshasa\/\"},\"wordCount\":193,\"commentCount\":0,\"publisher\":{\"@id\":\"https:\/\/7culture.ci\/#organization\"},\"articleSection\":[\"Musique\"],\"inLanguage\":\"fr-FR\",\"potentialAction\":[{\"@type\":\"CommentAction\",\"name\":\"Comment\",\"target\":[\"https:\/\/7culture.ci\/index.php\/2022\/09\/19\/ks-bloom-a-conquis-lathenee-de-la-gombe-de-kinshasa\/#respond\"]}]},{\"@type\":\"WebPage\",\"@id\":\"https:\/\/7culture.ci\/index.php\/2022\/09\/19\/ks-bloom-a-conquis-lathenee-de-la-gombe-de-kinshasa\/\",\"url\":\"https:\/\/7culture.ci\/index.php\/2022\/09\/19\/ks-bloom-a-conquis-lathenee-de-la-gombe-de-kinshasa\/\",\"name\":\"Ks Bloom a conquis l\u2019Ath\u00e9n\u00e9e de la Gombe de Kinshasa -\",\"isPartOf\":{\"@id\":\"https:\/\/7culture.ci\/#website\"},\"datePublished\":\"2022-09-19T14:00:37+00:00\",\"dateModified\":\"2022-09-19T15:35:54+00:00\",\"breadcrumb\":{\"@id\":\"https:\/\/7culture.ci\/index.php\/2022\/09\/19\/ks-bloom-a-conquis-lathenee-de-la-gombe-de-kinshasa\/#breadcrumb\"},\"inLanguage\":\"fr-FR\",\"potentialAction\":[{\"@type\":\"ReadAction\",\"target\":[\"https:\/\/7culture.ci\/index.php\/2022\/09\/19\/ks-bloom-a-conquis-lathenee-de-la-gombe-de-kinshasa\/\"]}]},{\"@type\":\"BreadcrumbList\",\"@id\":\"https:\/\/7culture.ci\/index.php\/2022\/09\/19\/ks-bloom-a-conquis-lathenee-de-la-gombe-de-kinshasa\/#breadcrumb\",\"itemListElement\":[{\"@type\":\"ListItem\",\"position\":1,\"name\":\"Accueil\",\"item\":\"https:\/\/7culture.ci\/\"},{\"@type\":\"ListItem\",\"position\":2,\"name\":\"Ks Bloom a conquis l\u2019Ath\u00e9n\u00e9e de la Gombe de Kinshasa\"}]},{\"@type\":\"WebSite\",\"@id\":\"https:\/\/7culture.ci\/#website\",\"url\":\"https:\/\/7culture.ci\/\",\"name\":\"7culture\",\"description\":\"Tout sur l&#039;actualit\u00e9\",\"publisher\":{\"@id\":\"https:\/\/7culture.ci\/#organization\"},\"potentialAction\":[{\"@type\":\"SearchAction\",\"target\":{\"@type\":\"EntryPoint\",\"urlTemplate\":\"https:\/\/7culture.ci\/?s={search_term_string}\"},\"query-input\":\"required name=search_term_string\"}],\"inLanguage\":\"fr-FR\"},{\"@type\":\"Organization\",\"@id\":\"https:\/\/7culture.ci\/#organization\",\"name\":\"7culture\",\"url\":\"https:\/\/7culture.ci\/\",\"sameAs\":[\"https:\/\/www.facebook.com\/redchefclaude\",\"https:\/\/twitter.com\/7culturec\"],\"logo\":{\"@type\":\"ImageObject\",\"inLanguage\":\"fr-FR\",\"@id\":\"https:\/\/7culture.ci\/#\/schema\/logo\/image\/\",\"url\":\"https:\/\/7culture.ci\/wp-content\/uploads\/2021\/12\/S1a-1.png\",\"contentUrl\":\"https:\/\/7culture.ci\/wp-content\/uploads\/2021\/12\/S1a-1.png\",\"width\":588,\"height\":192,\"caption\":\"7culture\"},\"image\":{\"@id\":\"https:\/\/7culture.ci\/#\/schema\/logo\/image\/\"}},{\"@type\":\"Person\",\"@id\":\"https:\/\/7culture.ci\/#\/schema\/person\/16150d28d7ef66ba788c1f87f28c4426\",\"name\":\"7culture2020\",\"image\":{\"@type\":\"ImageObject\",\"inLanguage\":\"fr-FR\",\"@id\":\"https:\/\/7culture.ci\/#\/schema\/person\/image\/\",\"url\":\"https:\/\/secure.gravatar.com\/avatar\/9a0784f951306c37bcd065f52844ef95?s=96&d=mm&r=g\",\"contentUrl\":\"https:\/\/secure.gravatar.com\/avatar\/9a0784f951306c37bcd065f52844ef95?s=96&d=mm&r=g\",\"caption\":\"7culture2020\"},\"sameAs\":[\"http:\/\/7culture.ci\",\"Claude.kipre\"],\"url\":\"https:\/\/7culture.ci\/index.php\/author\/7culture2020\/\"}]}<\/script>\n<!-- \/ Yoast SEO plugin. -->","yoast_head_json":{"title":"Ks Bloom a conquis l\u2019Ath\u00e9n\u00e9e de la Gombe de Kinshasa -","robots":{"index":"index","follow":"follow","max-snippet":"max-snippet:-1","max-image-preview":"max-image-preview:large","max-video-preview":"max-video-preview:-1"},"canonical":"https:\/\/7culture.ci\/index.php\/2022\/09\/19\/ks-bloom-a-conquis-lathenee-de-la-gombe-de-kinshasa\/","og_locale":"fr_FR","og_type":"article","og_title":"Ks Bloom a conquis l\u2019Ath\u00e9n\u00e9e de la Gombe de Kinshasa -","og_description":"Le rappeur ivoirien, Ks Bloom, a \u00e9merveill\u00e9 ses fans de Kinshasa lors de son concert qui s\u2019est tenu le dimanche dernier \u00e0 l\u2019Ath\u00e9n\u00e9e de la Gombe Devant 10.000 fanatiques congolais, l\u2019artiste faiseur de gospel, s\u2019est produit en live en jouant principalement les morceaux de son album \u2018\u2019Allumez la lumi\u00e8re\u2019\u2019 et quelques singles adul\u00e9s par le &hellip; Ks Bloom a conquis l\u2019Ath\u00e9n\u00e9e de la Gombe de Kinshasa Lire la suite\u00a0\u00bb","og_url":"https:\/\/7culture.ci\/index.php\/2022\/09\/19\/ks-bloom-a-conquis-lathenee-de-la-gombe-de-kinshasa\/","og_site_name":"7culture","article_publisher":"https:\/\/www.facebook.com\/redchefclaude","article_published_time":"2022-09-19T14:00:37+00:00","article_modified_time":"2022-09-19T15:35:54+00:00","og_image":[{"width":720,"height":481,"url":"http:\/\/7culture.ci\/wp-content\/uploads\/2022\/09\/WhatsApp-Image-2022-09-19-at-11.33.37.jpeg","type":"image\/jpeg"}],"author":"7culture2020","twitter_card":"summary_large_image","twitter_creator":"@7culturec","twitter_site":"@7culturec","twitter_misc":{"\u00c9crit par":"7culture2020","Dur\u00e9e de lecture estim\u00e9e":"1 minute"},"schema":{"@context":"https:\/\/schema.org","@graph":[{"@type":"Article","@id":"https:\/\/7culture.ci\/index.php\/2022\/09\/19\/ks-bloom-a-conquis-lathenee-de-la-gombe-de-kinshasa\/#article","isPartOf":{"@id":"https:\/\/7culture.ci\/index.php\/2022\/09\/19\/ks-bloom-a-conquis-lathenee-de-la-gombe-de-kinshasa\/"},"author":{"name":"7culture2020","@id":"https:\/\/7culture.ci\/#\/schema\/person\/16150d28d7ef66ba788c1f87f28c4426"},"headline":"Ks Bloom a conquis l\u2019Ath\u00e9n\u00e9e de la Gombe de Kinshasa","datePublished":"2022-09-19T14:00:37+00:00","dateModified":"2022-09-19T15:35:54+00:00","mainEntityOfPage":{"@id":"https:\/\/7culture.ci\/index.php\/2022\/09\/19\/ks-bloom-a-conquis-lathenee-de-la-gombe-de-kinshasa\/"},"wordCount":193,"commentCount":0,"publisher":{"@id":"https:\/\/7culture.ci\/#organization"},"articleSection":["Musique"],"inLanguage":"fr-FR","potentialAction":[{"@type":"CommentAction","name":"Comment","target":["https:\/\/7culture.ci\/index.php\/2022\/09\/19\/ks-bloom-a-conquis-lathenee-de-la-gombe-de-kinshasa\/#respond"]}]},{"@type":"WebPage","@id":"https:\/\/7culture.ci\/index.php\/2022\/09\/19\/ks-bloom-a-conquis-lathenee-de-la-gombe-de-kinshasa\/","url":"https:\/\/7culture.ci\/index.php\/2022\/09\/19\/ks-bloom-a-conquis-lathenee-de-la-gombe-de-kinshasa\/","name":"Ks Bloom a conquis l\u2019Ath\u00e9n\u00e9e de la Gombe de Kinshasa -","isPartOf":{"@id":"https:\/\/7culture.ci\/#website"},"datePublished":"2022-09-19T14:00:37+00:00","dateModified":"2022-09-19T15:35:54+00:00","breadcrumb":{"@id":"https:\/\/7culture.ci\/index.php\/2022\/09\/19\/ks-bloom-a-conquis-lathenee-de-la-gombe-de-kinshasa\/#breadcrumb"},"inLanguage":"fr-FR","potentialAction":[{"@type":"ReadAction","target":["https:\/\/7culture.ci\/index.php\/2022\/09\/19\/ks-bloom-a-conquis-lathenee-de-la-gombe-de-kinshasa\/"]}]},{"@type":"BreadcrumbList","@id":"https:\/\/7culture.ci\/index.php\/2022\/09\/19\/ks-bloom-a-conquis-lathenee-de-la-gombe-de-kinshasa\/#breadcrumb","itemListElement":[{"@type":"ListItem","position":1,"name":"Accueil","item":"https:\/\/7culture.ci\/"},{"@type":"ListItem","position":2,"name":"Ks Bloom a conquis l\u2019Ath\u00e9n\u00e9e de la Gombe de Kinshasa"}]},{"@type":"WebSite","@id":"https:\/\/7culture.ci\/#website","url":"https:\/\/7culture.ci\/","name":"7culture","description":"Tout sur l&#039;actualit\u00e9","publisher":{"@id":"https:\/\/7culture.ci\/#organization"},"potentialAction":[{"@type":"SearchAction","target":{"@type":"EntryPoint","urlTemplate":"https:\/\/7culture.ci\/?s={search_term_string}"},"query-input":"required name=search_term_string"}],"inLanguage":"fr-FR"},{"@type":"Organization","@id":"https:\/\/7culture.ci\/#organization","name":"7culture","url":"https:\/\/7culture.ci\/","sameAs":["https:\/\/www.facebook.com\/redchefclaude","https:\/\/twitter.com\/7culturec"],"logo":{"@type":"ImageObject","inLanguage":"fr-FR","@id":"https:\/\/7culture.ci\/#\/schema\/logo\/image\/","url":"https:\/\/7culture.ci\/wp-content\/uploads\/2021\/12\/S1a-1.png","contentUrl":"https:\/\/7culture.ci\/wp-content\/uploads\/2021\/12\/S1a-1.png","width":588,"height":192,"caption":"7culture"},"image":{"@id":"https:\/\/7culture.ci\/#\/schema\/logo\/image\/"}},{"@type":"Person","@id":"https:\/\/7culture.ci\/#\/schema\/person\/16150d28d7ef66ba788c1f87f28c4426","name":"7culture2020","image":{"@type":"ImageObject","inLanguage":"fr-FR","@id":"https:\/\/7culture.ci\/#\/schema\/person\/image\/","url":"https:\/\/secure.gravatar.com\/avatar\/9a0784f951306c37bcd065f52844ef95?s=96&d=mm&r=g","contentUrl":"https:\/\/secure.gravatar.com\/avatar\/9a0784f951306c37bcd065f52844ef95?s=96&d=mm&r=g","caption":"7culture2020"},"sameAs":["http:\/\/7culture.ci","Claude.kipre"],"url":"https:\/\/7culture.ci\/index.php\/author\/7culture2020\/"}]}},"jetpack_featured_media_url":"https:\/\/7culture.ci\/wp-content\/uploads\/2022\/09\/WhatsApp-Image-2022-09-19-at-11.33.37.jpeg","jetpack_likes_enabled":true,"jetpack_sharing_enabled":true,"_links":{"self":[{"href":"https:\/\/7culture.ci\/index.php\/wp-json\/wp\/v2\/posts\/23923"}],"collection":[{"href":"https:\/\/7culture.ci\/index.php\/wp-json\/wp\/v2\/posts"}],"about":[{"href":"https:\/\/7culture.ci\/index.php\/wp-json\/wp\/v2\/types\/post"}],"author":[{"embeddable":true,"href":"https:\/\/7culture.ci\/index.php\/wp-json\/wp\/v2\/users\/1"}],"replies":[{"embeddable":true,"href":"https:\/\/7culture.ci\/index.php\/wp-json\/wp\/v2\/comments?post=23923"}],"version-history":[{"count":0,"href":"https:\/\/7culture.ci\/index.php\/wp-json\/wp\/v2\/posts\/23923\/revisions"}],"wp:featuredmedia":[{"embeddable":true,"href":"https:\/\/7culture.ci\/index.php\/wp-json\/wp\/v2\/media\/23925"}],"wp:attachment":[{"href":"https:\/\/7culture.ci\/index.php\/wp-json\/wp\/v2\/media?parent=23923"}],"wp:term":[{"taxonomy":"category","embeddable":true,"href":"https:\/\/7culture.ci\/index.php\/wp-json\/wp\/v2\/categories?post=23923"},{"taxonomy":"post_tag","embeddable":true,"href":"https:\/\/7culture.ci\/index.php\/wp-json\/wp\/v2\/tags?post=23923"}],"curies":[{"name":"wp","href":"https:\/\/api.w.org\/{rel}","templated":true}]}}