{"id":23903,"date":"2022-09-19T11:17:29","date_gmt":"2022-09-19T11:17:29","guid":{"rendered":"https:\/\/7culture.ci\/?p=23903"},"modified":"2022-09-19T12:42:21","modified_gmt":"2022-09-19T12:42:21","slug":"lutte-contre-les-vbg-le-film-kahonam-vient-en-renfort","status":"publish","type":"post","link":"https:\/\/7culture.ci\/index.php\/2022\/09\/19\/lutte-contre-les-vbg-le-film-kahonam-vient-en-renfort\/","title":{"rendered":"Lutte contre les VBG\u00a0: le film \u2018\u2019Kahonam\u2019\u2019 vient en renfort"},"content":{"rendered":"\n<p>La campagne annuelle des \u2018\u201916 jours d\u2019activisme contre les violences bas\u00e9es sur le genre\u2019\u2019 &nbsp;&nbsp;d\u00e9butera le 25 novembre prochain. Cette ann\u00e9e, cet \u00e9v\u00e8nement \u00e0 l\u2019endroit des violences faites aux femmes, est soutenu par la sortie d\u2019un film de sensibilisation baptis\u00e9 \u2018\u2019<strong><em>Kahonam<\/em><\/strong>\u2019\u2019. La c\u00e9r\u00e9monie de lancement de cette campagne et la d\u00e9dicace du livre \u2018\u2019Une f\u00e9minit\u00e9 amput\u00e9e\u2019\u2019 dont est tir\u00e9 le film, ont eu lieu le jeudi 15 septembre 2022 \u00e0 la salle de conf\u00e9rence de l\u2019Institut Goethe \u00e0 Cocody.<\/p>\n\n\n\n<p>Intitul\u00e9<strong> \u2018\u2019<em>Kahonam<\/em>\u2019\u2019<\/strong>, le film est une s\u00e9rie de deux longs-m\u00e9trages, tir\u00e9 du roman <strong>\u2018<em>\u2019Une f\u00e9minit\u00e9 amput\u00e9e<\/em>\u2019\u2019 <\/strong>d\u2019Adline Camara<strong>.<\/strong> R\u00e9alis\u00e9e par Abubakar Surajudeen, ce film sera disponible dans les salles de cin\u00e9ma d\u2019Abidjan et \u00e0 la t\u00e9l\u00e9vision dans le mois de novembre. Le premier volet dure 1h38 et le second 1h42.&nbsp; &nbsp;<\/p>\n\n\n\n<figure class=\"wp-block-gallery has-nested-images columns-default is-cropped wp-block-gallery-1 is-layout-flex wp-block-gallery-is-layout-flex\">\n<figure class=\"wp-block-image size-large\"><img loading=\"lazy\" decoding=\"async\" width=\"683\" height=\"1024\" data-id=\"23906\" src=\"https:\/\/7culture.ci\/wp-content\/uploads\/2022\/09\/IMG-20220916-WA0019.jpg\" alt=\"\" class=\"wp-image-23906\" srcset=\"https:\/\/7culture.ci\/wp-content\/uploads\/2022\/09\/IMG-20220916-WA0019.jpg 683w, https:\/\/7culture.ci\/wp-content\/uploads\/2022\/09\/IMG-20220916-WA0019-200x300.jpg 200w\" sizes=\"(max-width: 683px) 100vw, 683px\" \/><\/figure>\n\n\n\n<figure class=\"wp-block-image size-large\"><img loading=\"lazy\" decoding=\"async\" width=\"524\" height=\"1024\" data-id=\"23908\" src=\"https:\/\/7culture.ci\/wp-content\/uploads\/2022\/09\/IMG-20220916-WA0020.jpg\" alt=\"\" class=\"wp-image-23908\" srcset=\"https:\/\/7culture.ci\/wp-content\/uploads\/2022\/09\/IMG-20220916-WA0020.jpg 524w, https:\/\/7culture.ci\/wp-content\/uploads\/2022\/09\/IMG-20220916-WA0020-154x300.jpg 154w\" sizes=\"(max-width: 524px) 100vw, 524px\" \/><\/figure>\n\n\n\n<figure class=\"wp-block-image size-large\"><img loading=\"lazy\" decoding=\"async\" width=\"1024\" height=\"683\" data-id=\"23907\" src=\"https:\/\/7culture.ci\/wp-content\/uploads\/2022\/09\/IMG-20220916-WA0023-1024x683.jpg\" alt=\"\" class=\"wp-image-23907\" srcset=\"https:\/\/7culture.ci\/wp-content\/uploads\/2022\/09\/IMG-20220916-WA0023-1024x683.jpg 1024w, https:\/\/7culture.ci\/wp-content\/uploads\/2022\/09\/IMG-20220916-WA0023-300x200.jpg 300w, https:\/\/7culture.ci\/wp-content\/uploads\/2022\/09\/IMG-20220916-WA0023-768x512.jpg 768w, https:\/\/7culture.ci\/wp-content\/uploads\/2022\/09\/IMG-20220916-WA0023.jpg 1080w\" sizes=\"(max-width: 1024px) 100vw, 1024px\" \/><\/figure>\n<\/figure>\n\n\n\n<p>La productrice de ce projet, Mme Adline Camara, a remerci\u00e9 toutes les personnes qui ont contribu\u00e9 \u00e0 donner forme \u00e0 ce film sensibilisateur. Selon elle,l\u2019objectif est d\u2019accroitre la sensibilisation du public et la mobilisation sociale pour mieux combattre et pr\u00e9venir les violences faites aux femmes. <strong>\u00ab <em>\u00c0 travers ce programme, nous esp\u00e9rons accroitre la mobilisation des acteurs sur le rep\u00e9rage des violences faites aux femmes, intensifier et \u00e9tendre la formation<\/em><\/strong><em> <strong>enfin de mieux renforcer la protection des femmes victimes de violences en faisant \u00e9voluer le cadre juridique<\/strong><\/em><strong>&nbsp;\u00bb, <\/strong>a-t-elle d\u00e9clar\u00e9 devant le parterre d\u2019invit\u00e9s de marques pr\u00e9sents.<\/p>\n\n\n\n<figure class=\"wp-block-image aligncenter size-full is-resized\"><img loading=\"lazy\" decoding=\"async\" src=\"https:\/\/7culture.ci\/wp-content\/uploads\/2022\/09\/WhatsApp-Image-2022-08-18-at-14.09.33-1.jpeg\" alt=\"\" class=\"wp-image-23915\" width=\"399\" height=\"585\" srcset=\"https:\/\/7culture.ci\/wp-content\/uploads\/2022\/09\/WhatsApp-Image-2022-08-18-at-14.09.33-1.jpeg 614w, https:\/\/7culture.ci\/wp-content\/uploads\/2022\/09\/WhatsApp-Image-2022-08-18-at-14.09.33-1-204x300.jpeg 204w\" sizes=\"(max-width: 399px) 100vw, 399px\" \/><\/figure>\n\n\n\n<p><strong>\u00ab&nbsp;<em>Les violences faites aux femmes, qu\u2019elles soient \u00e9conomiques ou sexuelles, sont \u00e9normes. Et tant que \u00e7a continue, la soci\u00e9t\u00e9 ne pourra pas \u00e9voluer. Quand la moiti\u00e9 de la population vit dans la peur, \u00e7a affecte toute la soci\u00e9t\u00e9. Il est possible de faire changer les choses. Et \u00e7a commence ici, \u00e7a commence avec vous. C\u2019est un message tr\u00e8s puissant et j\u2019aimerais que vous le preniez sur vous et que vous le v\u00e9hiculez. Dans le pass\u00e9, la violence faite aux femmes et aux jeunes filles a \u00e9t\u00e9 tol\u00e9r\u00e9e. \u00c7a ne doit pas continuer<\/em>&nbsp;\u00bb, <\/strong>a martel\u00e9 pour sa part Mme Helene Burkley, la responsable OSA group venue de la Nouvelle Z\u00e9lande.<\/p>\n\n\n\n<figure class=\"wp-block-gallery has-nested-images columns-default is-cropped wp-block-gallery-2 is-layout-flex wp-block-gallery-is-layout-flex\">\n<figure class=\"wp-block-image size-large\"><img loading=\"lazy\" decoding=\"async\" width=\"1024\" height=\"683\" data-id=\"23910\" src=\"https:\/\/7culture.ci\/wp-content\/uploads\/2022\/09\/IMG-20220916-WA0025-1024x683.jpg\" alt=\"\" class=\"wp-image-23910\" srcset=\"https:\/\/7culture.ci\/wp-content\/uploads\/2022\/09\/IMG-20220916-WA0025-1024x683.jpg 1024w, https:\/\/7culture.ci\/wp-content\/uploads\/2022\/09\/IMG-20220916-WA0025-300x200.jpg 300w, https:\/\/7culture.ci\/wp-content\/uploads\/2022\/09\/IMG-20220916-WA0025-768x512.jpg 768w, https:\/\/7culture.ci\/wp-content\/uploads\/2022\/09\/IMG-20220916-WA0025.jpg 1080w\" sizes=\"(max-width: 1024px) 100vw, 1024px\" \/><\/figure>\n\n\n\n<figure class=\"wp-block-image size-large\"><img loading=\"lazy\" decoding=\"async\" width=\"1024\" height=\"768\" data-id=\"23909\" src=\"https:\/\/7culture.ci\/wp-content\/uploads\/2022\/09\/IMG-20220916-WA0028-1024x768.jpg\" alt=\"\" class=\"wp-image-23909\" srcset=\"https:\/\/7culture.ci\/wp-content\/uploads\/2022\/09\/IMG-20220916-WA0028-1024x768.jpg 1024w, https:\/\/7culture.ci\/wp-content\/uploads\/2022\/09\/IMG-20220916-WA0028-300x225.jpg 300w, https:\/\/7culture.ci\/wp-content\/uploads\/2022\/09\/IMG-20220916-WA0028-768x576.jpg 768w, https:\/\/7culture.ci\/wp-content\/uploads\/2022\/09\/IMG-20220916-WA0028.jpg 1080w\" sizes=\"(max-width: 1024px) 100vw, 1024px\" \/><\/figure>\n\n\n\n<figure class=\"wp-block-image size-large\"><img loading=\"lazy\" decoding=\"async\" width=\"1024\" height=\"683\" data-id=\"23911\" src=\"https:\/\/7culture.ci\/wp-content\/uploads\/2022\/09\/IMG-20220916-WA0030.jpg\" alt=\"\" class=\"wp-image-23911\" srcset=\"https:\/\/7culture.ci\/wp-content\/uploads\/2022\/09\/IMG-20220916-WA0030.jpg 1024w, https:\/\/7culture.ci\/wp-content\/uploads\/2022\/09\/IMG-20220916-WA0030-300x200.jpg 300w, https:\/\/7culture.ci\/wp-content\/uploads\/2022\/09\/IMG-20220916-WA0030-768x512.jpg 768w\" sizes=\"(max-width: 1024px) 100vw, 1024px\" \/><\/figure>\n<\/figure>\n\n\n\n<p>La c\u00e9r\u00e9monie a pris fin par une photo de famille et une s\u00e9ance de d\u00e9dicace du livre apr\u00e8s l\u2019intervention de la Miss C\u00f4te d\u2019Ivoire 2022. Qui s\u2019est engag\u00e9e dans la lutte contre les violences bas\u00e9es sur le genre. &nbsp;<\/p>\n\n\n\n<p>Thierry Samuel<\/p>\n","protected":false},"excerpt":{"rendered":"<p>La campagne annuelle des \u2018\u201916 jours d\u2019activisme contre les violences bas\u00e9es sur le genre\u2019\u2019 &nbsp;&nbsp;d\u00e9butera le 25 novembre prochain. Cette ann\u00e9e, cet \u00e9v\u00e8nement \u00e0 l\u2019endroit des violences faites aux femmes, est soutenu par la sortie d\u2019un film de sensibilisation baptis\u00e9 \u2018\u2019Kahonam\u2019\u2019. La c\u00e9r\u00e9monie de lancement de cette campagne et la d\u00e9dicace du livre \u2018\u2019Une f\u00e9minit\u00e9 &hellip;<\/p>\n<p class=\"read-more\"> <a class=\"\" href=\"https:\/\/7culture.ci\/index.php\/2022\/09\/19\/lutte-contre-les-vbg-le-film-kahonam-vient-en-renfort\/\"> <span class=\"screen-reader-text\">Lutte contre les VBG\u00a0: le film \u2018\u2019Kahonam\u2019\u2019 vient en renfort<\/span> Lire la suite\u00a0\u00bb<\/a><\/p>\n","protected":false},"author":1,"featured_media":23905,"comment_status":"open","ping_status":"open","sticky":false,"template":"","format":"standard","meta":{"_mi_skip_tracking":false,"_monsterinsights_sitenote_active":false,"_monsterinsights_sitenote_note":"","_monsterinsights_sitenote_category":0,"site-sidebar-layout":"default","site-content-layout":"default","ast-global-header-display":"","ast-main-header-display":"","ast-hfb-above-header-display":"","ast-hfb-below-header-display":"","ast-hfb-mobile-header-display":"","site-post-title":"","ast-breadcrumbs-content":"","ast-featured-img":"","footer-sml-layout":"","theme-transparent-header-meta":"","adv-header-id-meta":"","stick-header-meta":"","header-above-stick-meta":"","header-main-stick-meta":"","header-below-stick-meta":"","footnotes":"","jetpack_publicize_message":"","jetpack_is_tweetstorm":false,"jetpack_publicize_feature_enabled":true},"categories":[36],"tags":[],"jetpack_publicize_connections":[],"acf":[],"aioseo_notices":[],"yoast_head":"<!-- This site is optimized with the Yoast SEO plugin v19.6.1 - https:\/\/yoast.com\/wordpress\/plugins\/seo\/ -->\n<title>Lutte contre les VBG\u00a0: le film \u2018\u2019Kahonam\u2019\u2019 vient en renfort -<\/title>\n<meta name=\"robots\" content=\"index, follow, max-snippet:-1, max-image-preview:large, max-video-preview:-1\" \/>\n<link rel=\"canonical\" href=\"https:\/\/7culture.ci\/index.php\/2022\/09\/19\/lutte-contre-les-vbg-le-film-kahonam-vient-en-renfort\/\" \/>\n<meta property=\"og:locale\" content=\"fr_FR\" \/>\n<meta property=\"og:type\" content=\"article\" \/>\n<meta property=\"og:title\" content=\"Lutte contre les VBG\u00a0: le film \u2018\u2019Kahonam\u2019\u2019 vient en renfort -\" \/>\n<meta property=\"og:description\" content=\"La campagne annuelle des \u2018\u201916 jours d\u2019activisme contre les violences bas\u00e9es sur le genre\u2019\u2019 &nbsp;&nbsp;d\u00e9butera le 25 novembre prochain. Cette ann\u00e9e, cet \u00e9v\u00e8nement \u00e0 l\u2019endroit des violences faites aux femmes, est soutenu par la sortie d\u2019un film de sensibilisation baptis\u00e9 \u2018\u2019Kahonam\u2019\u2019. La c\u00e9r\u00e9monie de lancement de cette campagne et la d\u00e9dicace du livre \u2018\u2019Une f\u00e9minit\u00e9 &hellip; Lutte contre les VBG\u00a0: le film \u2018\u2019Kahonam\u2019\u2019 vient en renfort Lire la suite\u00a0\u00bb\" \/>\n<meta property=\"og:url\" content=\"https:\/\/7culture.ci\/index.php\/2022\/09\/19\/lutte-contre-les-vbg-le-film-kahonam-vient-en-renfort\/\" \/>\n<meta property=\"og:site_name\" content=\"7culture\" \/>\n<meta property=\"article:publisher\" content=\"https:\/\/www.facebook.com\/redchefclaude\" \/>\n<meta property=\"article:published_time\" content=\"2022-09-19T11:17:29+00:00\" \/>\n<meta property=\"article:modified_time\" content=\"2022-09-19T12:42:21+00:00\" \/>\n<meta property=\"og:image\" content=\"http:\/\/7culture.ci\/wp-content\/uploads\/2022\/09\/IMG-20220916-WA0029.jpg\" \/>\n\t<meta property=\"og:image:width\" content=\"1024\" \/>\n\t<meta property=\"og:image:height\" content=\"683\" \/>\n\t<meta property=\"og:image:type\" content=\"image\/jpeg\" \/>\n<meta name=\"author\" content=\"7culture2020\" \/>\n<meta name=\"twitter:card\" content=\"summary_large_image\" \/>\n<meta name=\"twitter:creator\" content=\"@7culturec\" \/>\n<meta name=\"twitter:site\" content=\"@7culturec\" \/>\n<meta name=\"twitter:label1\" content=\"\u00c9crit par\" \/>\n\t<meta name=\"twitter:data1\" content=\"7culture2020\" \/>\n\t<meta name=\"twitter:label2\" content=\"Dur\u00e9e de lecture estim\u00e9e\" \/>\n\t<meta name=\"twitter:data2\" content=\"2 minutes\" \/>\n<script type=\"application\/ld+json\" class=\"yoast-schema-graph\">{\"@context\":\"https:\/\/schema.org\",\"@graph\":[{\"@type\":\"Article\",\"@id\":\"https:\/\/7culture.ci\/index.php\/2022\/09\/19\/lutte-contre-les-vbg-le-film-kahonam-vient-en-renfort\/#article\",\"isPartOf\":{\"@id\":\"https:\/\/7culture.ci\/index.php\/2022\/09\/19\/lutte-contre-les-vbg-le-film-kahonam-vient-en-renfort\/\"},\"author\":{\"name\":\"7culture2020\",\"@id\":\"https:\/\/7culture.ci\/#\/schema\/person\/16150d28d7ef66ba788c1f87f28c4426\"},\"headline\":\"Lutte contre les VBG\u00a0: le film \u2018\u2019Kahonam\u2019\u2019 vient en renfort\",\"datePublished\":\"2022-09-19T11:17:29+00:00\",\"dateModified\":\"2022-09-19T12:42:21+00:00\",\"mainEntityOfPage\":{\"@id\":\"https:\/\/7culture.ci\/index.php\/2022\/09\/19\/lutte-contre-les-vbg-le-film-kahonam-vient-en-renfort\/\"},\"wordCount\":435,\"commentCount\":0,\"publisher\":{\"@id\":\"https:\/\/7culture.ci\/#organization\"},\"articleSection\":[\"Cin\u00e9ma\"],\"inLanguage\":\"fr-FR\",\"potentialAction\":[{\"@type\":\"CommentAction\",\"name\":\"Comment\",\"target\":[\"https:\/\/7culture.ci\/index.php\/2022\/09\/19\/lutte-contre-les-vbg-le-film-kahonam-vient-en-renfort\/#respond\"]}]},{\"@type\":\"WebPage\",\"@id\":\"https:\/\/7culture.ci\/index.php\/2022\/09\/19\/lutte-contre-les-vbg-le-film-kahonam-vient-en-renfort\/\",\"url\":\"https:\/\/7culture.ci\/index.php\/2022\/09\/19\/lutte-contre-les-vbg-le-film-kahonam-vient-en-renfort\/\",\"name\":\"Lutte contre les VBG\u00a0: le film \u2018\u2019Kahonam\u2019\u2019 vient en renfort -\",\"isPartOf\":{\"@id\":\"https:\/\/7culture.ci\/#website\"},\"datePublished\":\"2022-09-19T11:17:29+00:00\",\"dateModified\":\"2022-09-19T12:42:21+00:00\",\"breadcrumb\":{\"@id\":\"https:\/\/7culture.ci\/index.php\/2022\/09\/19\/lutte-contre-les-vbg-le-film-kahonam-vient-en-renfort\/#breadcrumb\"},\"inLanguage\":\"fr-FR\",\"potentialAction\":[{\"@type\":\"ReadAction\",\"target\":[\"https:\/\/7culture.ci\/index.php\/2022\/09\/19\/lutte-contre-les-vbg-le-film-kahonam-vient-en-renfort\/\"]}]},{\"@type\":\"BreadcrumbList\",\"@id\":\"https:\/\/7culture.ci\/index.php\/2022\/09\/19\/lutte-contre-les-vbg-le-film-kahonam-vient-en-renfort\/#breadcrumb\",\"itemListElement\":[{\"@type\":\"ListItem\",\"position\":1,\"name\":\"Accueil\",\"item\":\"https:\/\/7culture.ci\/\"},{\"@type\":\"ListItem\",\"position\":2,\"name\":\"Lutte contre les VBG\u00a0: le film \u2018\u2019Kahonam\u2019\u2019 vient en renfort\"}]},{\"@type\":\"WebSite\",\"@id\":\"https:\/\/7culture.ci\/#website\",\"url\":\"https:\/\/7culture.ci\/\",\"name\":\"7culture\",\"description\":\"Tout sur l&#039;actualit\u00e9\",\"publisher\":{\"@id\":\"https:\/\/7culture.ci\/#organization\"},\"potentialAction\":[{\"@type\":\"SearchAction\",\"target\":{\"@type\":\"EntryPoint\",\"urlTemplate\":\"https:\/\/7culture.ci\/?s={search_term_string}\"},\"query-input\":\"required name=search_term_string\"}],\"inLanguage\":\"fr-FR\"},{\"@type\":\"Organization\",\"@id\":\"https:\/\/7culture.ci\/#organization\",\"name\":\"7culture\",\"url\":\"https:\/\/7culture.ci\/\",\"sameAs\":[\"https:\/\/www.facebook.com\/redchefclaude\",\"https:\/\/twitter.com\/7culturec\"],\"logo\":{\"@type\":\"ImageObject\",\"inLanguage\":\"fr-FR\",\"@id\":\"https:\/\/7culture.ci\/#\/schema\/logo\/image\/\",\"url\":\"https:\/\/7culture.ci\/wp-content\/uploads\/2021\/12\/S1a-1.png\",\"contentUrl\":\"https:\/\/7culture.ci\/wp-content\/uploads\/2021\/12\/S1a-1.png\",\"width\":588,\"height\":192,\"caption\":\"7culture\"},\"image\":{\"@id\":\"https:\/\/7culture.ci\/#\/schema\/logo\/image\/\"}},{\"@type\":\"Person\",\"@id\":\"https:\/\/7culture.ci\/#\/schema\/person\/16150d28d7ef66ba788c1f87f28c4426\",\"name\":\"7culture2020\",\"image\":{\"@type\":\"ImageObject\",\"inLanguage\":\"fr-FR\",\"@id\":\"https:\/\/7culture.ci\/#\/schema\/person\/image\/\",\"url\":\"https:\/\/secure.gravatar.com\/avatar\/9a0784f951306c37bcd065f52844ef95?s=96&d=mm&r=g\",\"contentUrl\":\"https:\/\/secure.gravatar.com\/avatar\/9a0784f951306c37bcd065f52844ef95?s=96&d=mm&r=g\",\"caption\":\"7culture2020\"},\"sameAs\":[\"http:\/\/7culture.ci\",\"Claude.kipre\"],\"url\":\"https:\/\/7culture.ci\/index.php\/author\/7culture2020\/\"}]}<\/script>\n<!-- \/ Yoast SEO plugin. -->","yoast_head_json":{"title":"Lutte contre les VBG\u00a0: le film \u2018\u2019Kahonam\u2019\u2019 vient en renfort -","robots":{"index":"index","follow":"follow","max-snippet":"max-snippet:-1","max-image-preview":"max-image-preview:large","max-video-preview":"max-video-preview:-1"},"canonical":"https:\/\/7culture.ci\/index.php\/2022\/09\/19\/lutte-contre-les-vbg-le-film-kahonam-vient-en-renfort\/","og_locale":"fr_FR","og_type":"article","og_title":"Lutte contre les VBG\u00a0: le film \u2018\u2019Kahonam\u2019\u2019 vient en renfort -","og_description":"La campagne annuelle des \u2018\u201916 jours d\u2019activisme contre les violences bas\u00e9es sur le genre\u2019\u2019 &nbsp;&nbsp;d\u00e9butera le 25 novembre prochain. Cette ann\u00e9e, cet \u00e9v\u00e8nement \u00e0 l\u2019endroit des violences faites aux femmes, est soutenu par la sortie d\u2019un film de sensibilisation baptis\u00e9 \u2018\u2019Kahonam\u2019\u2019. La c\u00e9r\u00e9monie de lancement de cette campagne et la d\u00e9dicace du livre \u2018\u2019Une f\u00e9minit\u00e9 &hellip; Lutte contre les VBG\u00a0: le film \u2018\u2019Kahonam\u2019\u2019 vient en renfort Lire la suite\u00a0\u00bb","og_url":"https:\/\/7culture.ci\/index.php\/2022\/09\/19\/lutte-contre-les-vbg-le-film-kahonam-vient-en-renfort\/","og_site_name":"7culture","article_publisher":"https:\/\/www.facebook.com\/redchefclaude","article_published_time":"2022-09-19T11:17:29+00:00","article_modified_time":"2022-09-19T12:42:21+00:00","og_image":[{"width":1024,"height":683,"url":"http:\/\/7culture.ci\/wp-content\/uploads\/2022\/09\/IMG-20220916-WA0029.jpg","type":"image\/jpeg"}],"author":"7culture2020","twitter_card":"summary_large_image","twitter_creator":"@7culturec","twitter_site":"@7culturec","twitter_misc":{"\u00c9crit par":"7culture2020","Dur\u00e9e de lecture estim\u00e9e":"2 minutes"},"schema":{"@context":"https:\/\/schema.org","@graph":[{"@type":"Article","@id":"https:\/\/7culture.ci\/index.php\/2022\/09\/19\/lutte-contre-les-vbg-le-film-kahonam-vient-en-renfort\/#article","isPartOf":{"@id":"https:\/\/7culture.ci\/index.php\/2022\/09\/19\/lutte-contre-les-vbg-le-film-kahonam-vient-en-renfort\/"},"author":{"name":"7culture2020","@id":"https:\/\/7culture.ci\/#\/schema\/person\/16150d28d7ef66ba788c1f87f28c4426"},"headline":"Lutte contre les VBG\u00a0: le film \u2018\u2019Kahonam\u2019\u2019 vient en renfort","datePublished":"2022-09-19T11:17:29+00:00","dateModified":"2022-09-19T12:42:21+00:00","mainEntityOfPage":{"@id":"https:\/\/7culture.ci\/index.php\/2022\/09\/19\/lutte-contre-les-vbg-le-film-kahonam-vient-en-renfort\/"},"wordCount":435,"commentCount":0,"publisher":{"@id":"https:\/\/7culture.ci\/#organization"},"articleSection":["Cin\u00e9ma"],"inLanguage":"fr-FR","potentialAction":[{"@type":"CommentAction","name":"Comment","target":["https:\/\/7culture.ci\/index.php\/2022\/09\/19\/lutte-contre-les-vbg-le-film-kahonam-vient-en-renfort\/#respond"]}]},{"@type":"WebPage","@id":"https:\/\/7culture.ci\/index.php\/2022\/09\/19\/lutte-contre-les-vbg-le-film-kahonam-vient-en-renfort\/","url":"https:\/\/7culture.ci\/index.php\/2022\/09\/19\/lutte-contre-les-vbg-le-film-kahonam-vient-en-renfort\/","name":"Lutte contre les VBG\u00a0: le film \u2018\u2019Kahonam\u2019\u2019 vient en renfort -","isPartOf":{"@id":"https:\/\/7culture.ci\/#website"},"datePublished":"2022-09-19T11:17:29+00:00","dateModified":"2022-09-19T12:42:21+00:00","breadcrumb":{"@id":"https:\/\/7culture.ci\/index.php\/2022\/09\/19\/lutte-contre-les-vbg-le-film-kahonam-vient-en-renfort\/#breadcrumb"},"inLanguage":"fr-FR","potentialAction":[{"@type":"ReadAction","target":["https:\/\/7culture.ci\/index.php\/2022\/09\/19\/lutte-contre-les-vbg-le-film-kahonam-vient-en-renfort\/"]}]},{"@type":"BreadcrumbList","@id":"https:\/\/7culture.ci\/index.php\/2022\/09\/19\/lutte-contre-les-vbg-le-film-kahonam-vient-en-renfort\/#breadcrumb","itemListElement":[{"@type":"ListItem","position":1,"name":"Accueil","item":"https:\/\/7culture.ci\/"},{"@type":"ListItem","position":2,"name":"Lutte contre les VBG\u00a0: le film \u2018\u2019Kahonam\u2019\u2019 vient en renfort"}]},{"@type":"WebSite","@id":"https:\/\/7culture.ci\/#website","url":"https:\/\/7culture.ci\/","name":"7culture","description":"Tout sur l&#039;actualit\u00e9","publisher":{"@id":"https:\/\/7culture.ci\/#organization"},"potentialAction":[{"@type":"SearchAction","target":{"@type":"EntryPoint","urlTemplate":"https:\/\/7culture.ci\/?s={search_term_string}"},"query-input":"required name=search_term_string"}],"inLanguage":"fr-FR"},{"@type":"Organization","@id":"https:\/\/7culture.ci\/#organization","name":"7culture","url":"https:\/\/7culture.ci\/","sameAs":["https:\/\/www.facebook.com\/redchefclaude","https:\/\/twitter.com\/7culturec"],"logo":{"@type":"ImageObject","inLanguage":"fr-FR","@id":"https:\/\/7culture.ci\/#\/schema\/logo\/image\/","url":"https:\/\/7culture.ci\/wp-content\/uploads\/2021\/12\/S1a-1.png","contentUrl":"https:\/\/7culture.ci\/wp-content\/uploads\/2021\/12\/S1a-1.png","width":588,"height":192,"caption":"7culture"},"image":{"@id":"https:\/\/7culture.ci\/#\/schema\/logo\/image\/"}},{"@type":"Person","@id":"https:\/\/7culture.ci\/#\/schema\/person\/16150d28d7ef66ba788c1f87f28c4426","name":"7culture2020","image":{"@type":"ImageObject","inLanguage":"fr-FR","@id":"https:\/\/7culture.ci\/#\/schema\/person\/image\/","url":"https:\/\/secure.gravatar.com\/avatar\/9a0784f951306c37bcd065f52844ef95?s=96&d=mm&r=g","contentUrl":"https:\/\/secure.gravatar.com\/avatar\/9a0784f951306c37bcd065f52844ef95?s=96&d=mm&r=g","caption":"7culture2020"},"sameAs":["http:\/\/7culture.ci","Claude.kipre"],"url":"https:\/\/7culture.ci\/index.php\/author\/7culture2020\/"}]}},"jetpack_featured_media_url":"https:\/\/7culture.ci\/wp-content\/uploads\/2022\/09\/IMG-20220916-WA0029.jpg","jetpack_likes_enabled":true,"jetpack_sharing_enabled":true,"_links":{"self":[{"href":"https:\/\/7culture.ci\/index.php\/wp-json\/wp\/v2\/posts\/23903"}],"collection":[{"href":"https:\/\/7culture.ci\/index.php\/wp-json\/wp\/v2\/posts"}],"about":[{"href":"https:\/\/7culture.ci\/index.php\/wp-json\/wp\/v2\/types\/post"}],"author":[{"embeddable":true,"href":"https:\/\/7culture.ci\/index.php\/wp-json\/wp\/v2\/users\/1"}],"replies":[{"embeddable":true,"href":"https:\/\/7culture.ci\/index.php\/wp-json\/wp\/v2\/comments?post=23903"}],"version-history":[{"count":0,"href":"https:\/\/7culture.ci\/index.php\/wp-json\/wp\/v2\/posts\/23903\/revisions"}],"wp:featuredmedia":[{"embeddable":true,"href":"https:\/\/7culture.ci\/index.php\/wp-json\/wp\/v2\/media\/23905"}],"wp:attachment":[{"href":"https:\/\/7culture.ci\/index.php\/wp-json\/wp\/v2\/media?parent=23903"}],"wp:term":[{"taxonomy":"category","embeddable":true,"href":"https:\/\/7culture.ci\/index.php\/wp-json\/wp\/v2\/categories?post=23903"},{"taxonomy":"post_tag","embeddable":true,"href":"https:\/\/7culture.ci\/index.php\/wp-json\/wp\/v2\/tags?post=23903"}],"curies":[{"name":"wp","href":"https:\/\/api.w.org\/{rel}","templated":true}]}}