{"id":23896,"date":"2022-09-19T10:16:52","date_gmt":"2022-09-19T10:16:52","guid":{"rendered":"https:\/\/7culture.ci\/?p=23896"},"modified":"2022-09-19T10:16:55","modified_gmt":"2022-09-19T10:16:55","slug":"nuit-du-bazin-tengrela-honore-les-femmes","status":"publish","type":"post","link":"https:\/\/7culture.ci\/index.php\/2022\/09\/19\/nuit-du-bazin-tengrela-honore-les-femmes\/","title":{"rendered":"<strong>Nuit du bazin&nbsp;: Tengrela honore les femmes<\/strong>"},"content":{"rendered":"\n<p>La ville de Tengr\u00e9la a accueilli la deuxi\u00e8me \u00e9dition de la \u201cNuit du Bazin\u201d le dimanche 11 septembre 2022 \u00e0 l\u2019esplanade de la pr\u00e9fecture.<\/p>\n\n\n\n<p>Ce spectacle tant attendu par les adeptes du bazin dans ladite cit\u00e9, a tenu toutes ses promesses. Plusieurs activit\u00e9s allant dans le cadre de l\u2019\u00e9v\u00e8nement ont meubl\u00e9 la journ\u00e9e du dimanche. Il s\u2019agit d\u2019une marche sportive et un match de gala entre deux formations f\u00e9minines. Dans la soir\u00e9e, les d\u00e9fil\u00e9s d\u2019exposition des bazins et les prestations artistiques ont permis aux populations de passer des moments conviviaux.<\/p>\n\n\n\n<p>L\u2019initiatrice du projet, Makoya Konat\u00e9, a salu\u00e9 la mobilisation des femmes et surtout la participation sur tous les plans des cadres du d\u00e9partement. L\u2019objectif \u00e9tait de valoriser les femmes de la cit\u00e9 du \u201cTin\u201c \u00e0 travers le textile.<\/p>\n\n\n\n<figure class=\"wp-block-image aligncenter size-full is-resized\"><img loading=\"lazy\" decoding=\"async\" src=\"https:\/\/7culture.ci\/wp-content\/uploads\/2022\/09\/WhatsApp-Image-2022-09-13-at-11.57.30-2.jpeg\" alt=\"\" class=\"wp-image-23899\" width=\"670\" height=\"447\" srcset=\"https:\/\/7culture.ci\/wp-content\/uploads\/2022\/09\/WhatsApp-Image-2022-09-13-at-11.57.30-2.jpeg 715w, https:\/\/7culture.ci\/wp-content\/uploads\/2022\/09\/WhatsApp-Image-2022-09-13-at-11.57.30-2-300x200.jpeg 300w\" sizes=\"(max-width: 670px) 100vw, 670px\" \/><\/figure>\n\n\n\n<p><strong>\u00ab&nbsp;L\u2019id\u00e9e de c\u00e9l\u00e9brer le bazin est une identit\u00e9 du Nordiste. Elle est aussi une mani\u00e8re de vendre notre culture. Et nous sommes heureux de pouvoir apporter notre contribution \u00e0 la p\u00e9rennisation de cette tradition&nbsp;\u00bb,<\/strong> a indiqu\u00e9 le parrain de cette seconde \u00e9dition, Dougona Bert\u00e9. Il en a profit\u00e9 pour faire des dons d\u2019une motopompe et de grandes marmites aux femmes.<\/p>\n\n\n\n<p>Thierry Samuel<\/p>\n","protected":false},"excerpt":{"rendered":"<p>La ville de Tengr\u00e9la a accueilli la deuxi\u00e8me \u00e9dition de la \u201cNuit du Bazin\u201d le dimanche 11 septembre 2022 \u00e0 l\u2019esplanade de la pr\u00e9fecture. Ce spectacle tant attendu par les adeptes du bazin dans ladite cit\u00e9, a tenu toutes ses promesses. Plusieurs activit\u00e9s allant dans le cadre de l\u2019\u00e9v\u00e8nement ont meubl\u00e9 la journ\u00e9e du dimanche. &hellip;<\/p>\n<p class=\"read-more\"> <a class=\"\" href=\"https:\/\/7culture.ci\/index.php\/2022\/09\/19\/nuit-du-bazin-tengrela-honore-les-femmes\/\"> <span class=\"screen-reader-text\"><strong>Nuit du bazin&nbsp;: Tengrela honore les femmes<\/strong><\/span> Lire la suite\u00a0\u00bb<\/a><\/p>\n","protected":false},"author":1,"featured_media":23898,"comment_status":"open","ping_status":"open","sticky":false,"template":"","format":"standard","meta":{"_mi_skip_tracking":false,"_monsterinsights_sitenote_active":false,"_monsterinsights_sitenote_note":"","_monsterinsights_sitenote_category":0,"site-sidebar-layout":"default","site-content-layout":"default","ast-global-header-display":"","ast-main-header-display":"","ast-hfb-above-header-display":"","ast-hfb-below-header-display":"","ast-hfb-mobile-header-display":"","site-post-title":"","ast-breadcrumbs-content":"","ast-featured-img":"","footer-sml-layout":"","theme-transparent-header-meta":"","adv-header-id-meta":"","stick-header-meta":"","header-above-stick-meta":"","header-main-stick-meta":"","header-below-stick-meta":"","footnotes":"","jetpack_publicize_message":"","jetpack_is_tweetstorm":false,"jetpack_publicize_feature_enabled":true},"categories":[39],"tags":[],"jetpack_publicize_connections":[],"acf":[],"aioseo_notices":[],"yoast_head":"<!-- This site is optimized with the Yoast SEO plugin v19.6.1 - https:\/\/yoast.com\/wordpress\/plugins\/seo\/ -->\n<title>Nuit du bazin&nbsp;: Tengrela honore les femmes - 7culture<\/title>\n<meta name=\"robots\" content=\"index, follow, max-snippet:-1, max-image-preview:large, max-video-preview:-1\" \/>\n<link rel=\"canonical\" href=\"https:\/\/7culture.ci\/index.php\/2022\/09\/19\/nuit-du-bazin-tengrela-honore-les-femmes\/\" \/>\n<meta property=\"og:locale\" content=\"fr_FR\" \/>\n<meta property=\"og:type\" content=\"article\" \/>\n<meta property=\"og:title\" content=\"Nuit du bazin&nbsp;: Tengrela honore les femmes - 7culture\" \/>\n<meta property=\"og:description\" content=\"La ville de Tengr\u00e9la a accueilli la deuxi\u00e8me \u00e9dition de la \u201cNuit du Bazin\u201d le dimanche 11 septembre 2022 \u00e0 l\u2019esplanade de la pr\u00e9fecture. Ce spectacle tant attendu par les adeptes du bazin dans ladite cit\u00e9, a tenu toutes ses promesses. Plusieurs activit\u00e9s allant dans le cadre de l\u2019\u00e9v\u00e8nement ont meubl\u00e9 la journ\u00e9e du dimanche. &hellip; Nuit du bazin&nbsp;: Tengrela honore les femmes Lire la suite\u00a0\u00bb\" \/>\n<meta property=\"og:url\" content=\"https:\/\/7culture.ci\/index.php\/2022\/09\/19\/nuit-du-bazin-tengrela-honore-les-femmes\/\" \/>\n<meta property=\"og:site_name\" content=\"7culture\" \/>\n<meta property=\"article:publisher\" content=\"https:\/\/www.facebook.com\/redchefclaude\" \/>\n<meta property=\"article:published_time\" content=\"2022-09-19T10:16:52+00:00\" \/>\n<meta property=\"article:modified_time\" content=\"2022-09-19T10:16:55+00:00\" \/>\n<meta property=\"og:image\" content=\"http:\/\/7culture.ci\/wp-content\/uploads\/2022\/09\/WhatsApp-Image-2022-09-13-at-11.57.30.jpeg\" \/>\n\t<meta property=\"og:image:width\" content=\"715\" \/>\n\t<meta property=\"og:image:height\" content=\"477\" \/>\n\t<meta property=\"og:image:type\" content=\"image\/jpeg\" \/>\n<meta name=\"author\" content=\"7culture2020\" \/>\n<meta name=\"twitter:card\" content=\"summary_large_image\" \/>\n<meta name=\"twitter:creator\" content=\"@7culturec\" \/>\n<meta name=\"twitter:site\" content=\"@7culturec\" \/>\n<meta name=\"twitter:label1\" content=\"\u00c9crit par\" \/>\n\t<meta name=\"twitter:data1\" content=\"7culture2020\" \/>\n\t<meta name=\"twitter:label2\" content=\"Dur\u00e9e de lecture estim\u00e9e\" \/>\n\t<meta name=\"twitter:data2\" content=\"1 minute\" \/>\n<script type=\"application\/ld+json\" class=\"yoast-schema-graph\">{\"@context\":\"https:\/\/schema.org\",\"@graph\":[{\"@type\":\"Article\",\"@id\":\"https:\/\/7culture.ci\/index.php\/2022\/09\/19\/nuit-du-bazin-tengrela-honore-les-femmes\/#article\",\"isPartOf\":{\"@id\":\"https:\/\/7culture.ci\/index.php\/2022\/09\/19\/nuit-du-bazin-tengrela-honore-les-femmes\/\"},\"author\":{\"name\":\"7culture2020\",\"@id\":\"https:\/\/7culture.ci\/#\/schema\/person\/16150d28d7ef66ba788c1f87f28c4426\"},\"headline\":\"Nuit du bazin&nbsp;: Tengrela honore les femmes\",\"datePublished\":\"2022-09-19T10:16:52+00:00\",\"dateModified\":\"2022-09-19T10:16:55+00:00\",\"mainEntityOfPage\":{\"@id\":\"https:\/\/7culture.ci\/index.php\/2022\/09\/19\/nuit-du-bazin-tengrela-honore-les-femmes\/\"},\"wordCount\":220,\"commentCount\":0,\"publisher\":{\"@id\":\"https:\/\/7culture.ci\/#organization\"},\"articleSection\":[\"Mode\"],\"inLanguage\":\"fr-FR\",\"potentialAction\":[{\"@type\":\"CommentAction\",\"name\":\"Comment\",\"target\":[\"https:\/\/7culture.ci\/index.php\/2022\/09\/19\/nuit-du-bazin-tengrela-honore-les-femmes\/#respond\"]}]},{\"@type\":\"WebPage\",\"@id\":\"https:\/\/7culture.ci\/index.php\/2022\/09\/19\/nuit-du-bazin-tengrela-honore-les-femmes\/\",\"url\":\"https:\/\/7culture.ci\/index.php\/2022\/09\/19\/nuit-du-bazin-tengrela-honore-les-femmes\/\",\"name\":\"Nuit du bazin&nbsp;: Tengrela honore les femmes - 7culture\",\"isPartOf\":{\"@id\":\"https:\/\/7culture.ci\/#website\"},\"datePublished\":\"2022-09-19T10:16:52+00:00\",\"dateModified\":\"2022-09-19T10:16:55+00:00\",\"breadcrumb\":{\"@id\":\"https:\/\/7culture.ci\/index.php\/2022\/09\/19\/nuit-du-bazin-tengrela-honore-les-femmes\/#breadcrumb\"},\"inLanguage\":\"fr-FR\",\"potentialAction\":[{\"@type\":\"ReadAction\",\"target\":[\"https:\/\/7culture.ci\/index.php\/2022\/09\/19\/nuit-du-bazin-tengrela-honore-les-femmes\/\"]}]},{\"@type\":\"BreadcrumbList\",\"@id\":\"https:\/\/7culture.ci\/index.php\/2022\/09\/19\/nuit-du-bazin-tengrela-honore-les-femmes\/#breadcrumb\",\"itemListElement\":[{\"@type\":\"ListItem\",\"position\":1,\"name\":\"Accueil\",\"item\":\"https:\/\/7culture.ci\/\"},{\"@type\":\"ListItem\",\"position\":2,\"name\":\"Nuit du bazin&nbsp;: Tengrela honore les femmes\"}]},{\"@type\":\"WebSite\",\"@id\":\"https:\/\/7culture.ci\/#website\",\"url\":\"https:\/\/7culture.ci\/\",\"name\":\"7culture\",\"description\":\"Tout sur l&#039;actualit\u00e9\",\"publisher\":{\"@id\":\"https:\/\/7culture.ci\/#organization\"},\"potentialAction\":[{\"@type\":\"SearchAction\",\"target\":{\"@type\":\"EntryPoint\",\"urlTemplate\":\"https:\/\/7culture.ci\/?s={search_term_string}\"},\"query-input\":\"required name=search_term_string\"}],\"inLanguage\":\"fr-FR\"},{\"@type\":\"Organization\",\"@id\":\"https:\/\/7culture.ci\/#organization\",\"name\":\"7culture\",\"url\":\"https:\/\/7culture.ci\/\",\"sameAs\":[\"https:\/\/www.facebook.com\/redchefclaude\",\"https:\/\/twitter.com\/7culturec\"],\"logo\":{\"@type\":\"ImageObject\",\"inLanguage\":\"fr-FR\",\"@id\":\"https:\/\/7culture.ci\/#\/schema\/logo\/image\/\",\"url\":\"https:\/\/7culture.ci\/wp-content\/uploads\/2021\/12\/S1a-1.png\",\"contentUrl\":\"https:\/\/7culture.ci\/wp-content\/uploads\/2021\/12\/S1a-1.png\",\"width\":588,\"height\":192,\"caption\":\"7culture\"},\"image\":{\"@id\":\"https:\/\/7culture.ci\/#\/schema\/logo\/image\/\"}},{\"@type\":\"Person\",\"@id\":\"https:\/\/7culture.ci\/#\/schema\/person\/16150d28d7ef66ba788c1f87f28c4426\",\"name\":\"7culture2020\",\"image\":{\"@type\":\"ImageObject\",\"inLanguage\":\"fr-FR\",\"@id\":\"https:\/\/7culture.ci\/#\/schema\/person\/image\/\",\"url\":\"https:\/\/secure.gravatar.com\/avatar\/9a0784f951306c37bcd065f52844ef95?s=96&d=mm&r=g\",\"contentUrl\":\"https:\/\/secure.gravatar.com\/avatar\/9a0784f951306c37bcd065f52844ef95?s=96&d=mm&r=g\",\"caption\":\"7culture2020\"},\"sameAs\":[\"http:\/\/7culture.ci\",\"Claude.kipre\"],\"url\":\"https:\/\/7culture.ci\/index.php\/author\/7culture2020\/\"}]}<\/script>\n<!-- \/ Yoast SEO plugin. -->","yoast_head_json":{"title":"Nuit du bazin&nbsp;: Tengrela honore les femmes - 7culture","robots":{"index":"index","follow":"follow","max-snippet":"max-snippet:-1","max-image-preview":"max-image-preview:large","max-video-preview":"max-video-preview:-1"},"canonical":"https:\/\/7culture.ci\/index.php\/2022\/09\/19\/nuit-du-bazin-tengrela-honore-les-femmes\/","og_locale":"fr_FR","og_type":"article","og_title":"Nuit du bazin&nbsp;: Tengrela honore les femmes - 7culture","og_description":"La ville de Tengr\u00e9la a accueilli la deuxi\u00e8me \u00e9dition de la \u201cNuit du Bazin\u201d le dimanche 11 septembre 2022 \u00e0 l\u2019esplanade de la pr\u00e9fecture. Ce spectacle tant attendu par les adeptes du bazin dans ladite cit\u00e9, a tenu toutes ses promesses. Plusieurs activit\u00e9s allant dans le cadre de l\u2019\u00e9v\u00e8nement ont meubl\u00e9 la journ\u00e9e du dimanche. &hellip; Nuit du bazin&nbsp;: Tengrela honore les femmes Lire la suite\u00a0\u00bb","og_url":"https:\/\/7culture.ci\/index.php\/2022\/09\/19\/nuit-du-bazin-tengrela-honore-les-femmes\/","og_site_name":"7culture","article_publisher":"https:\/\/www.facebook.com\/redchefclaude","article_published_time":"2022-09-19T10:16:52+00:00","article_modified_time":"2022-09-19T10:16:55+00:00","og_image":[{"width":715,"height":477,"url":"http:\/\/7culture.ci\/wp-content\/uploads\/2022\/09\/WhatsApp-Image-2022-09-13-at-11.57.30.jpeg","type":"image\/jpeg"}],"author":"7culture2020","twitter_card":"summary_large_image","twitter_creator":"@7culturec","twitter_site":"@7culturec","twitter_misc":{"\u00c9crit par":"7culture2020","Dur\u00e9e de lecture estim\u00e9e":"1 minute"},"schema":{"@context":"https:\/\/schema.org","@graph":[{"@type":"Article","@id":"https:\/\/7culture.ci\/index.php\/2022\/09\/19\/nuit-du-bazin-tengrela-honore-les-femmes\/#article","isPartOf":{"@id":"https:\/\/7culture.ci\/index.php\/2022\/09\/19\/nuit-du-bazin-tengrela-honore-les-femmes\/"},"author":{"name":"7culture2020","@id":"https:\/\/7culture.ci\/#\/schema\/person\/16150d28d7ef66ba788c1f87f28c4426"},"headline":"Nuit du bazin&nbsp;: Tengrela honore les femmes","datePublished":"2022-09-19T10:16:52+00:00","dateModified":"2022-09-19T10:16:55+00:00","mainEntityOfPage":{"@id":"https:\/\/7culture.ci\/index.php\/2022\/09\/19\/nuit-du-bazin-tengrela-honore-les-femmes\/"},"wordCount":220,"commentCount":0,"publisher":{"@id":"https:\/\/7culture.ci\/#organization"},"articleSection":["Mode"],"inLanguage":"fr-FR","potentialAction":[{"@type":"CommentAction","name":"Comment","target":["https:\/\/7culture.ci\/index.php\/2022\/09\/19\/nuit-du-bazin-tengrela-honore-les-femmes\/#respond"]}]},{"@type":"WebPage","@id":"https:\/\/7culture.ci\/index.php\/2022\/09\/19\/nuit-du-bazin-tengrela-honore-les-femmes\/","url":"https:\/\/7culture.ci\/index.php\/2022\/09\/19\/nuit-du-bazin-tengrela-honore-les-femmes\/","name":"Nuit du bazin&nbsp;: Tengrela honore les femmes - 7culture","isPartOf":{"@id":"https:\/\/7culture.ci\/#website"},"datePublished":"2022-09-19T10:16:52+00:00","dateModified":"2022-09-19T10:16:55+00:00","breadcrumb":{"@id":"https:\/\/7culture.ci\/index.php\/2022\/09\/19\/nuit-du-bazin-tengrela-honore-les-femmes\/#breadcrumb"},"inLanguage":"fr-FR","potentialAction":[{"@type":"ReadAction","target":["https:\/\/7culture.ci\/index.php\/2022\/09\/19\/nuit-du-bazin-tengrela-honore-les-femmes\/"]}]},{"@type":"BreadcrumbList","@id":"https:\/\/7culture.ci\/index.php\/2022\/09\/19\/nuit-du-bazin-tengrela-honore-les-femmes\/#breadcrumb","itemListElement":[{"@type":"ListItem","position":1,"name":"Accueil","item":"https:\/\/7culture.ci\/"},{"@type":"ListItem","position":2,"name":"Nuit du bazin&nbsp;: Tengrela honore les femmes"}]},{"@type":"WebSite","@id":"https:\/\/7culture.ci\/#website","url":"https:\/\/7culture.ci\/","name":"7culture","description":"Tout sur l&#039;actualit\u00e9","publisher":{"@id":"https:\/\/7culture.ci\/#organization"},"potentialAction":[{"@type":"SearchAction","target":{"@type":"EntryPoint","urlTemplate":"https:\/\/7culture.ci\/?s={search_term_string}"},"query-input":"required name=search_term_string"}],"inLanguage":"fr-FR"},{"@type":"Organization","@id":"https:\/\/7culture.ci\/#organization","name":"7culture","url":"https:\/\/7culture.ci\/","sameAs":["https:\/\/www.facebook.com\/redchefclaude","https:\/\/twitter.com\/7culturec"],"logo":{"@type":"ImageObject","inLanguage":"fr-FR","@id":"https:\/\/7culture.ci\/#\/schema\/logo\/image\/","url":"https:\/\/7culture.ci\/wp-content\/uploads\/2021\/12\/S1a-1.png","contentUrl":"https:\/\/7culture.ci\/wp-content\/uploads\/2021\/12\/S1a-1.png","width":588,"height":192,"caption":"7culture"},"image":{"@id":"https:\/\/7culture.ci\/#\/schema\/logo\/image\/"}},{"@type":"Person","@id":"https:\/\/7culture.ci\/#\/schema\/person\/16150d28d7ef66ba788c1f87f28c4426","name":"7culture2020","image":{"@type":"ImageObject","inLanguage":"fr-FR","@id":"https:\/\/7culture.ci\/#\/schema\/person\/image\/","url":"https:\/\/secure.gravatar.com\/avatar\/9a0784f951306c37bcd065f52844ef95?s=96&d=mm&r=g","contentUrl":"https:\/\/secure.gravatar.com\/avatar\/9a0784f951306c37bcd065f52844ef95?s=96&d=mm&r=g","caption":"7culture2020"},"sameAs":["http:\/\/7culture.ci","Claude.kipre"],"url":"https:\/\/7culture.ci\/index.php\/author\/7culture2020\/"}]}},"jetpack_featured_media_url":"https:\/\/7culture.ci\/wp-content\/uploads\/2022\/09\/WhatsApp-Image-2022-09-13-at-11.57.30.jpeg","jetpack_likes_enabled":true,"jetpack_sharing_enabled":true,"_links":{"self":[{"href":"https:\/\/7culture.ci\/index.php\/wp-json\/wp\/v2\/posts\/23896"}],"collection":[{"href":"https:\/\/7culture.ci\/index.php\/wp-json\/wp\/v2\/posts"}],"about":[{"href":"https:\/\/7culture.ci\/index.php\/wp-json\/wp\/v2\/types\/post"}],"author":[{"embeddable":true,"href":"https:\/\/7culture.ci\/index.php\/wp-json\/wp\/v2\/users\/1"}],"replies":[{"embeddable":true,"href":"https:\/\/7culture.ci\/index.php\/wp-json\/wp\/v2\/comments?post=23896"}],"version-history":[{"count":0,"href":"https:\/\/7culture.ci\/index.php\/wp-json\/wp\/v2\/posts\/23896\/revisions"}],"wp:featuredmedia":[{"embeddable":true,"href":"https:\/\/7culture.ci\/index.php\/wp-json\/wp\/v2\/media\/23898"}],"wp:attachment":[{"href":"https:\/\/7culture.ci\/index.php\/wp-json\/wp\/v2\/media?parent=23896"}],"wp:term":[{"taxonomy":"category","embeddable":true,"href":"https:\/\/7culture.ci\/index.php\/wp-json\/wp\/v2\/categories?post=23896"},{"taxonomy":"post_tag","embeddable":true,"href":"https:\/\/7culture.ci\/index.php\/wp-json\/wp\/v2\/tags?post=23896"}],"curies":[{"name":"wp","href":"https:\/\/api.w.org\/{rel}","templated":true}]}}