{"id":23811,"date":"2022-09-09T18:02:12","date_gmt":"2022-09-09T18:02:12","guid":{"rendered":"https:\/\/7culture.ci\/?p=23811"},"modified":"2022-09-19T09:36:55","modified_gmt":"2022-09-19T09:36:55","slug":"forum-wela-avec-le-soutien-de-la-ministre-nasseneba-toure","status":"publish","type":"post","link":"https:\/\/7culture.ci\/index.php\/2022\/09\/09\/forum-wela-avec-le-soutien-de-la-ministre-nasseneba-toure\/","title":{"rendered":"Forum WELA avec le soutien de la ministre Nasseneba Tour\u00e9"},"content":{"rendered":"\n<p>C\u2019est sous le th\u00e8me \u2018\u2019\u00c9galit\u00e9 aujourd\u2019hui pour une Afrique Durable\u2019\u2019 que se tiendra la premi\u00e8re \u00e9dition du forum international Women Empowerment &amp; Leadership Agora (WELA) les 22 et 33 septembre 2022 au Sofitel Abidjan H\u00f4tel Ivoire. Cette rencontre vise \u00e0 promouvoir une nouvelle g\u00e9n\u00e9ration de femmes entreprenantes et engag\u00e9es dans la construction d\u2019une Afrique forte.<\/p>\n\n\n\n<p>L\u2019organisation pilot\u00e9e par Mawus\u2019se Group attend 250 participants qui d\u00e9battront des questions de l\u2019\u00e9galit\u00e9 de genres sur le d\u00e9veloppement durable. \u00ab&nbsp;<strong><em>Notre forum va promouvoir le leadership f\u00e9minin, r\u00e9duire la vuln\u00e9rabilit\u00e9 et la d\u00e9pendance \u00e9conomique des femmes par l\u2019autonomisation<\/em><\/strong>&nbsp;\u00bb, a insist\u00e9 Mme Myranda Dekou, la commissaire g\u00e9n\u00e9rale.<\/p>\n\n\n\n<figure class=\"wp-block-image aligncenter size-full is-resized\"><img loading=\"lazy\" decoding=\"async\" src=\"https:\/\/7culture.ci\/wp-content\/uploads\/2022\/09\/Nasseneba-Toure.jpg\" alt=\"\" class=\"wp-image-23813\" width=\"629\" height=\"419\" srcset=\"https:\/\/7culture.ci\/wp-content\/uploads\/2022\/09\/Nasseneba-Toure.jpg 720w, https:\/\/7culture.ci\/wp-content\/uploads\/2022\/09\/Nasseneba-Toure-300x200.jpg 300w\" sizes=\"(max-width: 629px) 100vw, 629px\" \/><\/figure>\n\n\n\n<p>Le programme de WELA 2022 refermera ses portes le 23 septembre au Sofitel Abidjan H\u00f4tel Ivoire par un diner gala de bienfaisance. Il y aura des remises de distinctions \u00e0 des organisations, entreprises ou individus qui se sont engag\u00e9s en 2021 pour la promotion du genre en Afrique. Il est aussi pr\u00e9vu une collecte de fonds pour r\u00e9habiliter l\u2019Institut de Formation et d\u2019Education F\u00e9minine (IFEF) d\u2019Anyama.<\/p>\n\n\n\n<p>Alors que l\u2019organisation met la derni\u00e8re main \u00e0 la p\u00e2te, il y a une bonne nouvelle pour la tenue du WELA 2022. L\u2019\u00e9v\u00e8nement est d\u00e9sormais plac\u00e9 sous le parrainage de Nasseneba Tour\u00e9, ministre de la Femme, la Famille et de L\u2019Enfant.<\/p>\n\n\n\n<p>Par Omar AK<\/p>\n","protected":false},"excerpt":{"rendered":"<p>C\u2019est sous le th\u00e8me \u2018\u2019\u00c9galit\u00e9 aujourd\u2019hui pour une Afrique Durable\u2019\u2019 que se tiendra la premi\u00e8re \u00e9dition du forum international Women Empowerment &amp; Leadership Agora (WELA) les 22 et 33 septembre 2022 au Sofitel Abidjan H\u00f4tel Ivoire. Cette rencontre vise \u00e0 promouvoir une nouvelle g\u00e9n\u00e9ration de femmes entreprenantes et engag\u00e9es dans la construction d\u2019une Afrique forte. &hellip;<\/p>\n<p class=\"read-more\"> <a class=\"\" href=\"https:\/\/7culture.ci\/index.php\/2022\/09\/09\/forum-wela-avec-le-soutien-de-la-ministre-nasseneba-toure\/\"> <span class=\"screen-reader-text\">Forum WELA avec le soutien de la ministre Nasseneba Tour\u00e9<\/span> Lire la suite\u00a0\u00bb<\/a><\/p>\n","protected":false},"author":1,"featured_media":23812,"comment_status":"open","ping_status":"open","sticky":false,"template":"","format":"standard","meta":{"_mi_skip_tracking":false,"_monsterinsights_sitenote_active":false,"_monsterinsights_sitenote_note":"","_monsterinsights_sitenote_category":0,"site-sidebar-layout":"default","site-content-layout":"default","ast-global-header-display":"","ast-main-header-display":"","ast-hfb-above-header-display":"","ast-hfb-below-header-display":"","ast-hfb-mobile-header-display":"","site-post-title":"","ast-breadcrumbs-content":"","ast-featured-img":"","footer-sml-layout":"","theme-transparent-header-meta":"","adv-header-id-meta":"","stick-header-meta":"","header-above-stick-meta":"","header-main-stick-meta":"","header-below-stick-meta":"","footnotes":"","jetpack_publicize_message":"","jetpack_is_tweetstorm":false,"jetpack_publicize_feature_enabled":true},"categories":[22],"tags":[],"jetpack_publicize_connections":[],"acf":[],"aioseo_notices":[],"yoast_head":"<!-- This site is optimized with the Yoast SEO plugin v19.6.1 - https:\/\/yoast.com\/wordpress\/plugins\/seo\/ -->\n<title>Forum WELA avec le soutien de la ministre Nasseneba Tour\u00e9 - 7culture<\/title>\n<meta name=\"robots\" content=\"index, follow, max-snippet:-1, max-image-preview:large, max-video-preview:-1\" \/>\n<link rel=\"canonical\" href=\"https:\/\/7culture.ci\/index.php\/2022\/09\/09\/forum-wela-avec-le-soutien-de-la-ministre-nasseneba-toure\/\" \/>\n<meta property=\"og:locale\" content=\"fr_FR\" \/>\n<meta property=\"og:type\" content=\"article\" \/>\n<meta property=\"og:title\" content=\"Forum WELA avec le soutien de la ministre Nasseneba Tour\u00e9 - 7culture\" \/>\n<meta property=\"og:description\" content=\"C\u2019est sous le th\u00e8me \u2018\u2019\u00c9galit\u00e9 aujourd\u2019hui pour une Afrique Durable\u2019\u2019 que se tiendra la premi\u00e8re \u00e9dition du forum international Women Empowerment &amp; Leadership Agora (WELA) les 22 et 33 septembre 2022 au Sofitel Abidjan H\u00f4tel Ivoire. Cette rencontre vise \u00e0 promouvoir une nouvelle g\u00e9n\u00e9ration de femmes entreprenantes et engag\u00e9es dans la construction d\u2019une Afrique forte. &hellip; Forum WELA avec le soutien de la ministre Nasseneba Tour\u00e9 Lire la suite\u00a0\u00bb\" \/>\n<meta property=\"og:url\" content=\"https:\/\/7culture.ci\/index.php\/2022\/09\/09\/forum-wela-avec-le-soutien-de-la-ministre-nasseneba-toure\/\" \/>\n<meta property=\"og:site_name\" content=\"7culture\" \/>\n<meta property=\"article:publisher\" content=\"https:\/\/www.facebook.com\/redchefclaude\" \/>\n<meta property=\"article:published_time\" content=\"2022-09-09T18:02:12+00:00\" \/>\n<meta property=\"article:modified_time\" content=\"2022-09-19T09:36:55+00:00\" \/>\n<meta property=\"og:image\" content=\"http:\/\/7culture.ci\/wp-content\/uploads\/2022\/09\/wela1-bon.jpg\" \/>\n\t<meta property=\"og:image:width\" content=\"990\" \/>\n\t<meta property=\"og:image:height\" content=\"675\" \/>\n\t<meta property=\"og:image:type\" content=\"image\/jpeg\" \/>\n<meta name=\"author\" content=\"7culture2020\" \/>\n<meta name=\"twitter:card\" content=\"summary_large_image\" \/>\n<meta name=\"twitter:creator\" content=\"@7culturec\" \/>\n<meta name=\"twitter:site\" content=\"@7culturec\" \/>\n<meta name=\"twitter:label1\" content=\"\u00c9crit par\" \/>\n\t<meta name=\"twitter:data1\" content=\"7culture2020\" \/>\n\t<meta name=\"twitter:label2\" content=\"Dur\u00e9e de lecture estim\u00e9e\" \/>\n\t<meta name=\"twitter:data2\" content=\"2 minutes\" \/>\n<script type=\"application\/ld+json\" class=\"yoast-schema-graph\">{\"@context\":\"https:\/\/schema.org\",\"@graph\":[{\"@type\":\"Article\",\"@id\":\"https:\/\/7culture.ci\/index.php\/2022\/09\/09\/forum-wela-avec-le-soutien-de-la-ministre-nasseneba-toure\/#article\",\"isPartOf\":{\"@id\":\"https:\/\/7culture.ci\/index.php\/2022\/09\/09\/forum-wela-avec-le-soutien-de-la-ministre-nasseneba-toure\/\"},\"author\":{\"name\":\"7culture2020\",\"@id\":\"https:\/\/7culture.ci\/#\/schema\/person\/16150d28d7ef66ba788c1f87f28c4426\"},\"headline\":\"Forum WELA avec le soutien de la ministre Nasseneba Tour\u00e9\",\"datePublished\":\"2022-09-09T18:02:12+00:00\",\"dateModified\":\"2022-09-19T09:36:55+00:00\",\"mainEntityOfPage\":{\"@id\":\"https:\/\/7culture.ci\/index.php\/2022\/09\/09\/forum-wela-avec-le-soutien-de-la-ministre-nasseneba-toure\/\"},\"wordCount\":249,\"commentCount\":0,\"publisher\":{\"@id\":\"https:\/\/7culture.ci\/#organization\"},\"articleSection\":[\"Actualit\u00e9\"],\"inLanguage\":\"fr-FR\",\"potentialAction\":[{\"@type\":\"CommentAction\",\"name\":\"Comment\",\"target\":[\"https:\/\/7culture.ci\/index.php\/2022\/09\/09\/forum-wela-avec-le-soutien-de-la-ministre-nasseneba-toure\/#respond\"]}]},{\"@type\":\"WebPage\",\"@id\":\"https:\/\/7culture.ci\/index.php\/2022\/09\/09\/forum-wela-avec-le-soutien-de-la-ministre-nasseneba-toure\/\",\"url\":\"https:\/\/7culture.ci\/index.php\/2022\/09\/09\/forum-wela-avec-le-soutien-de-la-ministre-nasseneba-toure\/\",\"name\":\"Forum WELA avec le soutien de la ministre Nasseneba Tour\u00e9 - 7culture\",\"isPartOf\":{\"@id\":\"https:\/\/7culture.ci\/#website\"},\"datePublished\":\"2022-09-09T18:02:12+00:00\",\"dateModified\":\"2022-09-19T09:36:55+00:00\",\"breadcrumb\":{\"@id\":\"https:\/\/7culture.ci\/index.php\/2022\/09\/09\/forum-wela-avec-le-soutien-de-la-ministre-nasseneba-toure\/#breadcrumb\"},\"inLanguage\":\"fr-FR\",\"potentialAction\":[{\"@type\":\"ReadAction\",\"target\":[\"https:\/\/7culture.ci\/index.php\/2022\/09\/09\/forum-wela-avec-le-soutien-de-la-ministre-nasseneba-toure\/\"]}]},{\"@type\":\"BreadcrumbList\",\"@id\":\"https:\/\/7culture.ci\/index.php\/2022\/09\/09\/forum-wela-avec-le-soutien-de-la-ministre-nasseneba-toure\/#breadcrumb\",\"itemListElement\":[{\"@type\":\"ListItem\",\"position\":1,\"name\":\"Accueil\",\"item\":\"https:\/\/7culture.ci\/\"},{\"@type\":\"ListItem\",\"position\":2,\"name\":\"Forum WELA avec le soutien de la ministre Nasseneba Tour\u00e9\"}]},{\"@type\":\"WebSite\",\"@id\":\"https:\/\/7culture.ci\/#website\",\"url\":\"https:\/\/7culture.ci\/\",\"name\":\"7culture\",\"description\":\"Tout sur l&#039;actualit\u00e9\",\"publisher\":{\"@id\":\"https:\/\/7culture.ci\/#organization\"},\"potentialAction\":[{\"@type\":\"SearchAction\",\"target\":{\"@type\":\"EntryPoint\",\"urlTemplate\":\"https:\/\/7culture.ci\/?s={search_term_string}\"},\"query-input\":\"required name=search_term_string\"}],\"inLanguage\":\"fr-FR\"},{\"@type\":\"Organization\",\"@id\":\"https:\/\/7culture.ci\/#organization\",\"name\":\"7culture\",\"url\":\"https:\/\/7culture.ci\/\",\"sameAs\":[\"https:\/\/www.facebook.com\/redchefclaude\",\"https:\/\/twitter.com\/7culturec\"],\"logo\":{\"@type\":\"ImageObject\",\"inLanguage\":\"fr-FR\",\"@id\":\"https:\/\/7culture.ci\/#\/schema\/logo\/image\/\",\"url\":\"https:\/\/7culture.ci\/wp-content\/uploads\/2021\/12\/S1a-1.png\",\"contentUrl\":\"https:\/\/7culture.ci\/wp-content\/uploads\/2021\/12\/S1a-1.png\",\"width\":588,\"height\":192,\"caption\":\"7culture\"},\"image\":{\"@id\":\"https:\/\/7culture.ci\/#\/schema\/logo\/image\/\"}},{\"@type\":\"Person\",\"@id\":\"https:\/\/7culture.ci\/#\/schema\/person\/16150d28d7ef66ba788c1f87f28c4426\",\"name\":\"7culture2020\",\"image\":{\"@type\":\"ImageObject\",\"inLanguage\":\"fr-FR\",\"@id\":\"https:\/\/7culture.ci\/#\/schema\/person\/image\/\",\"url\":\"https:\/\/secure.gravatar.com\/avatar\/9a0784f951306c37bcd065f52844ef95?s=96&d=mm&r=g\",\"contentUrl\":\"https:\/\/secure.gravatar.com\/avatar\/9a0784f951306c37bcd065f52844ef95?s=96&d=mm&r=g\",\"caption\":\"7culture2020\"},\"sameAs\":[\"http:\/\/7culture.ci\",\"Claude.kipre\"],\"url\":\"https:\/\/7culture.ci\/index.php\/author\/7culture2020\/\"}]}<\/script>\n<!-- \/ Yoast SEO plugin. -->","yoast_head_json":{"title":"Forum WELA avec le soutien de la ministre Nasseneba Tour\u00e9 - 7culture","robots":{"index":"index","follow":"follow","max-snippet":"max-snippet:-1","max-image-preview":"max-image-preview:large","max-video-preview":"max-video-preview:-1"},"canonical":"https:\/\/7culture.ci\/index.php\/2022\/09\/09\/forum-wela-avec-le-soutien-de-la-ministre-nasseneba-toure\/","og_locale":"fr_FR","og_type":"article","og_title":"Forum WELA avec le soutien de la ministre Nasseneba Tour\u00e9 - 7culture","og_description":"C\u2019est sous le th\u00e8me \u2018\u2019\u00c9galit\u00e9 aujourd\u2019hui pour une Afrique Durable\u2019\u2019 que se tiendra la premi\u00e8re \u00e9dition du forum international Women Empowerment &amp; Leadership Agora (WELA) les 22 et 33 septembre 2022 au Sofitel Abidjan H\u00f4tel Ivoire. Cette rencontre vise \u00e0 promouvoir une nouvelle g\u00e9n\u00e9ration de femmes entreprenantes et engag\u00e9es dans la construction d\u2019une Afrique forte. &hellip; Forum WELA avec le soutien de la ministre Nasseneba Tour\u00e9 Lire la suite\u00a0\u00bb","og_url":"https:\/\/7culture.ci\/index.php\/2022\/09\/09\/forum-wela-avec-le-soutien-de-la-ministre-nasseneba-toure\/","og_site_name":"7culture","article_publisher":"https:\/\/www.facebook.com\/redchefclaude","article_published_time":"2022-09-09T18:02:12+00:00","article_modified_time":"2022-09-19T09:36:55+00:00","og_image":[{"width":990,"height":675,"url":"http:\/\/7culture.ci\/wp-content\/uploads\/2022\/09\/wela1-bon.jpg","type":"image\/jpeg"}],"author":"7culture2020","twitter_card":"summary_large_image","twitter_creator":"@7culturec","twitter_site":"@7culturec","twitter_misc":{"\u00c9crit par":"7culture2020","Dur\u00e9e de lecture estim\u00e9e":"2 minutes"},"schema":{"@context":"https:\/\/schema.org","@graph":[{"@type":"Article","@id":"https:\/\/7culture.ci\/index.php\/2022\/09\/09\/forum-wela-avec-le-soutien-de-la-ministre-nasseneba-toure\/#article","isPartOf":{"@id":"https:\/\/7culture.ci\/index.php\/2022\/09\/09\/forum-wela-avec-le-soutien-de-la-ministre-nasseneba-toure\/"},"author":{"name":"7culture2020","@id":"https:\/\/7culture.ci\/#\/schema\/person\/16150d28d7ef66ba788c1f87f28c4426"},"headline":"Forum WELA avec le soutien de la ministre Nasseneba Tour\u00e9","datePublished":"2022-09-09T18:02:12+00:00","dateModified":"2022-09-19T09:36:55+00:00","mainEntityOfPage":{"@id":"https:\/\/7culture.ci\/index.php\/2022\/09\/09\/forum-wela-avec-le-soutien-de-la-ministre-nasseneba-toure\/"},"wordCount":249,"commentCount":0,"publisher":{"@id":"https:\/\/7culture.ci\/#organization"},"articleSection":["Actualit\u00e9"],"inLanguage":"fr-FR","potentialAction":[{"@type":"CommentAction","name":"Comment","target":["https:\/\/7culture.ci\/index.php\/2022\/09\/09\/forum-wela-avec-le-soutien-de-la-ministre-nasseneba-toure\/#respond"]}]},{"@type":"WebPage","@id":"https:\/\/7culture.ci\/index.php\/2022\/09\/09\/forum-wela-avec-le-soutien-de-la-ministre-nasseneba-toure\/","url":"https:\/\/7culture.ci\/index.php\/2022\/09\/09\/forum-wela-avec-le-soutien-de-la-ministre-nasseneba-toure\/","name":"Forum WELA avec le soutien de la ministre Nasseneba Tour\u00e9 - 7culture","isPartOf":{"@id":"https:\/\/7culture.ci\/#website"},"datePublished":"2022-09-09T18:02:12+00:00","dateModified":"2022-09-19T09:36:55+00:00","breadcrumb":{"@id":"https:\/\/7culture.ci\/index.php\/2022\/09\/09\/forum-wela-avec-le-soutien-de-la-ministre-nasseneba-toure\/#breadcrumb"},"inLanguage":"fr-FR","potentialAction":[{"@type":"ReadAction","target":["https:\/\/7culture.ci\/index.php\/2022\/09\/09\/forum-wela-avec-le-soutien-de-la-ministre-nasseneba-toure\/"]}]},{"@type":"BreadcrumbList","@id":"https:\/\/7culture.ci\/index.php\/2022\/09\/09\/forum-wela-avec-le-soutien-de-la-ministre-nasseneba-toure\/#breadcrumb","itemListElement":[{"@type":"ListItem","position":1,"name":"Accueil","item":"https:\/\/7culture.ci\/"},{"@type":"ListItem","position":2,"name":"Forum WELA avec le soutien de la ministre Nasseneba Tour\u00e9"}]},{"@type":"WebSite","@id":"https:\/\/7culture.ci\/#website","url":"https:\/\/7culture.ci\/","name":"7culture","description":"Tout sur l&#039;actualit\u00e9","publisher":{"@id":"https:\/\/7culture.ci\/#organization"},"potentialAction":[{"@type":"SearchAction","target":{"@type":"EntryPoint","urlTemplate":"https:\/\/7culture.ci\/?s={search_term_string}"},"query-input":"required name=search_term_string"}],"inLanguage":"fr-FR"},{"@type":"Organization","@id":"https:\/\/7culture.ci\/#organization","name":"7culture","url":"https:\/\/7culture.ci\/","sameAs":["https:\/\/www.facebook.com\/redchefclaude","https:\/\/twitter.com\/7culturec"],"logo":{"@type":"ImageObject","inLanguage":"fr-FR","@id":"https:\/\/7culture.ci\/#\/schema\/logo\/image\/","url":"https:\/\/7culture.ci\/wp-content\/uploads\/2021\/12\/S1a-1.png","contentUrl":"https:\/\/7culture.ci\/wp-content\/uploads\/2021\/12\/S1a-1.png","width":588,"height":192,"caption":"7culture"},"image":{"@id":"https:\/\/7culture.ci\/#\/schema\/logo\/image\/"}},{"@type":"Person","@id":"https:\/\/7culture.ci\/#\/schema\/person\/16150d28d7ef66ba788c1f87f28c4426","name":"7culture2020","image":{"@type":"ImageObject","inLanguage":"fr-FR","@id":"https:\/\/7culture.ci\/#\/schema\/person\/image\/","url":"https:\/\/secure.gravatar.com\/avatar\/9a0784f951306c37bcd065f52844ef95?s=96&d=mm&r=g","contentUrl":"https:\/\/secure.gravatar.com\/avatar\/9a0784f951306c37bcd065f52844ef95?s=96&d=mm&r=g","caption":"7culture2020"},"sameAs":["http:\/\/7culture.ci","Claude.kipre"],"url":"https:\/\/7culture.ci\/index.php\/author\/7culture2020\/"}]}},"jetpack_featured_media_url":"https:\/\/7culture.ci\/wp-content\/uploads\/2022\/09\/wela1-bon.jpg","jetpack_likes_enabled":true,"jetpack_sharing_enabled":true,"_links":{"self":[{"href":"https:\/\/7culture.ci\/index.php\/wp-json\/wp\/v2\/posts\/23811"}],"collection":[{"href":"https:\/\/7culture.ci\/index.php\/wp-json\/wp\/v2\/posts"}],"about":[{"href":"https:\/\/7culture.ci\/index.php\/wp-json\/wp\/v2\/types\/post"}],"author":[{"embeddable":true,"href":"https:\/\/7culture.ci\/index.php\/wp-json\/wp\/v2\/users\/1"}],"replies":[{"embeddable":true,"href":"https:\/\/7culture.ci\/index.php\/wp-json\/wp\/v2\/comments?post=23811"}],"version-history":[{"count":0,"href":"https:\/\/7culture.ci\/index.php\/wp-json\/wp\/v2\/posts\/23811\/revisions"}],"wp:featuredmedia":[{"embeddable":true,"href":"https:\/\/7culture.ci\/index.php\/wp-json\/wp\/v2\/media\/23812"}],"wp:attachment":[{"href":"https:\/\/7culture.ci\/index.php\/wp-json\/wp\/v2\/media?parent=23811"}],"wp:term":[{"taxonomy":"category","embeddable":true,"href":"https:\/\/7culture.ci\/index.php\/wp-json\/wp\/v2\/categories?post=23811"},{"taxonomy":"post_tag","embeddable":true,"href":"https:\/\/7culture.ci\/index.php\/wp-json\/wp\/v2\/tags?post=23811"}],"curies":[{"name":"wp","href":"https:\/\/api.w.org\/{rel}","templated":true}]}}