{"id":23807,"date":"2022-09-09T16:54:32","date_gmt":"2022-09-09T16:54:32","guid":{"rendered":"https:\/\/7culture.ci\/?p=23807"},"modified":"2022-09-09T18:03:44","modified_gmt":"2022-09-09T18:03:44","slug":"uba-offre-des-livres-a-la-bibliotheque-nationale-de-cote-divoire","status":"publish","type":"post","link":"https:\/\/7culture.ci\/index.php\/2022\/09\/09\/uba-offre-des-livres-a-la-bibliotheque-nationale-de-cote-divoire\/","title":{"rendered":"UBA offre des livres \u00e0 la Biblioth\u00e8que nationale de C\u00f4te d\u2019Ivoire"},"content":{"rendered":"\n<p>\u00c0 l\u2019occasion de la c\u00e9l\u00e9bration de la Journ\u00e9e internationale de l\u2019alphab\u00e9tisation (JIA), la banque panafricaine, UBA, \u00e0 travers sa fondation, a offert des livres \u00e0 la biblioth\u00e8que nationale de C\u00f4te d\u2019Ivoire le jeudi 8 septembre 2022 \u00e0 son si\u00e8ge situ\u00e9 dans la commune du Plateau.<\/p>\n\n\n\n<p>Selon la directrice de la banque, Myriam Coulibaly, cette donation s\u2019inscrit dans le cadre du programme d\u2019\u00e9ducation de la fondation d\u00e9nomm\u00e9 \u2018\u2019l\u2019Afrique qui lit\u2019\u2019 visant \u00e0 inciter les jeunes \u00e0 la lecture, \u2018\u2019 cl\u00e9 du savoir\u2019\u2019. L\u2019objectif est de donner le go\u00fbt de la lecture aux jeunes.<\/p>\n\n\n\n<p>La directrice de la biblioth\u00e8que nationale, Chantal Adjiman, qui a r\u00e9ceptionn\u00e9 ce lot de 100 livres intitul\u00e9s \u2018\u2019S\u00e9gou\u2019\u2019 de Maryse Cond\u00e9 et \u2018\u2019En compagnie des hommes\u2019\u2019 de V\u00e9ronique Tadjo, a salu\u00e9 cette initiative de la fondation qui fait la promotion de la lecture. Mme Adjiman a indiqu\u00e9 que l\u2019alphab\u00e9tisation et la lecture vont de pair. &nbsp;Le livre est un moyen d\u2019impr\u00e9gnation sociale et met le lecteur en relation avec les autres.<\/p>\n\n\n\n<p>Cette action de don de livres s\u2019est poursuivie au Centre culturel Como\u00e9 de Cocody Mermoz, o\u00f9 la fondation a offert une cinquantaine de livres au repr\u00e9sentant, Jean-Christian Veglano qui, \u00e0 son tour, a remerci\u00e9 la banque et sa fondation pour cette attention en faveur des jeunes.<\/p>\n\n\n\n<p>Thierry Samuel<\/p>\n","protected":false},"excerpt":{"rendered":"<p>\u00c0 l\u2019occasion de la c\u00e9l\u00e9bration de la Journ\u00e9e internationale de l\u2019alphab\u00e9tisation (JIA), la banque panafricaine, UBA, \u00e0 travers sa fondation, a offert des livres \u00e0 la biblioth\u00e8que nationale de C\u00f4te d\u2019Ivoire le jeudi 8 septembre 2022 \u00e0 son si\u00e8ge situ\u00e9 dans la commune du Plateau. Selon la directrice de la banque, Myriam Coulibaly, cette donation &hellip;<\/p>\n<p class=\"read-more\"> <a class=\"\" href=\"https:\/\/7culture.ci\/index.php\/2022\/09\/09\/uba-offre-des-livres-a-la-bibliotheque-nationale-de-cote-divoire\/\"> <span class=\"screen-reader-text\">UBA offre des livres \u00e0 la Biblioth\u00e8que nationale de C\u00f4te d\u2019Ivoire<\/span> Lire la suite\u00a0\u00bb<\/a><\/p>\n","protected":false},"author":1,"featured_media":23808,"comment_status":"open","ping_status":"open","sticky":false,"template":"","format":"standard","meta":{"_mi_skip_tracking":false,"_monsterinsights_sitenote_active":false,"_monsterinsights_sitenote_note":"","_monsterinsights_sitenote_category":0,"site-sidebar-layout":"default","site-content-layout":"default","ast-global-header-display":"","ast-main-header-display":"","ast-hfb-above-header-display":"","ast-hfb-below-header-display":"","ast-hfb-mobile-header-display":"","site-post-title":"","ast-breadcrumbs-content":"","ast-featured-img":"","footer-sml-layout":"","theme-transparent-header-meta":"","adv-header-id-meta":"","stick-header-meta":"","header-above-stick-meta":"","header-main-stick-meta":"","header-below-stick-meta":"","footnotes":"","jetpack_publicize_message":"","jetpack_is_tweetstorm":false,"jetpack_publicize_feature_enabled":true},"categories":[22],"tags":[],"jetpack_publicize_connections":[],"acf":[],"aioseo_notices":[],"yoast_head":"<!-- This site is optimized with the Yoast SEO plugin v19.6.1 - https:\/\/yoast.com\/wordpress\/plugins\/seo\/ -->\n<title>UBA offre des livres \u00e0 la Biblioth\u00e8que nationale de C\u00f4te d\u2019Ivoire -<\/title>\n<meta name=\"robots\" content=\"index, follow, max-snippet:-1, max-image-preview:large, max-video-preview:-1\" \/>\n<link rel=\"canonical\" href=\"https:\/\/7culture.ci\/index.php\/2022\/09\/09\/uba-offre-des-livres-a-la-bibliotheque-nationale-de-cote-divoire\/\" \/>\n<meta property=\"og:locale\" content=\"fr_FR\" \/>\n<meta property=\"og:type\" content=\"article\" \/>\n<meta property=\"og:title\" content=\"UBA offre des livres \u00e0 la Biblioth\u00e8que nationale de C\u00f4te d\u2019Ivoire -\" \/>\n<meta property=\"og:description\" content=\"\u00c0 l\u2019occasion de la c\u00e9l\u00e9bration de la Journ\u00e9e internationale de l\u2019alphab\u00e9tisation (JIA), la banque panafricaine, UBA, \u00e0 travers sa fondation, a offert des livres \u00e0 la biblioth\u00e8que nationale de C\u00f4te d\u2019Ivoire le jeudi 8 septembre 2022 \u00e0 son si\u00e8ge situ\u00e9 dans la commune du Plateau. Selon la directrice de la banque, Myriam Coulibaly, cette donation &hellip; UBA offre des livres \u00e0 la Biblioth\u00e8que nationale de C\u00f4te d\u2019Ivoire Lire la suite\u00a0\u00bb\" \/>\n<meta property=\"og:url\" content=\"https:\/\/7culture.ci\/index.php\/2022\/09\/09\/uba-offre-des-livres-a-la-bibliotheque-nationale-de-cote-divoire\/\" \/>\n<meta property=\"og:site_name\" content=\"7culture\" \/>\n<meta property=\"article:publisher\" content=\"https:\/\/www.facebook.com\/redchefclaude\" \/>\n<meta property=\"article:published_time\" content=\"2022-09-09T16:54:32+00:00\" \/>\n<meta property=\"article:modified_time\" content=\"2022-09-09T18:03:44+00:00\" \/>\n<meta property=\"og:image\" content=\"http:\/\/7culture.ci\/wp-content\/uploads\/2022\/09\/WhatsApp-Image-2022-09-09-at-11.37.54.jpeg\" \/>\n\t<meta property=\"og:image:width\" content=\"695\" \/>\n\t<meta property=\"og:image:height\" content=\"301\" \/>\n\t<meta property=\"og:image:type\" content=\"image\/jpeg\" \/>\n<meta name=\"author\" content=\"7culture2020\" \/>\n<meta name=\"twitter:card\" content=\"summary_large_image\" \/>\n<meta name=\"twitter:creator\" content=\"@7culturec\" \/>\n<meta name=\"twitter:site\" content=\"@7culturec\" \/>\n<meta name=\"twitter:label1\" content=\"\u00c9crit par\" \/>\n\t<meta name=\"twitter:data1\" content=\"7culture2020\" \/>\n\t<meta name=\"twitter:label2\" content=\"Dur\u00e9e de lecture estim\u00e9e\" \/>\n\t<meta name=\"twitter:data2\" content=\"2 minutes\" \/>\n<script type=\"application\/ld+json\" class=\"yoast-schema-graph\">{\"@context\":\"https:\/\/schema.org\",\"@graph\":[{\"@type\":\"Article\",\"@id\":\"https:\/\/7culture.ci\/index.php\/2022\/09\/09\/uba-offre-des-livres-a-la-bibliotheque-nationale-de-cote-divoire\/#article\",\"isPartOf\":{\"@id\":\"https:\/\/7culture.ci\/index.php\/2022\/09\/09\/uba-offre-des-livres-a-la-bibliotheque-nationale-de-cote-divoire\/\"},\"author\":{\"name\":\"7culture2020\",\"@id\":\"https:\/\/7culture.ci\/#\/schema\/person\/16150d28d7ef66ba788c1f87f28c4426\"},\"headline\":\"UBA offre des livres \u00e0 la Biblioth\u00e8que nationale de C\u00f4te d\u2019Ivoire\",\"datePublished\":\"2022-09-09T16:54:32+00:00\",\"dateModified\":\"2022-09-09T18:03:44+00:00\",\"mainEntityOfPage\":{\"@id\":\"https:\/\/7culture.ci\/index.php\/2022\/09\/09\/uba-offre-des-livres-a-la-bibliotheque-nationale-de-cote-divoire\/\"},\"wordCount\":241,\"commentCount\":0,\"publisher\":{\"@id\":\"https:\/\/7culture.ci\/#organization\"},\"articleSection\":[\"Actualit\u00e9\"],\"inLanguage\":\"fr-FR\",\"potentialAction\":[{\"@type\":\"CommentAction\",\"name\":\"Comment\",\"target\":[\"https:\/\/7culture.ci\/index.php\/2022\/09\/09\/uba-offre-des-livres-a-la-bibliotheque-nationale-de-cote-divoire\/#respond\"]}]},{\"@type\":\"WebPage\",\"@id\":\"https:\/\/7culture.ci\/index.php\/2022\/09\/09\/uba-offre-des-livres-a-la-bibliotheque-nationale-de-cote-divoire\/\",\"url\":\"https:\/\/7culture.ci\/index.php\/2022\/09\/09\/uba-offre-des-livres-a-la-bibliotheque-nationale-de-cote-divoire\/\",\"name\":\"UBA offre des livres \u00e0 la Biblioth\u00e8que nationale de C\u00f4te d\u2019Ivoire -\",\"isPartOf\":{\"@id\":\"https:\/\/7culture.ci\/#website\"},\"datePublished\":\"2022-09-09T16:54:32+00:00\",\"dateModified\":\"2022-09-09T18:03:44+00:00\",\"breadcrumb\":{\"@id\":\"https:\/\/7culture.ci\/index.php\/2022\/09\/09\/uba-offre-des-livres-a-la-bibliotheque-nationale-de-cote-divoire\/#breadcrumb\"},\"inLanguage\":\"fr-FR\",\"potentialAction\":[{\"@type\":\"ReadAction\",\"target\":[\"https:\/\/7culture.ci\/index.php\/2022\/09\/09\/uba-offre-des-livres-a-la-bibliotheque-nationale-de-cote-divoire\/\"]}]},{\"@type\":\"BreadcrumbList\",\"@id\":\"https:\/\/7culture.ci\/index.php\/2022\/09\/09\/uba-offre-des-livres-a-la-bibliotheque-nationale-de-cote-divoire\/#breadcrumb\",\"itemListElement\":[{\"@type\":\"ListItem\",\"position\":1,\"name\":\"Accueil\",\"item\":\"https:\/\/7culture.ci\/\"},{\"@type\":\"ListItem\",\"position\":2,\"name\":\"UBA offre des livres \u00e0 la Biblioth\u00e8que nationale de C\u00f4te d\u2019Ivoire\"}]},{\"@type\":\"WebSite\",\"@id\":\"https:\/\/7culture.ci\/#website\",\"url\":\"https:\/\/7culture.ci\/\",\"name\":\"7culture\",\"description\":\"Tout sur l&#039;actualit\u00e9\",\"publisher\":{\"@id\":\"https:\/\/7culture.ci\/#organization\"},\"potentialAction\":[{\"@type\":\"SearchAction\",\"target\":{\"@type\":\"EntryPoint\",\"urlTemplate\":\"https:\/\/7culture.ci\/?s={search_term_string}\"},\"query-input\":\"required name=search_term_string\"}],\"inLanguage\":\"fr-FR\"},{\"@type\":\"Organization\",\"@id\":\"https:\/\/7culture.ci\/#organization\",\"name\":\"7culture\",\"url\":\"https:\/\/7culture.ci\/\",\"sameAs\":[\"https:\/\/www.facebook.com\/redchefclaude\",\"https:\/\/twitter.com\/7culturec\"],\"logo\":{\"@type\":\"ImageObject\",\"inLanguage\":\"fr-FR\",\"@id\":\"https:\/\/7culture.ci\/#\/schema\/logo\/image\/\",\"url\":\"https:\/\/7culture.ci\/wp-content\/uploads\/2021\/12\/S1a-1.png\",\"contentUrl\":\"https:\/\/7culture.ci\/wp-content\/uploads\/2021\/12\/S1a-1.png\",\"width\":588,\"height\":192,\"caption\":\"7culture\"},\"image\":{\"@id\":\"https:\/\/7culture.ci\/#\/schema\/logo\/image\/\"}},{\"@type\":\"Person\",\"@id\":\"https:\/\/7culture.ci\/#\/schema\/person\/16150d28d7ef66ba788c1f87f28c4426\",\"name\":\"7culture2020\",\"image\":{\"@type\":\"ImageObject\",\"inLanguage\":\"fr-FR\",\"@id\":\"https:\/\/7culture.ci\/#\/schema\/person\/image\/\",\"url\":\"https:\/\/secure.gravatar.com\/avatar\/9a0784f951306c37bcd065f52844ef95?s=96&d=mm&r=g\",\"contentUrl\":\"https:\/\/secure.gravatar.com\/avatar\/9a0784f951306c37bcd065f52844ef95?s=96&d=mm&r=g\",\"caption\":\"7culture2020\"},\"sameAs\":[\"http:\/\/7culture.ci\",\"Claude.kipre\"],\"url\":\"https:\/\/7culture.ci\/index.php\/author\/7culture2020\/\"}]}<\/script>\n<!-- \/ Yoast SEO plugin. -->","yoast_head_json":{"title":"UBA offre des livres \u00e0 la Biblioth\u00e8que nationale de C\u00f4te d\u2019Ivoire -","robots":{"index":"index","follow":"follow","max-snippet":"max-snippet:-1","max-image-preview":"max-image-preview:large","max-video-preview":"max-video-preview:-1"},"canonical":"https:\/\/7culture.ci\/index.php\/2022\/09\/09\/uba-offre-des-livres-a-la-bibliotheque-nationale-de-cote-divoire\/","og_locale":"fr_FR","og_type":"article","og_title":"UBA offre des livres \u00e0 la Biblioth\u00e8que nationale de C\u00f4te d\u2019Ivoire -","og_description":"\u00c0 l\u2019occasion de la c\u00e9l\u00e9bration de la Journ\u00e9e internationale de l\u2019alphab\u00e9tisation (JIA), la banque panafricaine, UBA, \u00e0 travers sa fondation, a offert des livres \u00e0 la biblioth\u00e8que nationale de C\u00f4te d\u2019Ivoire le jeudi 8 septembre 2022 \u00e0 son si\u00e8ge situ\u00e9 dans la commune du Plateau. Selon la directrice de la banque, Myriam Coulibaly, cette donation &hellip; UBA offre des livres \u00e0 la Biblioth\u00e8que nationale de C\u00f4te d\u2019Ivoire Lire la suite\u00a0\u00bb","og_url":"https:\/\/7culture.ci\/index.php\/2022\/09\/09\/uba-offre-des-livres-a-la-bibliotheque-nationale-de-cote-divoire\/","og_site_name":"7culture","article_publisher":"https:\/\/www.facebook.com\/redchefclaude","article_published_time":"2022-09-09T16:54:32+00:00","article_modified_time":"2022-09-09T18:03:44+00:00","og_image":[{"width":695,"height":301,"url":"http:\/\/7culture.ci\/wp-content\/uploads\/2022\/09\/WhatsApp-Image-2022-09-09-at-11.37.54.jpeg","type":"image\/jpeg"}],"author":"7culture2020","twitter_card":"summary_large_image","twitter_creator":"@7culturec","twitter_site":"@7culturec","twitter_misc":{"\u00c9crit par":"7culture2020","Dur\u00e9e de lecture estim\u00e9e":"2 minutes"},"schema":{"@context":"https:\/\/schema.org","@graph":[{"@type":"Article","@id":"https:\/\/7culture.ci\/index.php\/2022\/09\/09\/uba-offre-des-livres-a-la-bibliotheque-nationale-de-cote-divoire\/#article","isPartOf":{"@id":"https:\/\/7culture.ci\/index.php\/2022\/09\/09\/uba-offre-des-livres-a-la-bibliotheque-nationale-de-cote-divoire\/"},"author":{"name":"7culture2020","@id":"https:\/\/7culture.ci\/#\/schema\/person\/16150d28d7ef66ba788c1f87f28c4426"},"headline":"UBA offre des livres \u00e0 la Biblioth\u00e8que nationale de C\u00f4te d\u2019Ivoire","datePublished":"2022-09-09T16:54:32+00:00","dateModified":"2022-09-09T18:03:44+00:00","mainEntityOfPage":{"@id":"https:\/\/7culture.ci\/index.php\/2022\/09\/09\/uba-offre-des-livres-a-la-bibliotheque-nationale-de-cote-divoire\/"},"wordCount":241,"commentCount":0,"publisher":{"@id":"https:\/\/7culture.ci\/#organization"},"articleSection":["Actualit\u00e9"],"inLanguage":"fr-FR","potentialAction":[{"@type":"CommentAction","name":"Comment","target":["https:\/\/7culture.ci\/index.php\/2022\/09\/09\/uba-offre-des-livres-a-la-bibliotheque-nationale-de-cote-divoire\/#respond"]}]},{"@type":"WebPage","@id":"https:\/\/7culture.ci\/index.php\/2022\/09\/09\/uba-offre-des-livres-a-la-bibliotheque-nationale-de-cote-divoire\/","url":"https:\/\/7culture.ci\/index.php\/2022\/09\/09\/uba-offre-des-livres-a-la-bibliotheque-nationale-de-cote-divoire\/","name":"UBA offre des livres \u00e0 la Biblioth\u00e8que nationale de C\u00f4te d\u2019Ivoire -","isPartOf":{"@id":"https:\/\/7culture.ci\/#website"},"datePublished":"2022-09-09T16:54:32+00:00","dateModified":"2022-09-09T18:03:44+00:00","breadcrumb":{"@id":"https:\/\/7culture.ci\/index.php\/2022\/09\/09\/uba-offre-des-livres-a-la-bibliotheque-nationale-de-cote-divoire\/#breadcrumb"},"inLanguage":"fr-FR","potentialAction":[{"@type":"ReadAction","target":["https:\/\/7culture.ci\/index.php\/2022\/09\/09\/uba-offre-des-livres-a-la-bibliotheque-nationale-de-cote-divoire\/"]}]},{"@type":"BreadcrumbList","@id":"https:\/\/7culture.ci\/index.php\/2022\/09\/09\/uba-offre-des-livres-a-la-bibliotheque-nationale-de-cote-divoire\/#breadcrumb","itemListElement":[{"@type":"ListItem","position":1,"name":"Accueil","item":"https:\/\/7culture.ci\/"},{"@type":"ListItem","position":2,"name":"UBA offre des livres \u00e0 la Biblioth\u00e8que nationale de C\u00f4te d\u2019Ivoire"}]},{"@type":"WebSite","@id":"https:\/\/7culture.ci\/#website","url":"https:\/\/7culture.ci\/","name":"7culture","description":"Tout sur l&#039;actualit\u00e9","publisher":{"@id":"https:\/\/7culture.ci\/#organization"},"potentialAction":[{"@type":"SearchAction","target":{"@type":"EntryPoint","urlTemplate":"https:\/\/7culture.ci\/?s={search_term_string}"},"query-input":"required name=search_term_string"}],"inLanguage":"fr-FR"},{"@type":"Organization","@id":"https:\/\/7culture.ci\/#organization","name":"7culture","url":"https:\/\/7culture.ci\/","sameAs":["https:\/\/www.facebook.com\/redchefclaude","https:\/\/twitter.com\/7culturec"],"logo":{"@type":"ImageObject","inLanguage":"fr-FR","@id":"https:\/\/7culture.ci\/#\/schema\/logo\/image\/","url":"https:\/\/7culture.ci\/wp-content\/uploads\/2021\/12\/S1a-1.png","contentUrl":"https:\/\/7culture.ci\/wp-content\/uploads\/2021\/12\/S1a-1.png","width":588,"height":192,"caption":"7culture"},"image":{"@id":"https:\/\/7culture.ci\/#\/schema\/logo\/image\/"}},{"@type":"Person","@id":"https:\/\/7culture.ci\/#\/schema\/person\/16150d28d7ef66ba788c1f87f28c4426","name":"7culture2020","image":{"@type":"ImageObject","inLanguage":"fr-FR","@id":"https:\/\/7culture.ci\/#\/schema\/person\/image\/","url":"https:\/\/secure.gravatar.com\/avatar\/9a0784f951306c37bcd065f52844ef95?s=96&d=mm&r=g","contentUrl":"https:\/\/secure.gravatar.com\/avatar\/9a0784f951306c37bcd065f52844ef95?s=96&d=mm&r=g","caption":"7culture2020"},"sameAs":["http:\/\/7culture.ci","Claude.kipre"],"url":"https:\/\/7culture.ci\/index.php\/author\/7culture2020\/"}]}},"jetpack_featured_media_url":"https:\/\/7culture.ci\/wp-content\/uploads\/2022\/09\/WhatsApp-Image-2022-09-09-at-11.37.54.jpeg","jetpack_likes_enabled":true,"jetpack_sharing_enabled":true,"_links":{"self":[{"href":"https:\/\/7culture.ci\/index.php\/wp-json\/wp\/v2\/posts\/23807"}],"collection":[{"href":"https:\/\/7culture.ci\/index.php\/wp-json\/wp\/v2\/posts"}],"about":[{"href":"https:\/\/7culture.ci\/index.php\/wp-json\/wp\/v2\/types\/post"}],"author":[{"embeddable":true,"href":"https:\/\/7culture.ci\/index.php\/wp-json\/wp\/v2\/users\/1"}],"replies":[{"embeddable":true,"href":"https:\/\/7culture.ci\/index.php\/wp-json\/wp\/v2\/comments?post=23807"}],"version-history":[{"count":0,"href":"https:\/\/7culture.ci\/index.php\/wp-json\/wp\/v2\/posts\/23807\/revisions"}],"wp:featuredmedia":[{"embeddable":true,"href":"https:\/\/7culture.ci\/index.php\/wp-json\/wp\/v2\/media\/23808"}],"wp:attachment":[{"href":"https:\/\/7culture.ci\/index.php\/wp-json\/wp\/v2\/media?parent=23807"}],"wp:term":[{"taxonomy":"category","embeddable":true,"href":"https:\/\/7culture.ci\/index.php\/wp-json\/wp\/v2\/categories?post=23807"},{"taxonomy":"post_tag","embeddable":true,"href":"https:\/\/7culture.ci\/index.php\/wp-json\/wp\/v2\/tags?post=23807"}],"curies":[{"name":"wp","href":"https:\/\/api.w.org\/{rel}","templated":true}]}}