{"id":23770,"date":"2022-09-07T10:41:20","date_gmt":"2022-09-07T10:41:20","guid":{"rendered":"https:\/\/7culture.ci\/?p=23770"},"modified":"2022-09-07T13:02:21","modified_gmt":"2022-09-07T13:02:21","slug":"foot-chelsea-a-vire-son-entraineur-thomas-tuchel","status":"publish","type":"post","link":"https:\/\/7culture.ci\/index.php\/2022\/09\/07\/foot-chelsea-a-vire-son-entraineur-thomas-tuchel\/","title":{"rendered":"Foot\u00a0: Chelsea a vir\u00e9 son entra\u00eeneur Thomas Tuchel!"},"content":{"rendered":"\n<p>C\u2019est un coup de tonnerre qui secoue le monde du football. Chelsea Football Club a annonc\u00e9 dans un communiqu\u00e9 de s\u00e9parer de son entra\u00eeneur Thomas et de tout son staff.<\/p>\n\n\n\n<p>M\u00eame s\u2019il est vrai que le club londonien ne r\u00e9aliste pas de bons r\u00e9sultats depuis le d\u00e9but de la saison 2022-2023 et que, peut-\u00eatre, la goutte d\u2019eau qui a fait d\u00e9border le vase a \u00e9t\u00e9 la d\u00e9faite des Blues contre le Dinamo Zagreb en Ligue des champions le mardi 6 septembre dernier, on ne s\u2019entendait pas \u00e0 qu\u2019il se s\u00e9pare&nbsp; de son technicien allemand. Mais c\u2019est d\u00e9j\u00e0 chose faite. Et \u00ab&nbsp;Il n&#8217;y aura aucun autre commentaire jusqu&#8217;\u00e0 ce qu&#8217;un nouvel entra\u00eeneur-chef soit nomm\u00e9&nbsp;\u00bb, souligne un communiqu\u00e9 de l\u2019ancien club de Didier Drogba que nous reproduisons in extenso. &nbsp;<\/p>\n\n\n\n<figure class=\"wp-block-image size-full is-resized\"><img loading=\"lazy\" decoding=\"async\" src=\"https:\/\/7culture.ci\/wp-content\/uploads\/2022\/09\/thomas2.jpg\" alt=\"\" class=\"wp-image-23772\" width=\"464\" height=\"464\" srcset=\"https:\/\/7culture.ci\/wp-content\/uploads\/2022\/09\/thomas2.jpg 680w, https:\/\/7culture.ci\/wp-content\/uploads\/2022\/09\/thomas2-300x300.jpg 300w, https:\/\/7culture.ci\/wp-content\/uploads\/2022\/09\/thomas2-150x150.jpg 150w\" sizes=\"(max-width: 464px) 100vw, 464px\" \/><\/figure>\n\n\n\n<p>&#8220;<em>Au nom de tout le monde au Chelsea FC, le Club tient \u00e0 exprimer sa gratitude \u00e0 Thomas et \u00e0 son \u00e9quipe pour tous leurs efforts pendant leur s\u00e9jour au Club. Thomas aura \u00e0 juste titre une place dans l&#8217;histoire de Chelsea apr\u00e8s avoir remport\u00e9 la Ligue des champions, la Super Coupe et la Coupe du monde des clubs en son temps ici.<\/em><\/p>\n\n\n\n<p><em>Alors que le nouveau groupe de propri\u00e9taires atteint 100 jours depuis la reprise du club et qu&#8217;il poursuit son travail acharn\u00e9 pour faire avancer le club, les nouveaux propri\u00e9taires pensent que c&#8217;est le bon moment pour faire cette transition.<\/em><\/p>\n\n\n\n<p><em>Le personnel d&#8217;entra\u00eeneurs de Chelsea prendra en charge l&#8217;\u00e9quipe pour l&#8217;entra\u00eenement et la pr\u00e9paration de nos prochains matchs alors que le Club agit rapidement pour nommer un nouvel entra\u00eeneur-chef.<\/em><\/p>\n\n\n\n<p><em>Il n&#8217;y aura aucun autre commentaire jusqu&#8217;\u00e0 ce qu&#8217;un nouvel entra\u00eeneur-chef soit nomm\u00e9.<\/em>&#8220;<\/p>\n\n\n\n<div class=\"wp-block-image\"><figure class=\"aligncenter size-full is-resized\"><img loading=\"lazy\" decoding=\"async\" src=\"https:\/\/7culture.ci\/wp-content\/uploads\/2022\/09\/thomas3.jpg\" alt=\"\" class=\"wp-image-23773\" width=\"645\" height=\"419\" srcset=\"https:\/\/7culture.ci\/wp-content\/uploads\/2022\/09\/thomas3.jpg 1001w, https:\/\/7culture.ci\/wp-content\/uploads\/2022\/09\/thomas3-300x195.jpg 300w, https:\/\/7culture.ci\/wp-content\/uploads\/2022\/09\/thomas3-768x499.jpg 768w\" sizes=\"(max-width: 645px) 100vw, 645px\" \/><\/figure><\/div>\n\n\n\n<p>Par Omar AK<\/p>\n","protected":false},"excerpt":{"rendered":"<p>C\u2019est un coup de tonnerre qui secoue le monde du football. Chelsea Football Club a annonc\u00e9 dans un communiqu\u00e9 de s\u00e9parer de son entra\u00eeneur Thomas et de tout son staff. M\u00eame s\u2019il est vrai que le club londonien ne r\u00e9aliste pas de bons r\u00e9sultats depuis le d\u00e9but de la saison 2022-2023 et que, peut-\u00eatre, la &hellip;<\/p>\n<p class=\"read-more\"> <a class=\"\" href=\"https:\/\/7culture.ci\/index.php\/2022\/09\/07\/foot-chelsea-a-vire-son-entraineur-thomas-tuchel\/\"> <span class=\"screen-reader-text\">Foot\u00a0: Chelsea a vir\u00e9 son entra\u00eeneur Thomas Tuchel!<\/span> Lire la suite\u00a0\u00bb<\/a><\/p>\n","protected":false},"author":1,"featured_media":23771,"comment_status":"open","ping_status":"open","sticky":false,"template":"","format":"standard","meta":{"_mi_skip_tracking":false,"_monsterinsights_sitenote_active":false,"_monsterinsights_sitenote_note":"","_monsterinsights_sitenote_category":0,"site-sidebar-layout":"default","site-content-layout":"default","ast-global-header-display":"","ast-main-header-display":"","ast-hfb-above-header-display":"","ast-hfb-below-header-display":"","ast-hfb-mobile-header-display":"","site-post-title":"","ast-breadcrumbs-content":"","ast-featured-img":"","footer-sml-layout":"","theme-transparent-header-meta":"","adv-header-id-meta":"","stick-header-meta":"","header-above-stick-meta":"","header-main-stick-meta":"","header-below-stick-meta":"","footnotes":"","jetpack_publicize_message":"","jetpack_is_tweetstorm":false,"jetpack_publicize_feature_enabled":true},"categories":[22],"tags":[],"jetpack_publicize_connections":[],"acf":[],"aioseo_notices":[],"yoast_head":"<!-- This site is optimized with the Yoast SEO plugin v19.6.1 - https:\/\/yoast.com\/wordpress\/plugins\/seo\/ -->\n<title>Foot\u00a0: Chelsea a vir\u00e9 son entra\u00eeneur Thomas Tuchel! - 7culture<\/title>\n<meta name=\"robots\" content=\"index, follow, max-snippet:-1, max-image-preview:large, max-video-preview:-1\" \/>\n<link rel=\"canonical\" href=\"https:\/\/7culture.ci\/index.php\/2022\/09\/07\/foot-chelsea-a-vire-son-entraineur-thomas-tuchel\/\" \/>\n<meta property=\"og:locale\" content=\"fr_FR\" \/>\n<meta property=\"og:type\" content=\"article\" \/>\n<meta property=\"og:title\" content=\"Foot\u00a0: Chelsea a vir\u00e9 son entra\u00eeneur Thomas Tuchel! - 7culture\" \/>\n<meta property=\"og:description\" content=\"C\u2019est un coup de tonnerre qui secoue le monde du football. Chelsea Football Club a annonc\u00e9 dans un communiqu\u00e9 de s\u00e9parer de son entra\u00eeneur Thomas et de tout son staff. M\u00eame s\u2019il est vrai que le club londonien ne r\u00e9aliste pas de bons r\u00e9sultats depuis le d\u00e9but de la saison 2022-2023 et que, peut-\u00eatre, la &hellip; Foot\u00a0: Chelsea a vir\u00e9 son entra\u00eeneur Thomas Tuchel! Lire la suite\u00a0\u00bb\" \/>\n<meta property=\"og:url\" content=\"https:\/\/7culture.ci\/index.php\/2022\/09\/07\/foot-chelsea-a-vire-son-entraineur-thomas-tuchel\/\" \/>\n<meta property=\"og:site_name\" content=\"7culture\" \/>\n<meta property=\"article:publisher\" content=\"https:\/\/www.facebook.com\/redchefclaude\" \/>\n<meta property=\"article:published_time\" content=\"2022-09-07T10:41:20+00:00\" \/>\n<meta property=\"article:modified_time\" content=\"2022-09-07T13:02:21+00:00\" \/>\n<meta property=\"og:image\" content=\"http:\/\/7culture.ci\/wp-content\/uploads\/2022\/09\/thomas4.jpg\" \/>\n\t<meta property=\"og:image:width\" content=\"1200\" \/>\n\t<meta property=\"og:image:height\" content=\"675\" \/>\n\t<meta property=\"og:image:type\" content=\"image\/jpeg\" \/>\n<meta name=\"author\" content=\"7culture2020\" \/>\n<meta name=\"twitter:card\" content=\"summary_large_image\" \/>\n<meta name=\"twitter:creator\" content=\"@7culturec\" \/>\n<meta name=\"twitter:site\" content=\"@7culturec\" \/>\n<meta name=\"twitter:label1\" content=\"\u00c9crit par\" \/>\n\t<meta name=\"twitter:data1\" content=\"7culture2020\" \/>\n\t<meta name=\"twitter:label2\" content=\"Dur\u00e9e de lecture estim\u00e9e\" \/>\n\t<meta name=\"twitter:data2\" content=\"2 minutes\" \/>\n<script type=\"application\/ld+json\" class=\"yoast-schema-graph\">{\"@context\":\"https:\/\/schema.org\",\"@graph\":[{\"@type\":\"Article\",\"@id\":\"https:\/\/7culture.ci\/index.php\/2022\/09\/07\/foot-chelsea-a-vire-son-entraineur-thomas-tuchel\/#article\",\"isPartOf\":{\"@id\":\"https:\/\/7culture.ci\/index.php\/2022\/09\/07\/foot-chelsea-a-vire-son-entraineur-thomas-tuchel\/\"},\"author\":{\"name\":\"7culture2020\",\"@id\":\"https:\/\/7culture.ci\/#\/schema\/person\/16150d28d7ef66ba788c1f87f28c4426\"},\"headline\":\"Foot\u00a0: Chelsea a vir\u00e9 son entra\u00eeneur Thomas Tuchel!\",\"datePublished\":\"2022-09-07T10:41:20+00:00\",\"dateModified\":\"2022-09-07T13:02:21+00:00\",\"mainEntityOfPage\":{\"@id\":\"https:\/\/7culture.ci\/index.php\/2022\/09\/07\/foot-chelsea-a-vire-son-entraineur-thomas-tuchel\/\"},\"wordCount\":309,\"commentCount\":0,\"publisher\":{\"@id\":\"https:\/\/7culture.ci\/#organization\"},\"articleSection\":[\"Actualit\u00e9\"],\"inLanguage\":\"fr-FR\",\"potentialAction\":[{\"@type\":\"CommentAction\",\"name\":\"Comment\",\"target\":[\"https:\/\/7culture.ci\/index.php\/2022\/09\/07\/foot-chelsea-a-vire-son-entraineur-thomas-tuchel\/#respond\"]}]},{\"@type\":\"WebPage\",\"@id\":\"https:\/\/7culture.ci\/index.php\/2022\/09\/07\/foot-chelsea-a-vire-son-entraineur-thomas-tuchel\/\",\"url\":\"https:\/\/7culture.ci\/index.php\/2022\/09\/07\/foot-chelsea-a-vire-son-entraineur-thomas-tuchel\/\",\"name\":\"Foot\u00a0: Chelsea a vir\u00e9 son entra\u00eeneur Thomas Tuchel! - 7culture\",\"isPartOf\":{\"@id\":\"https:\/\/7culture.ci\/#website\"},\"datePublished\":\"2022-09-07T10:41:20+00:00\",\"dateModified\":\"2022-09-07T13:02:21+00:00\",\"breadcrumb\":{\"@id\":\"https:\/\/7culture.ci\/index.php\/2022\/09\/07\/foot-chelsea-a-vire-son-entraineur-thomas-tuchel\/#breadcrumb\"},\"inLanguage\":\"fr-FR\",\"potentialAction\":[{\"@type\":\"ReadAction\",\"target\":[\"https:\/\/7culture.ci\/index.php\/2022\/09\/07\/foot-chelsea-a-vire-son-entraineur-thomas-tuchel\/\"]}]},{\"@type\":\"BreadcrumbList\",\"@id\":\"https:\/\/7culture.ci\/index.php\/2022\/09\/07\/foot-chelsea-a-vire-son-entraineur-thomas-tuchel\/#breadcrumb\",\"itemListElement\":[{\"@type\":\"ListItem\",\"position\":1,\"name\":\"Accueil\",\"item\":\"https:\/\/7culture.ci\/\"},{\"@type\":\"ListItem\",\"position\":2,\"name\":\"Foot\u00a0: Chelsea a vir\u00e9 son entra\u00eeneur Thomas Tuchel!\"}]},{\"@type\":\"WebSite\",\"@id\":\"https:\/\/7culture.ci\/#website\",\"url\":\"https:\/\/7culture.ci\/\",\"name\":\"7culture\",\"description\":\"Tout sur l&#039;actualit\u00e9\",\"publisher\":{\"@id\":\"https:\/\/7culture.ci\/#organization\"},\"potentialAction\":[{\"@type\":\"SearchAction\",\"target\":{\"@type\":\"EntryPoint\",\"urlTemplate\":\"https:\/\/7culture.ci\/?s={search_term_string}\"},\"query-input\":\"required name=search_term_string\"}],\"inLanguage\":\"fr-FR\"},{\"@type\":\"Organization\",\"@id\":\"https:\/\/7culture.ci\/#organization\",\"name\":\"7culture\",\"url\":\"https:\/\/7culture.ci\/\",\"sameAs\":[\"https:\/\/www.facebook.com\/redchefclaude\",\"https:\/\/twitter.com\/7culturec\"],\"logo\":{\"@type\":\"ImageObject\",\"inLanguage\":\"fr-FR\",\"@id\":\"https:\/\/7culture.ci\/#\/schema\/logo\/image\/\",\"url\":\"https:\/\/7culture.ci\/wp-content\/uploads\/2021\/12\/S1a-1.png\",\"contentUrl\":\"https:\/\/7culture.ci\/wp-content\/uploads\/2021\/12\/S1a-1.png\",\"width\":588,\"height\":192,\"caption\":\"7culture\"},\"image\":{\"@id\":\"https:\/\/7culture.ci\/#\/schema\/logo\/image\/\"}},{\"@type\":\"Person\",\"@id\":\"https:\/\/7culture.ci\/#\/schema\/person\/16150d28d7ef66ba788c1f87f28c4426\",\"name\":\"7culture2020\",\"image\":{\"@type\":\"ImageObject\",\"inLanguage\":\"fr-FR\",\"@id\":\"https:\/\/7culture.ci\/#\/schema\/person\/image\/\",\"url\":\"https:\/\/secure.gravatar.com\/avatar\/9a0784f951306c37bcd065f52844ef95?s=96&d=mm&r=g\",\"contentUrl\":\"https:\/\/secure.gravatar.com\/avatar\/9a0784f951306c37bcd065f52844ef95?s=96&d=mm&r=g\",\"caption\":\"7culture2020\"},\"sameAs\":[\"http:\/\/7culture.ci\",\"Claude.kipre\"],\"url\":\"https:\/\/7culture.ci\/index.php\/author\/7culture2020\/\"}]}<\/script>\n<!-- \/ Yoast SEO plugin. -->","yoast_head_json":{"title":"Foot\u00a0: Chelsea a vir\u00e9 son entra\u00eeneur Thomas Tuchel! - 7culture","robots":{"index":"index","follow":"follow","max-snippet":"max-snippet:-1","max-image-preview":"max-image-preview:large","max-video-preview":"max-video-preview:-1"},"canonical":"https:\/\/7culture.ci\/index.php\/2022\/09\/07\/foot-chelsea-a-vire-son-entraineur-thomas-tuchel\/","og_locale":"fr_FR","og_type":"article","og_title":"Foot\u00a0: Chelsea a vir\u00e9 son entra\u00eeneur Thomas Tuchel! - 7culture","og_description":"C\u2019est un coup de tonnerre qui secoue le monde du football. Chelsea Football Club a annonc\u00e9 dans un communiqu\u00e9 de s\u00e9parer de son entra\u00eeneur Thomas et de tout son staff. M\u00eame s\u2019il est vrai que le club londonien ne r\u00e9aliste pas de bons r\u00e9sultats depuis le d\u00e9but de la saison 2022-2023 et que, peut-\u00eatre, la &hellip; Foot\u00a0: Chelsea a vir\u00e9 son entra\u00eeneur Thomas Tuchel! Lire la suite\u00a0\u00bb","og_url":"https:\/\/7culture.ci\/index.php\/2022\/09\/07\/foot-chelsea-a-vire-son-entraineur-thomas-tuchel\/","og_site_name":"7culture","article_publisher":"https:\/\/www.facebook.com\/redchefclaude","article_published_time":"2022-09-07T10:41:20+00:00","article_modified_time":"2022-09-07T13:02:21+00:00","og_image":[{"width":1200,"height":675,"url":"http:\/\/7culture.ci\/wp-content\/uploads\/2022\/09\/thomas4.jpg","type":"image\/jpeg"}],"author":"7culture2020","twitter_card":"summary_large_image","twitter_creator":"@7culturec","twitter_site":"@7culturec","twitter_misc":{"\u00c9crit par":"7culture2020","Dur\u00e9e de lecture estim\u00e9e":"2 minutes"},"schema":{"@context":"https:\/\/schema.org","@graph":[{"@type":"Article","@id":"https:\/\/7culture.ci\/index.php\/2022\/09\/07\/foot-chelsea-a-vire-son-entraineur-thomas-tuchel\/#article","isPartOf":{"@id":"https:\/\/7culture.ci\/index.php\/2022\/09\/07\/foot-chelsea-a-vire-son-entraineur-thomas-tuchel\/"},"author":{"name":"7culture2020","@id":"https:\/\/7culture.ci\/#\/schema\/person\/16150d28d7ef66ba788c1f87f28c4426"},"headline":"Foot\u00a0: Chelsea a vir\u00e9 son entra\u00eeneur Thomas Tuchel!","datePublished":"2022-09-07T10:41:20+00:00","dateModified":"2022-09-07T13:02:21+00:00","mainEntityOfPage":{"@id":"https:\/\/7culture.ci\/index.php\/2022\/09\/07\/foot-chelsea-a-vire-son-entraineur-thomas-tuchel\/"},"wordCount":309,"commentCount":0,"publisher":{"@id":"https:\/\/7culture.ci\/#organization"},"articleSection":["Actualit\u00e9"],"inLanguage":"fr-FR","potentialAction":[{"@type":"CommentAction","name":"Comment","target":["https:\/\/7culture.ci\/index.php\/2022\/09\/07\/foot-chelsea-a-vire-son-entraineur-thomas-tuchel\/#respond"]}]},{"@type":"WebPage","@id":"https:\/\/7culture.ci\/index.php\/2022\/09\/07\/foot-chelsea-a-vire-son-entraineur-thomas-tuchel\/","url":"https:\/\/7culture.ci\/index.php\/2022\/09\/07\/foot-chelsea-a-vire-son-entraineur-thomas-tuchel\/","name":"Foot\u00a0: Chelsea a vir\u00e9 son entra\u00eeneur Thomas Tuchel! - 7culture","isPartOf":{"@id":"https:\/\/7culture.ci\/#website"},"datePublished":"2022-09-07T10:41:20+00:00","dateModified":"2022-09-07T13:02:21+00:00","breadcrumb":{"@id":"https:\/\/7culture.ci\/index.php\/2022\/09\/07\/foot-chelsea-a-vire-son-entraineur-thomas-tuchel\/#breadcrumb"},"inLanguage":"fr-FR","potentialAction":[{"@type":"ReadAction","target":["https:\/\/7culture.ci\/index.php\/2022\/09\/07\/foot-chelsea-a-vire-son-entraineur-thomas-tuchel\/"]}]},{"@type":"BreadcrumbList","@id":"https:\/\/7culture.ci\/index.php\/2022\/09\/07\/foot-chelsea-a-vire-son-entraineur-thomas-tuchel\/#breadcrumb","itemListElement":[{"@type":"ListItem","position":1,"name":"Accueil","item":"https:\/\/7culture.ci\/"},{"@type":"ListItem","position":2,"name":"Foot\u00a0: Chelsea a vir\u00e9 son entra\u00eeneur Thomas Tuchel!"}]},{"@type":"WebSite","@id":"https:\/\/7culture.ci\/#website","url":"https:\/\/7culture.ci\/","name":"7culture","description":"Tout sur l&#039;actualit\u00e9","publisher":{"@id":"https:\/\/7culture.ci\/#organization"},"potentialAction":[{"@type":"SearchAction","target":{"@type":"EntryPoint","urlTemplate":"https:\/\/7culture.ci\/?s={search_term_string}"},"query-input":"required name=search_term_string"}],"inLanguage":"fr-FR"},{"@type":"Organization","@id":"https:\/\/7culture.ci\/#organization","name":"7culture","url":"https:\/\/7culture.ci\/","sameAs":["https:\/\/www.facebook.com\/redchefclaude","https:\/\/twitter.com\/7culturec"],"logo":{"@type":"ImageObject","inLanguage":"fr-FR","@id":"https:\/\/7culture.ci\/#\/schema\/logo\/image\/","url":"https:\/\/7culture.ci\/wp-content\/uploads\/2021\/12\/S1a-1.png","contentUrl":"https:\/\/7culture.ci\/wp-content\/uploads\/2021\/12\/S1a-1.png","width":588,"height":192,"caption":"7culture"},"image":{"@id":"https:\/\/7culture.ci\/#\/schema\/logo\/image\/"}},{"@type":"Person","@id":"https:\/\/7culture.ci\/#\/schema\/person\/16150d28d7ef66ba788c1f87f28c4426","name":"7culture2020","image":{"@type":"ImageObject","inLanguage":"fr-FR","@id":"https:\/\/7culture.ci\/#\/schema\/person\/image\/","url":"https:\/\/secure.gravatar.com\/avatar\/9a0784f951306c37bcd065f52844ef95?s=96&d=mm&r=g","contentUrl":"https:\/\/secure.gravatar.com\/avatar\/9a0784f951306c37bcd065f52844ef95?s=96&d=mm&r=g","caption":"7culture2020"},"sameAs":["http:\/\/7culture.ci","Claude.kipre"],"url":"https:\/\/7culture.ci\/index.php\/author\/7culture2020\/"}]}},"jetpack_featured_media_url":"https:\/\/7culture.ci\/wp-content\/uploads\/2022\/09\/thomas4.jpg","jetpack_likes_enabled":true,"jetpack_sharing_enabled":true,"_links":{"self":[{"href":"https:\/\/7culture.ci\/index.php\/wp-json\/wp\/v2\/posts\/23770"}],"collection":[{"href":"https:\/\/7culture.ci\/index.php\/wp-json\/wp\/v2\/posts"}],"about":[{"href":"https:\/\/7culture.ci\/index.php\/wp-json\/wp\/v2\/types\/post"}],"author":[{"embeddable":true,"href":"https:\/\/7culture.ci\/index.php\/wp-json\/wp\/v2\/users\/1"}],"replies":[{"embeddable":true,"href":"https:\/\/7culture.ci\/index.php\/wp-json\/wp\/v2\/comments?post=23770"}],"version-history":[{"count":0,"href":"https:\/\/7culture.ci\/index.php\/wp-json\/wp\/v2\/posts\/23770\/revisions"}],"wp:featuredmedia":[{"embeddable":true,"href":"https:\/\/7culture.ci\/index.php\/wp-json\/wp\/v2\/media\/23771"}],"wp:attachment":[{"href":"https:\/\/7culture.ci\/index.php\/wp-json\/wp\/v2\/media?parent=23770"}],"wp:term":[{"taxonomy":"category","embeddable":true,"href":"https:\/\/7culture.ci\/index.php\/wp-json\/wp\/v2\/categories?post=23770"},{"taxonomy":"post_tag","embeddable":true,"href":"https:\/\/7culture.ci\/index.php\/wp-json\/wp\/v2\/tags?post=23770"}],"curies":[{"name":"wp","href":"https:\/\/api.w.org\/{rel}","templated":true}]}}