{"id":23763,"date":"2022-09-06T16:48:32","date_gmt":"2022-09-06T16:48:32","guid":{"rendered":"https:\/\/7culture.ci\/?p=23763"},"modified":"2022-09-07T10:43:54","modified_gmt":"2022-09-07T10:43:54","slug":"roseline-layo-organise-une-seance-decoute-spectacle-au-majestic-cinema","status":"publish","type":"post","link":"https:\/\/7culture.ci\/index.php\/2022\/09\/06\/roseline-layo-organise-une-seance-decoute-spectacle-au-majestic-cinema\/","title":{"rendered":"Roseline Layo organise une s\u00e9ance d\u2019\u00e9coute-spectacle au Majestic Cin\u00e9ma"},"content":{"rendered":"\n<p>En pr\u00e9lude \u00e0 la publication de son premier pr\u00e9vue le 15 novembre prochain, la chanteuse Roseline Layo organise une s\u00e9ance d\u2019\u00e9coute. Qui aura lieu le 15 septembre 2022 \u00e0 la salle du Majestic Cin\u00e9ma d\u2019Abidjan H\u00f4tel Ivoire.<\/p>\n\n\n\n<p>Au cours de cette soir\u00e9e d\u00e9nomm\u00e9e \u2018\u2019Histoire d\u2019une \u00e9lue de Dieu\u2019\u2019, Roseline jouera en live sept titres de son album intitul\u00e9 \u2018\u2019Elue de Dieu\u2019\u2019 qui sortiront le 16 septembre sur toutes les plateformes de t\u00e9l\u00e9chargement. En plus du concert live, un film portant sur le parcours musical de l\u2019artiste sera pr\u00e9sent\u00e9 au public.<\/p>\n\n\n\n<figure class=\"wp-block-image size-full is-resized\"><img loading=\"lazy\" decoding=\"async\" src=\"https:\/\/7culture.ci\/wp-content\/uploads\/2022\/09\/WhatsApp-Image-2022-09-06-at-16.20.06.jpeg\" alt=\"\" class=\"wp-image-23766\" width=\"429\" height=\"628\" srcset=\"https:\/\/7culture.ci\/wp-content\/uploads\/2022\/09\/WhatsApp-Image-2022-09-06-at-16.20.06.jpeg 615w, https:\/\/7culture.ci\/wp-content\/uploads\/2022\/09\/WhatsApp-Image-2022-09-06-at-16.20.06-205x300.jpeg 205w\" sizes=\"(max-width: 429px) 100vw, 429px\" \/><\/figure>\n\n\n\n<p>Roseline Layo a pr\u00e9vu, pour ce mini concert live, invit\u00e9 quelques stars du show-biz ivoirien. Il s\u2019agit du Molare, Josey, Yod\u00e9 &amp; Siro , O\u2019nel Mala, Willy Dumbo&#8230;<\/p>\n\n\n\n<p>N\u00e9e en 1991 \u00e0 Man dans l\u2019ouest de la C\u00f4te d\u2019Ivoire, Roseline avait du mal \u00e0 assimiler les cours dispens\u00e9s, pendant son enfance. Elle prenait par contre plaisir \u00e0 chanter au bord du puits de la cour familiale. La passion pour la musique ayant pris le dessus, la jeune autodidacte int\u00e8gre des groupes de musique \u00e0 l\u2019\u00e9glise et participe en 2014 au concours de musique \u2018\u2019Star Karaok\u00e9\u2019\u2019. Par la suite, elle rejoint l\u2019orchestre f\u00e9minin \u2018\u2019Bella Mundo\u2019\u2019.<\/p>\n\n\n\n<div class=\"wp-block-image\"><figure class=\"aligncenter size-full is-resized\"><img loading=\"lazy\" decoding=\"async\" src=\"https:\/\/7culture.ci\/wp-content\/uploads\/2022\/09\/WhatsApp-Image-2022-09-06-at-16.20.07-1.jpeg\" alt=\"\" class=\"wp-image-23768\" width=\"528\" height=\"480\" srcset=\"https:\/\/7culture.ci\/wp-content\/uploads\/2022\/09\/WhatsApp-Image-2022-09-06-at-16.20.07-1.jpeg 692w, https:\/\/7culture.ci\/wp-content\/uploads\/2022\/09\/WhatsApp-Image-2022-09-06-at-16.20.07-1-300x273.jpeg 300w\" sizes=\"(max-width: 528px) 100vw, 528px\" \/><\/figure><\/div>\n\n\n\n<p>Elle d\u00e9cide en 2018 de voler de ses propres ailes et propose de petites prestations dans les bars. Ceci lui a permis de faire une tourn\u00e9e \u00e0 Paris et \u00e0 Gen\u00e8ve la m\u00eame ann\u00e9e.&nbsp; En novembre 2021, Roseline a fait sortir le premier tube de sa carri\u00e8re \u2018\u2019Donnez nous un peu\u2019\u2019. Ce titre connait un franc succ\u00e8s avec plus de 100.000 vues en 24 heures sur YouTube.<\/p>\n\n\n\n<p>Thierry Samuel<\/p>\n","protected":false},"excerpt":{"rendered":"<p>En pr\u00e9lude \u00e0 la publication de son premier pr\u00e9vue le 15 novembre prochain, la chanteuse Roseline Layo organise une s\u00e9ance d\u2019\u00e9coute. Qui aura lieu le 15 septembre 2022 \u00e0 la salle du Majestic Cin\u00e9ma d\u2019Abidjan H\u00f4tel Ivoire. Au cours de cette soir\u00e9e d\u00e9nomm\u00e9e \u2018\u2019Histoire d\u2019une \u00e9lue de Dieu\u2019\u2019, Roseline jouera en live sept titres de &hellip;<\/p>\n<p class=\"read-more\"> <a class=\"\" href=\"https:\/\/7culture.ci\/index.php\/2022\/09\/06\/roseline-layo-organise-une-seance-decoute-spectacle-au-majestic-cinema\/\"> <span class=\"screen-reader-text\">Roseline Layo organise une s\u00e9ance d\u2019\u00e9coute-spectacle au Majestic Cin\u00e9ma<\/span> Lire la suite\u00a0\u00bb<\/a><\/p>\n","protected":false},"author":1,"featured_media":23765,"comment_status":"open","ping_status":"open","sticky":false,"template":"","format":"standard","meta":{"_mi_skip_tracking":false,"_monsterinsights_sitenote_active":false,"_monsterinsights_sitenote_note":"","_monsterinsights_sitenote_category":0,"site-sidebar-layout":"default","site-content-layout":"default","ast-global-header-display":"","ast-main-header-display":"","ast-hfb-above-header-display":"","ast-hfb-below-header-display":"","ast-hfb-mobile-header-display":"","site-post-title":"","ast-breadcrumbs-content":"","ast-featured-img":"","footer-sml-layout":"","theme-transparent-header-meta":"","adv-header-id-meta":"","stick-header-meta":"","header-above-stick-meta":"","header-main-stick-meta":"","header-below-stick-meta":"","footnotes":"","jetpack_publicize_message":"","jetpack_is_tweetstorm":false,"jetpack_publicize_feature_enabled":true},"categories":[16],"tags":[],"jetpack_publicize_connections":[],"acf":[],"aioseo_notices":[],"yoast_head":"<!-- This site is optimized with the Yoast SEO plugin v19.6.1 - https:\/\/yoast.com\/wordpress\/plugins\/seo\/ -->\n<title>Roseline Layo organise une s\u00e9ance d\u2019\u00e9coute-spectacle au Majestic Cin\u00e9ma - 7culture<\/title>\n<meta name=\"robots\" content=\"index, follow, max-snippet:-1, max-image-preview:large, max-video-preview:-1\" \/>\n<link rel=\"canonical\" href=\"https:\/\/7culture.ci\/index.php\/2022\/09\/06\/roseline-layo-organise-une-seance-decoute-spectacle-au-majestic-cinema\/\" \/>\n<meta property=\"og:locale\" content=\"fr_FR\" \/>\n<meta property=\"og:type\" content=\"article\" \/>\n<meta property=\"og:title\" content=\"Roseline Layo organise une s\u00e9ance d\u2019\u00e9coute-spectacle au Majestic Cin\u00e9ma - 7culture\" \/>\n<meta property=\"og:description\" content=\"En pr\u00e9lude \u00e0 la publication de son premier pr\u00e9vue le 15 novembre prochain, la chanteuse Roseline Layo organise une s\u00e9ance d\u2019\u00e9coute. Qui aura lieu le 15 septembre 2022 \u00e0 la salle du Majestic Cin\u00e9ma d\u2019Abidjan H\u00f4tel Ivoire. Au cours de cette soir\u00e9e d\u00e9nomm\u00e9e \u2018\u2019Histoire d\u2019une \u00e9lue de Dieu\u2019\u2019, Roseline jouera en live sept titres de &hellip; Roseline Layo organise une s\u00e9ance d\u2019\u00e9coute-spectacle au Majestic Cin\u00e9ma Lire la suite\u00a0\u00bb\" \/>\n<meta property=\"og:url\" content=\"https:\/\/7culture.ci\/index.php\/2022\/09\/06\/roseline-layo-organise-une-seance-decoute-spectacle-au-majestic-cinema\/\" \/>\n<meta property=\"og:site_name\" content=\"7culture\" \/>\n<meta property=\"article:publisher\" content=\"https:\/\/www.facebook.com\/redchefclaude\" \/>\n<meta property=\"article:published_time\" content=\"2022-09-06T16:48:32+00:00\" \/>\n<meta property=\"article:modified_time\" content=\"2022-09-07T10:43:54+00:00\" \/>\n<meta property=\"og:image\" content=\"http:\/\/7culture.ci\/wp-content\/uploads\/2022\/09\/roselyne1.jpg\" \/>\n\t<meta property=\"og:image:width\" content=\"749\" \/>\n\t<meta property=\"og:image:height\" content=\"595\" \/>\n\t<meta property=\"og:image:type\" content=\"image\/jpeg\" \/>\n<meta name=\"author\" content=\"7culture2020\" \/>\n<meta name=\"twitter:card\" content=\"summary_large_image\" \/>\n<meta name=\"twitter:creator\" content=\"@7culturec\" \/>\n<meta name=\"twitter:site\" content=\"@7culturec\" \/>\n<meta name=\"twitter:label1\" content=\"\u00c9crit par\" \/>\n\t<meta name=\"twitter:data1\" content=\"7culture2020\" \/>\n\t<meta name=\"twitter:label2\" content=\"Dur\u00e9e de lecture estim\u00e9e\" \/>\n\t<meta name=\"twitter:data2\" content=\"2 minutes\" \/>\n<script type=\"application\/ld+json\" class=\"yoast-schema-graph\">{\"@context\":\"https:\/\/schema.org\",\"@graph\":[{\"@type\":\"Article\",\"@id\":\"https:\/\/7culture.ci\/index.php\/2022\/09\/06\/roseline-layo-organise-une-seance-decoute-spectacle-au-majestic-cinema\/#article\",\"isPartOf\":{\"@id\":\"https:\/\/7culture.ci\/index.php\/2022\/09\/06\/roseline-layo-organise-une-seance-decoute-spectacle-au-majestic-cinema\/\"},\"author\":{\"name\":\"7culture2020\",\"@id\":\"https:\/\/7culture.ci\/#\/schema\/person\/16150d28d7ef66ba788c1f87f28c4426\"},\"headline\":\"Roseline Layo organise une s\u00e9ance d\u2019\u00e9coute-spectacle au Majestic Cin\u00e9ma\",\"datePublished\":\"2022-09-06T16:48:32+00:00\",\"dateModified\":\"2022-09-07T10:43:54+00:00\",\"mainEntityOfPage\":{\"@id\":\"https:\/\/7culture.ci\/index.php\/2022\/09\/06\/roseline-layo-organise-une-seance-decoute-spectacle-au-majestic-cinema\/\"},\"wordCount\":291,\"commentCount\":0,\"publisher\":{\"@id\":\"https:\/\/7culture.ci\/#organization\"},\"articleSection\":[\"Musique\"],\"inLanguage\":\"fr-FR\",\"potentialAction\":[{\"@type\":\"CommentAction\",\"name\":\"Comment\",\"target\":[\"https:\/\/7culture.ci\/index.php\/2022\/09\/06\/roseline-layo-organise-une-seance-decoute-spectacle-au-majestic-cinema\/#respond\"]}]},{\"@type\":\"WebPage\",\"@id\":\"https:\/\/7culture.ci\/index.php\/2022\/09\/06\/roseline-layo-organise-une-seance-decoute-spectacle-au-majestic-cinema\/\",\"url\":\"https:\/\/7culture.ci\/index.php\/2022\/09\/06\/roseline-layo-organise-une-seance-decoute-spectacle-au-majestic-cinema\/\",\"name\":\"Roseline Layo organise une s\u00e9ance d\u2019\u00e9coute-spectacle au Majestic Cin\u00e9ma - 7culture\",\"isPartOf\":{\"@id\":\"https:\/\/7culture.ci\/#website\"},\"datePublished\":\"2022-09-06T16:48:32+00:00\",\"dateModified\":\"2022-09-07T10:43:54+00:00\",\"breadcrumb\":{\"@id\":\"https:\/\/7culture.ci\/index.php\/2022\/09\/06\/roseline-layo-organise-une-seance-decoute-spectacle-au-majestic-cinema\/#breadcrumb\"},\"inLanguage\":\"fr-FR\",\"potentialAction\":[{\"@type\":\"ReadAction\",\"target\":[\"https:\/\/7culture.ci\/index.php\/2022\/09\/06\/roseline-layo-organise-une-seance-decoute-spectacle-au-majestic-cinema\/\"]}]},{\"@type\":\"BreadcrumbList\",\"@id\":\"https:\/\/7culture.ci\/index.php\/2022\/09\/06\/roseline-layo-organise-une-seance-decoute-spectacle-au-majestic-cinema\/#breadcrumb\",\"itemListElement\":[{\"@type\":\"ListItem\",\"position\":1,\"name\":\"Accueil\",\"item\":\"https:\/\/7culture.ci\/\"},{\"@type\":\"ListItem\",\"position\":2,\"name\":\"Roseline Layo organise une s\u00e9ance d\u2019\u00e9coute-spectacle au Majestic Cin\u00e9ma\"}]},{\"@type\":\"WebSite\",\"@id\":\"https:\/\/7culture.ci\/#website\",\"url\":\"https:\/\/7culture.ci\/\",\"name\":\"7culture\",\"description\":\"Tout sur l&#039;actualit\u00e9\",\"publisher\":{\"@id\":\"https:\/\/7culture.ci\/#organization\"},\"potentialAction\":[{\"@type\":\"SearchAction\",\"target\":{\"@type\":\"EntryPoint\",\"urlTemplate\":\"https:\/\/7culture.ci\/?s={search_term_string}\"},\"query-input\":\"required name=search_term_string\"}],\"inLanguage\":\"fr-FR\"},{\"@type\":\"Organization\",\"@id\":\"https:\/\/7culture.ci\/#organization\",\"name\":\"7culture\",\"url\":\"https:\/\/7culture.ci\/\",\"sameAs\":[\"https:\/\/www.facebook.com\/redchefclaude\",\"https:\/\/twitter.com\/7culturec\"],\"logo\":{\"@type\":\"ImageObject\",\"inLanguage\":\"fr-FR\",\"@id\":\"https:\/\/7culture.ci\/#\/schema\/logo\/image\/\",\"url\":\"https:\/\/7culture.ci\/wp-content\/uploads\/2021\/12\/S1a-1.png\",\"contentUrl\":\"https:\/\/7culture.ci\/wp-content\/uploads\/2021\/12\/S1a-1.png\",\"width\":588,\"height\":192,\"caption\":\"7culture\"},\"image\":{\"@id\":\"https:\/\/7culture.ci\/#\/schema\/logo\/image\/\"}},{\"@type\":\"Person\",\"@id\":\"https:\/\/7culture.ci\/#\/schema\/person\/16150d28d7ef66ba788c1f87f28c4426\",\"name\":\"7culture2020\",\"image\":{\"@type\":\"ImageObject\",\"inLanguage\":\"fr-FR\",\"@id\":\"https:\/\/7culture.ci\/#\/schema\/person\/image\/\",\"url\":\"https:\/\/secure.gravatar.com\/avatar\/9a0784f951306c37bcd065f52844ef95?s=96&d=mm&r=g\",\"contentUrl\":\"https:\/\/secure.gravatar.com\/avatar\/9a0784f951306c37bcd065f52844ef95?s=96&d=mm&r=g\",\"caption\":\"7culture2020\"},\"sameAs\":[\"http:\/\/7culture.ci\",\"Claude.kipre\"],\"url\":\"https:\/\/7culture.ci\/index.php\/author\/7culture2020\/\"}]}<\/script>\n<!-- \/ Yoast SEO plugin. -->","yoast_head_json":{"title":"Roseline Layo organise une s\u00e9ance d\u2019\u00e9coute-spectacle au Majestic Cin\u00e9ma - 7culture","robots":{"index":"index","follow":"follow","max-snippet":"max-snippet:-1","max-image-preview":"max-image-preview:large","max-video-preview":"max-video-preview:-1"},"canonical":"https:\/\/7culture.ci\/index.php\/2022\/09\/06\/roseline-layo-organise-une-seance-decoute-spectacle-au-majestic-cinema\/","og_locale":"fr_FR","og_type":"article","og_title":"Roseline Layo organise une s\u00e9ance d\u2019\u00e9coute-spectacle au Majestic Cin\u00e9ma - 7culture","og_description":"En pr\u00e9lude \u00e0 la publication de son premier pr\u00e9vue le 15 novembre prochain, la chanteuse Roseline Layo organise une s\u00e9ance d\u2019\u00e9coute. Qui aura lieu le 15 septembre 2022 \u00e0 la salle du Majestic Cin\u00e9ma d\u2019Abidjan H\u00f4tel Ivoire. Au cours de cette soir\u00e9e d\u00e9nomm\u00e9e \u2018\u2019Histoire d\u2019une \u00e9lue de Dieu\u2019\u2019, Roseline jouera en live sept titres de &hellip; Roseline Layo organise une s\u00e9ance d\u2019\u00e9coute-spectacle au Majestic Cin\u00e9ma Lire la suite\u00a0\u00bb","og_url":"https:\/\/7culture.ci\/index.php\/2022\/09\/06\/roseline-layo-organise-une-seance-decoute-spectacle-au-majestic-cinema\/","og_site_name":"7culture","article_publisher":"https:\/\/www.facebook.com\/redchefclaude","article_published_time":"2022-09-06T16:48:32+00:00","article_modified_time":"2022-09-07T10:43:54+00:00","og_image":[{"width":749,"height":595,"url":"http:\/\/7culture.ci\/wp-content\/uploads\/2022\/09\/roselyne1.jpg","type":"image\/jpeg"}],"author":"7culture2020","twitter_card":"summary_large_image","twitter_creator":"@7culturec","twitter_site":"@7culturec","twitter_misc":{"\u00c9crit par":"7culture2020","Dur\u00e9e de lecture estim\u00e9e":"2 minutes"},"schema":{"@context":"https:\/\/schema.org","@graph":[{"@type":"Article","@id":"https:\/\/7culture.ci\/index.php\/2022\/09\/06\/roseline-layo-organise-une-seance-decoute-spectacle-au-majestic-cinema\/#article","isPartOf":{"@id":"https:\/\/7culture.ci\/index.php\/2022\/09\/06\/roseline-layo-organise-une-seance-decoute-spectacle-au-majestic-cinema\/"},"author":{"name":"7culture2020","@id":"https:\/\/7culture.ci\/#\/schema\/person\/16150d28d7ef66ba788c1f87f28c4426"},"headline":"Roseline Layo organise une s\u00e9ance d\u2019\u00e9coute-spectacle au Majestic Cin\u00e9ma","datePublished":"2022-09-06T16:48:32+00:00","dateModified":"2022-09-07T10:43:54+00:00","mainEntityOfPage":{"@id":"https:\/\/7culture.ci\/index.php\/2022\/09\/06\/roseline-layo-organise-une-seance-decoute-spectacle-au-majestic-cinema\/"},"wordCount":291,"commentCount":0,"publisher":{"@id":"https:\/\/7culture.ci\/#organization"},"articleSection":["Musique"],"inLanguage":"fr-FR","potentialAction":[{"@type":"CommentAction","name":"Comment","target":["https:\/\/7culture.ci\/index.php\/2022\/09\/06\/roseline-layo-organise-une-seance-decoute-spectacle-au-majestic-cinema\/#respond"]}]},{"@type":"WebPage","@id":"https:\/\/7culture.ci\/index.php\/2022\/09\/06\/roseline-layo-organise-une-seance-decoute-spectacle-au-majestic-cinema\/","url":"https:\/\/7culture.ci\/index.php\/2022\/09\/06\/roseline-layo-organise-une-seance-decoute-spectacle-au-majestic-cinema\/","name":"Roseline Layo organise une s\u00e9ance d\u2019\u00e9coute-spectacle au Majestic Cin\u00e9ma - 7culture","isPartOf":{"@id":"https:\/\/7culture.ci\/#website"},"datePublished":"2022-09-06T16:48:32+00:00","dateModified":"2022-09-07T10:43:54+00:00","breadcrumb":{"@id":"https:\/\/7culture.ci\/index.php\/2022\/09\/06\/roseline-layo-organise-une-seance-decoute-spectacle-au-majestic-cinema\/#breadcrumb"},"inLanguage":"fr-FR","potentialAction":[{"@type":"ReadAction","target":["https:\/\/7culture.ci\/index.php\/2022\/09\/06\/roseline-layo-organise-une-seance-decoute-spectacle-au-majestic-cinema\/"]}]},{"@type":"BreadcrumbList","@id":"https:\/\/7culture.ci\/index.php\/2022\/09\/06\/roseline-layo-organise-une-seance-decoute-spectacle-au-majestic-cinema\/#breadcrumb","itemListElement":[{"@type":"ListItem","position":1,"name":"Accueil","item":"https:\/\/7culture.ci\/"},{"@type":"ListItem","position":2,"name":"Roseline Layo organise une s\u00e9ance d\u2019\u00e9coute-spectacle au Majestic Cin\u00e9ma"}]},{"@type":"WebSite","@id":"https:\/\/7culture.ci\/#website","url":"https:\/\/7culture.ci\/","name":"7culture","description":"Tout sur l&#039;actualit\u00e9","publisher":{"@id":"https:\/\/7culture.ci\/#organization"},"potentialAction":[{"@type":"SearchAction","target":{"@type":"EntryPoint","urlTemplate":"https:\/\/7culture.ci\/?s={search_term_string}"},"query-input":"required name=search_term_string"}],"inLanguage":"fr-FR"},{"@type":"Organization","@id":"https:\/\/7culture.ci\/#organization","name":"7culture","url":"https:\/\/7culture.ci\/","sameAs":["https:\/\/www.facebook.com\/redchefclaude","https:\/\/twitter.com\/7culturec"],"logo":{"@type":"ImageObject","inLanguage":"fr-FR","@id":"https:\/\/7culture.ci\/#\/schema\/logo\/image\/","url":"https:\/\/7culture.ci\/wp-content\/uploads\/2021\/12\/S1a-1.png","contentUrl":"https:\/\/7culture.ci\/wp-content\/uploads\/2021\/12\/S1a-1.png","width":588,"height":192,"caption":"7culture"},"image":{"@id":"https:\/\/7culture.ci\/#\/schema\/logo\/image\/"}},{"@type":"Person","@id":"https:\/\/7culture.ci\/#\/schema\/person\/16150d28d7ef66ba788c1f87f28c4426","name":"7culture2020","image":{"@type":"ImageObject","inLanguage":"fr-FR","@id":"https:\/\/7culture.ci\/#\/schema\/person\/image\/","url":"https:\/\/secure.gravatar.com\/avatar\/9a0784f951306c37bcd065f52844ef95?s=96&d=mm&r=g","contentUrl":"https:\/\/secure.gravatar.com\/avatar\/9a0784f951306c37bcd065f52844ef95?s=96&d=mm&r=g","caption":"7culture2020"},"sameAs":["http:\/\/7culture.ci","Claude.kipre"],"url":"https:\/\/7culture.ci\/index.php\/author\/7culture2020\/"}]}},"jetpack_featured_media_url":"https:\/\/7culture.ci\/wp-content\/uploads\/2022\/09\/roselyne1.jpg","jetpack_likes_enabled":true,"jetpack_sharing_enabled":true,"_links":{"self":[{"href":"https:\/\/7culture.ci\/index.php\/wp-json\/wp\/v2\/posts\/23763"}],"collection":[{"href":"https:\/\/7culture.ci\/index.php\/wp-json\/wp\/v2\/posts"}],"about":[{"href":"https:\/\/7culture.ci\/index.php\/wp-json\/wp\/v2\/types\/post"}],"author":[{"embeddable":true,"href":"https:\/\/7culture.ci\/index.php\/wp-json\/wp\/v2\/users\/1"}],"replies":[{"embeddable":true,"href":"https:\/\/7culture.ci\/index.php\/wp-json\/wp\/v2\/comments?post=23763"}],"version-history":[{"count":0,"href":"https:\/\/7culture.ci\/index.php\/wp-json\/wp\/v2\/posts\/23763\/revisions"}],"wp:featuredmedia":[{"embeddable":true,"href":"https:\/\/7culture.ci\/index.php\/wp-json\/wp\/v2\/media\/23765"}],"wp:attachment":[{"href":"https:\/\/7culture.ci\/index.php\/wp-json\/wp\/v2\/media?parent=23763"}],"wp:term":[{"taxonomy":"category","embeddable":true,"href":"https:\/\/7culture.ci\/index.php\/wp-json\/wp\/v2\/categories?post=23763"},{"taxonomy":"post_tag","embeddable":true,"href":"https:\/\/7culture.ci\/index.php\/wp-json\/wp\/v2\/tags?post=23763"}],"curies":[{"name":"wp","href":"https:\/\/api.w.org\/{rel}","templated":true}]}}