{"id":23713,"date":"2022-09-05T14:14:13","date_gmt":"2022-09-05T14:14:13","guid":{"rendered":"https:\/\/7culture.ci\/?p=23713"},"modified":"2022-09-05T14:14:17","modified_gmt":"2022-09-05T14:14:17","slug":"paris-voici-le-grand-prix-des-leaders-dafrique-diaspora-2022","status":"publish","type":"post","link":"https:\/\/7culture.ci\/index.php\/2022\/09\/05\/paris-voici-le-grand-prix-des-leaders-dafrique-diaspora-2022\/","title":{"rendered":"Paris\u00a0: Voici le Grand Prix des Leaders d\u2019Afrique-Diaspora 2022\u00a0!"},"content":{"rendered":"\n<p>Le Grand Prix des Leaders d\u2019Afrique-Diaspora (GPLAD) est en plein t\u00e9l\u00e9chargement. Co-organis\u00e9 par Nama Bouak\u00e9 Production et le R\u00e9seau des Professionnels de la Communication pour l&#8217;Int\u00e9gration Africaine (REPCIAF), cet important \u00e9v\u00e9nement de distinction et de valorisation du continent africain et de sa diaspora aura lieu du 17 au 21 novembre 2022 \u00e0 Paris en France. Il enregistre d\u00e9j\u00e0 de nombreuses et prestigieuses adh\u00e9sions parmi lesquelles les maires de Bin-Houy\u00e9 et de Port-Bou\u00ebt, les DG de Versus Bank, de la Sotra, de la Sant\u00e9 et de SOKAF, les PDG de Water Force Africa (Tanzanie), de Diabaly Transit (Mali), de Chim Inter et de Pierre Angulaire (Canada), le PCA de la Coop\u00e9rative Yawoub\u00e9 d&#8217;Aniassu\u00e9, le Pr\u00e9sident de C\u00f4te d&#8217;Ivoire Copropri\u00e9t\u00e9, le D\u00e9put\u00e9 de Bonon-Zaguieta&#8230; Dans la d\u00e9l\u00e9gation de C\u00f4te d\u2019Ivoire, il y aussi trois membres du gouvernement ivoirien. \u00c9galement attendue \u00e0 cet important rendez-vous, un contingent d&#8217;une quinzaine de participants du Burkina Faso sera conduit par M. Roger Niki\u00e9ma, Pr\u00e9sident de l&#8217;Association des Promoteurs Immobiliers du Burkina (APIB). D&#8217;autres participants sont aussi attendus de la Guin\u00e9e, du Gabon, du Maroc et bien s\u00fbr de la diaspora europ\u00e9enne.<\/p>\n\n\n\n<div class=\"wp-block-image\"><figure class=\"aligncenter size-full is-resized\"><img loading=\"lazy\" decoding=\"async\" src=\"https:\/\/7culture.ci\/wp-content\/uploads\/2022\/09\/Adams-Sanogo-et-Bouake-Fof.jpg\" alt=\"\" class=\"wp-image-23715\" width=\"488\" height=\"616\" srcset=\"https:\/\/7culture.ci\/wp-content\/uploads\/2022\/09\/Adams-Sanogo-et-Bouake-Fof.jpg 711w, https:\/\/7culture.ci\/wp-content\/uploads\/2022\/09\/Adams-Sanogo-et-Bouake-Fof-238x300.jpg 238w\" sizes=\"(max-width: 488px) 100vw, 488px\" \/><\/figure><\/div>\n\n\n\n<p>Le programme du GPLAD pr\u00e9voit un forum d&#8217;\u00e9changes doubl\u00e9 d\u2019une formation le 18 novembre, un diner-gala de distinction le 19 novembre, une visite touristique et en cl\u00f4ture, un grand concert le 20 novembre. Une centaine de personnes est attendue \u00e0 cet \u00e9v\u00e9nement. A cet effet, les organisateurs s&#8217;activent en ce moment \u00e0 la d\u00e9livrance des diff\u00e9rents documents administratifs.<\/p>\n\n\n\n<p>Par Abou B. Doumbia<\/p>\n","protected":false},"excerpt":{"rendered":"<p>Le Grand Prix des Leaders d\u2019Afrique-Diaspora (GPLAD) est en plein t\u00e9l\u00e9chargement. Co-organis\u00e9 par Nama Bouak\u00e9 Production et le R\u00e9seau des Professionnels de la Communication pour l&#8217;Int\u00e9gration Africaine (REPCIAF), cet important \u00e9v\u00e9nement de distinction et de valorisation du continent africain et de sa diaspora aura lieu du 17 au 21 novembre 2022 \u00e0 Paris en France. &hellip;<\/p>\n<p class=\"read-more\"> <a class=\"\" href=\"https:\/\/7culture.ci\/index.php\/2022\/09\/05\/paris-voici-le-grand-prix-des-leaders-dafrique-diaspora-2022\/\"> <span class=\"screen-reader-text\">Paris\u00a0: Voici le Grand Prix des Leaders d\u2019Afrique-Diaspora 2022\u00a0!<\/span> Lire la suite\u00a0\u00bb<\/a><\/p>\n","protected":false},"author":1,"featured_media":23714,"comment_status":"open","ping_status":"open","sticky":false,"template":"","format":"standard","meta":{"_mi_skip_tracking":false,"_monsterinsights_sitenote_active":false,"_monsterinsights_sitenote_note":"","_monsterinsights_sitenote_category":0,"site-sidebar-layout":"default","site-content-layout":"default","ast-global-header-display":"","ast-main-header-display":"","ast-hfb-above-header-display":"","ast-hfb-below-header-display":"","ast-hfb-mobile-header-display":"","site-post-title":"","ast-breadcrumbs-content":"","ast-featured-img":"","footer-sml-layout":"","theme-transparent-header-meta":"","adv-header-id-meta":"","stick-header-meta":"","header-above-stick-meta":"","header-main-stick-meta":"","header-below-stick-meta":"","footnotes":"","jetpack_publicize_message":"","jetpack_is_tweetstorm":false,"jetpack_publicize_feature_enabled":true},"categories":[22],"tags":[],"jetpack_publicize_connections":[],"acf":[],"aioseo_notices":[],"yoast_head":"<!-- This site is optimized with the Yoast SEO plugin v19.6.1 - https:\/\/yoast.com\/wordpress\/plugins\/seo\/ -->\n<title>Paris\u00a0: Voici le Grand Prix des Leaders d\u2019Afrique-Diaspora 2022\u00a0! -<\/title>\n<meta name=\"robots\" content=\"index, follow, max-snippet:-1, max-image-preview:large, max-video-preview:-1\" \/>\n<link rel=\"canonical\" href=\"https:\/\/7culture.ci\/index.php\/2022\/09\/05\/paris-voici-le-grand-prix-des-leaders-dafrique-diaspora-2022\/\" \/>\n<meta property=\"og:locale\" content=\"fr_FR\" \/>\n<meta property=\"og:type\" content=\"article\" \/>\n<meta property=\"og:title\" content=\"Paris\u00a0: Voici le Grand Prix des Leaders d\u2019Afrique-Diaspora 2022\u00a0! -\" \/>\n<meta property=\"og:description\" content=\"Le Grand Prix des Leaders d\u2019Afrique-Diaspora (GPLAD) est en plein t\u00e9l\u00e9chargement. Co-organis\u00e9 par Nama Bouak\u00e9 Production et le R\u00e9seau des Professionnels de la Communication pour l&#8217;Int\u00e9gration Africaine (REPCIAF), cet important \u00e9v\u00e9nement de distinction et de valorisation du continent africain et de sa diaspora aura lieu du 17 au 21 novembre 2022 \u00e0 Paris en France. &hellip; Paris\u00a0: Voici le Grand Prix des Leaders d\u2019Afrique-Diaspora 2022\u00a0! Lire la suite\u00a0\u00bb\" \/>\n<meta property=\"og:url\" content=\"https:\/\/7culture.ci\/index.php\/2022\/09\/05\/paris-voici-le-grand-prix-des-leaders-dafrique-diaspora-2022\/\" \/>\n<meta property=\"og:site_name\" content=\"7culture\" \/>\n<meta property=\"article:publisher\" content=\"https:\/\/www.facebook.com\/redchefclaude\" \/>\n<meta property=\"article:published_time\" content=\"2022-09-05T14:14:13+00:00\" \/>\n<meta property=\"article:modified_time\" content=\"2022-09-05T14:14:17+00:00\" \/>\n<meta property=\"og:image\" content=\"http:\/\/7culture.ci\/wp-content\/uploads\/2022\/09\/Adams-Sanogo-et-Bouake-Fof1.jpg\" \/>\n\t<meta property=\"og:image:width\" content=\"658\" \/>\n\t<meta property=\"og:image:height\" content=\"494\" \/>\n\t<meta property=\"og:image:type\" content=\"image\/jpeg\" \/>\n<meta name=\"author\" content=\"7culture2020\" \/>\n<meta name=\"twitter:card\" content=\"summary_large_image\" \/>\n<meta name=\"twitter:creator\" content=\"@7culturec\" \/>\n<meta name=\"twitter:site\" content=\"@7culturec\" \/>\n<meta name=\"twitter:label1\" content=\"\u00c9crit par\" \/>\n\t<meta name=\"twitter:data1\" content=\"7culture2020\" \/>\n\t<meta name=\"twitter:label2\" content=\"Dur\u00e9e de lecture estim\u00e9e\" \/>\n\t<meta name=\"twitter:data2\" content=\"2 minutes\" \/>\n<script type=\"application\/ld+json\" class=\"yoast-schema-graph\">{\"@context\":\"https:\/\/schema.org\",\"@graph\":[{\"@type\":\"Article\",\"@id\":\"https:\/\/7culture.ci\/index.php\/2022\/09\/05\/paris-voici-le-grand-prix-des-leaders-dafrique-diaspora-2022\/#article\",\"isPartOf\":{\"@id\":\"https:\/\/7culture.ci\/index.php\/2022\/09\/05\/paris-voici-le-grand-prix-des-leaders-dafrique-diaspora-2022\/\"},\"author\":{\"name\":\"7culture2020\",\"@id\":\"https:\/\/7culture.ci\/#\/schema\/person\/16150d28d7ef66ba788c1f87f28c4426\"},\"headline\":\"Paris\u00a0: Voici le Grand Prix des Leaders d\u2019Afrique-Diaspora 2022\u00a0!\",\"datePublished\":\"2022-09-05T14:14:13+00:00\",\"dateModified\":\"2022-09-05T14:14:17+00:00\",\"mainEntityOfPage\":{\"@id\":\"https:\/\/7culture.ci\/index.php\/2022\/09\/05\/paris-voici-le-grand-prix-des-leaders-dafrique-diaspora-2022\/\"},\"wordCount\":276,\"commentCount\":0,\"publisher\":{\"@id\":\"https:\/\/7culture.ci\/#organization\"},\"articleSection\":[\"Actualit\u00e9\"],\"inLanguage\":\"fr-FR\",\"potentialAction\":[{\"@type\":\"CommentAction\",\"name\":\"Comment\",\"target\":[\"https:\/\/7culture.ci\/index.php\/2022\/09\/05\/paris-voici-le-grand-prix-des-leaders-dafrique-diaspora-2022\/#respond\"]}]},{\"@type\":\"WebPage\",\"@id\":\"https:\/\/7culture.ci\/index.php\/2022\/09\/05\/paris-voici-le-grand-prix-des-leaders-dafrique-diaspora-2022\/\",\"url\":\"https:\/\/7culture.ci\/index.php\/2022\/09\/05\/paris-voici-le-grand-prix-des-leaders-dafrique-diaspora-2022\/\",\"name\":\"Paris\u00a0: Voici le Grand Prix des Leaders d\u2019Afrique-Diaspora 2022\u00a0! -\",\"isPartOf\":{\"@id\":\"https:\/\/7culture.ci\/#website\"},\"datePublished\":\"2022-09-05T14:14:13+00:00\",\"dateModified\":\"2022-09-05T14:14:17+00:00\",\"breadcrumb\":{\"@id\":\"https:\/\/7culture.ci\/index.php\/2022\/09\/05\/paris-voici-le-grand-prix-des-leaders-dafrique-diaspora-2022\/#breadcrumb\"},\"inLanguage\":\"fr-FR\",\"potentialAction\":[{\"@type\":\"ReadAction\",\"target\":[\"https:\/\/7culture.ci\/index.php\/2022\/09\/05\/paris-voici-le-grand-prix-des-leaders-dafrique-diaspora-2022\/\"]}]},{\"@type\":\"BreadcrumbList\",\"@id\":\"https:\/\/7culture.ci\/index.php\/2022\/09\/05\/paris-voici-le-grand-prix-des-leaders-dafrique-diaspora-2022\/#breadcrumb\",\"itemListElement\":[{\"@type\":\"ListItem\",\"position\":1,\"name\":\"Accueil\",\"item\":\"https:\/\/7culture.ci\/\"},{\"@type\":\"ListItem\",\"position\":2,\"name\":\"Paris\u00a0: Voici le Grand Prix des Leaders d\u2019Afrique-Diaspora 2022\u00a0!\"}]},{\"@type\":\"WebSite\",\"@id\":\"https:\/\/7culture.ci\/#website\",\"url\":\"https:\/\/7culture.ci\/\",\"name\":\"7culture\",\"description\":\"Tout sur l&#039;actualit\u00e9\",\"publisher\":{\"@id\":\"https:\/\/7culture.ci\/#organization\"},\"potentialAction\":[{\"@type\":\"SearchAction\",\"target\":{\"@type\":\"EntryPoint\",\"urlTemplate\":\"https:\/\/7culture.ci\/?s={search_term_string}\"},\"query-input\":\"required name=search_term_string\"}],\"inLanguage\":\"fr-FR\"},{\"@type\":\"Organization\",\"@id\":\"https:\/\/7culture.ci\/#organization\",\"name\":\"7culture\",\"url\":\"https:\/\/7culture.ci\/\",\"sameAs\":[\"https:\/\/www.facebook.com\/redchefclaude\",\"https:\/\/twitter.com\/7culturec\"],\"logo\":{\"@type\":\"ImageObject\",\"inLanguage\":\"fr-FR\",\"@id\":\"https:\/\/7culture.ci\/#\/schema\/logo\/image\/\",\"url\":\"https:\/\/7culture.ci\/wp-content\/uploads\/2021\/12\/S1a-1.png\",\"contentUrl\":\"https:\/\/7culture.ci\/wp-content\/uploads\/2021\/12\/S1a-1.png\",\"width\":588,\"height\":192,\"caption\":\"7culture\"},\"image\":{\"@id\":\"https:\/\/7culture.ci\/#\/schema\/logo\/image\/\"}},{\"@type\":\"Person\",\"@id\":\"https:\/\/7culture.ci\/#\/schema\/person\/16150d28d7ef66ba788c1f87f28c4426\",\"name\":\"7culture2020\",\"image\":{\"@type\":\"ImageObject\",\"inLanguage\":\"fr-FR\",\"@id\":\"https:\/\/7culture.ci\/#\/schema\/person\/image\/\",\"url\":\"https:\/\/secure.gravatar.com\/avatar\/9a0784f951306c37bcd065f52844ef95?s=96&d=mm&r=g\",\"contentUrl\":\"https:\/\/secure.gravatar.com\/avatar\/9a0784f951306c37bcd065f52844ef95?s=96&d=mm&r=g\",\"caption\":\"7culture2020\"},\"sameAs\":[\"http:\/\/7culture.ci\",\"Claude.kipre\"],\"url\":\"https:\/\/7culture.ci\/index.php\/author\/7culture2020\/\"}]}<\/script>\n<!-- \/ Yoast SEO plugin. -->","yoast_head_json":{"title":"Paris\u00a0: Voici le Grand Prix des Leaders d\u2019Afrique-Diaspora 2022\u00a0! -","robots":{"index":"index","follow":"follow","max-snippet":"max-snippet:-1","max-image-preview":"max-image-preview:large","max-video-preview":"max-video-preview:-1"},"canonical":"https:\/\/7culture.ci\/index.php\/2022\/09\/05\/paris-voici-le-grand-prix-des-leaders-dafrique-diaspora-2022\/","og_locale":"fr_FR","og_type":"article","og_title":"Paris\u00a0: Voici le Grand Prix des Leaders d\u2019Afrique-Diaspora 2022\u00a0! -","og_description":"Le Grand Prix des Leaders d\u2019Afrique-Diaspora (GPLAD) est en plein t\u00e9l\u00e9chargement. Co-organis\u00e9 par Nama Bouak\u00e9 Production et le R\u00e9seau des Professionnels de la Communication pour l&#8217;Int\u00e9gration Africaine (REPCIAF), cet important \u00e9v\u00e9nement de distinction et de valorisation du continent africain et de sa diaspora aura lieu du 17 au 21 novembre 2022 \u00e0 Paris en France. &hellip; Paris\u00a0: Voici le Grand Prix des Leaders d\u2019Afrique-Diaspora 2022\u00a0! Lire la suite\u00a0\u00bb","og_url":"https:\/\/7culture.ci\/index.php\/2022\/09\/05\/paris-voici-le-grand-prix-des-leaders-dafrique-diaspora-2022\/","og_site_name":"7culture","article_publisher":"https:\/\/www.facebook.com\/redchefclaude","article_published_time":"2022-09-05T14:14:13+00:00","article_modified_time":"2022-09-05T14:14:17+00:00","og_image":[{"width":658,"height":494,"url":"http:\/\/7culture.ci\/wp-content\/uploads\/2022\/09\/Adams-Sanogo-et-Bouake-Fof1.jpg","type":"image\/jpeg"}],"author":"7culture2020","twitter_card":"summary_large_image","twitter_creator":"@7culturec","twitter_site":"@7culturec","twitter_misc":{"\u00c9crit par":"7culture2020","Dur\u00e9e de lecture estim\u00e9e":"2 minutes"},"schema":{"@context":"https:\/\/schema.org","@graph":[{"@type":"Article","@id":"https:\/\/7culture.ci\/index.php\/2022\/09\/05\/paris-voici-le-grand-prix-des-leaders-dafrique-diaspora-2022\/#article","isPartOf":{"@id":"https:\/\/7culture.ci\/index.php\/2022\/09\/05\/paris-voici-le-grand-prix-des-leaders-dafrique-diaspora-2022\/"},"author":{"name":"7culture2020","@id":"https:\/\/7culture.ci\/#\/schema\/person\/16150d28d7ef66ba788c1f87f28c4426"},"headline":"Paris\u00a0: Voici le Grand Prix des Leaders d\u2019Afrique-Diaspora 2022\u00a0!","datePublished":"2022-09-05T14:14:13+00:00","dateModified":"2022-09-05T14:14:17+00:00","mainEntityOfPage":{"@id":"https:\/\/7culture.ci\/index.php\/2022\/09\/05\/paris-voici-le-grand-prix-des-leaders-dafrique-diaspora-2022\/"},"wordCount":276,"commentCount":0,"publisher":{"@id":"https:\/\/7culture.ci\/#organization"},"articleSection":["Actualit\u00e9"],"inLanguage":"fr-FR","potentialAction":[{"@type":"CommentAction","name":"Comment","target":["https:\/\/7culture.ci\/index.php\/2022\/09\/05\/paris-voici-le-grand-prix-des-leaders-dafrique-diaspora-2022\/#respond"]}]},{"@type":"WebPage","@id":"https:\/\/7culture.ci\/index.php\/2022\/09\/05\/paris-voici-le-grand-prix-des-leaders-dafrique-diaspora-2022\/","url":"https:\/\/7culture.ci\/index.php\/2022\/09\/05\/paris-voici-le-grand-prix-des-leaders-dafrique-diaspora-2022\/","name":"Paris\u00a0: Voici le Grand Prix des Leaders d\u2019Afrique-Diaspora 2022\u00a0! -","isPartOf":{"@id":"https:\/\/7culture.ci\/#website"},"datePublished":"2022-09-05T14:14:13+00:00","dateModified":"2022-09-05T14:14:17+00:00","breadcrumb":{"@id":"https:\/\/7culture.ci\/index.php\/2022\/09\/05\/paris-voici-le-grand-prix-des-leaders-dafrique-diaspora-2022\/#breadcrumb"},"inLanguage":"fr-FR","potentialAction":[{"@type":"ReadAction","target":["https:\/\/7culture.ci\/index.php\/2022\/09\/05\/paris-voici-le-grand-prix-des-leaders-dafrique-diaspora-2022\/"]}]},{"@type":"BreadcrumbList","@id":"https:\/\/7culture.ci\/index.php\/2022\/09\/05\/paris-voici-le-grand-prix-des-leaders-dafrique-diaspora-2022\/#breadcrumb","itemListElement":[{"@type":"ListItem","position":1,"name":"Accueil","item":"https:\/\/7culture.ci\/"},{"@type":"ListItem","position":2,"name":"Paris\u00a0: Voici le Grand Prix des Leaders d\u2019Afrique-Diaspora 2022\u00a0!"}]},{"@type":"WebSite","@id":"https:\/\/7culture.ci\/#website","url":"https:\/\/7culture.ci\/","name":"7culture","description":"Tout sur l&#039;actualit\u00e9","publisher":{"@id":"https:\/\/7culture.ci\/#organization"},"potentialAction":[{"@type":"SearchAction","target":{"@type":"EntryPoint","urlTemplate":"https:\/\/7culture.ci\/?s={search_term_string}"},"query-input":"required name=search_term_string"}],"inLanguage":"fr-FR"},{"@type":"Organization","@id":"https:\/\/7culture.ci\/#organization","name":"7culture","url":"https:\/\/7culture.ci\/","sameAs":["https:\/\/www.facebook.com\/redchefclaude","https:\/\/twitter.com\/7culturec"],"logo":{"@type":"ImageObject","inLanguage":"fr-FR","@id":"https:\/\/7culture.ci\/#\/schema\/logo\/image\/","url":"https:\/\/7culture.ci\/wp-content\/uploads\/2021\/12\/S1a-1.png","contentUrl":"https:\/\/7culture.ci\/wp-content\/uploads\/2021\/12\/S1a-1.png","width":588,"height":192,"caption":"7culture"},"image":{"@id":"https:\/\/7culture.ci\/#\/schema\/logo\/image\/"}},{"@type":"Person","@id":"https:\/\/7culture.ci\/#\/schema\/person\/16150d28d7ef66ba788c1f87f28c4426","name":"7culture2020","image":{"@type":"ImageObject","inLanguage":"fr-FR","@id":"https:\/\/7culture.ci\/#\/schema\/person\/image\/","url":"https:\/\/secure.gravatar.com\/avatar\/9a0784f951306c37bcd065f52844ef95?s=96&d=mm&r=g","contentUrl":"https:\/\/secure.gravatar.com\/avatar\/9a0784f951306c37bcd065f52844ef95?s=96&d=mm&r=g","caption":"7culture2020"},"sameAs":["http:\/\/7culture.ci","Claude.kipre"],"url":"https:\/\/7culture.ci\/index.php\/author\/7culture2020\/"}]}},"jetpack_featured_media_url":"https:\/\/7culture.ci\/wp-content\/uploads\/2022\/09\/Adams-Sanogo-et-Bouake-Fof1.jpg","jetpack_likes_enabled":true,"jetpack_sharing_enabled":true,"_links":{"self":[{"href":"https:\/\/7culture.ci\/index.php\/wp-json\/wp\/v2\/posts\/23713"}],"collection":[{"href":"https:\/\/7culture.ci\/index.php\/wp-json\/wp\/v2\/posts"}],"about":[{"href":"https:\/\/7culture.ci\/index.php\/wp-json\/wp\/v2\/types\/post"}],"author":[{"embeddable":true,"href":"https:\/\/7culture.ci\/index.php\/wp-json\/wp\/v2\/users\/1"}],"replies":[{"embeddable":true,"href":"https:\/\/7culture.ci\/index.php\/wp-json\/wp\/v2\/comments?post=23713"}],"version-history":[{"count":0,"href":"https:\/\/7culture.ci\/index.php\/wp-json\/wp\/v2\/posts\/23713\/revisions"}],"wp:featuredmedia":[{"embeddable":true,"href":"https:\/\/7culture.ci\/index.php\/wp-json\/wp\/v2\/media\/23714"}],"wp:attachment":[{"href":"https:\/\/7culture.ci\/index.php\/wp-json\/wp\/v2\/media?parent=23713"}],"wp:term":[{"taxonomy":"category","embeddable":true,"href":"https:\/\/7culture.ci\/index.php\/wp-json\/wp\/v2\/categories?post=23713"},{"taxonomy":"post_tag","embeddable":true,"href":"https:\/\/7culture.ci\/index.php\/wp-json\/wp\/v2\/tags?post=23713"}],"curies":[{"name":"wp","href":"https:\/\/api.w.org\/{rel}","templated":true}]}}