{"id":23684,"date":"2022-09-05T09:56:36","date_gmt":"2022-09-05T09:56:36","guid":{"rendered":"https:\/\/7culture.ci\/?p=23684"},"modified":"2022-09-05T12:47:58","modified_gmt":"2022-09-05T12:47:58","slug":"40-de-padaud-entre-show-emotions-larmes-et-bonnes-nouvelles","status":"publish","type":"post","link":"https:\/\/7culture.ci\/index.php\/2022\/09\/05\/40-de-padaud-entre-show-emotions-larmes-et-bonnes-nouvelles\/","title":{"rendered":"40 de Padaud\u00a0: entre show, \u00e9motions, larmes et bonnes nouvelles\u00a0!"},"content":{"rendered":"\n<p>Ce n\u2019\u00e9tait pas la grande affluence le samedi 3 septembre dernier au Palais de la culture pour le second round des concerts de c\u00e9l\u00e9brations des 40 ans de carri\u00e8re de Luckson Padaud (le 1<sup>er<\/sup> avait eu lieu le 27 ao\u00fbt dernier au Palais des congr\u00e8s du Sofitel Abidjan H\u00f4tel Ivoire). Mais l\u2019essentiel et l\u2019honneur \u00e9taient saufs. Dans un espace Anoumabo rempli aux trois-quarts de sa capacit\u00e9, les inconditionnels du chanteur de \u2018\u2019Laba-Laba\u2019\u2019 n\u2019ont pas voulu bouder leur plaisir. Ils ont f\u00eat\u00e9 avec faste cet \u00e9v\u00e9nement qui risque de ne plus se r\u00e9p\u00e9ter dans la vie de Lago Tap\u00e9 S\u00e9hia et que beaucoup de spectateurs du samedi dernier n\u2019auront plus l\u2019occasion de revoir.<\/p>\n\n\n\n<p>En tout cas, la f\u00eate \u00e9tait belle. Durant pr\u00e8s de deux heures d\u2019horloge, Luckson Padaud a d\u00e9roul\u00e9. Aid\u00e9 dans sa t\u00e2che par un public coutumier \u00e0 son r\u00e9pertoire, l\u2019artiste a propos\u00e9 ses chansons populaires qui ont surchauff\u00e9 la plus grande salle du palais de la culture. \u2018\u2019Kalgbeu\u2019\u2019, \u2018\u2019Laba laba\u2019\u2019, \u2018\u2019Bithye\u2019\u2019, \u2018\u2019T\u00e9l\u00e9phone\u2019\u2019, \u2018\u2019Doucement\u2019\u2019 ou \u2018\u2019Yobo\u2019\u2019 ont d\u00e9montr\u00e9 l\u2019immensit\u00e9, la vari\u00e9t\u00e9 et l\u2019\u00e9ternit\u00e9 de la carri\u00e8re de Padaud. Vieux, jeunes et ados ont chant\u00e9 et dans\u00e9 \u00e0 l\u2019unisson pendant tout le spectacle.<\/p>\n\n\n\n<figure class=\"wp-block-gallery has-nested-images columns-default is-cropped wp-block-gallery-1 is-layout-flex wp-block-gallery-is-layout-flex\">\n<figure class=\"wp-block-image size-large\"><img loading=\"lazy\" decoding=\"async\" width=\"1024\" height=\"683\" data-id=\"23686\" src=\"https:\/\/7culture.ci\/wp-content\/uploads\/2022\/09\/3-1024x683.jpg\" alt=\"\" class=\"wp-image-23686\" srcset=\"https:\/\/7culture.ci\/wp-content\/uploads\/2022\/09\/3-1024x683.jpg 1024w, https:\/\/7culture.ci\/wp-content\/uploads\/2022\/09\/3-300x200.jpg 300w, https:\/\/7culture.ci\/wp-content\/uploads\/2022\/09\/3-768x512.jpg 768w, https:\/\/7culture.ci\/wp-content\/uploads\/2022\/09\/3-1536x1024.jpg 1536w, https:\/\/7culture.ci\/wp-content\/uploads\/2022\/09\/3-2048x1365.jpg 2048w\" sizes=\"(max-width: 1024px) 100vw, 1024px\" \/><\/figure>\n\n\n\n<figure class=\"wp-block-image size-large\"><img loading=\"lazy\" decoding=\"async\" width=\"1024\" height=\"683\" data-id=\"23688\" src=\"https:\/\/7culture.ci\/wp-content\/uploads\/2022\/09\/3M3A7430-1024x683.jpg\" alt=\"\" class=\"wp-image-23688\" srcset=\"https:\/\/7culture.ci\/wp-content\/uploads\/2022\/09\/3M3A7430-1024x683.jpg 1024w, https:\/\/7culture.ci\/wp-content\/uploads\/2022\/09\/3M3A7430-300x200.jpg 300w, https:\/\/7culture.ci\/wp-content\/uploads\/2022\/09\/3M3A7430-768x512.jpg 768w, https:\/\/7culture.ci\/wp-content\/uploads\/2022\/09\/3M3A7430-1536x1024.jpg 1536w, https:\/\/7culture.ci\/wp-content\/uploads\/2022\/09\/3M3A7430-2048x1365.jpg 2048w\" sizes=\"(max-width: 1024px) 100vw, 1024px\" \/><\/figure>\n\n\n\n<figure class=\"wp-block-image size-large\"><img loading=\"lazy\" decoding=\"async\" width=\"683\" height=\"1024\" data-id=\"23687\" src=\"https:\/\/7culture.ci\/wp-content\/uploads\/2022\/09\/3M3A7454-683x1024.jpg\" alt=\"\" class=\"wp-image-23687\" srcset=\"https:\/\/7culture.ci\/wp-content\/uploads\/2022\/09\/3M3A7454-683x1024.jpg 683w, https:\/\/7culture.ci\/wp-content\/uploads\/2022\/09\/3M3A7454-200x300.jpg 200w, https:\/\/7culture.ci\/wp-content\/uploads\/2022\/09\/3M3A7454-768x1152.jpg 768w, https:\/\/7culture.ci\/wp-content\/uploads\/2022\/09\/3M3A7454-1024x1536.jpg 1024w, https:\/\/7culture.ci\/wp-content\/uploads\/2022\/09\/3M3A7454-1365x2048.jpg 1365w, https:\/\/7culture.ci\/wp-content\/uploads\/2022\/09\/3M3A7454-scaled.jpg 1707w\" sizes=\"(max-width: 683px) 100vw, 683px\" \/><\/figure>\n<\/figure>\n\n\n\n<p>Heureux et fier d\u2019avoir pu tenir ces dates de c\u00e9l\u00e9brations de ses quatre d\u00e9cennies de sc\u00e8ne, Luckson Padaud a fait des promesses. \u00ab&nbsp;<strong><em>Merci \u00e0 vous tous qui \u00eates venus ce soir. Avec ce que je vois-l\u00e0, \u00e7a ne donne des id\u00e9es. Et j\u2019ai compris le message. Je vais reprendre le travail et vous servir les mois \u00e0 venir quelque chose qui va vous plaire encore plus<\/em><\/strong>&nbsp;\u00bb, a-t-il annonc\u00e9. Mais pour ceux qui sont habitu\u00e9s aux shows du chanteur b\u00e9t\u00e9 avec la vivacit\u00e9 et la dext\u00e9rit\u00e9 dont il fait preuve sur la sc\u00e8ne, le promoteur du \u2018\u2019Laba Laba\u2019\u2019 n\u2019\u00e9tait pas au mieux de sa forme.<\/p>\n\n\n\n<p>Diminu\u00e9 physiquement, l\u2019artiste est quand m\u00eame rest\u00e9 digne jusqu\u2019\u00e0 la fin de son spectacle pour se confier \u00e0 ses fans. \u00ab&nbsp;<strong><em>Nous allons continuer le show avec les titres que vous appr\u00e9ciez. Mais c\u2019est un autre Padaud qui va assurer<\/em><\/strong>&nbsp;\u00bb, lance-t-il. \u00ab&nbsp;<strong><em>Vous savez, je suis heureux de pouvoir f\u00eater mes 40 ans de carri\u00e8re. Il y a quelques mois, j\u2019\u00e9tais presque paralys\u00e9 et on disait que je n\u2019allais plus marcher. Alors que les pr\u00e9paratifs pour l\u2019\u00e9v\u00e8nement avaient d\u00e9marr\u00e9, j\u2019ai d\u00fb faire un tour \u00e0 Paris pour me traiter<\/em><\/strong>&nbsp;\u00bb, a-t-il r\u00e9v\u00e9l\u00e9. Et a conclu&nbsp;: \u00ab&nbsp;<strong><em>Aujourd\u2019hui, si je me tiens devant vous, je dis merci \u00e0 Dieu. C\u2019est mon Dieu qui est bon car je ne suis pas m\u00e9chant<\/em><\/strong>&nbsp;\u00bb. Moment de grande \u00e9motion que le public a soutenu avec l\u2019artiste par des acclamations nourries suivies de \u00ab&nbsp;<strong><em>C\u2019est Dieu qui est fort<\/em><\/strong>&nbsp;\u00bb. Quelques minutes plus t\u00f4t, Luckson Padaud avait \u00e9cras\u00e9 une larme quand le groupe Zouglou Les Leaders l\u2019a rejoint sur la sc\u00e8ne pour lui t\u00e9moigner toute leur reconnaissance.<\/p>\n\n\n\n<figure class=\"wp-block-gallery has-nested-images columns-default is-cropped wp-block-gallery-2 is-layout-flex wp-block-gallery-is-layout-flex\">\n<figure class=\"wp-block-image size-large\"><img loading=\"lazy\" decoding=\"async\" width=\"1024\" height=\"683\" data-id=\"23691\" src=\"https:\/\/7culture.ci\/wp-content\/uploads\/2022\/09\/2-1024x683.jpg\" alt=\"\" class=\"wp-image-23691\" srcset=\"https:\/\/7culture.ci\/wp-content\/uploads\/2022\/09\/2-1024x683.jpg 1024w, https:\/\/7culture.ci\/wp-content\/uploads\/2022\/09\/2-300x200.jpg 300w, https:\/\/7culture.ci\/wp-content\/uploads\/2022\/09\/2-768x512.jpg 768w, https:\/\/7culture.ci\/wp-content\/uploads\/2022\/09\/2-1536x1024.jpg 1536w, https:\/\/7culture.ci\/wp-content\/uploads\/2022\/09\/2-2048x1365.jpg 2048w\" sizes=\"(max-width: 1024px) 100vw, 1024px\" \/><\/figure>\n\n\n\n<figure class=\"wp-block-image size-large\"><img loading=\"lazy\" decoding=\"async\" width=\"1024\" height=\"683\" data-id=\"23689\" src=\"https:\/\/7culture.ci\/wp-content\/uploads\/2022\/09\/4-1024x683.jpg\" alt=\"\" class=\"wp-image-23689\" srcset=\"https:\/\/7culture.ci\/wp-content\/uploads\/2022\/09\/4-1024x683.jpg 1024w, https:\/\/7culture.ci\/wp-content\/uploads\/2022\/09\/4-300x200.jpg 300w, https:\/\/7culture.ci\/wp-content\/uploads\/2022\/09\/4-768x512.jpg 768w, https:\/\/7culture.ci\/wp-content\/uploads\/2022\/09\/4-1536x1024.jpg 1536w, https:\/\/7culture.ci\/wp-content\/uploads\/2022\/09\/4-2048x1365.jpg 2048w\" sizes=\"(max-width: 1024px) 100vw, 1024px\" \/><\/figure>\n\n\n\n<figure class=\"wp-block-image size-large\"><img loading=\"lazy\" decoding=\"async\" width=\"1024\" height=\"683\" data-id=\"23690\" src=\"https:\/\/7culture.ci\/wp-content\/uploads\/2022\/09\/5-1024x683.jpg\" alt=\"\" class=\"wp-image-23690\" srcset=\"https:\/\/7culture.ci\/wp-content\/uploads\/2022\/09\/5-1024x683.jpg 1024w, https:\/\/7culture.ci\/wp-content\/uploads\/2022\/09\/5-300x200.jpg 300w, https:\/\/7culture.ci\/wp-content\/uploads\/2022\/09\/5-768x512.jpg 768w, https:\/\/7culture.ci\/wp-content\/uploads\/2022\/09\/5-1536x1024.jpg 1536w, https:\/\/7culture.ci\/wp-content\/uploads\/2022\/09\/5-2048x1365.jpg 2048w\" sizes=\"(max-width: 1024px) 100vw, 1024px\" \/><\/figure>\n<\/figure>\n\n\n\n<p>La bonne nouvelle apr\u00e8s les 40 ans de Padaud, c\u2019est que la rel\u00e8ve est assur\u00e9e. Les Fr\u00e8res S\u00e9hia, l\u2019orchestre qu\u2019il a mis sur pied au d\u00e9but de sa carri\u00e8re, est encore l\u00e0. Et surtout le fils du chanteur qui est d\u00e9j\u00e0 bon pour le service. C\u2019est lui qui a conclu de fa\u00e7on magistrale le concert de son p\u00e8re.<\/p>\n\n\n\n<figure class=\"wp-block-gallery has-nested-images columns-default is-cropped wp-block-gallery-3 is-layout-flex wp-block-gallery-is-layout-flex\">\n<figure class=\"wp-block-image size-large\"><img loading=\"lazy\" decoding=\"async\" width=\"1024\" height=\"683\" data-id=\"23693\" src=\"https:\/\/7culture.ci\/wp-content\/uploads\/2022\/09\/3M3A7354-1024x683.jpg\" alt=\"\" class=\"wp-image-23693\" srcset=\"https:\/\/7culture.ci\/wp-content\/uploads\/2022\/09\/3M3A7354-1024x683.jpg 1024w, https:\/\/7culture.ci\/wp-content\/uploads\/2022\/09\/3M3A7354-300x200.jpg 300w, https:\/\/7culture.ci\/wp-content\/uploads\/2022\/09\/3M3A7354-768x512.jpg 768w, https:\/\/7culture.ci\/wp-content\/uploads\/2022\/09\/3M3A7354-1536x1024.jpg 1536w, https:\/\/7culture.ci\/wp-content\/uploads\/2022\/09\/3M3A7354-2048x1365.jpg 2048w\" sizes=\"(max-width: 1024px) 100vw, 1024px\" \/><\/figure>\n\n\n\n<figure class=\"wp-block-image size-large\"><img loading=\"lazy\" decoding=\"async\" width=\"1024\" height=\"683\" data-id=\"23692\" src=\"https:\/\/7culture.ci\/wp-content\/uploads\/2022\/09\/3M3A7628-1024x683.jpg\" alt=\"\" class=\"wp-image-23692\" srcset=\"https:\/\/7culture.ci\/wp-content\/uploads\/2022\/09\/3M3A7628-1024x683.jpg 1024w, https:\/\/7culture.ci\/wp-content\/uploads\/2022\/09\/3M3A7628-300x200.jpg 300w, https:\/\/7culture.ci\/wp-content\/uploads\/2022\/09\/3M3A7628-768x512.jpg 768w, https:\/\/7culture.ci\/wp-content\/uploads\/2022\/09\/3M3A7628-1536x1024.jpg 1536w, https:\/\/7culture.ci\/wp-content\/uploads\/2022\/09\/3M3A7628-2048x1365.jpg 2048w\" sizes=\"(max-width: 1024px) 100vw, 1024px\" \/><\/figure>\n\n\n\n<figure class=\"wp-block-image size-large\"><img loading=\"lazy\" decoding=\"async\" width=\"1024\" height=\"683\" data-id=\"23694\" src=\"https:\/\/7culture.ci\/wp-content\/uploads\/2022\/09\/6-1024x683.jpg\" alt=\"\" class=\"wp-image-23694\" srcset=\"https:\/\/7culture.ci\/wp-content\/uploads\/2022\/09\/6-1024x683.jpg 1024w, https:\/\/7culture.ci\/wp-content\/uploads\/2022\/09\/6-300x200.jpg 300w, https:\/\/7culture.ci\/wp-content\/uploads\/2022\/09\/6-768x512.jpg 768w, https:\/\/7culture.ci\/wp-content\/uploads\/2022\/09\/6-1536x1024.jpg 1536w, https:\/\/7culture.ci\/wp-content\/uploads\/2022\/09\/6-2048x1365.jpg 2048w\" sizes=\"(max-width: 1024px) 100vw, 1024px\" \/><\/figure>\n<\/figure>\n\n\n\n<p>Par Omar AK<\/p>\n\n\n\n<p>Cr\u00e9dits Photos&nbsp;: P. S\u00e9cr\u00e9dou<\/p>\n","protected":false},"excerpt":{"rendered":"<p>Ce n\u2019\u00e9tait pas la grande affluence le samedi 3 septembre dernier au Palais de la culture pour le second round des concerts de c\u00e9l\u00e9brations des 40 ans de carri\u00e8re de Luckson Padaud (le 1er avait eu lieu le 27 ao\u00fbt dernier au Palais des congr\u00e8s du Sofitel Abidjan H\u00f4tel Ivoire). Mais l\u2019essentiel et l\u2019honneur \u00e9taient &hellip;<\/p>\n<p class=\"read-more\"> <a class=\"\" href=\"https:\/\/7culture.ci\/index.php\/2022\/09\/05\/40-de-padaud-entre-show-emotions-larmes-et-bonnes-nouvelles\/\"> <span class=\"screen-reader-text\">40 de Padaud\u00a0: entre show, \u00e9motions, larmes et bonnes nouvelles\u00a0!<\/span> Lire la suite\u00a0\u00bb<\/a><\/p>\n","protected":false},"author":1,"featured_media":23685,"comment_status":"open","ping_status":"open","sticky":false,"template":"","format":"standard","meta":{"_mi_skip_tracking":false,"_monsterinsights_sitenote_active":false,"_monsterinsights_sitenote_note":"","_monsterinsights_sitenote_category":0,"site-sidebar-layout":"default","site-content-layout":"default","ast-global-header-display":"","ast-main-header-display":"","ast-hfb-above-header-display":"","ast-hfb-below-header-display":"","ast-hfb-mobile-header-display":"","site-post-title":"","ast-breadcrumbs-content":"","ast-featured-img":"","footer-sml-layout":"","theme-transparent-header-meta":"","adv-header-id-meta":"","stick-header-meta":"","header-above-stick-meta":"","header-main-stick-meta":"","header-below-stick-meta":"","footnotes":"","jetpack_publicize_message":"","jetpack_is_tweetstorm":false,"jetpack_publicize_feature_enabled":true},"categories":[16],"tags":[],"jetpack_publicize_connections":[],"acf":[],"aioseo_notices":[],"yoast_head":"<!-- This site is optimized with the Yoast SEO plugin v19.6.1 - https:\/\/yoast.com\/wordpress\/plugins\/seo\/ -->\n<title>40 de Padaud\u00a0: entre show, \u00e9motions, larmes et bonnes nouvelles\u00a0! -<\/title>\n<meta name=\"robots\" content=\"index, follow, max-snippet:-1, max-image-preview:large, max-video-preview:-1\" \/>\n<link rel=\"canonical\" href=\"https:\/\/7culture.ci\/index.php\/2022\/09\/05\/40-de-padaud-entre-show-emotions-larmes-et-bonnes-nouvelles\/\" \/>\n<meta property=\"og:locale\" content=\"fr_FR\" \/>\n<meta property=\"og:type\" content=\"article\" \/>\n<meta property=\"og:title\" content=\"40 de Padaud\u00a0: entre show, \u00e9motions, larmes et bonnes nouvelles\u00a0! -\" \/>\n<meta property=\"og:description\" content=\"Ce n\u2019\u00e9tait pas la grande affluence le samedi 3 septembre dernier au Palais de la culture pour le second round des concerts de c\u00e9l\u00e9brations des 40 ans de carri\u00e8re de Luckson Padaud (le 1er avait eu lieu le 27 ao\u00fbt dernier au Palais des congr\u00e8s du Sofitel Abidjan H\u00f4tel Ivoire). Mais l\u2019essentiel et l\u2019honneur \u00e9taient &hellip; 40 de Padaud\u00a0: entre show, \u00e9motions, larmes et bonnes nouvelles\u00a0! Lire la suite\u00a0\u00bb\" \/>\n<meta property=\"og:url\" content=\"https:\/\/7culture.ci\/index.php\/2022\/09\/05\/40-de-padaud-entre-show-emotions-larmes-et-bonnes-nouvelles\/\" \/>\n<meta property=\"og:site_name\" content=\"7culture\" \/>\n<meta property=\"article:publisher\" content=\"https:\/\/www.facebook.com\/redchefclaude\" \/>\n<meta property=\"article:published_time\" content=\"2022-09-05T09:56:36+00:00\" \/>\n<meta property=\"article:modified_time\" content=\"2022-09-05T12:47:58+00:00\" \/>\n<meta property=\"og:image\" content=\"http:\/\/7culture.ci\/wp-content\/uploads\/2022\/09\/luc.jpg\" \/>\n\t<meta property=\"og:image:width\" content=\"750\" \/>\n\t<meta property=\"og:image:height\" content=\"450\" \/>\n\t<meta property=\"og:image:type\" content=\"image\/jpeg\" \/>\n<meta name=\"author\" content=\"7culture2020\" \/>\n<meta name=\"twitter:card\" content=\"summary_large_image\" \/>\n<meta name=\"twitter:creator\" content=\"@7culturec\" \/>\n<meta name=\"twitter:site\" content=\"@7culturec\" \/>\n<meta name=\"twitter:label1\" content=\"\u00c9crit par\" \/>\n\t<meta name=\"twitter:data1\" content=\"7culture2020\" \/>\n\t<meta name=\"twitter:label2\" content=\"Dur\u00e9e de lecture estim\u00e9e\" \/>\n\t<meta name=\"twitter:data2\" content=\"5 minutes\" \/>\n<script type=\"application\/ld+json\" class=\"yoast-schema-graph\">{\"@context\":\"https:\/\/schema.org\",\"@graph\":[{\"@type\":\"Article\",\"@id\":\"https:\/\/7culture.ci\/index.php\/2022\/09\/05\/40-de-padaud-entre-show-emotions-larmes-et-bonnes-nouvelles\/#article\",\"isPartOf\":{\"@id\":\"https:\/\/7culture.ci\/index.php\/2022\/09\/05\/40-de-padaud-entre-show-emotions-larmes-et-bonnes-nouvelles\/\"},\"author\":{\"name\":\"7culture2020\",\"@id\":\"https:\/\/7culture.ci\/#\/schema\/person\/16150d28d7ef66ba788c1f87f28c4426\"},\"headline\":\"40 de Padaud\u00a0: entre show, \u00e9motions, larmes et bonnes nouvelles\u00a0!\",\"datePublished\":\"2022-09-05T09:56:36+00:00\",\"dateModified\":\"2022-09-05T12:47:58+00:00\",\"mainEntityOfPage\":{\"@id\":\"https:\/\/7culture.ci\/index.php\/2022\/09\/05\/40-de-padaud-entre-show-emotions-larmes-et-bonnes-nouvelles\/\"},\"wordCount\":620,\"commentCount\":0,\"publisher\":{\"@id\":\"https:\/\/7culture.ci\/#organization\"},\"articleSection\":[\"Musique\"],\"inLanguage\":\"fr-FR\",\"potentialAction\":[{\"@type\":\"CommentAction\",\"name\":\"Comment\",\"target\":[\"https:\/\/7culture.ci\/index.php\/2022\/09\/05\/40-de-padaud-entre-show-emotions-larmes-et-bonnes-nouvelles\/#respond\"]}]},{\"@type\":\"WebPage\",\"@id\":\"https:\/\/7culture.ci\/index.php\/2022\/09\/05\/40-de-padaud-entre-show-emotions-larmes-et-bonnes-nouvelles\/\",\"url\":\"https:\/\/7culture.ci\/index.php\/2022\/09\/05\/40-de-padaud-entre-show-emotions-larmes-et-bonnes-nouvelles\/\",\"name\":\"40 de Padaud\u00a0: entre show, \u00e9motions, larmes et bonnes nouvelles\u00a0! -\",\"isPartOf\":{\"@id\":\"https:\/\/7culture.ci\/#website\"},\"datePublished\":\"2022-09-05T09:56:36+00:00\",\"dateModified\":\"2022-09-05T12:47:58+00:00\",\"breadcrumb\":{\"@id\":\"https:\/\/7culture.ci\/index.php\/2022\/09\/05\/40-de-padaud-entre-show-emotions-larmes-et-bonnes-nouvelles\/#breadcrumb\"},\"inLanguage\":\"fr-FR\",\"potentialAction\":[{\"@type\":\"ReadAction\",\"target\":[\"https:\/\/7culture.ci\/index.php\/2022\/09\/05\/40-de-padaud-entre-show-emotions-larmes-et-bonnes-nouvelles\/\"]}]},{\"@type\":\"BreadcrumbList\",\"@id\":\"https:\/\/7culture.ci\/index.php\/2022\/09\/05\/40-de-padaud-entre-show-emotions-larmes-et-bonnes-nouvelles\/#breadcrumb\",\"itemListElement\":[{\"@type\":\"ListItem\",\"position\":1,\"name\":\"Accueil\",\"item\":\"https:\/\/7culture.ci\/\"},{\"@type\":\"ListItem\",\"position\":2,\"name\":\"40 de Padaud\u00a0: entre show, \u00e9motions, larmes et bonnes nouvelles\u00a0!\"}]},{\"@type\":\"WebSite\",\"@id\":\"https:\/\/7culture.ci\/#website\",\"url\":\"https:\/\/7culture.ci\/\",\"name\":\"7culture\",\"description\":\"Tout sur l&#039;actualit\u00e9\",\"publisher\":{\"@id\":\"https:\/\/7culture.ci\/#organization\"},\"potentialAction\":[{\"@type\":\"SearchAction\",\"target\":{\"@type\":\"EntryPoint\",\"urlTemplate\":\"https:\/\/7culture.ci\/?s={search_term_string}\"},\"query-input\":\"required name=search_term_string\"}],\"inLanguage\":\"fr-FR\"},{\"@type\":\"Organization\",\"@id\":\"https:\/\/7culture.ci\/#organization\",\"name\":\"7culture\",\"url\":\"https:\/\/7culture.ci\/\",\"sameAs\":[\"https:\/\/www.facebook.com\/redchefclaude\",\"https:\/\/twitter.com\/7culturec\"],\"logo\":{\"@type\":\"ImageObject\",\"inLanguage\":\"fr-FR\",\"@id\":\"https:\/\/7culture.ci\/#\/schema\/logo\/image\/\",\"url\":\"https:\/\/7culture.ci\/wp-content\/uploads\/2021\/12\/S1a-1.png\",\"contentUrl\":\"https:\/\/7culture.ci\/wp-content\/uploads\/2021\/12\/S1a-1.png\",\"width\":588,\"height\":192,\"caption\":\"7culture\"},\"image\":{\"@id\":\"https:\/\/7culture.ci\/#\/schema\/logo\/image\/\"}},{\"@type\":\"Person\",\"@id\":\"https:\/\/7culture.ci\/#\/schema\/person\/16150d28d7ef66ba788c1f87f28c4426\",\"name\":\"7culture2020\",\"image\":{\"@type\":\"ImageObject\",\"inLanguage\":\"fr-FR\",\"@id\":\"https:\/\/7culture.ci\/#\/schema\/person\/image\/\",\"url\":\"https:\/\/secure.gravatar.com\/avatar\/9a0784f951306c37bcd065f52844ef95?s=96&d=mm&r=g\",\"contentUrl\":\"https:\/\/secure.gravatar.com\/avatar\/9a0784f951306c37bcd065f52844ef95?s=96&d=mm&r=g\",\"caption\":\"7culture2020\"},\"sameAs\":[\"http:\/\/7culture.ci\",\"Claude.kipre\"],\"url\":\"https:\/\/7culture.ci\/index.php\/author\/7culture2020\/\"}]}<\/script>\n<!-- \/ Yoast SEO plugin. -->","yoast_head_json":{"title":"40 de Padaud\u00a0: entre show, \u00e9motions, larmes et bonnes nouvelles\u00a0! -","robots":{"index":"index","follow":"follow","max-snippet":"max-snippet:-1","max-image-preview":"max-image-preview:large","max-video-preview":"max-video-preview:-1"},"canonical":"https:\/\/7culture.ci\/index.php\/2022\/09\/05\/40-de-padaud-entre-show-emotions-larmes-et-bonnes-nouvelles\/","og_locale":"fr_FR","og_type":"article","og_title":"40 de Padaud\u00a0: entre show, \u00e9motions, larmes et bonnes nouvelles\u00a0! -","og_description":"Ce n\u2019\u00e9tait pas la grande affluence le samedi 3 septembre dernier au Palais de la culture pour le second round des concerts de c\u00e9l\u00e9brations des 40 ans de carri\u00e8re de Luckson Padaud (le 1er avait eu lieu le 27 ao\u00fbt dernier au Palais des congr\u00e8s du Sofitel Abidjan H\u00f4tel Ivoire). Mais l\u2019essentiel et l\u2019honneur \u00e9taient &hellip; 40 de Padaud\u00a0: entre show, \u00e9motions, larmes et bonnes nouvelles\u00a0! Lire la suite\u00a0\u00bb","og_url":"https:\/\/7culture.ci\/index.php\/2022\/09\/05\/40-de-padaud-entre-show-emotions-larmes-et-bonnes-nouvelles\/","og_site_name":"7culture","article_publisher":"https:\/\/www.facebook.com\/redchefclaude","article_published_time":"2022-09-05T09:56:36+00:00","article_modified_time":"2022-09-05T12:47:58+00:00","og_image":[{"width":750,"height":450,"url":"http:\/\/7culture.ci\/wp-content\/uploads\/2022\/09\/luc.jpg","type":"image\/jpeg"}],"author":"7culture2020","twitter_card":"summary_large_image","twitter_creator":"@7culturec","twitter_site":"@7culturec","twitter_misc":{"\u00c9crit par":"7culture2020","Dur\u00e9e de lecture estim\u00e9e":"5 minutes"},"schema":{"@context":"https:\/\/schema.org","@graph":[{"@type":"Article","@id":"https:\/\/7culture.ci\/index.php\/2022\/09\/05\/40-de-padaud-entre-show-emotions-larmes-et-bonnes-nouvelles\/#article","isPartOf":{"@id":"https:\/\/7culture.ci\/index.php\/2022\/09\/05\/40-de-padaud-entre-show-emotions-larmes-et-bonnes-nouvelles\/"},"author":{"name":"7culture2020","@id":"https:\/\/7culture.ci\/#\/schema\/person\/16150d28d7ef66ba788c1f87f28c4426"},"headline":"40 de Padaud\u00a0: entre show, \u00e9motions, larmes et bonnes nouvelles\u00a0!","datePublished":"2022-09-05T09:56:36+00:00","dateModified":"2022-09-05T12:47:58+00:00","mainEntityOfPage":{"@id":"https:\/\/7culture.ci\/index.php\/2022\/09\/05\/40-de-padaud-entre-show-emotions-larmes-et-bonnes-nouvelles\/"},"wordCount":620,"commentCount":0,"publisher":{"@id":"https:\/\/7culture.ci\/#organization"},"articleSection":["Musique"],"inLanguage":"fr-FR","potentialAction":[{"@type":"CommentAction","name":"Comment","target":["https:\/\/7culture.ci\/index.php\/2022\/09\/05\/40-de-padaud-entre-show-emotions-larmes-et-bonnes-nouvelles\/#respond"]}]},{"@type":"WebPage","@id":"https:\/\/7culture.ci\/index.php\/2022\/09\/05\/40-de-padaud-entre-show-emotions-larmes-et-bonnes-nouvelles\/","url":"https:\/\/7culture.ci\/index.php\/2022\/09\/05\/40-de-padaud-entre-show-emotions-larmes-et-bonnes-nouvelles\/","name":"40 de Padaud\u00a0: entre show, \u00e9motions, larmes et bonnes nouvelles\u00a0! -","isPartOf":{"@id":"https:\/\/7culture.ci\/#website"},"datePublished":"2022-09-05T09:56:36+00:00","dateModified":"2022-09-05T12:47:58+00:00","breadcrumb":{"@id":"https:\/\/7culture.ci\/index.php\/2022\/09\/05\/40-de-padaud-entre-show-emotions-larmes-et-bonnes-nouvelles\/#breadcrumb"},"inLanguage":"fr-FR","potentialAction":[{"@type":"ReadAction","target":["https:\/\/7culture.ci\/index.php\/2022\/09\/05\/40-de-padaud-entre-show-emotions-larmes-et-bonnes-nouvelles\/"]}]},{"@type":"BreadcrumbList","@id":"https:\/\/7culture.ci\/index.php\/2022\/09\/05\/40-de-padaud-entre-show-emotions-larmes-et-bonnes-nouvelles\/#breadcrumb","itemListElement":[{"@type":"ListItem","position":1,"name":"Accueil","item":"https:\/\/7culture.ci\/"},{"@type":"ListItem","position":2,"name":"40 de Padaud\u00a0: entre show, \u00e9motions, larmes et bonnes nouvelles\u00a0!"}]},{"@type":"WebSite","@id":"https:\/\/7culture.ci\/#website","url":"https:\/\/7culture.ci\/","name":"7culture","description":"Tout sur l&#039;actualit\u00e9","publisher":{"@id":"https:\/\/7culture.ci\/#organization"},"potentialAction":[{"@type":"SearchAction","target":{"@type":"EntryPoint","urlTemplate":"https:\/\/7culture.ci\/?s={search_term_string}"},"query-input":"required name=search_term_string"}],"inLanguage":"fr-FR"},{"@type":"Organization","@id":"https:\/\/7culture.ci\/#organization","name":"7culture","url":"https:\/\/7culture.ci\/","sameAs":["https:\/\/www.facebook.com\/redchefclaude","https:\/\/twitter.com\/7culturec"],"logo":{"@type":"ImageObject","inLanguage":"fr-FR","@id":"https:\/\/7culture.ci\/#\/schema\/logo\/image\/","url":"https:\/\/7culture.ci\/wp-content\/uploads\/2021\/12\/S1a-1.png","contentUrl":"https:\/\/7culture.ci\/wp-content\/uploads\/2021\/12\/S1a-1.png","width":588,"height":192,"caption":"7culture"},"image":{"@id":"https:\/\/7culture.ci\/#\/schema\/logo\/image\/"}},{"@type":"Person","@id":"https:\/\/7culture.ci\/#\/schema\/person\/16150d28d7ef66ba788c1f87f28c4426","name":"7culture2020","image":{"@type":"ImageObject","inLanguage":"fr-FR","@id":"https:\/\/7culture.ci\/#\/schema\/person\/image\/","url":"https:\/\/secure.gravatar.com\/avatar\/9a0784f951306c37bcd065f52844ef95?s=96&d=mm&r=g","contentUrl":"https:\/\/secure.gravatar.com\/avatar\/9a0784f951306c37bcd065f52844ef95?s=96&d=mm&r=g","caption":"7culture2020"},"sameAs":["http:\/\/7culture.ci","Claude.kipre"],"url":"https:\/\/7culture.ci\/index.php\/author\/7culture2020\/"}]}},"jetpack_featured_media_url":"https:\/\/7culture.ci\/wp-content\/uploads\/2022\/09\/luc.jpg","jetpack_likes_enabled":true,"jetpack_sharing_enabled":true,"_links":{"self":[{"href":"https:\/\/7culture.ci\/index.php\/wp-json\/wp\/v2\/posts\/23684"}],"collection":[{"href":"https:\/\/7culture.ci\/index.php\/wp-json\/wp\/v2\/posts"}],"about":[{"href":"https:\/\/7culture.ci\/index.php\/wp-json\/wp\/v2\/types\/post"}],"author":[{"embeddable":true,"href":"https:\/\/7culture.ci\/index.php\/wp-json\/wp\/v2\/users\/1"}],"replies":[{"embeddable":true,"href":"https:\/\/7culture.ci\/index.php\/wp-json\/wp\/v2\/comments?post=23684"}],"version-history":[{"count":0,"href":"https:\/\/7culture.ci\/index.php\/wp-json\/wp\/v2\/posts\/23684\/revisions"}],"wp:featuredmedia":[{"embeddable":true,"href":"https:\/\/7culture.ci\/index.php\/wp-json\/wp\/v2\/media\/23685"}],"wp:attachment":[{"href":"https:\/\/7culture.ci\/index.php\/wp-json\/wp\/v2\/media?parent=23684"}],"wp:term":[{"taxonomy":"category","embeddable":true,"href":"https:\/\/7culture.ci\/index.php\/wp-json\/wp\/v2\/categories?post=23684"},{"taxonomy":"post_tag","embeddable":true,"href":"https:\/\/7culture.ci\/index.php\/wp-json\/wp\/v2\/tags?post=23684"}],"curies":[{"name":"wp","href":"https:\/\/api.w.org\/{rel}","templated":true}]}}