{"id":23658,"date":"2022-09-02T17:21:57","date_gmt":"2022-09-02T17:21:57","guid":{"rendered":"https:\/\/7culture.ci\/?p=23658"},"modified":"2022-09-03T13:05:02","modified_gmt":"2022-09-03T13:05:02","slug":"canal-demarre-le-futur-est-a-nous-ce-5-septembre","status":"publish","type":"post","link":"https:\/\/7culture.ci\/index.php\/2022\/09\/02\/canal-demarre-le-futur-est-a-nous-ce-5-septembre\/","title":{"rendered":"Canal+ d\u00e9marre &#8221;Le futur est \u00e0 nous&#8221; ce 5 septembre"},"content":{"rendered":"\n<p>D\u00e8s le 5 septembre 2022, Canal+ diffusera sur sa cha\u00eene Canal+ Pop son premier feuilleton quotidien panafricain d\u00e9nomm\u00e9 \u2018<em>\u2019Le futur est \u00e0 nous\u2019\u2019<\/em>. L\u2019ambitieux projet a \u00e9t\u00e9 pr\u00e9sent\u00e9 le jeudi 1<sup>er<\/sup> septembre dernier au cin\u00e9ma Majestic Prima devant un parterre d\u2019invit\u00e9s avec, \u00e0 sa t\u00eate, Mme Fran\u00e7oise Remarck, ministre de la culture et de la francophonie. La s\u00e9rie in\u00e9dite est une sorte de saga familiale avec ses \u00e9nigmes et ses secrets. Elle est mont\u00e9e autour de 15 personnages principaux autour desquelles gravitent 40 personnages secondaires et plus de 1000 figurants. La premi\u00e8re saison de \u2018\u2019Le futur est \u00e0 nous\u2019\u2019 comprend 60 \u00e9pisodes de 26 mn chacun. Sa production a n\u00e9cessit\u00e9 trois ann\u00e9es d\u2019\u00e9criture avec des sc\u00e9naristes venus de toute l\u2019Afrique. Apr\u00e8s trois mois de pr\u00e9paration, le tournage a dur\u00e9 150 jours soit cinq mois \u00e0 Abidjan. Elle sera diffus\u00e9e du lundi au vendredi \u00e0 partir de 18h45 d\u00e8s ce lundi 5 septembre 2022 sur Canal+ Pop, dans tous les pays francophones d\u2019Afrique.<\/p>\n\n\n\n<figure class=\"wp-block-gallery has-nested-images columns-default is-cropped wp-block-gallery-1 is-layout-flex wp-block-gallery-is-layout-flex\">\n<figure class=\"wp-block-image size-large\"><img loading=\"lazy\" decoding=\"async\" width=\"1024\" height=\"779\" data-id=\"23662\" src=\"https:\/\/7culture.ci\/wp-content\/uploads\/2022\/09\/WhatsApp-Image-2022-09-02-at-12.02.46-1024x779.jpeg\" alt=\"\" class=\"wp-image-23662\" srcset=\"https:\/\/7culture.ci\/wp-content\/uploads\/2022\/09\/WhatsApp-Image-2022-09-02-at-12.02.46-1024x779.jpeg 1024w, https:\/\/7culture.ci\/wp-content\/uploads\/2022\/09\/WhatsApp-Image-2022-09-02-at-12.02.46-300x228.jpeg 300w, https:\/\/7culture.ci\/wp-content\/uploads\/2022\/09\/WhatsApp-Image-2022-09-02-at-12.02.46-768x585.jpeg 768w, https:\/\/7culture.ci\/wp-content\/uploads\/2022\/09\/WhatsApp-Image-2022-09-02-at-12.02.46.jpeg 1080w\" sizes=\"(max-width: 1024px) 100vw, 1024px\" \/><\/figure>\n\n\n\n<figure class=\"wp-block-image size-large\"><img loading=\"lazy\" decoding=\"async\" width=\"1024\" height=\"683\" data-id=\"23663\" src=\"https:\/\/7culture.ci\/wp-content\/uploads\/2022\/09\/WhatsApp-Image-2022-09-02-at-12.02.47-1024x683.jpeg\" alt=\"\" class=\"wp-image-23663\" srcset=\"https:\/\/7culture.ci\/wp-content\/uploads\/2022\/09\/WhatsApp-Image-2022-09-02-at-12.02.47-1024x683.jpeg 1024w, https:\/\/7culture.ci\/wp-content\/uploads\/2022\/09\/WhatsApp-Image-2022-09-02-at-12.02.47-300x200.jpeg 300w, https:\/\/7culture.ci\/wp-content\/uploads\/2022\/09\/WhatsApp-Image-2022-09-02-at-12.02.47-768x512.jpeg 768w, https:\/\/7culture.ci\/wp-content\/uploads\/2022\/09\/WhatsApp-Image-2022-09-02-at-12.02.47.jpeg 1080w\" sizes=\"(max-width: 1024px) 100vw, 1024px\" \/><\/figure>\n\n\n\n<figure class=\"wp-block-image size-large\"><img loading=\"lazy\" decoding=\"async\" width=\"1024\" height=\"714\" data-id=\"23661\" src=\"https:\/\/7culture.ci\/wp-content\/uploads\/2022\/09\/WhatsApp-Image-2022-09-02-at-12.02.48-1-1024x714.jpeg\" alt=\"\" class=\"wp-image-23661\" srcset=\"https:\/\/7culture.ci\/wp-content\/uploads\/2022\/09\/WhatsApp-Image-2022-09-02-at-12.02.48-1-1024x714.jpeg 1024w, https:\/\/7culture.ci\/wp-content\/uploads\/2022\/09\/WhatsApp-Image-2022-09-02-at-12.02.48-1-300x209.jpeg 300w, https:\/\/7culture.ci\/wp-content\/uploads\/2022\/09\/WhatsApp-Image-2022-09-02-at-12.02.48-1-768x535.jpeg 768w, https:\/\/7culture.ci\/wp-content\/uploads\/2022\/09\/WhatsApp-Image-2022-09-02-at-12.02.48-1.jpeg 1080w\" sizes=\"(max-width: 1024px) 100vw, 1024px\" \/><\/figure>\n<\/figure>\n\n\n\n<p>Produit par \u2018\u2019On Est Ensemble Productions\u2019\u2019 de Samantha Biffot et Pierre-Adrien Ceccaldi, le feuilleton a \u00e9t\u00e9 r\u00e9alis\u00e9 par six r\u00e9alisateurs comme Samantha Biffot, Franck Vl\u00e9hi, Olivier Kon\u00e9, Boris Ou\u00e9, Andy Melo et Fran\u00e7ois Ellong-Gomez. Ils ont dirig\u00e9 des interpr\u00e8tes venus de C\u00f4te d\u2019Ivoire, du S\u00e9n\u00e9gal, du Gabon, de la R\u00e9publique d\u00e9mocratique du Congo et du Cameroun. Parmi les t\u00eates d\u2019affiches, on retrouve des noms connus du cin\u00e9ma africain comme Mahoula Kan\u00e9 (Cacao), Halima Gadji (Ma\u00eetresse d\u2019un homme mari\u00e9), Serge Abessolo (Cacao), Ali Ciss\u00e9 (Invisibles), Ti\u00e9koumba Dosso (Invisibles)\u2026<\/p>\n\n\n\n<figure class=\"wp-block-gallery has-nested-images columns-default is-cropped wp-block-gallery-2 is-layout-flex wp-block-gallery-is-layout-flex\">\n<figure class=\"wp-block-image size-large\"><img loading=\"lazy\" decoding=\"async\" width=\"1024\" height=\"750\" data-id=\"23664\" src=\"https:\/\/7culture.ci\/wp-content\/uploads\/2022\/09\/WhatsApp-Image-2022-09-02-at-12.02.48-2-1024x750.jpeg\" alt=\"\" class=\"wp-image-23664\" srcset=\"https:\/\/7culture.ci\/wp-content\/uploads\/2022\/09\/WhatsApp-Image-2022-09-02-at-12.02.48-2-1024x750.jpeg 1024w, https:\/\/7culture.ci\/wp-content\/uploads\/2022\/09\/WhatsApp-Image-2022-09-02-at-12.02.48-2-300x220.jpeg 300w, https:\/\/7culture.ci\/wp-content\/uploads\/2022\/09\/WhatsApp-Image-2022-09-02-at-12.02.48-2-768x562.jpeg 768w, https:\/\/7culture.ci\/wp-content\/uploads\/2022\/09\/WhatsApp-Image-2022-09-02-at-12.02.48-2.jpeg 1080w\" sizes=\"(max-width: 1024px) 100vw, 1024px\" \/><\/figure>\n\n\n\n<figure class=\"wp-block-image size-large\"><img loading=\"lazy\" decoding=\"async\" width=\"1024\" height=\"683\" data-id=\"23666\" src=\"https:\/\/7culture.ci\/wp-content\/uploads\/2022\/09\/WhatsApp-Image-2022-09-02-at-12.02.48-3-1024x683.jpeg\" alt=\"\" class=\"wp-image-23666\" srcset=\"https:\/\/7culture.ci\/wp-content\/uploads\/2022\/09\/WhatsApp-Image-2022-09-02-at-12.02.48-3-1024x683.jpeg 1024w, https:\/\/7culture.ci\/wp-content\/uploads\/2022\/09\/WhatsApp-Image-2022-09-02-at-12.02.48-3-300x200.jpeg 300w, https:\/\/7culture.ci\/wp-content\/uploads\/2022\/09\/WhatsApp-Image-2022-09-02-at-12.02.48-3-768x512.jpeg 768w, https:\/\/7culture.ci\/wp-content\/uploads\/2022\/09\/WhatsApp-Image-2022-09-02-at-12.02.48-3.jpeg 1080w\" sizes=\"(max-width: 1024px) 100vw, 1024px\" \/><\/figure>\n\n\n\n<figure class=\"wp-block-image size-large\"><img loading=\"lazy\" decoding=\"async\" width=\"1024\" height=\"780\" data-id=\"23665\" src=\"https:\/\/7culture.ci\/wp-content\/uploads\/2022\/09\/WhatsApp-Image-2022-09-02-at-12.24.40-1024x780.jpeg\" alt=\"\" class=\"wp-image-23665\" srcset=\"https:\/\/7culture.ci\/wp-content\/uploads\/2022\/09\/WhatsApp-Image-2022-09-02-at-12.24.40-1024x780.jpeg 1024w, https:\/\/7culture.ci\/wp-content\/uploads\/2022\/09\/WhatsApp-Image-2022-09-02-at-12.24.40-300x229.jpeg 300w, https:\/\/7culture.ci\/wp-content\/uploads\/2022\/09\/WhatsApp-Image-2022-09-02-at-12.24.40-768x585.jpeg 768w, https:\/\/7culture.ci\/wp-content\/uploads\/2022\/09\/WhatsApp-Image-2022-09-02-at-12.24.40.jpeg 1260w\" sizes=\"(max-width: 1024px) 100vw, 1024px\" \/><\/figure>\n<\/figure>\n\n\n\n<p>\u00ab&nbsp;\u201c<strong><em>Le futur est \u00e0 nous\u201d est une production africaine jamais vue encore sur le continent qui a n\u00e9cessit\u00e9 des mois de pr\u00e9paration, d\u2019\u00e9criture et de tournage<\/em><\/strong>&nbsp;\u00bb, reconnait Olivier Faux, Directeur des Cha\u00eenes et Contenu de Canal+ International. L\u2019id\u00e9e d\u2019une fiction quotidienne est venue de la rencontre entre la r\u00e9alisatrice gabonaise Samantha Biffot (<em>Mami Wata, le myst\u00e8re d&#8217;Iveza<\/em>) et le sc\u00e9nariste Olivier Szulzynger (<em>Un si grand soleil<\/em>). \u00ab&nbsp;<strong><em>Le premier enjeu a \u00e9t\u00e9 de cr\u00e9er un divertissement dans lequel, les gens se reconnaissent tout en fid\u00e9lisant le t\u00e9l\u00e9spectateur. D\u2019o\u00f9 la n\u00e9cessit\u00e9 de rendre le feuilleton \u2018\u2019quotidien\u2019\u2019 et de cr\u00e9er un volume d\u2019\u00e9pisodes en cons\u00e9quence<\/em><\/strong>&nbsp;\u00bb, a expliqu\u00e9 la cin\u00e9aste Biffot, coproductrice de la s\u00e9rie.<\/p>\n\n\n\n<p>En attendant que la diffusion ne d\u00e9marre ce 5 septembre, la production envisage de donner une suite au projet cin\u00e9matographique africain. \u00ab&nbsp;<strong><em>Pour la premi\u00e8re saison, ce sont 60 \u00e9pisodes qui ont \u00e9t\u00e9 tourn\u00e9s. Demain, disons l\u2019ann\u00e9e prochaine, ce seront 120 \u00e9pisodes. Puis 180 \u00e9pisodes\u2026 et nous esp\u00e9rons 260 \u00e9pisodes \u00e0 l\u2019horizon 2025&nbsp;<\/em><\/strong>\u00bb, projette Samantha Biffot.<\/p>\n\n\n\n<p>\u00ab <strong><em>R\u00e9unir autant de sc\u00e9naristes, r\u00e9alisateurs, acteurs et techniciens qui sont le futur du paysage audiovisuel africain nous conforte dans notre vision d\u2019une Afrique cr\u00e9ative, innovante et appel\u00e9e \u00e0 jouer un r\u00f4le de premier plan dans l\u2019audiovisuel mondial<\/em><\/strong> \u00bb, a reconnu Fabrice faux, Directeur des Cha\u00eenes et Contenus de Canal+ International dans une note de la production.<\/p>\n\n\n\n<figure class=\"wp-block-gallery has-nested-images columns-default is-cropped wp-block-gallery-3 is-layout-flex wp-block-gallery-is-layout-flex\">\n<figure class=\"wp-block-image size-large\"><img loading=\"lazy\" decoding=\"async\" width=\"1024\" height=\"682\" data-id=\"23667\" src=\"https:\/\/7culture.ci\/wp-content\/uploads\/2022\/09\/WhatsApp-Image-2022-09-02-at-12.08.11-1024x682.jpeg\" alt=\"\" class=\"wp-image-23667\" srcset=\"https:\/\/7culture.ci\/wp-content\/uploads\/2022\/09\/WhatsApp-Image-2022-09-02-at-12.08.11-1024x682.jpeg 1024w, https:\/\/7culture.ci\/wp-content\/uploads\/2022\/09\/WhatsApp-Image-2022-09-02-at-12.08.11-300x200.jpeg 300w, https:\/\/7culture.ci\/wp-content\/uploads\/2022\/09\/WhatsApp-Image-2022-09-02-at-12.08.11-768x512.jpeg 768w, https:\/\/7culture.ci\/wp-content\/uploads\/2022\/09\/WhatsApp-Image-2022-09-02-at-12.08.11.jpeg 1280w\" sizes=\"(max-width: 1024px) 100vw, 1024px\" \/><\/figure>\n\n\n\n<figure class=\"wp-block-image size-large\"><img loading=\"lazy\" decoding=\"async\" width=\"1024\" height=\"682\" data-id=\"23669\" src=\"https:\/\/7culture.ci\/wp-content\/uploads\/2022\/09\/WhatsApp-Image-2022-09-02-at-12.24.39-3-1024x682.jpeg\" alt=\"\" class=\"wp-image-23669\" srcset=\"https:\/\/7culture.ci\/wp-content\/uploads\/2022\/09\/WhatsApp-Image-2022-09-02-at-12.24.39-3-1024x682.jpeg 1024w, https:\/\/7culture.ci\/wp-content\/uploads\/2022\/09\/WhatsApp-Image-2022-09-02-at-12.24.39-3-300x200.jpeg 300w, https:\/\/7culture.ci\/wp-content\/uploads\/2022\/09\/WhatsApp-Image-2022-09-02-at-12.24.39-3-768x512.jpeg 768w, https:\/\/7culture.ci\/wp-content\/uploads\/2022\/09\/WhatsApp-Image-2022-09-02-at-12.24.39-3.jpeg 1280w\" sizes=\"(max-width: 1024px) 100vw, 1024px\" \/><\/figure>\n\n\n\n<figure class=\"wp-block-image size-large\"><img loading=\"lazy\" decoding=\"async\" width=\"1024\" height=\"682\" data-id=\"23668\" src=\"https:\/\/7culture.ci\/wp-content\/uploads\/2022\/09\/WhatsApp-Image-2022-09-02-at-12.24.39-1024x682.jpeg\" alt=\"\" class=\"wp-image-23668\" srcset=\"https:\/\/7culture.ci\/wp-content\/uploads\/2022\/09\/WhatsApp-Image-2022-09-02-at-12.24.39-1024x682.jpeg 1024w, https:\/\/7culture.ci\/wp-content\/uploads\/2022\/09\/WhatsApp-Image-2022-09-02-at-12.24.39-300x200.jpeg 300w, https:\/\/7culture.ci\/wp-content\/uploads\/2022\/09\/WhatsApp-Image-2022-09-02-at-12.24.39-768x512.jpeg 768w, https:\/\/7culture.ci\/wp-content\/uploads\/2022\/09\/WhatsApp-Image-2022-09-02-at-12.24.39.jpeg 1280w\" sizes=\"(max-width: 1024px) 100vw, 1024px\" \/><\/figure>\n<\/figure>\n\n\n\n<p><strong>SYNOPSIS<\/strong><\/p>\n\n\n\n<p><strong><em>Aby, une jeune S\u00e9n\u00e9galaise, atterrit \u00e0 Abidjan afin de d\u00e9couvrir la C\u00f4te d\u2019Ivoire, avec son mari ivoirien Henri et leur fils Milel \u00e2g\u00e9 de 15 ans. Henri est anxieux. Il esp\u00e8re ne pas croiser sa famille qu\u2019il pr\u00e9tend \u00eatre dangereuse. Quelques heures apr\u00e8s leur arriv\u00e9e, Henri se rend \u00e0 un myst\u00e9rieux rendez-vous dont il ne reviendra jamais. Son corps est retrouv\u00e9 sans vie le lendemain. Contrairement aux conclusions de la Police, Aby est convaincue qu\u2019il ne s\u2019agit pas d\u2019une crise cardiaque. Et si la dangereuse famille d\u2019Henri \u00e9tait responsable de sa mort&nbsp;? Journaliste, Aby m\u00e8ne discr\u00e8tement son enqu\u00eate\u2026<\/em><\/strong><\/p>\n\n\n\n<p>Par Omar AK<\/p>\n","protected":false},"excerpt":{"rendered":"<p>D\u00e8s le 5 septembre 2022, Canal+ diffusera sur sa cha\u00eene Canal+ Pop son premier feuilleton quotidien panafricain d\u00e9nomm\u00e9 \u2018\u2019Le futur est \u00e0 nous\u2019\u2019. L\u2019ambitieux projet a \u00e9t\u00e9 pr\u00e9sent\u00e9 le jeudi 1er septembre dernier au cin\u00e9ma Majestic Prima devant un parterre d\u2019invit\u00e9s avec, \u00e0 sa t\u00eate, Mme Fran\u00e7oise Remarck, ministre de la culture et de la &hellip;<\/p>\n<p class=\"read-more\"> <a class=\"\" href=\"https:\/\/7culture.ci\/index.php\/2022\/09\/02\/canal-demarre-le-futur-est-a-nous-ce-5-septembre\/\"> <span class=\"screen-reader-text\">Canal+ d\u00e9marre &#8221;Le futur est \u00e0 nous&#8221; ce 5 septembre<\/span> Lire la suite\u00a0\u00bb<\/a><\/p>\n","protected":false},"author":1,"featured_media":23660,"comment_status":"open","ping_status":"open","sticky":false,"template":"","format":"standard","meta":{"_mi_skip_tracking":false,"_monsterinsights_sitenote_active":false,"_monsterinsights_sitenote_note":"","_monsterinsights_sitenote_category":0,"site-sidebar-layout":"default","site-content-layout":"default","ast-global-header-display":"","ast-main-header-display":"","ast-hfb-above-header-display":"","ast-hfb-below-header-display":"","ast-hfb-mobile-header-display":"","site-post-title":"","ast-breadcrumbs-content":"","ast-featured-img":"","footer-sml-layout":"","theme-transparent-header-meta":"","adv-header-id-meta":"","stick-header-meta":"","header-above-stick-meta":"","header-main-stick-meta":"","header-below-stick-meta":"","footnotes":"","jetpack_publicize_message":"","jetpack_is_tweetstorm":false,"jetpack_publicize_feature_enabled":true},"categories":[36],"tags":[],"jetpack_publicize_connections":[],"acf":[],"aioseo_notices":[],"yoast_head":"<!-- This site is optimized with the Yoast SEO plugin v19.6.1 - https:\/\/yoast.com\/wordpress\/plugins\/seo\/ -->\n<title>Canal+ d\u00e9marre &#039;&#039;Le futur est \u00e0 nous&#039;&#039; ce 5 septembre -<\/title>\n<meta name=\"robots\" content=\"index, follow, max-snippet:-1, max-image-preview:large, max-video-preview:-1\" \/>\n<link rel=\"canonical\" href=\"https:\/\/7culture.ci\/index.php\/2022\/09\/02\/canal-demarre-le-futur-est-a-nous-ce-5-septembre\/\" \/>\n<meta property=\"og:locale\" content=\"fr_FR\" \/>\n<meta property=\"og:type\" content=\"article\" \/>\n<meta property=\"og:title\" content=\"Canal+ d\u00e9marre &#039;&#039;Le futur est \u00e0 nous&#039;&#039; ce 5 septembre -\" \/>\n<meta property=\"og:description\" content=\"D\u00e8s le 5 septembre 2022, Canal+ diffusera sur sa cha\u00eene Canal+ Pop son premier feuilleton quotidien panafricain d\u00e9nomm\u00e9 \u2018\u2019Le futur est \u00e0 nous\u2019\u2019. L\u2019ambitieux projet a \u00e9t\u00e9 pr\u00e9sent\u00e9 le jeudi 1er septembre dernier au cin\u00e9ma Majestic Prima devant un parterre d\u2019invit\u00e9s avec, \u00e0 sa t\u00eate, Mme Fran\u00e7oise Remarck, ministre de la culture et de la &hellip; Canal+ d\u00e9marre &#8221;Le futur est \u00e0 nous&#8221; ce 5 septembre Lire la suite\u00a0\u00bb\" \/>\n<meta property=\"og:url\" content=\"https:\/\/7culture.ci\/index.php\/2022\/09\/02\/canal-demarre-le-futur-est-a-nous-ce-5-septembre\/\" \/>\n<meta property=\"og:site_name\" content=\"7culture\" \/>\n<meta property=\"article:publisher\" content=\"https:\/\/www.facebook.com\/redchefclaude\" \/>\n<meta property=\"article:published_time\" content=\"2022-09-02T17:21:57+00:00\" \/>\n<meta property=\"article:modified_time\" content=\"2022-09-03T13:05:02+00:00\" \/>\n<meta property=\"og:image\" content=\"http:\/\/7culture.ci\/wp-content\/uploads\/2022\/09\/Le-futur1.jpg\" \/>\n\t<meta property=\"og:image:width\" content=\"1440\" \/>\n\t<meta property=\"og:image:height\" content=\"960\" \/>\n\t<meta property=\"og:image:type\" content=\"image\/jpeg\" \/>\n<meta name=\"author\" content=\"7culture2020\" \/>\n<meta name=\"twitter:card\" content=\"summary_large_image\" \/>\n<meta name=\"twitter:creator\" content=\"@7culturec\" \/>\n<meta name=\"twitter:site\" content=\"@7culturec\" \/>\n<meta name=\"twitter:label1\" content=\"\u00c9crit par\" \/>\n\t<meta name=\"twitter:data1\" content=\"7culture2020\" \/>\n\t<meta name=\"twitter:label2\" content=\"Dur\u00e9e de lecture estim\u00e9e\" \/>\n\t<meta name=\"twitter:data2\" content=\"5 minutes\" \/>\n<script type=\"application\/ld+json\" class=\"yoast-schema-graph\">{\"@context\":\"https:\/\/schema.org\",\"@graph\":[{\"@type\":\"Article\",\"@id\":\"https:\/\/7culture.ci\/index.php\/2022\/09\/02\/canal-demarre-le-futur-est-a-nous-ce-5-septembre\/#article\",\"isPartOf\":{\"@id\":\"https:\/\/7culture.ci\/index.php\/2022\/09\/02\/canal-demarre-le-futur-est-a-nous-ce-5-septembre\/\"},\"author\":{\"name\":\"7culture2020\",\"@id\":\"https:\/\/7culture.ci\/#\/schema\/person\/16150d28d7ef66ba788c1f87f28c4426\"},\"headline\":\"Canal+ d\u00e9marre &#8221;Le futur est \u00e0 nous&#8221; ce 5 septembre\",\"datePublished\":\"2022-09-02T17:21:57+00:00\",\"dateModified\":\"2022-09-03T13:05:02+00:00\",\"mainEntityOfPage\":{\"@id\":\"https:\/\/7culture.ci\/index.php\/2022\/09\/02\/canal-demarre-le-futur-est-a-nous-ce-5-septembre\/\"},\"wordCount\":658,\"commentCount\":0,\"publisher\":{\"@id\":\"https:\/\/7culture.ci\/#organization\"},\"articleSection\":[\"Cin\u00e9ma\"],\"inLanguage\":\"fr-FR\",\"potentialAction\":[{\"@type\":\"CommentAction\",\"name\":\"Comment\",\"target\":[\"https:\/\/7culture.ci\/index.php\/2022\/09\/02\/canal-demarre-le-futur-est-a-nous-ce-5-septembre\/#respond\"]}]},{\"@type\":\"WebPage\",\"@id\":\"https:\/\/7culture.ci\/index.php\/2022\/09\/02\/canal-demarre-le-futur-est-a-nous-ce-5-septembre\/\",\"url\":\"https:\/\/7culture.ci\/index.php\/2022\/09\/02\/canal-demarre-le-futur-est-a-nous-ce-5-septembre\/\",\"name\":\"Canal+ d\u00e9marre ''Le futur est \u00e0 nous'' ce 5 septembre -\",\"isPartOf\":{\"@id\":\"https:\/\/7culture.ci\/#website\"},\"datePublished\":\"2022-09-02T17:21:57+00:00\",\"dateModified\":\"2022-09-03T13:05:02+00:00\",\"breadcrumb\":{\"@id\":\"https:\/\/7culture.ci\/index.php\/2022\/09\/02\/canal-demarre-le-futur-est-a-nous-ce-5-septembre\/#breadcrumb\"},\"inLanguage\":\"fr-FR\",\"potentialAction\":[{\"@type\":\"ReadAction\",\"target\":[\"https:\/\/7culture.ci\/index.php\/2022\/09\/02\/canal-demarre-le-futur-est-a-nous-ce-5-septembre\/\"]}]},{\"@type\":\"BreadcrumbList\",\"@id\":\"https:\/\/7culture.ci\/index.php\/2022\/09\/02\/canal-demarre-le-futur-est-a-nous-ce-5-septembre\/#breadcrumb\",\"itemListElement\":[{\"@type\":\"ListItem\",\"position\":1,\"name\":\"Accueil\",\"item\":\"https:\/\/7culture.ci\/\"},{\"@type\":\"ListItem\",\"position\":2,\"name\":\"Canal+ d\u00e9marre \u00a0\u00bbLe futur est \u00e0 nous\u00a0\u00bb ce 5 septembre\"}]},{\"@type\":\"WebSite\",\"@id\":\"https:\/\/7culture.ci\/#website\",\"url\":\"https:\/\/7culture.ci\/\",\"name\":\"7culture\",\"description\":\"Tout sur l&#039;actualit\u00e9\",\"publisher\":{\"@id\":\"https:\/\/7culture.ci\/#organization\"},\"potentialAction\":[{\"@type\":\"SearchAction\",\"target\":{\"@type\":\"EntryPoint\",\"urlTemplate\":\"https:\/\/7culture.ci\/?s={search_term_string}\"},\"query-input\":\"required name=search_term_string\"}],\"inLanguage\":\"fr-FR\"},{\"@type\":\"Organization\",\"@id\":\"https:\/\/7culture.ci\/#organization\",\"name\":\"7culture\",\"url\":\"https:\/\/7culture.ci\/\",\"sameAs\":[\"https:\/\/www.facebook.com\/redchefclaude\",\"https:\/\/twitter.com\/7culturec\"],\"logo\":{\"@type\":\"ImageObject\",\"inLanguage\":\"fr-FR\",\"@id\":\"https:\/\/7culture.ci\/#\/schema\/logo\/image\/\",\"url\":\"https:\/\/7culture.ci\/wp-content\/uploads\/2021\/12\/S1a-1.png\",\"contentUrl\":\"https:\/\/7culture.ci\/wp-content\/uploads\/2021\/12\/S1a-1.png\",\"width\":588,\"height\":192,\"caption\":\"7culture\"},\"image\":{\"@id\":\"https:\/\/7culture.ci\/#\/schema\/logo\/image\/\"}},{\"@type\":\"Person\",\"@id\":\"https:\/\/7culture.ci\/#\/schema\/person\/16150d28d7ef66ba788c1f87f28c4426\",\"name\":\"7culture2020\",\"image\":{\"@type\":\"ImageObject\",\"inLanguage\":\"fr-FR\",\"@id\":\"https:\/\/7culture.ci\/#\/schema\/person\/image\/\",\"url\":\"https:\/\/secure.gravatar.com\/avatar\/9a0784f951306c37bcd065f52844ef95?s=96&d=mm&r=g\",\"contentUrl\":\"https:\/\/secure.gravatar.com\/avatar\/9a0784f951306c37bcd065f52844ef95?s=96&d=mm&r=g\",\"caption\":\"7culture2020\"},\"sameAs\":[\"http:\/\/7culture.ci\",\"Claude.kipre\"],\"url\":\"https:\/\/7culture.ci\/index.php\/author\/7culture2020\/\"}]}<\/script>\n<!-- \/ Yoast SEO plugin. -->","yoast_head_json":{"title":"Canal+ d\u00e9marre ''Le futur est \u00e0 nous'' ce 5 septembre -","robots":{"index":"index","follow":"follow","max-snippet":"max-snippet:-1","max-image-preview":"max-image-preview:large","max-video-preview":"max-video-preview:-1"},"canonical":"https:\/\/7culture.ci\/index.php\/2022\/09\/02\/canal-demarre-le-futur-est-a-nous-ce-5-septembre\/","og_locale":"fr_FR","og_type":"article","og_title":"Canal+ d\u00e9marre ''Le futur est \u00e0 nous'' ce 5 septembre -","og_description":"D\u00e8s le 5 septembre 2022, Canal+ diffusera sur sa cha\u00eene Canal+ Pop son premier feuilleton quotidien panafricain d\u00e9nomm\u00e9 \u2018\u2019Le futur est \u00e0 nous\u2019\u2019. L\u2019ambitieux projet a \u00e9t\u00e9 pr\u00e9sent\u00e9 le jeudi 1er septembre dernier au cin\u00e9ma Majestic Prima devant un parterre d\u2019invit\u00e9s avec, \u00e0 sa t\u00eate, Mme Fran\u00e7oise Remarck, ministre de la culture et de la &hellip; Canal+ d\u00e9marre &#8221;Le futur est \u00e0 nous&#8221; ce 5 septembre Lire la suite\u00a0\u00bb","og_url":"https:\/\/7culture.ci\/index.php\/2022\/09\/02\/canal-demarre-le-futur-est-a-nous-ce-5-septembre\/","og_site_name":"7culture","article_publisher":"https:\/\/www.facebook.com\/redchefclaude","article_published_time":"2022-09-02T17:21:57+00:00","article_modified_time":"2022-09-03T13:05:02+00:00","og_image":[{"width":1440,"height":960,"url":"http:\/\/7culture.ci\/wp-content\/uploads\/2022\/09\/Le-futur1.jpg","type":"image\/jpeg"}],"author":"7culture2020","twitter_card":"summary_large_image","twitter_creator":"@7culturec","twitter_site":"@7culturec","twitter_misc":{"\u00c9crit par":"7culture2020","Dur\u00e9e de lecture estim\u00e9e":"5 minutes"},"schema":{"@context":"https:\/\/schema.org","@graph":[{"@type":"Article","@id":"https:\/\/7culture.ci\/index.php\/2022\/09\/02\/canal-demarre-le-futur-est-a-nous-ce-5-septembre\/#article","isPartOf":{"@id":"https:\/\/7culture.ci\/index.php\/2022\/09\/02\/canal-demarre-le-futur-est-a-nous-ce-5-septembre\/"},"author":{"name":"7culture2020","@id":"https:\/\/7culture.ci\/#\/schema\/person\/16150d28d7ef66ba788c1f87f28c4426"},"headline":"Canal+ d\u00e9marre &#8221;Le futur est \u00e0 nous&#8221; ce 5 septembre","datePublished":"2022-09-02T17:21:57+00:00","dateModified":"2022-09-03T13:05:02+00:00","mainEntityOfPage":{"@id":"https:\/\/7culture.ci\/index.php\/2022\/09\/02\/canal-demarre-le-futur-est-a-nous-ce-5-septembre\/"},"wordCount":658,"commentCount":0,"publisher":{"@id":"https:\/\/7culture.ci\/#organization"},"articleSection":["Cin\u00e9ma"],"inLanguage":"fr-FR","potentialAction":[{"@type":"CommentAction","name":"Comment","target":["https:\/\/7culture.ci\/index.php\/2022\/09\/02\/canal-demarre-le-futur-est-a-nous-ce-5-septembre\/#respond"]}]},{"@type":"WebPage","@id":"https:\/\/7culture.ci\/index.php\/2022\/09\/02\/canal-demarre-le-futur-est-a-nous-ce-5-septembre\/","url":"https:\/\/7culture.ci\/index.php\/2022\/09\/02\/canal-demarre-le-futur-est-a-nous-ce-5-septembre\/","name":"Canal+ d\u00e9marre ''Le futur est \u00e0 nous'' ce 5 septembre -","isPartOf":{"@id":"https:\/\/7culture.ci\/#website"},"datePublished":"2022-09-02T17:21:57+00:00","dateModified":"2022-09-03T13:05:02+00:00","breadcrumb":{"@id":"https:\/\/7culture.ci\/index.php\/2022\/09\/02\/canal-demarre-le-futur-est-a-nous-ce-5-septembre\/#breadcrumb"},"inLanguage":"fr-FR","potentialAction":[{"@type":"ReadAction","target":["https:\/\/7culture.ci\/index.php\/2022\/09\/02\/canal-demarre-le-futur-est-a-nous-ce-5-septembre\/"]}]},{"@type":"BreadcrumbList","@id":"https:\/\/7culture.ci\/index.php\/2022\/09\/02\/canal-demarre-le-futur-est-a-nous-ce-5-septembre\/#breadcrumb","itemListElement":[{"@type":"ListItem","position":1,"name":"Accueil","item":"https:\/\/7culture.ci\/"},{"@type":"ListItem","position":2,"name":"Canal+ d\u00e9marre \u00a0\u00bbLe futur est \u00e0 nous\u00a0\u00bb ce 5 septembre"}]},{"@type":"WebSite","@id":"https:\/\/7culture.ci\/#website","url":"https:\/\/7culture.ci\/","name":"7culture","description":"Tout sur l&#039;actualit\u00e9","publisher":{"@id":"https:\/\/7culture.ci\/#organization"},"potentialAction":[{"@type":"SearchAction","target":{"@type":"EntryPoint","urlTemplate":"https:\/\/7culture.ci\/?s={search_term_string}"},"query-input":"required name=search_term_string"}],"inLanguage":"fr-FR"},{"@type":"Organization","@id":"https:\/\/7culture.ci\/#organization","name":"7culture","url":"https:\/\/7culture.ci\/","sameAs":["https:\/\/www.facebook.com\/redchefclaude","https:\/\/twitter.com\/7culturec"],"logo":{"@type":"ImageObject","inLanguage":"fr-FR","@id":"https:\/\/7culture.ci\/#\/schema\/logo\/image\/","url":"https:\/\/7culture.ci\/wp-content\/uploads\/2021\/12\/S1a-1.png","contentUrl":"https:\/\/7culture.ci\/wp-content\/uploads\/2021\/12\/S1a-1.png","width":588,"height":192,"caption":"7culture"},"image":{"@id":"https:\/\/7culture.ci\/#\/schema\/logo\/image\/"}},{"@type":"Person","@id":"https:\/\/7culture.ci\/#\/schema\/person\/16150d28d7ef66ba788c1f87f28c4426","name":"7culture2020","image":{"@type":"ImageObject","inLanguage":"fr-FR","@id":"https:\/\/7culture.ci\/#\/schema\/person\/image\/","url":"https:\/\/secure.gravatar.com\/avatar\/9a0784f951306c37bcd065f52844ef95?s=96&d=mm&r=g","contentUrl":"https:\/\/secure.gravatar.com\/avatar\/9a0784f951306c37bcd065f52844ef95?s=96&d=mm&r=g","caption":"7culture2020"},"sameAs":["http:\/\/7culture.ci","Claude.kipre"],"url":"https:\/\/7culture.ci\/index.php\/author\/7culture2020\/"}]}},"jetpack_featured_media_url":"https:\/\/7culture.ci\/wp-content\/uploads\/2022\/09\/Le-futur1.jpg","jetpack_likes_enabled":true,"jetpack_sharing_enabled":true,"_links":{"self":[{"href":"https:\/\/7culture.ci\/index.php\/wp-json\/wp\/v2\/posts\/23658"}],"collection":[{"href":"https:\/\/7culture.ci\/index.php\/wp-json\/wp\/v2\/posts"}],"about":[{"href":"https:\/\/7culture.ci\/index.php\/wp-json\/wp\/v2\/types\/post"}],"author":[{"embeddable":true,"href":"https:\/\/7culture.ci\/index.php\/wp-json\/wp\/v2\/users\/1"}],"replies":[{"embeddable":true,"href":"https:\/\/7culture.ci\/index.php\/wp-json\/wp\/v2\/comments?post=23658"}],"version-history":[{"count":0,"href":"https:\/\/7culture.ci\/index.php\/wp-json\/wp\/v2\/posts\/23658\/revisions"}],"wp:featuredmedia":[{"embeddable":true,"href":"https:\/\/7culture.ci\/index.php\/wp-json\/wp\/v2\/media\/23660"}],"wp:attachment":[{"href":"https:\/\/7culture.ci\/index.php\/wp-json\/wp\/v2\/media?parent=23658"}],"wp:term":[{"taxonomy":"category","embeddable":true,"href":"https:\/\/7culture.ci\/index.php\/wp-json\/wp\/v2\/categories?post=23658"},{"taxonomy":"post_tag","embeddable":true,"href":"https:\/\/7culture.ci\/index.php\/wp-json\/wp\/v2\/tags?post=23658"}],"curies":[{"name":"wp","href":"https:\/\/api.w.org\/{rel}","templated":true}]}}