{"id":23633,"date":"2022-09-02T09:55:32","date_gmt":"2022-09-02T09:55:32","guid":{"rendered":"https:\/\/7culture.ci\/?p=23633"},"modified":"2022-09-02T14:51:45","modified_gmt":"2022-09-02T14:51:45","slug":"felguessy-la-nouvelle-voix-du-poro","status":"publish","type":"post","link":"https:\/\/7culture.ci\/index.php\/2022\/09\/02\/felguessy-la-nouvelle-voix-du-poro\/","title":{"rendered":"Felguessy, la nouvelle voix du Poro"},"content":{"rendered":"\n<p><strong><em>Dans le paysage musical ivoirien, il faudra d\u00e9sormais composer avec Felguessy. C\u2019est un nouvel artiste qui se d\u00e9cline comme la nouvelle star de la musique moderne s\u00e9noufo.<\/em><\/strong><\/p>\n\n\n\n<p>De l&#8217;afro-pop \u00e0 la musique \u00e9lectronique, Felguessy chante en s\u00e9noufo, en malink\u00e9, en fran\u00e7ais et en anglais. Sa musique jazzy est le fruit d\u2019une alchimie r\u00e9ussie des instruments traditionnels tels que le balafon, l&#8217;ahoco et le djemb\u00e9. Son style \u00e9clectique ressort sur son nouvel album. C\u2019est un maxi single de quatre titres qui laisse appara\u00eetre son timbre vocal et sa dext\u00e9rit\u00e9 artistique. En plus d\u2019\u00eatre un bon chanteur, Felguessy est aussi auteur-compositeur, arrangeur, guitariste et po\u00e8te.<\/p>\n\n\n\n<p>Intitul\u00e9 \u2018\u2019 Cons\u00e9cration\u2019\u2019, le nouvel album invite les parents \u00e0 soutenir et \u00e0 aider leurs enfants \u00e0 r\u00e9ussir. C\u2019est d\u2019ailleurs le message contenu dans la chanson promo &#8220;Yeyel Pihb\u00e9l\u00e9 D\u00eamin&#8221; livr\u00e9e en s\u00e9noufo. Le 2<sup>e<\/sup> titre d\u2019appel est \u2018\u2019Djarabi\u2019\u2019. Chant\u00e9 en malink\u00e9, il rend hommage \u00e0 la beaut\u00e9 de la femme africaine. \u00ab <strong><em>Dans Djarabi, je rends honneur \u00e0 une femme africaine intellectuelle, belle, intelligente et g\u00e9n\u00e9reuse. \u00c0 travers elle, je rends hommage \u00e0 toutes les femmes africaines<\/em><\/strong> \u00bb, dit-il.<\/p>\n\n\n\n<figure class=\"wp-block-gallery has-nested-images columns-default is-cropped wp-block-gallery-1 is-layout-flex wp-block-gallery-is-layout-flex\">\n<figure class=\"wp-block-image size-large\"><img loading=\"lazy\" decoding=\"async\" width=\"576\" height=\"1024\" data-id=\"23635\" src=\"https:\/\/7culture.ci\/wp-content\/uploads\/2022\/09\/IMG-20220810-WA0078-576x1024.jpg\" alt=\"\" class=\"wp-image-23635\" srcset=\"https:\/\/7culture.ci\/wp-content\/uploads\/2022\/09\/IMG-20220810-WA0078-576x1024.jpg 576w, https:\/\/7culture.ci\/wp-content\/uploads\/2022\/09\/IMG-20220810-WA0078-169x300.jpg 169w, https:\/\/7culture.ci\/wp-content\/uploads\/2022\/09\/IMG-20220810-WA0078.jpg 607w\" sizes=\"(max-width: 576px) 100vw, 576px\" \/><\/figure>\n\n\n\n<figure class=\"wp-block-image size-large\"><img loading=\"lazy\" decoding=\"async\" width=\"720\" height=\"900\" data-id=\"23637\" src=\"https:\/\/7culture.ci\/wp-content\/uploads\/2022\/09\/IMG-20220810-WA0080.jpg\" alt=\"\" class=\"wp-image-23637\" srcset=\"https:\/\/7culture.ci\/wp-content\/uploads\/2022\/09\/IMG-20220810-WA0080.jpg 720w, https:\/\/7culture.ci\/wp-content\/uploads\/2022\/09\/IMG-20220810-WA0080-240x300.jpg 240w\" sizes=\"(max-width: 720px) 100vw, 720px\" \/><\/figure>\n\n\n\n<figure class=\"wp-block-image size-large\"><img loading=\"lazy\" decoding=\"async\" width=\"1024\" height=\"576\" data-id=\"23636\" src=\"https:\/\/7culture.ci\/wp-content\/uploads\/2022\/09\/IMG-20220813-WA0079-1024x576.jpg\" alt=\"\" class=\"wp-image-23636\" srcset=\"https:\/\/7culture.ci\/wp-content\/uploads\/2022\/09\/IMG-20220813-WA0079-1024x576.jpg 1024w, https:\/\/7culture.ci\/wp-content\/uploads\/2022\/09\/IMG-20220813-WA0079-300x169.jpg 300w, https:\/\/7culture.ci\/wp-content\/uploads\/2022\/09\/IMG-20220813-WA0079-768x432.jpg 768w, https:\/\/7culture.ci\/wp-content\/uploads\/2022\/09\/IMG-20220813-WA0079.jpg 1080w\" sizes=\"(max-width: 1024px) 100vw, 1024px\" \/><\/figure>\n<\/figure>\n\n\n\n<p>Pour r\u00e9ussir son retour dans l\u2019ar\u00e8ne de la chanson, Felguessy a boss\u00e9 ardemment dans le studio Pr\u00e9vot sous la direction de l&#8217;arrangeur Andr\u00e9 Pr\u00e9vot. \u2018\u2019Cons\u00e9cration\u2019\u2019 que les puristes appr\u00e9cient, arrive apr\u00e8s un premier essai musical de Feguessy. En 2014, il a form\u00e9 son groupe de musique du nom de \u2018\u2019Kadjona band\u2019\u2019 avec lequel il enregistra un maxi single de cinq titres intitul\u00e9 &#8220;R\u00e9v\u00e9lation&#8221; qui passa inaper\u00e7u par manque de promotion. En 2022, il d\u00e9cide de faire cavalier seul et de r\u00e9aliser son second maxi single qu&#8217;il enregistre dans le studio de son ami Pr\u00e9v\u00f4t dans la plus grande discr\u00e9tion. Aujourd&#8217;hui, contre vents et mar\u00e9es, l\u2019artiste envisage de se faire connaitre \u00e0 travers sa musique afro-pop pour s&#8217;ouvrir au monde entier et conqu\u00e9rir le march\u00e9 international.<\/p>\n\n\n\n<p>Felguessy est n\u00e9 Alain Douy\u00e9r\u00e9 Coulibaly \u00e0 Bouak\u00e9, au centre de la C\u00f4te d\u2019Ivoire. Cet originaire de la r\u00e9gion du Tchologo au nord du pays, est le troisi\u00e8me enfant d&#8217;une famille noble de 10 gosses. Il tient son nom d\u2019emprunt de son descendant Felguessy. Celui qui a donn\u00e9 son nom \u00e0 la ville de Ferkess\u00e9dougou.<\/p>\n\n\n\n<p>Avant de publier \u2018\u2019Cons\u00e9cration\u2019\u2019 qui le consacre d\u00e9finitivement \u00e0 la musique, Felguessy a roul\u00e9 sa bosse un peu partout dans le show-biz. Ancien danseur de break-dance, il remporte le concours de Rock&amp;roll \u00e0 la piscine municipale de Korhogo organis\u00e9 par une marque de cigarettes en 1983. Il rejoint ensuite le groupe &#8220;Ecossais&#8221; et bifurque apr\u00e8s dans les mouvements rap au d\u00e9but des ann\u00e9es 1990. Il se frotte aussi aux platines et est DJ assistant dans plusieurs discoth\u00e8ques de la place tel que le Ritz Night-Club \u00e0 Treichville aupr\u00e8s de DJ Christy B et au le Midnight avec Allan DJ. Pour bien exprimer son talent, il part s\u00e9journer au Mali en 1992. Felguessy devient DJ plein au Montana au quartier Boulkanssoumbougou de Bamako puis l&#8217;ann\u00e9e suivante, il atterrit au Rivage Night-Club de S\u00e9gou.<\/p>\n\n\n\n<figure class=\"wp-block-gallery has-nested-images columns-default is-cropped wp-block-gallery-2 is-layout-flex wp-block-gallery-is-layout-flex\">\n<figure class=\"wp-block-image size-large\"><img loading=\"lazy\" decoding=\"async\" width=\"576\" height=\"1024\" data-id=\"23640\" src=\"https:\/\/7culture.ci\/wp-content\/uploads\/2022\/09\/IMG-20220810-WA0079-576x1024.jpg\" alt=\"\" class=\"wp-image-23640\" srcset=\"https:\/\/7culture.ci\/wp-content\/uploads\/2022\/09\/IMG-20220810-WA0079-576x1024.jpg 576w, https:\/\/7culture.ci\/wp-content\/uploads\/2022\/09\/IMG-20220810-WA0079-169x300.jpg 169w, https:\/\/7culture.ci\/wp-content\/uploads\/2022\/09\/IMG-20220810-WA0079.jpg 607w\" sizes=\"(max-width: 576px) 100vw, 576px\" \/><\/figure>\n\n\n\n<figure class=\"wp-block-image size-large\"><img loading=\"lazy\" decoding=\"async\" width=\"1024\" height=\"576\" data-id=\"23638\" src=\"https:\/\/7culture.ci\/wp-content\/uploads\/2022\/09\/IMG-20220813-WA0077-1024x576.jpg\" alt=\"\" class=\"wp-image-23638\" srcset=\"https:\/\/7culture.ci\/wp-content\/uploads\/2022\/09\/IMG-20220813-WA0077-1024x576.jpg 1024w, https:\/\/7culture.ci\/wp-content\/uploads\/2022\/09\/IMG-20220813-WA0077-300x169.jpg 300w, https:\/\/7culture.ci\/wp-content\/uploads\/2022\/09\/IMG-20220813-WA0077-768x432.jpg 768w, https:\/\/7culture.ci\/wp-content\/uploads\/2022\/09\/IMG-20220813-WA0077.jpg 1080w\" sizes=\"(max-width: 1024px) 100vw, 1024px\" \/><\/figure>\n\n\n\n<figure class=\"wp-block-image size-large\"><img loading=\"lazy\" decoding=\"async\" width=\"1024\" height=\"576\" data-id=\"23639\" src=\"https:\/\/7culture.ci\/wp-content\/uploads\/2022\/09\/IMG-20220813-WA0081-1024x576.jpg\" alt=\"\" class=\"wp-image-23639\" srcset=\"https:\/\/7culture.ci\/wp-content\/uploads\/2022\/09\/IMG-20220813-WA0081-1024x576.jpg 1024w, https:\/\/7culture.ci\/wp-content\/uploads\/2022\/09\/IMG-20220813-WA0081-300x169.jpg 300w, https:\/\/7culture.ci\/wp-content\/uploads\/2022\/09\/IMG-20220813-WA0081-768x432.jpg 768w, https:\/\/7culture.ci\/wp-content\/uploads\/2022\/09\/IMG-20220813-WA0081.jpg 1080w\" sizes=\"(max-width: 1024px) 100vw, 1024px\" \/><\/figure>\n<\/figure>\n\n\n\n<p>Quand il revient en C\u00f4te d\u2019Ivoire quelques ann\u00e9es plus tard, Felguessy est animateur radio notamment \u00e0 JAM FM et \u00e0 radio ATM. En 2012, il met fin \u00e0 ce tremplin de la radio. Mais il ne l\u00e2che pas le micro car il s&#8217;affiche d\u00e9sormais comme animateur free-lance et pr\u00e9sentateur d\u2019\u00e9v\u00e9nementiel. Toujours \u00e0 la qu\u00eate de nouvelles connaissances, Felguessy se forme en 2016 comme administrateur culturel par le festival \u2018\u2019Un pas vers l&#8217;avant\u2019\u2019 \u00e0 l&#8217;Institut fran\u00e7ais sur recommandation du chor\u00e9graphe Nestor Gah\u00e9. Ce qui lui permet de cr\u00e9er plus tard la compagnie de danse \u2018\u2019 Kawouanh\u2019\u2019 avec une amie danseuse.<\/p>\n\n\n\n<p>Par Omar AK<\/p>\n","protected":false},"excerpt":{"rendered":"<p>Dans le paysage musical ivoirien, il faudra d\u00e9sormais composer avec Felguessy. C\u2019est un nouvel artiste qui se d\u00e9cline comme la nouvelle star de la musique moderne s\u00e9noufo. De l&#8217;afro-pop \u00e0 la musique \u00e9lectronique, Felguessy chante en s\u00e9noufo, en malink\u00e9, en fran\u00e7ais et en anglais. Sa musique jazzy est le fruit d\u2019une alchimie r\u00e9ussie des instruments &hellip;<\/p>\n<p class=\"read-more\"> <a class=\"\" href=\"https:\/\/7culture.ci\/index.php\/2022\/09\/02\/felguessy-la-nouvelle-voix-du-poro\/\"> <span class=\"screen-reader-text\">Felguessy, la nouvelle voix du Poro<\/span> Lire la suite\u00a0\u00bb<\/a><\/p>\n","protected":false},"author":1,"featured_media":23634,"comment_status":"open","ping_status":"open","sticky":false,"template":"","format":"standard","meta":{"_mi_skip_tracking":false,"_monsterinsights_sitenote_active":false,"_monsterinsights_sitenote_note":"","_monsterinsights_sitenote_category":0,"site-sidebar-layout":"default","site-content-layout":"default","ast-global-header-display":"","ast-main-header-display":"","ast-hfb-above-header-display":"","ast-hfb-below-header-display":"","ast-hfb-mobile-header-display":"","site-post-title":"","ast-breadcrumbs-content":"","ast-featured-img":"","footer-sml-layout":"","theme-transparent-header-meta":"","adv-header-id-meta":"","stick-header-meta":"","header-above-stick-meta":"","header-main-stick-meta":"","header-below-stick-meta":"","footnotes":"","jetpack_publicize_message":"","jetpack_is_tweetstorm":false,"jetpack_publicize_feature_enabled":true},"categories":[16],"tags":[],"jetpack_publicize_connections":[],"acf":[],"aioseo_notices":[],"yoast_head":"<!-- This site is optimized with the Yoast SEO plugin v19.6.1 - https:\/\/yoast.com\/wordpress\/plugins\/seo\/ -->\n<title>Felguessy, la nouvelle voix du Poro -<\/title>\n<meta name=\"robots\" content=\"index, follow, max-snippet:-1, max-image-preview:large, max-video-preview:-1\" \/>\n<link rel=\"canonical\" href=\"https:\/\/7culture.ci\/index.php\/2022\/09\/02\/felguessy-la-nouvelle-voix-du-poro\/\" \/>\n<meta property=\"og:locale\" content=\"fr_FR\" \/>\n<meta property=\"og:type\" content=\"article\" \/>\n<meta property=\"og:title\" content=\"Felguessy, la nouvelle voix du Poro -\" \/>\n<meta property=\"og:description\" content=\"Dans le paysage musical ivoirien, il faudra d\u00e9sormais composer avec Felguessy. C\u2019est un nouvel artiste qui se d\u00e9cline comme la nouvelle star de la musique moderne s\u00e9noufo. De l&#8217;afro-pop \u00e0 la musique \u00e9lectronique, Felguessy chante en s\u00e9noufo, en malink\u00e9, en fran\u00e7ais et en anglais. Sa musique jazzy est le fruit d\u2019une alchimie r\u00e9ussie des instruments &hellip; Felguessy, la nouvelle voix du Poro Lire la suite\u00a0\u00bb\" \/>\n<meta property=\"og:url\" content=\"https:\/\/7culture.ci\/index.php\/2022\/09\/02\/felguessy-la-nouvelle-voix-du-poro\/\" \/>\n<meta property=\"og:site_name\" content=\"7culture\" \/>\n<meta property=\"article:publisher\" content=\"https:\/\/www.facebook.com\/redchefclaude\" \/>\n<meta property=\"article:published_time\" content=\"2022-09-02T09:55:32+00:00\" \/>\n<meta property=\"article:modified_time\" content=\"2022-09-02T14:51:45+00:00\" \/>\n<meta property=\"og:image\" content=\"http:\/\/7culture.ci\/wp-content\/uploads\/2022\/09\/IMG-20220813-WA0080.jpg\" \/>\n\t<meta property=\"og:image:width\" content=\"1080\" \/>\n\t<meta property=\"og:image:height\" content=\"607\" \/>\n\t<meta property=\"og:image:type\" content=\"image\/jpeg\" \/>\n<meta name=\"author\" content=\"7culture2020\" \/>\n<meta name=\"twitter:card\" content=\"summary_large_image\" \/>\n<meta name=\"twitter:creator\" content=\"@7culturec\" \/>\n<meta name=\"twitter:site\" content=\"@7culturec\" \/>\n<meta name=\"twitter:label1\" content=\"\u00c9crit par\" \/>\n\t<meta name=\"twitter:data1\" content=\"7culture2020\" \/>\n\t<meta name=\"twitter:label2\" content=\"Dur\u00e9e de lecture estim\u00e9e\" \/>\n\t<meta name=\"twitter:data2\" content=\"5 minutes\" \/>\n<script type=\"application\/ld+json\" class=\"yoast-schema-graph\">{\"@context\":\"https:\/\/schema.org\",\"@graph\":[{\"@type\":\"Article\",\"@id\":\"https:\/\/7culture.ci\/index.php\/2022\/09\/02\/felguessy-la-nouvelle-voix-du-poro\/#article\",\"isPartOf\":{\"@id\":\"https:\/\/7culture.ci\/index.php\/2022\/09\/02\/felguessy-la-nouvelle-voix-du-poro\/\"},\"author\":{\"name\":\"7culture2020\",\"@id\":\"https:\/\/7culture.ci\/#\/schema\/person\/16150d28d7ef66ba788c1f87f28c4426\"},\"headline\":\"Felguessy, la nouvelle voix du Poro\",\"datePublished\":\"2022-09-02T09:55:32+00:00\",\"dateModified\":\"2022-09-02T14:51:45+00:00\",\"mainEntityOfPage\":{\"@id\":\"https:\/\/7culture.ci\/index.php\/2022\/09\/02\/felguessy-la-nouvelle-voix-du-poro\/\"},\"wordCount\":646,\"commentCount\":0,\"publisher\":{\"@id\":\"https:\/\/7culture.ci\/#organization\"},\"articleSection\":[\"Musique\"],\"inLanguage\":\"fr-FR\",\"potentialAction\":[{\"@type\":\"CommentAction\",\"name\":\"Comment\",\"target\":[\"https:\/\/7culture.ci\/index.php\/2022\/09\/02\/felguessy-la-nouvelle-voix-du-poro\/#respond\"]}]},{\"@type\":\"WebPage\",\"@id\":\"https:\/\/7culture.ci\/index.php\/2022\/09\/02\/felguessy-la-nouvelle-voix-du-poro\/\",\"url\":\"https:\/\/7culture.ci\/index.php\/2022\/09\/02\/felguessy-la-nouvelle-voix-du-poro\/\",\"name\":\"Felguessy, la nouvelle voix du Poro -\",\"isPartOf\":{\"@id\":\"https:\/\/7culture.ci\/#website\"},\"datePublished\":\"2022-09-02T09:55:32+00:00\",\"dateModified\":\"2022-09-02T14:51:45+00:00\",\"breadcrumb\":{\"@id\":\"https:\/\/7culture.ci\/index.php\/2022\/09\/02\/felguessy-la-nouvelle-voix-du-poro\/#breadcrumb\"},\"inLanguage\":\"fr-FR\",\"potentialAction\":[{\"@type\":\"ReadAction\",\"target\":[\"https:\/\/7culture.ci\/index.php\/2022\/09\/02\/felguessy-la-nouvelle-voix-du-poro\/\"]}]},{\"@type\":\"BreadcrumbList\",\"@id\":\"https:\/\/7culture.ci\/index.php\/2022\/09\/02\/felguessy-la-nouvelle-voix-du-poro\/#breadcrumb\",\"itemListElement\":[{\"@type\":\"ListItem\",\"position\":1,\"name\":\"Accueil\",\"item\":\"https:\/\/7culture.ci\/\"},{\"@type\":\"ListItem\",\"position\":2,\"name\":\"Felguessy, la nouvelle voix du Poro\"}]},{\"@type\":\"WebSite\",\"@id\":\"https:\/\/7culture.ci\/#website\",\"url\":\"https:\/\/7culture.ci\/\",\"name\":\"7culture\",\"description\":\"Tout sur l&#039;actualit\u00e9\",\"publisher\":{\"@id\":\"https:\/\/7culture.ci\/#organization\"},\"potentialAction\":[{\"@type\":\"SearchAction\",\"target\":{\"@type\":\"EntryPoint\",\"urlTemplate\":\"https:\/\/7culture.ci\/?s={search_term_string}\"},\"query-input\":\"required name=search_term_string\"}],\"inLanguage\":\"fr-FR\"},{\"@type\":\"Organization\",\"@id\":\"https:\/\/7culture.ci\/#organization\",\"name\":\"7culture\",\"url\":\"https:\/\/7culture.ci\/\",\"sameAs\":[\"https:\/\/www.facebook.com\/redchefclaude\",\"https:\/\/twitter.com\/7culturec\"],\"logo\":{\"@type\":\"ImageObject\",\"inLanguage\":\"fr-FR\",\"@id\":\"https:\/\/7culture.ci\/#\/schema\/logo\/image\/\",\"url\":\"https:\/\/7culture.ci\/wp-content\/uploads\/2021\/12\/S1a-1.png\",\"contentUrl\":\"https:\/\/7culture.ci\/wp-content\/uploads\/2021\/12\/S1a-1.png\",\"width\":588,\"height\":192,\"caption\":\"7culture\"},\"image\":{\"@id\":\"https:\/\/7culture.ci\/#\/schema\/logo\/image\/\"}},{\"@type\":\"Person\",\"@id\":\"https:\/\/7culture.ci\/#\/schema\/person\/16150d28d7ef66ba788c1f87f28c4426\",\"name\":\"7culture2020\",\"image\":{\"@type\":\"ImageObject\",\"inLanguage\":\"fr-FR\",\"@id\":\"https:\/\/7culture.ci\/#\/schema\/person\/image\/\",\"url\":\"https:\/\/secure.gravatar.com\/avatar\/9a0784f951306c37bcd065f52844ef95?s=96&d=mm&r=g\",\"contentUrl\":\"https:\/\/secure.gravatar.com\/avatar\/9a0784f951306c37bcd065f52844ef95?s=96&d=mm&r=g\",\"caption\":\"7culture2020\"},\"sameAs\":[\"http:\/\/7culture.ci\",\"Claude.kipre\"],\"url\":\"https:\/\/7culture.ci\/index.php\/author\/7culture2020\/\"}]}<\/script>\n<!-- \/ Yoast SEO plugin. -->","yoast_head_json":{"title":"Felguessy, la nouvelle voix du Poro -","robots":{"index":"index","follow":"follow","max-snippet":"max-snippet:-1","max-image-preview":"max-image-preview:large","max-video-preview":"max-video-preview:-1"},"canonical":"https:\/\/7culture.ci\/index.php\/2022\/09\/02\/felguessy-la-nouvelle-voix-du-poro\/","og_locale":"fr_FR","og_type":"article","og_title":"Felguessy, la nouvelle voix du Poro -","og_description":"Dans le paysage musical ivoirien, il faudra d\u00e9sormais composer avec Felguessy. C\u2019est un nouvel artiste qui se d\u00e9cline comme la nouvelle star de la musique moderne s\u00e9noufo. De l&#8217;afro-pop \u00e0 la musique \u00e9lectronique, Felguessy chante en s\u00e9noufo, en malink\u00e9, en fran\u00e7ais et en anglais. Sa musique jazzy est le fruit d\u2019une alchimie r\u00e9ussie des instruments &hellip; Felguessy, la nouvelle voix du Poro Lire la suite\u00a0\u00bb","og_url":"https:\/\/7culture.ci\/index.php\/2022\/09\/02\/felguessy-la-nouvelle-voix-du-poro\/","og_site_name":"7culture","article_publisher":"https:\/\/www.facebook.com\/redchefclaude","article_published_time":"2022-09-02T09:55:32+00:00","article_modified_time":"2022-09-02T14:51:45+00:00","og_image":[{"width":1080,"height":607,"url":"http:\/\/7culture.ci\/wp-content\/uploads\/2022\/09\/IMG-20220813-WA0080.jpg","type":"image\/jpeg"}],"author":"7culture2020","twitter_card":"summary_large_image","twitter_creator":"@7culturec","twitter_site":"@7culturec","twitter_misc":{"\u00c9crit par":"7culture2020","Dur\u00e9e de lecture estim\u00e9e":"5 minutes"},"schema":{"@context":"https:\/\/schema.org","@graph":[{"@type":"Article","@id":"https:\/\/7culture.ci\/index.php\/2022\/09\/02\/felguessy-la-nouvelle-voix-du-poro\/#article","isPartOf":{"@id":"https:\/\/7culture.ci\/index.php\/2022\/09\/02\/felguessy-la-nouvelle-voix-du-poro\/"},"author":{"name":"7culture2020","@id":"https:\/\/7culture.ci\/#\/schema\/person\/16150d28d7ef66ba788c1f87f28c4426"},"headline":"Felguessy, la nouvelle voix du Poro","datePublished":"2022-09-02T09:55:32+00:00","dateModified":"2022-09-02T14:51:45+00:00","mainEntityOfPage":{"@id":"https:\/\/7culture.ci\/index.php\/2022\/09\/02\/felguessy-la-nouvelle-voix-du-poro\/"},"wordCount":646,"commentCount":0,"publisher":{"@id":"https:\/\/7culture.ci\/#organization"},"articleSection":["Musique"],"inLanguage":"fr-FR","potentialAction":[{"@type":"CommentAction","name":"Comment","target":["https:\/\/7culture.ci\/index.php\/2022\/09\/02\/felguessy-la-nouvelle-voix-du-poro\/#respond"]}]},{"@type":"WebPage","@id":"https:\/\/7culture.ci\/index.php\/2022\/09\/02\/felguessy-la-nouvelle-voix-du-poro\/","url":"https:\/\/7culture.ci\/index.php\/2022\/09\/02\/felguessy-la-nouvelle-voix-du-poro\/","name":"Felguessy, la nouvelle voix du Poro -","isPartOf":{"@id":"https:\/\/7culture.ci\/#website"},"datePublished":"2022-09-02T09:55:32+00:00","dateModified":"2022-09-02T14:51:45+00:00","breadcrumb":{"@id":"https:\/\/7culture.ci\/index.php\/2022\/09\/02\/felguessy-la-nouvelle-voix-du-poro\/#breadcrumb"},"inLanguage":"fr-FR","potentialAction":[{"@type":"ReadAction","target":["https:\/\/7culture.ci\/index.php\/2022\/09\/02\/felguessy-la-nouvelle-voix-du-poro\/"]}]},{"@type":"BreadcrumbList","@id":"https:\/\/7culture.ci\/index.php\/2022\/09\/02\/felguessy-la-nouvelle-voix-du-poro\/#breadcrumb","itemListElement":[{"@type":"ListItem","position":1,"name":"Accueil","item":"https:\/\/7culture.ci\/"},{"@type":"ListItem","position":2,"name":"Felguessy, la nouvelle voix du Poro"}]},{"@type":"WebSite","@id":"https:\/\/7culture.ci\/#website","url":"https:\/\/7culture.ci\/","name":"7culture","description":"Tout sur l&#039;actualit\u00e9","publisher":{"@id":"https:\/\/7culture.ci\/#organization"},"potentialAction":[{"@type":"SearchAction","target":{"@type":"EntryPoint","urlTemplate":"https:\/\/7culture.ci\/?s={search_term_string}"},"query-input":"required name=search_term_string"}],"inLanguage":"fr-FR"},{"@type":"Organization","@id":"https:\/\/7culture.ci\/#organization","name":"7culture","url":"https:\/\/7culture.ci\/","sameAs":["https:\/\/www.facebook.com\/redchefclaude","https:\/\/twitter.com\/7culturec"],"logo":{"@type":"ImageObject","inLanguage":"fr-FR","@id":"https:\/\/7culture.ci\/#\/schema\/logo\/image\/","url":"https:\/\/7culture.ci\/wp-content\/uploads\/2021\/12\/S1a-1.png","contentUrl":"https:\/\/7culture.ci\/wp-content\/uploads\/2021\/12\/S1a-1.png","width":588,"height":192,"caption":"7culture"},"image":{"@id":"https:\/\/7culture.ci\/#\/schema\/logo\/image\/"}},{"@type":"Person","@id":"https:\/\/7culture.ci\/#\/schema\/person\/16150d28d7ef66ba788c1f87f28c4426","name":"7culture2020","image":{"@type":"ImageObject","inLanguage":"fr-FR","@id":"https:\/\/7culture.ci\/#\/schema\/person\/image\/","url":"https:\/\/secure.gravatar.com\/avatar\/9a0784f951306c37bcd065f52844ef95?s=96&d=mm&r=g","contentUrl":"https:\/\/secure.gravatar.com\/avatar\/9a0784f951306c37bcd065f52844ef95?s=96&d=mm&r=g","caption":"7culture2020"},"sameAs":["http:\/\/7culture.ci","Claude.kipre"],"url":"https:\/\/7culture.ci\/index.php\/author\/7culture2020\/"}]}},"jetpack_featured_media_url":"https:\/\/7culture.ci\/wp-content\/uploads\/2022\/09\/IMG-20220813-WA0080.jpg","jetpack_likes_enabled":true,"jetpack_sharing_enabled":true,"_links":{"self":[{"href":"https:\/\/7culture.ci\/index.php\/wp-json\/wp\/v2\/posts\/23633"}],"collection":[{"href":"https:\/\/7culture.ci\/index.php\/wp-json\/wp\/v2\/posts"}],"about":[{"href":"https:\/\/7culture.ci\/index.php\/wp-json\/wp\/v2\/types\/post"}],"author":[{"embeddable":true,"href":"https:\/\/7culture.ci\/index.php\/wp-json\/wp\/v2\/users\/1"}],"replies":[{"embeddable":true,"href":"https:\/\/7culture.ci\/index.php\/wp-json\/wp\/v2\/comments?post=23633"}],"version-history":[{"count":0,"href":"https:\/\/7culture.ci\/index.php\/wp-json\/wp\/v2\/posts\/23633\/revisions"}],"wp:featuredmedia":[{"embeddable":true,"href":"https:\/\/7culture.ci\/index.php\/wp-json\/wp\/v2\/media\/23634"}],"wp:attachment":[{"href":"https:\/\/7culture.ci\/index.php\/wp-json\/wp\/v2\/media?parent=23633"}],"wp:term":[{"taxonomy":"category","embeddable":true,"href":"https:\/\/7culture.ci\/index.php\/wp-json\/wp\/v2\/categories?post=23633"},{"taxonomy":"post_tag","embeddable":true,"href":"https:\/\/7culture.ci\/index.php\/wp-json\/wp\/v2\/tags?post=23633"}],"curies":[{"name":"wp","href":"https:\/\/api.w.org\/{rel}","templated":true}]}}