{"id":23623,"date":"2022-09-01T16:58:28","date_gmt":"2022-09-01T16:58:28","guid":{"rendered":"https:\/\/7culture.ci\/?p=23623"},"modified":"2022-09-02T09:59:00","modified_gmt":"2022-09-02T09:59:00","slug":"rti2-revele-un-super-inventeur","status":"publish","type":"post","link":"https:\/\/7culture.ci\/index.php\/2022\/09\/01\/rti2-revele-un-super-inventeur\/","title":{"rendered":"RTI2 r\u00e9v\u00e8le un super inventeur"},"content":{"rendered":"\n<p>Gr\u00e2ce au reportage de la journaliste Affissiata Karamoko Dosso qui a \u00e9t\u00e9 diffus\u00e9 sur RTI2 le 4 ao\u00fbt dernier, les capacit\u00e9s d\u2019inventeur d\u2019un jeune homme ont \u00e9t\u00e9 r\u00e9v\u00e9l\u00e9es. \u00ab&nbsp;<strong><em>Ce jeune homme de 24 ans est un talent \u00e0 l\u2019\u00e9tat pur<\/em><\/strong>&nbsp;\u00bb. C\u2019est ainsi que d\u00e9marre le gros plan sur Marcellin Kouakou Kouakou. Ce dernier n\u2019a seulement que le niveau du cours pr\u00e9paratoire 1<sup>e<\/sup> ann\u00e9e (cp1) mais \u00ab&nbsp;<strong><em>il r\u00e9ussit les inventions remarquables<\/em><\/strong>&nbsp;\u00bb. Avec des mat\u00e9riaux r\u00e9cup\u00e9r\u00e9s \u00e7\u00e0 et l\u00e0, il a mont\u00e9 une radio FM et fabriqu\u00e9 un engin \u00e0 quatre roues. Une v\u00e9ritable prouesse pour quelqu\u2019un qui n\u2019a pas fait de longues \u00e9tudes. \u00ab&nbsp;<strong><em>Je fabriquais les voitures, les torches pour les femmes. J\u2019ai aussi fabriqu\u00e9 la radio Tiendi\u00e9kro<\/em><\/strong>&nbsp;\u00bb dit-il dans le reportage et poursuit&nbsp;: \u00ab&nbsp;<strong><em>En ce moment-l\u00e0, je n\u2019avais pas de t\u00e9l\u00e9phone portable. Quand je la mets en marche et que les autres radios sont allum\u00e9es, \u00e7a les brouille et on n\u2019entend que la voix de mes amis et moi. On les perturbe<\/em><\/strong>&nbsp;\u00bb.<\/p>\n\n\n\n<p>A Tiendi\u00e9kro, situ\u00e9 \u00e0 40 km de Bouak\u00e9 dans le centre de la C\u00f4te d\u2019Ivoire, les inventions de Marcellin Kouakou Kouakou font des \u00e9mules et la fiert\u00e9 du village. \u00ab&nbsp;<strong><em>C\u2019\u00e9tait en 2008. Quand on allumait nos radios, c\u2019est lui qui intervenait sur les ondes avec ses amis et ils disaient n\u2019importe quoi. Ils racontaient leur vie et cela \u00e9nervait les populations. Mais \u00e0 la longue, on a trouv\u00e9 que c\u2019\u00e9tait int\u00e9ressant<\/em><\/strong>&nbsp;\u00bb, reconnait Guy-Michel Coulibably, cadre du village dans le reportage d\u2019Affissiata Karamoko Dosso.<\/p>\n\n\n\n<figure class=\"wp-block-gallery has-nested-images columns-default is-cropped wp-block-gallery-1 is-layout-flex wp-block-gallery-is-layout-flex\">\n<figure class=\"wp-block-image size-large\"><img loading=\"lazy\" decoding=\"async\" width=\"1024\" height=\"560\" data-id=\"23625\" src=\"https:\/\/7culture.ci\/wp-content\/uploads\/2022\/09\/WhatsApp-Image-2022-09-01-at-16.44.50-2-1024x560.jpeg\" alt=\"\" class=\"wp-image-23625\" srcset=\"https:\/\/7culture.ci\/wp-content\/uploads\/2022\/09\/WhatsApp-Image-2022-09-01-at-16.44.50-2-1024x560.jpeg 1024w, https:\/\/7culture.ci\/wp-content\/uploads\/2022\/09\/WhatsApp-Image-2022-09-01-at-16.44.50-2-300x164.jpeg 300w, https:\/\/7culture.ci\/wp-content\/uploads\/2022\/09\/WhatsApp-Image-2022-09-01-at-16.44.50-2-768x420.jpeg 768w, https:\/\/7culture.ci\/wp-content\/uploads\/2022\/09\/WhatsApp-Image-2022-09-01-at-16.44.50-2.jpeg 1080w\" sizes=\"(max-width: 1024px) 100vw, 1024px\" \/><\/figure>\n\n\n\n<figure class=\"wp-block-image size-large\"><img loading=\"lazy\" decoding=\"async\" width=\"1024\" height=\"560\" data-id=\"23626\" src=\"https:\/\/7culture.ci\/wp-content\/uploads\/2022\/09\/WhatsApp-Image-2022-09-01-at-16.44.50-1024x560.jpeg\" alt=\"\" class=\"wp-image-23626\" srcset=\"https:\/\/7culture.ci\/wp-content\/uploads\/2022\/09\/WhatsApp-Image-2022-09-01-at-16.44.50-1024x560.jpeg 1024w, https:\/\/7culture.ci\/wp-content\/uploads\/2022\/09\/WhatsApp-Image-2022-09-01-at-16.44.50-300x164.jpeg 300w, https:\/\/7culture.ci\/wp-content\/uploads\/2022\/09\/WhatsApp-Image-2022-09-01-at-16.44.50-768x420.jpeg 768w, https:\/\/7culture.ci\/wp-content\/uploads\/2022\/09\/WhatsApp-Image-2022-09-01-at-16.44.50.jpeg 1080w\" sizes=\"(max-width: 1024px) 100vw, 1024px\" \/><\/figure>\n\n\n\n<figure class=\"wp-block-image size-large\"><img loading=\"lazy\" decoding=\"async\" width=\"1024\" height=\"560\" data-id=\"23627\" src=\"https:\/\/7culture.ci\/wp-content\/uploads\/2022\/09\/WhatsApp-Image-2022-09-01-at-16.44.51-1-1024x560.jpeg\" alt=\"\" class=\"wp-image-23627\" srcset=\"https:\/\/7culture.ci\/wp-content\/uploads\/2022\/09\/WhatsApp-Image-2022-09-01-at-16.44.51-1-1024x560.jpeg 1024w, https:\/\/7culture.ci\/wp-content\/uploads\/2022\/09\/WhatsApp-Image-2022-09-01-at-16.44.51-1-300x164.jpeg 300w, https:\/\/7culture.ci\/wp-content\/uploads\/2022\/09\/WhatsApp-Image-2022-09-01-at-16.44.51-1-768x420.jpeg 768w, https:\/\/7culture.ci\/wp-content\/uploads\/2022\/09\/WhatsApp-Image-2022-09-01-at-16.44.51-1.jpeg 1080w\" sizes=\"(max-width: 1024px) 100vw, 1024px\" \/><\/figure>\n<\/figure>\n\n\n\n<p>Marcellin Kouakou a baptis\u00e9 sa voiture \u2018\u2019Ivemarce\u2019\u2019, en r\u00e9f\u00e9rence \u00e0 Ivoire, son pays et Marcellin, son pr\u00e9nom. Elle a \u00e9t\u00e9 mont\u00e9e avec du mat\u00e9riel ramass\u00e9 \u00e7\u00e0 et l\u00e0. \u00ab<strong><em>L\u2019id\u00e9e est venue de moi-m\u00eame. Quand je gagne un peu d\u2019argent, je vais acheter de petits m\u00e9taux ici ou \u00e0 Bouak\u00e9. (\u2026) Le t\u00e9l\u00e9phone portable est son tableau de bord&nbsp;<\/em><\/strong>\u00bb, dit-il. L\u2019engin sans toit roule bien m\u00eame si son inventeur n\u2019a pas encore le permis de conduire.<\/p>\n\n\n\n<p>Au d\u00e9part de son projet, c\u2019est sa grande s\u0153ur qui l\u2019aidait \u00e0 acheter les mati\u00e8res dont il a besoin. Malheureusement, cette derni\u00e8re est d\u00e9c\u00e9d\u00e9e, il y a quelques jours. \u00ab&nbsp;<strong><em>J\u2019ai besoin de bonnes volont\u00e9s pour m\u2019aider \u00e0 continuer mes travaux<\/em><\/strong>&nbsp;\u00bb, sollicite-t-il sur les antennes de RTI2.<\/p>\n\n\n\n<figure class=\"wp-block-gallery has-nested-images columns-default is-cropped wp-block-gallery-2 is-layout-flex wp-block-gallery-is-layout-flex\">\n<figure class=\"wp-block-image size-large\"><img loading=\"lazy\" decoding=\"async\" width=\"1024\" height=\"560\" data-id=\"23628\" src=\"https:\/\/7culture.ci\/wp-content\/uploads\/2022\/09\/WhatsApp-Image-2022-09-01-at-16.44.51-2-1024x560.jpeg\" alt=\"\" class=\"wp-image-23628\" srcset=\"https:\/\/7culture.ci\/wp-content\/uploads\/2022\/09\/WhatsApp-Image-2022-09-01-at-16.44.51-2-1024x560.jpeg 1024w, https:\/\/7culture.ci\/wp-content\/uploads\/2022\/09\/WhatsApp-Image-2022-09-01-at-16.44.51-2-300x164.jpeg 300w, https:\/\/7culture.ci\/wp-content\/uploads\/2022\/09\/WhatsApp-Image-2022-09-01-at-16.44.51-2-768x420.jpeg 768w, https:\/\/7culture.ci\/wp-content\/uploads\/2022\/09\/WhatsApp-Image-2022-09-01-at-16.44.51-2.jpeg 1080w\" sizes=\"(max-width: 1024px) 100vw, 1024px\" \/><\/figure>\n\n\n\n<figure class=\"wp-block-image size-large\"><img loading=\"lazy\" decoding=\"async\" width=\"1024\" height=\"560\" data-id=\"23629\" src=\"https:\/\/7culture.ci\/wp-content\/uploads\/2022\/09\/WhatsApp-Image-2022-09-01-at-16.44.51-3-1024x560.jpeg\" alt=\"\" class=\"wp-image-23629\" srcset=\"https:\/\/7culture.ci\/wp-content\/uploads\/2022\/09\/WhatsApp-Image-2022-09-01-at-16.44.51-3-1024x560.jpeg 1024w, https:\/\/7culture.ci\/wp-content\/uploads\/2022\/09\/WhatsApp-Image-2022-09-01-at-16.44.51-3-300x164.jpeg 300w, https:\/\/7culture.ci\/wp-content\/uploads\/2022\/09\/WhatsApp-Image-2022-09-01-at-16.44.51-3-768x420.jpeg 768w, https:\/\/7culture.ci\/wp-content\/uploads\/2022\/09\/WhatsApp-Image-2022-09-01-at-16.44.51-3.jpeg 1080w\" sizes=\"(max-width: 1024px) 100vw, 1024px\" \/><\/figure>\n\n\n\n<figure class=\"wp-block-image size-large\"><img loading=\"lazy\" decoding=\"async\" width=\"1024\" height=\"560\" data-id=\"23630\" src=\"https:\/\/7culture.ci\/wp-content\/uploads\/2022\/09\/WhatsApp-Image-2022-09-01-at-16.44.52-1-1024x560.jpeg\" alt=\"\" class=\"wp-image-23630\" srcset=\"https:\/\/7culture.ci\/wp-content\/uploads\/2022\/09\/WhatsApp-Image-2022-09-01-at-16.44.52-1-1024x560.jpeg 1024w, https:\/\/7culture.ci\/wp-content\/uploads\/2022\/09\/WhatsApp-Image-2022-09-01-at-16.44.52-1-300x164.jpeg 300w, https:\/\/7culture.ci\/wp-content\/uploads\/2022\/09\/WhatsApp-Image-2022-09-01-at-16.44.52-1-768x420.jpeg 768w, https:\/\/7culture.ci\/wp-content\/uploads\/2022\/09\/WhatsApp-Image-2022-09-01-at-16.44.52-1.jpeg 1080w\" sizes=\"(max-width: 1024px) 100vw, 1024px\" \/><\/figure>\n<\/figure>\n\n\n\n<p>Heureusement, l\u2019appel du jeune savant est tomb\u00e9 dans de bonnes oreilles. C\u2019est d\u2019abord le maire de Tiendi\u00e9kro Casimir Bhorey Yao qui a r\u00e9agi positivement \u00e0 sa demande. M. Yao a d\u00e9cid\u00e9 de lui offrir le permis de conduire. Et plus encore, c\u2019est le directeur de l\u2019Institut National Polytechnique F\u00e9lix Houphou\u00ebt-Boigny (INP-HB) qui est charm\u00e9 par le talent de Marcellin Kouakou Kouakou. M. Moussa Abdoul Kader Diaby et une importante d\u00e9l\u00e9gation de l\u2019\u00e9tablissement sup\u00e9rieur d\u2019\u00e9lite, sont all\u00e9s visiter le laboratoire de l\u2019inventeur dans son village de Tiendi\u00e9kro. Ensuite, Marcellin Kouakou s\u2019est rendu dans les laboratoires de l\u2019INP-HB. La bonne nouvelle, c\u2019est que Marcellin Kouakou Kouakou rejoindra l\u2019\u00e9tablissement technique de prestige de la C\u00f4te d\u2019Ivoire \u00e0 la rentr\u00e9e prochaine.<\/p>\n\n\n\n<p>Malgr\u00e9 sa grande intelligence, Marcellin Kouakoua Kouakou est tr\u00e8s croyant. Il voit la main de Dieu dans tout ce qu\u2019il fait.<\/p>\n","protected":false},"excerpt":{"rendered":"<p>Gr\u00e2ce au reportage de la journaliste Affissiata Karamoko Dosso qui a \u00e9t\u00e9 diffus\u00e9 sur RTI2 le 4 ao\u00fbt dernier, les capacit\u00e9s d\u2019inventeur d\u2019un jeune homme ont \u00e9t\u00e9 r\u00e9v\u00e9l\u00e9es. \u00ab&nbsp;Ce jeune homme de 24 ans est un talent \u00e0 l\u2019\u00e9tat pur&nbsp;\u00bb. C\u2019est ainsi que d\u00e9marre le gros plan sur Marcellin Kouakou Kouakou. Ce dernier n\u2019a seulement &hellip;<\/p>\n<p class=\"read-more\"> <a class=\"\" href=\"https:\/\/7culture.ci\/index.php\/2022\/09\/01\/rti2-revele-un-super-inventeur\/\"> <span class=\"screen-reader-text\">RTI2 r\u00e9v\u00e8le un super inventeur<\/span> Lire la suite\u00a0\u00bb<\/a><\/p>\n","protected":false},"author":1,"featured_media":23624,"comment_status":"open","ping_status":"open","sticky":false,"template":"","format":"standard","meta":{"_mi_skip_tracking":false,"_monsterinsights_sitenote_active":false,"_monsterinsights_sitenote_note":"","_monsterinsights_sitenote_category":0,"site-sidebar-layout":"default","site-content-layout":"default","ast-global-header-display":"","ast-main-header-display":"","ast-hfb-above-header-display":"","ast-hfb-below-header-display":"","ast-hfb-mobile-header-display":"","site-post-title":"","ast-breadcrumbs-content":"","ast-featured-img":"","footer-sml-layout":"","theme-transparent-header-meta":"","adv-header-id-meta":"","stick-header-meta":"","header-above-stick-meta":"","header-main-stick-meta":"","header-below-stick-meta":"","footnotes":"","jetpack_publicize_message":"","jetpack_is_tweetstorm":false,"jetpack_publicize_feature_enabled":true},"categories":[22],"tags":[],"jetpack_publicize_connections":[],"acf":[],"aioseo_notices":[],"yoast_head":"<!-- This site is optimized with the Yoast SEO plugin v19.6.1 - https:\/\/yoast.com\/wordpress\/plugins\/seo\/ -->\n<title>RTI2 r\u00e9v\u00e8le un super inventeur - 7culture<\/title>\n<meta name=\"robots\" content=\"index, follow, max-snippet:-1, max-image-preview:large, max-video-preview:-1\" \/>\n<link rel=\"canonical\" href=\"https:\/\/7culture.ci\/index.php\/2022\/09\/01\/rti2-revele-un-super-inventeur\/\" \/>\n<meta property=\"og:locale\" content=\"fr_FR\" \/>\n<meta property=\"og:type\" content=\"article\" \/>\n<meta property=\"og:title\" content=\"RTI2 r\u00e9v\u00e8le un super inventeur - 7culture\" \/>\n<meta property=\"og:description\" content=\"Gr\u00e2ce au reportage de la journaliste Affissiata Karamoko Dosso qui a \u00e9t\u00e9 diffus\u00e9 sur RTI2 le 4 ao\u00fbt dernier, les capacit\u00e9s d\u2019inventeur d\u2019un jeune homme ont \u00e9t\u00e9 r\u00e9v\u00e9l\u00e9es. \u00ab&nbsp;Ce jeune homme de 24 ans est un talent \u00e0 l\u2019\u00e9tat pur&nbsp;\u00bb. C\u2019est ainsi que d\u00e9marre le gros plan sur Marcellin Kouakou Kouakou. Ce dernier n\u2019a seulement &hellip; RTI2 r\u00e9v\u00e8le un super inventeur Lire la suite\u00a0\u00bb\" \/>\n<meta property=\"og:url\" content=\"https:\/\/7culture.ci\/index.php\/2022\/09\/01\/rti2-revele-un-super-inventeur\/\" \/>\n<meta property=\"og:site_name\" content=\"7culture\" \/>\n<meta property=\"article:publisher\" content=\"https:\/\/www.facebook.com\/redchefclaude\" \/>\n<meta property=\"article:published_time\" content=\"2022-09-01T16:58:28+00:00\" \/>\n<meta property=\"article:modified_time\" content=\"2022-09-02T09:59:00+00:00\" \/>\n<meta property=\"og:image\" content=\"http:\/\/7culture.ci\/wp-content\/uploads\/2022\/09\/le-Dg-de-lINP-HB-et-Kouakou.jpeg\" \/>\n\t<meta property=\"og:image:width\" content=\"1080\" \/>\n\t<meta property=\"og:image:height\" content=\"621\" \/>\n\t<meta property=\"og:image:type\" content=\"image\/jpeg\" \/>\n<meta name=\"author\" content=\"7culture2020\" \/>\n<meta name=\"twitter:card\" content=\"summary_large_image\" \/>\n<meta name=\"twitter:creator\" content=\"@7culturec\" \/>\n<meta name=\"twitter:site\" content=\"@7culturec\" \/>\n<meta name=\"twitter:label1\" content=\"\u00c9crit par\" \/>\n\t<meta name=\"twitter:data1\" content=\"7culture2020\" \/>\n\t<meta name=\"twitter:label2\" content=\"Dur\u00e9e de lecture estim\u00e9e\" \/>\n\t<meta name=\"twitter:data2\" content=\"4 minutes\" \/>\n<script type=\"application\/ld+json\" class=\"yoast-schema-graph\">{\"@context\":\"https:\/\/schema.org\",\"@graph\":[{\"@type\":\"Article\",\"@id\":\"https:\/\/7culture.ci\/index.php\/2022\/09\/01\/rti2-revele-un-super-inventeur\/#article\",\"isPartOf\":{\"@id\":\"https:\/\/7culture.ci\/index.php\/2022\/09\/01\/rti2-revele-un-super-inventeur\/\"},\"author\":{\"name\":\"7culture2020\",\"@id\":\"https:\/\/7culture.ci\/#\/schema\/person\/16150d28d7ef66ba788c1f87f28c4426\"},\"headline\":\"RTI2 r\u00e9v\u00e8le un super inventeur\",\"datePublished\":\"2022-09-01T16:58:28+00:00\",\"dateModified\":\"2022-09-02T09:59:00+00:00\",\"mainEntityOfPage\":{\"@id\":\"https:\/\/7culture.ci\/index.php\/2022\/09\/01\/rti2-revele-un-super-inventeur\/\"},\"wordCount\":600,\"commentCount\":0,\"publisher\":{\"@id\":\"https:\/\/7culture.ci\/#organization\"},\"articleSection\":[\"Actualit\u00e9\"],\"inLanguage\":\"fr-FR\",\"potentialAction\":[{\"@type\":\"CommentAction\",\"name\":\"Comment\",\"target\":[\"https:\/\/7culture.ci\/index.php\/2022\/09\/01\/rti2-revele-un-super-inventeur\/#respond\"]}]},{\"@type\":\"WebPage\",\"@id\":\"https:\/\/7culture.ci\/index.php\/2022\/09\/01\/rti2-revele-un-super-inventeur\/\",\"url\":\"https:\/\/7culture.ci\/index.php\/2022\/09\/01\/rti2-revele-un-super-inventeur\/\",\"name\":\"RTI2 r\u00e9v\u00e8le un super inventeur - 7culture\",\"isPartOf\":{\"@id\":\"https:\/\/7culture.ci\/#website\"},\"datePublished\":\"2022-09-01T16:58:28+00:00\",\"dateModified\":\"2022-09-02T09:59:00+00:00\",\"breadcrumb\":{\"@id\":\"https:\/\/7culture.ci\/index.php\/2022\/09\/01\/rti2-revele-un-super-inventeur\/#breadcrumb\"},\"inLanguage\":\"fr-FR\",\"potentialAction\":[{\"@type\":\"ReadAction\",\"target\":[\"https:\/\/7culture.ci\/index.php\/2022\/09\/01\/rti2-revele-un-super-inventeur\/\"]}]},{\"@type\":\"BreadcrumbList\",\"@id\":\"https:\/\/7culture.ci\/index.php\/2022\/09\/01\/rti2-revele-un-super-inventeur\/#breadcrumb\",\"itemListElement\":[{\"@type\":\"ListItem\",\"position\":1,\"name\":\"Accueil\",\"item\":\"https:\/\/7culture.ci\/\"},{\"@type\":\"ListItem\",\"position\":2,\"name\":\"RTI2 r\u00e9v\u00e8le un super inventeur\"}]},{\"@type\":\"WebSite\",\"@id\":\"https:\/\/7culture.ci\/#website\",\"url\":\"https:\/\/7culture.ci\/\",\"name\":\"7culture\",\"description\":\"Tout sur l&#039;actualit\u00e9\",\"publisher\":{\"@id\":\"https:\/\/7culture.ci\/#organization\"},\"potentialAction\":[{\"@type\":\"SearchAction\",\"target\":{\"@type\":\"EntryPoint\",\"urlTemplate\":\"https:\/\/7culture.ci\/?s={search_term_string}\"},\"query-input\":\"required name=search_term_string\"}],\"inLanguage\":\"fr-FR\"},{\"@type\":\"Organization\",\"@id\":\"https:\/\/7culture.ci\/#organization\",\"name\":\"7culture\",\"url\":\"https:\/\/7culture.ci\/\",\"sameAs\":[\"https:\/\/www.facebook.com\/redchefclaude\",\"https:\/\/twitter.com\/7culturec\"],\"logo\":{\"@type\":\"ImageObject\",\"inLanguage\":\"fr-FR\",\"@id\":\"https:\/\/7culture.ci\/#\/schema\/logo\/image\/\",\"url\":\"https:\/\/7culture.ci\/wp-content\/uploads\/2021\/12\/S1a-1.png\",\"contentUrl\":\"https:\/\/7culture.ci\/wp-content\/uploads\/2021\/12\/S1a-1.png\",\"width\":588,\"height\":192,\"caption\":\"7culture\"},\"image\":{\"@id\":\"https:\/\/7culture.ci\/#\/schema\/logo\/image\/\"}},{\"@type\":\"Person\",\"@id\":\"https:\/\/7culture.ci\/#\/schema\/person\/16150d28d7ef66ba788c1f87f28c4426\",\"name\":\"7culture2020\",\"image\":{\"@type\":\"ImageObject\",\"inLanguage\":\"fr-FR\",\"@id\":\"https:\/\/7culture.ci\/#\/schema\/person\/image\/\",\"url\":\"https:\/\/secure.gravatar.com\/avatar\/9a0784f951306c37bcd065f52844ef95?s=96&d=mm&r=g\",\"contentUrl\":\"https:\/\/secure.gravatar.com\/avatar\/9a0784f951306c37bcd065f52844ef95?s=96&d=mm&r=g\",\"caption\":\"7culture2020\"},\"sameAs\":[\"http:\/\/7culture.ci\",\"Claude.kipre\"],\"url\":\"https:\/\/7culture.ci\/index.php\/author\/7culture2020\/\"}]}<\/script>\n<!-- \/ Yoast SEO plugin. -->","yoast_head_json":{"title":"RTI2 r\u00e9v\u00e8le un super inventeur - 7culture","robots":{"index":"index","follow":"follow","max-snippet":"max-snippet:-1","max-image-preview":"max-image-preview:large","max-video-preview":"max-video-preview:-1"},"canonical":"https:\/\/7culture.ci\/index.php\/2022\/09\/01\/rti2-revele-un-super-inventeur\/","og_locale":"fr_FR","og_type":"article","og_title":"RTI2 r\u00e9v\u00e8le un super inventeur - 7culture","og_description":"Gr\u00e2ce au reportage de la journaliste Affissiata Karamoko Dosso qui a \u00e9t\u00e9 diffus\u00e9 sur RTI2 le 4 ao\u00fbt dernier, les capacit\u00e9s d\u2019inventeur d\u2019un jeune homme ont \u00e9t\u00e9 r\u00e9v\u00e9l\u00e9es. \u00ab&nbsp;Ce jeune homme de 24 ans est un talent \u00e0 l\u2019\u00e9tat pur&nbsp;\u00bb. C\u2019est ainsi que d\u00e9marre le gros plan sur Marcellin Kouakou Kouakou. Ce dernier n\u2019a seulement &hellip; RTI2 r\u00e9v\u00e8le un super inventeur Lire la suite\u00a0\u00bb","og_url":"https:\/\/7culture.ci\/index.php\/2022\/09\/01\/rti2-revele-un-super-inventeur\/","og_site_name":"7culture","article_publisher":"https:\/\/www.facebook.com\/redchefclaude","article_published_time":"2022-09-01T16:58:28+00:00","article_modified_time":"2022-09-02T09:59:00+00:00","og_image":[{"width":1080,"height":621,"url":"http:\/\/7culture.ci\/wp-content\/uploads\/2022\/09\/le-Dg-de-lINP-HB-et-Kouakou.jpeg","type":"image\/jpeg"}],"author":"7culture2020","twitter_card":"summary_large_image","twitter_creator":"@7culturec","twitter_site":"@7culturec","twitter_misc":{"\u00c9crit par":"7culture2020","Dur\u00e9e de lecture estim\u00e9e":"4 minutes"},"schema":{"@context":"https:\/\/schema.org","@graph":[{"@type":"Article","@id":"https:\/\/7culture.ci\/index.php\/2022\/09\/01\/rti2-revele-un-super-inventeur\/#article","isPartOf":{"@id":"https:\/\/7culture.ci\/index.php\/2022\/09\/01\/rti2-revele-un-super-inventeur\/"},"author":{"name":"7culture2020","@id":"https:\/\/7culture.ci\/#\/schema\/person\/16150d28d7ef66ba788c1f87f28c4426"},"headline":"RTI2 r\u00e9v\u00e8le un super inventeur","datePublished":"2022-09-01T16:58:28+00:00","dateModified":"2022-09-02T09:59:00+00:00","mainEntityOfPage":{"@id":"https:\/\/7culture.ci\/index.php\/2022\/09\/01\/rti2-revele-un-super-inventeur\/"},"wordCount":600,"commentCount":0,"publisher":{"@id":"https:\/\/7culture.ci\/#organization"},"articleSection":["Actualit\u00e9"],"inLanguage":"fr-FR","potentialAction":[{"@type":"CommentAction","name":"Comment","target":["https:\/\/7culture.ci\/index.php\/2022\/09\/01\/rti2-revele-un-super-inventeur\/#respond"]}]},{"@type":"WebPage","@id":"https:\/\/7culture.ci\/index.php\/2022\/09\/01\/rti2-revele-un-super-inventeur\/","url":"https:\/\/7culture.ci\/index.php\/2022\/09\/01\/rti2-revele-un-super-inventeur\/","name":"RTI2 r\u00e9v\u00e8le un super inventeur - 7culture","isPartOf":{"@id":"https:\/\/7culture.ci\/#website"},"datePublished":"2022-09-01T16:58:28+00:00","dateModified":"2022-09-02T09:59:00+00:00","breadcrumb":{"@id":"https:\/\/7culture.ci\/index.php\/2022\/09\/01\/rti2-revele-un-super-inventeur\/#breadcrumb"},"inLanguage":"fr-FR","potentialAction":[{"@type":"ReadAction","target":["https:\/\/7culture.ci\/index.php\/2022\/09\/01\/rti2-revele-un-super-inventeur\/"]}]},{"@type":"BreadcrumbList","@id":"https:\/\/7culture.ci\/index.php\/2022\/09\/01\/rti2-revele-un-super-inventeur\/#breadcrumb","itemListElement":[{"@type":"ListItem","position":1,"name":"Accueil","item":"https:\/\/7culture.ci\/"},{"@type":"ListItem","position":2,"name":"RTI2 r\u00e9v\u00e8le un super inventeur"}]},{"@type":"WebSite","@id":"https:\/\/7culture.ci\/#website","url":"https:\/\/7culture.ci\/","name":"7culture","description":"Tout sur l&#039;actualit\u00e9","publisher":{"@id":"https:\/\/7culture.ci\/#organization"},"potentialAction":[{"@type":"SearchAction","target":{"@type":"EntryPoint","urlTemplate":"https:\/\/7culture.ci\/?s={search_term_string}"},"query-input":"required name=search_term_string"}],"inLanguage":"fr-FR"},{"@type":"Organization","@id":"https:\/\/7culture.ci\/#organization","name":"7culture","url":"https:\/\/7culture.ci\/","sameAs":["https:\/\/www.facebook.com\/redchefclaude","https:\/\/twitter.com\/7culturec"],"logo":{"@type":"ImageObject","inLanguage":"fr-FR","@id":"https:\/\/7culture.ci\/#\/schema\/logo\/image\/","url":"https:\/\/7culture.ci\/wp-content\/uploads\/2021\/12\/S1a-1.png","contentUrl":"https:\/\/7culture.ci\/wp-content\/uploads\/2021\/12\/S1a-1.png","width":588,"height":192,"caption":"7culture"},"image":{"@id":"https:\/\/7culture.ci\/#\/schema\/logo\/image\/"}},{"@type":"Person","@id":"https:\/\/7culture.ci\/#\/schema\/person\/16150d28d7ef66ba788c1f87f28c4426","name":"7culture2020","image":{"@type":"ImageObject","inLanguage":"fr-FR","@id":"https:\/\/7culture.ci\/#\/schema\/person\/image\/","url":"https:\/\/secure.gravatar.com\/avatar\/9a0784f951306c37bcd065f52844ef95?s=96&d=mm&r=g","contentUrl":"https:\/\/secure.gravatar.com\/avatar\/9a0784f951306c37bcd065f52844ef95?s=96&d=mm&r=g","caption":"7culture2020"},"sameAs":["http:\/\/7culture.ci","Claude.kipre"],"url":"https:\/\/7culture.ci\/index.php\/author\/7culture2020\/"}]}},"jetpack_featured_media_url":"https:\/\/7culture.ci\/wp-content\/uploads\/2022\/09\/le-Dg-de-lINP-HB-et-Kouakou.jpeg","jetpack_likes_enabled":true,"jetpack_sharing_enabled":true,"_links":{"self":[{"href":"https:\/\/7culture.ci\/index.php\/wp-json\/wp\/v2\/posts\/23623"}],"collection":[{"href":"https:\/\/7culture.ci\/index.php\/wp-json\/wp\/v2\/posts"}],"about":[{"href":"https:\/\/7culture.ci\/index.php\/wp-json\/wp\/v2\/types\/post"}],"author":[{"embeddable":true,"href":"https:\/\/7culture.ci\/index.php\/wp-json\/wp\/v2\/users\/1"}],"replies":[{"embeddable":true,"href":"https:\/\/7culture.ci\/index.php\/wp-json\/wp\/v2\/comments?post=23623"}],"version-history":[{"count":0,"href":"https:\/\/7culture.ci\/index.php\/wp-json\/wp\/v2\/posts\/23623\/revisions"}],"wp:featuredmedia":[{"embeddable":true,"href":"https:\/\/7culture.ci\/index.php\/wp-json\/wp\/v2\/media\/23624"}],"wp:attachment":[{"href":"https:\/\/7culture.ci\/index.php\/wp-json\/wp\/v2\/media?parent=23623"}],"wp:term":[{"taxonomy":"category","embeddable":true,"href":"https:\/\/7culture.ci\/index.php\/wp-json\/wp\/v2\/categories?post=23623"},{"taxonomy":"post_tag","embeddable":true,"href":"https:\/\/7culture.ci\/index.php\/wp-json\/wp\/v2\/tags?post=23623"}],"curies":[{"name":"wp","href":"https:\/\/api.w.org\/{rel}","templated":true}]}}