{"id":23610,"date":"2022-09-01T14:05:47","date_gmt":"2022-09-01T14:05:47","guid":{"rendered":"https:\/\/7culture.ci\/?p=23610"},"modified":"2022-09-01T15:09:01","modified_gmt":"2022-09-01T15:09:01","slug":"yode-et-siro-apportent-leur-soutien-aux-49-soldats-ivoiriens-detenus-au-mali","status":"publish","type":"post","link":"https:\/\/7culture.ci\/index.php\/2022\/09\/01\/yode-et-siro-apportent-leur-soutien-aux-49-soldats-ivoiriens-detenus-au-mali\/","title":{"rendered":"Yod\u00e9 et Siro apportent leur soutien aux 49 soldats ivoiriens d\u00e9tenus au Mali"},"content":{"rendered":"\n<p>Le c\u00e9l\u00e8bre groupe zouglou, Yod\u00e9 et Siro, a fait sortir une chanson en l\u2019honneur des 49 soldats ivoiriens d\u00e9tenus au Mali depuis le 10 juillet 2022.<\/p>\n\n\n\n<p>Dans ce single intitul\u00e9 \u2018\u2019&nbsp;Les 49\u2019\u2019 et produit par Universal Music Africa, le duo de choc zouglouman apporte son soutien \u00e0 ces militaires ivoiriens incarc\u00e9r\u00e9s dans les ge\u00f4les maliennes tout en les rassurant de l\u2019implication de la diplomatie ivoirienne dans cette affaire. <strong>\u00ab&nbsp;<em>Ce sont nos commandos, jamais la patrie ne va vous abandonner, notre diplomatie fera tout et pour tout. Mais jamais au d\u00e9triment de votre mission qui est de prot\u00e9ger la population<\/em> \u00bb, <\/strong>ont-ils affirm\u00e9s dans la chanson publi\u00e9e le mardi 30 ao\u00fbt dernier sur le compte YouTube d\u2019Universal Music Africa.<\/p>\n\n\n\n<figure class=\"wp-block-gallery has-nested-images columns-default is-cropped wp-block-gallery-1 is-layout-flex wp-block-gallery-is-layout-flex\">\n<figure class=\"wp-block-image size-large\"><img loading=\"lazy\" decoding=\"async\" width=\"720\" height=\"302\" data-id=\"23612\" src=\"https:\/\/7culture.ci\/wp-content\/uploads\/2022\/09\/WhatsApp-Image-2022-09-01-at-13.35.24.jpeg\" alt=\"\" class=\"wp-image-23612\" srcset=\"https:\/\/7culture.ci\/wp-content\/uploads\/2022\/09\/WhatsApp-Image-2022-09-01-at-13.35.24.jpeg 720w, https:\/\/7culture.ci\/wp-content\/uploads\/2022\/09\/WhatsApp-Image-2022-09-01-at-13.35.24-300x126.jpeg 300w\" sizes=\"(max-width: 720px) 100vw, 720px\" \/><\/figure>\n\n\n\n<figure class=\"wp-block-image size-large\"><img loading=\"lazy\" decoding=\"async\" width=\"720\" height=\"346\" data-id=\"23613\" src=\"https:\/\/7culture.ci\/wp-content\/uploads\/2022\/09\/WhatsApp-Image-2022-09-01-at-13.35.25-1.jpeg\" alt=\"\" class=\"wp-image-23613\" srcset=\"https:\/\/7culture.ci\/wp-content\/uploads\/2022\/09\/WhatsApp-Image-2022-09-01-at-13.35.25-1.jpeg 720w, https:\/\/7culture.ci\/wp-content\/uploads\/2022\/09\/WhatsApp-Image-2022-09-01-at-13.35.25-1-300x144.jpeg 300w\" sizes=\"(max-width: 720px) 100vw, 720px\" \/><\/figure>\n\n\n\n<figure class=\"wp-block-image size-large\"><img loading=\"lazy\" decoding=\"async\" width=\"720\" height=\"361\" data-id=\"23614\" src=\"https:\/\/7culture.ci\/wp-content\/uploads\/2022\/09\/WhatsApp-Image-2022-09-01-at-13.35.25.jpeg\" alt=\"\" class=\"wp-image-23614\" srcset=\"https:\/\/7culture.ci\/wp-content\/uploads\/2022\/09\/WhatsApp-Image-2022-09-01-at-13.35.25.jpeg 720w, https:\/\/7culture.ci\/wp-content\/uploads\/2022\/09\/WhatsApp-Image-2022-09-01-at-13.35.25-300x150.jpeg 300w\" sizes=\"(max-width: 720px) 100vw, 720px\" \/><\/figure>\n<\/figure>\n\n\n\n<p>En quatre minutes, Yod\u00e9 et Siro rappellent les relations qui existent entre le Mali et la C\u00f4te d\u2019Ivoire, deux pays voisins, en soutenant que&nbsp;: <strong>\u00ab <em>Ce sont les rivi\u00e8res voisines qui \u00e9changent les poissons. Ivoiriens et maliens ne sont pas que des voisins, mais ils sont issus de deux pays fr\u00e8res. On est ivoirien et malien, on est malien et ivoirien&nbsp;\u00bb<\/em>.<\/strong><\/p>\n\n\n\n<p>Cette \u0153uvre traduit ainsi l\u2019engagement de ce groupe et de sa maison de production \u00e0 \u0153uvrer pour la promotion de la paix et pour l\u2019apaisement de la situation tendue entre la C\u00f4te d\u2019Ivoire et le Mali.<\/p>\n\n\n\n<p>Thierry Samuel<\/p>\n","protected":false},"excerpt":{"rendered":"<p>Le c\u00e9l\u00e8bre groupe zouglou, Yod\u00e9 et Siro, a fait sortir une chanson en l\u2019honneur des 49 soldats ivoiriens d\u00e9tenus au Mali depuis le 10 juillet 2022. Dans ce single intitul\u00e9 \u2018\u2019&nbsp;Les 49\u2019\u2019 et produit par Universal Music Africa, le duo de choc zouglouman apporte son soutien \u00e0 ces militaires ivoiriens incarc\u00e9r\u00e9s dans les ge\u00f4les maliennes &hellip;<\/p>\n<p class=\"read-more\"> <a class=\"\" href=\"https:\/\/7culture.ci\/index.php\/2022\/09\/01\/yode-et-siro-apportent-leur-soutien-aux-49-soldats-ivoiriens-detenus-au-mali\/\"> <span class=\"screen-reader-text\">Yod\u00e9 et Siro apportent leur soutien aux 49 soldats ivoiriens d\u00e9tenus au Mali<\/span> Lire la suite\u00a0\u00bb<\/a><\/p>\n","protected":false},"author":1,"featured_media":23611,"comment_status":"open","ping_status":"open","sticky":false,"template":"","format":"standard","meta":{"_mi_skip_tracking":false,"_monsterinsights_sitenote_active":false,"_monsterinsights_sitenote_note":"","_monsterinsights_sitenote_category":0,"site-sidebar-layout":"default","site-content-layout":"default","ast-global-header-display":"","ast-main-header-display":"","ast-hfb-above-header-display":"","ast-hfb-below-header-display":"","ast-hfb-mobile-header-display":"","site-post-title":"","ast-breadcrumbs-content":"","ast-featured-img":"","footer-sml-layout":"","theme-transparent-header-meta":"","adv-header-id-meta":"","stick-header-meta":"","header-above-stick-meta":"","header-main-stick-meta":"","header-below-stick-meta":"","footnotes":"","jetpack_publicize_message":"","jetpack_is_tweetstorm":false,"jetpack_publicize_feature_enabled":true},"categories":[16],"tags":[],"jetpack_publicize_connections":[],"acf":[],"aioseo_notices":[],"yoast_head":"<!-- This site is optimized with the Yoast SEO plugin v19.6.1 - https:\/\/yoast.com\/wordpress\/plugins\/seo\/ -->\n<title>Yod\u00e9 et Siro apportent leur soutien aux 49 soldats ivoiriens d\u00e9tenus au Mali -<\/title>\n<meta name=\"robots\" content=\"index, follow, max-snippet:-1, max-image-preview:large, max-video-preview:-1\" \/>\n<link rel=\"canonical\" href=\"https:\/\/7culture.ci\/index.php\/2022\/09\/01\/yode-et-siro-apportent-leur-soutien-aux-49-soldats-ivoiriens-detenus-au-mali\/\" \/>\n<meta property=\"og:locale\" content=\"fr_FR\" \/>\n<meta property=\"og:type\" content=\"article\" \/>\n<meta property=\"og:title\" content=\"Yod\u00e9 et Siro apportent leur soutien aux 49 soldats ivoiriens d\u00e9tenus au Mali -\" \/>\n<meta property=\"og:description\" content=\"Le c\u00e9l\u00e8bre groupe zouglou, Yod\u00e9 et Siro, a fait sortir une chanson en l\u2019honneur des 49 soldats ivoiriens d\u00e9tenus au Mali depuis le 10 juillet 2022. Dans ce single intitul\u00e9 \u2018\u2019&nbsp;Les 49\u2019\u2019 et produit par Universal Music Africa, le duo de choc zouglouman apporte son soutien \u00e0 ces militaires ivoiriens incarc\u00e9r\u00e9s dans les ge\u00f4les maliennes &hellip; Yod\u00e9 et Siro apportent leur soutien aux 49 soldats ivoiriens d\u00e9tenus au Mali Lire la suite\u00a0\u00bb\" \/>\n<meta property=\"og:url\" content=\"https:\/\/7culture.ci\/index.php\/2022\/09\/01\/yode-et-siro-apportent-leur-soutien-aux-49-soldats-ivoiriens-detenus-au-mali\/\" \/>\n<meta property=\"og:site_name\" content=\"7culture\" \/>\n<meta property=\"article:publisher\" content=\"https:\/\/www.facebook.com\/redchefclaude\" \/>\n<meta property=\"article:published_time\" content=\"2022-09-01T14:05:47+00:00\" \/>\n<meta property=\"article:modified_time\" content=\"2022-09-01T15:09:01+00:00\" \/>\n<meta property=\"og:image\" content=\"http:\/\/7culture.ci\/wp-content\/uploads\/2022\/09\/yes2.jpg\" \/>\n\t<meta property=\"og:image:width\" content=\"761\" \/>\n\t<meta property=\"og:image:height\" content=\"500\" \/>\n\t<meta property=\"og:image:type\" content=\"image\/jpeg\" \/>\n<meta name=\"author\" content=\"7culture2020\" \/>\n<meta name=\"twitter:card\" content=\"summary_large_image\" \/>\n<meta name=\"twitter:creator\" content=\"@7culturec\" \/>\n<meta name=\"twitter:site\" content=\"@7culturec\" \/>\n<meta name=\"twitter:label1\" content=\"\u00c9crit par\" \/>\n\t<meta name=\"twitter:data1\" content=\"7culture2020\" \/>\n\t<meta name=\"twitter:label2\" content=\"Dur\u00e9e de lecture estim\u00e9e\" \/>\n\t<meta name=\"twitter:data2\" content=\"2 minutes\" \/>\n<script type=\"application\/ld+json\" class=\"yoast-schema-graph\">{\"@context\":\"https:\/\/schema.org\",\"@graph\":[{\"@type\":\"Article\",\"@id\":\"https:\/\/7culture.ci\/index.php\/2022\/09\/01\/yode-et-siro-apportent-leur-soutien-aux-49-soldats-ivoiriens-detenus-au-mali\/#article\",\"isPartOf\":{\"@id\":\"https:\/\/7culture.ci\/index.php\/2022\/09\/01\/yode-et-siro-apportent-leur-soutien-aux-49-soldats-ivoiriens-detenus-au-mali\/\"},\"author\":{\"name\":\"7culture2020\",\"@id\":\"https:\/\/7culture.ci\/#\/schema\/person\/16150d28d7ef66ba788c1f87f28c4426\"},\"headline\":\"Yod\u00e9 et Siro apportent leur soutien aux 49 soldats ivoiriens d\u00e9tenus au Mali\",\"datePublished\":\"2022-09-01T14:05:47+00:00\",\"dateModified\":\"2022-09-01T15:09:01+00:00\",\"mainEntityOfPage\":{\"@id\":\"https:\/\/7culture.ci\/index.php\/2022\/09\/01\/yode-et-siro-apportent-leur-soutien-aux-49-soldats-ivoiriens-detenus-au-mali\/\"},\"wordCount\":247,\"commentCount\":0,\"publisher\":{\"@id\":\"https:\/\/7culture.ci\/#organization\"},\"articleSection\":[\"Musique\"],\"inLanguage\":\"fr-FR\",\"potentialAction\":[{\"@type\":\"CommentAction\",\"name\":\"Comment\",\"target\":[\"https:\/\/7culture.ci\/index.php\/2022\/09\/01\/yode-et-siro-apportent-leur-soutien-aux-49-soldats-ivoiriens-detenus-au-mali\/#respond\"]}]},{\"@type\":\"WebPage\",\"@id\":\"https:\/\/7culture.ci\/index.php\/2022\/09\/01\/yode-et-siro-apportent-leur-soutien-aux-49-soldats-ivoiriens-detenus-au-mali\/\",\"url\":\"https:\/\/7culture.ci\/index.php\/2022\/09\/01\/yode-et-siro-apportent-leur-soutien-aux-49-soldats-ivoiriens-detenus-au-mali\/\",\"name\":\"Yod\u00e9 et Siro apportent leur soutien aux 49 soldats ivoiriens d\u00e9tenus au Mali -\",\"isPartOf\":{\"@id\":\"https:\/\/7culture.ci\/#website\"},\"datePublished\":\"2022-09-01T14:05:47+00:00\",\"dateModified\":\"2022-09-01T15:09:01+00:00\",\"breadcrumb\":{\"@id\":\"https:\/\/7culture.ci\/index.php\/2022\/09\/01\/yode-et-siro-apportent-leur-soutien-aux-49-soldats-ivoiriens-detenus-au-mali\/#breadcrumb\"},\"inLanguage\":\"fr-FR\",\"potentialAction\":[{\"@type\":\"ReadAction\",\"target\":[\"https:\/\/7culture.ci\/index.php\/2022\/09\/01\/yode-et-siro-apportent-leur-soutien-aux-49-soldats-ivoiriens-detenus-au-mali\/\"]}]},{\"@type\":\"BreadcrumbList\",\"@id\":\"https:\/\/7culture.ci\/index.php\/2022\/09\/01\/yode-et-siro-apportent-leur-soutien-aux-49-soldats-ivoiriens-detenus-au-mali\/#breadcrumb\",\"itemListElement\":[{\"@type\":\"ListItem\",\"position\":1,\"name\":\"Accueil\",\"item\":\"https:\/\/7culture.ci\/\"},{\"@type\":\"ListItem\",\"position\":2,\"name\":\"Yod\u00e9 et Siro apportent leur soutien aux 49 soldats ivoiriens d\u00e9tenus au Mali\"}]},{\"@type\":\"WebSite\",\"@id\":\"https:\/\/7culture.ci\/#website\",\"url\":\"https:\/\/7culture.ci\/\",\"name\":\"7culture\",\"description\":\"Tout sur l&#039;actualit\u00e9\",\"publisher\":{\"@id\":\"https:\/\/7culture.ci\/#organization\"},\"potentialAction\":[{\"@type\":\"SearchAction\",\"target\":{\"@type\":\"EntryPoint\",\"urlTemplate\":\"https:\/\/7culture.ci\/?s={search_term_string}\"},\"query-input\":\"required name=search_term_string\"}],\"inLanguage\":\"fr-FR\"},{\"@type\":\"Organization\",\"@id\":\"https:\/\/7culture.ci\/#organization\",\"name\":\"7culture\",\"url\":\"https:\/\/7culture.ci\/\",\"sameAs\":[\"https:\/\/www.facebook.com\/redchefclaude\",\"https:\/\/twitter.com\/7culturec\"],\"logo\":{\"@type\":\"ImageObject\",\"inLanguage\":\"fr-FR\",\"@id\":\"https:\/\/7culture.ci\/#\/schema\/logo\/image\/\",\"url\":\"https:\/\/7culture.ci\/wp-content\/uploads\/2021\/12\/S1a-1.png\",\"contentUrl\":\"https:\/\/7culture.ci\/wp-content\/uploads\/2021\/12\/S1a-1.png\",\"width\":588,\"height\":192,\"caption\":\"7culture\"},\"image\":{\"@id\":\"https:\/\/7culture.ci\/#\/schema\/logo\/image\/\"}},{\"@type\":\"Person\",\"@id\":\"https:\/\/7culture.ci\/#\/schema\/person\/16150d28d7ef66ba788c1f87f28c4426\",\"name\":\"7culture2020\",\"image\":{\"@type\":\"ImageObject\",\"inLanguage\":\"fr-FR\",\"@id\":\"https:\/\/7culture.ci\/#\/schema\/person\/image\/\",\"url\":\"https:\/\/secure.gravatar.com\/avatar\/9a0784f951306c37bcd065f52844ef95?s=96&d=mm&r=g\",\"contentUrl\":\"https:\/\/secure.gravatar.com\/avatar\/9a0784f951306c37bcd065f52844ef95?s=96&d=mm&r=g\",\"caption\":\"7culture2020\"},\"sameAs\":[\"http:\/\/7culture.ci\",\"Claude.kipre\"],\"url\":\"https:\/\/7culture.ci\/index.php\/author\/7culture2020\/\"}]}<\/script>\n<!-- \/ Yoast SEO plugin. -->","yoast_head_json":{"title":"Yod\u00e9 et Siro apportent leur soutien aux 49 soldats ivoiriens d\u00e9tenus au Mali -","robots":{"index":"index","follow":"follow","max-snippet":"max-snippet:-1","max-image-preview":"max-image-preview:large","max-video-preview":"max-video-preview:-1"},"canonical":"https:\/\/7culture.ci\/index.php\/2022\/09\/01\/yode-et-siro-apportent-leur-soutien-aux-49-soldats-ivoiriens-detenus-au-mali\/","og_locale":"fr_FR","og_type":"article","og_title":"Yod\u00e9 et Siro apportent leur soutien aux 49 soldats ivoiriens d\u00e9tenus au Mali -","og_description":"Le c\u00e9l\u00e8bre groupe zouglou, Yod\u00e9 et Siro, a fait sortir une chanson en l\u2019honneur des 49 soldats ivoiriens d\u00e9tenus au Mali depuis le 10 juillet 2022. Dans ce single intitul\u00e9 \u2018\u2019&nbsp;Les 49\u2019\u2019 et produit par Universal Music Africa, le duo de choc zouglouman apporte son soutien \u00e0 ces militaires ivoiriens incarc\u00e9r\u00e9s dans les ge\u00f4les maliennes &hellip; Yod\u00e9 et Siro apportent leur soutien aux 49 soldats ivoiriens d\u00e9tenus au Mali Lire la suite\u00a0\u00bb","og_url":"https:\/\/7culture.ci\/index.php\/2022\/09\/01\/yode-et-siro-apportent-leur-soutien-aux-49-soldats-ivoiriens-detenus-au-mali\/","og_site_name":"7culture","article_publisher":"https:\/\/www.facebook.com\/redchefclaude","article_published_time":"2022-09-01T14:05:47+00:00","article_modified_time":"2022-09-01T15:09:01+00:00","og_image":[{"width":761,"height":500,"url":"http:\/\/7culture.ci\/wp-content\/uploads\/2022\/09\/yes2.jpg","type":"image\/jpeg"}],"author":"7culture2020","twitter_card":"summary_large_image","twitter_creator":"@7culturec","twitter_site":"@7culturec","twitter_misc":{"\u00c9crit par":"7culture2020","Dur\u00e9e de lecture estim\u00e9e":"2 minutes"},"schema":{"@context":"https:\/\/schema.org","@graph":[{"@type":"Article","@id":"https:\/\/7culture.ci\/index.php\/2022\/09\/01\/yode-et-siro-apportent-leur-soutien-aux-49-soldats-ivoiriens-detenus-au-mali\/#article","isPartOf":{"@id":"https:\/\/7culture.ci\/index.php\/2022\/09\/01\/yode-et-siro-apportent-leur-soutien-aux-49-soldats-ivoiriens-detenus-au-mali\/"},"author":{"name":"7culture2020","@id":"https:\/\/7culture.ci\/#\/schema\/person\/16150d28d7ef66ba788c1f87f28c4426"},"headline":"Yod\u00e9 et Siro apportent leur soutien aux 49 soldats ivoiriens d\u00e9tenus au Mali","datePublished":"2022-09-01T14:05:47+00:00","dateModified":"2022-09-01T15:09:01+00:00","mainEntityOfPage":{"@id":"https:\/\/7culture.ci\/index.php\/2022\/09\/01\/yode-et-siro-apportent-leur-soutien-aux-49-soldats-ivoiriens-detenus-au-mali\/"},"wordCount":247,"commentCount":0,"publisher":{"@id":"https:\/\/7culture.ci\/#organization"},"articleSection":["Musique"],"inLanguage":"fr-FR","potentialAction":[{"@type":"CommentAction","name":"Comment","target":["https:\/\/7culture.ci\/index.php\/2022\/09\/01\/yode-et-siro-apportent-leur-soutien-aux-49-soldats-ivoiriens-detenus-au-mali\/#respond"]}]},{"@type":"WebPage","@id":"https:\/\/7culture.ci\/index.php\/2022\/09\/01\/yode-et-siro-apportent-leur-soutien-aux-49-soldats-ivoiriens-detenus-au-mali\/","url":"https:\/\/7culture.ci\/index.php\/2022\/09\/01\/yode-et-siro-apportent-leur-soutien-aux-49-soldats-ivoiriens-detenus-au-mali\/","name":"Yod\u00e9 et Siro apportent leur soutien aux 49 soldats ivoiriens d\u00e9tenus au Mali -","isPartOf":{"@id":"https:\/\/7culture.ci\/#website"},"datePublished":"2022-09-01T14:05:47+00:00","dateModified":"2022-09-01T15:09:01+00:00","breadcrumb":{"@id":"https:\/\/7culture.ci\/index.php\/2022\/09\/01\/yode-et-siro-apportent-leur-soutien-aux-49-soldats-ivoiriens-detenus-au-mali\/#breadcrumb"},"inLanguage":"fr-FR","potentialAction":[{"@type":"ReadAction","target":["https:\/\/7culture.ci\/index.php\/2022\/09\/01\/yode-et-siro-apportent-leur-soutien-aux-49-soldats-ivoiriens-detenus-au-mali\/"]}]},{"@type":"BreadcrumbList","@id":"https:\/\/7culture.ci\/index.php\/2022\/09\/01\/yode-et-siro-apportent-leur-soutien-aux-49-soldats-ivoiriens-detenus-au-mali\/#breadcrumb","itemListElement":[{"@type":"ListItem","position":1,"name":"Accueil","item":"https:\/\/7culture.ci\/"},{"@type":"ListItem","position":2,"name":"Yod\u00e9 et Siro apportent leur soutien aux 49 soldats ivoiriens d\u00e9tenus au Mali"}]},{"@type":"WebSite","@id":"https:\/\/7culture.ci\/#website","url":"https:\/\/7culture.ci\/","name":"7culture","description":"Tout sur l&#039;actualit\u00e9","publisher":{"@id":"https:\/\/7culture.ci\/#organization"},"potentialAction":[{"@type":"SearchAction","target":{"@type":"EntryPoint","urlTemplate":"https:\/\/7culture.ci\/?s={search_term_string}"},"query-input":"required name=search_term_string"}],"inLanguage":"fr-FR"},{"@type":"Organization","@id":"https:\/\/7culture.ci\/#organization","name":"7culture","url":"https:\/\/7culture.ci\/","sameAs":["https:\/\/www.facebook.com\/redchefclaude","https:\/\/twitter.com\/7culturec"],"logo":{"@type":"ImageObject","inLanguage":"fr-FR","@id":"https:\/\/7culture.ci\/#\/schema\/logo\/image\/","url":"https:\/\/7culture.ci\/wp-content\/uploads\/2021\/12\/S1a-1.png","contentUrl":"https:\/\/7culture.ci\/wp-content\/uploads\/2021\/12\/S1a-1.png","width":588,"height":192,"caption":"7culture"},"image":{"@id":"https:\/\/7culture.ci\/#\/schema\/logo\/image\/"}},{"@type":"Person","@id":"https:\/\/7culture.ci\/#\/schema\/person\/16150d28d7ef66ba788c1f87f28c4426","name":"7culture2020","image":{"@type":"ImageObject","inLanguage":"fr-FR","@id":"https:\/\/7culture.ci\/#\/schema\/person\/image\/","url":"https:\/\/secure.gravatar.com\/avatar\/9a0784f951306c37bcd065f52844ef95?s=96&d=mm&r=g","contentUrl":"https:\/\/secure.gravatar.com\/avatar\/9a0784f951306c37bcd065f52844ef95?s=96&d=mm&r=g","caption":"7culture2020"},"sameAs":["http:\/\/7culture.ci","Claude.kipre"],"url":"https:\/\/7culture.ci\/index.php\/author\/7culture2020\/"}]}},"jetpack_featured_media_url":"https:\/\/7culture.ci\/wp-content\/uploads\/2022\/09\/yes2.jpg","jetpack_likes_enabled":true,"jetpack_sharing_enabled":true,"_links":{"self":[{"href":"https:\/\/7culture.ci\/index.php\/wp-json\/wp\/v2\/posts\/23610"}],"collection":[{"href":"https:\/\/7culture.ci\/index.php\/wp-json\/wp\/v2\/posts"}],"about":[{"href":"https:\/\/7culture.ci\/index.php\/wp-json\/wp\/v2\/types\/post"}],"author":[{"embeddable":true,"href":"https:\/\/7culture.ci\/index.php\/wp-json\/wp\/v2\/users\/1"}],"replies":[{"embeddable":true,"href":"https:\/\/7culture.ci\/index.php\/wp-json\/wp\/v2\/comments?post=23610"}],"version-history":[{"count":0,"href":"https:\/\/7culture.ci\/index.php\/wp-json\/wp\/v2\/posts\/23610\/revisions"}],"wp:featuredmedia":[{"embeddable":true,"href":"https:\/\/7culture.ci\/index.php\/wp-json\/wp\/v2\/media\/23611"}],"wp:attachment":[{"href":"https:\/\/7culture.ci\/index.php\/wp-json\/wp\/v2\/media?parent=23610"}],"wp:term":[{"taxonomy":"category","embeddable":true,"href":"https:\/\/7culture.ci\/index.php\/wp-json\/wp\/v2\/categories?post=23610"},{"taxonomy":"post_tag","embeddable":true,"href":"https:\/\/7culture.ci\/index.php\/wp-json\/wp\/v2\/tags?post=23610"}],"curies":[{"name":"wp","href":"https:\/\/api.w.org\/{rel}","templated":true}]}}