{"id":23529,"date":"2022-08-29T11:16:55","date_gmt":"2022-08-29T11:16:55","guid":{"rendered":"https:\/\/7culture.ci\/?p=23529"},"modified":"2022-08-29T12:15:17","modified_gmt":"2022-08-29T12:15:17","slug":"gg-leopoldine-ladieu-le-3-septembre-2022-a-port-bouet","status":"publish","type":"post","link":"https:\/\/7culture.ci\/index.php\/2022\/08\/29\/gg-leopoldine-ladieu-le-3-septembre-2022-a-port-bouet\/","title":{"rendered":"GG L\u00e9opoldine\u00a0: l\u2019adieu le 3 septembre 2022 \u00e0 Port-Bou\u00ebt"},"content":{"rendered":"\n<p>Les obs\u00e8ques de GG L\u00e9opoldine ont d\u00e9but\u00e9. Rappel\u00e9e \u00e0 Dieu le mercredi 3 ao\u00fbt dernier, les fun\u00e9railles de de l\u2019artiste commencent ce lundi avec la pr\u00e9sentation des condol\u00e9ances \u00e0 la famille \u00e9plor\u00e9e au domicile familial \u00e0 Angr\u00e9 Ch\u00e2teau.<\/p>\n\n\n\n<p>Des hommages sont pr\u00e9vus par les proches et amis de la d\u00e9funte afin de lui dire au revoir dans cet ultime voyage sans retour qu\u2019elle a entrepris. Ainsi donc, une&nbsp;&nbsp; veill\u00e9e religieuse sera effectu\u00e9e en l\u2019honneur de GG L\u00e9opoldine le vendredi 2 septembre 2022 de 19h \u00e0 21h \u00e0 Ivosep Treichville. Une deuxi\u00e8me veill\u00e9e, purement artistique et traditionnelle, cette fois, aura lieu \u00e0 la m\u00eame date, de 22H \u00e0 l\u2019aube, au stade de Cocody Angr\u00e9. L\u2019ain\u00e9e de la chanteuse Tiane sera conduite \u00e0 sa derni\u00e8re demeure le samedi 3 septembre 2022 au cimeti\u00e8re municipal de Port-Bou\u00ebt apr\u00e8s la lev\u00e9e de corps qui se tiendra \u00e0 Ivosep Treichville.<\/p>\n\n\n\n<div class=\"wp-block-image\"><figure class=\"aligncenter size-full\"><img loading=\"lazy\" decoding=\"async\" width=\"480\" height=\"360\" src=\"https:\/\/7culture.ci\/wp-content\/uploads\/2022\/08\/GG-Leopoldine2-1.jpg\" alt=\"\" class=\"wp-image-23531\" srcset=\"https:\/\/7culture.ci\/wp-content\/uploads\/2022\/08\/GG-Leopoldine2-1.jpg 480w, https:\/\/7culture.ci\/wp-content\/uploads\/2022\/08\/GG-Leopoldine2-1-300x225.jpg 300w\" sizes=\"(max-width: 480px) 100vw, 480px\" \/><\/figure><\/div>\n\n\n\n<p>Pour rappel, L\u00e9opoldine Goussivi Gb\u00e9d\u00e9vi est d\u00e9c\u00e9d\u00e9e des suites d\u2019une longue maladie \u00e0 l\u2019H\u00f4pital Militaire d\u2019Abidjan (HMA). Elle s\u2019est impos\u00e9e dans le milieu musical ivoirien par la qualit\u00e9 de son travail. Ces titres tels que \u2018\u2019Wal\u00e9 Goupia\u2019\u2019, &nbsp;\u2018\u2019Allez pousser\u2019\u2019, \u2018\u2019Lekin\u00e9\u2019\u2019, \u2018\u2019N\u2019klowo\u2019\u2019 ont fait vibrer les m\u00e9lomanes. Avant d\u2019\u00eatre artiste, compositrice et interpr\u00e8te, elle fut handballeuse professionnelle.<\/p>\n\n\n\n<p>Thierry Samuel<\/p>\n","protected":false},"excerpt":{"rendered":"<p>Les obs\u00e8ques de GG L\u00e9opoldine ont d\u00e9but\u00e9. Rappel\u00e9e \u00e0 Dieu le mercredi 3 ao\u00fbt dernier, les fun\u00e9railles de de l\u2019artiste commencent ce lundi avec la pr\u00e9sentation des condol\u00e9ances \u00e0 la famille \u00e9plor\u00e9e au domicile familial \u00e0 Angr\u00e9 Ch\u00e2teau. Des hommages sont pr\u00e9vus par les proches et amis de la d\u00e9funte afin de lui dire au &hellip;<\/p>\n<p class=\"read-more\"> <a class=\"\" href=\"https:\/\/7culture.ci\/index.php\/2022\/08\/29\/gg-leopoldine-ladieu-le-3-septembre-2022-a-port-bouet\/\"> <span class=\"screen-reader-text\">GG L\u00e9opoldine\u00a0: l\u2019adieu le 3 septembre 2022 \u00e0 Port-Bou\u00ebt<\/span> Lire la suite\u00a0\u00bb<\/a><\/p>\n","protected":false},"author":1,"featured_media":23530,"comment_status":"open","ping_status":"open","sticky":false,"template":"","format":"standard","meta":{"_mi_skip_tracking":false,"_monsterinsights_sitenote_active":false,"_monsterinsights_sitenote_note":"","_monsterinsights_sitenote_category":0,"site-sidebar-layout":"default","site-content-layout":"default","ast-global-header-display":"","ast-main-header-display":"","ast-hfb-above-header-display":"","ast-hfb-below-header-display":"","ast-hfb-mobile-header-display":"","site-post-title":"","ast-breadcrumbs-content":"","ast-featured-img":"","footer-sml-layout":"","theme-transparent-header-meta":"","adv-header-id-meta":"","stick-header-meta":"","header-above-stick-meta":"","header-main-stick-meta":"","header-below-stick-meta":"","footnotes":"","jetpack_publicize_message":"","jetpack_is_tweetstorm":false,"jetpack_publicize_feature_enabled":true},"categories":[22],"tags":[],"jetpack_publicize_connections":[],"acf":[],"aioseo_notices":[],"yoast_head":"<!-- This site is optimized with the Yoast SEO plugin v19.6.1 - https:\/\/yoast.com\/wordpress\/plugins\/seo\/ -->\n<title>GG L\u00e9opoldine\u00a0: l\u2019adieu le 3 septembre 2022 \u00e0 Port-Bou\u00ebt -<\/title>\n<meta name=\"robots\" content=\"index, follow, max-snippet:-1, max-image-preview:large, max-video-preview:-1\" \/>\n<link rel=\"canonical\" href=\"https:\/\/7culture.ci\/index.php\/2022\/08\/29\/gg-leopoldine-ladieu-le-3-septembre-2022-a-port-bouet\/\" \/>\n<meta property=\"og:locale\" content=\"fr_FR\" \/>\n<meta property=\"og:type\" content=\"article\" \/>\n<meta property=\"og:title\" content=\"GG L\u00e9opoldine\u00a0: l\u2019adieu le 3 septembre 2022 \u00e0 Port-Bou\u00ebt -\" \/>\n<meta property=\"og:description\" content=\"Les obs\u00e8ques de GG L\u00e9opoldine ont d\u00e9but\u00e9. Rappel\u00e9e \u00e0 Dieu le mercredi 3 ao\u00fbt dernier, les fun\u00e9railles de de l\u2019artiste commencent ce lundi avec la pr\u00e9sentation des condol\u00e9ances \u00e0 la famille \u00e9plor\u00e9e au domicile familial \u00e0 Angr\u00e9 Ch\u00e2teau. Des hommages sont pr\u00e9vus par les proches et amis de la d\u00e9funte afin de lui dire au &hellip; GG L\u00e9opoldine\u00a0: l\u2019adieu le 3 septembre 2022 \u00e0 Port-Bou\u00ebt Lire la suite\u00a0\u00bb\" \/>\n<meta property=\"og:url\" content=\"https:\/\/7culture.ci\/index.php\/2022\/08\/29\/gg-leopoldine-ladieu-le-3-septembre-2022-a-port-bouet\/\" \/>\n<meta property=\"og:site_name\" content=\"7culture\" \/>\n<meta property=\"article:publisher\" content=\"https:\/\/www.facebook.com\/redchefclaude\" \/>\n<meta property=\"article:published_time\" content=\"2022-08-29T11:16:55+00:00\" \/>\n<meta property=\"article:modified_time\" content=\"2022-08-29T12:15:17+00:00\" \/>\n<meta property=\"og:image\" content=\"http:\/\/7culture.ci\/wp-content\/uploads\/2022\/08\/GG-Leopoldine1-2.jpg\" \/>\n\t<meta property=\"og:image:width\" content=\"552\" \/>\n\t<meta property=\"og:image:height\" content=\"514\" \/>\n\t<meta property=\"og:image:type\" content=\"image\/jpeg\" \/>\n<meta name=\"author\" content=\"7culture2020\" \/>\n<meta name=\"twitter:card\" content=\"summary_large_image\" \/>\n<meta name=\"twitter:creator\" content=\"@7culturec\" \/>\n<meta name=\"twitter:site\" content=\"@7culturec\" \/>\n<meta name=\"twitter:label1\" content=\"\u00c9crit par\" \/>\n\t<meta name=\"twitter:data1\" content=\"7culture2020\" \/>\n\t<meta name=\"twitter:label2\" content=\"Dur\u00e9e de lecture estim\u00e9e\" \/>\n\t<meta name=\"twitter:data2\" content=\"2 minutes\" \/>\n<script type=\"application\/ld+json\" class=\"yoast-schema-graph\">{\"@context\":\"https:\/\/schema.org\",\"@graph\":[{\"@type\":\"Article\",\"@id\":\"https:\/\/7culture.ci\/index.php\/2022\/08\/29\/gg-leopoldine-ladieu-le-3-septembre-2022-a-port-bouet\/#article\",\"isPartOf\":{\"@id\":\"https:\/\/7culture.ci\/index.php\/2022\/08\/29\/gg-leopoldine-ladieu-le-3-septembre-2022-a-port-bouet\/\"},\"author\":{\"name\":\"7culture2020\",\"@id\":\"https:\/\/7culture.ci\/#\/schema\/person\/16150d28d7ef66ba788c1f87f28c4426\"},\"headline\":\"GG L\u00e9opoldine\u00a0: l\u2019adieu le 3 septembre 2022 \u00e0 Port-Bou\u00ebt\",\"datePublished\":\"2022-08-29T11:16:55+00:00\",\"dateModified\":\"2022-08-29T12:15:17+00:00\",\"mainEntityOfPage\":{\"@id\":\"https:\/\/7culture.ci\/index.php\/2022\/08\/29\/gg-leopoldine-ladieu-le-3-septembre-2022-a-port-bouet\/\"},\"wordCount\":245,\"commentCount\":0,\"publisher\":{\"@id\":\"https:\/\/7culture.ci\/#organization\"},\"articleSection\":[\"Actualit\u00e9\"],\"inLanguage\":\"fr-FR\",\"potentialAction\":[{\"@type\":\"CommentAction\",\"name\":\"Comment\",\"target\":[\"https:\/\/7culture.ci\/index.php\/2022\/08\/29\/gg-leopoldine-ladieu-le-3-septembre-2022-a-port-bouet\/#respond\"]}]},{\"@type\":\"WebPage\",\"@id\":\"https:\/\/7culture.ci\/index.php\/2022\/08\/29\/gg-leopoldine-ladieu-le-3-septembre-2022-a-port-bouet\/\",\"url\":\"https:\/\/7culture.ci\/index.php\/2022\/08\/29\/gg-leopoldine-ladieu-le-3-septembre-2022-a-port-bouet\/\",\"name\":\"GG L\u00e9opoldine\u00a0: l\u2019adieu le 3 septembre 2022 \u00e0 Port-Bou\u00ebt -\",\"isPartOf\":{\"@id\":\"https:\/\/7culture.ci\/#website\"},\"datePublished\":\"2022-08-29T11:16:55+00:00\",\"dateModified\":\"2022-08-29T12:15:17+00:00\",\"breadcrumb\":{\"@id\":\"https:\/\/7culture.ci\/index.php\/2022\/08\/29\/gg-leopoldine-ladieu-le-3-septembre-2022-a-port-bouet\/#breadcrumb\"},\"inLanguage\":\"fr-FR\",\"potentialAction\":[{\"@type\":\"ReadAction\",\"target\":[\"https:\/\/7culture.ci\/index.php\/2022\/08\/29\/gg-leopoldine-ladieu-le-3-septembre-2022-a-port-bouet\/\"]}]},{\"@type\":\"BreadcrumbList\",\"@id\":\"https:\/\/7culture.ci\/index.php\/2022\/08\/29\/gg-leopoldine-ladieu-le-3-septembre-2022-a-port-bouet\/#breadcrumb\",\"itemListElement\":[{\"@type\":\"ListItem\",\"position\":1,\"name\":\"Accueil\",\"item\":\"https:\/\/7culture.ci\/\"},{\"@type\":\"ListItem\",\"position\":2,\"name\":\"GG L\u00e9opoldine\u00a0: l\u2019adieu le 3 septembre 2022 \u00e0 Port-Bou\u00ebt\"}]},{\"@type\":\"WebSite\",\"@id\":\"https:\/\/7culture.ci\/#website\",\"url\":\"https:\/\/7culture.ci\/\",\"name\":\"7culture\",\"description\":\"Tout sur l&#039;actualit\u00e9\",\"publisher\":{\"@id\":\"https:\/\/7culture.ci\/#organization\"},\"potentialAction\":[{\"@type\":\"SearchAction\",\"target\":{\"@type\":\"EntryPoint\",\"urlTemplate\":\"https:\/\/7culture.ci\/?s={search_term_string}\"},\"query-input\":\"required name=search_term_string\"}],\"inLanguage\":\"fr-FR\"},{\"@type\":\"Organization\",\"@id\":\"https:\/\/7culture.ci\/#organization\",\"name\":\"7culture\",\"url\":\"https:\/\/7culture.ci\/\",\"sameAs\":[\"https:\/\/www.facebook.com\/redchefclaude\",\"https:\/\/twitter.com\/7culturec\"],\"logo\":{\"@type\":\"ImageObject\",\"inLanguage\":\"fr-FR\",\"@id\":\"https:\/\/7culture.ci\/#\/schema\/logo\/image\/\",\"url\":\"https:\/\/7culture.ci\/wp-content\/uploads\/2021\/12\/S1a-1.png\",\"contentUrl\":\"https:\/\/7culture.ci\/wp-content\/uploads\/2021\/12\/S1a-1.png\",\"width\":588,\"height\":192,\"caption\":\"7culture\"},\"image\":{\"@id\":\"https:\/\/7culture.ci\/#\/schema\/logo\/image\/\"}},{\"@type\":\"Person\",\"@id\":\"https:\/\/7culture.ci\/#\/schema\/person\/16150d28d7ef66ba788c1f87f28c4426\",\"name\":\"7culture2020\",\"image\":{\"@type\":\"ImageObject\",\"inLanguage\":\"fr-FR\",\"@id\":\"https:\/\/7culture.ci\/#\/schema\/person\/image\/\",\"url\":\"https:\/\/secure.gravatar.com\/avatar\/9a0784f951306c37bcd065f52844ef95?s=96&d=mm&r=g\",\"contentUrl\":\"https:\/\/secure.gravatar.com\/avatar\/9a0784f951306c37bcd065f52844ef95?s=96&d=mm&r=g\",\"caption\":\"7culture2020\"},\"sameAs\":[\"http:\/\/7culture.ci\",\"Claude.kipre\"],\"url\":\"https:\/\/7culture.ci\/index.php\/author\/7culture2020\/\"}]}<\/script>\n<!-- \/ Yoast SEO plugin. -->","yoast_head_json":{"title":"GG L\u00e9opoldine\u00a0: l\u2019adieu le 3 septembre 2022 \u00e0 Port-Bou\u00ebt -","robots":{"index":"index","follow":"follow","max-snippet":"max-snippet:-1","max-image-preview":"max-image-preview:large","max-video-preview":"max-video-preview:-1"},"canonical":"https:\/\/7culture.ci\/index.php\/2022\/08\/29\/gg-leopoldine-ladieu-le-3-septembre-2022-a-port-bouet\/","og_locale":"fr_FR","og_type":"article","og_title":"GG L\u00e9opoldine\u00a0: l\u2019adieu le 3 septembre 2022 \u00e0 Port-Bou\u00ebt -","og_description":"Les obs\u00e8ques de GG L\u00e9opoldine ont d\u00e9but\u00e9. Rappel\u00e9e \u00e0 Dieu le mercredi 3 ao\u00fbt dernier, les fun\u00e9railles de de l\u2019artiste commencent ce lundi avec la pr\u00e9sentation des condol\u00e9ances \u00e0 la famille \u00e9plor\u00e9e au domicile familial \u00e0 Angr\u00e9 Ch\u00e2teau. Des hommages sont pr\u00e9vus par les proches et amis de la d\u00e9funte afin de lui dire au &hellip; GG L\u00e9opoldine\u00a0: l\u2019adieu le 3 septembre 2022 \u00e0 Port-Bou\u00ebt Lire la suite\u00a0\u00bb","og_url":"https:\/\/7culture.ci\/index.php\/2022\/08\/29\/gg-leopoldine-ladieu-le-3-septembre-2022-a-port-bouet\/","og_site_name":"7culture","article_publisher":"https:\/\/www.facebook.com\/redchefclaude","article_published_time":"2022-08-29T11:16:55+00:00","article_modified_time":"2022-08-29T12:15:17+00:00","og_image":[{"width":552,"height":514,"url":"http:\/\/7culture.ci\/wp-content\/uploads\/2022\/08\/GG-Leopoldine1-2.jpg","type":"image\/jpeg"}],"author":"7culture2020","twitter_card":"summary_large_image","twitter_creator":"@7culturec","twitter_site":"@7culturec","twitter_misc":{"\u00c9crit par":"7culture2020","Dur\u00e9e de lecture estim\u00e9e":"2 minutes"},"schema":{"@context":"https:\/\/schema.org","@graph":[{"@type":"Article","@id":"https:\/\/7culture.ci\/index.php\/2022\/08\/29\/gg-leopoldine-ladieu-le-3-septembre-2022-a-port-bouet\/#article","isPartOf":{"@id":"https:\/\/7culture.ci\/index.php\/2022\/08\/29\/gg-leopoldine-ladieu-le-3-septembre-2022-a-port-bouet\/"},"author":{"name":"7culture2020","@id":"https:\/\/7culture.ci\/#\/schema\/person\/16150d28d7ef66ba788c1f87f28c4426"},"headline":"GG L\u00e9opoldine\u00a0: l\u2019adieu le 3 septembre 2022 \u00e0 Port-Bou\u00ebt","datePublished":"2022-08-29T11:16:55+00:00","dateModified":"2022-08-29T12:15:17+00:00","mainEntityOfPage":{"@id":"https:\/\/7culture.ci\/index.php\/2022\/08\/29\/gg-leopoldine-ladieu-le-3-septembre-2022-a-port-bouet\/"},"wordCount":245,"commentCount":0,"publisher":{"@id":"https:\/\/7culture.ci\/#organization"},"articleSection":["Actualit\u00e9"],"inLanguage":"fr-FR","potentialAction":[{"@type":"CommentAction","name":"Comment","target":["https:\/\/7culture.ci\/index.php\/2022\/08\/29\/gg-leopoldine-ladieu-le-3-septembre-2022-a-port-bouet\/#respond"]}]},{"@type":"WebPage","@id":"https:\/\/7culture.ci\/index.php\/2022\/08\/29\/gg-leopoldine-ladieu-le-3-septembre-2022-a-port-bouet\/","url":"https:\/\/7culture.ci\/index.php\/2022\/08\/29\/gg-leopoldine-ladieu-le-3-septembre-2022-a-port-bouet\/","name":"GG L\u00e9opoldine\u00a0: l\u2019adieu le 3 septembre 2022 \u00e0 Port-Bou\u00ebt -","isPartOf":{"@id":"https:\/\/7culture.ci\/#website"},"datePublished":"2022-08-29T11:16:55+00:00","dateModified":"2022-08-29T12:15:17+00:00","breadcrumb":{"@id":"https:\/\/7culture.ci\/index.php\/2022\/08\/29\/gg-leopoldine-ladieu-le-3-septembre-2022-a-port-bouet\/#breadcrumb"},"inLanguage":"fr-FR","potentialAction":[{"@type":"ReadAction","target":["https:\/\/7culture.ci\/index.php\/2022\/08\/29\/gg-leopoldine-ladieu-le-3-septembre-2022-a-port-bouet\/"]}]},{"@type":"BreadcrumbList","@id":"https:\/\/7culture.ci\/index.php\/2022\/08\/29\/gg-leopoldine-ladieu-le-3-septembre-2022-a-port-bouet\/#breadcrumb","itemListElement":[{"@type":"ListItem","position":1,"name":"Accueil","item":"https:\/\/7culture.ci\/"},{"@type":"ListItem","position":2,"name":"GG L\u00e9opoldine\u00a0: l\u2019adieu le 3 septembre 2022 \u00e0 Port-Bou\u00ebt"}]},{"@type":"WebSite","@id":"https:\/\/7culture.ci\/#website","url":"https:\/\/7culture.ci\/","name":"7culture","description":"Tout sur l&#039;actualit\u00e9","publisher":{"@id":"https:\/\/7culture.ci\/#organization"},"potentialAction":[{"@type":"SearchAction","target":{"@type":"EntryPoint","urlTemplate":"https:\/\/7culture.ci\/?s={search_term_string}"},"query-input":"required name=search_term_string"}],"inLanguage":"fr-FR"},{"@type":"Organization","@id":"https:\/\/7culture.ci\/#organization","name":"7culture","url":"https:\/\/7culture.ci\/","sameAs":["https:\/\/www.facebook.com\/redchefclaude","https:\/\/twitter.com\/7culturec"],"logo":{"@type":"ImageObject","inLanguage":"fr-FR","@id":"https:\/\/7culture.ci\/#\/schema\/logo\/image\/","url":"https:\/\/7culture.ci\/wp-content\/uploads\/2021\/12\/S1a-1.png","contentUrl":"https:\/\/7culture.ci\/wp-content\/uploads\/2021\/12\/S1a-1.png","width":588,"height":192,"caption":"7culture"},"image":{"@id":"https:\/\/7culture.ci\/#\/schema\/logo\/image\/"}},{"@type":"Person","@id":"https:\/\/7culture.ci\/#\/schema\/person\/16150d28d7ef66ba788c1f87f28c4426","name":"7culture2020","image":{"@type":"ImageObject","inLanguage":"fr-FR","@id":"https:\/\/7culture.ci\/#\/schema\/person\/image\/","url":"https:\/\/secure.gravatar.com\/avatar\/9a0784f951306c37bcd065f52844ef95?s=96&d=mm&r=g","contentUrl":"https:\/\/secure.gravatar.com\/avatar\/9a0784f951306c37bcd065f52844ef95?s=96&d=mm&r=g","caption":"7culture2020"},"sameAs":["http:\/\/7culture.ci","Claude.kipre"],"url":"https:\/\/7culture.ci\/index.php\/author\/7culture2020\/"}]}},"jetpack_featured_media_url":"https:\/\/7culture.ci\/wp-content\/uploads\/2022\/08\/GG-Leopoldine1-2.jpg","jetpack_likes_enabled":true,"jetpack_sharing_enabled":true,"_links":{"self":[{"href":"https:\/\/7culture.ci\/index.php\/wp-json\/wp\/v2\/posts\/23529"}],"collection":[{"href":"https:\/\/7culture.ci\/index.php\/wp-json\/wp\/v2\/posts"}],"about":[{"href":"https:\/\/7culture.ci\/index.php\/wp-json\/wp\/v2\/types\/post"}],"author":[{"embeddable":true,"href":"https:\/\/7culture.ci\/index.php\/wp-json\/wp\/v2\/users\/1"}],"replies":[{"embeddable":true,"href":"https:\/\/7culture.ci\/index.php\/wp-json\/wp\/v2\/comments?post=23529"}],"version-history":[{"count":0,"href":"https:\/\/7culture.ci\/index.php\/wp-json\/wp\/v2\/posts\/23529\/revisions"}],"wp:featuredmedia":[{"embeddable":true,"href":"https:\/\/7culture.ci\/index.php\/wp-json\/wp\/v2\/media\/23530"}],"wp:attachment":[{"href":"https:\/\/7culture.ci\/index.php\/wp-json\/wp\/v2\/media?parent=23529"}],"wp:term":[{"taxonomy":"category","embeddable":true,"href":"https:\/\/7culture.ci\/index.php\/wp-json\/wp\/v2\/categories?post=23529"},{"taxonomy":"post_tag","embeddable":true,"href":"https:\/\/7culture.ci\/index.php\/wp-json\/wp\/v2\/tags?post=23529"}],"curies":[{"name":"wp","href":"https:\/\/api.w.org\/{rel}","templated":true}]}}