{"id":23519,"date":"2022-08-27T12:52:14","date_gmt":"2022-08-27T12:52:14","guid":{"rendered":"https:\/\/7culture.ci\/?p=23519"},"modified":"2022-08-29T11:19:15","modified_gmt":"2022-08-29T11:19:15","slug":"forum-alif-naaba-presente-les-rema","status":"publish","type":"post","link":"https:\/\/7culture.ci\/index.php\/2022\/08\/27\/forum-alif-naaba-presente-les-rema\/","title":{"rendered":"Forum\u00a0: Alif Naaba pr\u00e9sente les REMA \u00e0 Abidjan"},"content":{"rendered":"\n<p>Sacr\u00e9 meilleur artiste en 2014 aux Kund\u00e9 d\u2019Or, le barom\u00e8tre de la musique au Burkina Faso, Alif Naaba est cit\u00e9 parmi les artistes qui comptent au pays des Hommes int\u00e8gres. A c\u00f4t\u00e9 de ce succ\u00e8s dans sa carri\u00e8re et de la popularit\u00e9 dont il jouit aupr\u00e8s des populations, celui qu\u2019on appelle \u2018\u2019Le Prince aux pieds nus\u2019\u2019, a mont\u00e9 les Rencontres musicales africaines (REMA) depuis 2018. La 5<sup>e<\/sup> \u00e9dition de ce rendez-vous culturel panafricain se d\u00e9roulera du 13 au 15 octobre 2022 \u00e0 Ouagadougou. Avant cette date, l\u2019initiateur \u00e9tait face \u00e0 la presse le vendredi 26 ao\u00fbt dernier au salon Zaouli de l\u2019h\u00f4tel Pullman d&#8217;Abidjan-Plateau. Le commissaire g\u00e9n\u00e9ral des REMA a partag\u00e9 son projet avec les hommes de m\u00e9dias de C\u00f4te d\u2019Ivoire. \u00ab&nbsp;<strong><em>Tout est parti d\u2019un certain nombre de choses que j\u2019ai observ\u00e9 dans notre milieu d\u2019activit\u00e9. Je viens d\u2019un pays avec un niveau \u00e9conomique moyen. Il est difficile d\u2019avoir des partenaires pour d\u00e9velopper une activit\u00e9 culturelle<\/em><\/strong>&nbsp;\u00bb, regrette-t-il d\u2019entr\u00e9e. \u00ab&nbsp;<strong><em>Et pourtant, <\/em><\/strong>poursuit-il<strong><em>, il y a beaucoup d\u2019argent qui circule dans le milieu mais il n\u2019y a aucun chiffre pour le rendre cr\u00e9dible. La cons\u00e9quence, les artistes africains ne sont pas bancables<\/em><\/strong>&nbsp;\u00bb. C\u2019est fort de ce triste constat et beaucoup d\u2019autres facteurs qui ne permettent pas aux artistes de vivre de leur m\u00e9tier qu\u2019Alif Naaba a institu\u00e9 les Rencontres musicales africaines (REMA). \u00ab&nbsp;<strong><em>Les REMA ne sont pas un festival. C\u2019est un forum, un laboratoire pour discuter des acquis et des pr\u00e9visions sur la musique africaine<\/em><\/strong>&nbsp;\u00bb, pr\u00e9cise le commissaire g\u00e9n\u00e9ral des REMA. \u00ab&nbsp;<strong><em>Les REMA sont un cadre qui permet : la mise en place d\u2019un r\u00e9seau de professionnels de la musique africaine qui se rencontre r\u00e9guli\u00e8rement autour des questions li\u00e9es au d\u00e9veloppement du business de la Musique, la d\u00e9couverte et la diffusion d\u2019artistes \u00e9mergents du continent et le partage des bonnes pratiques autour de l\u2019entreprise musicale actuelle<\/em><\/strong>&nbsp;\u00bb, rench\u00e9rit une note de l\u2019\u00e9v\u00e8nement.<\/p>\n\n\n\n<figure class=\"wp-block-gallery has-nested-images columns-default is-cropped wp-block-gallery-1 is-layout-flex wp-block-gallery-is-layout-flex\">\n<figure class=\"wp-block-image size-large\"><img loading=\"lazy\" decoding=\"async\" width=\"1024\" height=\"683\" data-id=\"23521\" src=\"https:\/\/7culture.ci\/wp-content\/uploads\/2022\/08\/WhatsApp-Image-2022-08-26-at-17.06.48-1024x683.jpeg\" alt=\"\" class=\"wp-image-23521\" srcset=\"https:\/\/7culture.ci\/wp-content\/uploads\/2022\/08\/WhatsApp-Image-2022-08-26-at-17.06.48-1024x683.jpeg 1024w, https:\/\/7culture.ci\/wp-content\/uploads\/2022\/08\/WhatsApp-Image-2022-08-26-at-17.06.48-300x200.jpeg 300w, https:\/\/7culture.ci\/wp-content\/uploads\/2022\/08\/WhatsApp-Image-2022-08-26-at-17.06.48-768x512.jpeg 768w, https:\/\/7culture.ci\/wp-content\/uploads\/2022\/08\/WhatsApp-Image-2022-08-26-at-17.06.48.jpeg 1080w\" sizes=\"(max-width: 1024px) 100vw, 1024px\" \/><\/figure>\n\n\n\n<figure class=\"wp-block-image size-large\"><img loading=\"lazy\" decoding=\"async\" width=\"1024\" height=\"683\" data-id=\"23522\" src=\"https:\/\/7culture.ci\/wp-content\/uploads\/2022\/08\/WhatsApp-Image-2022-08-26-at-17.06.50-1-1024x683.jpeg\" alt=\"\" class=\"wp-image-23522\" srcset=\"https:\/\/7culture.ci\/wp-content\/uploads\/2022\/08\/WhatsApp-Image-2022-08-26-at-17.06.50-1-1024x683.jpeg 1024w, https:\/\/7culture.ci\/wp-content\/uploads\/2022\/08\/WhatsApp-Image-2022-08-26-at-17.06.50-1-300x200.jpeg 300w, https:\/\/7culture.ci\/wp-content\/uploads\/2022\/08\/WhatsApp-Image-2022-08-26-at-17.06.50-1-768x512.jpeg 768w, https:\/\/7culture.ci\/wp-content\/uploads\/2022\/08\/WhatsApp-Image-2022-08-26-at-17.06.50-1.jpeg 1080w\" sizes=\"(max-width: 1024px) 100vw, 1024px\" \/><\/figure>\n\n\n\n<figure class=\"wp-block-image size-large\"><img loading=\"lazy\" decoding=\"async\" width=\"1024\" height=\"683\" data-id=\"23523\" src=\"https:\/\/7culture.ci\/wp-content\/uploads\/2022\/08\/WhatsApp-Image-2022-08-26-at-17.06.51-1024x683.jpeg\" alt=\"\" class=\"wp-image-23523\" srcset=\"https:\/\/7culture.ci\/wp-content\/uploads\/2022\/08\/WhatsApp-Image-2022-08-26-at-17.06.51-1024x683.jpeg 1024w, https:\/\/7culture.ci\/wp-content\/uploads\/2022\/08\/WhatsApp-Image-2022-08-26-at-17.06.51-300x200.jpeg 300w, https:\/\/7culture.ci\/wp-content\/uploads\/2022\/08\/WhatsApp-Image-2022-08-26-at-17.06.51-768x512.jpeg 768w, https:\/\/7culture.ci\/wp-content\/uploads\/2022\/08\/WhatsApp-Image-2022-08-26-at-17.06.51.jpeg 1080w\" sizes=\"(max-width: 1024px) 100vw, 1024px\" \/><\/figure>\n<\/figure>\n\n\n\n<p>Le menu habituel des REMA comprend les rencontres professionnelles de haut niveau formalis\u00e9es en panels pendant lesquels, des professionnels et des experts du continent et de sa diaspora d\u00e9battent du pass\u00e9, du pr\u00e9sent et de l\u2019avenir de la musique africaine. Les nouveaux m\u00e9tiers de l\u2019\u00e9cosyst\u00e8me actuel de la musique sont d\u00e9voil\u00e9s au cours des workshops. Dans le programme, les performances de jeunes talents sont r\u00e9v\u00e9l\u00e9es sur le plateau des showcases qui d\u00e9roulent devant des professionnels et un public amateur. Enfin, les REMA r\u00e9servent des stands pros o\u00f9 tous les acteurs de l\u2019industrie de la musique peuvent exposer.<\/p>\n\n\n\n<figure class=\"wp-block-gallery has-nested-images columns-default is-cropped wp-block-gallery-2 is-layout-flex wp-block-gallery-is-layout-flex\">\n<figure class=\"wp-block-image size-large\"><img loading=\"lazy\" decoding=\"async\" width=\"1024\" height=\"683\" data-id=\"23525\" src=\"https:\/\/7culture.ci\/wp-content\/uploads\/2022\/08\/WhatsApp-Image-2022-08-26-at-17.06.49-1-1024x683.jpeg\" alt=\"\" class=\"wp-image-23525\" srcset=\"https:\/\/7culture.ci\/wp-content\/uploads\/2022\/08\/WhatsApp-Image-2022-08-26-at-17.06.49-1-1024x683.jpeg 1024w, https:\/\/7culture.ci\/wp-content\/uploads\/2022\/08\/WhatsApp-Image-2022-08-26-at-17.06.49-1-300x200.jpeg 300w, https:\/\/7culture.ci\/wp-content\/uploads\/2022\/08\/WhatsApp-Image-2022-08-26-at-17.06.49-1-768x512.jpeg 768w, https:\/\/7culture.ci\/wp-content\/uploads\/2022\/08\/WhatsApp-Image-2022-08-26-at-17.06.49-1.jpeg 1080w\" sizes=\"(max-width: 1024px) 100vw, 1024px\" \/><\/figure>\n\n\n\n<figure class=\"wp-block-image size-large\"><img loading=\"lazy\" decoding=\"async\" width=\"1024\" height=\"683\" data-id=\"23524\" src=\"https:\/\/7culture.ci\/wp-content\/uploads\/2022\/08\/WhatsApp-Image-2022-08-26-at-17.06.51-2-1024x683.jpeg\" alt=\"\" class=\"wp-image-23524\" srcset=\"https:\/\/7culture.ci\/wp-content\/uploads\/2022\/08\/WhatsApp-Image-2022-08-26-at-17.06.51-2-1024x683.jpeg 1024w, https:\/\/7culture.ci\/wp-content\/uploads\/2022\/08\/WhatsApp-Image-2022-08-26-at-17.06.51-2-300x200.jpeg 300w, https:\/\/7culture.ci\/wp-content\/uploads\/2022\/08\/WhatsApp-Image-2022-08-26-at-17.06.51-2-768x512.jpeg 768w, https:\/\/7culture.ci\/wp-content\/uploads\/2022\/08\/WhatsApp-Image-2022-08-26-at-17.06.51-2.jpeg 1080w\" sizes=\"(max-width: 1024px) 100vw, 1024px\" \/><\/figure>\n\n\n\n<figure class=\"wp-block-image size-large\"><img loading=\"lazy\" decoding=\"async\" width=\"1024\" height=\"683\" data-id=\"23526\" src=\"https:\/\/7culture.ci\/wp-content\/uploads\/2022\/08\/WhatsApp-Image-2022-08-26-at-17.06.52-1024x683.jpeg\" alt=\"\" class=\"wp-image-23526\" srcset=\"https:\/\/7culture.ci\/wp-content\/uploads\/2022\/08\/WhatsApp-Image-2022-08-26-at-17.06.52-1024x683.jpeg 1024w, https:\/\/7culture.ci\/wp-content\/uploads\/2022\/08\/WhatsApp-Image-2022-08-26-at-17.06.52-300x200.jpeg 300w, https:\/\/7culture.ci\/wp-content\/uploads\/2022\/08\/WhatsApp-Image-2022-08-26-at-17.06.52-768x512.jpeg 768w, https:\/\/7culture.ci\/wp-content\/uploads\/2022\/08\/WhatsApp-Image-2022-08-26-at-17.06.52.jpeg 1080w\" sizes=\"(max-width: 1024px) 100vw, 1024px\" \/><\/figure>\n<\/figure>\n\n\n\n<p>Comme le dit le proverbe \u2018\u2019qui veut voyager loin m\u00e9nage sa monture\u2019\u2019. Alif Naaba s\u2019est dont entour\u00e9 d\u2019une structure qui coordonne toutes ses activit\u00e9s. C\u2019est \u2018\u2019La Cour du Naaba\u2019\u2019 qui est sp\u00e9cialis\u00e9e dans la production et l\u2019administration des artistes, le management, le booking et la formation. C\u2019est elle qui pilote depuis cinq ans les Rencontres musicales africaines (REMA). Et pour le 5<sup>e<\/sup> rendez-vous pr\u00e9vu les 13, 14 et 15 octobre 2022, l\u2019organisation a revu tout \u00e0 la hausse. En attendant la conf\u00e9rence de presse de cette \u00e9dition qui aura lieu le 16 septembre prochain \u00e0 Ouagadougou, Alif Naaba a quand m\u00eame donn\u00e9 quelques chiffres sur la participation \u00e0 son \u00e9v\u00e8nement. De 14 pays invit\u00e9s en 2021, le nombre de pays passe \u00e0 17. Le plus de ces REMA 2022 sera l\u2019ouverture faite d\u00e9sormais aux anglophones qui seront de la partie. 15 artistes sont aussi retenus pour participer aux REMA apr\u00e8s une souscription qui a re\u00e7u au moins 300 demandes \u00e0 travers le monde.<\/p>\n\n\n\n<p>Les REMA 5 se d\u00e9rouleront sous le haut patronage d\u2019Idrissa Nassa, patron de Coris Bak International et le parrainage d\u2019A\u2019Salfo, lead vocal du groupe Magic System.<\/p>\n\n\n\n<p>Par Omar AK<\/p>\n","protected":false},"excerpt":{"rendered":"<p>Sacr\u00e9 meilleur artiste en 2014 aux Kund\u00e9 d\u2019Or, le barom\u00e8tre de la musique au Burkina Faso, Alif Naaba est cit\u00e9 parmi les artistes qui comptent au pays des Hommes int\u00e8gres. A c\u00f4t\u00e9 de ce succ\u00e8s dans sa carri\u00e8re et de la popularit\u00e9 dont il jouit aupr\u00e8s des populations, celui qu\u2019on appelle \u2018\u2019Le Prince aux pieds &hellip;<\/p>\n<p class=\"read-more\"> <a class=\"\" href=\"https:\/\/7culture.ci\/index.php\/2022\/08\/27\/forum-alif-naaba-presente-les-rema\/\"> <span class=\"screen-reader-text\">Forum\u00a0: Alif Naaba pr\u00e9sente les REMA \u00e0 Abidjan<\/span> Lire la suite\u00a0\u00bb<\/a><\/p>\n","protected":false},"author":1,"featured_media":23520,"comment_status":"open","ping_status":"open","sticky":false,"template":"","format":"standard","meta":{"_mi_skip_tracking":false,"_monsterinsights_sitenote_active":false,"_monsterinsights_sitenote_note":"","_monsterinsights_sitenote_category":0,"site-sidebar-layout":"default","site-content-layout":"default","ast-global-header-display":"","ast-main-header-display":"","ast-hfb-above-header-display":"","ast-hfb-below-header-display":"","ast-hfb-mobile-header-display":"","site-post-title":"","ast-breadcrumbs-content":"","ast-featured-img":"","footer-sml-layout":"","theme-transparent-header-meta":"","adv-header-id-meta":"","stick-header-meta":"","header-above-stick-meta":"","header-main-stick-meta":"","header-below-stick-meta":"","footnotes":"","jetpack_publicize_message":"","jetpack_is_tweetstorm":false,"jetpack_publicize_feature_enabled":true},"categories":[16],"tags":[],"jetpack_publicize_connections":[],"acf":[],"aioseo_notices":[],"yoast_head":"<!-- This site is optimized with the Yoast SEO plugin v19.6.1 - https:\/\/yoast.com\/wordpress\/plugins\/seo\/ -->\n<title>Forum\u00a0: Alif Naaba pr\u00e9sente les REMA \u00e0 Abidjan -<\/title>\n<meta name=\"robots\" content=\"index, follow, max-snippet:-1, max-image-preview:large, max-video-preview:-1\" \/>\n<link rel=\"canonical\" href=\"https:\/\/7culture.ci\/index.php\/2022\/08\/27\/forum-alif-naaba-presente-les-rema\/\" \/>\n<meta property=\"og:locale\" content=\"fr_FR\" \/>\n<meta property=\"og:type\" content=\"article\" \/>\n<meta property=\"og:title\" content=\"Forum\u00a0: Alif Naaba pr\u00e9sente les REMA \u00e0 Abidjan -\" \/>\n<meta property=\"og:description\" content=\"Sacr\u00e9 meilleur artiste en 2014 aux Kund\u00e9 d\u2019Or, le barom\u00e8tre de la musique au Burkina Faso, Alif Naaba est cit\u00e9 parmi les artistes qui comptent au pays des Hommes int\u00e8gres. A c\u00f4t\u00e9 de ce succ\u00e8s dans sa carri\u00e8re et de la popularit\u00e9 dont il jouit aupr\u00e8s des populations, celui qu\u2019on appelle \u2018\u2019Le Prince aux pieds &hellip; Forum\u00a0: Alif Naaba pr\u00e9sente les REMA \u00e0 Abidjan Lire la suite\u00a0\u00bb\" \/>\n<meta property=\"og:url\" content=\"https:\/\/7culture.ci\/index.php\/2022\/08\/27\/forum-alif-naaba-presente-les-rema\/\" \/>\n<meta property=\"og:site_name\" content=\"7culture\" \/>\n<meta property=\"article:publisher\" content=\"https:\/\/www.facebook.com\/redchefclaude\" \/>\n<meta property=\"article:published_time\" content=\"2022-08-27T12:52:14+00:00\" \/>\n<meta property=\"article:modified_time\" content=\"2022-08-29T11:19:15+00:00\" \/>\n<meta property=\"og:image\" content=\"http:\/\/7culture.ci\/wp-content\/uploads\/2022\/08\/WhatsApp-Image-2022-08-26-at-17.06.50.jpeg\" \/>\n\t<meta property=\"og:image:width\" content=\"1080\" \/>\n\t<meta property=\"og:image:height\" content=\"720\" \/>\n\t<meta property=\"og:image:type\" content=\"image\/jpeg\" \/>\n<meta name=\"author\" content=\"7culture2020\" \/>\n<meta name=\"twitter:card\" content=\"summary_large_image\" \/>\n<meta name=\"twitter:creator\" content=\"@7culturec\" \/>\n<meta name=\"twitter:site\" content=\"@7culturec\" \/>\n<meta name=\"twitter:label1\" content=\"\u00c9crit par\" \/>\n\t<meta name=\"twitter:data1\" content=\"7culture2020\" \/>\n\t<meta name=\"twitter:label2\" content=\"Dur\u00e9e de lecture estim\u00e9e\" \/>\n\t<meta name=\"twitter:data2\" content=\"5 minutes\" \/>\n<script type=\"application\/ld+json\" class=\"yoast-schema-graph\">{\"@context\":\"https:\/\/schema.org\",\"@graph\":[{\"@type\":\"Article\",\"@id\":\"https:\/\/7culture.ci\/index.php\/2022\/08\/27\/forum-alif-naaba-presente-les-rema\/#article\",\"isPartOf\":{\"@id\":\"https:\/\/7culture.ci\/index.php\/2022\/08\/27\/forum-alif-naaba-presente-les-rema\/\"},\"author\":{\"name\":\"7culture2020\",\"@id\":\"https:\/\/7culture.ci\/#\/schema\/person\/16150d28d7ef66ba788c1f87f28c4426\"},\"headline\":\"Forum\u00a0: Alif Naaba pr\u00e9sente les REMA \u00e0 Abidjan\",\"datePublished\":\"2022-08-27T12:52:14+00:00\",\"dateModified\":\"2022-08-29T11:19:15+00:00\",\"mainEntityOfPage\":{\"@id\":\"https:\/\/7culture.ci\/index.php\/2022\/08\/27\/forum-alif-naaba-presente-les-rema\/\"},\"wordCount\":677,\"commentCount\":0,\"publisher\":{\"@id\":\"https:\/\/7culture.ci\/#organization\"},\"articleSection\":[\"Musique\"],\"inLanguage\":\"fr-FR\",\"potentialAction\":[{\"@type\":\"CommentAction\",\"name\":\"Comment\",\"target\":[\"https:\/\/7culture.ci\/index.php\/2022\/08\/27\/forum-alif-naaba-presente-les-rema\/#respond\"]}]},{\"@type\":\"WebPage\",\"@id\":\"https:\/\/7culture.ci\/index.php\/2022\/08\/27\/forum-alif-naaba-presente-les-rema\/\",\"url\":\"https:\/\/7culture.ci\/index.php\/2022\/08\/27\/forum-alif-naaba-presente-les-rema\/\",\"name\":\"Forum\u00a0: Alif Naaba pr\u00e9sente les REMA \u00e0 Abidjan -\",\"isPartOf\":{\"@id\":\"https:\/\/7culture.ci\/#website\"},\"datePublished\":\"2022-08-27T12:52:14+00:00\",\"dateModified\":\"2022-08-29T11:19:15+00:00\",\"breadcrumb\":{\"@id\":\"https:\/\/7culture.ci\/index.php\/2022\/08\/27\/forum-alif-naaba-presente-les-rema\/#breadcrumb\"},\"inLanguage\":\"fr-FR\",\"potentialAction\":[{\"@type\":\"ReadAction\",\"target\":[\"https:\/\/7culture.ci\/index.php\/2022\/08\/27\/forum-alif-naaba-presente-les-rema\/\"]}]},{\"@type\":\"BreadcrumbList\",\"@id\":\"https:\/\/7culture.ci\/index.php\/2022\/08\/27\/forum-alif-naaba-presente-les-rema\/#breadcrumb\",\"itemListElement\":[{\"@type\":\"ListItem\",\"position\":1,\"name\":\"Accueil\",\"item\":\"https:\/\/7culture.ci\/\"},{\"@type\":\"ListItem\",\"position\":2,\"name\":\"Forum\u00a0: Alif Naaba pr\u00e9sente les REMA \u00e0 Abidjan\"}]},{\"@type\":\"WebSite\",\"@id\":\"https:\/\/7culture.ci\/#website\",\"url\":\"https:\/\/7culture.ci\/\",\"name\":\"7culture\",\"description\":\"Tout sur l&#039;actualit\u00e9\",\"publisher\":{\"@id\":\"https:\/\/7culture.ci\/#organization\"},\"potentialAction\":[{\"@type\":\"SearchAction\",\"target\":{\"@type\":\"EntryPoint\",\"urlTemplate\":\"https:\/\/7culture.ci\/?s={search_term_string}\"},\"query-input\":\"required name=search_term_string\"}],\"inLanguage\":\"fr-FR\"},{\"@type\":\"Organization\",\"@id\":\"https:\/\/7culture.ci\/#organization\",\"name\":\"7culture\",\"url\":\"https:\/\/7culture.ci\/\",\"sameAs\":[\"https:\/\/www.facebook.com\/redchefclaude\",\"https:\/\/twitter.com\/7culturec\"],\"logo\":{\"@type\":\"ImageObject\",\"inLanguage\":\"fr-FR\",\"@id\":\"https:\/\/7culture.ci\/#\/schema\/logo\/image\/\",\"url\":\"https:\/\/7culture.ci\/wp-content\/uploads\/2021\/12\/S1a-1.png\",\"contentUrl\":\"https:\/\/7culture.ci\/wp-content\/uploads\/2021\/12\/S1a-1.png\",\"width\":588,\"height\":192,\"caption\":\"7culture\"},\"image\":{\"@id\":\"https:\/\/7culture.ci\/#\/schema\/logo\/image\/\"}},{\"@type\":\"Person\",\"@id\":\"https:\/\/7culture.ci\/#\/schema\/person\/16150d28d7ef66ba788c1f87f28c4426\",\"name\":\"7culture2020\",\"image\":{\"@type\":\"ImageObject\",\"inLanguage\":\"fr-FR\",\"@id\":\"https:\/\/7culture.ci\/#\/schema\/person\/image\/\",\"url\":\"https:\/\/secure.gravatar.com\/avatar\/9a0784f951306c37bcd065f52844ef95?s=96&d=mm&r=g\",\"contentUrl\":\"https:\/\/secure.gravatar.com\/avatar\/9a0784f951306c37bcd065f52844ef95?s=96&d=mm&r=g\",\"caption\":\"7culture2020\"},\"sameAs\":[\"http:\/\/7culture.ci\",\"Claude.kipre\"],\"url\":\"https:\/\/7culture.ci\/index.php\/author\/7culture2020\/\"}]}<\/script>\n<!-- \/ Yoast SEO plugin. -->","yoast_head_json":{"title":"Forum\u00a0: Alif Naaba pr\u00e9sente les REMA \u00e0 Abidjan -","robots":{"index":"index","follow":"follow","max-snippet":"max-snippet:-1","max-image-preview":"max-image-preview:large","max-video-preview":"max-video-preview:-1"},"canonical":"https:\/\/7culture.ci\/index.php\/2022\/08\/27\/forum-alif-naaba-presente-les-rema\/","og_locale":"fr_FR","og_type":"article","og_title":"Forum\u00a0: Alif Naaba pr\u00e9sente les REMA \u00e0 Abidjan -","og_description":"Sacr\u00e9 meilleur artiste en 2014 aux Kund\u00e9 d\u2019Or, le barom\u00e8tre de la musique au Burkina Faso, Alif Naaba est cit\u00e9 parmi les artistes qui comptent au pays des Hommes int\u00e8gres. A c\u00f4t\u00e9 de ce succ\u00e8s dans sa carri\u00e8re et de la popularit\u00e9 dont il jouit aupr\u00e8s des populations, celui qu\u2019on appelle \u2018\u2019Le Prince aux pieds &hellip; Forum\u00a0: Alif Naaba pr\u00e9sente les REMA \u00e0 Abidjan Lire la suite\u00a0\u00bb","og_url":"https:\/\/7culture.ci\/index.php\/2022\/08\/27\/forum-alif-naaba-presente-les-rema\/","og_site_name":"7culture","article_publisher":"https:\/\/www.facebook.com\/redchefclaude","article_published_time":"2022-08-27T12:52:14+00:00","article_modified_time":"2022-08-29T11:19:15+00:00","og_image":[{"width":1080,"height":720,"url":"http:\/\/7culture.ci\/wp-content\/uploads\/2022\/08\/WhatsApp-Image-2022-08-26-at-17.06.50.jpeg","type":"image\/jpeg"}],"author":"7culture2020","twitter_card":"summary_large_image","twitter_creator":"@7culturec","twitter_site":"@7culturec","twitter_misc":{"\u00c9crit par":"7culture2020","Dur\u00e9e de lecture estim\u00e9e":"5 minutes"},"schema":{"@context":"https:\/\/schema.org","@graph":[{"@type":"Article","@id":"https:\/\/7culture.ci\/index.php\/2022\/08\/27\/forum-alif-naaba-presente-les-rema\/#article","isPartOf":{"@id":"https:\/\/7culture.ci\/index.php\/2022\/08\/27\/forum-alif-naaba-presente-les-rema\/"},"author":{"name":"7culture2020","@id":"https:\/\/7culture.ci\/#\/schema\/person\/16150d28d7ef66ba788c1f87f28c4426"},"headline":"Forum\u00a0: Alif Naaba pr\u00e9sente les REMA \u00e0 Abidjan","datePublished":"2022-08-27T12:52:14+00:00","dateModified":"2022-08-29T11:19:15+00:00","mainEntityOfPage":{"@id":"https:\/\/7culture.ci\/index.php\/2022\/08\/27\/forum-alif-naaba-presente-les-rema\/"},"wordCount":677,"commentCount":0,"publisher":{"@id":"https:\/\/7culture.ci\/#organization"},"articleSection":["Musique"],"inLanguage":"fr-FR","potentialAction":[{"@type":"CommentAction","name":"Comment","target":["https:\/\/7culture.ci\/index.php\/2022\/08\/27\/forum-alif-naaba-presente-les-rema\/#respond"]}]},{"@type":"WebPage","@id":"https:\/\/7culture.ci\/index.php\/2022\/08\/27\/forum-alif-naaba-presente-les-rema\/","url":"https:\/\/7culture.ci\/index.php\/2022\/08\/27\/forum-alif-naaba-presente-les-rema\/","name":"Forum\u00a0: Alif Naaba pr\u00e9sente les REMA \u00e0 Abidjan -","isPartOf":{"@id":"https:\/\/7culture.ci\/#website"},"datePublished":"2022-08-27T12:52:14+00:00","dateModified":"2022-08-29T11:19:15+00:00","breadcrumb":{"@id":"https:\/\/7culture.ci\/index.php\/2022\/08\/27\/forum-alif-naaba-presente-les-rema\/#breadcrumb"},"inLanguage":"fr-FR","potentialAction":[{"@type":"ReadAction","target":["https:\/\/7culture.ci\/index.php\/2022\/08\/27\/forum-alif-naaba-presente-les-rema\/"]}]},{"@type":"BreadcrumbList","@id":"https:\/\/7culture.ci\/index.php\/2022\/08\/27\/forum-alif-naaba-presente-les-rema\/#breadcrumb","itemListElement":[{"@type":"ListItem","position":1,"name":"Accueil","item":"https:\/\/7culture.ci\/"},{"@type":"ListItem","position":2,"name":"Forum\u00a0: Alif Naaba pr\u00e9sente les REMA \u00e0 Abidjan"}]},{"@type":"WebSite","@id":"https:\/\/7culture.ci\/#website","url":"https:\/\/7culture.ci\/","name":"7culture","description":"Tout sur l&#039;actualit\u00e9","publisher":{"@id":"https:\/\/7culture.ci\/#organization"},"potentialAction":[{"@type":"SearchAction","target":{"@type":"EntryPoint","urlTemplate":"https:\/\/7culture.ci\/?s={search_term_string}"},"query-input":"required name=search_term_string"}],"inLanguage":"fr-FR"},{"@type":"Organization","@id":"https:\/\/7culture.ci\/#organization","name":"7culture","url":"https:\/\/7culture.ci\/","sameAs":["https:\/\/www.facebook.com\/redchefclaude","https:\/\/twitter.com\/7culturec"],"logo":{"@type":"ImageObject","inLanguage":"fr-FR","@id":"https:\/\/7culture.ci\/#\/schema\/logo\/image\/","url":"https:\/\/7culture.ci\/wp-content\/uploads\/2021\/12\/S1a-1.png","contentUrl":"https:\/\/7culture.ci\/wp-content\/uploads\/2021\/12\/S1a-1.png","width":588,"height":192,"caption":"7culture"},"image":{"@id":"https:\/\/7culture.ci\/#\/schema\/logo\/image\/"}},{"@type":"Person","@id":"https:\/\/7culture.ci\/#\/schema\/person\/16150d28d7ef66ba788c1f87f28c4426","name":"7culture2020","image":{"@type":"ImageObject","inLanguage":"fr-FR","@id":"https:\/\/7culture.ci\/#\/schema\/person\/image\/","url":"https:\/\/secure.gravatar.com\/avatar\/9a0784f951306c37bcd065f52844ef95?s=96&d=mm&r=g","contentUrl":"https:\/\/secure.gravatar.com\/avatar\/9a0784f951306c37bcd065f52844ef95?s=96&d=mm&r=g","caption":"7culture2020"},"sameAs":["http:\/\/7culture.ci","Claude.kipre"],"url":"https:\/\/7culture.ci\/index.php\/author\/7culture2020\/"}]}},"jetpack_featured_media_url":"https:\/\/7culture.ci\/wp-content\/uploads\/2022\/08\/WhatsApp-Image-2022-08-26-at-17.06.50.jpeg","jetpack_likes_enabled":true,"jetpack_sharing_enabled":true,"_links":{"self":[{"href":"https:\/\/7culture.ci\/index.php\/wp-json\/wp\/v2\/posts\/23519"}],"collection":[{"href":"https:\/\/7culture.ci\/index.php\/wp-json\/wp\/v2\/posts"}],"about":[{"href":"https:\/\/7culture.ci\/index.php\/wp-json\/wp\/v2\/types\/post"}],"author":[{"embeddable":true,"href":"https:\/\/7culture.ci\/index.php\/wp-json\/wp\/v2\/users\/1"}],"replies":[{"embeddable":true,"href":"https:\/\/7culture.ci\/index.php\/wp-json\/wp\/v2\/comments?post=23519"}],"version-history":[{"count":0,"href":"https:\/\/7culture.ci\/index.php\/wp-json\/wp\/v2\/posts\/23519\/revisions"}],"wp:featuredmedia":[{"embeddable":true,"href":"https:\/\/7culture.ci\/index.php\/wp-json\/wp\/v2\/media\/23520"}],"wp:attachment":[{"href":"https:\/\/7culture.ci\/index.php\/wp-json\/wp\/v2\/media?parent=23519"}],"wp:term":[{"taxonomy":"category","embeddable":true,"href":"https:\/\/7culture.ci\/index.php\/wp-json\/wp\/v2\/categories?post=23519"},{"taxonomy":"post_tag","embeddable":true,"href":"https:\/\/7culture.ci\/index.php\/wp-json\/wp\/v2\/tags?post=23519"}],"curies":[{"name":"wp","href":"https:\/\/api.w.org\/{rel}","templated":true}]}}