{"id":23507,"date":"2022-08-26T15:34:28","date_gmt":"2022-08-26T15:34:28","guid":{"rendered":"https:\/\/7culture.ci\/?p=23507"},"modified":"2022-08-27T12:55:21","modified_gmt":"2022-08-27T12:55:21","slug":"eunice-zunon-fait-son-mea-culpa-apres-la-bagarre-avec-tenor","status":"publish","type":"post","link":"https:\/\/7culture.ci\/index.php\/2022\/08\/26\/eunice-zunon-fait-son-mea-culpa-apres-la-bagarre-avec-tenor\/","title":{"rendered":"Eunice Zunon fait son mea culpa apr\u00e8s la bagarre avec T\u00e9nor"},"content":{"rendered":"\n<p>Apr\u00e8s la bagarre avec son copain qui a caus\u00e9 la rupture de leur relation et une vive pol\u00e9mique sur les r\u00e9seaux sociaux, la web-humoriste ivoirienne, Eunice Zunon, regrette son acte. &nbsp;Eunice a pr\u00e9sent\u00e9 des excuses \u00e0 ses fans et proches pour la sc\u00e8ne d\u00e9shonorante dans laquelle elle s\u2019est retrouv\u00e9e. \u00ab <strong><em>Humblement, je demande pardon<\/em>&nbsp;\u00bb, <\/strong>a-t-elle d\u00e9but\u00e9 post\u00e9 le jeudi 25 ao\u00fbt sur sa page Facebook. Puis, elle poursuit&nbsp;: <strong>\u00ab&nbsp;<em>Ces derniers jours, la toile s&#8217;embrase \u00e0 la suite d&#8217;une vid\u00e9o devenue virale. Ladite vid\u00e9o me montre en plein dans une sc\u00e8ne de m\u00e9nage, une bagarre entre Thierry Mengoumou Ayia plus connu sous le pseudo de \u2018\u2019T\u00e9nor\u2019\u2019 et moi Justine Christiane Eunice Zunon, connue sous le nom de sc\u00e8ne Eunice Zunon. Depuis lors, ils sont nombreux, mes proches, amis et connaissances qui me joignent pour en savoir davantage. &nbsp;Avant tout propos, je voudrais pr\u00e9senter \u00e0 la nation ivoirienne, mes sinc\u00e8res regrets et excuses. L\u2019\u00e9ducation que la C\u00f4te d\u2019Ivoire m\u2019a donn\u00e9e n\u2019est pas celle que tentent de r\u00e9verb\u00e9rer certaines personnes \u00e0 travers cette vid\u00e9o diffus\u00e9e \u00e0 foison, pour satisfaire certains desseins inavou\u00e9s<\/em>&nbsp;\u00bb.<\/strong><\/p>\n\n\n\n<p>L\u2019artiste a d\u00e9cid\u00e9 de ne point donner des d\u00e9tails sur cet incident et de rechercher l\u2019indulgence et le pardon des peuples camerounais et ivoiriens. <strong>\u00ab <em>Qu\u2019il me soit permis de ne pas entrer, ce jour, dans les d\u00e9tails de cette affaire dont nous aurions d\u00fb \u00e9pargner les populations ivoiriennes et camerounaises d\u00e9j\u00e0 confront\u00e9es \u00e0 d\u2019autres asp\u00e9rit\u00e9s socio-\u00e9conomiques au quotidien. Aujourd\u2019hui, je voudrais, avec humilit\u00e9, demander pardon \u00e0 tout un chacun pour ces images qui ne me grandissent pas et ne m\u2019honorent gu\u00e8re<\/em>&nbsp;\u00bb, <\/strong>a-t-elle d\u00e9clar\u00e9.<\/p>\n\n\n\n<div class=\"wp-block-image\"><figure class=\"aligncenter size-large is-resized\"><img loading=\"lazy\" decoding=\"async\" src=\"https:\/\/7culture.ci\/wp-content\/uploads\/2022\/08\/eunice2-1024x1024.jpg\" alt=\"\" class=\"wp-image-23509\" width=\"491\" height=\"491\" srcset=\"https:\/\/7culture.ci\/wp-content\/uploads\/2022\/08\/eunice2-1024x1024.jpg 1024w, https:\/\/7culture.ci\/wp-content\/uploads\/2022\/08\/eunice2-300x300.jpg 300w, https:\/\/7culture.ci\/wp-content\/uploads\/2022\/08\/eunice2-150x150.jpg 150w, https:\/\/7culture.ci\/wp-content\/uploads\/2022\/08\/eunice2-768x768.jpg 768w, https:\/\/7culture.ci\/wp-content\/uploads\/2022\/08\/eunice2-1536x1536.jpg 1536w, https:\/\/7culture.ci\/wp-content\/uploads\/2022\/08\/eunice2.jpg 2048w\" sizes=\"(max-width: 491px) 100vw, 491px\" \/><\/figure><\/div>\n\n\n\n<p>La \u2018\u2019B bouche pointue\u2019\u2019, comme elle se fait appeler, a parl\u00e9 de l\u2019\u00e9ducation qu\u2019elle a re\u00e7ue dans le but de pousser le public \u00e0 comprendre son agissement \u00e0 l\u2019\u00e9gard de son ex fianc\u00e9. Elle a demand\u00e9 \u00e0 ce que cette histoire ne reste que dans le cadre du m\u00e9nage et qu\u2019elle ne soit objet de conflit entre les Camerounais et les Ivoiriens. <strong><em>\u00ab J\u2019ai re\u00e7u une \u00e9ducation rigoureuse, ancr\u00e9e dans les valeurs de respect de l\u2019autre, de retenue et de contrition de la part de mes parents. Seulement, et cela est une r\u00e9alit\u00e9 v\u00e9cue de tous, la vie de couple n\u2019est jamais un fleuve tranquille. Il y a des couacs, des hauts et des bas. Ce qui, naturellement, peut pousser \u00e0 l\u2019agacement, au stress et \u00e0 certaines attitudes pas toujours appr\u00e9ciables. Sans jeter la pierre \u00e0 qui que ce soit, car je ne veux pas, par cette publication, tirer la couverture vers moi, je veux juste demander l\u2019indulgence des uns et des autres vis-\u00e0-vis de ma modeste personne. &nbsp;En plus, qu\u2019il me soit permis de m\u2019adresser \u00e0 certains extr\u00e9mistes qui veulent r\u00e9veiller de vieux d\u00e9mons en attisant la haine de l\u2019autre pour muer cette affaire en conflit entre Ivoiriens et Camerounais. Cette affaire doit \u00eatre circonscrite dans les proportions qui sont les siennes&nbsp;: une sc\u00e8ne de m\u00e9nage, pas plus&nbsp;<\/em>\u00bb,<\/strong> a-t-elle post\u00e9. Elle a termin\u00e9 par<strong>&nbsp;:&nbsp;\u00ab <em>Je voudrais, pour finir, demander que tout un chacun m\u2019accorde son pardon. Le temps seul saura panser les blessures. Merci \u00e0 vous<\/em>&nbsp;\u00bb.<\/strong><\/p>\n\n\n\n<figure class=\"wp-block-image size-full is-resized\"><img loading=\"lazy\" decoding=\"async\" src=\"http:\/\/7culture.ci\/wp-content\/uploads\/2022\/08\/WhatsApp-Image-2022-08-24-at-11.07.12.jpeg\" alt=\"\" class=\"wp-image-23467\" width=\"683\" height=\"512\" srcset=\"https:\/\/7culture.ci\/wp-content\/uploads\/2022\/08\/WhatsApp-Image-2022-08-24-at-11.07.12.jpeg 720w, https:\/\/7culture.ci\/wp-content\/uploads\/2022\/08\/WhatsApp-Image-2022-08-24-at-11.07.12-300x225.jpeg 300w\" sizes=\"(max-width: 683px) 100vw, 683px\" \/><\/figure>\n\n\n\n<p>Thierry Samuel<\/p>\n","protected":false},"excerpt":{"rendered":"<p>Apr\u00e8s la bagarre avec son copain qui a caus\u00e9 la rupture de leur relation et une vive pol\u00e9mique sur les r\u00e9seaux sociaux, la web-humoriste ivoirienne, Eunice Zunon, regrette son acte. &nbsp;Eunice a pr\u00e9sent\u00e9 des excuses \u00e0 ses fans et proches pour la sc\u00e8ne d\u00e9shonorante dans laquelle elle s\u2019est retrouv\u00e9e. \u00ab Humblement, je demande pardon&nbsp;\u00bb, a-t-elle &hellip;<\/p>\n<p class=\"read-more\"> <a class=\"\" href=\"https:\/\/7culture.ci\/index.php\/2022\/08\/26\/eunice-zunon-fait-son-mea-culpa-apres-la-bagarre-avec-tenor\/\"> <span class=\"screen-reader-text\">Eunice Zunon fait son mea culpa apr\u00e8s la bagarre avec T\u00e9nor<\/span> Lire la suite\u00a0\u00bb<\/a><\/p>\n","protected":false},"author":1,"featured_media":23508,"comment_status":"open","ping_status":"open","sticky":false,"template":"","format":"standard","meta":{"_mi_skip_tracking":false,"_monsterinsights_sitenote_active":false,"_monsterinsights_sitenote_note":"","_monsterinsights_sitenote_category":0,"site-sidebar-layout":"default","site-content-layout":"default","ast-global-header-display":"","ast-main-header-display":"","ast-hfb-above-header-display":"","ast-hfb-below-header-display":"","ast-hfb-mobile-header-display":"","site-post-title":"","ast-breadcrumbs-content":"","ast-featured-img":"","footer-sml-layout":"","theme-transparent-header-meta":"","adv-header-id-meta":"","stick-header-meta":"","header-above-stick-meta":"","header-main-stick-meta":"","header-below-stick-meta":"","footnotes":"","jetpack_publicize_message":"","jetpack_is_tweetstorm":false,"jetpack_publicize_feature_enabled":true},"categories":[22],"tags":[],"jetpack_publicize_connections":[],"acf":[],"aioseo_notices":[],"yoast_head":"<!-- This site is optimized with the Yoast SEO plugin v19.6.1 - https:\/\/yoast.com\/wordpress\/plugins\/seo\/ -->\n<title>Eunice Zunon fait son mea culpa apr\u00e8s la bagarre avec T\u00e9nor -<\/title>\n<meta name=\"robots\" content=\"index, follow, max-snippet:-1, max-image-preview:large, max-video-preview:-1\" \/>\n<link rel=\"canonical\" href=\"https:\/\/7culture.ci\/index.php\/2022\/08\/26\/eunice-zunon-fait-son-mea-culpa-apres-la-bagarre-avec-tenor\/\" \/>\n<meta property=\"og:locale\" content=\"fr_FR\" \/>\n<meta property=\"og:type\" content=\"article\" \/>\n<meta property=\"og:title\" content=\"Eunice Zunon fait son mea culpa apr\u00e8s la bagarre avec T\u00e9nor -\" \/>\n<meta property=\"og:description\" content=\"Apr\u00e8s la bagarre avec son copain qui a caus\u00e9 la rupture de leur relation et une vive pol\u00e9mique sur les r\u00e9seaux sociaux, la web-humoriste ivoirienne, Eunice Zunon, regrette son acte. &nbsp;Eunice a pr\u00e9sent\u00e9 des excuses \u00e0 ses fans et proches pour la sc\u00e8ne d\u00e9shonorante dans laquelle elle s\u2019est retrouv\u00e9e. \u00ab Humblement, je demande pardon&nbsp;\u00bb, a-t-elle &hellip; Eunice Zunon fait son mea culpa apr\u00e8s la bagarre avec T\u00e9nor Lire la suite\u00a0\u00bb\" \/>\n<meta property=\"og:url\" content=\"https:\/\/7culture.ci\/index.php\/2022\/08\/26\/eunice-zunon-fait-son-mea-culpa-apres-la-bagarre-avec-tenor\/\" \/>\n<meta property=\"og:site_name\" content=\"7culture\" \/>\n<meta property=\"article:publisher\" content=\"https:\/\/www.facebook.com\/redchefclaude\" \/>\n<meta property=\"article:published_time\" content=\"2022-08-26T15:34:28+00:00\" \/>\n<meta property=\"article:modified_time\" content=\"2022-08-27T12:55:21+00:00\" \/>\n<meta property=\"og:image\" content=\"http:\/\/7culture.ci\/wp-content\/uploads\/2022\/08\/eunice1.jpg\" \/>\n\t<meta property=\"og:image:width\" content=\"1021\" \/>\n\t<meta property=\"og:image:height\" content=\"746\" \/>\n\t<meta property=\"og:image:type\" content=\"image\/jpeg\" \/>\n<meta name=\"author\" content=\"7culture2020\" \/>\n<meta name=\"twitter:card\" content=\"summary_large_image\" \/>\n<meta name=\"twitter:creator\" content=\"@7culturec\" \/>\n<meta name=\"twitter:site\" content=\"@7culturec\" \/>\n<meta name=\"twitter:label1\" content=\"\u00c9crit par\" \/>\n\t<meta name=\"twitter:data1\" content=\"7culture2020\" \/>\n\t<meta name=\"twitter:label2\" content=\"Dur\u00e9e de lecture estim\u00e9e\" \/>\n\t<meta name=\"twitter:data2\" content=\"4 minutes\" \/>\n<script type=\"application\/ld+json\" class=\"yoast-schema-graph\">{\"@context\":\"https:\/\/schema.org\",\"@graph\":[{\"@type\":\"Article\",\"@id\":\"https:\/\/7culture.ci\/index.php\/2022\/08\/26\/eunice-zunon-fait-son-mea-culpa-apres-la-bagarre-avec-tenor\/#article\",\"isPartOf\":{\"@id\":\"https:\/\/7culture.ci\/index.php\/2022\/08\/26\/eunice-zunon-fait-son-mea-culpa-apres-la-bagarre-avec-tenor\/\"},\"author\":{\"name\":\"7culture2020\",\"@id\":\"https:\/\/7culture.ci\/#\/schema\/person\/16150d28d7ef66ba788c1f87f28c4426\"},\"headline\":\"Eunice Zunon fait son mea culpa apr\u00e8s la bagarre avec T\u00e9nor\",\"datePublished\":\"2022-08-26T15:34:28+00:00\",\"dateModified\":\"2022-08-27T12:55:21+00:00\",\"mainEntityOfPage\":{\"@id\":\"https:\/\/7culture.ci\/index.php\/2022\/08\/26\/eunice-zunon-fait-son-mea-culpa-apres-la-bagarre-avec-tenor\/\"},\"wordCount\":590,\"commentCount\":0,\"publisher\":{\"@id\":\"https:\/\/7culture.ci\/#organization\"},\"articleSection\":[\"Actualit\u00e9\"],\"inLanguage\":\"fr-FR\",\"potentialAction\":[{\"@type\":\"CommentAction\",\"name\":\"Comment\",\"target\":[\"https:\/\/7culture.ci\/index.php\/2022\/08\/26\/eunice-zunon-fait-son-mea-culpa-apres-la-bagarre-avec-tenor\/#respond\"]}]},{\"@type\":\"WebPage\",\"@id\":\"https:\/\/7culture.ci\/index.php\/2022\/08\/26\/eunice-zunon-fait-son-mea-culpa-apres-la-bagarre-avec-tenor\/\",\"url\":\"https:\/\/7culture.ci\/index.php\/2022\/08\/26\/eunice-zunon-fait-son-mea-culpa-apres-la-bagarre-avec-tenor\/\",\"name\":\"Eunice Zunon fait son mea culpa apr\u00e8s la bagarre avec T\u00e9nor -\",\"isPartOf\":{\"@id\":\"https:\/\/7culture.ci\/#website\"},\"datePublished\":\"2022-08-26T15:34:28+00:00\",\"dateModified\":\"2022-08-27T12:55:21+00:00\",\"breadcrumb\":{\"@id\":\"https:\/\/7culture.ci\/index.php\/2022\/08\/26\/eunice-zunon-fait-son-mea-culpa-apres-la-bagarre-avec-tenor\/#breadcrumb\"},\"inLanguage\":\"fr-FR\",\"potentialAction\":[{\"@type\":\"ReadAction\",\"target\":[\"https:\/\/7culture.ci\/index.php\/2022\/08\/26\/eunice-zunon-fait-son-mea-culpa-apres-la-bagarre-avec-tenor\/\"]}]},{\"@type\":\"BreadcrumbList\",\"@id\":\"https:\/\/7culture.ci\/index.php\/2022\/08\/26\/eunice-zunon-fait-son-mea-culpa-apres-la-bagarre-avec-tenor\/#breadcrumb\",\"itemListElement\":[{\"@type\":\"ListItem\",\"position\":1,\"name\":\"Accueil\",\"item\":\"https:\/\/7culture.ci\/\"},{\"@type\":\"ListItem\",\"position\":2,\"name\":\"Eunice Zunon fait son mea culpa apr\u00e8s la bagarre avec T\u00e9nor\"}]},{\"@type\":\"WebSite\",\"@id\":\"https:\/\/7culture.ci\/#website\",\"url\":\"https:\/\/7culture.ci\/\",\"name\":\"7culture\",\"description\":\"Tout sur l&#039;actualit\u00e9\",\"publisher\":{\"@id\":\"https:\/\/7culture.ci\/#organization\"},\"potentialAction\":[{\"@type\":\"SearchAction\",\"target\":{\"@type\":\"EntryPoint\",\"urlTemplate\":\"https:\/\/7culture.ci\/?s={search_term_string}\"},\"query-input\":\"required name=search_term_string\"}],\"inLanguage\":\"fr-FR\"},{\"@type\":\"Organization\",\"@id\":\"https:\/\/7culture.ci\/#organization\",\"name\":\"7culture\",\"url\":\"https:\/\/7culture.ci\/\",\"sameAs\":[\"https:\/\/www.facebook.com\/redchefclaude\",\"https:\/\/twitter.com\/7culturec\"],\"logo\":{\"@type\":\"ImageObject\",\"inLanguage\":\"fr-FR\",\"@id\":\"https:\/\/7culture.ci\/#\/schema\/logo\/image\/\",\"url\":\"https:\/\/7culture.ci\/wp-content\/uploads\/2021\/12\/S1a-1.png\",\"contentUrl\":\"https:\/\/7culture.ci\/wp-content\/uploads\/2021\/12\/S1a-1.png\",\"width\":588,\"height\":192,\"caption\":\"7culture\"},\"image\":{\"@id\":\"https:\/\/7culture.ci\/#\/schema\/logo\/image\/\"}},{\"@type\":\"Person\",\"@id\":\"https:\/\/7culture.ci\/#\/schema\/person\/16150d28d7ef66ba788c1f87f28c4426\",\"name\":\"7culture2020\",\"image\":{\"@type\":\"ImageObject\",\"inLanguage\":\"fr-FR\",\"@id\":\"https:\/\/7culture.ci\/#\/schema\/person\/image\/\",\"url\":\"https:\/\/secure.gravatar.com\/avatar\/9a0784f951306c37bcd065f52844ef95?s=96&d=mm&r=g\",\"contentUrl\":\"https:\/\/secure.gravatar.com\/avatar\/9a0784f951306c37bcd065f52844ef95?s=96&d=mm&r=g\",\"caption\":\"7culture2020\"},\"sameAs\":[\"http:\/\/7culture.ci\",\"Claude.kipre\"],\"url\":\"https:\/\/7culture.ci\/index.php\/author\/7culture2020\/\"}]}<\/script>\n<!-- \/ Yoast SEO plugin. -->","yoast_head_json":{"title":"Eunice Zunon fait son mea culpa apr\u00e8s la bagarre avec T\u00e9nor -","robots":{"index":"index","follow":"follow","max-snippet":"max-snippet:-1","max-image-preview":"max-image-preview:large","max-video-preview":"max-video-preview:-1"},"canonical":"https:\/\/7culture.ci\/index.php\/2022\/08\/26\/eunice-zunon-fait-son-mea-culpa-apres-la-bagarre-avec-tenor\/","og_locale":"fr_FR","og_type":"article","og_title":"Eunice Zunon fait son mea culpa apr\u00e8s la bagarre avec T\u00e9nor -","og_description":"Apr\u00e8s la bagarre avec son copain qui a caus\u00e9 la rupture de leur relation et une vive pol\u00e9mique sur les r\u00e9seaux sociaux, la web-humoriste ivoirienne, Eunice Zunon, regrette son acte. &nbsp;Eunice a pr\u00e9sent\u00e9 des excuses \u00e0 ses fans et proches pour la sc\u00e8ne d\u00e9shonorante dans laquelle elle s\u2019est retrouv\u00e9e. \u00ab Humblement, je demande pardon&nbsp;\u00bb, a-t-elle &hellip; Eunice Zunon fait son mea culpa apr\u00e8s la bagarre avec T\u00e9nor Lire la suite\u00a0\u00bb","og_url":"https:\/\/7culture.ci\/index.php\/2022\/08\/26\/eunice-zunon-fait-son-mea-culpa-apres-la-bagarre-avec-tenor\/","og_site_name":"7culture","article_publisher":"https:\/\/www.facebook.com\/redchefclaude","article_published_time":"2022-08-26T15:34:28+00:00","article_modified_time":"2022-08-27T12:55:21+00:00","og_image":[{"width":1021,"height":746,"url":"http:\/\/7culture.ci\/wp-content\/uploads\/2022\/08\/eunice1.jpg","type":"image\/jpeg"}],"author":"7culture2020","twitter_card":"summary_large_image","twitter_creator":"@7culturec","twitter_site":"@7culturec","twitter_misc":{"\u00c9crit par":"7culture2020","Dur\u00e9e de lecture estim\u00e9e":"4 minutes"},"schema":{"@context":"https:\/\/schema.org","@graph":[{"@type":"Article","@id":"https:\/\/7culture.ci\/index.php\/2022\/08\/26\/eunice-zunon-fait-son-mea-culpa-apres-la-bagarre-avec-tenor\/#article","isPartOf":{"@id":"https:\/\/7culture.ci\/index.php\/2022\/08\/26\/eunice-zunon-fait-son-mea-culpa-apres-la-bagarre-avec-tenor\/"},"author":{"name":"7culture2020","@id":"https:\/\/7culture.ci\/#\/schema\/person\/16150d28d7ef66ba788c1f87f28c4426"},"headline":"Eunice Zunon fait son mea culpa apr\u00e8s la bagarre avec T\u00e9nor","datePublished":"2022-08-26T15:34:28+00:00","dateModified":"2022-08-27T12:55:21+00:00","mainEntityOfPage":{"@id":"https:\/\/7culture.ci\/index.php\/2022\/08\/26\/eunice-zunon-fait-son-mea-culpa-apres-la-bagarre-avec-tenor\/"},"wordCount":590,"commentCount":0,"publisher":{"@id":"https:\/\/7culture.ci\/#organization"},"articleSection":["Actualit\u00e9"],"inLanguage":"fr-FR","potentialAction":[{"@type":"CommentAction","name":"Comment","target":["https:\/\/7culture.ci\/index.php\/2022\/08\/26\/eunice-zunon-fait-son-mea-culpa-apres-la-bagarre-avec-tenor\/#respond"]}]},{"@type":"WebPage","@id":"https:\/\/7culture.ci\/index.php\/2022\/08\/26\/eunice-zunon-fait-son-mea-culpa-apres-la-bagarre-avec-tenor\/","url":"https:\/\/7culture.ci\/index.php\/2022\/08\/26\/eunice-zunon-fait-son-mea-culpa-apres-la-bagarre-avec-tenor\/","name":"Eunice Zunon fait son mea culpa apr\u00e8s la bagarre avec T\u00e9nor -","isPartOf":{"@id":"https:\/\/7culture.ci\/#website"},"datePublished":"2022-08-26T15:34:28+00:00","dateModified":"2022-08-27T12:55:21+00:00","breadcrumb":{"@id":"https:\/\/7culture.ci\/index.php\/2022\/08\/26\/eunice-zunon-fait-son-mea-culpa-apres-la-bagarre-avec-tenor\/#breadcrumb"},"inLanguage":"fr-FR","potentialAction":[{"@type":"ReadAction","target":["https:\/\/7culture.ci\/index.php\/2022\/08\/26\/eunice-zunon-fait-son-mea-culpa-apres-la-bagarre-avec-tenor\/"]}]},{"@type":"BreadcrumbList","@id":"https:\/\/7culture.ci\/index.php\/2022\/08\/26\/eunice-zunon-fait-son-mea-culpa-apres-la-bagarre-avec-tenor\/#breadcrumb","itemListElement":[{"@type":"ListItem","position":1,"name":"Accueil","item":"https:\/\/7culture.ci\/"},{"@type":"ListItem","position":2,"name":"Eunice Zunon fait son mea culpa apr\u00e8s la bagarre avec T\u00e9nor"}]},{"@type":"WebSite","@id":"https:\/\/7culture.ci\/#website","url":"https:\/\/7culture.ci\/","name":"7culture","description":"Tout sur l&#039;actualit\u00e9","publisher":{"@id":"https:\/\/7culture.ci\/#organization"},"potentialAction":[{"@type":"SearchAction","target":{"@type":"EntryPoint","urlTemplate":"https:\/\/7culture.ci\/?s={search_term_string}"},"query-input":"required name=search_term_string"}],"inLanguage":"fr-FR"},{"@type":"Organization","@id":"https:\/\/7culture.ci\/#organization","name":"7culture","url":"https:\/\/7culture.ci\/","sameAs":["https:\/\/www.facebook.com\/redchefclaude","https:\/\/twitter.com\/7culturec"],"logo":{"@type":"ImageObject","inLanguage":"fr-FR","@id":"https:\/\/7culture.ci\/#\/schema\/logo\/image\/","url":"https:\/\/7culture.ci\/wp-content\/uploads\/2021\/12\/S1a-1.png","contentUrl":"https:\/\/7culture.ci\/wp-content\/uploads\/2021\/12\/S1a-1.png","width":588,"height":192,"caption":"7culture"},"image":{"@id":"https:\/\/7culture.ci\/#\/schema\/logo\/image\/"}},{"@type":"Person","@id":"https:\/\/7culture.ci\/#\/schema\/person\/16150d28d7ef66ba788c1f87f28c4426","name":"7culture2020","image":{"@type":"ImageObject","inLanguage":"fr-FR","@id":"https:\/\/7culture.ci\/#\/schema\/person\/image\/","url":"https:\/\/secure.gravatar.com\/avatar\/9a0784f951306c37bcd065f52844ef95?s=96&d=mm&r=g","contentUrl":"https:\/\/secure.gravatar.com\/avatar\/9a0784f951306c37bcd065f52844ef95?s=96&d=mm&r=g","caption":"7culture2020"},"sameAs":["http:\/\/7culture.ci","Claude.kipre"],"url":"https:\/\/7culture.ci\/index.php\/author\/7culture2020\/"}]}},"jetpack_featured_media_url":"https:\/\/7culture.ci\/wp-content\/uploads\/2022\/08\/eunice1.jpg","jetpack_likes_enabled":true,"jetpack_sharing_enabled":true,"_links":{"self":[{"href":"https:\/\/7culture.ci\/index.php\/wp-json\/wp\/v2\/posts\/23507"}],"collection":[{"href":"https:\/\/7culture.ci\/index.php\/wp-json\/wp\/v2\/posts"}],"about":[{"href":"https:\/\/7culture.ci\/index.php\/wp-json\/wp\/v2\/types\/post"}],"author":[{"embeddable":true,"href":"https:\/\/7culture.ci\/index.php\/wp-json\/wp\/v2\/users\/1"}],"replies":[{"embeddable":true,"href":"https:\/\/7culture.ci\/index.php\/wp-json\/wp\/v2\/comments?post=23507"}],"version-history":[{"count":0,"href":"https:\/\/7culture.ci\/index.php\/wp-json\/wp\/v2\/posts\/23507\/revisions"}],"wp:featuredmedia":[{"embeddable":true,"href":"https:\/\/7culture.ci\/index.php\/wp-json\/wp\/v2\/media\/23508"}],"wp:attachment":[{"href":"https:\/\/7culture.ci\/index.php\/wp-json\/wp\/v2\/media?parent=23507"}],"wp:term":[{"taxonomy":"category","embeddable":true,"href":"https:\/\/7culture.ci\/index.php\/wp-json\/wp\/v2\/categories?post=23507"},{"taxonomy":"post_tag","embeddable":true,"href":"https:\/\/7culture.ci\/index.php\/wp-json\/wp\/v2\/tags?post=23507"}],"curies":[{"name":"wp","href":"https:\/\/api.w.org\/{rel}","templated":true}]}}