{"id":23500,"date":"2022-08-26T15:10:59","date_gmt":"2022-08-26T15:10:59","guid":{"rendered":"https:\/\/7culture.ci\/?p=23500"},"modified":"2022-08-26T15:36:52","modified_gmt":"2022-08-26T15:36:52","slug":"wozo-vacances-2022-les-anges-de-la-tribu-sahapleu-de-danane-sortent-vainqueurs","status":"publish","type":"post","link":"https:\/\/7culture.ci\/index.php\/2022\/08\/26\/wozo-vacances-2022-les-anges-de-la-tribu-sahapleu-de-danane-sortent-vainqueurs\/","title":{"rendered":"Wozo Vacances 2022\u00a0: \u2018\u2019Les anges de la tribu sahapleu de Danan\u00e9\u2019\u2019 sortent \u00a0vainqueurs"},"content":{"rendered":"\n<p>Le groupe \u2018\u2019 Les anges de la tribu sahapleu de Danan\u00e9\u2019\u2019 s\u2019est hiss\u00e9 \u00e0 la premi\u00e8re marche de la finale de Wozo Vacances 2022, qui s\u2019est d\u00e9roul\u00e9e&nbsp;le mercredi 24 ao\u00fbt 2022, au palais de la culture de Treichville.<\/p>\n\n\n\n<p>Pour cette finale, quatre groupes \u00e9taient en comp\u00e9tition, \u00e0 savoir \u2018\u2019 Les anges de la tribu sahapleu de Danan\u00e9\u2019\u2019, \u2018\u2019Les enfants \u00e9mergents de Yopougon\u2019\u2019, \u2018\u2019Les tagbampiles de M\u2019Bengue\u2019\u2019 et \u2018\u2019Les Mini p\u00e9troliers de la cit\u00e9 SIR de Cocody\u2019\u2019. Selon le jury, les diff\u00e9rentes prestations de chaque groupe \u00e9taient de haut niveau. Mais \u2018\u2019Les anges de la tribu sahapleu de Danan\u00e9\u2019\u2019 ont fait la diff\u00e9rence au niveau du conte d\u00e9nomm\u00e9 \u2018\u2019l\u2019\u00e9cureuil et le varan\u2019\u2019 o\u00f9 ils ont savamment esquiss\u00e9 un m\u00e9lange de danse venu du pays \u2018\u2019W\u00e8&nbsp;\u2018\u2019 comme danse traditionnelle. Ils ont par ailleurs r\u00e9ussi l\u2019imitation de l\u2019artiste couper-d\u00e9caler, Ariel Sheney, en play-back.<\/p>\n\n\n\n<figure class=\"wp-block-gallery has-nested-images columns-default is-cropped wp-block-gallery-1 is-layout-flex wp-block-gallery-is-layout-flex\">\n<figure class=\"wp-block-image size-large\"><img loading=\"lazy\" decoding=\"async\" width=\"720\" height=\"480\" data-id=\"23502\" src=\"https:\/\/7culture.ci\/wp-content\/uploads\/2022\/08\/WhatsApp-Image-2022-08-25-at-13.35.20.jpeg\" alt=\"\" class=\"wp-image-23502\" srcset=\"https:\/\/7culture.ci\/wp-content\/uploads\/2022\/08\/WhatsApp-Image-2022-08-25-at-13.35.20.jpeg 720w, https:\/\/7culture.ci\/wp-content\/uploads\/2022\/08\/WhatsApp-Image-2022-08-25-at-13.35.20-300x200.jpeg 300w\" sizes=\"(max-width: 720px) 100vw, 720px\" \/><\/figure>\n\n\n\n<figure class=\"wp-block-image size-large\"><img loading=\"lazy\" decoding=\"async\" width=\"720\" height=\"480\" data-id=\"23503\" src=\"https:\/\/7culture.ci\/wp-content\/uploads\/2022\/08\/WhatsApp-Image-2022-08-25-at-13.35.21.jpeg\" alt=\"\" class=\"wp-image-23503\" srcset=\"https:\/\/7culture.ci\/wp-content\/uploads\/2022\/08\/WhatsApp-Image-2022-08-25-at-13.35.21.jpeg 720w, https:\/\/7culture.ci\/wp-content\/uploads\/2022\/08\/WhatsApp-Image-2022-08-25-at-13.35.21-300x200.jpeg 300w\" sizes=\"(max-width: 720px) 100vw, 720px\" \/><\/figure>\n\n\n\n<figure class=\"wp-block-image size-large\"><img loading=\"lazy\" decoding=\"async\" width=\"720\" height=\"480\" data-id=\"23504\" src=\"https:\/\/7culture.ci\/wp-content\/uploads\/2022\/08\/WhatsApp-Image-2022-08-25-at-13.35.22.jpeg\" alt=\"\" class=\"wp-image-23504\" srcset=\"https:\/\/7culture.ci\/wp-content\/uploads\/2022\/08\/WhatsApp-Image-2022-08-25-at-13.35.22.jpeg 720w, https:\/\/7culture.ci\/wp-content\/uploads\/2022\/08\/WhatsApp-Image-2022-08-25-at-13.35.22-300x200.jpeg 300w\" sizes=\"(max-width: 720px) 100vw, 720px\" \/><\/figure>\n<\/figure>\n\n\n\n<p>A la grande finale de Wozo Vacances 2022, les artistes Ariel Sheney, Safarel Obiang et DJ Kerozen \u00e9taient les guest-stars.<\/p>\n\n\n\n<p>Thierry Samuel<\/p>\n","protected":false},"excerpt":{"rendered":"<p>Le groupe \u2018\u2019 Les anges de la tribu sahapleu de Danan\u00e9\u2019\u2019 s\u2019est hiss\u00e9 \u00e0 la premi\u00e8re marche de la finale de Wozo Vacances 2022, qui s\u2019est d\u00e9roul\u00e9e&nbsp;le mercredi 24 ao\u00fbt 2022, au palais de la culture de Treichville. Pour cette finale, quatre groupes \u00e9taient en comp\u00e9tition, \u00e0 savoir \u2018\u2019 Les anges de la tribu sahapleu &hellip;<\/p>\n<p class=\"read-more\"> <a class=\"\" href=\"https:\/\/7culture.ci\/index.php\/2022\/08\/26\/wozo-vacances-2022-les-anges-de-la-tribu-sahapleu-de-danane-sortent-vainqueurs\/\"> <span class=\"screen-reader-text\">Wozo Vacances 2022\u00a0: \u2018\u2019Les anges de la tribu sahapleu de Danan\u00e9\u2019\u2019 sortent \u00a0vainqueurs<\/span> Lire la suite\u00a0\u00bb<\/a><\/p>\n","protected":false},"author":1,"featured_media":23501,"comment_status":"open","ping_status":"open","sticky":false,"template":"","format":"standard","meta":{"_mi_skip_tracking":false,"_monsterinsights_sitenote_active":false,"_monsterinsights_sitenote_note":"","_monsterinsights_sitenote_category":0,"site-sidebar-layout":"default","site-content-layout":"default","ast-global-header-display":"","ast-main-header-display":"","ast-hfb-above-header-display":"","ast-hfb-below-header-display":"","ast-hfb-mobile-header-display":"","site-post-title":"","ast-breadcrumbs-content":"","ast-featured-img":"","footer-sml-layout":"","theme-transparent-header-meta":"","adv-header-id-meta":"","stick-header-meta":"","header-above-stick-meta":"","header-main-stick-meta":"","header-below-stick-meta":"","footnotes":"","jetpack_publicize_message":"","jetpack_is_tweetstorm":false,"jetpack_publicize_feature_enabled":true},"categories":[22],"tags":[],"jetpack_publicize_connections":[],"acf":[],"aioseo_notices":[],"yoast_head":"<!-- This site is optimized with the Yoast SEO plugin v19.6.1 - https:\/\/yoast.com\/wordpress\/plugins\/seo\/ -->\n<title>Wozo Vacances 2022\u00a0: \u2018\u2019Les anges de la tribu sahapleu de Danan\u00e9\u2019\u2019 sortent \u00a0vainqueurs - 7culture<\/title>\n<meta name=\"robots\" content=\"index, follow, max-snippet:-1, max-image-preview:large, max-video-preview:-1\" \/>\n<link rel=\"canonical\" href=\"https:\/\/7culture.ci\/index.php\/2022\/08\/26\/wozo-vacances-2022-les-anges-de-la-tribu-sahapleu-de-danane-sortent-vainqueurs\/\" \/>\n<meta property=\"og:locale\" content=\"fr_FR\" \/>\n<meta property=\"og:type\" content=\"article\" \/>\n<meta property=\"og:title\" content=\"Wozo Vacances 2022\u00a0: \u2018\u2019Les anges de la tribu sahapleu de Danan\u00e9\u2019\u2019 sortent \u00a0vainqueurs - 7culture\" \/>\n<meta property=\"og:description\" content=\"Le groupe \u2018\u2019 Les anges de la tribu sahapleu de Danan\u00e9\u2019\u2019 s\u2019est hiss\u00e9 \u00e0 la premi\u00e8re marche de la finale de Wozo Vacances 2022, qui s\u2019est d\u00e9roul\u00e9e&nbsp;le mercredi 24 ao\u00fbt 2022, au palais de la culture de Treichville. Pour cette finale, quatre groupes \u00e9taient en comp\u00e9tition, \u00e0 savoir \u2018\u2019 Les anges de la tribu sahapleu &hellip; Wozo Vacances 2022\u00a0: \u2018\u2019Les anges de la tribu sahapleu de Danan\u00e9\u2019\u2019 sortent \u00a0vainqueurs Lire la suite\u00a0\u00bb\" \/>\n<meta property=\"og:url\" content=\"https:\/\/7culture.ci\/index.php\/2022\/08\/26\/wozo-vacances-2022-les-anges-de-la-tribu-sahapleu-de-danane-sortent-vainqueurs\/\" \/>\n<meta property=\"og:site_name\" content=\"7culture\" \/>\n<meta property=\"article:publisher\" content=\"https:\/\/www.facebook.com\/redchefclaude\" \/>\n<meta property=\"article:published_time\" content=\"2022-08-26T15:10:59+00:00\" \/>\n<meta property=\"article:modified_time\" content=\"2022-08-26T15:36:52+00:00\" \/>\n<meta property=\"og:image\" content=\"http:\/\/7culture.ci\/wp-content\/uploads\/2022\/08\/WhatsApp-Image-2022-08-25-at-13.35.20-1.jpeg\" \/>\n\t<meta property=\"og:image:width\" content=\"720\" \/>\n\t<meta property=\"og:image:height\" content=\"480\" \/>\n\t<meta property=\"og:image:type\" content=\"image\/jpeg\" \/>\n<meta name=\"author\" content=\"7culture2020\" \/>\n<meta name=\"twitter:card\" content=\"summary_large_image\" \/>\n<meta name=\"twitter:creator\" content=\"@7culturec\" \/>\n<meta name=\"twitter:site\" content=\"@7culturec\" \/>\n<meta name=\"twitter:label1\" content=\"\u00c9crit par\" \/>\n\t<meta name=\"twitter:data1\" content=\"7culture2020\" \/>\n\t<meta name=\"twitter:label2\" content=\"Dur\u00e9e de lecture estim\u00e9e\" \/>\n\t<meta name=\"twitter:data2\" content=\"2 minutes\" \/>\n<script type=\"application\/ld+json\" class=\"yoast-schema-graph\">{\"@context\":\"https:\/\/schema.org\",\"@graph\":[{\"@type\":\"Article\",\"@id\":\"https:\/\/7culture.ci\/index.php\/2022\/08\/26\/wozo-vacances-2022-les-anges-de-la-tribu-sahapleu-de-danane-sortent-vainqueurs\/#article\",\"isPartOf\":{\"@id\":\"https:\/\/7culture.ci\/index.php\/2022\/08\/26\/wozo-vacances-2022-les-anges-de-la-tribu-sahapleu-de-danane-sortent-vainqueurs\/\"},\"author\":{\"name\":\"7culture2020\",\"@id\":\"https:\/\/7culture.ci\/#\/schema\/person\/16150d28d7ef66ba788c1f87f28c4426\"},\"headline\":\"Wozo Vacances 2022\u00a0: \u2018\u2019Les anges de la tribu sahapleu de Danan\u00e9\u2019\u2019 sortent \u00a0vainqueurs\",\"datePublished\":\"2022-08-26T15:10:59+00:00\",\"dateModified\":\"2022-08-26T15:36:52+00:00\",\"mainEntityOfPage\":{\"@id\":\"https:\/\/7culture.ci\/index.php\/2022\/08\/26\/wozo-vacances-2022-les-anges-de-la-tribu-sahapleu-de-danane-sortent-vainqueurs\/\"},\"wordCount\":187,\"commentCount\":0,\"publisher\":{\"@id\":\"https:\/\/7culture.ci\/#organization\"},\"articleSection\":[\"Actualit\u00e9\"],\"inLanguage\":\"fr-FR\",\"potentialAction\":[{\"@type\":\"CommentAction\",\"name\":\"Comment\",\"target\":[\"https:\/\/7culture.ci\/index.php\/2022\/08\/26\/wozo-vacances-2022-les-anges-de-la-tribu-sahapleu-de-danane-sortent-vainqueurs\/#respond\"]}]},{\"@type\":\"WebPage\",\"@id\":\"https:\/\/7culture.ci\/index.php\/2022\/08\/26\/wozo-vacances-2022-les-anges-de-la-tribu-sahapleu-de-danane-sortent-vainqueurs\/\",\"url\":\"https:\/\/7culture.ci\/index.php\/2022\/08\/26\/wozo-vacances-2022-les-anges-de-la-tribu-sahapleu-de-danane-sortent-vainqueurs\/\",\"name\":\"Wozo Vacances 2022\u00a0: \u2018\u2019Les anges de la tribu sahapleu de Danan\u00e9\u2019\u2019 sortent \u00a0vainqueurs - 7culture\",\"isPartOf\":{\"@id\":\"https:\/\/7culture.ci\/#website\"},\"datePublished\":\"2022-08-26T15:10:59+00:00\",\"dateModified\":\"2022-08-26T15:36:52+00:00\",\"breadcrumb\":{\"@id\":\"https:\/\/7culture.ci\/index.php\/2022\/08\/26\/wozo-vacances-2022-les-anges-de-la-tribu-sahapleu-de-danane-sortent-vainqueurs\/#breadcrumb\"},\"inLanguage\":\"fr-FR\",\"potentialAction\":[{\"@type\":\"ReadAction\",\"target\":[\"https:\/\/7culture.ci\/index.php\/2022\/08\/26\/wozo-vacances-2022-les-anges-de-la-tribu-sahapleu-de-danane-sortent-vainqueurs\/\"]}]},{\"@type\":\"BreadcrumbList\",\"@id\":\"https:\/\/7culture.ci\/index.php\/2022\/08\/26\/wozo-vacances-2022-les-anges-de-la-tribu-sahapleu-de-danane-sortent-vainqueurs\/#breadcrumb\",\"itemListElement\":[{\"@type\":\"ListItem\",\"position\":1,\"name\":\"Accueil\",\"item\":\"https:\/\/7culture.ci\/\"},{\"@type\":\"ListItem\",\"position\":2,\"name\":\"Wozo Vacances 2022\u00a0: \u2018\u2019Les anges de la tribu sahapleu de Danan\u00e9\u2019\u2019 sortent \u00a0vainqueurs\"}]},{\"@type\":\"WebSite\",\"@id\":\"https:\/\/7culture.ci\/#website\",\"url\":\"https:\/\/7culture.ci\/\",\"name\":\"7culture\",\"description\":\"Tout sur l&#039;actualit\u00e9\",\"publisher\":{\"@id\":\"https:\/\/7culture.ci\/#organization\"},\"potentialAction\":[{\"@type\":\"SearchAction\",\"target\":{\"@type\":\"EntryPoint\",\"urlTemplate\":\"https:\/\/7culture.ci\/?s={search_term_string}\"},\"query-input\":\"required name=search_term_string\"}],\"inLanguage\":\"fr-FR\"},{\"@type\":\"Organization\",\"@id\":\"https:\/\/7culture.ci\/#organization\",\"name\":\"7culture\",\"url\":\"https:\/\/7culture.ci\/\",\"sameAs\":[\"https:\/\/www.facebook.com\/redchefclaude\",\"https:\/\/twitter.com\/7culturec\"],\"logo\":{\"@type\":\"ImageObject\",\"inLanguage\":\"fr-FR\",\"@id\":\"https:\/\/7culture.ci\/#\/schema\/logo\/image\/\",\"url\":\"https:\/\/7culture.ci\/wp-content\/uploads\/2021\/12\/S1a-1.png\",\"contentUrl\":\"https:\/\/7culture.ci\/wp-content\/uploads\/2021\/12\/S1a-1.png\",\"width\":588,\"height\":192,\"caption\":\"7culture\"},\"image\":{\"@id\":\"https:\/\/7culture.ci\/#\/schema\/logo\/image\/\"}},{\"@type\":\"Person\",\"@id\":\"https:\/\/7culture.ci\/#\/schema\/person\/16150d28d7ef66ba788c1f87f28c4426\",\"name\":\"7culture2020\",\"image\":{\"@type\":\"ImageObject\",\"inLanguage\":\"fr-FR\",\"@id\":\"https:\/\/7culture.ci\/#\/schema\/person\/image\/\",\"url\":\"https:\/\/secure.gravatar.com\/avatar\/9a0784f951306c37bcd065f52844ef95?s=96&d=mm&r=g\",\"contentUrl\":\"https:\/\/secure.gravatar.com\/avatar\/9a0784f951306c37bcd065f52844ef95?s=96&d=mm&r=g\",\"caption\":\"7culture2020\"},\"sameAs\":[\"http:\/\/7culture.ci\",\"Claude.kipre\"],\"url\":\"https:\/\/7culture.ci\/index.php\/author\/7culture2020\/\"}]}<\/script>\n<!-- \/ Yoast SEO plugin. -->","yoast_head_json":{"title":"Wozo Vacances 2022\u00a0: \u2018\u2019Les anges de la tribu sahapleu de Danan\u00e9\u2019\u2019 sortent \u00a0vainqueurs - 7culture","robots":{"index":"index","follow":"follow","max-snippet":"max-snippet:-1","max-image-preview":"max-image-preview:large","max-video-preview":"max-video-preview:-1"},"canonical":"https:\/\/7culture.ci\/index.php\/2022\/08\/26\/wozo-vacances-2022-les-anges-de-la-tribu-sahapleu-de-danane-sortent-vainqueurs\/","og_locale":"fr_FR","og_type":"article","og_title":"Wozo Vacances 2022\u00a0: \u2018\u2019Les anges de la tribu sahapleu de Danan\u00e9\u2019\u2019 sortent \u00a0vainqueurs - 7culture","og_description":"Le groupe \u2018\u2019 Les anges de la tribu sahapleu de Danan\u00e9\u2019\u2019 s\u2019est hiss\u00e9 \u00e0 la premi\u00e8re marche de la finale de Wozo Vacances 2022, qui s\u2019est d\u00e9roul\u00e9e&nbsp;le mercredi 24 ao\u00fbt 2022, au palais de la culture de Treichville. Pour cette finale, quatre groupes \u00e9taient en comp\u00e9tition, \u00e0 savoir \u2018\u2019 Les anges de la tribu sahapleu &hellip; Wozo Vacances 2022\u00a0: \u2018\u2019Les anges de la tribu sahapleu de Danan\u00e9\u2019\u2019 sortent \u00a0vainqueurs Lire la suite\u00a0\u00bb","og_url":"https:\/\/7culture.ci\/index.php\/2022\/08\/26\/wozo-vacances-2022-les-anges-de-la-tribu-sahapleu-de-danane-sortent-vainqueurs\/","og_site_name":"7culture","article_publisher":"https:\/\/www.facebook.com\/redchefclaude","article_published_time":"2022-08-26T15:10:59+00:00","article_modified_time":"2022-08-26T15:36:52+00:00","og_image":[{"width":720,"height":480,"url":"http:\/\/7culture.ci\/wp-content\/uploads\/2022\/08\/WhatsApp-Image-2022-08-25-at-13.35.20-1.jpeg","type":"image\/jpeg"}],"author":"7culture2020","twitter_card":"summary_large_image","twitter_creator":"@7culturec","twitter_site":"@7culturec","twitter_misc":{"\u00c9crit par":"7culture2020","Dur\u00e9e de lecture estim\u00e9e":"2 minutes"},"schema":{"@context":"https:\/\/schema.org","@graph":[{"@type":"Article","@id":"https:\/\/7culture.ci\/index.php\/2022\/08\/26\/wozo-vacances-2022-les-anges-de-la-tribu-sahapleu-de-danane-sortent-vainqueurs\/#article","isPartOf":{"@id":"https:\/\/7culture.ci\/index.php\/2022\/08\/26\/wozo-vacances-2022-les-anges-de-la-tribu-sahapleu-de-danane-sortent-vainqueurs\/"},"author":{"name":"7culture2020","@id":"https:\/\/7culture.ci\/#\/schema\/person\/16150d28d7ef66ba788c1f87f28c4426"},"headline":"Wozo Vacances 2022\u00a0: \u2018\u2019Les anges de la tribu sahapleu de Danan\u00e9\u2019\u2019 sortent \u00a0vainqueurs","datePublished":"2022-08-26T15:10:59+00:00","dateModified":"2022-08-26T15:36:52+00:00","mainEntityOfPage":{"@id":"https:\/\/7culture.ci\/index.php\/2022\/08\/26\/wozo-vacances-2022-les-anges-de-la-tribu-sahapleu-de-danane-sortent-vainqueurs\/"},"wordCount":187,"commentCount":0,"publisher":{"@id":"https:\/\/7culture.ci\/#organization"},"articleSection":["Actualit\u00e9"],"inLanguage":"fr-FR","potentialAction":[{"@type":"CommentAction","name":"Comment","target":["https:\/\/7culture.ci\/index.php\/2022\/08\/26\/wozo-vacances-2022-les-anges-de-la-tribu-sahapleu-de-danane-sortent-vainqueurs\/#respond"]}]},{"@type":"WebPage","@id":"https:\/\/7culture.ci\/index.php\/2022\/08\/26\/wozo-vacances-2022-les-anges-de-la-tribu-sahapleu-de-danane-sortent-vainqueurs\/","url":"https:\/\/7culture.ci\/index.php\/2022\/08\/26\/wozo-vacances-2022-les-anges-de-la-tribu-sahapleu-de-danane-sortent-vainqueurs\/","name":"Wozo Vacances 2022\u00a0: \u2018\u2019Les anges de la tribu sahapleu de Danan\u00e9\u2019\u2019 sortent \u00a0vainqueurs - 7culture","isPartOf":{"@id":"https:\/\/7culture.ci\/#website"},"datePublished":"2022-08-26T15:10:59+00:00","dateModified":"2022-08-26T15:36:52+00:00","breadcrumb":{"@id":"https:\/\/7culture.ci\/index.php\/2022\/08\/26\/wozo-vacances-2022-les-anges-de-la-tribu-sahapleu-de-danane-sortent-vainqueurs\/#breadcrumb"},"inLanguage":"fr-FR","potentialAction":[{"@type":"ReadAction","target":["https:\/\/7culture.ci\/index.php\/2022\/08\/26\/wozo-vacances-2022-les-anges-de-la-tribu-sahapleu-de-danane-sortent-vainqueurs\/"]}]},{"@type":"BreadcrumbList","@id":"https:\/\/7culture.ci\/index.php\/2022\/08\/26\/wozo-vacances-2022-les-anges-de-la-tribu-sahapleu-de-danane-sortent-vainqueurs\/#breadcrumb","itemListElement":[{"@type":"ListItem","position":1,"name":"Accueil","item":"https:\/\/7culture.ci\/"},{"@type":"ListItem","position":2,"name":"Wozo Vacances 2022\u00a0: \u2018\u2019Les anges de la tribu sahapleu de Danan\u00e9\u2019\u2019 sortent \u00a0vainqueurs"}]},{"@type":"WebSite","@id":"https:\/\/7culture.ci\/#website","url":"https:\/\/7culture.ci\/","name":"7culture","description":"Tout sur l&#039;actualit\u00e9","publisher":{"@id":"https:\/\/7culture.ci\/#organization"},"potentialAction":[{"@type":"SearchAction","target":{"@type":"EntryPoint","urlTemplate":"https:\/\/7culture.ci\/?s={search_term_string}"},"query-input":"required name=search_term_string"}],"inLanguage":"fr-FR"},{"@type":"Organization","@id":"https:\/\/7culture.ci\/#organization","name":"7culture","url":"https:\/\/7culture.ci\/","sameAs":["https:\/\/www.facebook.com\/redchefclaude","https:\/\/twitter.com\/7culturec"],"logo":{"@type":"ImageObject","inLanguage":"fr-FR","@id":"https:\/\/7culture.ci\/#\/schema\/logo\/image\/","url":"https:\/\/7culture.ci\/wp-content\/uploads\/2021\/12\/S1a-1.png","contentUrl":"https:\/\/7culture.ci\/wp-content\/uploads\/2021\/12\/S1a-1.png","width":588,"height":192,"caption":"7culture"},"image":{"@id":"https:\/\/7culture.ci\/#\/schema\/logo\/image\/"}},{"@type":"Person","@id":"https:\/\/7culture.ci\/#\/schema\/person\/16150d28d7ef66ba788c1f87f28c4426","name":"7culture2020","image":{"@type":"ImageObject","inLanguage":"fr-FR","@id":"https:\/\/7culture.ci\/#\/schema\/person\/image\/","url":"https:\/\/secure.gravatar.com\/avatar\/9a0784f951306c37bcd065f52844ef95?s=96&d=mm&r=g","contentUrl":"https:\/\/secure.gravatar.com\/avatar\/9a0784f951306c37bcd065f52844ef95?s=96&d=mm&r=g","caption":"7culture2020"},"sameAs":["http:\/\/7culture.ci","Claude.kipre"],"url":"https:\/\/7culture.ci\/index.php\/author\/7culture2020\/"}]}},"jetpack_featured_media_url":"https:\/\/7culture.ci\/wp-content\/uploads\/2022\/08\/WhatsApp-Image-2022-08-25-at-13.35.20-1.jpeg","jetpack_likes_enabled":true,"jetpack_sharing_enabled":true,"_links":{"self":[{"href":"https:\/\/7culture.ci\/index.php\/wp-json\/wp\/v2\/posts\/23500"}],"collection":[{"href":"https:\/\/7culture.ci\/index.php\/wp-json\/wp\/v2\/posts"}],"about":[{"href":"https:\/\/7culture.ci\/index.php\/wp-json\/wp\/v2\/types\/post"}],"author":[{"embeddable":true,"href":"https:\/\/7culture.ci\/index.php\/wp-json\/wp\/v2\/users\/1"}],"replies":[{"embeddable":true,"href":"https:\/\/7culture.ci\/index.php\/wp-json\/wp\/v2\/comments?post=23500"}],"version-history":[{"count":0,"href":"https:\/\/7culture.ci\/index.php\/wp-json\/wp\/v2\/posts\/23500\/revisions"}],"wp:featuredmedia":[{"embeddable":true,"href":"https:\/\/7culture.ci\/index.php\/wp-json\/wp\/v2\/media\/23501"}],"wp:attachment":[{"href":"https:\/\/7culture.ci\/index.php\/wp-json\/wp\/v2\/media?parent=23500"}],"wp:term":[{"taxonomy":"category","embeddable":true,"href":"https:\/\/7culture.ci\/index.php\/wp-json\/wp\/v2\/categories?post=23500"},{"taxonomy":"post_tag","embeddable":true,"href":"https:\/\/7culture.ci\/index.php\/wp-json\/wp\/v2\/tags?post=23500"}],"curies":[{"name":"wp","href":"https:\/\/api.w.org\/{rel}","templated":true}]}}