{"id":23490,"date":"2022-08-25T12:22:14","date_gmt":"2022-08-25T12:22:14","guid":{"rendered":"https:\/\/7culture.ci\/?p=23490"},"modified":"2022-08-26T15:12:25","modified_gmt":"2022-08-26T15:12:25","slug":"inedit-le-magnific-se-marie-a-linstitut-francais","status":"publish","type":"post","link":"https:\/\/7culture.ci\/index.php\/2022\/08\/25\/inedit-le-magnific-se-marie-a-linstitut-francais\/","title":{"rendered":"In\u00e9dit\u00a0: Le Magnific se marie \u00e0 l\u2019Institut fran\u00e7ais"},"content":{"rendered":"\n<p>Le c\u00e9l\u00e8bre humoriste ivoirien, Le Magnific, a choisi, pour le 10<sup>eme<\/sup> One man show de sa carri\u00e8re, de r\u00e9-affronter le public de l\u2019institut fran\u00e7ais de C\u00f4te d\u2019Ivoire au Plateau. Cette repr\u00e9sentation aura lieu le samedi 15 octobre 2022. L\u2019information a \u00e9t\u00e9 d\u00e9voil\u00e9e lors d\u2019une rencontre avec la presse qui s\u2019est tenue le jeudi 18 ao\u00fbt dernier \u00e0 la mairie de Marcory.<\/p>\n\n\n\n<p>&nbsp;Ce spectacle intitul\u00e9&nbsp;\u2018\u2019&nbsp;Je me marie&nbsp;\u2018\u2019 est une \u0153uvre \u2018\u2019magnifiquement\u2019\u2019 in\u00e9dite. Dans cette attraction produite par les agences \u00e9v\u00e8nementielles \u2018\u2019&nbsp;Amazones\u2019\u2019 et \u2018\u2019Magnific \u00e9vents\u2019\u2019, le Magnific mettra en confrontation la vie du c\u00e9libataire et de l\u2019homme mari\u00e9. &nbsp;&nbsp;\u2018\u2019Je me marie\u2019\u2019 sera le troisi\u00e8me spectacle que le com\u00e9dien &#8211; chanteur donnera sur la sc\u00e8ne de l\u2019institut fran\u00e7ais de C\u00f4te d\u2019Ivoire, apr\u00e8s ceux de 2016 et de 2019.<\/p>\n\n\n\n<figure class=\"wp-block-gallery has-nested-images columns-default is-cropped wp-block-gallery-1 is-layout-flex wp-block-gallery-is-layout-flex\">\n<figure class=\"wp-block-image size-large\"><img loading=\"lazy\" decoding=\"async\" width=\"1024\" height=\"683\" data-id=\"23492\" src=\"https:\/\/7culture.ci\/wp-content\/uploads\/2022\/08\/2-3-1024x683.jpeg\" alt=\"\" class=\"wp-image-23492\" srcset=\"https:\/\/7culture.ci\/wp-content\/uploads\/2022\/08\/2-3-1024x683.jpeg 1024w, https:\/\/7culture.ci\/wp-content\/uploads\/2022\/08\/2-3-300x200.jpeg 300w, https:\/\/7culture.ci\/wp-content\/uploads\/2022\/08\/2-3-768x512.jpeg 768w, https:\/\/7culture.ci\/wp-content\/uploads\/2022\/08\/2-3.jpeg 1080w\" sizes=\"(max-width: 1024px) 100vw, 1024px\" \/><\/figure>\n\n\n\n<figure class=\"wp-block-image size-large\"><img loading=\"lazy\" decoding=\"async\" width=\"1024\" height=\"683\" data-id=\"23494\" src=\"https:\/\/7culture.ci\/wp-content\/uploads\/2022\/08\/WhatsApp-Image-2022-08-25-at-11.49.07-1024x683.jpeg\" alt=\"\" class=\"wp-image-23494\" srcset=\"https:\/\/7culture.ci\/wp-content\/uploads\/2022\/08\/WhatsApp-Image-2022-08-25-at-11.49.07-1024x683.jpeg 1024w, https:\/\/7culture.ci\/wp-content\/uploads\/2022\/08\/WhatsApp-Image-2022-08-25-at-11.49.07-300x200.jpeg 300w, https:\/\/7culture.ci\/wp-content\/uploads\/2022\/08\/WhatsApp-Image-2022-08-25-at-11.49.07-768x512.jpeg 768w, https:\/\/7culture.ci\/wp-content\/uploads\/2022\/08\/WhatsApp-Image-2022-08-25-at-11.49.07.jpeg 1080w\" sizes=\"(max-width: 1024px) 100vw, 1024px\" \/><\/figure>\n\n\n\n<figure class=\"wp-block-image size-large\"><img loading=\"lazy\" decoding=\"async\" width=\"1024\" height=\"683\" data-id=\"23493\" src=\"https:\/\/7culture.ci\/wp-content\/uploads\/2022\/08\/WhatsApp-Image-2022-08-25-at-11.49.10-1024x683.jpeg\" alt=\"\" class=\"wp-image-23493\" srcset=\"https:\/\/7culture.ci\/wp-content\/uploads\/2022\/08\/WhatsApp-Image-2022-08-25-at-11.49.10-1024x683.jpeg 1024w, https:\/\/7culture.ci\/wp-content\/uploads\/2022\/08\/WhatsApp-Image-2022-08-25-at-11.49.10-300x200.jpeg 300w, https:\/\/7culture.ci\/wp-content\/uploads\/2022\/08\/WhatsApp-Image-2022-08-25-at-11.49.10-768x512.jpeg 768w, https:\/\/7culture.ci\/wp-content\/uploads\/2022\/08\/WhatsApp-Image-2022-08-25-at-11.49.10.jpeg 1080w\" sizes=\"(max-width: 1024px) 100vw, 1024px\" \/><\/figure>\n<\/figure>\n\n\n\n<p>Originaire de Tiessan, sous-pr\u00e9fecture de Facobly, c\u2019est \u00e0 Abidjan pr\u00e9cis\u00e9ment \u00e0 Marcory que Le Magnific a grandi. De son nom \u00e0 l\u2019\u00e9tat civil, Jacques Silv\u00e8re Bah, il se destine \u00e0 une carri\u00e8re sportive. Une blessure au genou le pousse \u00e0 abandonner ce r\u00eave et \u00e0 se reconvertir dans la musique. Le succ\u00e8s n\u2019\u00e9tant pas au rendez-vous, c\u2019est finalement l\u2019humour, qui lui tend les bras. Parcourant studios de radios et plateaux t\u00e9l\u00e9s, c\u2019est sans doute au cours de l\u2019\u00e9mission \u2018\u2019Bonjour 2010\u2019\u2019 que \u2018\u2019Le commandant Moriba\u2019\u2019 est r\u00e9v\u00e9l\u00e9 au grand public.&nbsp;<\/p>\n\n\n\n<figure class=\"wp-block-gallery has-nested-images columns-default is-cropped wp-block-gallery-2 is-layout-flex wp-block-gallery-is-layout-flex\">\n<figure class=\"wp-block-image size-large\"><img loading=\"lazy\" decoding=\"async\" width=\"1024\" height=\"683\" data-id=\"23497\" src=\"https:\/\/7culture.ci\/wp-content\/uploads\/2022\/08\/WhatsApp-Image-2022-08-25-at-11.49.15-2-1024x683.jpeg\" alt=\"\" class=\"wp-image-23497\" srcset=\"https:\/\/7culture.ci\/wp-content\/uploads\/2022\/08\/WhatsApp-Image-2022-08-25-at-11.49.15-2-1024x683.jpeg 1024w, https:\/\/7culture.ci\/wp-content\/uploads\/2022\/08\/WhatsApp-Image-2022-08-25-at-11.49.15-2-300x200.jpeg 300w, https:\/\/7culture.ci\/wp-content\/uploads\/2022\/08\/WhatsApp-Image-2022-08-25-at-11.49.15-2-768x512.jpeg 768w, https:\/\/7culture.ci\/wp-content\/uploads\/2022\/08\/WhatsApp-Image-2022-08-25-at-11.49.15-2.jpeg 1080w\" sizes=\"(max-width: 1024px) 100vw, 1024px\" \/><\/figure>\n\n\n\n<figure class=\"wp-block-image size-large\"><img loading=\"lazy\" decoding=\"async\" width=\"1024\" height=\"683\" data-id=\"23495\" src=\"https:\/\/7culture.ci\/wp-content\/uploads\/2022\/08\/WhatsApp-Image-2022-08-25-at-11.50.42-2-1024x683.jpeg\" alt=\"\" class=\"wp-image-23495\" srcset=\"https:\/\/7culture.ci\/wp-content\/uploads\/2022\/08\/WhatsApp-Image-2022-08-25-at-11.50.42-2-1024x683.jpeg 1024w, https:\/\/7culture.ci\/wp-content\/uploads\/2022\/08\/WhatsApp-Image-2022-08-25-at-11.50.42-2-300x200.jpeg 300w, https:\/\/7culture.ci\/wp-content\/uploads\/2022\/08\/WhatsApp-Image-2022-08-25-at-11.50.42-2-768x512.jpeg 768w, https:\/\/7culture.ci\/wp-content\/uploads\/2022\/08\/WhatsApp-Image-2022-08-25-at-11.50.42-2.jpeg 1080w\" sizes=\"(max-width: 1024px) 100vw, 1024px\" \/><\/figure>\n\n\n\n<figure class=\"wp-block-image size-large\"><img loading=\"lazy\" decoding=\"async\" width=\"1024\" height=\"683\" data-id=\"23496\" src=\"https:\/\/7culture.ci\/wp-content\/uploads\/2022\/08\/WhatsApp-Image-2022-08-25-at-11.50.50-1-1024x683.jpeg\" alt=\"\" class=\"wp-image-23496\" srcset=\"https:\/\/7culture.ci\/wp-content\/uploads\/2022\/08\/WhatsApp-Image-2022-08-25-at-11.50.50-1-1024x683.jpeg 1024w, https:\/\/7culture.ci\/wp-content\/uploads\/2022\/08\/WhatsApp-Image-2022-08-25-at-11.50.50-1-300x200.jpeg 300w, https:\/\/7culture.ci\/wp-content\/uploads\/2022\/08\/WhatsApp-Image-2022-08-25-at-11.50.50-1-768x512.jpeg 768w, https:\/\/7culture.ci\/wp-content\/uploads\/2022\/08\/WhatsApp-Image-2022-08-25-at-11.50.50-1.jpeg 1080w\" sizes=\"(max-width: 1024px) 100vw, 1024px\" \/><\/figure>\n<\/figure>\n\n\n\n<p>Le Magnific n\u2019a pas oubli\u00e9 ses premi\u00e8res amours et t\u00e2te le terrain musical avec des titres et clips humoristiques qui vont cartonner. Rajoutant une corde \u00e0 son arc, \u2018\u2019 Dj Moriba\u2019\u2019 comme il se fait appeler, publie en 2010 et 2018, deux recueils regroupant ses meilleures blagues.<\/p>\n\n\n\n<p>Fort de toutes ces exp\u00e9riences et succ\u00e8s, le \u2018\u2019commandant\u2019\u2019 d\u00e9sormais patron de la \u2018\u2019Morigang\u2019\u2019 a \u00e9t\u00e9 \u00e9lu meilleur humoriste africain \u00e0 plusieurs reprises.<\/p>\n\n\n\n<p>Thierry Samuel&nbsp;<\/p>\n","protected":false},"excerpt":{"rendered":"<p>Le c\u00e9l\u00e8bre humoriste ivoirien, Le Magnific, a choisi, pour le 10eme One man show de sa carri\u00e8re, de r\u00e9-affronter le public de l\u2019institut fran\u00e7ais de C\u00f4te d\u2019Ivoire au Plateau. Cette repr\u00e9sentation aura lieu le samedi 15 octobre 2022. L\u2019information a \u00e9t\u00e9 d\u00e9voil\u00e9e lors d\u2019une rencontre avec la presse qui s\u2019est tenue le jeudi 18 ao\u00fbt &hellip;<\/p>\n<p class=\"read-more\"> <a class=\"\" href=\"https:\/\/7culture.ci\/index.php\/2022\/08\/25\/inedit-le-magnific-se-marie-a-linstitut-francais\/\"> <span class=\"screen-reader-text\">In\u00e9dit\u00a0: Le Magnific se marie \u00e0 l\u2019Institut fran\u00e7ais<\/span> Lire la suite\u00a0\u00bb<\/a><\/p>\n","protected":false},"author":1,"featured_media":23491,"comment_status":"open","ping_status":"open","sticky":false,"template":"","format":"standard","meta":{"_mi_skip_tracking":false,"_monsterinsights_sitenote_active":false,"_monsterinsights_sitenote_note":"","_monsterinsights_sitenote_category":0,"site-sidebar-layout":"default","site-content-layout":"default","ast-global-header-display":"","ast-main-header-display":"","ast-hfb-above-header-display":"","ast-hfb-below-header-display":"","ast-hfb-mobile-header-display":"","site-post-title":"","ast-breadcrumbs-content":"","ast-featured-img":"","footer-sml-layout":"","theme-transparent-header-meta":"","adv-header-id-meta":"","stick-header-meta":"","header-above-stick-meta":"","header-main-stick-meta":"","header-below-stick-meta":"","footnotes":"","jetpack_publicize_message":"","jetpack_is_tweetstorm":false,"jetpack_publicize_feature_enabled":true},"categories":[49],"tags":[],"jetpack_publicize_connections":[],"acf":[],"aioseo_notices":[],"yoast_head":"<!-- This site is optimized with the Yoast SEO plugin v19.6.1 - https:\/\/yoast.com\/wordpress\/plugins\/seo\/ -->\n<title>In\u00e9dit\u00a0: Le Magnific se marie \u00e0 l\u2019Institut fran\u00e7ais -<\/title>\n<meta name=\"robots\" content=\"index, follow, max-snippet:-1, max-image-preview:large, max-video-preview:-1\" \/>\n<link rel=\"canonical\" href=\"https:\/\/7culture.ci\/index.php\/2022\/08\/25\/inedit-le-magnific-se-marie-a-linstitut-francais\/\" \/>\n<meta property=\"og:locale\" content=\"fr_FR\" \/>\n<meta property=\"og:type\" content=\"article\" \/>\n<meta property=\"og:title\" content=\"In\u00e9dit\u00a0: Le Magnific se marie \u00e0 l\u2019Institut fran\u00e7ais -\" \/>\n<meta property=\"og:description\" content=\"Le c\u00e9l\u00e8bre humoriste ivoirien, Le Magnific, a choisi, pour le 10eme One man show de sa carri\u00e8re, de r\u00e9-affronter le public de l\u2019institut fran\u00e7ais de C\u00f4te d\u2019Ivoire au Plateau. Cette repr\u00e9sentation aura lieu le samedi 15 octobre 2022. L\u2019information a \u00e9t\u00e9 d\u00e9voil\u00e9e lors d\u2019une rencontre avec la presse qui s\u2019est tenue le jeudi 18 ao\u00fbt &hellip; In\u00e9dit\u00a0: Le Magnific se marie \u00e0 l\u2019Institut fran\u00e7ais Lire la suite\u00a0\u00bb\" \/>\n<meta property=\"og:url\" content=\"https:\/\/7culture.ci\/index.php\/2022\/08\/25\/inedit-le-magnific-se-marie-a-linstitut-francais\/\" \/>\n<meta property=\"og:site_name\" content=\"7culture\" \/>\n<meta property=\"article:publisher\" content=\"https:\/\/www.facebook.com\/redchefclaude\" \/>\n<meta property=\"article:published_time\" content=\"2022-08-25T12:22:14+00:00\" \/>\n<meta property=\"article:modified_time\" content=\"2022-08-26T15:12:25+00:00\" \/>\n<meta property=\"og:image\" content=\"http:\/\/7culture.ci\/wp-content\/uploads\/2022\/08\/1-3.jpeg\" \/>\n\t<meta property=\"og:image:width\" content=\"1080\" \/>\n\t<meta property=\"og:image:height\" content=\"720\" \/>\n\t<meta property=\"og:image:type\" content=\"image\/jpeg\" \/>\n<meta name=\"author\" content=\"7culture2020\" \/>\n<meta name=\"twitter:card\" content=\"summary_large_image\" \/>\n<meta name=\"twitter:creator\" content=\"@7culturec\" \/>\n<meta name=\"twitter:site\" content=\"@7culturec\" \/>\n<meta name=\"twitter:label1\" content=\"\u00c9crit par\" \/>\n\t<meta name=\"twitter:data1\" content=\"7culture2020\" \/>\n\t<meta name=\"twitter:label2\" content=\"Dur\u00e9e de lecture estim\u00e9e\" \/>\n\t<meta name=\"twitter:data2\" content=\"3 minutes\" \/>\n<script type=\"application\/ld+json\" class=\"yoast-schema-graph\">{\"@context\":\"https:\/\/schema.org\",\"@graph\":[{\"@type\":\"Article\",\"@id\":\"https:\/\/7culture.ci\/index.php\/2022\/08\/25\/inedit-le-magnific-se-marie-a-linstitut-francais\/#article\",\"isPartOf\":{\"@id\":\"https:\/\/7culture.ci\/index.php\/2022\/08\/25\/inedit-le-magnific-se-marie-a-linstitut-francais\/\"},\"author\":{\"name\":\"7culture2020\",\"@id\":\"https:\/\/7culture.ci\/#\/schema\/person\/16150d28d7ef66ba788c1f87f28c4426\"},\"headline\":\"In\u00e9dit\u00a0: Le Magnific se marie \u00e0 l\u2019Institut fran\u00e7ais\",\"datePublished\":\"2022-08-25T12:22:14+00:00\",\"dateModified\":\"2022-08-26T15:12:25+00:00\",\"mainEntityOfPage\":{\"@id\":\"https:\/\/7culture.ci\/index.php\/2022\/08\/25\/inedit-le-magnific-se-marie-a-linstitut-francais\/\"},\"wordCount\":339,\"commentCount\":0,\"publisher\":{\"@id\":\"https:\/\/7culture.ci\/#organization\"},\"articleSection\":[\"Humour\"],\"inLanguage\":\"fr-FR\",\"potentialAction\":[{\"@type\":\"CommentAction\",\"name\":\"Comment\",\"target\":[\"https:\/\/7culture.ci\/index.php\/2022\/08\/25\/inedit-le-magnific-se-marie-a-linstitut-francais\/#respond\"]}]},{\"@type\":\"WebPage\",\"@id\":\"https:\/\/7culture.ci\/index.php\/2022\/08\/25\/inedit-le-magnific-se-marie-a-linstitut-francais\/\",\"url\":\"https:\/\/7culture.ci\/index.php\/2022\/08\/25\/inedit-le-magnific-se-marie-a-linstitut-francais\/\",\"name\":\"In\u00e9dit\u00a0: Le Magnific se marie \u00e0 l\u2019Institut fran\u00e7ais -\",\"isPartOf\":{\"@id\":\"https:\/\/7culture.ci\/#website\"},\"datePublished\":\"2022-08-25T12:22:14+00:00\",\"dateModified\":\"2022-08-26T15:12:25+00:00\",\"breadcrumb\":{\"@id\":\"https:\/\/7culture.ci\/index.php\/2022\/08\/25\/inedit-le-magnific-se-marie-a-linstitut-francais\/#breadcrumb\"},\"inLanguage\":\"fr-FR\",\"potentialAction\":[{\"@type\":\"ReadAction\",\"target\":[\"https:\/\/7culture.ci\/index.php\/2022\/08\/25\/inedit-le-magnific-se-marie-a-linstitut-francais\/\"]}]},{\"@type\":\"BreadcrumbList\",\"@id\":\"https:\/\/7culture.ci\/index.php\/2022\/08\/25\/inedit-le-magnific-se-marie-a-linstitut-francais\/#breadcrumb\",\"itemListElement\":[{\"@type\":\"ListItem\",\"position\":1,\"name\":\"Accueil\",\"item\":\"https:\/\/7culture.ci\/\"},{\"@type\":\"ListItem\",\"position\":2,\"name\":\"In\u00e9dit\u00a0: Le Magnific se marie \u00e0 l\u2019Institut fran\u00e7ais\"}]},{\"@type\":\"WebSite\",\"@id\":\"https:\/\/7culture.ci\/#website\",\"url\":\"https:\/\/7culture.ci\/\",\"name\":\"7culture\",\"description\":\"Tout sur l&#039;actualit\u00e9\",\"publisher\":{\"@id\":\"https:\/\/7culture.ci\/#organization\"},\"potentialAction\":[{\"@type\":\"SearchAction\",\"target\":{\"@type\":\"EntryPoint\",\"urlTemplate\":\"https:\/\/7culture.ci\/?s={search_term_string}\"},\"query-input\":\"required name=search_term_string\"}],\"inLanguage\":\"fr-FR\"},{\"@type\":\"Organization\",\"@id\":\"https:\/\/7culture.ci\/#organization\",\"name\":\"7culture\",\"url\":\"https:\/\/7culture.ci\/\",\"sameAs\":[\"https:\/\/www.facebook.com\/redchefclaude\",\"https:\/\/twitter.com\/7culturec\"],\"logo\":{\"@type\":\"ImageObject\",\"inLanguage\":\"fr-FR\",\"@id\":\"https:\/\/7culture.ci\/#\/schema\/logo\/image\/\",\"url\":\"https:\/\/7culture.ci\/wp-content\/uploads\/2021\/12\/S1a-1.png\",\"contentUrl\":\"https:\/\/7culture.ci\/wp-content\/uploads\/2021\/12\/S1a-1.png\",\"width\":588,\"height\":192,\"caption\":\"7culture\"},\"image\":{\"@id\":\"https:\/\/7culture.ci\/#\/schema\/logo\/image\/\"}},{\"@type\":\"Person\",\"@id\":\"https:\/\/7culture.ci\/#\/schema\/person\/16150d28d7ef66ba788c1f87f28c4426\",\"name\":\"7culture2020\",\"image\":{\"@type\":\"ImageObject\",\"inLanguage\":\"fr-FR\",\"@id\":\"https:\/\/7culture.ci\/#\/schema\/person\/image\/\",\"url\":\"https:\/\/secure.gravatar.com\/avatar\/9a0784f951306c37bcd065f52844ef95?s=96&d=mm&r=g\",\"contentUrl\":\"https:\/\/secure.gravatar.com\/avatar\/9a0784f951306c37bcd065f52844ef95?s=96&d=mm&r=g\",\"caption\":\"7culture2020\"},\"sameAs\":[\"http:\/\/7culture.ci\",\"Claude.kipre\"],\"url\":\"https:\/\/7culture.ci\/index.php\/author\/7culture2020\/\"}]}<\/script>\n<!-- \/ Yoast SEO plugin. -->","yoast_head_json":{"title":"In\u00e9dit\u00a0: Le Magnific se marie \u00e0 l\u2019Institut fran\u00e7ais -","robots":{"index":"index","follow":"follow","max-snippet":"max-snippet:-1","max-image-preview":"max-image-preview:large","max-video-preview":"max-video-preview:-1"},"canonical":"https:\/\/7culture.ci\/index.php\/2022\/08\/25\/inedit-le-magnific-se-marie-a-linstitut-francais\/","og_locale":"fr_FR","og_type":"article","og_title":"In\u00e9dit\u00a0: Le Magnific se marie \u00e0 l\u2019Institut fran\u00e7ais -","og_description":"Le c\u00e9l\u00e8bre humoriste ivoirien, Le Magnific, a choisi, pour le 10eme One man show de sa carri\u00e8re, de r\u00e9-affronter le public de l\u2019institut fran\u00e7ais de C\u00f4te d\u2019Ivoire au Plateau. Cette repr\u00e9sentation aura lieu le samedi 15 octobre 2022. L\u2019information a \u00e9t\u00e9 d\u00e9voil\u00e9e lors d\u2019une rencontre avec la presse qui s\u2019est tenue le jeudi 18 ao\u00fbt &hellip; In\u00e9dit\u00a0: Le Magnific se marie \u00e0 l\u2019Institut fran\u00e7ais Lire la suite\u00a0\u00bb","og_url":"https:\/\/7culture.ci\/index.php\/2022\/08\/25\/inedit-le-magnific-se-marie-a-linstitut-francais\/","og_site_name":"7culture","article_publisher":"https:\/\/www.facebook.com\/redchefclaude","article_published_time":"2022-08-25T12:22:14+00:00","article_modified_time":"2022-08-26T15:12:25+00:00","og_image":[{"width":1080,"height":720,"url":"http:\/\/7culture.ci\/wp-content\/uploads\/2022\/08\/1-3.jpeg","type":"image\/jpeg"}],"author":"7culture2020","twitter_card":"summary_large_image","twitter_creator":"@7culturec","twitter_site":"@7culturec","twitter_misc":{"\u00c9crit par":"7culture2020","Dur\u00e9e de lecture estim\u00e9e":"3 minutes"},"schema":{"@context":"https:\/\/schema.org","@graph":[{"@type":"Article","@id":"https:\/\/7culture.ci\/index.php\/2022\/08\/25\/inedit-le-magnific-se-marie-a-linstitut-francais\/#article","isPartOf":{"@id":"https:\/\/7culture.ci\/index.php\/2022\/08\/25\/inedit-le-magnific-se-marie-a-linstitut-francais\/"},"author":{"name":"7culture2020","@id":"https:\/\/7culture.ci\/#\/schema\/person\/16150d28d7ef66ba788c1f87f28c4426"},"headline":"In\u00e9dit\u00a0: Le Magnific se marie \u00e0 l\u2019Institut fran\u00e7ais","datePublished":"2022-08-25T12:22:14+00:00","dateModified":"2022-08-26T15:12:25+00:00","mainEntityOfPage":{"@id":"https:\/\/7culture.ci\/index.php\/2022\/08\/25\/inedit-le-magnific-se-marie-a-linstitut-francais\/"},"wordCount":339,"commentCount":0,"publisher":{"@id":"https:\/\/7culture.ci\/#organization"},"articleSection":["Humour"],"inLanguage":"fr-FR","potentialAction":[{"@type":"CommentAction","name":"Comment","target":["https:\/\/7culture.ci\/index.php\/2022\/08\/25\/inedit-le-magnific-se-marie-a-linstitut-francais\/#respond"]}]},{"@type":"WebPage","@id":"https:\/\/7culture.ci\/index.php\/2022\/08\/25\/inedit-le-magnific-se-marie-a-linstitut-francais\/","url":"https:\/\/7culture.ci\/index.php\/2022\/08\/25\/inedit-le-magnific-se-marie-a-linstitut-francais\/","name":"In\u00e9dit\u00a0: Le Magnific se marie \u00e0 l\u2019Institut fran\u00e7ais -","isPartOf":{"@id":"https:\/\/7culture.ci\/#website"},"datePublished":"2022-08-25T12:22:14+00:00","dateModified":"2022-08-26T15:12:25+00:00","breadcrumb":{"@id":"https:\/\/7culture.ci\/index.php\/2022\/08\/25\/inedit-le-magnific-se-marie-a-linstitut-francais\/#breadcrumb"},"inLanguage":"fr-FR","potentialAction":[{"@type":"ReadAction","target":["https:\/\/7culture.ci\/index.php\/2022\/08\/25\/inedit-le-magnific-se-marie-a-linstitut-francais\/"]}]},{"@type":"BreadcrumbList","@id":"https:\/\/7culture.ci\/index.php\/2022\/08\/25\/inedit-le-magnific-se-marie-a-linstitut-francais\/#breadcrumb","itemListElement":[{"@type":"ListItem","position":1,"name":"Accueil","item":"https:\/\/7culture.ci\/"},{"@type":"ListItem","position":2,"name":"In\u00e9dit\u00a0: Le Magnific se marie \u00e0 l\u2019Institut fran\u00e7ais"}]},{"@type":"WebSite","@id":"https:\/\/7culture.ci\/#website","url":"https:\/\/7culture.ci\/","name":"7culture","description":"Tout sur l&#039;actualit\u00e9","publisher":{"@id":"https:\/\/7culture.ci\/#organization"},"potentialAction":[{"@type":"SearchAction","target":{"@type":"EntryPoint","urlTemplate":"https:\/\/7culture.ci\/?s={search_term_string}"},"query-input":"required name=search_term_string"}],"inLanguage":"fr-FR"},{"@type":"Organization","@id":"https:\/\/7culture.ci\/#organization","name":"7culture","url":"https:\/\/7culture.ci\/","sameAs":["https:\/\/www.facebook.com\/redchefclaude","https:\/\/twitter.com\/7culturec"],"logo":{"@type":"ImageObject","inLanguage":"fr-FR","@id":"https:\/\/7culture.ci\/#\/schema\/logo\/image\/","url":"https:\/\/7culture.ci\/wp-content\/uploads\/2021\/12\/S1a-1.png","contentUrl":"https:\/\/7culture.ci\/wp-content\/uploads\/2021\/12\/S1a-1.png","width":588,"height":192,"caption":"7culture"},"image":{"@id":"https:\/\/7culture.ci\/#\/schema\/logo\/image\/"}},{"@type":"Person","@id":"https:\/\/7culture.ci\/#\/schema\/person\/16150d28d7ef66ba788c1f87f28c4426","name":"7culture2020","image":{"@type":"ImageObject","inLanguage":"fr-FR","@id":"https:\/\/7culture.ci\/#\/schema\/person\/image\/","url":"https:\/\/secure.gravatar.com\/avatar\/9a0784f951306c37bcd065f52844ef95?s=96&d=mm&r=g","contentUrl":"https:\/\/secure.gravatar.com\/avatar\/9a0784f951306c37bcd065f52844ef95?s=96&d=mm&r=g","caption":"7culture2020"},"sameAs":["http:\/\/7culture.ci","Claude.kipre"],"url":"https:\/\/7culture.ci\/index.php\/author\/7culture2020\/"}]}},"jetpack_featured_media_url":"https:\/\/7culture.ci\/wp-content\/uploads\/2022\/08\/1-3.jpeg","jetpack_likes_enabled":true,"jetpack_sharing_enabled":true,"_links":{"self":[{"href":"https:\/\/7culture.ci\/index.php\/wp-json\/wp\/v2\/posts\/23490"}],"collection":[{"href":"https:\/\/7culture.ci\/index.php\/wp-json\/wp\/v2\/posts"}],"about":[{"href":"https:\/\/7culture.ci\/index.php\/wp-json\/wp\/v2\/types\/post"}],"author":[{"embeddable":true,"href":"https:\/\/7culture.ci\/index.php\/wp-json\/wp\/v2\/users\/1"}],"replies":[{"embeddable":true,"href":"https:\/\/7culture.ci\/index.php\/wp-json\/wp\/v2\/comments?post=23490"}],"version-history":[{"count":0,"href":"https:\/\/7culture.ci\/index.php\/wp-json\/wp\/v2\/posts\/23490\/revisions"}],"wp:featuredmedia":[{"embeddable":true,"href":"https:\/\/7culture.ci\/index.php\/wp-json\/wp\/v2\/media\/23491"}],"wp:attachment":[{"href":"https:\/\/7culture.ci\/index.php\/wp-json\/wp\/v2\/media?parent=23490"}],"wp:term":[{"taxonomy":"category","embeddable":true,"href":"https:\/\/7culture.ci\/index.php\/wp-json\/wp\/v2\/categories?post=23490"},{"taxonomy":"post_tag","embeddable":true,"href":"https:\/\/7culture.ci\/index.php\/wp-json\/wp\/v2\/tags?post=23490"}],"curies":[{"name":"wp","href":"https:\/\/api.w.org\/{rel}","templated":true}]}}