{"id":23466,"date":"2022-08-24T11:20:41","date_gmt":"2022-08-24T11:20:41","guid":{"rendered":"https:\/\/7culture.ci\/?p=23466"},"modified":"2022-08-24T16:05:28","modified_gmt":"2022-08-24T16:05:28","slug":"bagarre-entre-tenor-et-eunice-zunon-que-sest-il-reellement-passe","status":"publish","type":"post","link":"https:\/\/7culture.ci\/index.php\/2022\/08\/24\/bagarre-entre-tenor-et-eunice-zunon-que-sest-il-reellement-passe\/","title":{"rendered":"Bagarre entre T\u00e9nor et Eunice Zunon\u00a0: que s\u2019est-il r\u00e9ellement pass\u00e9\u00a0?"},"content":{"rendered":"\n<p>L\u2019idylle entre le rappeur camerounais, T\u00e9nor, et l\u2019humoriste ivoirienne, Eunice Zunon, semble ne plus exister. Dans une vid\u00e9o qui circule sur la toile depuis le mardi 23 ao\u00fbt 2022, on aper\u00e7oit le couple en train de se battre. Willy M\u2019ba, un proche du jeune rappeur, raconte ce qui s\u2019est r\u00e9ellement pass\u00e9 ce jour-l\u00e0. <strong>\u00ab Cette bagarre a eu lieu il y a un mois \u00e0 Toulouse et celui qui a film\u00e9 a sauv\u00e9 la vie de T\u00e9nor. Apr\u00e8s le combat, Eunice Zunon avait enlev\u00e9 ses perruques, coup\u00e9 ses ongles et appel\u00e9 la police. Elle ne savait pas que la bagarre avait \u00e9t\u00e9 film\u00e9e. Lorsque la police est arriv\u00e9e, le manager de T\u00e9nor a montr\u00e9 la vraie version en vid\u00e9o et les policiers lui ont demand\u00e9 de se s\u00e9parer d\u2019Eunice car elle est dangereuse&nbsp;\u00bb,<\/strong> a-t-il d\u00e9clar\u00e9 dans une vid\u00e9o.<\/p>\n\n\n\n<figure class=\"wp-block-gallery has-nested-images columns-default is-cropped wp-block-gallery-1 is-layout-flex wp-block-gallery-is-layout-flex\">\n<figure class=\"wp-block-image size-large\"><img loading=\"lazy\" decoding=\"async\" width=\"637\" height=\"960\" data-id=\"23469\" src=\"https:\/\/7culture.ci\/wp-content\/uploads\/2022\/08\/WhatsApp-Image-2022-08-24-at-10.55.34.jpeg\" alt=\"\" class=\"wp-image-23469\" srcset=\"https:\/\/7culture.ci\/wp-content\/uploads\/2022\/08\/WhatsApp-Image-2022-08-24-at-10.55.34.jpeg 637w, https:\/\/7culture.ci\/wp-content\/uploads\/2022\/08\/WhatsApp-Image-2022-08-24-at-10.55.34-199x300.jpeg 199w\" sizes=\"(max-width: 637px) 100vw, 637px\" \/><\/figure>\n\n\n\n<figure class=\"wp-block-image size-large\"><img loading=\"lazy\" decoding=\"async\" width=\"675\" height=\"900\" data-id=\"23470\" src=\"https:\/\/7culture.ci\/wp-content\/uploads\/2022\/08\/WhatsApp-Image-2022-08-24-at-10.55.35-1.jpeg\" alt=\"\" class=\"wp-image-23470\" srcset=\"https:\/\/7culture.ci\/wp-content\/uploads\/2022\/08\/WhatsApp-Image-2022-08-24-at-10.55.35-1.jpeg 675w, https:\/\/7culture.ci\/wp-content\/uploads\/2022\/08\/WhatsApp-Image-2022-08-24-at-10.55.35-1-225x300.jpeg 225w\" sizes=\"(max-width: 675px) 100vw, 675px\" \/><\/figure>\n\n\n\n<figure class=\"wp-block-image size-large\"><img loading=\"lazy\" decoding=\"async\" width=\"540\" height=\"720\" data-id=\"23468\" src=\"https:\/\/7culture.ci\/wp-content\/uploads\/2022\/08\/WhatsApp-Image-2022-08-24-at-10.55.35.jpeg\" alt=\"\" class=\"wp-image-23468\" srcset=\"https:\/\/7culture.ci\/wp-content\/uploads\/2022\/08\/WhatsApp-Image-2022-08-24-at-10.55.35.jpeg 540w, https:\/\/7culture.ci\/wp-content\/uploads\/2022\/08\/WhatsApp-Image-2022-08-24-at-10.55.35-225x300.jpeg 225w\" sizes=\"(max-width: 540px) 100vw, 540px\" \/><\/figure>\n<\/figure>\n\n\n\n<p>&nbsp;Pour rappel T\u00e9nor a fait sa demande en mariage \u00e0 Eunice Zunon dans la soir\u00e9e du vendredi 21 janvier 2022. Une demande \u00e0 laquelle la web humoriste avait donn\u00e9 une r\u00e9ponse positive. Des vid\u00e9os et photos de cet instant assez romantique, avaient inond\u00e9 la toile, suscitant de nombreux commentaires de la part des internautes. Mais quelques mois apr\u00e8s la demande en mariage, force est de constater que le mariage n\u2019a toujours pas eu lieu. Une rumeur de rupture, qualifi\u00e9e de buzz sur la toile, courait entre les deux artistes. Et cette bagarre vient confirmer les choses.<\/p>\n\n\n\n<figure class=\"wp-block-image size-full is-resized\"><img loading=\"lazy\" decoding=\"async\" src=\"https:\/\/7culture.ci\/wp-content\/uploads\/2022\/08\/WhatsApp-Image-2022-08-24-at-10.55.35-2.jpeg\" alt=\"\" class=\"wp-image-23471\" width=\"607\" height=\"455\" srcset=\"https:\/\/7culture.ci\/wp-content\/uploads\/2022\/08\/WhatsApp-Image-2022-08-24-at-10.55.35-2.jpeg 715w, https:\/\/7culture.ci\/wp-content\/uploads\/2022\/08\/WhatsApp-Image-2022-08-24-at-10.55.35-2-300x225.jpeg 300w\" sizes=\"(max-width: 607px) 100vw, 607px\" \/><\/figure>\n\n\n\n<p>Thierry Samuel<\/p>\n","protected":false},"excerpt":{"rendered":"<p>L\u2019idylle entre le rappeur camerounais, T\u00e9nor, et l\u2019humoriste ivoirienne, Eunice Zunon, semble ne plus exister. Dans une vid\u00e9o qui circule sur la toile depuis le mardi 23 ao\u00fbt 2022, on aper\u00e7oit le couple en train de se battre. Willy M\u2019ba, un proche du jeune rappeur, raconte ce qui s\u2019est r\u00e9ellement pass\u00e9 ce jour-l\u00e0. \u00ab Cette &hellip;<\/p>\n<p class=\"read-more\"> <a class=\"\" href=\"https:\/\/7culture.ci\/index.php\/2022\/08\/24\/bagarre-entre-tenor-et-eunice-zunon-que-sest-il-reellement-passe\/\"> <span class=\"screen-reader-text\">Bagarre entre T\u00e9nor et Eunice Zunon\u00a0: que s\u2019est-il r\u00e9ellement pass\u00e9\u00a0?<\/span> Lire la suite\u00a0\u00bb<\/a><\/p>\n","protected":false},"author":1,"featured_media":23467,"comment_status":"open","ping_status":"open","sticky":false,"template":"","format":"standard","meta":{"_mi_skip_tracking":false,"_monsterinsights_sitenote_active":false,"_monsterinsights_sitenote_note":"","_monsterinsights_sitenote_category":0,"site-sidebar-layout":"default","site-content-layout":"default","ast-global-header-display":"","ast-main-header-display":"","ast-hfb-above-header-display":"","ast-hfb-below-header-display":"","ast-hfb-mobile-header-display":"","site-post-title":"","ast-breadcrumbs-content":"","ast-featured-img":"","footer-sml-layout":"","theme-transparent-header-meta":"","adv-header-id-meta":"","stick-header-meta":"","header-above-stick-meta":"","header-main-stick-meta":"","header-below-stick-meta":"","footnotes":"","jetpack_publicize_message":"","jetpack_is_tweetstorm":false,"jetpack_publicize_feature_enabled":true},"categories":[22],"tags":[],"jetpack_publicize_connections":[],"acf":[],"aioseo_notices":[],"yoast_head":"<!-- This site is optimized with the Yoast SEO plugin v19.6.1 - https:\/\/yoast.com\/wordpress\/plugins\/seo\/ -->\n<title>Bagarre entre T\u00e9nor et Eunice Zunon\u00a0: que s\u2019est-il r\u00e9ellement pass\u00e9\u00a0? - 7culture<\/title>\n<meta name=\"robots\" content=\"index, follow, max-snippet:-1, max-image-preview:large, max-video-preview:-1\" \/>\n<link rel=\"canonical\" href=\"https:\/\/7culture.ci\/index.php\/2022\/08\/24\/bagarre-entre-tenor-et-eunice-zunon-que-sest-il-reellement-passe\/\" \/>\n<meta property=\"og:locale\" content=\"fr_FR\" \/>\n<meta property=\"og:type\" content=\"article\" \/>\n<meta property=\"og:title\" content=\"Bagarre entre T\u00e9nor et Eunice Zunon\u00a0: que s\u2019est-il r\u00e9ellement pass\u00e9\u00a0? - 7culture\" \/>\n<meta property=\"og:description\" content=\"L\u2019idylle entre le rappeur camerounais, T\u00e9nor, et l\u2019humoriste ivoirienne, Eunice Zunon, semble ne plus exister. Dans une vid\u00e9o qui circule sur la toile depuis le mardi 23 ao\u00fbt 2022, on aper\u00e7oit le couple en train de se battre. Willy M\u2019ba, un proche du jeune rappeur, raconte ce qui s\u2019est r\u00e9ellement pass\u00e9 ce jour-l\u00e0. \u00ab Cette &hellip; Bagarre entre T\u00e9nor et Eunice Zunon\u00a0: que s\u2019est-il r\u00e9ellement pass\u00e9\u00a0? Lire la suite\u00a0\u00bb\" \/>\n<meta property=\"og:url\" content=\"https:\/\/7culture.ci\/index.php\/2022\/08\/24\/bagarre-entre-tenor-et-eunice-zunon-que-sest-il-reellement-passe\/\" \/>\n<meta property=\"og:site_name\" content=\"7culture\" \/>\n<meta property=\"article:publisher\" content=\"https:\/\/www.facebook.com\/redchefclaude\" \/>\n<meta property=\"article:published_time\" content=\"2022-08-24T11:20:41+00:00\" \/>\n<meta property=\"article:modified_time\" content=\"2022-08-24T16:05:28+00:00\" \/>\n<meta property=\"og:image\" content=\"http:\/\/7culture.ci\/wp-content\/uploads\/2022\/08\/WhatsApp-Image-2022-08-24-at-11.07.12.jpeg\" \/>\n\t<meta property=\"og:image:width\" content=\"720\" \/>\n\t<meta property=\"og:image:height\" content=\"540\" \/>\n\t<meta property=\"og:image:type\" content=\"image\/jpeg\" \/>\n<meta name=\"author\" content=\"7culture2020\" \/>\n<meta name=\"twitter:card\" content=\"summary_large_image\" \/>\n<meta name=\"twitter:creator\" content=\"@7culturec\" \/>\n<meta name=\"twitter:site\" content=\"@7culturec\" \/>\n<meta name=\"twitter:label1\" content=\"\u00c9crit par\" \/>\n\t<meta name=\"twitter:data1\" content=\"7culture2020\" \/>\n\t<meta name=\"twitter:label2\" content=\"Dur\u00e9e de lecture estim\u00e9e\" \/>\n\t<meta name=\"twitter:data2\" content=\"3 minutes\" \/>\n<script type=\"application\/ld+json\" class=\"yoast-schema-graph\">{\"@context\":\"https:\/\/schema.org\",\"@graph\":[{\"@type\":\"Article\",\"@id\":\"https:\/\/7culture.ci\/index.php\/2022\/08\/24\/bagarre-entre-tenor-et-eunice-zunon-que-sest-il-reellement-passe\/#article\",\"isPartOf\":{\"@id\":\"https:\/\/7culture.ci\/index.php\/2022\/08\/24\/bagarre-entre-tenor-et-eunice-zunon-que-sest-il-reellement-passe\/\"},\"author\":{\"name\":\"7culture2020\",\"@id\":\"https:\/\/7culture.ci\/#\/schema\/person\/16150d28d7ef66ba788c1f87f28c4426\"},\"headline\":\"Bagarre entre T\u00e9nor et Eunice Zunon\u00a0: que s\u2019est-il r\u00e9ellement pass\u00e9\u00a0?\",\"datePublished\":\"2022-08-24T11:20:41+00:00\",\"dateModified\":\"2022-08-24T16:05:28+00:00\",\"mainEntityOfPage\":{\"@id\":\"https:\/\/7culture.ci\/index.php\/2022\/08\/24\/bagarre-entre-tenor-et-eunice-zunon-que-sest-il-reellement-passe\/\"},\"wordCount\":269,\"commentCount\":0,\"publisher\":{\"@id\":\"https:\/\/7culture.ci\/#organization\"},\"articleSection\":[\"Actualit\u00e9\"],\"inLanguage\":\"fr-FR\",\"potentialAction\":[{\"@type\":\"CommentAction\",\"name\":\"Comment\",\"target\":[\"https:\/\/7culture.ci\/index.php\/2022\/08\/24\/bagarre-entre-tenor-et-eunice-zunon-que-sest-il-reellement-passe\/#respond\"]}]},{\"@type\":\"WebPage\",\"@id\":\"https:\/\/7culture.ci\/index.php\/2022\/08\/24\/bagarre-entre-tenor-et-eunice-zunon-que-sest-il-reellement-passe\/\",\"url\":\"https:\/\/7culture.ci\/index.php\/2022\/08\/24\/bagarre-entre-tenor-et-eunice-zunon-que-sest-il-reellement-passe\/\",\"name\":\"Bagarre entre T\u00e9nor et Eunice Zunon\u00a0: que s\u2019est-il r\u00e9ellement pass\u00e9\u00a0? - 7culture\",\"isPartOf\":{\"@id\":\"https:\/\/7culture.ci\/#website\"},\"datePublished\":\"2022-08-24T11:20:41+00:00\",\"dateModified\":\"2022-08-24T16:05:28+00:00\",\"breadcrumb\":{\"@id\":\"https:\/\/7culture.ci\/index.php\/2022\/08\/24\/bagarre-entre-tenor-et-eunice-zunon-que-sest-il-reellement-passe\/#breadcrumb\"},\"inLanguage\":\"fr-FR\",\"potentialAction\":[{\"@type\":\"ReadAction\",\"target\":[\"https:\/\/7culture.ci\/index.php\/2022\/08\/24\/bagarre-entre-tenor-et-eunice-zunon-que-sest-il-reellement-passe\/\"]}]},{\"@type\":\"BreadcrumbList\",\"@id\":\"https:\/\/7culture.ci\/index.php\/2022\/08\/24\/bagarre-entre-tenor-et-eunice-zunon-que-sest-il-reellement-passe\/#breadcrumb\",\"itemListElement\":[{\"@type\":\"ListItem\",\"position\":1,\"name\":\"Accueil\",\"item\":\"https:\/\/7culture.ci\/\"},{\"@type\":\"ListItem\",\"position\":2,\"name\":\"Bagarre entre T\u00e9nor et Eunice Zunon\u00a0: que s\u2019est-il r\u00e9ellement pass\u00e9\u00a0?\"}]},{\"@type\":\"WebSite\",\"@id\":\"https:\/\/7culture.ci\/#website\",\"url\":\"https:\/\/7culture.ci\/\",\"name\":\"7culture\",\"description\":\"Tout sur l&#039;actualit\u00e9\",\"publisher\":{\"@id\":\"https:\/\/7culture.ci\/#organization\"},\"potentialAction\":[{\"@type\":\"SearchAction\",\"target\":{\"@type\":\"EntryPoint\",\"urlTemplate\":\"https:\/\/7culture.ci\/?s={search_term_string}\"},\"query-input\":\"required name=search_term_string\"}],\"inLanguage\":\"fr-FR\"},{\"@type\":\"Organization\",\"@id\":\"https:\/\/7culture.ci\/#organization\",\"name\":\"7culture\",\"url\":\"https:\/\/7culture.ci\/\",\"sameAs\":[\"https:\/\/www.facebook.com\/redchefclaude\",\"https:\/\/twitter.com\/7culturec\"],\"logo\":{\"@type\":\"ImageObject\",\"inLanguage\":\"fr-FR\",\"@id\":\"https:\/\/7culture.ci\/#\/schema\/logo\/image\/\",\"url\":\"https:\/\/7culture.ci\/wp-content\/uploads\/2021\/12\/S1a-1.png\",\"contentUrl\":\"https:\/\/7culture.ci\/wp-content\/uploads\/2021\/12\/S1a-1.png\",\"width\":588,\"height\":192,\"caption\":\"7culture\"},\"image\":{\"@id\":\"https:\/\/7culture.ci\/#\/schema\/logo\/image\/\"}},{\"@type\":\"Person\",\"@id\":\"https:\/\/7culture.ci\/#\/schema\/person\/16150d28d7ef66ba788c1f87f28c4426\",\"name\":\"7culture2020\",\"image\":{\"@type\":\"ImageObject\",\"inLanguage\":\"fr-FR\",\"@id\":\"https:\/\/7culture.ci\/#\/schema\/person\/image\/\",\"url\":\"https:\/\/secure.gravatar.com\/avatar\/9a0784f951306c37bcd065f52844ef95?s=96&d=mm&r=g\",\"contentUrl\":\"https:\/\/secure.gravatar.com\/avatar\/9a0784f951306c37bcd065f52844ef95?s=96&d=mm&r=g\",\"caption\":\"7culture2020\"},\"sameAs\":[\"http:\/\/7culture.ci\",\"Claude.kipre\"],\"url\":\"https:\/\/7culture.ci\/index.php\/author\/7culture2020\/\"}]}<\/script>\n<!-- \/ Yoast SEO plugin. -->","yoast_head_json":{"title":"Bagarre entre T\u00e9nor et Eunice Zunon\u00a0: que s\u2019est-il r\u00e9ellement pass\u00e9\u00a0? - 7culture","robots":{"index":"index","follow":"follow","max-snippet":"max-snippet:-1","max-image-preview":"max-image-preview:large","max-video-preview":"max-video-preview:-1"},"canonical":"https:\/\/7culture.ci\/index.php\/2022\/08\/24\/bagarre-entre-tenor-et-eunice-zunon-que-sest-il-reellement-passe\/","og_locale":"fr_FR","og_type":"article","og_title":"Bagarre entre T\u00e9nor et Eunice Zunon\u00a0: que s\u2019est-il r\u00e9ellement pass\u00e9\u00a0? - 7culture","og_description":"L\u2019idylle entre le rappeur camerounais, T\u00e9nor, et l\u2019humoriste ivoirienne, Eunice Zunon, semble ne plus exister. Dans une vid\u00e9o qui circule sur la toile depuis le mardi 23 ao\u00fbt 2022, on aper\u00e7oit le couple en train de se battre. Willy M\u2019ba, un proche du jeune rappeur, raconte ce qui s\u2019est r\u00e9ellement pass\u00e9 ce jour-l\u00e0. \u00ab Cette &hellip; Bagarre entre T\u00e9nor et Eunice Zunon\u00a0: que s\u2019est-il r\u00e9ellement pass\u00e9\u00a0? Lire la suite\u00a0\u00bb","og_url":"https:\/\/7culture.ci\/index.php\/2022\/08\/24\/bagarre-entre-tenor-et-eunice-zunon-que-sest-il-reellement-passe\/","og_site_name":"7culture","article_publisher":"https:\/\/www.facebook.com\/redchefclaude","article_published_time":"2022-08-24T11:20:41+00:00","article_modified_time":"2022-08-24T16:05:28+00:00","og_image":[{"width":720,"height":540,"url":"http:\/\/7culture.ci\/wp-content\/uploads\/2022\/08\/WhatsApp-Image-2022-08-24-at-11.07.12.jpeg","type":"image\/jpeg"}],"author":"7culture2020","twitter_card":"summary_large_image","twitter_creator":"@7culturec","twitter_site":"@7culturec","twitter_misc":{"\u00c9crit par":"7culture2020","Dur\u00e9e de lecture estim\u00e9e":"3 minutes"},"schema":{"@context":"https:\/\/schema.org","@graph":[{"@type":"Article","@id":"https:\/\/7culture.ci\/index.php\/2022\/08\/24\/bagarre-entre-tenor-et-eunice-zunon-que-sest-il-reellement-passe\/#article","isPartOf":{"@id":"https:\/\/7culture.ci\/index.php\/2022\/08\/24\/bagarre-entre-tenor-et-eunice-zunon-que-sest-il-reellement-passe\/"},"author":{"name":"7culture2020","@id":"https:\/\/7culture.ci\/#\/schema\/person\/16150d28d7ef66ba788c1f87f28c4426"},"headline":"Bagarre entre T\u00e9nor et Eunice Zunon\u00a0: que s\u2019est-il r\u00e9ellement pass\u00e9\u00a0?","datePublished":"2022-08-24T11:20:41+00:00","dateModified":"2022-08-24T16:05:28+00:00","mainEntityOfPage":{"@id":"https:\/\/7culture.ci\/index.php\/2022\/08\/24\/bagarre-entre-tenor-et-eunice-zunon-que-sest-il-reellement-passe\/"},"wordCount":269,"commentCount":0,"publisher":{"@id":"https:\/\/7culture.ci\/#organization"},"articleSection":["Actualit\u00e9"],"inLanguage":"fr-FR","potentialAction":[{"@type":"CommentAction","name":"Comment","target":["https:\/\/7culture.ci\/index.php\/2022\/08\/24\/bagarre-entre-tenor-et-eunice-zunon-que-sest-il-reellement-passe\/#respond"]}]},{"@type":"WebPage","@id":"https:\/\/7culture.ci\/index.php\/2022\/08\/24\/bagarre-entre-tenor-et-eunice-zunon-que-sest-il-reellement-passe\/","url":"https:\/\/7culture.ci\/index.php\/2022\/08\/24\/bagarre-entre-tenor-et-eunice-zunon-que-sest-il-reellement-passe\/","name":"Bagarre entre T\u00e9nor et Eunice Zunon\u00a0: que s\u2019est-il r\u00e9ellement pass\u00e9\u00a0? - 7culture","isPartOf":{"@id":"https:\/\/7culture.ci\/#website"},"datePublished":"2022-08-24T11:20:41+00:00","dateModified":"2022-08-24T16:05:28+00:00","breadcrumb":{"@id":"https:\/\/7culture.ci\/index.php\/2022\/08\/24\/bagarre-entre-tenor-et-eunice-zunon-que-sest-il-reellement-passe\/#breadcrumb"},"inLanguage":"fr-FR","potentialAction":[{"@type":"ReadAction","target":["https:\/\/7culture.ci\/index.php\/2022\/08\/24\/bagarre-entre-tenor-et-eunice-zunon-que-sest-il-reellement-passe\/"]}]},{"@type":"BreadcrumbList","@id":"https:\/\/7culture.ci\/index.php\/2022\/08\/24\/bagarre-entre-tenor-et-eunice-zunon-que-sest-il-reellement-passe\/#breadcrumb","itemListElement":[{"@type":"ListItem","position":1,"name":"Accueil","item":"https:\/\/7culture.ci\/"},{"@type":"ListItem","position":2,"name":"Bagarre entre T\u00e9nor et Eunice Zunon\u00a0: que s\u2019est-il r\u00e9ellement pass\u00e9\u00a0?"}]},{"@type":"WebSite","@id":"https:\/\/7culture.ci\/#website","url":"https:\/\/7culture.ci\/","name":"7culture","description":"Tout sur l&#039;actualit\u00e9","publisher":{"@id":"https:\/\/7culture.ci\/#organization"},"potentialAction":[{"@type":"SearchAction","target":{"@type":"EntryPoint","urlTemplate":"https:\/\/7culture.ci\/?s={search_term_string}"},"query-input":"required name=search_term_string"}],"inLanguage":"fr-FR"},{"@type":"Organization","@id":"https:\/\/7culture.ci\/#organization","name":"7culture","url":"https:\/\/7culture.ci\/","sameAs":["https:\/\/www.facebook.com\/redchefclaude","https:\/\/twitter.com\/7culturec"],"logo":{"@type":"ImageObject","inLanguage":"fr-FR","@id":"https:\/\/7culture.ci\/#\/schema\/logo\/image\/","url":"https:\/\/7culture.ci\/wp-content\/uploads\/2021\/12\/S1a-1.png","contentUrl":"https:\/\/7culture.ci\/wp-content\/uploads\/2021\/12\/S1a-1.png","width":588,"height":192,"caption":"7culture"},"image":{"@id":"https:\/\/7culture.ci\/#\/schema\/logo\/image\/"}},{"@type":"Person","@id":"https:\/\/7culture.ci\/#\/schema\/person\/16150d28d7ef66ba788c1f87f28c4426","name":"7culture2020","image":{"@type":"ImageObject","inLanguage":"fr-FR","@id":"https:\/\/7culture.ci\/#\/schema\/person\/image\/","url":"https:\/\/secure.gravatar.com\/avatar\/9a0784f951306c37bcd065f52844ef95?s=96&d=mm&r=g","contentUrl":"https:\/\/secure.gravatar.com\/avatar\/9a0784f951306c37bcd065f52844ef95?s=96&d=mm&r=g","caption":"7culture2020"},"sameAs":["http:\/\/7culture.ci","Claude.kipre"],"url":"https:\/\/7culture.ci\/index.php\/author\/7culture2020\/"}]}},"jetpack_featured_media_url":"https:\/\/7culture.ci\/wp-content\/uploads\/2022\/08\/WhatsApp-Image-2022-08-24-at-11.07.12.jpeg","jetpack_likes_enabled":true,"jetpack_sharing_enabled":true,"_links":{"self":[{"href":"https:\/\/7culture.ci\/index.php\/wp-json\/wp\/v2\/posts\/23466"}],"collection":[{"href":"https:\/\/7culture.ci\/index.php\/wp-json\/wp\/v2\/posts"}],"about":[{"href":"https:\/\/7culture.ci\/index.php\/wp-json\/wp\/v2\/types\/post"}],"author":[{"embeddable":true,"href":"https:\/\/7culture.ci\/index.php\/wp-json\/wp\/v2\/users\/1"}],"replies":[{"embeddable":true,"href":"https:\/\/7culture.ci\/index.php\/wp-json\/wp\/v2\/comments?post=23466"}],"version-history":[{"count":0,"href":"https:\/\/7culture.ci\/index.php\/wp-json\/wp\/v2\/posts\/23466\/revisions"}],"wp:featuredmedia":[{"embeddable":true,"href":"https:\/\/7culture.ci\/index.php\/wp-json\/wp\/v2\/media\/23467"}],"wp:attachment":[{"href":"https:\/\/7culture.ci\/index.php\/wp-json\/wp\/v2\/media?parent=23466"}],"wp:term":[{"taxonomy":"category","embeddable":true,"href":"https:\/\/7culture.ci\/index.php\/wp-json\/wp\/v2\/categories?post=23466"},{"taxonomy":"post_tag","embeddable":true,"href":"https:\/\/7culture.ci\/index.php\/wp-json\/wp\/v2\/tags?post=23466"}],"curies":[{"name":"wp","href":"https:\/\/api.w.org\/{rel}","templated":true}]}}