{"id":23427,"date":"2022-08-22T11:04:59","date_gmt":"2022-08-22T11:04:59","guid":{"rendered":"https:\/\/7culture.ci\/?p=23427"},"modified":"2022-08-23T10:18:28","modified_gmt":"2022-08-23T10:18:28","slug":"meiway-offre-deux-concerts-pour-son-60e-anniversaire","status":"publish","type":"post","link":"https:\/\/7culture.ci\/index.php\/2022\/08\/22\/meiway-offre-deux-concerts-pour-son-60e-anniversaire\/","title":{"rendered":"Meiway offre deux concerts pour son 60e anniversaire"},"content":{"rendered":"\n<p>Depuis le 17 mars dernier, Fr\u00e9d\u00e9ric D\u00e9sir\u00e9 Patrice Ehui alias Meiway a 60 ans. 2022 est donc une ann\u00e9e charni\u00e8re dans la vie du grand chanteur ivoirien. Pour lui, ce sera un an de c\u00e9l\u00e9brations. \u00c7a a d\u00e9j\u00e0 d\u00e9marr\u00e9 le 17 mars dernier \u00e0 Paris o\u00f9 Meiway avait f\u00eat\u00e9 son anniversaire au cours d\u2019un concert. \u00ab&nbsp;<strong><em>Avoir 60 ans aujourd\u2019hui, ce n\u2019est pas donn\u00e9 \u00e0 tout le monde. Quand on a 60 ans de nos jours, on est certainement, pour un croyant, un enfant b\u00e9ni. On l\u2019a d\u00e9j\u00e0 f\u00eat\u00e9 \u00e0 Paris. Mais c\u2019est quand m\u00eame cette C\u00f4te d&#8217;Ivoire qui m&#8217;a tout donn\u00e9, qui m&#8217;a donn\u00e9 l&#8217;amour pour ce m\u00e9tier que j&#8217;exerce et qui m&#8217;a m\u00eame inspir\u00e9 ce zoblazo que je d\u00e9fends depuis le d\u00e9but de ma carri\u00e8re, il y a plus de 30 ans<\/em><\/strong>&nbsp;\u00bb, a reconnu Meiway avant de poursuivre&nbsp;: \u00ab&nbsp;<strong><em>C\u2019est donc au tour de mon pays de me recevoir. Je vais f\u00eater cet anniversaire avec mes fans d\u2019Abidjan le 8 octobre et ceux de San Pedro, une semaine apr\u00e8s. Mais ce ne sera pas tout. Il y aura d\u2019autres c\u00e9l\u00e9brations&nbsp;<\/em><\/strong>\u00bb.<\/p>\n\n\n\n<figure class=\"wp-block-image size-large is-resized\"><img loading=\"lazy\" decoding=\"async\" src=\"https:\/\/7culture.ci\/wp-content\/uploads\/2022\/08\/WhatsApp-Image-2022-08-21-at-11.47.17-1-1-1024x683.jpeg\" alt=\"\" class=\"wp-image-23430\" width=\"622\" height=\"415\" srcset=\"https:\/\/7culture.ci\/wp-content\/uploads\/2022\/08\/WhatsApp-Image-2022-08-21-at-11.47.17-1-1-1024x683.jpeg 1024w, https:\/\/7culture.ci\/wp-content\/uploads\/2022\/08\/WhatsApp-Image-2022-08-21-at-11.47.17-1-1-300x200.jpeg 300w, https:\/\/7culture.ci\/wp-content\/uploads\/2022\/08\/WhatsApp-Image-2022-08-21-at-11.47.17-1-1-768x512.jpeg 768w, https:\/\/7culture.ci\/wp-content\/uploads\/2022\/08\/WhatsApp-Image-2022-08-21-at-11.47.17-1-1.jpeg 1080w\" sizes=\"(max-width: 622px) 100vw, 622px\" \/><\/figure>\n\n\n\n<p>Le promoteur du Zoblazo a fait cette annonce au cours d\u2019une conf\u00e9rence de presse le vendredi 19 ao\u00fbt dernier \u00e0 Cocody-Angr\u00e9 dans les locaux de la soci\u00e9t\u00e9 immobili\u00e8re Ivoire Mondiale Construction (IMC), partenaire de ces \u00e9v\u00e8nements. Les deux concerts du professeur Aw\u00f4l\u00f4w\u00f4 se d\u00e9rouleront effectivement le 8 octobre \u00e0 la salle Lougah-Dj\u00e9dj\u00e9 du Palais de la culture d\u2019Abidjan-Treichville et le 15 octobre \u00e0 San Pedro. Ils sont organis\u00e9s par la structure Enfant B\u00e9ni Production qui a d\u00e9j\u00e0 pilot\u00e9 plusieurs \u00e9v\u00e8nements comme les 30 ans d\u2019Omega David ou le retour d\u2019Isma\u00ebl Isaac.<\/p>\n\n\n\n<p>En plus du show comme l\u2019artiste sexag\u00e9naire sait le faire, cette c\u00e9l\u00e9bration permettra \u00e0 un fan d\u2019avoir un terrain de 500m2 offert par l\u2019organisation et son partenaire Ivoire Mondiale Construction \u00e0 Yamoussoukro. Pour remporter le lot, le fan doit r\u00e9pondre par SMS au 98112 \u00e0 la question : oui ou non, Meiway est-il n\u00e9 le 17 mars 1962? Le jeu d\u00e9marre \u00e0 partir du 1er septembre 2022 &nbsp;et prend 31 septembre 2022. \u00ab&nbsp;<strong><em>La C\u00f4te d\u2019Ivoire est un pays symbole en Afrique de l\u2019ouest. Nous sommes un pays exemple. Chaque Ivoirien aspire \u00e0 avoir un toit. C\u2019est donc une bonne id\u00e9e de permettre \u00e0 un de mes fans d\u2019avoir un terrain<\/em><\/strong>&nbsp;\u00bb, s\u2019est r\u00e9joui le G\u00e9nie de Kpal\u00e8zo.<\/p>\n\n\n\n<div class=\"wp-block-image\"><figure class=\"aligncenter size-large is-resized\"><img loading=\"lazy\" decoding=\"async\" src=\"https:\/\/7culture.ci\/wp-content\/uploads\/2022\/08\/WhatsApp-Image-2022-08-21-at-11.47.18-1024x683.jpeg\" alt=\"\" class=\"wp-image-23431\" width=\"635\" height=\"423\" srcset=\"https:\/\/7culture.ci\/wp-content\/uploads\/2022\/08\/WhatsApp-Image-2022-08-21-at-11.47.18-1024x683.jpeg 1024w, https:\/\/7culture.ci\/wp-content\/uploads\/2022\/08\/WhatsApp-Image-2022-08-21-at-11.47.18-300x200.jpeg 300w, https:\/\/7culture.ci\/wp-content\/uploads\/2022\/08\/WhatsApp-Image-2022-08-21-at-11.47.18-768x512.jpeg 768w, https:\/\/7culture.ci\/wp-content\/uploads\/2022\/08\/WhatsApp-Image-2022-08-21-at-11.47.18.jpeg 1080w\" sizes=\"(max-width: 635px) 100vw, 635px\" \/><\/figure><\/div>\n\n\n\n<p>Avant les dates annonc\u00e9es et apr\u00e8s 33 ans de carri\u00e8re, Meiway se montre reconnaissant \u00e0 son pays natal. \u00ab&nbsp;<strong><em>C\u2019est toute la C\u00f4te d\u2019Ivoire qui m\u2019a port\u00e9 jusqu\u2019\u00e0 aujourd\u2019hui. Je me dois de d\u00e9fendre ses couleurs ou besoin sera&nbsp;<\/em><\/strong>\u00bb, a soutenu l\u2019auteur du tube \u2018\u2019God\u00e9ba\u2019\u2019. Qui promet un spectacle \u00e9poustouflant d\u2019au moins deux temps d\u2019horloge.<\/p>\n\n\n\n<p>Par Omar AK<\/p>\n","protected":false},"excerpt":{"rendered":"<p>Depuis le 17 mars dernier, Fr\u00e9d\u00e9ric D\u00e9sir\u00e9 Patrice Ehui alias Meiway a 60 ans. 2022 est donc une ann\u00e9e charni\u00e8re dans la vie du grand chanteur ivoirien. Pour lui, ce sera un an de c\u00e9l\u00e9brations. \u00c7a a d\u00e9j\u00e0 d\u00e9marr\u00e9 le 17 mars dernier \u00e0 Paris o\u00f9 Meiway avait f\u00eat\u00e9 son anniversaire au cours d\u2019un concert. &hellip;<\/p>\n<p class=\"read-more\"> <a class=\"\" href=\"https:\/\/7culture.ci\/index.php\/2022\/08\/22\/meiway-offre-deux-concerts-pour-son-60e-anniversaire\/\"> <span class=\"screen-reader-text\">Meiway offre deux concerts pour son 60e anniversaire<\/span> Lire la suite\u00a0\u00bb<\/a><\/p>\n","protected":false},"author":1,"featured_media":23428,"comment_status":"open","ping_status":"open","sticky":false,"template":"","format":"standard","meta":{"_mi_skip_tracking":false,"_monsterinsights_sitenote_active":false,"_monsterinsights_sitenote_note":"","_monsterinsights_sitenote_category":0,"site-sidebar-layout":"default","site-content-layout":"default","ast-global-header-display":"","ast-main-header-display":"","ast-hfb-above-header-display":"","ast-hfb-below-header-display":"","ast-hfb-mobile-header-display":"","site-post-title":"","ast-breadcrumbs-content":"","ast-featured-img":"","footer-sml-layout":"","theme-transparent-header-meta":"","adv-header-id-meta":"","stick-header-meta":"","header-above-stick-meta":"","header-main-stick-meta":"","header-below-stick-meta":"","footnotes":"","jetpack_publicize_message":"","jetpack_is_tweetstorm":false,"jetpack_publicize_feature_enabled":true},"categories":[16],"tags":[],"jetpack_publicize_connections":[],"acf":[],"aioseo_notices":[],"yoast_head":"<!-- This site is optimized with the Yoast SEO plugin v19.6.1 - https:\/\/yoast.com\/wordpress\/plugins\/seo\/ -->\n<title>Meiway offre deux concerts pour son 60e anniversaire -<\/title>\n<meta name=\"robots\" content=\"index, follow, max-snippet:-1, max-image-preview:large, max-video-preview:-1\" \/>\n<link rel=\"canonical\" href=\"https:\/\/7culture.ci\/index.php\/2022\/08\/22\/meiway-offre-deux-concerts-pour-son-60e-anniversaire\/\" \/>\n<meta property=\"og:locale\" content=\"fr_FR\" \/>\n<meta property=\"og:type\" content=\"article\" \/>\n<meta property=\"og:title\" content=\"Meiway offre deux concerts pour son 60e anniversaire -\" \/>\n<meta property=\"og:description\" content=\"Depuis le 17 mars dernier, Fr\u00e9d\u00e9ric D\u00e9sir\u00e9 Patrice Ehui alias Meiway a 60 ans. 2022 est donc une ann\u00e9e charni\u00e8re dans la vie du grand chanteur ivoirien. Pour lui, ce sera un an de c\u00e9l\u00e9brations. \u00c7a a d\u00e9j\u00e0 d\u00e9marr\u00e9 le 17 mars dernier \u00e0 Paris o\u00f9 Meiway avait f\u00eat\u00e9 son anniversaire au cours d\u2019un concert. &hellip; Meiway offre deux concerts pour son 60e anniversaire Lire la suite\u00a0\u00bb\" \/>\n<meta property=\"og:url\" content=\"https:\/\/7culture.ci\/index.php\/2022\/08\/22\/meiway-offre-deux-concerts-pour-son-60e-anniversaire\/\" \/>\n<meta property=\"og:site_name\" content=\"7culture\" \/>\n<meta property=\"article:publisher\" content=\"https:\/\/www.facebook.com\/redchefclaude\" \/>\n<meta property=\"article:published_time\" content=\"2022-08-22T11:04:59+00:00\" \/>\n<meta property=\"article:modified_time\" content=\"2022-08-23T10:18:28+00:00\" \/>\n<meta property=\"og:image\" content=\"http:\/\/7culture.ci\/wp-content\/uploads\/2022\/08\/WhatsApp-Image-2022-08-21-at-11.47.16.jpeg\" \/>\n\t<meta property=\"og:image:width\" content=\"1080\" \/>\n\t<meta property=\"og:image:height\" content=\"720\" \/>\n\t<meta property=\"og:image:type\" content=\"image\/jpeg\" \/>\n<meta name=\"author\" content=\"7culture2020\" \/>\n<meta name=\"twitter:card\" content=\"summary_large_image\" \/>\n<meta name=\"twitter:creator\" content=\"@7culturec\" \/>\n<meta name=\"twitter:site\" content=\"@7culturec\" \/>\n<meta name=\"twitter:label1\" content=\"\u00c9crit par\" \/>\n\t<meta name=\"twitter:data1\" content=\"7culture2020\" \/>\n\t<meta name=\"twitter:label2\" content=\"Dur\u00e9e de lecture estim\u00e9e\" \/>\n\t<meta name=\"twitter:data2\" content=\"3 minutes\" \/>\n<script type=\"application\/ld+json\" class=\"yoast-schema-graph\">{\"@context\":\"https:\/\/schema.org\",\"@graph\":[{\"@type\":\"Article\",\"@id\":\"https:\/\/7culture.ci\/index.php\/2022\/08\/22\/meiway-offre-deux-concerts-pour-son-60e-anniversaire\/#article\",\"isPartOf\":{\"@id\":\"https:\/\/7culture.ci\/index.php\/2022\/08\/22\/meiway-offre-deux-concerts-pour-son-60e-anniversaire\/\"},\"author\":{\"name\":\"7culture2020\",\"@id\":\"https:\/\/7culture.ci\/#\/schema\/person\/16150d28d7ef66ba788c1f87f28c4426\"},\"headline\":\"Meiway offre deux concerts pour son 60e anniversaire\",\"datePublished\":\"2022-08-22T11:04:59+00:00\",\"dateModified\":\"2022-08-23T10:18:28+00:00\",\"mainEntityOfPage\":{\"@id\":\"https:\/\/7culture.ci\/index.php\/2022\/08\/22\/meiway-offre-deux-concerts-pour-son-60e-anniversaire\/\"},\"wordCount\":510,\"commentCount\":0,\"publisher\":{\"@id\":\"https:\/\/7culture.ci\/#organization\"},\"articleSection\":[\"Musique\"],\"inLanguage\":\"fr-FR\",\"potentialAction\":[{\"@type\":\"CommentAction\",\"name\":\"Comment\",\"target\":[\"https:\/\/7culture.ci\/index.php\/2022\/08\/22\/meiway-offre-deux-concerts-pour-son-60e-anniversaire\/#respond\"]}]},{\"@type\":\"WebPage\",\"@id\":\"https:\/\/7culture.ci\/index.php\/2022\/08\/22\/meiway-offre-deux-concerts-pour-son-60e-anniversaire\/\",\"url\":\"https:\/\/7culture.ci\/index.php\/2022\/08\/22\/meiway-offre-deux-concerts-pour-son-60e-anniversaire\/\",\"name\":\"Meiway offre deux concerts pour son 60e anniversaire -\",\"isPartOf\":{\"@id\":\"https:\/\/7culture.ci\/#website\"},\"datePublished\":\"2022-08-22T11:04:59+00:00\",\"dateModified\":\"2022-08-23T10:18:28+00:00\",\"breadcrumb\":{\"@id\":\"https:\/\/7culture.ci\/index.php\/2022\/08\/22\/meiway-offre-deux-concerts-pour-son-60e-anniversaire\/#breadcrumb\"},\"inLanguage\":\"fr-FR\",\"potentialAction\":[{\"@type\":\"ReadAction\",\"target\":[\"https:\/\/7culture.ci\/index.php\/2022\/08\/22\/meiway-offre-deux-concerts-pour-son-60e-anniversaire\/\"]}]},{\"@type\":\"BreadcrumbList\",\"@id\":\"https:\/\/7culture.ci\/index.php\/2022\/08\/22\/meiway-offre-deux-concerts-pour-son-60e-anniversaire\/#breadcrumb\",\"itemListElement\":[{\"@type\":\"ListItem\",\"position\":1,\"name\":\"Accueil\",\"item\":\"https:\/\/7culture.ci\/\"},{\"@type\":\"ListItem\",\"position\":2,\"name\":\"Meiway offre deux concerts pour son 60e anniversaire\"}]},{\"@type\":\"WebSite\",\"@id\":\"https:\/\/7culture.ci\/#website\",\"url\":\"https:\/\/7culture.ci\/\",\"name\":\"7culture\",\"description\":\"Tout sur l&#039;actualit\u00e9\",\"publisher\":{\"@id\":\"https:\/\/7culture.ci\/#organization\"},\"potentialAction\":[{\"@type\":\"SearchAction\",\"target\":{\"@type\":\"EntryPoint\",\"urlTemplate\":\"https:\/\/7culture.ci\/?s={search_term_string}\"},\"query-input\":\"required name=search_term_string\"}],\"inLanguage\":\"fr-FR\"},{\"@type\":\"Organization\",\"@id\":\"https:\/\/7culture.ci\/#organization\",\"name\":\"7culture\",\"url\":\"https:\/\/7culture.ci\/\",\"sameAs\":[\"https:\/\/www.facebook.com\/redchefclaude\",\"https:\/\/twitter.com\/7culturec\"],\"logo\":{\"@type\":\"ImageObject\",\"inLanguage\":\"fr-FR\",\"@id\":\"https:\/\/7culture.ci\/#\/schema\/logo\/image\/\",\"url\":\"https:\/\/7culture.ci\/wp-content\/uploads\/2021\/12\/S1a-1.png\",\"contentUrl\":\"https:\/\/7culture.ci\/wp-content\/uploads\/2021\/12\/S1a-1.png\",\"width\":588,\"height\":192,\"caption\":\"7culture\"},\"image\":{\"@id\":\"https:\/\/7culture.ci\/#\/schema\/logo\/image\/\"}},{\"@type\":\"Person\",\"@id\":\"https:\/\/7culture.ci\/#\/schema\/person\/16150d28d7ef66ba788c1f87f28c4426\",\"name\":\"7culture2020\",\"image\":{\"@type\":\"ImageObject\",\"inLanguage\":\"fr-FR\",\"@id\":\"https:\/\/7culture.ci\/#\/schema\/person\/image\/\",\"url\":\"https:\/\/secure.gravatar.com\/avatar\/9a0784f951306c37bcd065f52844ef95?s=96&d=mm&r=g\",\"contentUrl\":\"https:\/\/secure.gravatar.com\/avatar\/9a0784f951306c37bcd065f52844ef95?s=96&d=mm&r=g\",\"caption\":\"7culture2020\"},\"sameAs\":[\"http:\/\/7culture.ci\",\"Claude.kipre\"],\"url\":\"https:\/\/7culture.ci\/index.php\/author\/7culture2020\/\"}]}<\/script>\n<!-- \/ Yoast SEO plugin. -->","yoast_head_json":{"title":"Meiway offre deux concerts pour son 60e anniversaire -","robots":{"index":"index","follow":"follow","max-snippet":"max-snippet:-1","max-image-preview":"max-image-preview:large","max-video-preview":"max-video-preview:-1"},"canonical":"https:\/\/7culture.ci\/index.php\/2022\/08\/22\/meiway-offre-deux-concerts-pour-son-60e-anniversaire\/","og_locale":"fr_FR","og_type":"article","og_title":"Meiway offre deux concerts pour son 60e anniversaire -","og_description":"Depuis le 17 mars dernier, Fr\u00e9d\u00e9ric D\u00e9sir\u00e9 Patrice Ehui alias Meiway a 60 ans. 2022 est donc une ann\u00e9e charni\u00e8re dans la vie du grand chanteur ivoirien. Pour lui, ce sera un an de c\u00e9l\u00e9brations. \u00c7a a d\u00e9j\u00e0 d\u00e9marr\u00e9 le 17 mars dernier \u00e0 Paris o\u00f9 Meiway avait f\u00eat\u00e9 son anniversaire au cours d\u2019un concert. &hellip; Meiway offre deux concerts pour son 60e anniversaire Lire la suite\u00a0\u00bb","og_url":"https:\/\/7culture.ci\/index.php\/2022\/08\/22\/meiway-offre-deux-concerts-pour-son-60e-anniversaire\/","og_site_name":"7culture","article_publisher":"https:\/\/www.facebook.com\/redchefclaude","article_published_time":"2022-08-22T11:04:59+00:00","article_modified_time":"2022-08-23T10:18:28+00:00","og_image":[{"width":1080,"height":720,"url":"http:\/\/7culture.ci\/wp-content\/uploads\/2022\/08\/WhatsApp-Image-2022-08-21-at-11.47.16.jpeg","type":"image\/jpeg"}],"author":"7culture2020","twitter_card":"summary_large_image","twitter_creator":"@7culturec","twitter_site":"@7culturec","twitter_misc":{"\u00c9crit par":"7culture2020","Dur\u00e9e de lecture estim\u00e9e":"3 minutes"},"schema":{"@context":"https:\/\/schema.org","@graph":[{"@type":"Article","@id":"https:\/\/7culture.ci\/index.php\/2022\/08\/22\/meiway-offre-deux-concerts-pour-son-60e-anniversaire\/#article","isPartOf":{"@id":"https:\/\/7culture.ci\/index.php\/2022\/08\/22\/meiway-offre-deux-concerts-pour-son-60e-anniversaire\/"},"author":{"name":"7culture2020","@id":"https:\/\/7culture.ci\/#\/schema\/person\/16150d28d7ef66ba788c1f87f28c4426"},"headline":"Meiway offre deux concerts pour son 60e anniversaire","datePublished":"2022-08-22T11:04:59+00:00","dateModified":"2022-08-23T10:18:28+00:00","mainEntityOfPage":{"@id":"https:\/\/7culture.ci\/index.php\/2022\/08\/22\/meiway-offre-deux-concerts-pour-son-60e-anniversaire\/"},"wordCount":510,"commentCount":0,"publisher":{"@id":"https:\/\/7culture.ci\/#organization"},"articleSection":["Musique"],"inLanguage":"fr-FR","potentialAction":[{"@type":"CommentAction","name":"Comment","target":["https:\/\/7culture.ci\/index.php\/2022\/08\/22\/meiway-offre-deux-concerts-pour-son-60e-anniversaire\/#respond"]}]},{"@type":"WebPage","@id":"https:\/\/7culture.ci\/index.php\/2022\/08\/22\/meiway-offre-deux-concerts-pour-son-60e-anniversaire\/","url":"https:\/\/7culture.ci\/index.php\/2022\/08\/22\/meiway-offre-deux-concerts-pour-son-60e-anniversaire\/","name":"Meiway offre deux concerts pour son 60e anniversaire -","isPartOf":{"@id":"https:\/\/7culture.ci\/#website"},"datePublished":"2022-08-22T11:04:59+00:00","dateModified":"2022-08-23T10:18:28+00:00","breadcrumb":{"@id":"https:\/\/7culture.ci\/index.php\/2022\/08\/22\/meiway-offre-deux-concerts-pour-son-60e-anniversaire\/#breadcrumb"},"inLanguage":"fr-FR","potentialAction":[{"@type":"ReadAction","target":["https:\/\/7culture.ci\/index.php\/2022\/08\/22\/meiway-offre-deux-concerts-pour-son-60e-anniversaire\/"]}]},{"@type":"BreadcrumbList","@id":"https:\/\/7culture.ci\/index.php\/2022\/08\/22\/meiway-offre-deux-concerts-pour-son-60e-anniversaire\/#breadcrumb","itemListElement":[{"@type":"ListItem","position":1,"name":"Accueil","item":"https:\/\/7culture.ci\/"},{"@type":"ListItem","position":2,"name":"Meiway offre deux concerts pour son 60e anniversaire"}]},{"@type":"WebSite","@id":"https:\/\/7culture.ci\/#website","url":"https:\/\/7culture.ci\/","name":"7culture","description":"Tout sur l&#039;actualit\u00e9","publisher":{"@id":"https:\/\/7culture.ci\/#organization"},"potentialAction":[{"@type":"SearchAction","target":{"@type":"EntryPoint","urlTemplate":"https:\/\/7culture.ci\/?s={search_term_string}"},"query-input":"required name=search_term_string"}],"inLanguage":"fr-FR"},{"@type":"Organization","@id":"https:\/\/7culture.ci\/#organization","name":"7culture","url":"https:\/\/7culture.ci\/","sameAs":["https:\/\/www.facebook.com\/redchefclaude","https:\/\/twitter.com\/7culturec"],"logo":{"@type":"ImageObject","inLanguage":"fr-FR","@id":"https:\/\/7culture.ci\/#\/schema\/logo\/image\/","url":"https:\/\/7culture.ci\/wp-content\/uploads\/2021\/12\/S1a-1.png","contentUrl":"https:\/\/7culture.ci\/wp-content\/uploads\/2021\/12\/S1a-1.png","width":588,"height":192,"caption":"7culture"},"image":{"@id":"https:\/\/7culture.ci\/#\/schema\/logo\/image\/"}},{"@type":"Person","@id":"https:\/\/7culture.ci\/#\/schema\/person\/16150d28d7ef66ba788c1f87f28c4426","name":"7culture2020","image":{"@type":"ImageObject","inLanguage":"fr-FR","@id":"https:\/\/7culture.ci\/#\/schema\/person\/image\/","url":"https:\/\/secure.gravatar.com\/avatar\/9a0784f951306c37bcd065f52844ef95?s=96&d=mm&r=g","contentUrl":"https:\/\/secure.gravatar.com\/avatar\/9a0784f951306c37bcd065f52844ef95?s=96&d=mm&r=g","caption":"7culture2020"},"sameAs":["http:\/\/7culture.ci","Claude.kipre"],"url":"https:\/\/7culture.ci\/index.php\/author\/7culture2020\/"}]}},"jetpack_featured_media_url":"https:\/\/7culture.ci\/wp-content\/uploads\/2022\/08\/WhatsApp-Image-2022-08-21-at-11.47.16.jpeg","jetpack_likes_enabled":true,"jetpack_sharing_enabled":true,"_links":{"self":[{"href":"https:\/\/7culture.ci\/index.php\/wp-json\/wp\/v2\/posts\/23427"}],"collection":[{"href":"https:\/\/7culture.ci\/index.php\/wp-json\/wp\/v2\/posts"}],"about":[{"href":"https:\/\/7culture.ci\/index.php\/wp-json\/wp\/v2\/types\/post"}],"author":[{"embeddable":true,"href":"https:\/\/7culture.ci\/index.php\/wp-json\/wp\/v2\/users\/1"}],"replies":[{"embeddable":true,"href":"https:\/\/7culture.ci\/index.php\/wp-json\/wp\/v2\/comments?post=23427"}],"version-history":[{"count":0,"href":"https:\/\/7culture.ci\/index.php\/wp-json\/wp\/v2\/posts\/23427\/revisions"}],"wp:featuredmedia":[{"embeddable":true,"href":"https:\/\/7culture.ci\/index.php\/wp-json\/wp\/v2\/media\/23428"}],"wp:attachment":[{"href":"https:\/\/7culture.ci\/index.php\/wp-json\/wp\/v2\/media?parent=23427"}],"wp:term":[{"taxonomy":"category","embeddable":true,"href":"https:\/\/7culture.ci\/index.php\/wp-json\/wp\/v2\/categories?post=23427"},{"taxonomy":"post_tag","embeddable":true,"href":"https:\/\/7culture.ci\/index.php\/wp-json\/wp\/v2\/tags?post=23427"}],"curies":[{"name":"wp","href":"https:\/\/api.w.org\/{rel}","templated":true}]}}